{"id":80390,"date":"2023-12-11T08:07:10","date_gmt":"2023-12-11T11:07:10","guid":{"rendered":"https:\/\/radiolifefm.com.br\/noticias\/?p=80390"},"modified":"2026-04-17T18:28:33","modified_gmt":"2026-04-17T21:28:33","slug":"a-arca-das-letras-2012-2013","status":"publish","type":"post","link":"https:\/\/radiolifefm.com.br\/noticias\/a-arca-das-letras-2012-2013\/","title":{"rendered":"A Arca das Letras 2012\/2013"},"content":{"rendered":"<div id=\"fb-root\"><\/div>\n<p>Era quase noite em uma sexta feira, que para mim, chama-se \u201cDia da Prepara\u00e7\u00e3o\u201d por conta da guarda do S\u00e1bado B\u00edblico.<\/p>\n<p>Encerrei minhas atividades as 17:30 em uma pequena r\u00e1dio, que funcionava em uma torre de madeira, na Vila de Ponta Negra sobre as estivas, as margens do Rio Par\u00e1 em Muan\u00e1, uma ilha do arquip\u00e9lago do Maraj\u00f3.<\/p>\n<p>Ali eu estava h\u00e1 alguns meses, trabalhando na coordena\u00e7\u00e3o de um Projeto Educacional, especificamente o \u201cMAIS EDUCA\u00c7\u00c3O\u201d, que alcan\u00e7ava aquela distante e esquecida vila; digo esquecida, por conta do descaso das autoridades eleitas por aquele povo, mas que na verdade, al\u00e9m do voto, nada tinham a ver com aquela gente!<\/p>\n<p>Durante o ano de 2013, estive trabalhando naquele pequeno povoado, que sobrevivia da venda de a\u00e7a\u00ed, durante a safra, e nos demais meses do ano, a pesca do peixe e do camar\u00e3o, garantia a sobreviv\u00eancia.<\/p>\n<p>A \u00fanica escola local, (E.E.E.F.M. Idelfonso Sozinho) abrigava as crian\u00e7as desde a alfabetiza\u00e7\u00e3o at\u00e9 o ensino m\u00e9dio, onde a maioria deixava os estudos e j\u00e1 come\u00e7ava uma vida de adulto, muitas meninas j\u00e1 gravidas.<\/p>\n<p>Aqueles que tinham condi\u00e7\u00e3o de continuar os estudos, os pais mandavam para Bel\u00e9m, onde h\u00e1 escolas, universidades, enfim, mais oportunidades.<\/p>\n<p>Mas, voltando ao assunto, da quase noite de sexta feira: descia eu as escadas da pequena r\u00e1dio, onde passara a tarde fazendo a programa\u00e7\u00e3o que era ouvido, atrav\u00e9s de pequenas caixas de som, espalhadas pelas pontes (estivas) e que as pessoas, traziam suas cadeiras e sentavam-se pr\u00f3ximo aos autofalantes para ouvir. Eu procurava levar um pouco de humanidade, conforto e esperan\u00e7a \u00e0quelas pessoas.<\/p>\n<p>Ao chegar no t\u00e9rreo n\u00e3o podia deixar de apreciar a Cheia da mar\u00e9 do Rio Par\u00e1, que naquele momento fazia barulho de ondas batendo nas bordas cercadas por uma pequena mureta de concreto. Era um espet\u00e1culo sublime naquele cantinho do Par\u00e1, onde se via os barcos e navios navegando ao largo e que causava, pelo menos a mim, que deixara minhas filhas na capital paraense, uma nostalgia, uma solid\u00e3o como se o mundo nem soubesse que exist\u00edamos ali, e na verdade n\u00e3o sabe.<\/p>\n<p>Naquele lugar, distante seis horas de Embarca\u00e7\u00e3o da capital Paraense, os dias pareciam sempre iguais e se parasse para pensar no futuro daquelas crian\u00e7as, seria desanimador. Estava ali com meus pensamentos e sentimentos, quando uma crian\u00e7a da escola de mais ou menos 8 anos, chamado Jorge, se aproximou de mim e disse:<\/p>\n<p>&#8211; Diretora: (era assim que carinhosamente, me chamavam, embora eu fosse somente a Coordenadora do projeto) \u2013 \u201c<em>A senhora pode me ensinar a ler? Eu gostaria muito, mas as pessoas que sabem, n\u00e3o tem tempo\u201d<\/em>. Aquela crian\u00e7a me comoveu e eu disse:\u00a0 <em>claro meu filho, eu vou te ensinar a ler. Esteja na segunda-feira as tr\u00eas da Tarde na Arca das Letras, que vamos come\u00e7ar o estudo<\/em>.<\/p>\n<p>A Arca das letras era um Biblioteca que, apesar de ser um Projeto do Governo Federal, estava fechada havia tr\u00eas anos, quando cheguei \u00e0quela localidade e isso me intrigou, porque a maioria das crian\u00e7as n\u00e3o sabia ler, mesmo frequentando a escola, e jovens saiam do ensino m\u00e9dio, gaguejando as palavras. A maioria, filhos de pescadores analfabetos e que n\u00e3o conseguiam ter uma vis\u00e3o mais ampla ou estabelecer um senso cr\u00edtico para aconselhar seus filhos, a buscarem um futuro melhor que o deles.<\/p>\n<p>Ent\u00e3o comecei um movimento para reabrir a Arca, que funcionava na sala da casa paroquial que estava desocupada, pois n\u00e3o havia padre residente.<\/p>\n<p>Mas no pr\u00f3ximo domingo, quando chegou a embarca\u00e7\u00e3o trazendo um padre para rezar a missa, fui ao encontro dele, me identifiquei e logo informei que minha religi\u00e3o n\u00e3o era cat\u00f3lica, mas que gostaria de contar com o apoio dele, para reabrir a Arca das Letras, ou seja precisava da sala da casa da Igreja, ao que ele me respondeu positivamente e ficou bastante animado.\u00a0 Disse que me Daria a sala e ainda conseguiria umas 3 mesas pl\u00e1sticas e cadeiras para que o local ficasse bem com cara de biblioteca.<\/p>\n<p>Meu ent\u00e3o marido, que tinha uma locadora que n\u00e3o dera certo, me cedeu as estantes; o pessoal da igreja cat\u00f3lica trouxe as mesas e cadeiras e um outro padre ribeirinho me conseguiu muitos livros e revistas.<\/p>\n<p>Esse, eu n\u00e3o sabia que era padre, tinha os cabelos compridos e trajava short e camiseta, chegou no trapiche da vila, chamando por Solange Serr\u00e3o (meu nome de casada), e eu morava a 100 metros do trapiche, minha casa ficava de frente para o Rio Par\u00e1, ent\u00e3o logo percebi que algu\u00e9m gritava meu nome, isso era comum, chegarem gritando o nome da pessoa com quem\u00a0 queriam falar, se ainda n\u00e3o soubessem onde moravam.<\/p>\n<p>Fomos ent\u00e3o, meu marido e eu, e uma d\u00fazia de curiosos que se uniu a nossa caminhada e ao chegar ao trapiche principal, l\u00e1 estava o padre moderno, com a lancha cheia de livros e revistas, o que pra mim foi encantador, amei aquela atitude.<\/p>\n<p>E foi assim, que consegui em algumas semanas reabrir aquela biblioteca. As crian\u00e7as faziam fila toda tarde para receber livros e revistas, ap\u00f3s preencher uma ficha de controle, e assim que voltassem para devolver aqueles, poderiam levar outros.<\/p>\n<p>Ent\u00e3o, na segunda feira as 15:30h, o menino Jorge, foi at\u00e9 a arca das letras e ent\u00e3o comecei a lhe ensinar a ler, usando livros infantis ilustrados e com muita paci\u00eancia ele foi aprendendo a juntar as letras, formar as s\u00edlabas e finalmente em 1 m\u00eas, estava lendo seus primeiros livros com hist\u00f3rias pequenas.<\/p>\n<p>N\u00e3o sei qual o prosseguimento dessa hist\u00f3ria, pois no in\u00edcio de 2014, tive que deixar Ponta Negra e todo aquele trabalho que tanto amava, mas assuntos pessoas exigiam que eu retornasse a Bel\u00e9m.<\/p>\n<p>N\u00e3o tive mais contato, uma vez que a comunica\u00e7\u00e3o era prec\u00e1ria e na vila, s\u00f3 havia uma casa onde funcionava um cyber e nem todos tinham acesso a internet.<\/p>\n<p>Soube posteriormente, que ap\u00f3s a minha partida para Bel\u00e9m, em poucas semanas a Arca voltou a ser fechada, apesar dos meus pedidos para os monitores que me ajudam, se organizassem para que cada tarde, uma m\u00e3e ficasse respons\u00e1vel pelo funcionamento para que as crian\u00e7as pudessem ter essa oportunidade de adquirir o gosto pela leitura.<\/p>\n<p>A vida tem seus pr\u00f3prios caminhos e acaba nos afastando de situa\u00e7\u00f5es que gostar\u00edamos de acompanhar at\u00e9 o final, mas mesmo que nunca mais encontre aquele garotinho, que hoje teria 19 anos, tenho uma satisfa\u00e7\u00e3o enorme quando lembro que, pude ensinar pelo menos uma crian\u00e7a a ler, naquele lugar esquecido e t\u00e3o carente de aten\u00e7\u00e3o e de recursos!<\/p>\n<p>A embarca\u00e7\u00e3o me levou pra casa, as ondas que nasciam do movimento e o som do motor, ficaram pra traz. A vista se perdeu ao longe.<\/p>\n<p>O trapiche onde muitas noites fic\u00e1vamos aguardando a chegada das estrelas e v\u00edamos a lua dar um espet\u00e1culo, seria uma das melhores lembran\u00e7as, mesmo assim, n\u00e3o suplantou a express\u00e3o do olhar daquele garotinho, quando conseguiu ler a primeira palavra sem titubear.<\/p>\n<p>Eu nunca mais vou esquecer.<\/p>\n<p>&nbsp;<\/p>\n<p>Solange Lisboa<\/p>\n","protected":false},"excerpt":{"rendered":"<p>Era quase noite em uma sexta feira, que para mim, chama-se \u201cDia da Prepara\u00e7\u00e3o\u201d por conta da guarda do S\u00e1bado B\u00edblico. Encerrei minhas atividades as 17:30 em uma pequena r\u00e1dio, que funcionava em uma torre de madeira, na Vila de Ponta Negra sobre as estivas, as margens do Rio Par\u00e1 em Muan\u00e1, uma ilha do [&hellip;]<\/p>\n","protected":false},"author":13,"featured_media":80391,"comment_status":"closed","ping_status":"open","sticky":false,"template":"","format":"standard","meta":{"_acf_changed":false,"_exactmetrics_skip_tracking":false,"_exactmetrics_sitenote_active":false,"_exactmetrics_sitenote_note":"","_exactmetrics_sitenote_category":0,"footnotes":""},"categories":[59],"tags":[],"class_list":["post-80390","post","type-post","status-publish","format-standard","has-post-thumbnail","hentry","category-opiniao"],"acf":[],"yoast_head":"<!-- This site is optimized with the Yoast SEO plugin v27.2 - https:\/\/yoast.com\/product\/yoast-seo-wordpress\/ -->\n<title>A Arca das Letras 2012\/2013 - R\u00e1dio Life FM<\/title>\n<meta name=\"robots\" content=\"index, follow, max-snippet:-1, max-image-preview:large, max-video-preview:-1\" \/>\n<link rel=\"canonical\" href=\"https:\/\/radiolifefm.com.br\/noticias\/a-arca-das-letras-2012-2013\/\" \/>\n<meta property=\"og:locale\" content=\"pt_BR\" \/>\n<meta property=\"og:type\" content=\"article\" \/>\n<meta property=\"og:title\" content=\"A Arca das Letras 2012\/2013 - R\u00e1dio Life FM\" \/>\n<meta property=\"og:description\" content=\"Era quase noite em uma sexta feira, que para mim, chama-se \u201cDia da Prepara\u00e7\u00e3o\u201d por conta da guarda do S\u00e1bado B\u00edblico. Encerrei minhas atividades as 17:30 em uma pequena r\u00e1dio, que funcionava em uma torre de madeira, na Vila de Ponta Negra sobre as estivas, as margens do Rio Par\u00e1 em Muan\u00e1, uma ilha do [&hellip;]\" \/>\n<meta property=\"og:url\" content=\"https:\/\/radiolifefm.com.br\/noticias\/a-arca-das-letras-2012-2013\/\" \/>\n<meta property=\"og:site_name\" content=\"R\u00e1dio Life FM\" \/>\n<meta property=\"article:publisher\" content=\"https:\/\/www.facebook.com\/radiolifefm\/\" \/>\n<meta property=\"article:published_time\" content=\"2023-12-11T11:07:10+00:00\" \/>\n<meta property=\"article:modified_time\" content=\"2026-04-17T21:28:33+00:00\" \/>\n<meta property=\"og:image\" content=\"https:\/\/radiolifefm.com.br\/noticias\/wp-content\/uploads\/2023\/12\/cats-12.jpg\" \/>\n\t<meta property=\"og:image:width\" content=\"441\" \/>\n\t<meta property=\"og:image:height\" content=\"258\" \/>\n\t<meta property=\"og:image:type\" content=\"image\/jpeg\" \/>\n<meta name=\"author\" content=\"ritanery\" \/>\n<meta name=\"twitter:card\" content=\"summary_large_image\" \/>\n<meta name=\"twitter:label1\" content=\"Escrito por\" \/>\n\t<meta name=\"twitter:data1\" content=\"ritanery\" \/>\n\t<meta name=\"twitter:label2\" content=\"Est. tempo de leitura\" \/>\n\t<meta name=\"twitter:data2\" content=\"7 minutos\" \/>\n<script type=\"application\/ld+json\" class=\"yoast-schema-graph\">{\"@context\":\"https:\/\/schema.org\",\"@graph\":[{\"@type\":\"Article\",\"@id\":\"https:\/\/radiolifefm.com.br\/noticias\/a-arca-das-letras-2012-2013\/#article\",\"isPartOf\":{\"@id\":\"https:\/\/radiolifefm.com.br\/noticias\/a-arca-das-letras-2012-2013\/\"},\"author\":{\"name\":\"ritanery\",\"@id\":\"https:\/\/radiolifefm.com.br\/noticias\/#\/schema\/person\/6339b9fac59d12b071dec680d7375d87\"},\"headline\":\"A Arca das Letras 2012\/2013\",\"datePublished\":\"2023-12-11T11:07:10+00:00\",\"dateModified\":\"2026-04-17T21:28:33+00:00\",\"mainEntityOfPage\":{\"@id\":\"https:\/\/radiolifefm.com.br\/noticias\/a-arca-das-letras-2012-2013\/\"},\"wordCount\":1245,\"publisher\":{\"@id\":\"https:\/\/radiolifefm.com.br\/noticias\/#organization\"},\"image\":{\"@id\":\"https:\/\/radiolifefm.com.br\/noticias\/a-arca-das-letras-2012-2013\/#primaryimage\"},\"thumbnailUrl\":\"https:\/\/radiolifefm.com.br\/noticias\/wp-content\/uploads\/2023\/12\/cats-12.jpg\",\"articleSection\":[\"Opini\u00e3o\"],\"inLanguage\":\"pt-BR\"},{\"@type\":\"WebPage\",\"@id\":\"https:\/\/radiolifefm.com.br\/noticias\/a-arca-das-letras-2012-2013\/\",\"url\":\"https:\/\/radiolifefm.com.br\/noticias\/a-arca-das-letras-2012-2013\/\",\"name\":\"A Arca das Letras 2012\/2013 - R\u00e1dio Life FM\",\"isPartOf\":{\"@id\":\"https:\/\/radiolifefm.com.br\/noticias\/#website\"},\"primaryImageOfPage\":{\"@id\":\"https:\/\/radiolifefm.com.br\/noticias\/a-arca-das-letras-2012-2013\/#primaryimage\"},\"image\":{\"@id\":\"https:\/\/radiolifefm.com.br\/noticias\/a-arca-das-letras-2012-2013\/#primaryimage\"},\"thumbnailUrl\":\"https:\/\/radiolifefm.com.br\/noticias\/wp-content\/uploads\/2023\/12\/cats-12.jpg\",\"datePublished\":\"2023-12-11T11:07:10+00:00\",\"dateModified\":\"2026-04-17T21:28:33+00:00\",\"breadcrumb\":{\"@id\":\"https:\/\/radiolifefm.com.br\/noticias\/a-arca-das-letras-2012-2013\/#breadcrumb\"},\"inLanguage\":\"pt-BR\",\"potentialAction\":[{\"@type\":\"ReadAction\",\"target\":[\"https:\/\/radiolifefm.com.br\/noticias\/a-arca-das-letras-2012-2013\/\"]}]},{\"@type\":\"ImageObject\",\"inLanguage\":\"pt-BR\",\"@id\":\"https:\/\/radiolifefm.com.br\/noticias\/a-arca-das-letras-2012-2013\/#primaryimage\",\"url\":\"https:\/\/radiolifefm.com.br\/noticias\/wp-content\/uploads\/2023\/12\/cats-12.jpg\",\"contentUrl\":\"https:\/\/radiolifefm.com.br\/noticias\/wp-content\/uploads\/2023\/12\/cats-12.jpg\",\"width\":441,\"height\":258,\"caption\":\"Projeto Federal que alcan\u00e7ou uma pequena ilha no arquip\u00e9lago do Maraj\u00f3-Pa. Sala da Biblioteca Arca das Letras -Vila de Ponta Negra \u2013 Muan\u00e1-Pa.\"},{\"@type\":\"BreadcrumbList\",\"@id\":\"https:\/\/radiolifefm.com.br\/noticias\/a-arca-das-letras-2012-2013\/#breadcrumb\",\"itemListElement\":[{\"@type\":\"ListItem\",\"position\":1,\"name\":\"In\u00edcio\",\"item\":\"https:\/\/radiolifefm.com.br\/noticias\/\"},{\"@type\":\"ListItem\",\"position\":2,\"name\":\"A Arca das Letras 2012\/2013\"}]},{\"@type\":\"WebSite\",\"@id\":\"https:\/\/radiolifefm.com.br\/noticias\/#website\",\"url\":\"https:\/\/radiolifefm.com.br\/noticias\/\",\"name\":\"R\u00e1dio Life FM\",\"description\":\"O Portal de Not\u00edcias de Adamantina\",\"publisher\":{\"@id\":\"https:\/\/radiolifefm.com.br\/noticias\/#organization\"},\"alternateName\":\"Life FM\",\"potentialAction\":[{\"@type\":\"SearchAction\",\"target\":{\"@type\":\"EntryPoint\",\"urlTemplate\":\"https:\/\/radiolifefm.com.br\/noticias\/?s={search_term_string}\"},\"query-input\":{\"@type\":\"PropertyValueSpecification\",\"valueRequired\":true,\"valueName\":\"search_term_string\"}}],\"inLanguage\":\"pt-BR\"},{\"@type\":\"Organization\",\"@id\":\"https:\/\/radiolifefm.com.br\/noticias\/#organization\",\"name\":\"R\u00e1dio Life FM\",\"alternateName\":\"Life FM\",\"url\":\"https:\/\/radiolifefm.com.br\/noticias\/\",\"logo\":{\"@type\":\"ImageObject\",\"inLanguage\":\"pt-BR\",\"@id\":\"https:\/\/radiolifefm.com.br\/noticias\/#\/schema\/logo\/image\/\",\"url\":\"https:\/\/static.radiolifefm.com.br\/noticias\/wp-content\/uploads\/2019\/10\/logo-lifefm.png\",\"contentUrl\":\"https:\/\/static.radiolifefm.com.br\/noticias\/wp-content\/uploads\/2019\/10\/logo-lifefm.png\",\"width\":196,\"height\":47,\"caption\":\"R\u00e1dio Life FM\"},\"image\":{\"@id\":\"https:\/\/radiolifefm.com.br\/noticias\/#\/schema\/logo\/image\/\"},\"sameAs\":[\"https:\/\/www.facebook.com\/radiolifefm\/\",\"https:\/\/www.instagram.com\/life1079fm\/\"]},{\"@type\":\"Person\",\"@id\":\"https:\/\/radiolifefm.com.br\/noticias\/#\/schema\/person\/6339b9fac59d12b071dec680d7375d87\",\"name\":\"ritanery\",\"image\":{\"@type\":\"ImageObject\",\"inLanguage\":\"pt-BR\",\"@id\":\"https:\/\/secure.gravatar.com\/avatar\/0e37bb19071f47c0b8a23f62a903df117c5a0e75f65a0c2901562f97cd41cf86?s=96&d=mm&r=g\",\"url\":\"https:\/\/secure.gravatar.com\/avatar\/0e37bb19071f47c0b8a23f62a903df117c5a0e75f65a0c2901562f97cd41cf86?s=96&d=mm&r=g\",\"contentUrl\":\"https:\/\/secure.gravatar.com\/avatar\/0e37bb19071f47c0b8a23f62a903df117c5a0e75f65a0c2901562f97cd41cf86?s=96&d=mm&r=g\",\"caption\":\"ritanery\"}}]}<\/script>\n<!-- \/ Yoast SEO plugin. -->","yoast_head_json":{"title":"A Arca das Letras 2012\/2013 - R\u00e1dio Life FM","robots":{"index":"index","follow":"follow","max-snippet":"max-snippet:-1","max-image-preview":"max-image-preview:large","max-video-preview":"max-video-preview:-1"},"canonical":"https:\/\/radiolifefm.com.br\/noticias\/a-arca-das-letras-2012-2013\/","og_locale":"pt_BR","og_type":"article","og_title":"A Arca das Letras 2012\/2013 - R\u00e1dio Life FM","og_description":"Era quase noite em uma sexta feira, que para mim, chama-se \u201cDia da Prepara\u00e7\u00e3o\u201d por conta da guarda do S\u00e1bado B\u00edblico. Encerrei minhas atividades as 17:30 em uma pequena r\u00e1dio, que funcionava em uma torre de madeira, na Vila de Ponta Negra sobre as estivas, as margens do Rio Par\u00e1 em Muan\u00e1, uma ilha do [&hellip;]","og_url":"https:\/\/radiolifefm.com.br\/noticias\/a-arca-das-letras-2012-2013\/","og_site_name":"R\u00e1dio Life FM","article_publisher":"https:\/\/www.facebook.com\/radiolifefm\/","article_published_time":"2023-12-11T11:07:10+00:00","article_modified_time":"2026-04-17T21:28:33+00:00","og_image":[{"width":441,"height":258,"url":"https:\/\/radiolifefm.com.br\/noticias\/wp-content\/uploads\/2023\/12\/cats-12.jpg","type":"image\/jpeg"}],"author":"ritanery","twitter_card":"summary_large_image","twitter_misc":{"Escrito por":"ritanery","Est. tempo de leitura":"7 minutos"},"schema":{"@context":"https:\/\/schema.org","@graph":[{"@type":"Article","@id":"https:\/\/radiolifefm.com.br\/noticias\/a-arca-das-letras-2012-2013\/#article","isPartOf":{"@id":"https:\/\/radiolifefm.com.br\/noticias\/a-arca-das-letras-2012-2013\/"},"author":{"name":"ritanery","@id":"https:\/\/radiolifefm.com.br\/noticias\/#\/schema\/person\/6339b9fac59d12b071dec680d7375d87"},"headline":"A Arca das Letras 2012\/2013","datePublished":"2023-12-11T11:07:10+00:00","dateModified":"2026-04-17T21:28:33+00:00","mainEntityOfPage":{"@id":"https:\/\/radiolifefm.com.br\/noticias\/a-arca-das-letras-2012-2013\/"},"wordCount":1245,"publisher":{"@id":"https:\/\/radiolifefm.com.br\/noticias\/#organization"},"image":{"@id":"https:\/\/radiolifefm.com.br\/noticias\/a-arca-das-letras-2012-2013\/#primaryimage"},"thumbnailUrl":"https:\/\/radiolifefm.com.br\/noticias\/wp-content\/uploads\/2023\/12\/cats-12.jpg","articleSection":["Opini\u00e3o"],"inLanguage":"pt-BR"},{"@type":"WebPage","@id":"https:\/\/radiolifefm.com.br\/noticias\/a-arca-das-letras-2012-2013\/","url":"https:\/\/radiolifefm.com.br\/noticias\/a-arca-das-letras-2012-2013\/","name":"A Arca das Letras 2012\/2013 - R\u00e1dio Life FM","isPartOf":{"@id":"https:\/\/radiolifefm.com.br\/noticias\/#website"},"primaryImageOfPage":{"@id":"https:\/\/radiolifefm.com.br\/noticias\/a-arca-das-letras-2012-2013\/#primaryimage"},"image":{"@id":"https:\/\/radiolifefm.com.br\/noticias\/a-arca-das-letras-2012-2013\/#primaryimage"},"thumbnailUrl":"https:\/\/radiolifefm.com.br\/noticias\/wp-content\/uploads\/2023\/12\/cats-12.jpg","datePublished":"2023-12-11T11:07:10+00:00","dateModified":"2026-04-17T21:28:33+00:00","breadcrumb":{"@id":"https:\/\/radiolifefm.com.br\/noticias\/a-arca-das-letras-2012-2013\/#breadcrumb"},"inLanguage":"pt-BR","potentialAction":[{"@type":"ReadAction","target":["https:\/\/radiolifefm.com.br\/noticias\/a-arca-das-letras-2012-2013\/"]}]},{"@type":"ImageObject","inLanguage":"pt-BR","@id":"https:\/\/radiolifefm.com.br\/noticias\/a-arca-das-letras-2012-2013\/#primaryimage","url":"https:\/\/radiolifefm.com.br\/noticias\/wp-content\/uploads\/2023\/12\/cats-12.jpg","contentUrl":"https:\/\/radiolifefm.com.br\/noticias\/wp-content\/uploads\/2023\/12\/cats-12.jpg","width":441,"height":258,"caption":"Projeto Federal que alcan\u00e7ou uma pequena ilha no arquip\u00e9lago do Maraj\u00f3-Pa. Sala da Biblioteca Arca das Letras -Vila de Ponta Negra \u2013 Muan\u00e1-Pa."},{"@type":"BreadcrumbList","@id":"https:\/\/radiolifefm.com.br\/noticias\/a-arca-das-letras-2012-2013\/#breadcrumb","itemListElement":[{"@type":"ListItem","position":1,"name":"In\u00edcio","item":"https:\/\/radiolifefm.com.br\/noticias\/"},{"@type":"ListItem","position":2,"name":"A Arca das Letras 2012\/2013"}]},{"@type":"WebSite","@id":"https:\/\/radiolifefm.com.br\/noticias\/#website","url":"https:\/\/radiolifefm.com.br\/noticias\/","name":"R\u00e1dio Life FM","description":"O Portal de Not\u00edcias de Adamantina","publisher":{"@id":"https:\/\/radiolifefm.com.br\/noticias\/#organization"},"alternateName":"Life FM","potentialAction":[{"@type":"SearchAction","target":{"@type":"EntryPoint","urlTemplate":"https:\/\/radiolifefm.com.br\/noticias\/?s={search_term_string}"},"query-input":{"@type":"PropertyValueSpecification","valueRequired":true,"valueName":"search_term_string"}}],"inLanguage":"pt-BR"},{"@type":"Organization","@id":"https:\/\/radiolifefm.com.br\/noticias\/#organization","name":"R\u00e1dio Life FM","alternateName":"Life FM","url":"https:\/\/radiolifefm.com.br\/noticias\/","logo":{"@type":"ImageObject","inLanguage":"pt-BR","@id":"https:\/\/radiolifefm.com.br\/noticias\/#\/schema\/logo\/image\/","url":"https:\/\/static.radiolifefm.com.br\/noticias\/wp-content\/uploads\/2019\/10\/logo-lifefm.png","contentUrl":"https:\/\/static.radiolifefm.com.br\/noticias\/wp-content\/uploads\/2019\/10\/logo-lifefm.png","width":196,"height":47,"caption":"R\u00e1dio Life FM"},"image":{"@id":"https:\/\/radiolifefm.com.br\/noticias\/#\/schema\/logo\/image\/"},"sameAs":["https:\/\/www.facebook.com\/radiolifefm\/","https:\/\/www.instagram.com\/life1079fm\/"]},{"@type":"Person","@id":"https:\/\/radiolifefm.com.br\/noticias\/#\/schema\/person\/6339b9fac59d12b071dec680d7375d87","name":"ritanery","image":{"@type":"ImageObject","inLanguage":"pt-BR","@id":"https:\/\/secure.gravatar.com\/avatar\/0e37bb19071f47c0b8a23f62a903df117c5a0e75f65a0c2901562f97cd41cf86?s=96&d=mm&r=g","url":"https:\/\/secure.gravatar.com\/avatar\/0e37bb19071f47c0b8a23f62a903df117c5a0e75f65a0c2901562f97cd41cf86?s=96&d=mm&r=g","contentUrl":"https:\/\/secure.gravatar.com\/avatar\/0e37bb19071f47c0b8a23f62a903df117c5a0e75f65a0c2901562f97cd41cf86?s=96&d=mm&r=g","caption":"ritanery"}}]}},"amp_enabled":true,"_links":{"self":[{"href":"https:\/\/radiolifefm.com.br\/noticias\/wp-json\/wp\/v2\/posts\/80390","targetHints":{"allow":["GET"]}}],"collection":[{"href":"https:\/\/radiolifefm.com.br\/noticias\/wp-json\/wp\/v2\/posts"}],"about":[{"href":"https:\/\/radiolifefm.com.br\/noticias\/wp-json\/wp\/v2\/types\/post"}],"author":[{"embeddable":true,"href":"https:\/\/radiolifefm.com.br\/noticias\/wp-json\/wp\/v2\/users\/13"}],"replies":[{"embeddable":true,"href":"https:\/\/radiolifefm.com.br\/noticias\/wp-json\/wp\/v2\/comments?post=80390"}],"version-history":[{"count":1,"href":"https:\/\/radiolifefm.com.br\/noticias\/wp-json\/wp\/v2\/posts\/80390\/revisions"}],"predecessor-version":[{"id":80392,"href":"https:\/\/radiolifefm.com.br\/noticias\/wp-json\/wp\/v2\/posts\/80390\/revisions\/80392"}],"wp:featuredmedia":[{"embeddable":true,"href":"https:\/\/radiolifefm.com.br\/noticias\/wp-json\/wp\/v2\/media\/80391"}],"wp:attachment":[{"href":"https:\/\/radiolifefm.com.br\/noticias\/wp-json\/wp\/v2\/media?parent=80390"}],"wp:term":[{"taxonomy":"category","embeddable":true,"href":"https:\/\/radiolifefm.com.br\/noticias\/wp-json\/wp\/v2\/categories?post=80390"},{"taxonomy":"post_tag","embeddable":true,"href":"https:\/\/radiolifefm.com.br\/noticias\/wp-json\/wp\/v2\/tags?post=80390"}],"curies":[{"name":"wp","href":"https:\/\/api.w.org\/{rel}","templated":true}]}}