{"id":80354,"date":"2023-12-08T08:53:07","date_gmt":"2023-12-08T11:53:07","guid":{"rendered":"https:\/\/radiolifefm.com.br\/noticias\/?p=80354"},"modified":"2026-04-14T09:52:18","modified_gmt":"2026-04-14T12:52:18","slug":"daquele-outro-lado-de-uma-provincia-do-faz-de-conta","status":"publish","type":"post","link":"https:\/\/radiolifefm.com.br\/noticias\/daquele-outro-lado-de-uma-provincia-do-faz-de-conta\/","title":{"rendered":"Daquele outro lado de uma PROV\u00cdNCIA DO FAZ DE CONTA&#8230;"},"content":{"rendered":"<div id=\"fb-root\"><\/div>\n<p>&nbsp;<\/p>\n<p><strong><em>\u00a0\u201cNas almas med\u00edocres e superficiais atua sobretudo a realidade transit\u00f3ria das linhas e dos sons, das formas e das cores. As naturezas elevadas, ao contr\u00e1rio, s\u00e3o sempre objetivas e metaf\u00edsicas.\u201d (<\/em><\/strong><a href=\"https:\/\/www.pensador.com\/autor\/abilio_guerra_junqueiro\/\"><strong><em>Ab\u00edlio Guerra Junqueiro<\/em><\/strong><\/a><strong><em>)<\/em><\/strong><\/p>\n<p><strong><em>\u00a0<\/em><\/strong><\/p>\n<p><strong>By seb@r.<\/strong><\/p>\n<p>De todos os lados, isso \u00e9, dependendo sempre dos OLHARES sobre isto ou aquilo, pode-se projetar o CEN\u00c1RIO em n\u00edvel REGIOCAL, ou seja, do REGIONAL para o LOCAL&#8230;<\/p>\n<p>As idas com poucas vindas do atual GESTOR denominado de PIN\u00d3QUIO PROVINCIANO sua turma de ALOPRADOS\/AS, ainda, tentando colocar o seu FILHOTE como SUCESSOR acima de tudo e de todos\/as; todavia, cada qual com suas ESCOLHAS em nome disto ou daquilo&#8230;<\/p>\n<p>Nos lados das PAREDES ALVAS (sic), parece que nem TUDO QUE RELUZ \u00c9 OURO ou PRATA, talvez, BRONZE e assim por diante dos \u00faltimos fatos que ocorreram mediados pela JUSTI\u00c7A e ponto quase final&#8230;<\/p>\n<p>Na realidade, desde o in\u00edcio da atual GEST\u00c3O, os mesmos deveriam ter PATROCINADO UMA AUDITORIA para uma aproxima\u00e7\u00e3o mais de acordo com as NORMAS DO MERCADO em tempo de p\u00f3s-globaliza\u00e7\u00e3o ORGANIZACIONAL&#8230;<\/p>\n<p>Mas, como sempre, QUEM EST\u00c1 NA GARUPA N\u00c3O SEGURA NAS R\u00c9DEAS, desta forma, quem est\u00e1 no COMANDO agora que se vire com tais DESENCONTROS em todas as \u00e1reas de atua\u00e7\u00e3o das PAREDES ALVAS&#8230;<\/p>\n<p>N\u00e3o se pode esperar muitas COISAS deste ou do outro lado, portanto, CADA QUAL COM SUAS ESCOLHAS, refor\u00e7ando que MUITOS SINAIS foram enviados, todavia, o que prevalece nestes OCASOS DE UM TALVEZ s\u00e3o os interesses de sempre, ou seja, daqueles\/as que est\u00e3o mais interessados nos CR\u00c9DITOS do final de cada m\u00eas e ponto quase final&#8230;<\/p>\n<p>Retomando, deve-se considerar que a atual GEST\u00c3O PINOQUIANA continua PATINANDO quase sempre no mesmo LUGAR, haja vista as OCORR\u00caNCIAS da semana passada com as CHUVAS, por\u00e9m, n\u00e3o se pode esperar muitos de quem continua mais PIN\u00d3QUIO do que nunca nesta PROV\u00cdNCIA DO FAZ DE CONTA&#8230;<\/p>\n<p>Pelo jeito, isso \u00e9, quanto as PR\u00d3XIMAS ELEI\u00c7\u00d5ES que ser\u00e3o realizadas no pr\u00f3ximo ano, pode ser que isto ou aquilo esteja mais ou menos como o esperado dos anos anteriores, todavia, como tudo pode acontecer daqui pra frente, tendo em vista os interesses dos tais GRUPOS, a saber: QUEM ESTA DENTRO N\u00c3O QUER SAIR E QUEM EST\u00c1 DO LADO DE FORA QUER ENTRAR&#8230;<\/p>\n<p>Eis a quest\u00e3o que est\u00e1 em JOGO daqui pra frente, por\u00e9m, dependendo destas TROCAS VICIADAS, pode ser que o IMPOSS\u00cdVEL venha de encontro dos ACERTOS patrocinados e mediados pelo PODER em nome do PODER em busca do PODER&#8230;<\/p>\n<p>QUEM SOBREVIVER VAI SABER&#8230;<\/p>\n","protected":false},"excerpt":{"rendered":"<p>&nbsp; \u00a0\u201cNas almas med\u00edocres e superficiais atua sobretudo a realidade transit\u00f3ria das linhas e dos sons, das formas e das cores. As naturezas elevadas, ao contr\u00e1rio, s\u00e3o sempre objetivas e metaf\u00edsicas.\u201d (Ab\u00edlio Guerra Junqueiro) \u00a0 By seb@r. De todos os lados, isso \u00e9, dependendo sempre dos OLHARES sobre isto ou aquilo, pode-se projetar o CEN\u00c1RIO [&hellip;]<\/p>\n","protected":false},"author":13,"featured_media":51988,"comment_status":"closed","ping_status":"open","sticky":false,"template":"","format":"standard","meta":{"_acf_changed":false,"_exactmetrics_skip_tracking":false,"_exactmetrics_sitenote_active":false,"_exactmetrics_sitenote_note":"","_exactmetrics_sitenote_category":0,"footnotes":""},"categories":[59],"tags":[],"class_list":["post-80354","post","type-post","status-publish","format-standard","has-post-thumbnail","hentry","category-opiniao"],"acf":[],"yoast_head":"<!-- This site is optimized with the Yoast SEO plugin v27.2 - https:\/\/yoast.com\/product\/yoast-seo-wordpress\/ -->\n<title>Daquele outro lado de uma PROV\u00cdNCIA DO FAZ DE CONTA... - R\u00e1dio Life FM<\/title>\n<meta name=\"robots\" content=\"index, follow, max-snippet:-1, max-image-preview:large, max-video-preview:-1\" \/>\n<link rel=\"canonical\" href=\"https:\/\/radiolifefm.com.br\/noticias\/daquele-outro-lado-de-uma-provincia-do-faz-de-conta\/\" \/>\n<meta property=\"og:locale\" content=\"pt_BR\" \/>\n<meta property=\"og:type\" content=\"article\" \/>\n<meta property=\"og:title\" content=\"Daquele outro lado de uma PROV\u00cdNCIA DO FAZ DE CONTA... - R\u00e1dio Life FM\" \/>\n<meta property=\"og:description\" content=\"&nbsp; \u00a0\u201cNas almas med\u00edocres e superficiais atua sobretudo a realidade transit\u00f3ria das linhas e dos sons, das formas e das cores. As naturezas elevadas, ao contr\u00e1rio, s\u00e3o sempre objetivas e metaf\u00edsicas.\u201d (Ab\u00edlio Guerra Junqueiro) \u00a0 By seb@r. De todos os lados, isso \u00e9, dependendo sempre dos OLHARES sobre isto ou aquilo, pode-se projetar o CEN\u00c1RIO [&hellip;]\" \/>\n<meta property=\"og:url\" content=\"https:\/\/radiolifefm.com.br\/noticias\/daquele-outro-lado-de-uma-provincia-do-faz-de-conta\/\" \/>\n<meta property=\"og:site_name\" content=\"R\u00e1dio Life FM\" \/>\n<meta property=\"article:publisher\" content=\"https:\/\/www.facebook.com\/radiolifefm\/\" \/>\n<meta property=\"article:published_time\" content=\"2023-12-08T11:53:07+00:00\" \/>\n<meta property=\"article:modified_time\" content=\"2026-04-14T12:52:18+00:00\" \/>\n<meta property=\"og:image\" content=\"https:\/\/radiolifefm.com.br\/noticias\/wp-content\/uploads\/2022\/04\/WhatsApp-Image-2022-04-10-at-18.43.02.jpeg\" \/>\n\t<meta property=\"og:image:width\" content=\"972\" \/>\n\t<meta property=\"og:image:height\" content=\"1296\" \/>\n\t<meta property=\"og:image:type\" content=\"image\/jpeg\" \/>\n<meta name=\"author\" content=\"ritanery\" \/>\n<meta name=\"twitter:card\" content=\"summary_large_image\" \/>\n<meta name=\"twitter:label1\" content=\"Escrito por\" \/>\n\t<meta name=\"twitter:data1\" content=\"ritanery\" \/>\n\t<meta name=\"twitter:label2\" content=\"Est. tempo de leitura\" \/>\n\t<meta name=\"twitter:data2\" content=\"3 minutos\" \/>\n<script type=\"application\/ld+json\" class=\"yoast-schema-graph\">{\"@context\":\"https:\/\/schema.org\",\"@graph\":[{\"@type\":\"Article\",\"@id\":\"https:\/\/radiolifefm.com.br\/noticias\/daquele-outro-lado-de-uma-provincia-do-faz-de-conta\/#article\",\"isPartOf\":{\"@id\":\"https:\/\/radiolifefm.com.br\/noticias\/daquele-outro-lado-de-uma-provincia-do-faz-de-conta\/\"},\"author\":{\"name\":\"ritanery\",\"@id\":\"https:\/\/radiolifefm.com.br\/noticias\/#\/schema\/person\/6339b9fac59d12b071dec680d7375d87\"},\"headline\":\"Daquele outro lado de uma PROV\u00cdNCIA DO FAZ DE CONTA&#8230;\",\"datePublished\":\"2023-12-08T11:53:07+00:00\",\"dateModified\":\"2026-04-14T12:52:18+00:00\",\"mainEntityOfPage\":{\"@id\":\"https:\/\/radiolifefm.com.br\/noticias\/daquele-outro-lado-de-uma-provincia-do-faz-de-conta\/\"},\"wordCount\":458,\"publisher\":{\"@id\":\"https:\/\/radiolifefm.com.br\/noticias\/#organization\"},\"image\":{\"@id\":\"https:\/\/radiolifefm.com.br\/noticias\/daquele-outro-lado-de-uma-provincia-do-faz-de-conta\/#primaryimage\"},\"thumbnailUrl\":\"https:\/\/radiolifefm.com.br\/noticias\/wp-content\/uploads\/2022\/04\/WhatsApp-Image-2022-04-10-at-18.43.02.jpeg\",\"articleSection\":[\"Opini\u00e3o\"],\"inLanguage\":\"pt-BR\"},{\"@type\":\"WebPage\",\"@id\":\"https:\/\/radiolifefm.com.br\/noticias\/daquele-outro-lado-de-uma-provincia-do-faz-de-conta\/\",\"url\":\"https:\/\/radiolifefm.com.br\/noticias\/daquele-outro-lado-de-uma-provincia-do-faz-de-conta\/\",\"name\":\"Daquele outro lado de uma PROV\u00cdNCIA DO FAZ DE CONTA... - R\u00e1dio Life FM\",\"isPartOf\":{\"@id\":\"https:\/\/radiolifefm.com.br\/noticias\/#website\"},\"primaryImageOfPage\":{\"@id\":\"https:\/\/radiolifefm.com.br\/noticias\/daquele-outro-lado-de-uma-provincia-do-faz-de-conta\/#primaryimage\"},\"image\":{\"@id\":\"https:\/\/radiolifefm.com.br\/noticias\/daquele-outro-lado-de-uma-provincia-do-faz-de-conta\/#primaryimage\"},\"thumbnailUrl\":\"https:\/\/radiolifefm.com.br\/noticias\/wp-content\/uploads\/2022\/04\/WhatsApp-Image-2022-04-10-at-18.43.02.jpeg\",\"datePublished\":\"2023-12-08T11:53:07+00:00\",\"dateModified\":\"2026-04-14T12:52:18+00:00\",\"breadcrumb\":{\"@id\":\"https:\/\/radiolifefm.com.br\/noticias\/daquele-outro-lado-de-uma-provincia-do-faz-de-conta\/#breadcrumb\"},\"inLanguage\":\"pt-BR\",\"potentialAction\":[{\"@type\":\"ReadAction\",\"target\":[\"https:\/\/radiolifefm.com.br\/noticias\/daquele-outro-lado-de-uma-provincia-do-faz-de-conta\/\"]}]},{\"@type\":\"ImageObject\",\"inLanguage\":\"pt-BR\",\"@id\":\"https:\/\/radiolifefm.com.br\/noticias\/daquele-outro-lado-de-uma-provincia-do-faz-de-conta\/#primaryimage\",\"url\":\"https:\/\/radiolifefm.com.br\/noticias\/wp-content\/uploads\/2022\/04\/WhatsApp-Image-2022-04-10-at-18.43.02.jpeg\",\"contentUrl\":\"https:\/\/radiolifefm.com.br\/noticias\/wp-content\/uploads\/2022\/04\/WhatsApp-Image-2022-04-10-at-18.43.02.jpeg\",\"width\":972,\"height\":1296,\"caption\":\"S\u00e9rgio Barbosa\"},{\"@type\":\"BreadcrumbList\",\"@id\":\"https:\/\/radiolifefm.com.br\/noticias\/daquele-outro-lado-de-uma-provincia-do-faz-de-conta\/#breadcrumb\",\"itemListElement\":[{\"@type\":\"ListItem\",\"position\":1,\"name\":\"In\u00edcio\",\"item\":\"https:\/\/radiolifefm.com.br\/noticias\/\"},{\"@type\":\"ListItem\",\"position\":2,\"name\":\"Daquele outro lado de uma PROV\u00cdNCIA DO FAZ DE CONTA&#8230;\"}]},{\"@type\":\"WebSite\",\"@id\":\"https:\/\/radiolifefm.com.br\/noticias\/#website\",\"url\":\"https:\/\/radiolifefm.com.br\/noticias\/\",\"name\":\"R\u00e1dio Life FM\",\"description\":\"O Portal de Not\u00edcias de Adamantina\",\"publisher\":{\"@id\":\"https:\/\/radiolifefm.com.br\/noticias\/#organization\"},\"alternateName\":\"Life FM\",\"potentialAction\":[{\"@type\":\"SearchAction\",\"target\":{\"@type\":\"EntryPoint\",\"urlTemplate\":\"https:\/\/radiolifefm.com.br\/noticias\/?s={search_term_string}\"},\"query-input\":{\"@type\":\"PropertyValueSpecification\",\"valueRequired\":true,\"valueName\":\"search_term_string\"}}],\"inLanguage\":\"pt-BR\"},{\"@type\":\"Organization\",\"@id\":\"https:\/\/radiolifefm.com.br\/noticias\/#organization\",\"name\":\"R\u00e1dio Life FM\",\"alternateName\":\"Life FM\",\"url\":\"https:\/\/radiolifefm.com.br\/noticias\/\",\"logo\":{\"@type\":\"ImageObject\",\"inLanguage\":\"pt-BR\",\"@id\":\"https:\/\/radiolifefm.com.br\/noticias\/#\/schema\/logo\/image\/\",\"url\":\"https:\/\/static.radiolifefm.com.br\/noticias\/wp-content\/uploads\/2019\/10\/logo-lifefm.png\",\"contentUrl\":\"https:\/\/static.radiolifefm.com.br\/noticias\/wp-content\/uploads\/2019\/10\/logo-lifefm.png\",\"width\":196,\"height\":47,\"caption\":\"R\u00e1dio Life FM\"},\"image\":{\"@id\":\"https:\/\/radiolifefm.com.br\/noticias\/#\/schema\/logo\/image\/\"},\"sameAs\":[\"https:\/\/www.facebook.com\/radiolifefm\/\",\"https:\/\/www.instagram.com\/life1079fm\/\"]},{\"@type\":\"Person\",\"@id\":\"https:\/\/radiolifefm.com.br\/noticias\/#\/schema\/person\/6339b9fac59d12b071dec680d7375d87\",\"name\":\"ritanery\",\"image\":{\"@type\":\"ImageObject\",\"inLanguage\":\"pt-BR\",\"@id\":\"https:\/\/secure.gravatar.com\/avatar\/0e37bb19071f47c0b8a23f62a903df117c5a0e75f65a0c2901562f97cd41cf86?s=96&d=mm&r=g\",\"url\":\"https:\/\/secure.gravatar.com\/avatar\/0e37bb19071f47c0b8a23f62a903df117c5a0e75f65a0c2901562f97cd41cf86?s=96&d=mm&r=g\",\"contentUrl\":\"https:\/\/secure.gravatar.com\/avatar\/0e37bb19071f47c0b8a23f62a903df117c5a0e75f65a0c2901562f97cd41cf86?s=96&d=mm&r=g\",\"caption\":\"ritanery\"}}]}<\/script>\n<!-- \/ Yoast SEO plugin. -->","yoast_head_json":{"title":"Daquele outro lado de uma PROV\u00cdNCIA DO FAZ DE CONTA... - R\u00e1dio Life FM","robots":{"index":"index","follow":"follow","max-snippet":"max-snippet:-1","max-image-preview":"max-image-preview:large","max-video-preview":"max-video-preview:-1"},"canonical":"https:\/\/radiolifefm.com.br\/noticias\/daquele-outro-lado-de-uma-provincia-do-faz-de-conta\/","og_locale":"pt_BR","og_type":"article","og_title":"Daquele outro lado de uma PROV\u00cdNCIA DO FAZ DE CONTA... - R\u00e1dio Life FM","og_description":"&nbsp; \u00a0\u201cNas almas med\u00edocres e superficiais atua sobretudo a realidade transit\u00f3ria das linhas e dos sons, das formas e das cores. As naturezas elevadas, ao contr\u00e1rio, s\u00e3o sempre objetivas e metaf\u00edsicas.\u201d (Ab\u00edlio Guerra Junqueiro) \u00a0 By seb@r. De todos os lados, isso \u00e9, dependendo sempre dos OLHARES sobre isto ou aquilo, pode-se projetar o CEN\u00c1RIO [&hellip;]","og_url":"https:\/\/radiolifefm.com.br\/noticias\/daquele-outro-lado-de-uma-provincia-do-faz-de-conta\/","og_site_name":"R\u00e1dio Life FM","article_publisher":"https:\/\/www.facebook.com\/radiolifefm\/","article_published_time":"2023-12-08T11:53:07+00:00","article_modified_time":"2026-04-14T12:52:18+00:00","og_image":[{"width":972,"height":1296,"url":"https:\/\/radiolifefm.com.br\/noticias\/wp-content\/uploads\/2022\/04\/WhatsApp-Image-2022-04-10-at-18.43.02.jpeg","type":"image\/jpeg"}],"author":"ritanery","twitter_card":"summary_large_image","twitter_misc":{"Escrito por":"ritanery","Est. tempo de leitura":"3 minutos"},"schema":{"@context":"https:\/\/schema.org","@graph":[{"@type":"Article","@id":"https:\/\/radiolifefm.com.br\/noticias\/daquele-outro-lado-de-uma-provincia-do-faz-de-conta\/#article","isPartOf":{"@id":"https:\/\/radiolifefm.com.br\/noticias\/daquele-outro-lado-de-uma-provincia-do-faz-de-conta\/"},"author":{"name":"ritanery","@id":"https:\/\/radiolifefm.com.br\/noticias\/#\/schema\/person\/6339b9fac59d12b071dec680d7375d87"},"headline":"Daquele outro lado de uma PROV\u00cdNCIA DO FAZ DE CONTA&#8230;","datePublished":"2023-12-08T11:53:07+00:00","dateModified":"2026-04-14T12:52:18+00:00","mainEntityOfPage":{"@id":"https:\/\/radiolifefm.com.br\/noticias\/daquele-outro-lado-de-uma-provincia-do-faz-de-conta\/"},"wordCount":458,"publisher":{"@id":"https:\/\/radiolifefm.com.br\/noticias\/#organization"},"image":{"@id":"https:\/\/radiolifefm.com.br\/noticias\/daquele-outro-lado-de-uma-provincia-do-faz-de-conta\/#primaryimage"},"thumbnailUrl":"https:\/\/radiolifefm.com.br\/noticias\/wp-content\/uploads\/2022\/04\/WhatsApp-Image-2022-04-10-at-18.43.02.jpeg","articleSection":["Opini\u00e3o"],"inLanguage":"pt-BR"},{"@type":"WebPage","@id":"https:\/\/radiolifefm.com.br\/noticias\/daquele-outro-lado-de-uma-provincia-do-faz-de-conta\/","url":"https:\/\/radiolifefm.com.br\/noticias\/daquele-outro-lado-de-uma-provincia-do-faz-de-conta\/","name":"Daquele outro lado de uma PROV\u00cdNCIA DO FAZ DE CONTA... - R\u00e1dio Life FM","isPartOf":{"@id":"https:\/\/radiolifefm.com.br\/noticias\/#website"},"primaryImageOfPage":{"@id":"https:\/\/radiolifefm.com.br\/noticias\/daquele-outro-lado-de-uma-provincia-do-faz-de-conta\/#primaryimage"},"image":{"@id":"https:\/\/radiolifefm.com.br\/noticias\/daquele-outro-lado-de-uma-provincia-do-faz-de-conta\/#primaryimage"},"thumbnailUrl":"https:\/\/radiolifefm.com.br\/noticias\/wp-content\/uploads\/2022\/04\/WhatsApp-Image-2022-04-10-at-18.43.02.jpeg","datePublished":"2023-12-08T11:53:07+00:00","dateModified":"2026-04-14T12:52:18+00:00","breadcrumb":{"@id":"https:\/\/radiolifefm.com.br\/noticias\/daquele-outro-lado-de-uma-provincia-do-faz-de-conta\/#breadcrumb"},"inLanguage":"pt-BR","potentialAction":[{"@type":"ReadAction","target":["https:\/\/radiolifefm.com.br\/noticias\/daquele-outro-lado-de-uma-provincia-do-faz-de-conta\/"]}]},{"@type":"ImageObject","inLanguage":"pt-BR","@id":"https:\/\/radiolifefm.com.br\/noticias\/daquele-outro-lado-de-uma-provincia-do-faz-de-conta\/#primaryimage","url":"https:\/\/radiolifefm.com.br\/noticias\/wp-content\/uploads\/2022\/04\/WhatsApp-Image-2022-04-10-at-18.43.02.jpeg","contentUrl":"https:\/\/radiolifefm.com.br\/noticias\/wp-content\/uploads\/2022\/04\/WhatsApp-Image-2022-04-10-at-18.43.02.jpeg","width":972,"height":1296,"caption":"S\u00e9rgio Barbosa"},{"@type":"BreadcrumbList","@id":"https:\/\/radiolifefm.com.br\/noticias\/daquele-outro-lado-de-uma-provincia-do-faz-de-conta\/#breadcrumb","itemListElement":[{"@type":"ListItem","position":1,"name":"In\u00edcio","item":"https:\/\/radiolifefm.com.br\/noticias\/"},{"@type":"ListItem","position":2,"name":"Daquele outro lado de uma PROV\u00cdNCIA DO FAZ DE CONTA&#8230;"}]},{"@type":"WebSite","@id":"https:\/\/radiolifefm.com.br\/noticias\/#website","url":"https:\/\/radiolifefm.com.br\/noticias\/","name":"R\u00e1dio Life FM","description":"O Portal de Not\u00edcias de Adamantina","publisher":{"@id":"https:\/\/radiolifefm.com.br\/noticias\/#organization"},"alternateName":"Life FM","potentialAction":[{"@type":"SearchAction","target":{"@type":"EntryPoint","urlTemplate":"https:\/\/radiolifefm.com.br\/noticias\/?s={search_term_string}"},"query-input":{"@type":"PropertyValueSpecification","valueRequired":true,"valueName":"search_term_string"}}],"inLanguage":"pt-BR"},{"@type":"Organization","@id":"https:\/\/radiolifefm.com.br\/noticias\/#organization","name":"R\u00e1dio Life FM","alternateName":"Life FM","url":"https:\/\/radiolifefm.com.br\/noticias\/","logo":{"@type":"ImageObject","inLanguage":"pt-BR","@id":"https:\/\/radiolifefm.com.br\/noticias\/#\/schema\/logo\/image\/","url":"https:\/\/static.radiolifefm.com.br\/noticias\/wp-content\/uploads\/2019\/10\/logo-lifefm.png","contentUrl":"https:\/\/static.radiolifefm.com.br\/noticias\/wp-content\/uploads\/2019\/10\/logo-lifefm.png","width":196,"height":47,"caption":"R\u00e1dio Life FM"},"image":{"@id":"https:\/\/radiolifefm.com.br\/noticias\/#\/schema\/logo\/image\/"},"sameAs":["https:\/\/www.facebook.com\/radiolifefm\/","https:\/\/www.instagram.com\/life1079fm\/"]},{"@type":"Person","@id":"https:\/\/radiolifefm.com.br\/noticias\/#\/schema\/person\/6339b9fac59d12b071dec680d7375d87","name":"ritanery","image":{"@type":"ImageObject","inLanguage":"pt-BR","@id":"https:\/\/secure.gravatar.com\/avatar\/0e37bb19071f47c0b8a23f62a903df117c5a0e75f65a0c2901562f97cd41cf86?s=96&d=mm&r=g","url":"https:\/\/secure.gravatar.com\/avatar\/0e37bb19071f47c0b8a23f62a903df117c5a0e75f65a0c2901562f97cd41cf86?s=96&d=mm&r=g","contentUrl":"https:\/\/secure.gravatar.com\/avatar\/0e37bb19071f47c0b8a23f62a903df117c5a0e75f65a0c2901562f97cd41cf86?s=96&d=mm&r=g","caption":"ritanery"}}]}},"amp_enabled":true,"_links":{"self":[{"href":"https:\/\/radiolifefm.com.br\/noticias\/wp-json\/wp\/v2\/posts\/80354","targetHints":{"allow":["GET"]}}],"collection":[{"href":"https:\/\/radiolifefm.com.br\/noticias\/wp-json\/wp\/v2\/posts"}],"about":[{"href":"https:\/\/radiolifefm.com.br\/noticias\/wp-json\/wp\/v2\/types\/post"}],"author":[{"embeddable":true,"href":"https:\/\/radiolifefm.com.br\/noticias\/wp-json\/wp\/v2\/users\/13"}],"replies":[{"embeddable":true,"href":"https:\/\/radiolifefm.com.br\/noticias\/wp-json\/wp\/v2\/comments?post=80354"}],"version-history":[{"count":1,"href":"https:\/\/radiolifefm.com.br\/noticias\/wp-json\/wp\/v2\/posts\/80354\/revisions"}],"predecessor-version":[{"id":80355,"href":"https:\/\/radiolifefm.com.br\/noticias\/wp-json\/wp\/v2\/posts\/80354\/revisions\/80355"}],"wp:featuredmedia":[{"embeddable":true,"href":"https:\/\/radiolifefm.com.br\/noticias\/wp-json\/wp\/v2\/media\/51988"}],"wp:attachment":[{"href":"https:\/\/radiolifefm.com.br\/noticias\/wp-json\/wp\/v2\/media?parent=80354"}],"wp:term":[{"taxonomy":"category","embeddable":true,"href":"https:\/\/radiolifefm.com.br\/noticias\/wp-json\/wp\/v2\/categories?post=80354"},{"taxonomy":"post_tag","embeddable":true,"href":"https:\/\/radiolifefm.com.br\/noticias\/wp-json\/wp\/v2\/tags?post=80354"}],"curies":[{"name":"wp","href":"https:\/\/api.w.org\/{rel}","templated":true}]}}