{"id":80251,"date":"2023-12-07T10:15:38","date_gmt":"2023-12-07T13:15:38","guid":{"rendered":"https:\/\/radiolifefm.com.br\/noticias\/?p=80251"},"modified":"2026-04-17T01:34:40","modified_gmt":"2026-04-17T04:34:40","slug":"grave-questao-social-um-olhar-movido-pelo-abandono","status":"publish","type":"post","link":"https:\/\/radiolifefm.com.br\/noticias\/grave-questao-social-um-olhar-movido-pelo-abandono\/","title":{"rendered":"Grave Quest\u00e3o Social: Um Olhar Movido pelo Abandono"},"content":{"rendered":"<div id=\"fb-root\"><\/div>\n<p>Ele descia a avenida presidente Vargas rumo a escadinha,<\/p>\n<p>Tinha as roupas, rasgadas, cerzidas, tudo imundo; em trapos, p\u00e9s descal\u00e7os.<\/p>\n<p>As oito horas da manh\u00e3, essa avenida t\u00e3o importante da cidade de Bel\u00e9m do Par\u00e1,<\/p>\n<p>se torna passarela dos que dormem ao relento,<\/p>\n<p>dos drogados e abandonados pela fam\u00edlia e pela sociedade.<\/p>\n<p>Calculei pela fisionomia e considerando a desnutri\u00e7\u00e3o,<\/p>\n<p>devia ter uns dezesseis anos de sofrimento.<\/p>\n<p>Os \u00f4nibus param a cada momento e descem dezenas de pessoas<\/p>\n<p>Rumo a mais um dia de trabalho<\/p>\n<p>Rostos s\u00e9rios, tristes, distantes ou alegres.<\/p>\n<p>As jovens que conversam animadas;<\/p>\n<p>Os que param pra tomar caf\u00e9 na Manoel Barata;<\/p>\n<p>Tem gente vendendo tapioca e cuscuz de milho,<\/p>\n<p>Todos t\u00eam pressa, tem hor\u00e1rio para chegar ao seu destino<\/p>\n<p>Ningu\u00e9m presta aten\u00e7\u00e3o em ningu\u00e9m, todos seguem seu cainho,<\/p>\n<p>Mas h\u00e1 uma multid\u00e3o invis\u00edvel que caminha entre n\u00f3s<\/p>\n<p>Que tem fome de comida e sede de afeto ou pelo menos um olhar de aten\u00e7\u00e3o.<\/p>\n<p>Eles existem! Est\u00e3o l\u00e1!<\/p>\n<p>Entrei na Delicidade para tomar caf\u00e9 da manh\u00e3 e quando ia saindo<\/p>\n<p>L\u00e1 estava aquele menino, sentado na borda do canteiro, na frente da padaria,<\/p>\n<p>O seguran\u00e7a olhava atento, para evitar que entrasse para incomodar os clientes.<\/p>\n<p>Vi quele olhar&#8230;<\/p>\n<p>N\u00e3o era s\u00f3 de fome, era de desamparo, solid\u00e3o,<\/p>\n<p>Era de tristeza pela rejei\u00e7\u00e3o.<\/p>\n<p>N\u00e3o sa\u00ed. Voltei e comprei um lanche para ele; o que ele comeu avidamente.<\/p>\n<p>Olhou para mim e disse \u201cobrigada, dona\u201d<\/p>\n<p>E ent\u00e3o percebi que era apenas um momento. E os outros dias?<\/p>\n<p>E as outras manh\u00e3s de fome? E a falta de uma m\u00e3e de quem um dia ele nasceu e<\/p>\n<p>Esteve no colo e talvez brincou e sorriu?<\/p>\n<p>Fiquei ali olhando, enquanto ele sumia no meio da multid\u00e3o apressada.<\/p>\n<p>Uma reflex\u00e3o passou pela minha mente:<\/p>\n<p>As crian\u00e7as de minha fam\u00edlia, seguras, em um lar,<\/p>\n<p>Com carinho e afago,<\/p>\n<p>Com alimento e roupas limpas.<\/p>\n<p>Deveria ser igual para todas as crian\u00e7as do mundo.<\/p>\n<p>&nbsp;<\/p>\n<p>Nunca esqueci aquele olhar, e sempre choro ao lembrar, assim como choro enquanto<\/p>\n<p>Escrevo essas linhas.<\/p>\n<p>Atravessei a rua e fui para o escrit\u00f3rio t\u00e3o abatida como se tivesse perdido algu\u00e9m da fam\u00edlia!<\/p>\n<p>&nbsp;<\/p>\n<p>Solange Lisboa<\/p>\n<p>Escritora\/poeta<\/p>\n<p>@solnlisboa<\/p>\n<p>Solangeserrao3@gmail.com<\/p>\n","protected":false},"excerpt":{"rendered":"<p>Ele descia a avenida presidente Vargas rumo a escadinha, Tinha as roupas, rasgadas, cerzidas, tudo imundo; em trapos, p\u00e9s descal\u00e7os. As oito horas da manh\u00e3, essa avenida t\u00e3o importante da cidade de Bel\u00e9m do Par\u00e1, se torna passarela dos que dormem ao relento, dos drogados e abandonados pela fam\u00edlia e pela sociedade. Calculei pela fisionomia [&hellip;]<\/p>\n","protected":false},"author":13,"featured_media":80252,"comment_status":"closed","ping_status":"open","sticky":false,"template":"","format":"standard","meta":{"_acf_changed":false,"_exactmetrics_skip_tracking":false,"_exactmetrics_sitenote_active":false,"_exactmetrics_sitenote_note":"","_exactmetrics_sitenote_category":0,"footnotes":""},"categories":[59],"tags":[],"class_list":["post-80251","post","type-post","status-publish","format-standard","has-post-thumbnail","hentry","category-opiniao"],"acf":[],"yoast_head":"<!-- This site is optimized with the Yoast SEO plugin v27.2 - https:\/\/yoast.com\/product\/yoast-seo-wordpress\/ -->\n<title>Grave Quest\u00e3o Social: Um Olhar Movido pelo Abandono - R\u00e1dio Life FM<\/title>\n<meta name=\"robots\" content=\"index, follow, max-snippet:-1, max-image-preview:large, max-video-preview:-1\" \/>\n<link rel=\"canonical\" href=\"https:\/\/radiolifefm.com.br\/noticias\/grave-questao-social-um-olhar-movido-pelo-abandono\/\" \/>\n<meta property=\"og:locale\" content=\"pt_BR\" \/>\n<meta property=\"og:type\" content=\"article\" \/>\n<meta property=\"og:title\" content=\"Grave Quest\u00e3o Social: Um Olhar Movido pelo Abandono - R\u00e1dio Life FM\" \/>\n<meta property=\"og:description\" content=\"Ele descia a avenida presidente Vargas rumo a escadinha, Tinha as roupas, rasgadas, cerzidas, tudo imundo; em trapos, p\u00e9s descal\u00e7os. As oito horas da manh\u00e3, essa avenida t\u00e3o importante da cidade de Bel\u00e9m do Par\u00e1, se torna passarela dos que dormem ao relento, dos drogados e abandonados pela fam\u00edlia e pela sociedade. Calculei pela fisionomia [&hellip;]\" \/>\n<meta property=\"og:url\" content=\"https:\/\/radiolifefm.com.br\/noticias\/grave-questao-social-um-olhar-movido-pelo-abandono\/\" \/>\n<meta property=\"og:site_name\" content=\"R\u00e1dio Life FM\" \/>\n<meta property=\"article:publisher\" content=\"https:\/\/www.facebook.com\/radiolifefm\/\" \/>\n<meta property=\"article:published_time\" content=\"2023-12-07T13:15:38+00:00\" \/>\n<meta property=\"article:modified_time\" content=\"2026-04-17T04:34:40+00:00\" \/>\n<meta property=\"og:image\" content=\"https:\/\/radiolifefm.com.br\/noticias\/wp-content\/uploads\/2023\/12\/WhatsApp-Image-2023-12-07-at-10.13.21.jpeg\" \/>\n\t<meta property=\"og:image:width\" content=\"1200\" \/>\n\t<meta property=\"og:image:height\" content=\"1600\" \/>\n\t<meta property=\"og:image:type\" content=\"image\/jpeg\" \/>\n<meta name=\"author\" content=\"ritanery\" \/>\n<meta name=\"twitter:card\" content=\"summary_large_image\" \/>\n<meta name=\"twitter:label1\" content=\"Escrito por\" \/>\n\t<meta name=\"twitter:data1\" content=\"ritanery\" \/>\n\t<meta name=\"twitter:label2\" content=\"Est. tempo de leitura\" \/>\n\t<meta name=\"twitter:data2\" content=\"2 minutos\" \/>\n<script type=\"application\/ld+json\" class=\"yoast-schema-graph\">{\"@context\":\"https:\/\/schema.org\",\"@graph\":[{\"@type\":\"Article\",\"@id\":\"https:\/\/radiolifefm.com.br\/noticias\/grave-questao-social-um-olhar-movido-pelo-abandono\/#article\",\"isPartOf\":{\"@id\":\"https:\/\/radiolifefm.com.br\/noticias\/grave-questao-social-um-olhar-movido-pelo-abandono\/\"},\"author\":{\"name\":\"ritanery\",\"@id\":\"https:\/\/radiolifefm.com.br\/noticias\/#\/schema\/person\/6339b9fac59d12b071dec680d7375d87\"},\"headline\":\"Grave Quest\u00e3o Social: Um Olhar Movido pelo Abandono\",\"datePublished\":\"2023-12-07T13:15:38+00:00\",\"dateModified\":\"2026-04-17T04:34:40+00:00\",\"mainEntityOfPage\":{\"@id\":\"https:\/\/radiolifefm.com.br\/noticias\/grave-questao-social-um-olhar-movido-pelo-abandono\/\"},\"wordCount\":404,\"publisher\":{\"@id\":\"https:\/\/radiolifefm.com.br\/noticias\/#organization\"},\"image\":{\"@id\":\"https:\/\/radiolifefm.com.br\/noticias\/grave-questao-social-um-olhar-movido-pelo-abandono\/#primaryimage\"},\"thumbnailUrl\":\"https:\/\/radiolifefm.com.br\/noticias\/wp-content\/uploads\/2023\/12\/WhatsApp-Image-2023-12-07-at-10.13.21.jpeg\",\"articleSection\":[\"Opini\u00e3o\"],\"inLanguage\":\"pt-BR\"},{\"@type\":\"WebPage\",\"@id\":\"https:\/\/radiolifefm.com.br\/noticias\/grave-questao-social-um-olhar-movido-pelo-abandono\/\",\"url\":\"https:\/\/radiolifefm.com.br\/noticias\/grave-questao-social-um-olhar-movido-pelo-abandono\/\",\"name\":\"Grave Quest\u00e3o Social: Um Olhar Movido pelo Abandono - R\u00e1dio Life FM\",\"isPartOf\":{\"@id\":\"https:\/\/radiolifefm.com.br\/noticias\/#website\"},\"primaryImageOfPage\":{\"@id\":\"https:\/\/radiolifefm.com.br\/noticias\/grave-questao-social-um-olhar-movido-pelo-abandono\/#primaryimage\"},\"image\":{\"@id\":\"https:\/\/radiolifefm.com.br\/noticias\/grave-questao-social-um-olhar-movido-pelo-abandono\/#primaryimage\"},\"thumbnailUrl\":\"https:\/\/radiolifefm.com.br\/noticias\/wp-content\/uploads\/2023\/12\/WhatsApp-Image-2023-12-07-at-10.13.21.jpeg\",\"datePublished\":\"2023-12-07T13:15:38+00:00\",\"dateModified\":\"2026-04-17T04:34:40+00:00\",\"breadcrumb\":{\"@id\":\"https:\/\/radiolifefm.com.br\/noticias\/grave-questao-social-um-olhar-movido-pelo-abandono\/#breadcrumb\"},\"inLanguage\":\"pt-BR\",\"potentialAction\":[{\"@type\":\"ReadAction\",\"target\":[\"https:\/\/radiolifefm.com.br\/noticias\/grave-questao-social-um-olhar-movido-pelo-abandono\/\"]}]},{\"@type\":\"ImageObject\",\"inLanguage\":\"pt-BR\",\"@id\":\"https:\/\/radiolifefm.com.br\/noticias\/grave-questao-social-um-olhar-movido-pelo-abandono\/#primaryimage\",\"url\":\"https:\/\/radiolifefm.com.br\/noticias\/wp-content\/uploads\/2023\/12\/WhatsApp-Image-2023-12-07-at-10.13.21.jpeg\",\"contentUrl\":\"https:\/\/radiolifefm.com.br\/noticias\/wp-content\/uploads\/2023\/12\/WhatsApp-Image-2023-12-07-at-10.13.21.jpeg\",\"width\":1200,\"height\":1600},{\"@type\":\"BreadcrumbList\",\"@id\":\"https:\/\/radiolifefm.com.br\/noticias\/grave-questao-social-um-olhar-movido-pelo-abandono\/#breadcrumb\",\"itemListElement\":[{\"@type\":\"ListItem\",\"position\":1,\"name\":\"In\u00edcio\",\"item\":\"https:\/\/radiolifefm.com.br\/noticias\/\"},{\"@type\":\"ListItem\",\"position\":2,\"name\":\"Grave Quest\u00e3o Social: Um Olhar Movido pelo Abandono\"}]},{\"@type\":\"WebSite\",\"@id\":\"https:\/\/radiolifefm.com.br\/noticias\/#website\",\"url\":\"https:\/\/radiolifefm.com.br\/noticias\/\",\"name\":\"R\u00e1dio Life FM\",\"description\":\"O Portal de Not\u00edcias de Adamantina\",\"publisher\":{\"@id\":\"https:\/\/radiolifefm.com.br\/noticias\/#organization\"},\"alternateName\":\"Life FM\",\"potentialAction\":[{\"@type\":\"SearchAction\",\"target\":{\"@type\":\"EntryPoint\",\"urlTemplate\":\"https:\/\/radiolifefm.com.br\/noticias\/?s={search_term_string}\"},\"query-input\":{\"@type\":\"PropertyValueSpecification\",\"valueRequired\":true,\"valueName\":\"search_term_string\"}}],\"inLanguage\":\"pt-BR\"},{\"@type\":\"Organization\",\"@id\":\"https:\/\/radiolifefm.com.br\/noticias\/#organization\",\"name\":\"R\u00e1dio Life FM\",\"alternateName\":\"Life FM\",\"url\":\"https:\/\/radiolifefm.com.br\/noticias\/\",\"logo\":{\"@type\":\"ImageObject\",\"inLanguage\":\"pt-BR\",\"@id\":\"https:\/\/radiolifefm.com.br\/noticias\/#\/schema\/logo\/image\/\",\"url\":\"https:\/\/static.radiolifefm.com.br\/noticias\/wp-content\/uploads\/2019\/10\/logo-lifefm.png\",\"contentUrl\":\"https:\/\/static.radiolifefm.com.br\/noticias\/wp-content\/uploads\/2019\/10\/logo-lifefm.png\",\"width\":196,\"height\":47,\"caption\":\"R\u00e1dio Life FM\"},\"image\":{\"@id\":\"https:\/\/radiolifefm.com.br\/noticias\/#\/schema\/logo\/image\/\"},\"sameAs\":[\"https:\/\/www.facebook.com\/radiolifefm\/\",\"https:\/\/www.instagram.com\/life1079fm\/\"]},{\"@type\":\"Person\",\"@id\":\"https:\/\/radiolifefm.com.br\/noticias\/#\/schema\/person\/6339b9fac59d12b071dec680d7375d87\",\"name\":\"ritanery\",\"image\":{\"@type\":\"ImageObject\",\"inLanguage\":\"pt-BR\",\"@id\":\"https:\/\/secure.gravatar.com\/avatar\/0e37bb19071f47c0b8a23f62a903df117c5a0e75f65a0c2901562f97cd41cf86?s=96&d=mm&r=g\",\"url\":\"https:\/\/secure.gravatar.com\/avatar\/0e37bb19071f47c0b8a23f62a903df117c5a0e75f65a0c2901562f97cd41cf86?s=96&d=mm&r=g\",\"contentUrl\":\"https:\/\/secure.gravatar.com\/avatar\/0e37bb19071f47c0b8a23f62a903df117c5a0e75f65a0c2901562f97cd41cf86?s=96&d=mm&r=g\",\"caption\":\"ritanery\"}}]}<\/script>\n<!-- \/ Yoast SEO plugin. -->","yoast_head_json":{"title":"Grave Quest\u00e3o Social: Um Olhar Movido pelo Abandono - R\u00e1dio Life FM","robots":{"index":"index","follow":"follow","max-snippet":"max-snippet:-1","max-image-preview":"max-image-preview:large","max-video-preview":"max-video-preview:-1"},"canonical":"https:\/\/radiolifefm.com.br\/noticias\/grave-questao-social-um-olhar-movido-pelo-abandono\/","og_locale":"pt_BR","og_type":"article","og_title":"Grave Quest\u00e3o Social: Um Olhar Movido pelo Abandono - R\u00e1dio Life FM","og_description":"Ele descia a avenida presidente Vargas rumo a escadinha, Tinha as roupas, rasgadas, cerzidas, tudo imundo; em trapos, p\u00e9s descal\u00e7os. As oito horas da manh\u00e3, essa avenida t\u00e3o importante da cidade de Bel\u00e9m do Par\u00e1, se torna passarela dos que dormem ao relento, dos drogados e abandonados pela fam\u00edlia e pela sociedade. Calculei pela fisionomia [&hellip;]","og_url":"https:\/\/radiolifefm.com.br\/noticias\/grave-questao-social-um-olhar-movido-pelo-abandono\/","og_site_name":"R\u00e1dio Life FM","article_publisher":"https:\/\/www.facebook.com\/radiolifefm\/","article_published_time":"2023-12-07T13:15:38+00:00","article_modified_time":"2026-04-17T04:34:40+00:00","og_image":[{"width":1200,"height":1600,"url":"https:\/\/radiolifefm.com.br\/noticias\/wp-content\/uploads\/2023\/12\/WhatsApp-Image-2023-12-07-at-10.13.21.jpeg","type":"image\/jpeg"}],"author":"ritanery","twitter_card":"summary_large_image","twitter_misc":{"Escrito por":"ritanery","Est. tempo de leitura":"2 minutos"},"schema":{"@context":"https:\/\/schema.org","@graph":[{"@type":"Article","@id":"https:\/\/radiolifefm.com.br\/noticias\/grave-questao-social-um-olhar-movido-pelo-abandono\/#article","isPartOf":{"@id":"https:\/\/radiolifefm.com.br\/noticias\/grave-questao-social-um-olhar-movido-pelo-abandono\/"},"author":{"name":"ritanery","@id":"https:\/\/radiolifefm.com.br\/noticias\/#\/schema\/person\/6339b9fac59d12b071dec680d7375d87"},"headline":"Grave Quest\u00e3o Social: Um Olhar Movido pelo Abandono","datePublished":"2023-12-07T13:15:38+00:00","dateModified":"2026-04-17T04:34:40+00:00","mainEntityOfPage":{"@id":"https:\/\/radiolifefm.com.br\/noticias\/grave-questao-social-um-olhar-movido-pelo-abandono\/"},"wordCount":404,"publisher":{"@id":"https:\/\/radiolifefm.com.br\/noticias\/#organization"},"image":{"@id":"https:\/\/radiolifefm.com.br\/noticias\/grave-questao-social-um-olhar-movido-pelo-abandono\/#primaryimage"},"thumbnailUrl":"https:\/\/radiolifefm.com.br\/noticias\/wp-content\/uploads\/2023\/12\/WhatsApp-Image-2023-12-07-at-10.13.21.jpeg","articleSection":["Opini\u00e3o"],"inLanguage":"pt-BR"},{"@type":"WebPage","@id":"https:\/\/radiolifefm.com.br\/noticias\/grave-questao-social-um-olhar-movido-pelo-abandono\/","url":"https:\/\/radiolifefm.com.br\/noticias\/grave-questao-social-um-olhar-movido-pelo-abandono\/","name":"Grave Quest\u00e3o Social: Um Olhar Movido pelo Abandono - R\u00e1dio Life FM","isPartOf":{"@id":"https:\/\/radiolifefm.com.br\/noticias\/#website"},"primaryImageOfPage":{"@id":"https:\/\/radiolifefm.com.br\/noticias\/grave-questao-social-um-olhar-movido-pelo-abandono\/#primaryimage"},"image":{"@id":"https:\/\/radiolifefm.com.br\/noticias\/grave-questao-social-um-olhar-movido-pelo-abandono\/#primaryimage"},"thumbnailUrl":"https:\/\/radiolifefm.com.br\/noticias\/wp-content\/uploads\/2023\/12\/WhatsApp-Image-2023-12-07-at-10.13.21.jpeg","datePublished":"2023-12-07T13:15:38+00:00","dateModified":"2026-04-17T04:34:40+00:00","breadcrumb":{"@id":"https:\/\/radiolifefm.com.br\/noticias\/grave-questao-social-um-olhar-movido-pelo-abandono\/#breadcrumb"},"inLanguage":"pt-BR","potentialAction":[{"@type":"ReadAction","target":["https:\/\/radiolifefm.com.br\/noticias\/grave-questao-social-um-olhar-movido-pelo-abandono\/"]}]},{"@type":"ImageObject","inLanguage":"pt-BR","@id":"https:\/\/radiolifefm.com.br\/noticias\/grave-questao-social-um-olhar-movido-pelo-abandono\/#primaryimage","url":"https:\/\/radiolifefm.com.br\/noticias\/wp-content\/uploads\/2023\/12\/WhatsApp-Image-2023-12-07-at-10.13.21.jpeg","contentUrl":"https:\/\/radiolifefm.com.br\/noticias\/wp-content\/uploads\/2023\/12\/WhatsApp-Image-2023-12-07-at-10.13.21.jpeg","width":1200,"height":1600},{"@type":"BreadcrumbList","@id":"https:\/\/radiolifefm.com.br\/noticias\/grave-questao-social-um-olhar-movido-pelo-abandono\/#breadcrumb","itemListElement":[{"@type":"ListItem","position":1,"name":"In\u00edcio","item":"https:\/\/radiolifefm.com.br\/noticias\/"},{"@type":"ListItem","position":2,"name":"Grave Quest\u00e3o Social: Um Olhar Movido pelo Abandono"}]},{"@type":"WebSite","@id":"https:\/\/radiolifefm.com.br\/noticias\/#website","url":"https:\/\/radiolifefm.com.br\/noticias\/","name":"R\u00e1dio Life FM","description":"O Portal de Not\u00edcias de Adamantina","publisher":{"@id":"https:\/\/radiolifefm.com.br\/noticias\/#organization"},"alternateName":"Life FM","potentialAction":[{"@type":"SearchAction","target":{"@type":"EntryPoint","urlTemplate":"https:\/\/radiolifefm.com.br\/noticias\/?s={search_term_string}"},"query-input":{"@type":"PropertyValueSpecification","valueRequired":true,"valueName":"search_term_string"}}],"inLanguage":"pt-BR"},{"@type":"Organization","@id":"https:\/\/radiolifefm.com.br\/noticias\/#organization","name":"R\u00e1dio Life FM","alternateName":"Life FM","url":"https:\/\/radiolifefm.com.br\/noticias\/","logo":{"@type":"ImageObject","inLanguage":"pt-BR","@id":"https:\/\/radiolifefm.com.br\/noticias\/#\/schema\/logo\/image\/","url":"https:\/\/static.radiolifefm.com.br\/noticias\/wp-content\/uploads\/2019\/10\/logo-lifefm.png","contentUrl":"https:\/\/static.radiolifefm.com.br\/noticias\/wp-content\/uploads\/2019\/10\/logo-lifefm.png","width":196,"height":47,"caption":"R\u00e1dio Life FM"},"image":{"@id":"https:\/\/radiolifefm.com.br\/noticias\/#\/schema\/logo\/image\/"},"sameAs":["https:\/\/www.facebook.com\/radiolifefm\/","https:\/\/www.instagram.com\/life1079fm\/"]},{"@type":"Person","@id":"https:\/\/radiolifefm.com.br\/noticias\/#\/schema\/person\/6339b9fac59d12b071dec680d7375d87","name":"ritanery","image":{"@type":"ImageObject","inLanguage":"pt-BR","@id":"https:\/\/secure.gravatar.com\/avatar\/0e37bb19071f47c0b8a23f62a903df117c5a0e75f65a0c2901562f97cd41cf86?s=96&d=mm&r=g","url":"https:\/\/secure.gravatar.com\/avatar\/0e37bb19071f47c0b8a23f62a903df117c5a0e75f65a0c2901562f97cd41cf86?s=96&d=mm&r=g","contentUrl":"https:\/\/secure.gravatar.com\/avatar\/0e37bb19071f47c0b8a23f62a903df117c5a0e75f65a0c2901562f97cd41cf86?s=96&d=mm&r=g","caption":"ritanery"}}]}},"amp_enabled":true,"_links":{"self":[{"href":"https:\/\/radiolifefm.com.br\/noticias\/wp-json\/wp\/v2\/posts\/80251","targetHints":{"allow":["GET"]}}],"collection":[{"href":"https:\/\/radiolifefm.com.br\/noticias\/wp-json\/wp\/v2\/posts"}],"about":[{"href":"https:\/\/radiolifefm.com.br\/noticias\/wp-json\/wp\/v2\/types\/post"}],"author":[{"embeddable":true,"href":"https:\/\/radiolifefm.com.br\/noticias\/wp-json\/wp\/v2\/users\/13"}],"replies":[{"embeddable":true,"href":"https:\/\/radiolifefm.com.br\/noticias\/wp-json\/wp\/v2\/comments?post=80251"}],"version-history":[{"count":1,"href":"https:\/\/radiolifefm.com.br\/noticias\/wp-json\/wp\/v2\/posts\/80251\/revisions"}],"predecessor-version":[{"id":80253,"href":"https:\/\/radiolifefm.com.br\/noticias\/wp-json\/wp\/v2\/posts\/80251\/revisions\/80253"}],"wp:featuredmedia":[{"embeddable":true,"href":"https:\/\/radiolifefm.com.br\/noticias\/wp-json\/wp\/v2\/media\/80252"}],"wp:attachment":[{"href":"https:\/\/radiolifefm.com.br\/noticias\/wp-json\/wp\/v2\/media?parent=80251"}],"wp:term":[{"taxonomy":"category","embeddable":true,"href":"https:\/\/radiolifefm.com.br\/noticias\/wp-json\/wp\/v2\/categories?post=80251"},{"taxonomy":"post_tag","embeddable":true,"href":"https:\/\/radiolifefm.com.br\/noticias\/wp-json\/wp\/v2\/tags?post=80251"}],"curies":[{"name":"wp","href":"https:\/\/api.w.org\/{rel}","templated":true}]}}