{"id":80230,"date":"2023-12-06T22:20:35","date_gmt":"2023-12-07T01:20:35","guid":{"rendered":"https:\/\/radiolifefm.com.br\/noticias\/?p=80230"},"modified":"2026-02-01T15:15:58","modified_gmt":"2026-02-01T18:15:58","slug":"alfred-russel-wallace-viagem-ao-arquipelago-malaio-2","status":"publish","type":"post","link":"https:\/\/radiolifefm.com.br\/noticias\/alfred-russel-wallace-viagem-ao-arquipelago-malaio-2\/","title":{"rendered":"ALFRED RUSSEL WALLACE: Viagem ao Arquip\u00e9lago Malaio&#8230;"},"content":{"rendered":"<div id=\"fb-root\"><\/div>\n<p><strong><em>\u00a0\u201cSi esto no se hace, las edades futuras sin duda mirar hacia atr\u00e1s sobre nosotros como un pueblo tan inmersos en la b\u00fasqueda de la riqueza como para ser ciego a consideraciones superiores.\u201d (ARW)<\/em><\/strong><\/p>\n<p><strong>\u00a0<\/strong><\/p>\n<p><strong>By seb@r.<\/strong><\/p>\n<p>Este \u00e9 o t\u00edtulo do LIVRO que acabei de ler nestes dias, ainda, pode-se escrever que foi uma CORTESIA da Biblioteca Municipal de Adamantina, de acordo com a pol\u00edtica de distribui\u00e7\u00e3o de MATERIAL para os interessados em geral e assim por diante&#8230;<\/p>\n<p>Como sempre, de vez em quando e mesmo em tempo de PANDEMIA, faz-se necess\u00e1rio ir ao centro da PROV\u00cdNCIA para atividades diversas com CONSULTAS para isto ou aquilo, nestes OCASOS, a BIBLIOTECA acaba ficando no meio deste CAMINHO e sempre \u00e9 poss\u00edvel aproveitar algum t\u00edtulo para futuras LEITURAS, tendo em vista que o CONHECIMENTO deve ser permanente em todas as \u00e1reas&#8230;<\/p>\n<p>Ent\u00e3o, acabei encontrando o ALFRED RUSSEL WALLACE no dia daquela outra semana pra variar um pouco, e tendo em vista que, tais T\u00cdTULOS que relatam PESQUISAS sobre temas e tem\u00e1ticas afins por meio de VISITAS do\/as PESQUISADOR\/A, s\u00e3o mais do que interessantes para que a REFLEX\u00c3O possa estar em CONEX\u00c3O com aquele outro tempo deste tempo&#8230;<\/p>\n<p>Neste caso em PAUTA, o naturalista WALLACE, ingl\u00eas, desenvolveu pesquisas no denominado ARQU\u00cdPELAGO MALAIO entre os anos de 1.854 e 1.862, ainda, deve-se REGISTRAR que ALFRED, tamb\u00e9m, realizou atividades como Pesquisador cient\u00edfico na AMAZ\u00d4NIA (1.848\/1.850)&#8230;<\/p>\n<p>Entretanto, os relatos abordados no Livro VIAGEM AO ARQUIP\u00c9LAGO MALAIO; AS ILHAS INDO-MALAIAS destacam suas peregrina\u00e7\u00f5es cient\u00edficas por um per\u00edodo de 8 anos na regi\u00e3o, bem como, propondo uma TEORIA contr\u00e1ria ao DARWINISMO quanto a SELE\u00c7\u00c3O NATURAL&#8230;<\/p>\n<p>Controv\u00e9rsias \u00e0 parte, RUSSEL apresenta para todos\/as uma VIS\u00c3O daqueles anos que esteve no Arquip\u00e9lago MALAIO, ainda, descrevendo com PRECIS\u00c3O os resultados das Pesquisas realizadas, bem como, suas CONVERSA\u00c7\u00d5ES com os HABITANTES das Ilhas por onde circulou naqueles anos&#8230;<\/p>\n<p>Por\u00e9m, nestes relatos cient\u00edficos registrados por WALLACE, entendo que se encontra no CAP\u00cdTULO 4 que tem como T\u00edtulo, a saber: BORN\u00c9U \u2013 O ORANGOTANGO, ou seja, nestas p\u00e1ginas (53-76), apresenta suas considera\u00e7\u00f5es quanto \u00e0s muitas CA\u00c7ADAS ao ORANGOTANGO com apoio dos nativos conhecidos como DAIAQUES&#8230;<\/p>\n<p>Portanto, de acordo com o LIVRO em pauta, foram diversas CA\u00c7ADAS com a MORTE dos ANIMAIS e tendo como OBJETIVO os ESTUDOS CIENT\u00cdFICOS de RUSSEL WALLACE, todavia, respeitando a \u00e9poca em que ocorreram tais viagens e pesquisas, deve-se considerar que era um outro tempo para todos\/as os PESQUISADORES\/AS que desenvolviam atividades cient\u00edficas em busca de RESPOSTAS para a ORIGEM DAS ESP\u00c9CIES&#8230;<\/p>\n<p>ALFRED nasceu em 1.823 e faleceu no ano de 1.913, sendo considerado um PESQUISADOR importante para as CI\u00caNCIAS NATURAIS, tamb\u00e9m, destaque para o Livro VIAGEM AO ARQUIP\u00c9LAGO MALAIO como sendo uma refer\u00eancia LITER\u00c1RIA sobre viagens e pesquisas realizadas no S\u00c9CULO XIX&#8230;<\/p>\n<p>Deve-se OBSERVAR que at\u00e9 os dias de hoje, isso \u00e9, quase 200 anos depois das PESQUISAS realizadas por WALLACE, a regi\u00e3o continua sendo FASCINANTE para TURISTAS dos quatro cantos do Mundo, bem como, para PESQUISADORES\/AS das \u00e1reas das CI\u00caNCIAS HUMANAS e NATURAIS&#8230;<\/p>\n<p>N\u00e3o encontrei a data da PUBLICA\u00c7\u00c3O deste livro editado pela HEMUS EDITORA LIMITADA, S\u00e3o Paulo, talvez tenha sido publicado em 1.978 de acordo com alguns registros nas p\u00e1ginas do Livro via TRADUTORA do T\u00edtulo (Maria Judith Martins Hoffmann)&#8230;<\/p>\n<p>AVE ARQUIP\u00c9LAGO MALAIO!<\/p>\n<p>AVE ALFRED RUSSEL WALLACE!<\/p>\n","protected":false},"excerpt":{"rendered":"<p>\u00a0\u201cSi esto no se hace, las edades futuras sin duda mirar hacia atr\u00e1s sobre nosotros como un pueblo tan inmersos en la b\u00fasqueda de la riqueza como para ser ciego a consideraciones superiores.\u201d (ARW) \u00a0 By seb@r. Este \u00e9 o t\u00edtulo do LIVRO que acabei de ler nestes dias, ainda, pode-se escrever que foi uma [&hellip;]<\/p>\n","protected":false},"author":13,"featured_media":51988,"comment_status":"closed","ping_status":"open","sticky":false,"template":"","format":"standard","meta":{"_acf_changed":false,"_exactmetrics_skip_tracking":false,"_exactmetrics_sitenote_active":false,"_exactmetrics_sitenote_note":"","_exactmetrics_sitenote_category":0,"footnotes":""},"categories":[59],"tags":[],"class_list":["post-80230","post","type-post","status-publish","format-standard","has-post-thumbnail","hentry","category-opiniao"],"acf":[],"yoast_head":"<!-- This site is optimized with the Yoast SEO plugin v27.2 - https:\/\/yoast.com\/product\/yoast-seo-wordpress\/ -->\n<title>ALFRED RUSSEL WALLACE: Viagem ao Arquip\u00e9lago Malaio... - R\u00e1dio Life FM<\/title>\n<meta name=\"robots\" content=\"index, follow, max-snippet:-1, max-image-preview:large, max-video-preview:-1\" \/>\n<link rel=\"canonical\" href=\"https:\/\/radiolifefm.com.br\/noticias\/alfred-russel-wallace-viagem-ao-arquipelago-malaio-2\/\" \/>\n<meta property=\"og:locale\" content=\"pt_BR\" \/>\n<meta property=\"og:type\" content=\"article\" \/>\n<meta property=\"og:title\" content=\"ALFRED RUSSEL WALLACE: Viagem ao Arquip\u00e9lago Malaio... - R\u00e1dio Life FM\" \/>\n<meta property=\"og:description\" content=\"\u00a0\u201cSi esto no se hace, las edades futuras sin duda mirar hacia atr\u00e1s sobre nosotros como un pueblo tan inmersos en la b\u00fasqueda de la riqueza como para ser ciego a consideraciones superiores.\u201d (ARW) \u00a0 By seb@r. Este \u00e9 o t\u00edtulo do LIVRO que acabei de ler nestes dias, ainda, pode-se escrever que foi uma [&hellip;]\" \/>\n<meta property=\"og:url\" content=\"https:\/\/radiolifefm.com.br\/noticias\/alfred-russel-wallace-viagem-ao-arquipelago-malaio-2\/\" \/>\n<meta property=\"og:site_name\" content=\"R\u00e1dio Life FM\" \/>\n<meta property=\"article:publisher\" content=\"https:\/\/www.facebook.com\/radiolifefm\/\" \/>\n<meta property=\"article:published_time\" content=\"2023-12-07T01:20:35+00:00\" \/>\n<meta property=\"article:modified_time\" content=\"2026-02-01T18:15:58+00:00\" \/>\n<meta property=\"og:image\" content=\"https:\/\/radiolifefm.com.br\/noticias\/wp-content\/uploads\/2022\/04\/WhatsApp-Image-2022-04-10-at-18.43.02.jpeg\" \/>\n\t<meta property=\"og:image:width\" content=\"972\" \/>\n\t<meta property=\"og:image:height\" content=\"1296\" \/>\n\t<meta property=\"og:image:type\" content=\"image\/jpeg\" \/>\n<meta name=\"author\" content=\"ritanery\" \/>\n<meta name=\"twitter:card\" content=\"summary_large_image\" \/>\n<meta name=\"twitter:label1\" content=\"Escrito por\" \/>\n\t<meta name=\"twitter:data1\" content=\"ritanery\" \/>\n\t<meta name=\"twitter:label2\" content=\"Est. tempo de leitura\" \/>\n\t<meta name=\"twitter:data2\" content=\"3 minutos\" \/>\n<script type=\"application\/ld+json\" class=\"yoast-schema-graph\">{\"@context\":\"https:\/\/schema.org\",\"@graph\":[{\"@type\":\"Article\",\"@id\":\"https:\/\/radiolifefm.com.br\/noticias\/alfred-russel-wallace-viagem-ao-arquipelago-malaio-2\/#article\",\"isPartOf\":{\"@id\":\"https:\/\/radiolifefm.com.br\/noticias\/alfred-russel-wallace-viagem-ao-arquipelago-malaio-2\/\"},\"author\":{\"name\":\"ritanery\",\"@id\":\"https:\/\/radiolifefm.com.br\/noticias\/#\/schema\/person\/6339b9fac59d12b071dec680d7375d87\"},\"headline\":\"ALFRED RUSSEL WALLACE: Viagem ao Arquip\u00e9lago Malaio&#8230;\",\"datePublished\":\"2023-12-07T01:20:35+00:00\",\"dateModified\":\"2026-02-01T18:15:58+00:00\",\"mainEntityOfPage\":{\"@id\":\"https:\/\/radiolifefm.com.br\/noticias\/alfred-russel-wallace-viagem-ao-arquipelago-malaio-2\/\"},\"wordCount\":599,\"publisher\":{\"@id\":\"https:\/\/radiolifefm.com.br\/noticias\/#organization\"},\"image\":{\"@id\":\"https:\/\/radiolifefm.com.br\/noticias\/alfred-russel-wallace-viagem-ao-arquipelago-malaio-2\/#primaryimage\"},\"thumbnailUrl\":\"https:\/\/radiolifefm.com.br\/noticias\/wp-content\/uploads\/2022\/04\/WhatsApp-Image-2022-04-10-at-18.43.02.jpeg\",\"articleSection\":[\"Opini\u00e3o\"],\"inLanguage\":\"pt-BR\"},{\"@type\":\"WebPage\",\"@id\":\"https:\/\/radiolifefm.com.br\/noticias\/alfred-russel-wallace-viagem-ao-arquipelago-malaio-2\/\",\"url\":\"https:\/\/radiolifefm.com.br\/noticias\/alfred-russel-wallace-viagem-ao-arquipelago-malaio-2\/\",\"name\":\"ALFRED RUSSEL WALLACE: Viagem ao Arquip\u00e9lago Malaio... - R\u00e1dio Life FM\",\"isPartOf\":{\"@id\":\"https:\/\/radiolifefm.com.br\/noticias\/#website\"},\"primaryImageOfPage\":{\"@id\":\"https:\/\/radiolifefm.com.br\/noticias\/alfred-russel-wallace-viagem-ao-arquipelago-malaio-2\/#primaryimage\"},\"image\":{\"@id\":\"https:\/\/radiolifefm.com.br\/noticias\/alfred-russel-wallace-viagem-ao-arquipelago-malaio-2\/#primaryimage\"},\"thumbnailUrl\":\"https:\/\/radiolifefm.com.br\/noticias\/wp-content\/uploads\/2022\/04\/WhatsApp-Image-2022-04-10-at-18.43.02.jpeg\",\"datePublished\":\"2023-12-07T01:20:35+00:00\",\"dateModified\":\"2026-02-01T18:15:58+00:00\",\"breadcrumb\":{\"@id\":\"https:\/\/radiolifefm.com.br\/noticias\/alfred-russel-wallace-viagem-ao-arquipelago-malaio-2\/#breadcrumb\"},\"inLanguage\":\"pt-BR\",\"potentialAction\":[{\"@type\":\"ReadAction\",\"target\":[\"https:\/\/radiolifefm.com.br\/noticias\/alfred-russel-wallace-viagem-ao-arquipelago-malaio-2\/\"]}]},{\"@type\":\"ImageObject\",\"inLanguage\":\"pt-BR\",\"@id\":\"https:\/\/radiolifefm.com.br\/noticias\/alfred-russel-wallace-viagem-ao-arquipelago-malaio-2\/#primaryimage\",\"url\":\"https:\/\/radiolifefm.com.br\/noticias\/wp-content\/uploads\/2022\/04\/WhatsApp-Image-2022-04-10-at-18.43.02.jpeg\",\"contentUrl\":\"https:\/\/radiolifefm.com.br\/noticias\/wp-content\/uploads\/2022\/04\/WhatsApp-Image-2022-04-10-at-18.43.02.jpeg\",\"width\":972,\"height\":1296,\"caption\":\"S\u00e9rgio Barbosa\"},{\"@type\":\"BreadcrumbList\",\"@id\":\"https:\/\/radiolifefm.com.br\/noticias\/alfred-russel-wallace-viagem-ao-arquipelago-malaio-2\/#breadcrumb\",\"itemListElement\":[{\"@type\":\"ListItem\",\"position\":1,\"name\":\"In\u00edcio\",\"item\":\"https:\/\/radiolifefm.com.br\/noticias\/\"},{\"@type\":\"ListItem\",\"position\":2,\"name\":\"ALFRED RUSSEL WALLACE: Viagem ao Arquip\u00e9lago Malaio&#8230;\"}]},{\"@type\":\"WebSite\",\"@id\":\"https:\/\/radiolifefm.com.br\/noticias\/#website\",\"url\":\"https:\/\/radiolifefm.com.br\/noticias\/\",\"name\":\"R\u00e1dio Life FM\",\"description\":\"O Portal de Not\u00edcias de Adamantina\",\"publisher\":{\"@id\":\"https:\/\/radiolifefm.com.br\/noticias\/#organization\"},\"alternateName\":\"Life FM\",\"potentialAction\":[{\"@type\":\"SearchAction\",\"target\":{\"@type\":\"EntryPoint\",\"urlTemplate\":\"https:\/\/radiolifefm.com.br\/noticias\/?s={search_term_string}\"},\"query-input\":{\"@type\":\"PropertyValueSpecification\",\"valueRequired\":true,\"valueName\":\"search_term_string\"}}],\"inLanguage\":\"pt-BR\"},{\"@type\":\"Organization\",\"@id\":\"https:\/\/radiolifefm.com.br\/noticias\/#organization\",\"name\":\"R\u00e1dio Life FM\",\"alternateName\":\"Life FM\",\"url\":\"https:\/\/radiolifefm.com.br\/noticias\/\",\"logo\":{\"@type\":\"ImageObject\",\"inLanguage\":\"pt-BR\",\"@id\":\"https:\/\/radiolifefm.com.br\/noticias\/#\/schema\/logo\/image\/\",\"url\":\"https:\/\/static.radiolifefm.com.br\/noticias\/wp-content\/uploads\/2019\/10\/logo-lifefm.png\",\"contentUrl\":\"https:\/\/static.radiolifefm.com.br\/noticias\/wp-content\/uploads\/2019\/10\/logo-lifefm.png\",\"width\":196,\"height\":47,\"caption\":\"R\u00e1dio Life FM\"},\"image\":{\"@id\":\"https:\/\/radiolifefm.com.br\/noticias\/#\/schema\/logo\/image\/\"},\"sameAs\":[\"https:\/\/www.facebook.com\/radiolifefm\/\",\"https:\/\/www.instagram.com\/life1079fm\/\"]},{\"@type\":\"Person\",\"@id\":\"https:\/\/radiolifefm.com.br\/noticias\/#\/schema\/person\/6339b9fac59d12b071dec680d7375d87\",\"name\":\"ritanery\",\"image\":{\"@type\":\"ImageObject\",\"inLanguage\":\"pt-BR\",\"@id\":\"https:\/\/secure.gravatar.com\/avatar\/0e37bb19071f47c0b8a23f62a903df117c5a0e75f65a0c2901562f97cd41cf86?s=96&d=mm&r=g\",\"url\":\"https:\/\/secure.gravatar.com\/avatar\/0e37bb19071f47c0b8a23f62a903df117c5a0e75f65a0c2901562f97cd41cf86?s=96&d=mm&r=g\",\"contentUrl\":\"https:\/\/secure.gravatar.com\/avatar\/0e37bb19071f47c0b8a23f62a903df117c5a0e75f65a0c2901562f97cd41cf86?s=96&d=mm&r=g\",\"caption\":\"ritanery\"}}]}<\/script>\n<!-- \/ Yoast SEO plugin. -->","yoast_head_json":{"title":"ALFRED RUSSEL WALLACE: Viagem ao Arquip\u00e9lago Malaio... - R\u00e1dio Life FM","robots":{"index":"index","follow":"follow","max-snippet":"max-snippet:-1","max-image-preview":"max-image-preview:large","max-video-preview":"max-video-preview:-1"},"canonical":"https:\/\/radiolifefm.com.br\/noticias\/alfred-russel-wallace-viagem-ao-arquipelago-malaio-2\/","og_locale":"pt_BR","og_type":"article","og_title":"ALFRED RUSSEL WALLACE: Viagem ao Arquip\u00e9lago Malaio... - R\u00e1dio Life FM","og_description":"\u00a0\u201cSi esto no se hace, las edades futuras sin duda mirar hacia atr\u00e1s sobre nosotros como un pueblo tan inmersos en la b\u00fasqueda de la riqueza como para ser ciego a consideraciones superiores.\u201d (ARW) \u00a0 By seb@r. Este \u00e9 o t\u00edtulo do LIVRO que acabei de ler nestes dias, ainda, pode-se escrever que foi uma [&hellip;]","og_url":"https:\/\/radiolifefm.com.br\/noticias\/alfred-russel-wallace-viagem-ao-arquipelago-malaio-2\/","og_site_name":"R\u00e1dio Life FM","article_publisher":"https:\/\/www.facebook.com\/radiolifefm\/","article_published_time":"2023-12-07T01:20:35+00:00","article_modified_time":"2026-02-01T18:15:58+00:00","og_image":[{"width":972,"height":1296,"url":"https:\/\/radiolifefm.com.br\/noticias\/wp-content\/uploads\/2022\/04\/WhatsApp-Image-2022-04-10-at-18.43.02.jpeg","type":"image\/jpeg"}],"author":"ritanery","twitter_card":"summary_large_image","twitter_misc":{"Escrito por":"ritanery","Est. tempo de leitura":"3 minutos"},"schema":{"@context":"https:\/\/schema.org","@graph":[{"@type":"Article","@id":"https:\/\/radiolifefm.com.br\/noticias\/alfred-russel-wallace-viagem-ao-arquipelago-malaio-2\/#article","isPartOf":{"@id":"https:\/\/radiolifefm.com.br\/noticias\/alfred-russel-wallace-viagem-ao-arquipelago-malaio-2\/"},"author":{"name":"ritanery","@id":"https:\/\/radiolifefm.com.br\/noticias\/#\/schema\/person\/6339b9fac59d12b071dec680d7375d87"},"headline":"ALFRED RUSSEL WALLACE: Viagem ao Arquip\u00e9lago Malaio&#8230;","datePublished":"2023-12-07T01:20:35+00:00","dateModified":"2026-02-01T18:15:58+00:00","mainEntityOfPage":{"@id":"https:\/\/radiolifefm.com.br\/noticias\/alfred-russel-wallace-viagem-ao-arquipelago-malaio-2\/"},"wordCount":599,"publisher":{"@id":"https:\/\/radiolifefm.com.br\/noticias\/#organization"},"image":{"@id":"https:\/\/radiolifefm.com.br\/noticias\/alfred-russel-wallace-viagem-ao-arquipelago-malaio-2\/#primaryimage"},"thumbnailUrl":"https:\/\/radiolifefm.com.br\/noticias\/wp-content\/uploads\/2022\/04\/WhatsApp-Image-2022-04-10-at-18.43.02.jpeg","articleSection":["Opini\u00e3o"],"inLanguage":"pt-BR"},{"@type":"WebPage","@id":"https:\/\/radiolifefm.com.br\/noticias\/alfred-russel-wallace-viagem-ao-arquipelago-malaio-2\/","url":"https:\/\/radiolifefm.com.br\/noticias\/alfred-russel-wallace-viagem-ao-arquipelago-malaio-2\/","name":"ALFRED RUSSEL WALLACE: Viagem ao Arquip\u00e9lago Malaio... - R\u00e1dio Life FM","isPartOf":{"@id":"https:\/\/radiolifefm.com.br\/noticias\/#website"},"primaryImageOfPage":{"@id":"https:\/\/radiolifefm.com.br\/noticias\/alfred-russel-wallace-viagem-ao-arquipelago-malaio-2\/#primaryimage"},"image":{"@id":"https:\/\/radiolifefm.com.br\/noticias\/alfred-russel-wallace-viagem-ao-arquipelago-malaio-2\/#primaryimage"},"thumbnailUrl":"https:\/\/radiolifefm.com.br\/noticias\/wp-content\/uploads\/2022\/04\/WhatsApp-Image-2022-04-10-at-18.43.02.jpeg","datePublished":"2023-12-07T01:20:35+00:00","dateModified":"2026-02-01T18:15:58+00:00","breadcrumb":{"@id":"https:\/\/radiolifefm.com.br\/noticias\/alfred-russel-wallace-viagem-ao-arquipelago-malaio-2\/#breadcrumb"},"inLanguage":"pt-BR","potentialAction":[{"@type":"ReadAction","target":["https:\/\/radiolifefm.com.br\/noticias\/alfred-russel-wallace-viagem-ao-arquipelago-malaio-2\/"]}]},{"@type":"ImageObject","inLanguage":"pt-BR","@id":"https:\/\/radiolifefm.com.br\/noticias\/alfred-russel-wallace-viagem-ao-arquipelago-malaio-2\/#primaryimage","url":"https:\/\/radiolifefm.com.br\/noticias\/wp-content\/uploads\/2022\/04\/WhatsApp-Image-2022-04-10-at-18.43.02.jpeg","contentUrl":"https:\/\/radiolifefm.com.br\/noticias\/wp-content\/uploads\/2022\/04\/WhatsApp-Image-2022-04-10-at-18.43.02.jpeg","width":972,"height":1296,"caption":"S\u00e9rgio Barbosa"},{"@type":"BreadcrumbList","@id":"https:\/\/radiolifefm.com.br\/noticias\/alfred-russel-wallace-viagem-ao-arquipelago-malaio-2\/#breadcrumb","itemListElement":[{"@type":"ListItem","position":1,"name":"In\u00edcio","item":"https:\/\/radiolifefm.com.br\/noticias\/"},{"@type":"ListItem","position":2,"name":"ALFRED RUSSEL WALLACE: Viagem ao Arquip\u00e9lago Malaio&#8230;"}]},{"@type":"WebSite","@id":"https:\/\/radiolifefm.com.br\/noticias\/#website","url":"https:\/\/radiolifefm.com.br\/noticias\/","name":"R\u00e1dio Life FM","description":"O Portal de Not\u00edcias de Adamantina","publisher":{"@id":"https:\/\/radiolifefm.com.br\/noticias\/#organization"},"alternateName":"Life FM","potentialAction":[{"@type":"SearchAction","target":{"@type":"EntryPoint","urlTemplate":"https:\/\/radiolifefm.com.br\/noticias\/?s={search_term_string}"},"query-input":{"@type":"PropertyValueSpecification","valueRequired":true,"valueName":"search_term_string"}}],"inLanguage":"pt-BR"},{"@type":"Organization","@id":"https:\/\/radiolifefm.com.br\/noticias\/#organization","name":"R\u00e1dio Life FM","alternateName":"Life FM","url":"https:\/\/radiolifefm.com.br\/noticias\/","logo":{"@type":"ImageObject","inLanguage":"pt-BR","@id":"https:\/\/radiolifefm.com.br\/noticias\/#\/schema\/logo\/image\/","url":"https:\/\/static.radiolifefm.com.br\/noticias\/wp-content\/uploads\/2019\/10\/logo-lifefm.png","contentUrl":"https:\/\/static.radiolifefm.com.br\/noticias\/wp-content\/uploads\/2019\/10\/logo-lifefm.png","width":196,"height":47,"caption":"R\u00e1dio Life FM"},"image":{"@id":"https:\/\/radiolifefm.com.br\/noticias\/#\/schema\/logo\/image\/"},"sameAs":["https:\/\/www.facebook.com\/radiolifefm\/","https:\/\/www.instagram.com\/life1079fm\/"]},{"@type":"Person","@id":"https:\/\/radiolifefm.com.br\/noticias\/#\/schema\/person\/6339b9fac59d12b071dec680d7375d87","name":"ritanery","image":{"@type":"ImageObject","inLanguage":"pt-BR","@id":"https:\/\/secure.gravatar.com\/avatar\/0e37bb19071f47c0b8a23f62a903df117c5a0e75f65a0c2901562f97cd41cf86?s=96&d=mm&r=g","url":"https:\/\/secure.gravatar.com\/avatar\/0e37bb19071f47c0b8a23f62a903df117c5a0e75f65a0c2901562f97cd41cf86?s=96&d=mm&r=g","contentUrl":"https:\/\/secure.gravatar.com\/avatar\/0e37bb19071f47c0b8a23f62a903df117c5a0e75f65a0c2901562f97cd41cf86?s=96&d=mm&r=g","caption":"ritanery"}}]}},"amp_enabled":true,"_links":{"self":[{"href":"https:\/\/radiolifefm.com.br\/noticias\/wp-json\/wp\/v2\/posts\/80230","targetHints":{"allow":["GET"]}}],"collection":[{"href":"https:\/\/radiolifefm.com.br\/noticias\/wp-json\/wp\/v2\/posts"}],"about":[{"href":"https:\/\/radiolifefm.com.br\/noticias\/wp-json\/wp\/v2\/types\/post"}],"author":[{"embeddable":true,"href":"https:\/\/radiolifefm.com.br\/noticias\/wp-json\/wp\/v2\/users\/13"}],"replies":[{"embeddable":true,"href":"https:\/\/radiolifefm.com.br\/noticias\/wp-json\/wp\/v2\/comments?post=80230"}],"version-history":[{"count":1,"href":"https:\/\/radiolifefm.com.br\/noticias\/wp-json\/wp\/v2\/posts\/80230\/revisions"}],"predecessor-version":[{"id":80231,"href":"https:\/\/radiolifefm.com.br\/noticias\/wp-json\/wp\/v2\/posts\/80230\/revisions\/80231"}],"wp:featuredmedia":[{"embeddable":true,"href":"https:\/\/radiolifefm.com.br\/noticias\/wp-json\/wp\/v2\/media\/51988"}],"wp:attachment":[{"href":"https:\/\/radiolifefm.com.br\/noticias\/wp-json\/wp\/v2\/media?parent=80230"}],"wp:term":[{"taxonomy":"category","embeddable":true,"href":"https:\/\/radiolifefm.com.br\/noticias\/wp-json\/wp\/v2\/categories?post=80230"},{"taxonomy":"post_tag","embeddable":true,"href":"https:\/\/radiolifefm.com.br\/noticias\/wp-json\/wp\/v2\/tags?post=80230"}],"curies":[{"name":"wp","href":"https:\/\/api.w.org\/{rel}","templated":true}]}}