{"id":80060,"date":"2023-12-04T08:02:06","date_gmt":"2023-12-04T11:02:06","guid":{"rendered":"https:\/\/radiolifefm.com.br\/noticias\/?p=80060"},"modified":"2026-04-06T16:18:58","modified_gmt":"2026-04-06T19:18:58","slug":"s-o-s-palestina","status":"publish","type":"post","link":"https:\/\/radiolifefm.com.br\/noticias\/s-o-s-palestina\/","title":{"rendered":"S O S Palestina!"},"content":{"rendered":"<div id=\"fb-root\"><\/div>\n<p>Escrevo de amor, n\u00e3o de paix\u00e3o!<\/p>\n<p>E da maldade do mundo, com uma carapa\u00e7a,<\/p>\n<p>Protejo meu cora\u00e7\u00e3o; porque a l\u00edngua que falo,<\/p>\n<p>N\u00e3o parece desse mundo. \u00c9 de outra ra\u00e7a.<\/p>\n<p>&nbsp;<\/p>\n<p>N\u00e3o falo de amar, os do mesmo sangue e fam\u00edlia,<\/p>\n<p>Os do mesmo povo e na\u00e7\u00e3o,<\/p>\n<p>Falo de um sentimento que n\u00e3o cabe em numa ilha,<\/p>\n<p>Que vai muito al\u00e9m deste solo e do meu ch\u00e3o!<\/p>\n<p>&nbsp;<\/p>\n<p>Falo do amor que sinto, por quem nunca vi,<\/p>\n<p>Idiomas que eu nunca ouvi,<\/p>\n<p>Da burca e turbante, roupas que nunca usei,<\/p>\n<p>De crian\u00e7as que precisam de coisas que eu descartei.<\/p>\n<p>&nbsp;<\/p>\n<p>Amor, que ergue a voz e uma bandeira de paz,<\/p>\n<p>N\u00e3o por serem parentes ou amigos,<\/p>\n<p>Mas por estarem vivendo constante amea\u00e7a,<\/p>\n<p>Por outros humanos: essa triste e desumana ra\u00e7a.<\/p>\n<p>&nbsp;<\/p>\n<p>Amor, contra o poder que fala de cordialidade,<\/p>\n<p>Escreve uma declara\u00e7\u00e3o cheia de bondade,<\/p>\n<p>Mas fabrica armas letais a humanidade,<\/p>\n<p>Alegando que o objetivo, \u00e9 defender a liberdade.<\/p>\n<p>&nbsp;<\/p>\n<p>\u201cT\u00eam apar\u00eancia de cordeiro, mas falam como drag\u00e3o\u201d,<\/p>\n<p>Usando seu poderio, exterminam mulheres e crian\u00e7as,<\/p>\n<p>Lhes tiram a \u00e1gua, rem\u00e9dios e lhes negam o p\u00e3o.<\/p>\n<p>Destroem um pa\u00eds inteiro, para roubar-lhes o ch\u00e3o!<\/p>\n<p>&nbsp;<\/p>\n<p>Este poema, \u00e9 uma predi\u00e7\u00e3o,<\/p>\n<p>Que a uma li\u00e7\u00e3o, se destina:<\/p>\n<p>Se o mundo calar diante da ambi\u00e7\u00e3o,<\/p>\n<p>Em silencio sepultar\u00e1 a Palestina!<\/p>\n<p>&nbsp;<\/p>\n<p><strong>Solange Lisboa<\/strong><\/p>\n<p><strong>Poeta\/Escritora<\/strong><\/p>\n<p><strong>@solnlisboa<br \/>\n<\/strong><a href=\"mailto:solangeserrao3@gmail.com\"><strong>solangeserrao3@gmail.com<\/strong><\/a><\/p>\n","protected":false},"excerpt":{"rendered":"<p>Escrevo de amor, n\u00e3o de paix\u00e3o! E da maldade do mundo, com uma carapa\u00e7a, Protejo meu cora\u00e7\u00e3o; porque a l\u00edngua que falo, N\u00e3o parece desse mundo. \u00c9 de outra ra\u00e7a. &nbsp; N\u00e3o falo de amar, os do mesmo sangue e fam\u00edlia, Os do mesmo povo e na\u00e7\u00e3o, Falo de um sentimento que n\u00e3o cabe em [&hellip;]<\/p>\n","protected":false},"author":13,"featured_media":80061,"comment_status":"closed","ping_status":"open","sticky":false,"template":"","format":"standard","meta":{"_acf_changed":false,"_exactmetrics_skip_tracking":false,"_exactmetrics_sitenote_active":false,"_exactmetrics_sitenote_note":"","_exactmetrics_sitenote_category":0,"footnotes":""},"categories":[59],"tags":[],"class_list":["post-80060","post","type-post","status-publish","format-standard","has-post-thumbnail","hentry","category-opiniao"],"acf":[],"yoast_head":"<!-- This site is optimized with the Yoast SEO plugin v27.2 - https:\/\/yoast.com\/product\/yoast-seo-wordpress\/ -->\n<title>S O S Palestina! - R\u00e1dio Life FM<\/title>\n<meta name=\"robots\" content=\"index, follow, max-snippet:-1, max-image-preview:large, max-video-preview:-1\" \/>\n<link rel=\"canonical\" href=\"https:\/\/radiolifefm.com.br\/noticias\/s-o-s-palestina\/\" \/>\n<meta property=\"og:locale\" content=\"pt_BR\" \/>\n<meta property=\"og:type\" content=\"article\" \/>\n<meta property=\"og:title\" content=\"S O S Palestina! - R\u00e1dio Life FM\" \/>\n<meta property=\"og:description\" content=\"Escrevo de amor, n\u00e3o de paix\u00e3o! E da maldade do mundo, com uma carapa\u00e7a, Protejo meu cora\u00e7\u00e3o; porque a l\u00edngua que falo, N\u00e3o parece desse mundo. \u00c9 de outra ra\u00e7a. &nbsp; N\u00e3o falo de amar, os do mesmo sangue e fam\u00edlia, Os do mesmo povo e na\u00e7\u00e3o, Falo de um sentimento que n\u00e3o cabe em [&hellip;]\" \/>\n<meta property=\"og:url\" content=\"https:\/\/radiolifefm.com.br\/noticias\/s-o-s-palestina\/\" \/>\n<meta property=\"og:site_name\" content=\"R\u00e1dio Life FM\" \/>\n<meta property=\"article:publisher\" content=\"https:\/\/www.facebook.com\/radiolifefm\/\" \/>\n<meta property=\"article:published_time\" content=\"2023-12-04T11:02:06+00:00\" \/>\n<meta property=\"article:modified_time\" content=\"2026-04-06T19:18:58+00:00\" \/>\n<meta property=\"og:image\" content=\"https:\/\/radiolifefm.com.br\/noticias\/wp-content\/uploads\/2023\/12\/WhatsApp-Image-2023-12-03-at-20.15.40.jpeg\" \/>\n\t<meta property=\"og:image:width\" content=\"1200\" \/>\n\t<meta property=\"og:image:height\" content=\"1600\" \/>\n\t<meta property=\"og:image:type\" content=\"image\/jpeg\" \/>\n<meta name=\"author\" content=\"ritanery\" \/>\n<meta name=\"twitter:card\" content=\"summary_large_image\" \/>\n<meta name=\"twitter:label1\" content=\"Escrito por\" \/>\n\t<meta name=\"twitter:data1\" content=\"ritanery\" \/>\n\t<meta name=\"twitter:label2\" content=\"Est. tempo de leitura\" \/>\n\t<meta name=\"twitter:data2\" content=\"2 minutos\" \/>\n<script type=\"application\/ld+json\" class=\"yoast-schema-graph\">{\"@context\":\"https:\/\/schema.org\",\"@graph\":[{\"@type\":\"Article\",\"@id\":\"https:\/\/radiolifefm.com.br\/noticias\/s-o-s-palestina\/#article\",\"isPartOf\":{\"@id\":\"https:\/\/radiolifefm.com.br\/noticias\/s-o-s-palestina\/\"},\"author\":{\"name\":\"ritanery\",\"@id\":\"https:\/\/radiolifefm.com.br\/noticias\/#\/schema\/person\/6339b9fac59d12b071dec680d7375d87\"},\"headline\":\"S O S Palestina!\",\"datePublished\":\"2023-12-04T11:02:06+00:00\",\"dateModified\":\"2026-04-06T19:18:58+00:00\",\"mainEntityOfPage\":{\"@id\":\"https:\/\/radiolifefm.com.br\/noticias\/s-o-s-palestina\/\"},\"wordCount\":256,\"publisher\":{\"@id\":\"https:\/\/radiolifefm.com.br\/noticias\/#organization\"},\"image\":{\"@id\":\"https:\/\/radiolifefm.com.br\/noticias\/s-o-s-palestina\/#primaryimage\"},\"thumbnailUrl\":\"https:\/\/radiolifefm.com.br\/noticias\/wp-content\/uploads\/2023\/12\/WhatsApp-Image-2023-12-03-at-20.15.40.jpeg\",\"articleSection\":[\"Opini\u00e3o\"],\"inLanguage\":\"pt-BR\"},{\"@type\":\"WebPage\",\"@id\":\"https:\/\/radiolifefm.com.br\/noticias\/s-o-s-palestina\/\",\"url\":\"https:\/\/radiolifefm.com.br\/noticias\/s-o-s-palestina\/\",\"name\":\"S O S Palestina! - R\u00e1dio Life FM\",\"isPartOf\":{\"@id\":\"https:\/\/radiolifefm.com.br\/noticias\/#website\"},\"primaryImageOfPage\":{\"@id\":\"https:\/\/radiolifefm.com.br\/noticias\/s-o-s-palestina\/#primaryimage\"},\"image\":{\"@id\":\"https:\/\/radiolifefm.com.br\/noticias\/s-o-s-palestina\/#primaryimage\"},\"thumbnailUrl\":\"https:\/\/radiolifefm.com.br\/noticias\/wp-content\/uploads\/2023\/12\/WhatsApp-Image-2023-12-03-at-20.15.40.jpeg\",\"datePublished\":\"2023-12-04T11:02:06+00:00\",\"dateModified\":\"2026-04-06T19:18:58+00:00\",\"breadcrumb\":{\"@id\":\"https:\/\/radiolifefm.com.br\/noticias\/s-o-s-palestina\/#breadcrumb\"},\"inLanguage\":\"pt-BR\",\"potentialAction\":[{\"@type\":\"ReadAction\",\"target\":[\"https:\/\/radiolifefm.com.br\/noticias\/s-o-s-palestina\/\"]}]},{\"@type\":\"ImageObject\",\"inLanguage\":\"pt-BR\",\"@id\":\"https:\/\/radiolifefm.com.br\/noticias\/s-o-s-palestina\/#primaryimage\",\"url\":\"https:\/\/radiolifefm.com.br\/noticias\/wp-content\/uploads\/2023\/12\/WhatsApp-Image-2023-12-03-at-20.15.40.jpeg\",\"contentUrl\":\"https:\/\/radiolifefm.com.br\/noticias\/wp-content\/uploads\/2023\/12\/WhatsApp-Image-2023-12-03-at-20.15.40.jpeg\",\"width\":1200,\"height\":1600,\"caption\":\"Solange Lisboa\"},{\"@type\":\"BreadcrumbList\",\"@id\":\"https:\/\/radiolifefm.com.br\/noticias\/s-o-s-palestina\/#breadcrumb\",\"itemListElement\":[{\"@type\":\"ListItem\",\"position\":1,\"name\":\"In\u00edcio\",\"item\":\"https:\/\/radiolifefm.com.br\/noticias\/\"},{\"@type\":\"ListItem\",\"position\":2,\"name\":\"S O S Palestina!\"}]},{\"@type\":\"WebSite\",\"@id\":\"https:\/\/radiolifefm.com.br\/noticias\/#website\",\"url\":\"https:\/\/radiolifefm.com.br\/noticias\/\",\"name\":\"R\u00e1dio Life FM\",\"description\":\"O Portal de Not\u00edcias de Adamantina\",\"publisher\":{\"@id\":\"https:\/\/radiolifefm.com.br\/noticias\/#organization\"},\"alternateName\":\"Life FM\",\"potentialAction\":[{\"@type\":\"SearchAction\",\"target\":{\"@type\":\"EntryPoint\",\"urlTemplate\":\"https:\/\/radiolifefm.com.br\/noticias\/?s={search_term_string}\"},\"query-input\":{\"@type\":\"PropertyValueSpecification\",\"valueRequired\":true,\"valueName\":\"search_term_string\"}}],\"inLanguage\":\"pt-BR\"},{\"@type\":\"Organization\",\"@id\":\"https:\/\/radiolifefm.com.br\/noticias\/#organization\",\"name\":\"R\u00e1dio Life FM\",\"alternateName\":\"Life FM\",\"url\":\"https:\/\/radiolifefm.com.br\/noticias\/\",\"logo\":{\"@type\":\"ImageObject\",\"inLanguage\":\"pt-BR\",\"@id\":\"https:\/\/radiolifefm.com.br\/noticias\/#\/schema\/logo\/image\/\",\"url\":\"https:\/\/static.radiolifefm.com.br\/noticias\/wp-content\/uploads\/2019\/10\/logo-lifefm.png\",\"contentUrl\":\"https:\/\/static.radiolifefm.com.br\/noticias\/wp-content\/uploads\/2019\/10\/logo-lifefm.png\",\"width\":196,\"height\":47,\"caption\":\"R\u00e1dio Life FM\"},\"image\":{\"@id\":\"https:\/\/radiolifefm.com.br\/noticias\/#\/schema\/logo\/image\/\"},\"sameAs\":[\"https:\/\/www.facebook.com\/radiolifefm\/\",\"https:\/\/www.instagram.com\/life1079fm\/\"]},{\"@type\":\"Person\",\"@id\":\"https:\/\/radiolifefm.com.br\/noticias\/#\/schema\/person\/6339b9fac59d12b071dec680d7375d87\",\"name\":\"ritanery\",\"image\":{\"@type\":\"ImageObject\",\"inLanguage\":\"pt-BR\",\"@id\":\"https:\/\/secure.gravatar.com\/avatar\/0e37bb19071f47c0b8a23f62a903df117c5a0e75f65a0c2901562f97cd41cf86?s=96&d=mm&r=g\",\"url\":\"https:\/\/secure.gravatar.com\/avatar\/0e37bb19071f47c0b8a23f62a903df117c5a0e75f65a0c2901562f97cd41cf86?s=96&d=mm&r=g\",\"contentUrl\":\"https:\/\/secure.gravatar.com\/avatar\/0e37bb19071f47c0b8a23f62a903df117c5a0e75f65a0c2901562f97cd41cf86?s=96&d=mm&r=g\",\"caption\":\"ritanery\"}}]}<\/script>\n<!-- \/ Yoast SEO plugin. -->","yoast_head_json":{"title":"S O S Palestina! - R\u00e1dio Life FM","robots":{"index":"index","follow":"follow","max-snippet":"max-snippet:-1","max-image-preview":"max-image-preview:large","max-video-preview":"max-video-preview:-1"},"canonical":"https:\/\/radiolifefm.com.br\/noticias\/s-o-s-palestina\/","og_locale":"pt_BR","og_type":"article","og_title":"S O S Palestina! - R\u00e1dio Life FM","og_description":"Escrevo de amor, n\u00e3o de paix\u00e3o! E da maldade do mundo, com uma carapa\u00e7a, Protejo meu cora\u00e7\u00e3o; porque a l\u00edngua que falo, N\u00e3o parece desse mundo. \u00c9 de outra ra\u00e7a. &nbsp; N\u00e3o falo de amar, os do mesmo sangue e fam\u00edlia, Os do mesmo povo e na\u00e7\u00e3o, Falo de um sentimento que n\u00e3o cabe em [&hellip;]","og_url":"https:\/\/radiolifefm.com.br\/noticias\/s-o-s-palestina\/","og_site_name":"R\u00e1dio Life FM","article_publisher":"https:\/\/www.facebook.com\/radiolifefm\/","article_published_time":"2023-12-04T11:02:06+00:00","article_modified_time":"2026-04-06T19:18:58+00:00","og_image":[{"width":1200,"height":1600,"url":"https:\/\/radiolifefm.com.br\/noticias\/wp-content\/uploads\/2023\/12\/WhatsApp-Image-2023-12-03-at-20.15.40.jpeg","type":"image\/jpeg"}],"author":"ritanery","twitter_card":"summary_large_image","twitter_misc":{"Escrito por":"ritanery","Est. tempo de leitura":"2 minutos"},"schema":{"@context":"https:\/\/schema.org","@graph":[{"@type":"Article","@id":"https:\/\/radiolifefm.com.br\/noticias\/s-o-s-palestina\/#article","isPartOf":{"@id":"https:\/\/radiolifefm.com.br\/noticias\/s-o-s-palestina\/"},"author":{"name":"ritanery","@id":"https:\/\/radiolifefm.com.br\/noticias\/#\/schema\/person\/6339b9fac59d12b071dec680d7375d87"},"headline":"S O S Palestina!","datePublished":"2023-12-04T11:02:06+00:00","dateModified":"2026-04-06T19:18:58+00:00","mainEntityOfPage":{"@id":"https:\/\/radiolifefm.com.br\/noticias\/s-o-s-palestina\/"},"wordCount":256,"publisher":{"@id":"https:\/\/radiolifefm.com.br\/noticias\/#organization"},"image":{"@id":"https:\/\/radiolifefm.com.br\/noticias\/s-o-s-palestina\/#primaryimage"},"thumbnailUrl":"https:\/\/radiolifefm.com.br\/noticias\/wp-content\/uploads\/2023\/12\/WhatsApp-Image-2023-12-03-at-20.15.40.jpeg","articleSection":["Opini\u00e3o"],"inLanguage":"pt-BR"},{"@type":"WebPage","@id":"https:\/\/radiolifefm.com.br\/noticias\/s-o-s-palestina\/","url":"https:\/\/radiolifefm.com.br\/noticias\/s-o-s-palestina\/","name":"S O S Palestina! - R\u00e1dio Life FM","isPartOf":{"@id":"https:\/\/radiolifefm.com.br\/noticias\/#website"},"primaryImageOfPage":{"@id":"https:\/\/radiolifefm.com.br\/noticias\/s-o-s-palestina\/#primaryimage"},"image":{"@id":"https:\/\/radiolifefm.com.br\/noticias\/s-o-s-palestina\/#primaryimage"},"thumbnailUrl":"https:\/\/radiolifefm.com.br\/noticias\/wp-content\/uploads\/2023\/12\/WhatsApp-Image-2023-12-03-at-20.15.40.jpeg","datePublished":"2023-12-04T11:02:06+00:00","dateModified":"2026-04-06T19:18:58+00:00","breadcrumb":{"@id":"https:\/\/radiolifefm.com.br\/noticias\/s-o-s-palestina\/#breadcrumb"},"inLanguage":"pt-BR","potentialAction":[{"@type":"ReadAction","target":["https:\/\/radiolifefm.com.br\/noticias\/s-o-s-palestina\/"]}]},{"@type":"ImageObject","inLanguage":"pt-BR","@id":"https:\/\/radiolifefm.com.br\/noticias\/s-o-s-palestina\/#primaryimage","url":"https:\/\/radiolifefm.com.br\/noticias\/wp-content\/uploads\/2023\/12\/WhatsApp-Image-2023-12-03-at-20.15.40.jpeg","contentUrl":"https:\/\/radiolifefm.com.br\/noticias\/wp-content\/uploads\/2023\/12\/WhatsApp-Image-2023-12-03-at-20.15.40.jpeg","width":1200,"height":1600,"caption":"Solange Lisboa"},{"@type":"BreadcrumbList","@id":"https:\/\/radiolifefm.com.br\/noticias\/s-o-s-palestina\/#breadcrumb","itemListElement":[{"@type":"ListItem","position":1,"name":"In\u00edcio","item":"https:\/\/radiolifefm.com.br\/noticias\/"},{"@type":"ListItem","position":2,"name":"S O S Palestina!"}]},{"@type":"WebSite","@id":"https:\/\/radiolifefm.com.br\/noticias\/#website","url":"https:\/\/radiolifefm.com.br\/noticias\/","name":"R\u00e1dio Life FM","description":"O Portal de Not\u00edcias de Adamantina","publisher":{"@id":"https:\/\/radiolifefm.com.br\/noticias\/#organization"},"alternateName":"Life FM","potentialAction":[{"@type":"SearchAction","target":{"@type":"EntryPoint","urlTemplate":"https:\/\/radiolifefm.com.br\/noticias\/?s={search_term_string}"},"query-input":{"@type":"PropertyValueSpecification","valueRequired":true,"valueName":"search_term_string"}}],"inLanguage":"pt-BR"},{"@type":"Organization","@id":"https:\/\/radiolifefm.com.br\/noticias\/#organization","name":"R\u00e1dio Life FM","alternateName":"Life FM","url":"https:\/\/radiolifefm.com.br\/noticias\/","logo":{"@type":"ImageObject","inLanguage":"pt-BR","@id":"https:\/\/radiolifefm.com.br\/noticias\/#\/schema\/logo\/image\/","url":"https:\/\/static.radiolifefm.com.br\/noticias\/wp-content\/uploads\/2019\/10\/logo-lifefm.png","contentUrl":"https:\/\/static.radiolifefm.com.br\/noticias\/wp-content\/uploads\/2019\/10\/logo-lifefm.png","width":196,"height":47,"caption":"R\u00e1dio Life FM"},"image":{"@id":"https:\/\/radiolifefm.com.br\/noticias\/#\/schema\/logo\/image\/"},"sameAs":["https:\/\/www.facebook.com\/radiolifefm\/","https:\/\/www.instagram.com\/life1079fm\/"]},{"@type":"Person","@id":"https:\/\/radiolifefm.com.br\/noticias\/#\/schema\/person\/6339b9fac59d12b071dec680d7375d87","name":"ritanery","image":{"@type":"ImageObject","inLanguage":"pt-BR","@id":"https:\/\/secure.gravatar.com\/avatar\/0e37bb19071f47c0b8a23f62a903df117c5a0e75f65a0c2901562f97cd41cf86?s=96&d=mm&r=g","url":"https:\/\/secure.gravatar.com\/avatar\/0e37bb19071f47c0b8a23f62a903df117c5a0e75f65a0c2901562f97cd41cf86?s=96&d=mm&r=g","contentUrl":"https:\/\/secure.gravatar.com\/avatar\/0e37bb19071f47c0b8a23f62a903df117c5a0e75f65a0c2901562f97cd41cf86?s=96&d=mm&r=g","caption":"ritanery"}}]}},"amp_enabled":true,"_links":{"self":[{"href":"https:\/\/radiolifefm.com.br\/noticias\/wp-json\/wp\/v2\/posts\/80060","targetHints":{"allow":["GET"]}}],"collection":[{"href":"https:\/\/radiolifefm.com.br\/noticias\/wp-json\/wp\/v2\/posts"}],"about":[{"href":"https:\/\/radiolifefm.com.br\/noticias\/wp-json\/wp\/v2\/types\/post"}],"author":[{"embeddable":true,"href":"https:\/\/radiolifefm.com.br\/noticias\/wp-json\/wp\/v2\/users\/13"}],"replies":[{"embeddable":true,"href":"https:\/\/radiolifefm.com.br\/noticias\/wp-json\/wp\/v2\/comments?post=80060"}],"version-history":[{"count":1,"href":"https:\/\/radiolifefm.com.br\/noticias\/wp-json\/wp\/v2\/posts\/80060\/revisions"}],"predecessor-version":[{"id":80062,"href":"https:\/\/radiolifefm.com.br\/noticias\/wp-json\/wp\/v2\/posts\/80060\/revisions\/80062"}],"wp:featuredmedia":[{"embeddable":true,"href":"https:\/\/radiolifefm.com.br\/noticias\/wp-json\/wp\/v2\/media\/80061"}],"wp:attachment":[{"href":"https:\/\/radiolifefm.com.br\/noticias\/wp-json\/wp\/v2\/media?parent=80060"}],"wp:term":[{"taxonomy":"category","embeddable":true,"href":"https:\/\/radiolifefm.com.br\/noticias\/wp-json\/wp\/v2\/categories?post=80060"},{"taxonomy":"post_tag","embeddable":true,"href":"https:\/\/radiolifefm.com.br\/noticias\/wp-json\/wp\/v2\/tags?post=80060"}],"curies":[{"name":"wp","href":"https:\/\/api.w.org\/{rel}","templated":true}]}}