{"id":79825,"date":"2023-11-28T22:33:46","date_gmt":"2023-11-29T01:33:46","guid":{"rendered":"https:\/\/radiolifefm.com.br\/noticias\/?p=79825"},"modified":"2026-01-12T02:52:34","modified_gmt":"2026-01-12T05:52:34","slug":"o-planeta-agua-clama-tenho-sede","status":"publish","type":"post","link":"https:\/\/radiolifefm.com.br\/noticias\/o-planeta-agua-clama-tenho-sede\/","title":{"rendered":"O Planeta \u00e1gua clama: \u201cTenho sede\u201d"},"content":{"rendered":"<div id=\"fb-root\"><\/div>\n<p><sub>O solit\u00e1rio ponto azul na vastid\u00e3o do universo, mesmo recebendo o nome de \u201cTerra\u201d tem 71% da sua superf\u00edcie coberta por \u00e1guas (oceanos), e o restante (29%) est\u00e3o distribu\u00eddos ente lagos, rios, reservat\u00f3rios subterr\u00e2neos, o gelo que cobre os polos e montanhas e no vapor que cobre a atmosfera <\/sub><sub>(<\/sub><a href=\"https:\/\/www.terra.com.br\/byte\"><sub>https:\/\/www.terra.com.br\/byte<\/sub><\/a><sub>)<\/sub><\/p>\n<p>A m\u00fasica de Guilherme Arantes, lan\u00e7ada em 1981, descreve esse mundo onde as \u00e1guas s\u00e3o o fator de vida, al\u00e9m do sol, que embelezam e matam a sede em todos os sentidos (beleza, inspira\u00e7\u00e3o e ess\u00eancia, corpo, desenvolvimento e alma), e essa caracter\u00edstica \u00e9 unicamente do planeta terra. E agora, l\u00e1 se v\u00e3o 42 anos, onde muito dessa singularidade tem se perdido.<\/p>\n<p>&nbsp;<\/p>\n<p>De toda a \u00e1gua dispon\u00edvel no planeta, 97,5% \u00e9 \u00e1gua salgada. Apenas 2,5% da \u00e1gua dispon\u00edvel \u00e9 doce<strong>. \u00a0<\/strong>(Brasil Escola- \u00e0gua-https:\/\/brasilescola.uol.com.br\/geografia\/agua.htm)<\/p>\n<p>&nbsp;<\/p>\n<p>Vivemos nesse s\u00e9culo XXI, no ano de 2023, (E chegamos a acreditar que n\u00e3o iriamos t\u00e3o longe).\u00a0 Estamos como nunca, sendo desvendados pela realidade que o pr\u00f3prio ser humano criou e que hoje nos assusta como um pesadelo do qual n\u00e3o podemos fugir.<\/p>\n<p>A polui\u00e7\u00e3o desmedida, o desmatamento compulsivo, tem causado mudan\u00e7as nos padr\u00f5es clim\u00e1ticos\u00a0 \u00a0de todo o globo terrestre e na vida de seus ousados habitantes.<\/p>\n<p>Geme a terra por causa das constantes agress\u00f5es ao meio ambiente, que ferem a natureza. Somos audaciosos por esquecermos que dependemos em total amplitude, de tudo o que nos rodeia: atmosfera, ar, mar, vegeta\u00e7\u00e3o, reino animal, terra, \u00e1gua salgada e \u00e1gua doce!<\/p>\n<p>Agora voltemos nossos olhos para esses fatos, considerando nossa realidade brasileira, ou seja, Amaz\u00f4nia, conhecida como \u201cPulm\u00e3o do Mundo\u201d.<\/p>\n<p>O que o diagn\u00f3stico, ap\u00f3s um Raio X, diria de nossa Amaz\u00f4nia, diante da indiscriminada explora\u00e7\u00e3o da fauna e da flora?<\/p>\n<p>O desmatamento tem causado um alarme assustador. N\u00e3o podemos fechar os olhos e fingir que n\u00e3o nos afeta, porque nos acerta precisamente. \u00c9 nossa hist\u00f3ria, \u00e9 nosso futuro.<\/p>\n<p>Cada vez que se desmata e queima, causa uma ferida enorme, que mesmo cicatrizando, deixa esse pulm\u00e3o cada vez mais fraco.<\/p>\n<p>As disfun\u00e7\u00f5es clim\u00e1ticas causadas pela atua\u00e7\u00e3o humana, tem proporcionado secas nunca vistas.<\/p>\n<p>H\u00e1 alguns meses, li um artigo que agora tem sido not\u00edcia em cada telejornal: os\u00a0afluentes da margem direita do Rio Amazonas, Purus, Juru\u00e1 e Madeira, est\u00e3o secando, como consequ\u00eancia de baixa estiagem, atua\u00e7\u00e3o do El Ni\u00f1o, e agravado pela inconsequente explora\u00e7\u00e3o da natureza no \u201cPlaneta \u00c1GUA<strong>\u201d <\/strong><\/p>\n<p>Essa realmente \u00e9 uma not\u00edcia estarrecedora, quando entendemos que o Rio Amazonas \u00e9 o maior e mais caudaloso rio do mundo. Possui 6992 metros de extens\u00e3o e uma vaz\u00e3o m\u00e9dia de 210 mil m\u00b3\/s. Possui cerca de 1100 afluentes. Sua nascente fica na cordilheira dos Andes, no Peru. Sua foz est\u00e1 localizada no norte do estado do Par\u00e1, na ilha de Maraj\u00f3. Percorre tr\u00eas pa\u00edses:\u00a0Peru, Col\u00f4mbia e Brasil. \u00c9 o rio principal da bacia do Amazonas, cuja \u00e1rea de drenagem \u00e9 de sete milh\u00f5es de km\u00b2<\/p>\n<p>Como podemos fazer isso com o nosso planeta? Somos todos culpados e chegamos num ponto onde n\u00e3o tem como recuperar o que perdemos, o que podemos fazer \u00e9 mudar a dire\u00e7\u00e3o e tentar manter o que ainda temos.<\/p>\n<p>A vida ainda suspira na beleza das cascatas que encantam o mundo, na beleza dos rios, na grandiosidade e diversidade da vida marinha, que vem sendo atingida drasticamente, que sempre inspirou sonhos, lendas, contos e romances.<\/p>\n<p>Diante dessa urgente realidade, podemos condizer com a seguinte declara\u00e7\u00e3o:<\/p>\n<p><strong>Estamos caminhando cegamente em uma estrada perigosa com o insustent\u00e1vel uso da \u00e1gua, a polui\u00e7\u00e3o e o aquecimento clim\u00e1tico e que est\u00e3o drenando o sangue vital da humanidade&#8221;, disse o secret\u00e1rio-geral da ONU, Ant\u00f3nio Guterres&#8230;.<\/strong> \u2013<\/p>\n<p><a href=\"https:\/\/noticias.uol.com.br\/ultimas-noticias\/ansa\/2023\/03\/22\/onu-alerta-para-risco-iminente-de-falta-de-agua-no-mundo.htm\">https:\/\/noticias.uol.com.br\/ultimas-noticias\/ansa\/2023\/03\/22\/onu-alerta-para-risco-iminente-de-falta-de-agua-no-<sub>mundo<\/sub>.htm<\/a>?<\/p>\n<p>&nbsp;<\/p>\n<p>Solange Lisboa<\/p>\n<p>Poeta e Escritora<\/p>\n<p>@solangeserrao@gmail.com<\/p>\n<p>@solnlisboa<\/p>\n<p>&nbsp;<\/p>\n","protected":false},"excerpt":{"rendered":"<p>O solit\u00e1rio ponto azul na vastid\u00e3o do universo, mesmo recebendo o nome de \u201cTerra\u201d tem 71% da sua superf\u00edcie coberta por \u00e1guas (oceanos), e o restante (29%) est\u00e3o distribu\u00eddos ente lagos, rios, reservat\u00f3rios subterr\u00e2neos, o gelo que cobre os polos e montanhas e no vapor que cobre a atmosfera (https:\/\/www.terra.com.br\/byte) A m\u00fasica de Guilherme Arantes, [&hellip;]<\/p>\n","protected":false},"author":13,"featured_media":79826,"comment_status":"closed","ping_status":"open","sticky":false,"template":"","format":"standard","meta":{"_acf_changed":false,"_exactmetrics_skip_tracking":false,"_exactmetrics_sitenote_active":false,"_exactmetrics_sitenote_note":"","_exactmetrics_sitenote_category":0,"footnotes":""},"categories":[59],"tags":[],"class_list":["post-79825","post","type-post","status-publish","format-standard","has-post-thumbnail","hentry","category-opiniao"],"acf":[],"yoast_head":"<!-- This site is optimized with the Yoast SEO plugin v27.2 - https:\/\/yoast.com\/product\/yoast-seo-wordpress\/ -->\n<title>O Planeta \u00e1gua clama: \u201cTenho sede\u201d - R\u00e1dio Life FM<\/title>\n<meta name=\"robots\" content=\"index, follow, max-snippet:-1, max-image-preview:large, max-video-preview:-1\" \/>\n<link rel=\"canonical\" href=\"https:\/\/radiolifefm.com.br\/noticias\/o-planeta-agua-clama-tenho-sede\/\" \/>\n<meta property=\"og:locale\" content=\"pt_BR\" \/>\n<meta property=\"og:type\" content=\"article\" \/>\n<meta property=\"og:title\" content=\"O Planeta \u00e1gua clama: \u201cTenho sede\u201d - R\u00e1dio Life FM\" \/>\n<meta property=\"og:description\" content=\"O solit\u00e1rio ponto azul na vastid\u00e3o do universo, mesmo recebendo o nome de \u201cTerra\u201d tem 71% da sua superf\u00edcie coberta por \u00e1guas (oceanos), e o restante (29%) est\u00e3o distribu\u00eddos ente lagos, rios, reservat\u00f3rios subterr\u00e2neos, o gelo que cobre os polos e montanhas e no vapor que cobre a atmosfera (https:\/\/www.terra.com.br\/byte) A m\u00fasica de Guilherme Arantes, [&hellip;]\" \/>\n<meta property=\"og:url\" content=\"https:\/\/radiolifefm.com.br\/noticias\/o-planeta-agua-clama-tenho-sede\/\" \/>\n<meta property=\"og:site_name\" content=\"R\u00e1dio Life FM\" \/>\n<meta property=\"article:publisher\" content=\"https:\/\/www.facebook.com\/radiolifefm\/\" \/>\n<meta property=\"article:published_time\" content=\"2023-11-29T01:33:46+00:00\" \/>\n<meta property=\"article:modified_time\" content=\"2026-01-12T05:52:34+00:00\" \/>\n<meta property=\"og:image\" content=\"https:\/\/radiolifefm.com.br\/noticias\/wp-content\/uploads\/2023\/11\/nasa.jpg\" \/>\n\t<meta property=\"og:image:width\" content=\"774\" \/>\n\t<meta property=\"og:image:height\" content=\"436\" \/>\n\t<meta property=\"og:image:type\" content=\"image\/jpeg\" \/>\n<meta name=\"author\" content=\"ritanery\" \/>\n<meta name=\"twitter:card\" content=\"summary_large_image\" \/>\n<meta name=\"twitter:label1\" content=\"Escrito por\" \/>\n\t<meta name=\"twitter:data1\" content=\"ritanery\" \/>\n\t<meta name=\"twitter:label2\" content=\"Est. tempo de leitura\" \/>\n\t<meta name=\"twitter:data2\" content=\"4 minutos\" \/>\n<script type=\"application\/ld+json\" class=\"yoast-schema-graph\">{\"@context\":\"https:\/\/schema.org\",\"@graph\":[{\"@type\":\"Article\",\"@id\":\"https:\/\/radiolifefm.com.br\/noticias\/o-planeta-agua-clama-tenho-sede\/#article\",\"isPartOf\":{\"@id\":\"https:\/\/radiolifefm.com.br\/noticias\/o-planeta-agua-clama-tenho-sede\/\"},\"author\":{\"name\":\"ritanery\",\"@id\":\"https:\/\/radiolifefm.com.br\/noticias\/#\/schema\/person\/6339b9fac59d12b071dec680d7375d87\"},\"headline\":\"O Planeta \u00e1gua clama: \u201cTenho sede\u201d\",\"datePublished\":\"2023-11-29T01:33:46+00:00\",\"dateModified\":\"2026-01-12T05:52:34+00:00\",\"mainEntityOfPage\":{\"@id\":\"https:\/\/radiolifefm.com.br\/noticias\/o-planeta-agua-clama-tenho-sede\/\"},\"wordCount\":681,\"publisher\":{\"@id\":\"https:\/\/radiolifefm.com.br\/noticias\/#organization\"},\"image\":{\"@id\":\"https:\/\/radiolifefm.com.br\/noticias\/o-planeta-agua-clama-tenho-sede\/#primaryimage\"},\"thumbnailUrl\":\"https:\/\/radiolifefm.com.br\/noticias\/wp-content\/uploads\/2023\/11\/nasa.jpg\",\"articleSection\":[\"Opini\u00e3o\"],\"inLanguage\":\"pt-BR\"},{\"@type\":\"WebPage\",\"@id\":\"https:\/\/radiolifefm.com.br\/noticias\/o-planeta-agua-clama-tenho-sede\/\",\"url\":\"https:\/\/radiolifefm.com.br\/noticias\/o-planeta-agua-clama-tenho-sede\/\",\"name\":\"O Planeta \u00e1gua clama: \u201cTenho sede\u201d - R\u00e1dio Life FM\",\"isPartOf\":{\"@id\":\"https:\/\/radiolifefm.com.br\/noticias\/#website\"},\"primaryImageOfPage\":{\"@id\":\"https:\/\/radiolifefm.com.br\/noticias\/o-planeta-agua-clama-tenho-sede\/#primaryimage\"},\"image\":{\"@id\":\"https:\/\/radiolifefm.com.br\/noticias\/o-planeta-agua-clama-tenho-sede\/#primaryimage\"},\"thumbnailUrl\":\"https:\/\/radiolifefm.com.br\/noticias\/wp-content\/uploads\/2023\/11\/nasa.jpg\",\"datePublished\":\"2023-11-29T01:33:46+00:00\",\"dateModified\":\"2026-01-12T05:52:34+00:00\",\"breadcrumb\":{\"@id\":\"https:\/\/radiolifefm.com.br\/noticias\/o-planeta-agua-clama-tenho-sede\/#breadcrumb\"},\"inLanguage\":\"pt-BR\",\"potentialAction\":[{\"@type\":\"ReadAction\",\"target\":[\"https:\/\/radiolifefm.com.br\/noticias\/o-planeta-agua-clama-tenho-sede\/\"]}]},{\"@type\":\"ImageObject\",\"inLanguage\":\"pt-BR\",\"@id\":\"https:\/\/radiolifefm.com.br\/noticias\/o-planeta-agua-clama-tenho-sede\/#primaryimage\",\"url\":\"https:\/\/radiolifefm.com.br\/noticias\/wp-content\/uploads\/2023\/11\/nasa.jpg\",\"contentUrl\":\"https:\/\/radiolifefm.com.br\/noticias\/wp-content\/uploads\/2023\/11\/nasa.jpg\",\"width\":774,\"height\":436,\"caption\":\"\u00c1gua que nasce na fonte serena do mundo, e que abre um profundo grot\u00e3o \u00c1gua que faz inocente riacho, e des\u00e1gua na corrente do ribeir\u00e3o (Planeta \u00c1gua -Guilherme Arantes)\"},{\"@type\":\"BreadcrumbList\",\"@id\":\"https:\/\/radiolifefm.com.br\/noticias\/o-planeta-agua-clama-tenho-sede\/#breadcrumb\",\"itemListElement\":[{\"@type\":\"ListItem\",\"position\":1,\"name\":\"In\u00edcio\",\"item\":\"https:\/\/radiolifefm.com.br\/noticias\/\"},{\"@type\":\"ListItem\",\"position\":2,\"name\":\"O Planeta \u00e1gua clama: \u201cTenho sede\u201d\"}]},{\"@type\":\"WebSite\",\"@id\":\"https:\/\/radiolifefm.com.br\/noticias\/#website\",\"url\":\"https:\/\/radiolifefm.com.br\/noticias\/\",\"name\":\"R\u00e1dio Life FM\",\"description\":\"O Portal de Not\u00edcias de Adamantina\",\"publisher\":{\"@id\":\"https:\/\/radiolifefm.com.br\/noticias\/#organization\"},\"alternateName\":\"Life FM\",\"potentialAction\":[{\"@type\":\"SearchAction\",\"target\":{\"@type\":\"EntryPoint\",\"urlTemplate\":\"https:\/\/radiolifefm.com.br\/noticias\/?s={search_term_string}\"},\"query-input\":{\"@type\":\"PropertyValueSpecification\",\"valueRequired\":true,\"valueName\":\"search_term_string\"}}],\"inLanguage\":\"pt-BR\"},{\"@type\":\"Organization\",\"@id\":\"https:\/\/radiolifefm.com.br\/noticias\/#organization\",\"name\":\"R\u00e1dio Life FM\",\"alternateName\":\"Life FM\",\"url\":\"https:\/\/radiolifefm.com.br\/noticias\/\",\"logo\":{\"@type\":\"ImageObject\",\"inLanguage\":\"pt-BR\",\"@id\":\"https:\/\/radiolifefm.com.br\/noticias\/#\/schema\/logo\/image\/\",\"url\":\"https:\/\/static.radiolifefm.com.br\/noticias\/wp-content\/uploads\/2019\/10\/logo-lifefm.png\",\"contentUrl\":\"https:\/\/static.radiolifefm.com.br\/noticias\/wp-content\/uploads\/2019\/10\/logo-lifefm.png\",\"width\":196,\"height\":47,\"caption\":\"R\u00e1dio Life FM\"},\"image\":{\"@id\":\"https:\/\/radiolifefm.com.br\/noticias\/#\/schema\/logo\/image\/\"},\"sameAs\":[\"https:\/\/www.facebook.com\/radiolifefm\/\",\"https:\/\/www.instagram.com\/life1079fm\/\"]},{\"@type\":\"Person\",\"@id\":\"https:\/\/radiolifefm.com.br\/noticias\/#\/schema\/person\/6339b9fac59d12b071dec680d7375d87\",\"name\":\"ritanery\",\"image\":{\"@type\":\"ImageObject\",\"inLanguage\":\"pt-BR\",\"@id\":\"https:\/\/secure.gravatar.com\/avatar\/0e37bb19071f47c0b8a23f62a903df117c5a0e75f65a0c2901562f97cd41cf86?s=96&d=mm&r=g\",\"url\":\"https:\/\/secure.gravatar.com\/avatar\/0e37bb19071f47c0b8a23f62a903df117c5a0e75f65a0c2901562f97cd41cf86?s=96&d=mm&r=g\",\"contentUrl\":\"https:\/\/secure.gravatar.com\/avatar\/0e37bb19071f47c0b8a23f62a903df117c5a0e75f65a0c2901562f97cd41cf86?s=96&d=mm&r=g\",\"caption\":\"ritanery\"}}]}<\/script>\n<!-- \/ Yoast SEO plugin. -->","yoast_head_json":{"title":"O Planeta \u00e1gua clama: \u201cTenho sede\u201d - R\u00e1dio Life FM","robots":{"index":"index","follow":"follow","max-snippet":"max-snippet:-1","max-image-preview":"max-image-preview:large","max-video-preview":"max-video-preview:-1"},"canonical":"https:\/\/radiolifefm.com.br\/noticias\/o-planeta-agua-clama-tenho-sede\/","og_locale":"pt_BR","og_type":"article","og_title":"O Planeta \u00e1gua clama: \u201cTenho sede\u201d - R\u00e1dio Life FM","og_description":"O solit\u00e1rio ponto azul na vastid\u00e3o do universo, mesmo recebendo o nome de \u201cTerra\u201d tem 71% da sua superf\u00edcie coberta por \u00e1guas (oceanos), e o restante (29%) est\u00e3o distribu\u00eddos ente lagos, rios, reservat\u00f3rios subterr\u00e2neos, o gelo que cobre os polos e montanhas e no vapor que cobre a atmosfera (https:\/\/www.terra.com.br\/byte) A m\u00fasica de Guilherme Arantes, [&hellip;]","og_url":"https:\/\/radiolifefm.com.br\/noticias\/o-planeta-agua-clama-tenho-sede\/","og_site_name":"R\u00e1dio Life FM","article_publisher":"https:\/\/www.facebook.com\/radiolifefm\/","article_published_time":"2023-11-29T01:33:46+00:00","article_modified_time":"2026-01-12T05:52:34+00:00","og_image":[{"width":774,"height":436,"url":"https:\/\/radiolifefm.com.br\/noticias\/wp-content\/uploads\/2023\/11\/nasa.jpg","type":"image\/jpeg"}],"author":"ritanery","twitter_card":"summary_large_image","twitter_misc":{"Escrito por":"ritanery","Est. tempo de leitura":"4 minutos"},"schema":{"@context":"https:\/\/schema.org","@graph":[{"@type":"Article","@id":"https:\/\/radiolifefm.com.br\/noticias\/o-planeta-agua-clama-tenho-sede\/#article","isPartOf":{"@id":"https:\/\/radiolifefm.com.br\/noticias\/o-planeta-agua-clama-tenho-sede\/"},"author":{"name":"ritanery","@id":"https:\/\/radiolifefm.com.br\/noticias\/#\/schema\/person\/6339b9fac59d12b071dec680d7375d87"},"headline":"O Planeta \u00e1gua clama: \u201cTenho sede\u201d","datePublished":"2023-11-29T01:33:46+00:00","dateModified":"2026-01-12T05:52:34+00:00","mainEntityOfPage":{"@id":"https:\/\/radiolifefm.com.br\/noticias\/o-planeta-agua-clama-tenho-sede\/"},"wordCount":681,"publisher":{"@id":"https:\/\/radiolifefm.com.br\/noticias\/#organization"},"image":{"@id":"https:\/\/radiolifefm.com.br\/noticias\/o-planeta-agua-clama-tenho-sede\/#primaryimage"},"thumbnailUrl":"https:\/\/radiolifefm.com.br\/noticias\/wp-content\/uploads\/2023\/11\/nasa.jpg","articleSection":["Opini\u00e3o"],"inLanguage":"pt-BR"},{"@type":"WebPage","@id":"https:\/\/radiolifefm.com.br\/noticias\/o-planeta-agua-clama-tenho-sede\/","url":"https:\/\/radiolifefm.com.br\/noticias\/o-planeta-agua-clama-tenho-sede\/","name":"O Planeta \u00e1gua clama: \u201cTenho sede\u201d - R\u00e1dio Life FM","isPartOf":{"@id":"https:\/\/radiolifefm.com.br\/noticias\/#website"},"primaryImageOfPage":{"@id":"https:\/\/radiolifefm.com.br\/noticias\/o-planeta-agua-clama-tenho-sede\/#primaryimage"},"image":{"@id":"https:\/\/radiolifefm.com.br\/noticias\/o-planeta-agua-clama-tenho-sede\/#primaryimage"},"thumbnailUrl":"https:\/\/radiolifefm.com.br\/noticias\/wp-content\/uploads\/2023\/11\/nasa.jpg","datePublished":"2023-11-29T01:33:46+00:00","dateModified":"2026-01-12T05:52:34+00:00","breadcrumb":{"@id":"https:\/\/radiolifefm.com.br\/noticias\/o-planeta-agua-clama-tenho-sede\/#breadcrumb"},"inLanguage":"pt-BR","potentialAction":[{"@type":"ReadAction","target":["https:\/\/radiolifefm.com.br\/noticias\/o-planeta-agua-clama-tenho-sede\/"]}]},{"@type":"ImageObject","inLanguage":"pt-BR","@id":"https:\/\/radiolifefm.com.br\/noticias\/o-planeta-agua-clama-tenho-sede\/#primaryimage","url":"https:\/\/radiolifefm.com.br\/noticias\/wp-content\/uploads\/2023\/11\/nasa.jpg","contentUrl":"https:\/\/radiolifefm.com.br\/noticias\/wp-content\/uploads\/2023\/11\/nasa.jpg","width":774,"height":436,"caption":"\u00c1gua que nasce na fonte serena do mundo, e que abre um profundo grot\u00e3o \u00c1gua que faz inocente riacho, e des\u00e1gua na corrente do ribeir\u00e3o (Planeta \u00c1gua -Guilherme Arantes)"},{"@type":"BreadcrumbList","@id":"https:\/\/radiolifefm.com.br\/noticias\/o-planeta-agua-clama-tenho-sede\/#breadcrumb","itemListElement":[{"@type":"ListItem","position":1,"name":"In\u00edcio","item":"https:\/\/radiolifefm.com.br\/noticias\/"},{"@type":"ListItem","position":2,"name":"O Planeta \u00e1gua clama: \u201cTenho sede\u201d"}]},{"@type":"WebSite","@id":"https:\/\/radiolifefm.com.br\/noticias\/#website","url":"https:\/\/radiolifefm.com.br\/noticias\/","name":"R\u00e1dio Life FM","description":"O Portal de Not\u00edcias de Adamantina","publisher":{"@id":"https:\/\/radiolifefm.com.br\/noticias\/#organization"},"alternateName":"Life FM","potentialAction":[{"@type":"SearchAction","target":{"@type":"EntryPoint","urlTemplate":"https:\/\/radiolifefm.com.br\/noticias\/?s={search_term_string}"},"query-input":{"@type":"PropertyValueSpecification","valueRequired":true,"valueName":"search_term_string"}}],"inLanguage":"pt-BR"},{"@type":"Organization","@id":"https:\/\/radiolifefm.com.br\/noticias\/#organization","name":"R\u00e1dio Life FM","alternateName":"Life FM","url":"https:\/\/radiolifefm.com.br\/noticias\/","logo":{"@type":"ImageObject","inLanguage":"pt-BR","@id":"https:\/\/radiolifefm.com.br\/noticias\/#\/schema\/logo\/image\/","url":"https:\/\/static.radiolifefm.com.br\/noticias\/wp-content\/uploads\/2019\/10\/logo-lifefm.png","contentUrl":"https:\/\/static.radiolifefm.com.br\/noticias\/wp-content\/uploads\/2019\/10\/logo-lifefm.png","width":196,"height":47,"caption":"R\u00e1dio Life FM"},"image":{"@id":"https:\/\/radiolifefm.com.br\/noticias\/#\/schema\/logo\/image\/"},"sameAs":["https:\/\/www.facebook.com\/radiolifefm\/","https:\/\/www.instagram.com\/life1079fm\/"]},{"@type":"Person","@id":"https:\/\/radiolifefm.com.br\/noticias\/#\/schema\/person\/6339b9fac59d12b071dec680d7375d87","name":"ritanery","image":{"@type":"ImageObject","inLanguage":"pt-BR","@id":"https:\/\/secure.gravatar.com\/avatar\/0e37bb19071f47c0b8a23f62a903df117c5a0e75f65a0c2901562f97cd41cf86?s=96&d=mm&r=g","url":"https:\/\/secure.gravatar.com\/avatar\/0e37bb19071f47c0b8a23f62a903df117c5a0e75f65a0c2901562f97cd41cf86?s=96&d=mm&r=g","contentUrl":"https:\/\/secure.gravatar.com\/avatar\/0e37bb19071f47c0b8a23f62a903df117c5a0e75f65a0c2901562f97cd41cf86?s=96&d=mm&r=g","caption":"ritanery"}}]}},"amp_enabled":true,"_links":{"self":[{"href":"https:\/\/radiolifefm.com.br\/noticias\/wp-json\/wp\/v2\/posts\/79825","targetHints":{"allow":["GET"]}}],"collection":[{"href":"https:\/\/radiolifefm.com.br\/noticias\/wp-json\/wp\/v2\/posts"}],"about":[{"href":"https:\/\/radiolifefm.com.br\/noticias\/wp-json\/wp\/v2\/types\/post"}],"author":[{"embeddable":true,"href":"https:\/\/radiolifefm.com.br\/noticias\/wp-json\/wp\/v2\/users\/13"}],"replies":[{"embeddable":true,"href":"https:\/\/radiolifefm.com.br\/noticias\/wp-json\/wp\/v2\/comments?post=79825"}],"version-history":[{"count":1,"href":"https:\/\/radiolifefm.com.br\/noticias\/wp-json\/wp\/v2\/posts\/79825\/revisions"}],"predecessor-version":[{"id":79827,"href":"https:\/\/radiolifefm.com.br\/noticias\/wp-json\/wp\/v2\/posts\/79825\/revisions\/79827"}],"wp:featuredmedia":[{"embeddable":true,"href":"https:\/\/radiolifefm.com.br\/noticias\/wp-json\/wp\/v2\/media\/79826"}],"wp:attachment":[{"href":"https:\/\/radiolifefm.com.br\/noticias\/wp-json\/wp\/v2\/media?parent=79825"}],"wp:term":[{"taxonomy":"category","embeddable":true,"href":"https:\/\/radiolifefm.com.br\/noticias\/wp-json\/wp\/v2\/categories?post=79825"},{"taxonomy":"post_tag","embeddable":true,"href":"https:\/\/radiolifefm.com.br\/noticias\/wp-json\/wp\/v2\/tags?post=79825"}],"curies":[{"name":"wp","href":"https:\/\/api.w.org\/{rel}","templated":true}]}}