{"id":79147,"date":"2023-11-22T08:05:43","date_gmt":"2023-11-22T11:05:43","guid":{"rendered":"https:\/\/radiolifefm.com.br\/noticias\/?p=79147"},"modified":"2026-04-07T22:24:38","modified_gmt":"2026-04-08T01:24:38","slug":"queen-foi-uma-banda-que-marcou-a-minha-juventude-comecei-a-gostar-deste-esilo-musical-quando-ouvi-pela-primeira-vez-a-musica-bohemian-rhapsody-sempre-que-possivel-relembro-e-o","status":"publish","type":"post","link":"https:\/\/radiolifefm.com.br\/noticias\/queen-foi-uma-banda-que-marcou-a-minha-juventude-comecei-a-gostar-deste-esilo-musical-quando-ouvi-pela-primeira-vez-a-musica-bohemian-rhapsody-sempre-que-possivel-relembro-e-o\/","title":{"rendered":"QUEEN: \u201cFoi uma Banda que marcou a minha juventude. Comecei a gostar deste esilo musical quando ouvi pela primeira vez a m\u00fasica \u00b4BOHEMIAN RHAPSODY\u00b4. Sempre que poss\u00edvel, relembro e ou\u00e7o os cl\u00e1ssicos da Banda.\u201d (Luana) \u201cN\u00e3o h\u00e1 Banda alguma que mesmo remotamente, se pare\u00e7a com eles. N\u00e3o h\u00e1 sequer imitadores que cheguem perto do que o Queen representa! \u00danicos e originais!\u201d (Cintia)"},"content":{"rendered":"<div id=\"fb-root\"><\/div>\n<p>\u201cTarde demais, chegou minha hora \/ Sinto arrepios descendo em minha espinha \/ O corpo d\u00f3i o tempo todo \/ Adeus a todos \/ Eu tenho que ir \/ Tenho que deixar todos voc\u00eas para tr\u00e1s \/ E encarar a verdade\u201d (QUEEN in\u00a0 <em>\u201cBohemian Rhapsody\u201d)<\/em><\/p>\n<p><strong><em>By seb@r.<\/em><\/strong><\/p>\n<p><strong><em>\u00c0 LUANA e CINTIA, dedico!<\/em><\/strong><\/p>\n<p>Pode-se escrever que um nome leva ao outro e vice-versa nestes ocasos que nem o tempo do tempo consegue explicar, portanto, escrever sobre a banda inglesa QUEEN \u00e9 destacar o vocalista de um jeito ou de outro, neste caso em especial, FRED MERCURY&#8230;<\/p>\n<p>Por\u00e9m, trata-se do conjunto da obra como um quarteto que sempre esteve muito al\u00e9m do que estava previsto para os mesmos, portanto, BRIAN MAY (guitarra\/vocal), JOHB DEACON (baixo), ROGER TAYLOR (bateria\/vocal) e FREDDIE MERCURY (vocal\/piano), marcaram aquele outro tempo do tempo por meio das grava\u00e7\u00f5es dos \u00c1LBUNS e muitas apresenta\u00e7\u00f5es AO VIVO, al\u00e9m de outros desencontros nesta estrada do ROCK AND ROLL..<\/p>\n<p>As marcas deixadas pelo QUEEN est\u00e3o nos ANAIS da Hist\u00f3ria da M\u00fasica Mundial, ainda, os n\u00fameros das vendagens dos discos atestam o sucesso que continua at\u00e9 os dias de hoje para uma legi\u00e3o sem fim de f\u00e3s&#8230;<\/p>\n<p>Como sempre, o in\u00edcio do QUEEN est\u00e1 de acordo com o hist\u00f3rico da maioria das bandas da d\u00e9cada de 70, entretanto, sempre existe este ou aquele caminho pra seguir, assim, SHEER HEART ATTACK (1.974) e A NIGHT AT THE OPERA (1.975), tornam-se as marcas mais do que registradas do QUEEN&#8230;<\/p>\n<p>Al\u00e9m de que BOHEMIAN RHAPSODY foi um dos destaques do QUEEN e continua at\u00e9 os dias de hoje marcando presen\u00e7a nos meios musicais disponibilizados nas denominadas REDES SOCIAIS em tempo de p\u00f3s-globaliza\u00e7\u00e3o midi\u00e1tica&#8230;<\/p>\n<p>Os descaminhos existem para todos os lados, todavia, o QUEEN esteve sempre al\u00e9m do inesperado para milh\u00f5es de adeptos de um estilo que estava de acordo com o cen\u00e1rio musical entre as d\u00e9cadas de 70 e 80 em n\u00edvel internacional&#8230;<\/p>\n<p>As m\u00fasicas WE WILL ROCK YOU e WE ARE THE CHAMPIONS colocam o quarteto no TOPO das paradas musicais nos quatro cantos do planeta, refor\u00e7ando o carisma de FRED MERCURY com o QUEEN, talvez, do QUEEN com FRED MERCURY&#8230;<\/p>\n<p>Existem muitas m\u00fasicas do QUEEN para todos\/as aqueles\/as que apreciam um estilo musical com qualidade e emo\u00e7\u00e3o, tendo em vista que nas apresenta\u00e7\u00f5es da BANDA existia sempre uma identifica\u00e7\u00e3o entre os m\u00fasicos e o p\u00fablico para uma aproxima\u00e7\u00e3o sem limites&#8230;<\/p>\n<p>A import\u00e2ncia musical do QUEEN est\u00e1 registrada na estrada do ROCK para que o tempo possa continuar sendo este mesmo tempo, haja vista que as perdas ficaram no outro tempo do tempo&#8230;<\/p>\n<p>Por isso ou aquilo, existem muitos ocasos que s\u00e3o mediados pelas alternativas que ocorrem nos caminhos daqueles que ficaram sem saber pra onde seguir e tudo termina sem mais e sem menos&#8230;<\/p>\n<p><strong>AVE QUEEN!<\/strong><\/p>\n","protected":false},"excerpt":{"rendered":"<p>\u201cTarde demais, chegou minha hora \/ Sinto arrepios descendo em minha espinha \/ O corpo d\u00f3i o tempo todo \/ Adeus a todos \/ Eu tenho que ir \/ Tenho que deixar todos voc\u00eas para tr\u00e1s \/ E encarar a verdade\u201d (QUEEN in\u00a0 \u201cBohemian Rhapsody\u201d) By seb@r. \u00c0 LUANA e CINTIA, dedico! Pode-se escrever que [&hellip;]<\/p>\n","protected":false},"author":13,"featured_media":51988,"comment_status":"closed","ping_status":"open","sticky":false,"template":"","format":"standard","meta":{"_acf_changed":false,"_exactmetrics_skip_tracking":false,"_exactmetrics_sitenote_active":false,"_exactmetrics_sitenote_note":"","_exactmetrics_sitenote_category":0,"footnotes":""},"categories":[59],"tags":[],"class_list":["post-79147","post","type-post","status-publish","format-standard","has-post-thumbnail","hentry","category-opiniao"],"acf":[],"yoast_head":"<!-- This site is optimized with the Yoast SEO plugin v27.2 - https:\/\/yoast.com\/product\/yoast-seo-wordpress\/ -->\n<title>QUEEN: \u201cFoi uma Banda que marcou a minha juventude. Comecei a gostar deste esilo musical quando ouvi pela primeira vez a m\u00fasica \u00b4BOHEMIAN RHAPSODY\u00b4. Sempre que poss\u00edvel, relembro e ou\u00e7o os cl\u00e1ssicos da Banda.\u201d (Luana) \u201cN\u00e3o h\u00e1 Banda alguma que mesmo remotamente, se pare\u00e7a com eles. N\u00e3o h\u00e1 sequer imitadores que cheguem perto do que o Queen representa! \u00danicos e originais!\u201d (Cintia) - R\u00e1dio Life FM<\/title>\n<meta name=\"robots\" content=\"index, follow, max-snippet:-1, max-image-preview:large, max-video-preview:-1\" \/>\n<link rel=\"canonical\" href=\"https:\/\/radiolifefm.com.br\/noticias\/queen-foi-uma-banda-que-marcou-a-minha-juventude-comecei-a-gostar-deste-esilo-musical-quando-ouvi-pela-primeira-vez-a-musica-bohemian-rhapsody-sempre-que-possivel-relembro-e-o\/\" \/>\n<meta property=\"og:locale\" content=\"pt_BR\" \/>\n<meta property=\"og:type\" content=\"article\" \/>\n<meta property=\"og:title\" content=\"QUEEN: \u201cFoi uma Banda que marcou a minha juventude. Comecei a gostar deste esilo musical quando ouvi pela primeira vez a m\u00fasica \u00b4BOHEMIAN RHAPSODY\u00b4. Sempre que poss\u00edvel, relembro e ou\u00e7o os cl\u00e1ssicos da Banda.\u201d (Luana) \u201cN\u00e3o h\u00e1 Banda alguma que mesmo remotamente, se pare\u00e7a com eles. N\u00e3o h\u00e1 sequer imitadores que cheguem perto do que o Queen representa! \u00danicos e originais!\u201d (Cintia) - R\u00e1dio Life FM\" \/>\n<meta property=\"og:description\" content=\"\u201cTarde demais, chegou minha hora \/ Sinto arrepios descendo em minha espinha \/ O corpo d\u00f3i o tempo todo \/ Adeus a todos \/ Eu tenho que ir \/ Tenho que deixar todos voc\u00eas para tr\u00e1s \/ E encarar a verdade\u201d (QUEEN in\u00a0 \u201cBohemian Rhapsody\u201d) By seb@r. \u00c0 LUANA e CINTIA, dedico! Pode-se escrever que [&hellip;]\" \/>\n<meta property=\"og:url\" content=\"https:\/\/radiolifefm.com.br\/noticias\/queen-foi-uma-banda-que-marcou-a-minha-juventude-comecei-a-gostar-deste-esilo-musical-quando-ouvi-pela-primeira-vez-a-musica-bohemian-rhapsody-sempre-que-possivel-relembro-e-o\/\" \/>\n<meta property=\"og:site_name\" content=\"R\u00e1dio Life FM\" \/>\n<meta property=\"article:publisher\" content=\"https:\/\/www.facebook.com\/radiolifefm\/\" \/>\n<meta property=\"article:published_time\" content=\"2023-11-22T11:05:43+00:00\" \/>\n<meta property=\"article:modified_time\" content=\"2026-04-08T01:24:38+00:00\" \/>\n<meta property=\"og:image\" content=\"https:\/\/radiolifefm.com.br\/noticias\/wp-content\/uploads\/2022\/04\/WhatsApp-Image-2022-04-10-at-18.43.02.jpeg\" \/>\n\t<meta property=\"og:image:width\" content=\"972\" \/>\n\t<meta property=\"og:image:height\" content=\"1296\" \/>\n\t<meta property=\"og:image:type\" content=\"image\/jpeg\" \/>\n<meta name=\"author\" content=\"ritanery\" \/>\n<meta name=\"twitter:card\" content=\"summary_large_image\" \/>\n<meta name=\"twitter:label1\" content=\"Escrito por\" \/>\n\t<meta name=\"twitter:data1\" content=\"ritanery\" \/>\n\t<meta name=\"twitter:label2\" content=\"Est. tempo de leitura\" \/>\n\t<meta name=\"twitter:data2\" content=\"3 minutos\" \/>\n<script type=\"application\/ld+json\" class=\"yoast-schema-graph\">{\"@context\":\"https:\/\/schema.org\",\"@graph\":[{\"@type\":\"Article\",\"@id\":\"https:\/\/radiolifefm.com.br\/noticias\/queen-foi-uma-banda-que-marcou-a-minha-juventude-comecei-a-gostar-deste-esilo-musical-quando-ouvi-pela-primeira-vez-a-musica-bohemian-rhapsody-sempre-que-possivel-relembro-e-o\/#article\",\"isPartOf\":{\"@id\":\"https:\/\/radiolifefm.com.br\/noticias\/queen-foi-uma-banda-que-marcou-a-minha-juventude-comecei-a-gostar-deste-esilo-musical-quando-ouvi-pela-primeira-vez-a-musica-bohemian-rhapsody-sempre-que-possivel-relembro-e-o\/\"},\"author\":{\"name\":\"ritanery\",\"@id\":\"https:\/\/radiolifefm.com.br\/noticias\/#\/schema\/person\/6339b9fac59d12b071dec680d7375d87\"},\"headline\":\"QUEEN: \u201cFoi uma Banda que marcou a minha juventude. Comecei a gostar deste esilo musical quando ouvi pela primeira vez a m\u00fasica \u00b4BOHEMIAN RHAPSODY\u00b4. Sempre que poss\u00edvel, relembro e ou\u00e7o os cl\u00e1ssicos da Banda.\u201d (Luana) \u201cN\u00e3o h\u00e1 Banda alguma que mesmo remotamente, se pare\u00e7a com eles. N\u00e3o h\u00e1 sequer imitadores que cheguem perto do que o Queen representa! \u00danicos e originais!\u201d (Cintia)\",\"datePublished\":\"2023-11-22T11:05:43+00:00\",\"dateModified\":\"2026-04-08T01:24:38+00:00\",\"mainEntityOfPage\":{\"@id\":\"https:\/\/radiolifefm.com.br\/noticias\/queen-foi-uma-banda-que-marcou-a-minha-juventude-comecei-a-gostar-deste-esilo-musical-quando-ouvi-pela-primeira-vez-a-musica-bohemian-rhapsody-sempre-que-possivel-relembro-e-o\/\"},\"wordCount\":562,\"publisher\":{\"@id\":\"https:\/\/radiolifefm.com.br\/noticias\/#organization\"},\"image\":{\"@id\":\"https:\/\/radiolifefm.com.br\/noticias\/queen-foi-uma-banda-que-marcou-a-minha-juventude-comecei-a-gostar-deste-esilo-musical-quando-ouvi-pela-primeira-vez-a-musica-bohemian-rhapsody-sempre-que-possivel-relembro-e-o\/#primaryimage\"},\"thumbnailUrl\":\"https:\/\/radiolifefm.com.br\/noticias\/wp-content\/uploads\/2022\/04\/WhatsApp-Image-2022-04-10-at-18.43.02.jpeg\",\"articleSection\":[\"Opini\u00e3o\"],\"inLanguage\":\"pt-BR\"},{\"@type\":\"WebPage\",\"@id\":\"https:\/\/radiolifefm.com.br\/noticias\/queen-foi-uma-banda-que-marcou-a-minha-juventude-comecei-a-gostar-deste-esilo-musical-quando-ouvi-pela-primeira-vez-a-musica-bohemian-rhapsody-sempre-que-possivel-relembro-e-o\/\",\"url\":\"https:\/\/radiolifefm.com.br\/noticias\/queen-foi-uma-banda-que-marcou-a-minha-juventude-comecei-a-gostar-deste-esilo-musical-quando-ouvi-pela-primeira-vez-a-musica-bohemian-rhapsody-sempre-que-possivel-relembro-e-o\/\",\"name\":\"QUEEN: \u201cFoi uma Banda que marcou a minha juventude. Comecei a gostar deste esilo musical quando ouvi pela primeira vez a m\u00fasica \u00b4BOHEMIAN RHAPSODY\u00b4. Sempre que poss\u00edvel, relembro e ou\u00e7o os cl\u00e1ssicos da Banda.\u201d (Luana) \u201cN\u00e3o h\u00e1 Banda alguma que mesmo remotamente, se pare\u00e7a com eles. N\u00e3o h\u00e1 sequer imitadores que cheguem perto do que o Queen representa! \u00danicos e originais!\u201d (Cintia) - R\u00e1dio Life FM\",\"isPartOf\":{\"@id\":\"https:\/\/radiolifefm.com.br\/noticias\/#website\"},\"primaryImageOfPage\":{\"@id\":\"https:\/\/radiolifefm.com.br\/noticias\/queen-foi-uma-banda-que-marcou-a-minha-juventude-comecei-a-gostar-deste-esilo-musical-quando-ouvi-pela-primeira-vez-a-musica-bohemian-rhapsody-sempre-que-possivel-relembro-e-o\/#primaryimage\"},\"image\":{\"@id\":\"https:\/\/radiolifefm.com.br\/noticias\/queen-foi-uma-banda-que-marcou-a-minha-juventude-comecei-a-gostar-deste-esilo-musical-quando-ouvi-pela-primeira-vez-a-musica-bohemian-rhapsody-sempre-que-possivel-relembro-e-o\/#primaryimage\"},\"thumbnailUrl\":\"https:\/\/radiolifefm.com.br\/noticias\/wp-content\/uploads\/2022\/04\/WhatsApp-Image-2022-04-10-at-18.43.02.jpeg\",\"datePublished\":\"2023-11-22T11:05:43+00:00\",\"dateModified\":\"2026-04-08T01:24:38+00:00\",\"breadcrumb\":{\"@id\":\"https:\/\/radiolifefm.com.br\/noticias\/queen-foi-uma-banda-que-marcou-a-minha-juventude-comecei-a-gostar-deste-esilo-musical-quando-ouvi-pela-primeira-vez-a-musica-bohemian-rhapsody-sempre-que-possivel-relembro-e-o\/#breadcrumb\"},\"inLanguage\":\"pt-BR\",\"potentialAction\":[{\"@type\":\"ReadAction\",\"target\":[\"https:\/\/radiolifefm.com.br\/noticias\/queen-foi-uma-banda-que-marcou-a-minha-juventude-comecei-a-gostar-deste-esilo-musical-quando-ouvi-pela-primeira-vez-a-musica-bohemian-rhapsody-sempre-que-possivel-relembro-e-o\/\"]}]},{\"@type\":\"ImageObject\",\"inLanguage\":\"pt-BR\",\"@id\":\"https:\/\/radiolifefm.com.br\/noticias\/queen-foi-uma-banda-que-marcou-a-minha-juventude-comecei-a-gostar-deste-esilo-musical-quando-ouvi-pela-primeira-vez-a-musica-bohemian-rhapsody-sempre-que-possivel-relembro-e-o\/#primaryimage\",\"url\":\"https:\/\/radiolifefm.com.br\/noticias\/wp-content\/uploads\/2022\/04\/WhatsApp-Image-2022-04-10-at-18.43.02.jpeg\",\"contentUrl\":\"https:\/\/radiolifefm.com.br\/noticias\/wp-content\/uploads\/2022\/04\/WhatsApp-Image-2022-04-10-at-18.43.02.jpeg\",\"width\":972,\"height\":1296,\"caption\":\"S\u00e9rgio Barbosa\"},{\"@type\":\"BreadcrumbList\",\"@id\":\"https:\/\/radiolifefm.com.br\/noticias\/queen-foi-uma-banda-que-marcou-a-minha-juventude-comecei-a-gostar-deste-esilo-musical-quando-ouvi-pela-primeira-vez-a-musica-bohemian-rhapsody-sempre-que-possivel-relembro-e-o\/#breadcrumb\",\"itemListElement\":[{\"@type\":\"ListItem\",\"position\":1,\"name\":\"In\u00edcio\",\"item\":\"https:\/\/radiolifefm.com.br\/noticias\/\"},{\"@type\":\"ListItem\",\"position\":2,\"name\":\"QUEEN: \u201cFoi uma Banda que marcou a minha juventude. Comecei a gostar deste esilo musical quando ouvi pela primeira vez a m\u00fasica \u00b4BOHEMIAN RHAPSODY\u00b4. Sempre que poss\u00edvel, relembro e ou\u00e7o os cl\u00e1ssicos da Banda.\u201d (Luana) \u201cN\u00e3o h\u00e1 Banda alguma que mesmo remotamente, se pare\u00e7a com eles. N\u00e3o h\u00e1 sequer imitadores que cheguem perto do que o Queen representa! \u00danicos e originais!\u201d (Cintia)\"}]},{\"@type\":\"WebSite\",\"@id\":\"https:\/\/radiolifefm.com.br\/noticias\/#website\",\"url\":\"https:\/\/radiolifefm.com.br\/noticias\/\",\"name\":\"R\u00e1dio Life FM\",\"description\":\"O Portal de Not\u00edcias de Adamantina\",\"publisher\":{\"@id\":\"https:\/\/radiolifefm.com.br\/noticias\/#organization\"},\"alternateName\":\"Life FM\",\"potentialAction\":[{\"@type\":\"SearchAction\",\"target\":{\"@type\":\"EntryPoint\",\"urlTemplate\":\"https:\/\/radiolifefm.com.br\/noticias\/?s={search_term_string}\"},\"query-input\":{\"@type\":\"PropertyValueSpecification\",\"valueRequired\":true,\"valueName\":\"search_term_string\"}}],\"inLanguage\":\"pt-BR\"},{\"@type\":\"Organization\",\"@id\":\"https:\/\/radiolifefm.com.br\/noticias\/#organization\",\"name\":\"R\u00e1dio Life FM\",\"alternateName\":\"Life FM\",\"url\":\"https:\/\/radiolifefm.com.br\/noticias\/\",\"logo\":{\"@type\":\"ImageObject\",\"inLanguage\":\"pt-BR\",\"@id\":\"https:\/\/radiolifefm.com.br\/noticias\/#\/schema\/logo\/image\/\",\"url\":\"https:\/\/static.radiolifefm.com.br\/noticias\/wp-content\/uploads\/2019\/10\/logo-lifefm.png\",\"contentUrl\":\"https:\/\/static.radiolifefm.com.br\/noticias\/wp-content\/uploads\/2019\/10\/logo-lifefm.png\",\"width\":196,\"height\":47,\"caption\":\"R\u00e1dio Life FM\"},\"image\":{\"@id\":\"https:\/\/radiolifefm.com.br\/noticias\/#\/schema\/logo\/image\/\"},\"sameAs\":[\"https:\/\/www.facebook.com\/radiolifefm\/\",\"https:\/\/www.instagram.com\/life1079fm\/\"]},{\"@type\":\"Person\",\"@id\":\"https:\/\/radiolifefm.com.br\/noticias\/#\/schema\/person\/6339b9fac59d12b071dec680d7375d87\",\"name\":\"ritanery\",\"image\":{\"@type\":\"ImageObject\",\"inLanguage\":\"pt-BR\",\"@id\":\"https:\/\/secure.gravatar.com\/avatar\/0e37bb19071f47c0b8a23f62a903df117c5a0e75f65a0c2901562f97cd41cf86?s=96&d=mm&r=g\",\"url\":\"https:\/\/secure.gravatar.com\/avatar\/0e37bb19071f47c0b8a23f62a903df117c5a0e75f65a0c2901562f97cd41cf86?s=96&d=mm&r=g\",\"contentUrl\":\"https:\/\/secure.gravatar.com\/avatar\/0e37bb19071f47c0b8a23f62a903df117c5a0e75f65a0c2901562f97cd41cf86?s=96&d=mm&r=g\",\"caption\":\"ritanery\"}}]}<\/script>\n<!-- \/ Yoast SEO plugin. -->","yoast_head_json":{"title":"QUEEN: \u201cFoi uma Banda que marcou a minha juventude. Comecei a gostar deste esilo musical quando ouvi pela primeira vez a m\u00fasica \u00b4BOHEMIAN RHAPSODY\u00b4. Sempre que poss\u00edvel, relembro e ou\u00e7o os cl\u00e1ssicos da Banda.\u201d (Luana) \u201cN\u00e3o h\u00e1 Banda alguma que mesmo remotamente, se pare\u00e7a com eles. N\u00e3o h\u00e1 sequer imitadores que cheguem perto do que o Queen representa! \u00danicos e originais!\u201d (Cintia) - R\u00e1dio Life FM","robots":{"index":"index","follow":"follow","max-snippet":"max-snippet:-1","max-image-preview":"max-image-preview:large","max-video-preview":"max-video-preview:-1"},"canonical":"https:\/\/radiolifefm.com.br\/noticias\/queen-foi-uma-banda-que-marcou-a-minha-juventude-comecei-a-gostar-deste-esilo-musical-quando-ouvi-pela-primeira-vez-a-musica-bohemian-rhapsody-sempre-que-possivel-relembro-e-o\/","og_locale":"pt_BR","og_type":"article","og_title":"QUEEN: \u201cFoi uma Banda que marcou a minha juventude. Comecei a gostar deste esilo musical quando ouvi pela primeira vez a m\u00fasica \u00b4BOHEMIAN RHAPSODY\u00b4. Sempre que poss\u00edvel, relembro e ou\u00e7o os cl\u00e1ssicos da Banda.\u201d (Luana) \u201cN\u00e3o h\u00e1 Banda alguma que mesmo remotamente, se pare\u00e7a com eles. N\u00e3o h\u00e1 sequer imitadores que cheguem perto do que o Queen representa! \u00danicos e originais!\u201d (Cintia) - R\u00e1dio Life FM","og_description":"\u201cTarde demais, chegou minha hora \/ Sinto arrepios descendo em minha espinha \/ O corpo d\u00f3i o tempo todo \/ Adeus a todos \/ Eu tenho que ir \/ Tenho que deixar todos voc\u00eas para tr\u00e1s \/ E encarar a verdade\u201d (QUEEN in\u00a0 \u201cBohemian Rhapsody\u201d) By seb@r. \u00c0 LUANA e CINTIA, dedico! Pode-se escrever que [&hellip;]","og_url":"https:\/\/radiolifefm.com.br\/noticias\/queen-foi-uma-banda-que-marcou-a-minha-juventude-comecei-a-gostar-deste-esilo-musical-quando-ouvi-pela-primeira-vez-a-musica-bohemian-rhapsody-sempre-que-possivel-relembro-e-o\/","og_site_name":"R\u00e1dio Life FM","article_publisher":"https:\/\/www.facebook.com\/radiolifefm\/","article_published_time":"2023-11-22T11:05:43+00:00","article_modified_time":"2026-04-08T01:24:38+00:00","og_image":[{"width":972,"height":1296,"url":"https:\/\/radiolifefm.com.br\/noticias\/wp-content\/uploads\/2022\/04\/WhatsApp-Image-2022-04-10-at-18.43.02.jpeg","type":"image\/jpeg"}],"author":"ritanery","twitter_card":"summary_large_image","twitter_misc":{"Escrito por":"ritanery","Est. tempo de leitura":"3 minutos"},"schema":{"@context":"https:\/\/schema.org","@graph":[{"@type":"Article","@id":"https:\/\/radiolifefm.com.br\/noticias\/queen-foi-uma-banda-que-marcou-a-minha-juventude-comecei-a-gostar-deste-esilo-musical-quando-ouvi-pela-primeira-vez-a-musica-bohemian-rhapsody-sempre-que-possivel-relembro-e-o\/#article","isPartOf":{"@id":"https:\/\/radiolifefm.com.br\/noticias\/queen-foi-uma-banda-que-marcou-a-minha-juventude-comecei-a-gostar-deste-esilo-musical-quando-ouvi-pela-primeira-vez-a-musica-bohemian-rhapsody-sempre-que-possivel-relembro-e-o\/"},"author":{"name":"ritanery","@id":"https:\/\/radiolifefm.com.br\/noticias\/#\/schema\/person\/6339b9fac59d12b071dec680d7375d87"},"headline":"QUEEN: \u201cFoi uma Banda que marcou a minha juventude. Comecei a gostar deste esilo musical quando ouvi pela primeira vez a m\u00fasica \u00b4BOHEMIAN RHAPSODY\u00b4. Sempre que poss\u00edvel, relembro e ou\u00e7o os cl\u00e1ssicos da Banda.\u201d (Luana) \u201cN\u00e3o h\u00e1 Banda alguma que mesmo remotamente, se pare\u00e7a com eles. N\u00e3o h\u00e1 sequer imitadores que cheguem perto do que o Queen representa! \u00danicos e originais!\u201d (Cintia)","datePublished":"2023-11-22T11:05:43+00:00","dateModified":"2026-04-08T01:24:38+00:00","mainEntityOfPage":{"@id":"https:\/\/radiolifefm.com.br\/noticias\/queen-foi-uma-banda-que-marcou-a-minha-juventude-comecei-a-gostar-deste-esilo-musical-quando-ouvi-pela-primeira-vez-a-musica-bohemian-rhapsody-sempre-que-possivel-relembro-e-o\/"},"wordCount":562,"publisher":{"@id":"https:\/\/radiolifefm.com.br\/noticias\/#organization"},"image":{"@id":"https:\/\/radiolifefm.com.br\/noticias\/queen-foi-uma-banda-que-marcou-a-minha-juventude-comecei-a-gostar-deste-esilo-musical-quando-ouvi-pela-primeira-vez-a-musica-bohemian-rhapsody-sempre-que-possivel-relembro-e-o\/#primaryimage"},"thumbnailUrl":"https:\/\/radiolifefm.com.br\/noticias\/wp-content\/uploads\/2022\/04\/WhatsApp-Image-2022-04-10-at-18.43.02.jpeg","articleSection":["Opini\u00e3o"],"inLanguage":"pt-BR"},{"@type":"WebPage","@id":"https:\/\/radiolifefm.com.br\/noticias\/queen-foi-uma-banda-que-marcou-a-minha-juventude-comecei-a-gostar-deste-esilo-musical-quando-ouvi-pela-primeira-vez-a-musica-bohemian-rhapsody-sempre-que-possivel-relembro-e-o\/","url":"https:\/\/radiolifefm.com.br\/noticias\/queen-foi-uma-banda-que-marcou-a-minha-juventude-comecei-a-gostar-deste-esilo-musical-quando-ouvi-pela-primeira-vez-a-musica-bohemian-rhapsody-sempre-que-possivel-relembro-e-o\/","name":"QUEEN: \u201cFoi uma Banda que marcou a minha juventude. Comecei a gostar deste esilo musical quando ouvi pela primeira vez a m\u00fasica \u00b4BOHEMIAN RHAPSODY\u00b4. Sempre que poss\u00edvel, relembro e ou\u00e7o os cl\u00e1ssicos da Banda.\u201d (Luana) \u201cN\u00e3o h\u00e1 Banda alguma que mesmo remotamente, se pare\u00e7a com eles. N\u00e3o h\u00e1 sequer imitadores que cheguem perto do que o Queen representa! \u00danicos e originais!\u201d (Cintia) - R\u00e1dio Life FM","isPartOf":{"@id":"https:\/\/radiolifefm.com.br\/noticias\/#website"},"primaryImageOfPage":{"@id":"https:\/\/radiolifefm.com.br\/noticias\/queen-foi-uma-banda-que-marcou-a-minha-juventude-comecei-a-gostar-deste-esilo-musical-quando-ouvi-pela-primeira-vez-a-musica-bohemian-rhapsody-sempre-que-possivel-relembro-e-o\/#primaryimage"},"image":{"@id":"https:\/\/radiolifefm.com.br\/noticias\/queen-foi-uma-banda-que-marcou-a-minha-juventude-comecei-a-gostar-deste-esilo-musical-quando-ouvi-pela-primeira-vez-a-musica-bohemian-rhapsody-sempre-que-possivel-relembro-e-o\/#primaryimage"},"thumbnailUrl":"https:\/\/radiolifefm.com.br\/noticias\/wp-content\/uploads\/2022\/04\/WhatsApp-Image-2022-04-10-at-18.43.02.jpeg","datePublished":"2023-11-22T11:05:43+00:00","dateModified":"2026-04-08T01:24:38+00:00","breadcrumb":{"@id":"https:\/\/radiolifefm.com.br\/noticias\/queen-foi-uma-banda-que-marcou-a-minha-juventude-comecei-a-gostar-deste-esilo-musical-quando-ouvi-pela-primeira-vez-a-musica-bohemian-rhapsody-sempre-que-possivel-relembro-e-o\/#breadcrumb"},"inLanguage":"pt-BR","potentialAction":[{"@type":"ReadAction","target":["https:\/\/radiolifefm.com.br\/noticias\/queen-foi-uma-banda-que-marcou-a-minha-juventude-comecei-a-gostar-deste-esilo-musical-quando-ouvi-pela-primeira-vez-a-musica-bohemian-rhapsody-sempre-que-possivel-relembro-e-o\/"]}]},{"@type":"ImageObject","inLanguage":"pt-BR","@id":"https:\/\/radiolifefm.com.br\/noticias\/queen-foi-uma-banda-que-marcou-a-minha-juventude-comecei-a-gostar-deste-esilo-musical-quando-ouvi-pela-primeira-vez-a-musica-bohemian-rhapsody-sempre-que-possivel-relembro-e-o\/#primaryimage","url":"https:\/\/radiolifefm.com.br\/noticias\/wp-content\/uploads\/2022\/04\/WhatsApp-Image-2022-04-10-at-18.43.02.jpeg","contentUrl":"https:\/\/radiolifefm.com.br\/noticias\/wp-content\/uploads\/2022\/04\/WhatsApp-Image-2022-04-10-at-18.43.02.jpeg","width":972,"height":1296,"caption":"S\u00e9rgio Barbosa"},{"@type":"BreadcrumbList","@id":"https:\/\/radiolifefm.com.br\/noticias\/queen-foi-uma-banda-que-marcou-a-minha-juventude-comecei-a-gostar-deste-esilo-musical-quando-ouvi-pela-primeira-vez-a-musica-bohemian-rhapsody-sempre-que-possivel-relembro-e-o\/#breadcrumb","itemListElement":[{"@type":"ListItem","position":1,"name":"In\u00edcio","item":"https:\/\/radiolifefm.com.br\/noticias\/"},{"@type":"ListItem","position":2,"name":"QUEEN: \u201cFoi uma Banda que marcou a minha juventude. Comecei a gostar deste esilo musical quando ouvi pela primeira vez a m\u00fasica \u00b4BOHEMIAN RHAPSODY\u00b4. Sempre que poss\u00edvel, relembro e ou\u00e7o os cl\u00e1ssicos da Banda.\u201d (Luana) \u201cN\u00e3o h\u00e1 Banda alguma que mesmo remotamente, se pare\u00e7a com eles. N\u00e3o h\u00e1 sequer imitadores que cheguem perto do que o Queen representa! \u00danicos e originais!\u201d (Cintia)"}]},{"@type":"WebSite","@id":"https:\/\/radiolifefm.com.br\/noticias\/#website","url":"https:\/\/radiolifefm.com.br\/noticias\/","name":"R\u00e1dio Life FM","description":"O Portal de Not\u00edcias de Adamantina","publisher":{"@id":"https:\/\/radiolifefm.com.br\/noticias\/#organization"},"alternateName":"Life FM","potentialAction":[{"@type":"SearchAction","target":{"@type":"EntryPoint","urlTemplate":"https:\/\/radiolifefm.com.br\/noticias\/?s={search_term_string}"},"query-input":{"@type":"PropertyValueSpecification","valueRequired":true,"valueName":"search_term_string"}}],"inLanguage":"pt-BR"},{"@type":"Organization","@id":"https:\/\/radiolifefm.com.br\/noticias\/#organization","name":"R\u00e1dio Life FM","alternateName":"Life FM","url":"https:\/\/radiolifefm.com.br\/noticias\/","logo":{"@type":"ImageObject","inLanguage":"pt-BR","@id":"https:\/\/radiolifefm.com.br\/noticias\/#\/schema\/logo\/image\/","url":"https:\/\/static.radiolifefm.com.br\/noticias\/wp-content\/uploads\/2019\/10\/logo-lifefm.png","contentUrl":"https:\/\/static.radiolifefm.com.br\/noticias\/wp-content\/uploads\/2019\/10\/logo-lifefm.png","width":196,"height":47,"caption":"R\u00e1dio Life FM"},"image":{"@id":"https:\/\/radiolifefm.com.br\/noticias\/#\/schema\/logo\/image\/"},"sameAs":["https:\/\/www.facebook.com\/radiolifefm\/","https:\/\/www.instagram.com\/life1079fm\/"]},{"@type":"Person","@id":"https:\/\/radiolifefm.com.br\/noticias\/#\/schema\/person\/6339b9fac59d12b071dec680d7375d87","name":"ritanery","image":{"@type":"ImageObject","inLanguage":"pt-BR","@id":"https:\/\/secure.gravatar.com\/avatar\/0e37bb19071f47c0b8a23f62a903df117c5a0e75f65a0c2901562f97cd41cf86?s=96&d=mm&r=g","url":"https:\/\/secure.gravatar.com\/avatar\/0e37bb19071f47c0b8a23f62a903df117c5a0e75f65a0c2901562f97cd41cf86?s=96&d=mm&r=g","contentUrl":"https:\/\/secure.gravatar.com\/avatar\/0e37bb19071f47c0b8a23f62a903df117c5a0e75f65a0c2901562f97cd41cf86?s=96&d=mm&r=g","caption":"ritanery"}}]}},"amp_enabled":true,"_links":{"self":[{"href":"https:\/\/radiolifefm.com.br\/noticias\/wp-json\/wp\/v2\/posts\/79147","targetHints":{"allow":["GET"]}}],"collection":[{"href":"https:\/\/radiolifefm.com.br\/noticias\/wp-json\/wp\/v2\/posts"}],"about":[{"href":"https:\/\/radiolifefm.com.br\/noticias\/wp-json\/wp\/v2\/types\/post"}],"author":[{"embeddable":true,"href":"https:\/\/radiolifefm.com.br\/noticias\/wp-json\/wp\/v2\/users\/13"}],"replies":[{"embeddable":true,"href":"https:\/\/radiolifefm.com.br\/noticias\/wp-json\/wp\/v2\/comments?post=79147"}],"version-history":[{"count":1,"href":"https:\/\/radiolifefm.com.br\/noticias\/wp-json\/wp\/v2\/posts\/79147\/revisions"}],"predecessor-version":[{"id":79148,"href":"https:\/\/radiolifefm.com.br\/noticias\/wp-json\/wp\/v2\/posts\/79147\/revisions\/79148"}],"wp:featuredmedia":[{"embeddable":true,"href":"https:\/\/radiolifefm.com.br\/noticias\/wp-json\/wp\/v2\/media\/51988"}],"wp:attachment":[{"href":"https:\/\/radiolifefm.com.br\/noticias\/wp-json\/wp\/v2\/media?parent=79147"}],"wp:term":[{"taxonomy":"category","embeddable":true,"href":"https:\/\/radiolifefm.com.br\/noticias\/wp-json\/wp\/v2\/categories?post=79147"},{"taxonomy":"post_tag","embeddable":true,"href":"https:\/\/radiolifefm.com.br\/noticias\/wp-json\/wp\/v2\/tags?post=79147"}],"curies":[{"name":"wp","href":"https:\/\/api.w.org\/{rel}","templated":true}]}}