{"id":78563,"date":"2023-11-07T15:33:21","date_gmt":"2023-11-07T18:33:21","guid":{"rendered":"https:\/\/radiolifefm.com.br\/noticias\/?p=78563"},"modified":"2026-04-10T15:12:22","modified_gmt":"2026-04-10T18:12:22","slug":"descubra-como-transformar-o-estresse-no-trabalho-em-bem-estar-com-vanessa-lheti-no-programa-mente-saudavel","status":"publish","type":"post","link":"https:\/\/radiolifefm.com.br\/noticias\/descubra-como-transformar-o-estresse-no-trabalho-em-bem-estar-com-vanessa-lheti-no-programa-mente-saudavel\/","title":{"rendered":"Descubra como Transformar o Estresse no Trabalho em Bem-Estar com Vanessa Lheti no Programa &#8216;Mente Saud\u00e1vel&#8217;"},"content":{"rendered":"<div id=\"fb-root\"><\/div>\n<p>O estresse no trabalho \u00e9 uma realidade com que muitos de n\u00f3s lidam diariamente, mas e se houvesse uma maneira de transformar esse desafio em bem-estar? Recentemente, no programa &#8220;Mente Saud\u00e1vel&#8221; da Life FM, a especialista em Terapia Cognitivo-Comportamental (TCC), Vanessa Lheti, mergulhou profundamente nesse tema crucial. A apresentadora L\u00facia Prado, de maneira simples e acolhedora, concedeu uma conversa que promete iluminar o caminho para uma vida mais equilibrada.<img loading=\"lazy\" decoding=\"async\" class=\"wp-image-78567 size-thumbnail alignright\" src=\"https:\/\/static.radiolifefm.com.br\/noticias\/wp-content\/uploads\/2023\/11\/WhatsApp-Image-2023-11-07-at-15.01.42-1-150x150.jpeg\" alt=\"\" width=\"150\" height=\"150\" srcset=\"https:\/\/radiolifefm.com.br\/noticias\/wp-content\/uploads\/2023\/11\/WhatsApp-Image-2023-11-07-at-15.01.42-1-150x150.jpeg 150w, https:\/\/radiolifefm.com.br\/noticias\/wp-content\/uploads\/2023\/11\/WhatsApp-Image-2023-11-07-at-15.01.42-1-200x200.jpeg 200w, https:\/\/radiolifefm.com.br\/noticias\/wp-content\/uploads\/2023\/11\/WhatsApp-Image-2023-11-07-at-15.01.42-1-250x250.jpeg 250w, https:\/\/radiolifefm.com.br\/noticias\/wp-content\/uploads\/2023\/11\/WhatsApp-Image-2023-11-07-at-15.01.42-1-500x500.jpeg 500w, https:\/\/radiolifefm.com.br\/noticias\/wp-content\/uploads\/2023\/11\/WhatsApp-Image-2023-11-07-at-15.01.42-1-700x700.jpeg 700w\" sizes=\"auto, (max-width: 150px) 100vw, 150px\" \/><\/p>\n<p>Vanessa Lheti apresentou seu vasto conhecimento sobre os fatores do estresse no trabalho, destacando os impactos que podem ter em nossas vidas. Al\u00e9m disso, ela nos brindou com estrat\u00e9gias eficazes para lidar com os sintomas do estresse e, crucialmente, esclareceu a diferen\u00e7a entre estresse e<\/p>\n<div class='flex flex-wrap items-center -mx-1'>\r\n<a class='thumbnail gallery p-1 w-1\/2 md:w-1\/4' href='https:\/\/radiolifefm.com.br\/noticias\/wp-content\/uploads\/2023\/11\/WhatsApp-Image-2023-11-07-at-15.01.43.jpeg'><img class='border border-white' src='https:\/\/radiolifefm.com.br\/noticias\/wp-content\/uploads\/2023\/11\/WhatsApp-Image-2023-11-07-at-15.01.43-200x200.jpeg' alt='WhatsApp Image 2023 11 07 At 15.01.43' \/><\/a><\/div>\n<p>.<\/p>\n<p>A boa not\u00edcia \u00e9 que a transforma\u00e7\u00e3o do estresse em bem-estar \u00e9 poss\u00edvel, e voc\u00ea pode come\u00e7ar essa jornada agora mesmo! Para mergulhar nesse rico conte\u00fado e explorar maneiras de melhorar sua sa\u00fade mental, assista ao programa completo dispon\u00edvel nas principais plataformas digitais.<img loading=\"lazy\" decoding=\"async\" class=\"wp-image-78568 size-thumbnail alignnone\" src=\"https:\/\/static.radiolifefm.com.br\/noticias\/wp-content\/uploads\/2023\/11\/WhatsApp-Image-2023-11-07-at-15.01.42-150x150.jpeg\" alt=\"\" width=\"150\" height=\"150\" srcset=\"https:\/\/radiolifefm.com.br\/noticias\/wp-content\/uploads\/2023\/11\/WhatsApp-Image-2023-11-07-at-15.01.42-150x150.jpeg 150w, https:\/\/radiolifefm.com.br\/noticias\/wp-content\/uploads\/2023\/11\/WhatsApp-Image-2023-11-07-at-15.01.42-200x200.jpeg 200w, https:\/\/radiolifefm.com.br\/noticias\/wp-content\/uploads\/2023\/11\/WhatsApp-Image-2023-11-07-at-15.01.42-250x250.jpeg 250w, https:\/\/radiolifefm.com.br\/noticias\/wp-content\/uploads\/2023\/11\/WhatsApp-Image-2023-11-07-at-15.01.42-500x500.jpeg 500w, https:\/\/radiolifefm.com.br\/noticias\/wp-content\/uploads\/2023\/11\/WhatsApp-Image-2023-11-07-at-15.01.42-700x700.jpeg 700w\" sizes=\"auto, (max-width: 150px) 100vw, 150px\" \/><\/p>\n<p>E n\u00e3o esque\u00e7a de seguir as redes sociais da psic\u00f3loga Vanessa Lheti para continuar recebendo insights valiosos e dicas de como manter uma mente saud\u00e1vel.<img loading=\"lazy\" decoding=\"async\" class=\"wp-image-78566 size-thumbnail alignleft\" src=\"https:\/\/static.radiolifefm.com.br\/noticias\/wp-content\/uploads\/2023\/11\/WhatsApp-Image-2023-11-07-at-15.01.42-2-150x150.jpeg\" alt=\"\" width=\"150\" height=\"150\" srcset=\"https:\/\/radiolifefm.com.br\/noticias\/wp-content\/uploads\/2023\/11\/WhatsApp-Image-2023-11-07-at-15.01.42-2-150x150.jpeg 150w, https:\/\/radiolifefm.com.br\/noticias\/wp-content\/uploads\/2023\/11\/WhatsApp-Image-2023-11-07-at-15.01.42-2-200x200.jpeg 200w, https:\/\/radiolifefm.com.br\/noticias\/wp-content\/uploads\/2023\/11\/WhatsApp-Image-2023-11-07-at-15.01.42-2-250x250.jpeg 250w, https:\/\/radiolifefm.com.br\/noticias\/wp-content\/uploads\/2023\/11\/WhatsApp-Image-2023-11-07-at-15.01.42-2-500x500.jpeg 500w, https:\/\/radiolifefm.com.br\/noticias\/wp-content\/uploads\/2023\/11\/WhatsApp-Image-2023-11-07-at-15.01.42-2-700x700.jpeg 700w\" sizes=\"auto, (max-width: 150px) 100vw, 150px\" \/><\/p>\n<p>Est\u00e1 na hora de cuidar de si mesmo, de transformar o estresse em bem-estar e de conquistar uma vida mais equilibrada. O poder est\u00e1 em suas m\u00e3os. Assista ao programa e comece sua jornada para uma vida mais saud\u00e1vel e realizada!<\/p>\n<div class='flex flex-wrap items-center -mx-1'>\r\n<a class='thumbnail gallery p-1 w-1\/2 md:w-1\/4' href='https:\/\/radiolifefm.com.br\/noticias\/wp-content\/uploads\/2023\/11\/WhatsApp-Image-2023-11-07-at-15.01.43.jpeg'><img class='border border-white' src='https:\/\/radiolifefm.com.br\/noticias\/wp-content\/uploads\/2023\/11\/WhatsApp-Image-2023-11-07-at-15.01.43-200x200.jpeg' alt='WhatsApp Image 2023 11 07 At 15.01.43' \/><\/a><a class='thumbnail gallery p-1 w-1\/2 md:w-1\/4' href='https:\/\/radiolifefm.com.br\/noticias\/wp-content\/uploads\/2023\/11\/WhatsApp-Image-2023-11-07-at-15.01.35.jpeg'><img class='border border-white' src='https:\/\/radiolifefm.com.br\/noticias\/wp-content\/uploads\/2023\/11\/WhatsApp-Image-2023-11-07-at-15.01.35-200x200.jpeg' alt='WhatsApp Image 2023 11 07 At 15.01.35' \/><\/a><a class='thumbnail gallery p-1 w-1\/2 md:w-1\/4' href='https:\/\/radiolifefm.com.br\/noticias\/wp-content\/uploads\/2023\/11\/WhatsApp-Image-2023-11-07-at-15.01.42.jpeg'><img class='border border-white' src='https:\/\/radiolifefm.com.br\/noticias\/wp-content\/uploads\/2023\/11\/WhatsApp-Image-2023-11-07-at-15.01.42-200x200.jpeg' alt='WhatsApp Image 2023 11 07 At 15.01.42' \/><\/a><a class='thumbnail gallery p-1 w-1\/2 md:w-1\/4' href='https:\/\/radiolifefm.com.br\/noticias\/wp-content\/uploads\/2023\/11\/WhatsApp-Image-2023-11-07-at-15.01.42-1.jpeg'><img class='border border-white' src='https:\/\/radiolifefm.com.br\/noticias\/wp-content\/uploads\/2023\/11\/WhatsApp-Image-2023-11-07-at-15.01.42-1-200x200.jpeg' alt='WhatsApp Image 2023 11 07 At 15.01.42 (1)' \/><\/a><a class='thumbnail gallery p-1 w-1\/2 md:w-1\/4' href='https:\/\/radiolifefm.com.br\/noticias\/wp-content\/uploads\/2023\/11\/WhatsApp-Image-2023-11-07-at-15.01.42-2.jpeg'><img class='border border-white' src='https:\/\/radiolifefm.com.br\/noticias\/wp-content\/uploads\/2023\/11\/WhatsApp-Image-2023-11-07-at-15.01.42-2-200x200.jpeg' alt='WhatsApp Image 2023 11 07 At 15.01.42 (2)' \/><\/a><a class='thumbnail gallery p-1 w-1\/2 md:w-1\/4' href='https:\/\/radiolifefm.com.br\/noticias\/wp-content\/uploads\/2023\/11\/WhatsApp-Image-2023-11-07-at-15.01.37.jpeg'><img class='border border-white' src='https:\/\/radiolifefm.com.br\/noticias\/wp-content\/uploads\/2023\/11\/WhatsApp-Image-2023-11-07-at-15.01.37-200x200.jpeg' alt='WhatsApp Image 2023 11 07 At 15.01.37' \/><\/a><\/div>\n<p>ACESSE O LINK ABAIXO E ASSISTA O PROGRAMA ESTA DISPONIVEL NAS PRINCIPAIS PLATAFORMAS DIGITAIS. SIGA A PSICOLOGA VANESSA LHETI NAS REDES SOCIAS:<\/p>\n<p><iframe loading=\"lazy\" title=\"07\/11,  O Programa Mente Saud\u00e1vel \u00e9 com a Psic\u00f3loga Vanessa Lheti.\" width=\"500\" height=\"281\" src=\"https:\/\/www.youtube.com\/embed\/_cvCZgqrjpA?feature=oembed\" frameborder=\"0\" allow=\"accelerometer; autoplay; clipboard-write; encrypted-media; gyroscope; picture-in-picture; web-share\" referrerpolicy=\"strict-origin-when-cross-origin\" allowfullscreen><\/iframe><\/p>\n<p>&nbsp;<\/p>\n","protected":false},"excerpt":{"rendered":"<p>O estresse no trabalho \u00e9 uma realidade com que muitos de n\u00f3s lidam diariamente, mas e se houvesse uma maneira de transformar esse desafio em bem-estar? Recentemente, no programa &#8220;Mente Saud\u00e1vel&#8221; da Life FM, a especialista em Terapia Cognitivo-Comportamental (TCC), Vanessa Lheti, mergulhou profundamente nesse tema crucial. A apresentadora L\u00facia Prado, de maneira simples e [&hellip;]<\/p>\n","protected":false},"author":8,"featured_media":78564,"comment_status":"closed","ping_status":"open","sticky":false,"template":"","format":"standard","meta":{"_acf_changed":false,"_exactmetrics_skip_tracking":false,"_exactmetrics_sitenote_active":false,"_exactmetrics_sitenote_note":"","_exactmetrics_sitenote_category":0,"footnotes":""},"categories":[143],"tags":[],"class_list":["post-78563","post","type-post","status-publish","format-standard","has-post-thumbnail","hentry","category-mente-saudavel"],"acf":[],"yoast_head":"<!-- This site is optimized with the Yoast SEO plugin v27.2 - https:\/\/yoast.com\/product\/yoast-seo-wordpress\/ -->\n<title>Descubra como Transformar o Estresse no Trabalho em Bem-Estar com Vanessa Lheti no Programa &#039;Mente Saud\u00e1vel&#039; - R\u00e1dio Life FM<\/title>\n<meta name=\"robots\" content=\"index, follow, max-snippet:-1, max-image-preview:large, max-video-preview:-1\" \/>\n<link rel=\"canonical\" href=\"https:\/\/radiolifefm.com.br\/noticias\/descubra-como-transformar-o-estresse-no-trabalho-em-bem-estar-com-vanessa-lheti-no-programa-mente-saudavel\/\" \/>\n<meta property=\"og:locale\" content=\"pt_BR\" \/>\n<meta property=\"og:type\" content=\"article\" \/>\n<meta property=\"og:title\" content=\"Descubra como Transformar o Estresse no Trabalho em Bem-Estar com Vanessa Lheti no Programa &#039;Mente Saud\u00e1vel&#039; - R\u00e1dio Life FM\" \/>\n<meta property=\"og:description\" content=\"O estresse no trabalho \u00e9 uma realidade com que muitos de n\u00f3s lidam diariamente, mas e se houvesse uma maneira de transformar esse desafio em bem-estar? Recentemente, no programa &#8220;Mente Saud\u00e1vel&#8221; da Life FM, a especialista em Terapia Cognitivo-Comportamental (TCC), Vanessa Lheti, mergulhou profundamente nesse tema crucial. A apresentadora L\u00facia Prado, de maneira simples e [&hellip;]\" \/>\n<meta property=\"og:url\" content=\"https:\/\/radiolifefm.com.br\/noticias\/descubra-como-transformar-o-estresse-no-trabalho-em-bem-estar-com-vanessa-lheti-no-programa-mente-saudavel\/\" \/>\n<meta property=\"og:site_name\" content=\"R\u00e1dio Life FM\" \/>\n<meta property=\"article:publisher\" content=\"https:\/\/www.facebook.com\/radiolifefm\/\" \/>\n<meta property=\"article:published_time\" content=\"2023-11-07T18:33:21+00:00\" \/>\n<meta property=\"article:modified_time\" content=\"2026-04-10T18:12:22+00:00\" \/>\n<meta property=\"og:image\" content=\"https:\/\/radiolifefm.com.br\/noticias\/wp-content\/uploads\/2023\/11\/WhatsApp-Image-2023-11-07-at-15.01.35.jpeg\" \/>\n\t<meta property=\"og:image:width\" content=\"1600\" \/>\n\t<meta property=\"og:image:height\" content=\"1200\" \/>\n\t<meta property=\"og:image:type\" content=\"image\/jpeg\" \/>\n<meta name=\"author\" content=\"joaograndao\" \/>\n<meta name=\"twitter:card\" content=\"summary_large_image\" \/>\n<meta name=\"twitter:label1\" content=\"Escrito por\" \/>\n\t<meta name=\"twitter:data1\" content=\"joaograndao\" \/>\n\t<meta name=\"twitter:label2\" content=\"Est. tempo de leitura\" \/>\n\t<meta name=\"twitter:data2\" content=\"2 minutos\" \/>\n<script type=\"application\/ld+json\" class=\"yoast-schema-graph\">{\"@context\":\"https:\/\/schema.org\",\"@graph\":[{\"@type\":\"Article\",\"@id\":\"https:\/\/radiolifefm.com.br\/noticias\/descubra-como-transformar-o-estresse-no-trabalho-em-bem-estar-com-vanessa-lheti-no-programa-mente-saudavel\/#article\",\"isPartOf\":{\"@id\":\"https:\/\/radiolifefm.com.br\/noticias\/descubra-como-transformar-o-estresse-no-trabalho-em-bem-estar-com-vanessa-lheti-no-programa-mente-saudavel\/\"},\"author\":{\"name\":\"joaograndao\",\"@id\":\"https:\/\/radiolifefm.com.br\/noticias\/#\/schema\/person\/6876e1240feffe6e1b63fd5cb85abf28\"},\"headline\":\"Descubra como Transformar o Estresse no Trabalho em Bem-Estar com Vanessa Lheti no Programa &#8216;Mente Saud\u00e1vel&#8217;\",\"datePublished\":\"2023-11-07T18:33:21+00:00\",\"dateModified\":\"2026-04-10T18:12:22+00:00\",\"mainEntityOfPage\":{\"@id\":\"https:\/\/radiolifefm.com.br\/noticias\/descubra-como-transformar-o-estresse-no-trabalho-em-bem-estar-com-vanessa-lheti-no-programa-mente-saudavel\/\"},\"wordCount\":291,\"publisher\":{\"@id\":\"https:\/\/radiolifefm.com.br\/noticias\/#organization\"},\"image\":{\"@id\":\"https:\/\/radiolifefm.com.br\/noticias\/descubra-como-transformar-o-estresse-no-trabalho-em-bem-estar-com-vanessa-lheti-no-programa-mente-saudavel\/#primaryimage\"},\"thumbnailUrl\":\"https:\/\/radiolifefm.com.br\/noticias\/wp-content\/uploads\/2023\/11\/WhatsApp-Image-2023-11-07-at-15.01.35.jpeg\",\"articleSection\":[\"Mente Saudavel\"],\"inLanguage\":\"pt-BR\"},{\"@type\":\"WebPage\",\"@id\":\"https:\/\/radiolifefm.com.br\/noticias\/descubra-como-transformar-o-estresse-no-trabalho-em-bem-estar-com-vanessa-lheti-no-programa-mente-saudavel\/\",\"url\":\"https:\/\/radiolifefm.com.br\/noticias\/descubra-como-transformar-o-estresse-no-trabalho-em-bem-estar-com-vanessa-lheti-no-programa-mente-saudavel\/\",\"name\":\"Descubra como Transformar o Estresse no Trabalho em Bem-Estar com Vanessa Lheti no Programa 'Mente Saud\u00e1vel' - R\u00e1dio Life FM\",\"isPartOf\":{\"@id\":\"https:\/\/radiolifefm.com.br\/noticias\/#website\"},\"primaryImageOfPage\":{\"@id\":\"https:\/\/radiolifefm.com.br\/noticias\/descubra-como-transformar-o-estresse-no-trabalho-em-bem-estar-com-vanessa-lheti-no-programa-mente-saudavel\/#primaryimage\"},\"image\":{\"@id\":\"https:\/\/radiolifefm.com.br\/noticias\/descubra-como-transformar-o-estresse-no-trabalho-em-bem-estar-com-vanessa-lheti-no-programa-mente-saudavel\/#primaryimage\"},\"thumbnailUrl\":\"https:\/\/radiolifefm.com.br\/noticias\/wp-content\/uploads\/2023\/11\/WhatsApp-Image-2023-11-07-at-15.01.35.jpeg\",\"datePublished\":\"2023-11-07T18:33:21+00:00\",\"dateModified\":\"2026-04-10T18:12:22+00:00\",\"breadcrumb\":{\"@id\":\"https:\/\/radiolifefm.com.br\/noticias\/descubra-como-transformar-o-estresse-no-trabalho-em-bem-estar-com-vanessa-lheti-no-programa-mente-saudavel\/#breadcrumb\"},\"inLanguage\":\"pt-BR\",\"potentialAction\":[{\"@type\":\"ReadAction\",\"target\":[\"https:\/\/radiolifefm.com.br\/noticias\/descubra-como-transformar-o-estresse-no-trabalho-em-bem-estar-com-vanessa-lheti-no-programa-mente-saudavel\/\"]}]},{\"@type\":\"ImageObject\",\"inLanguage\":\"pt-BR\",\"@id\":\"https:\/\/radiolifefm.com.br\/noticias\/descubra-como-transformar-o-estresse-no-trabalho-em-bem-estar-com-vanessa-lheti-no-programa-mente-saudavel\/#primaryimage\",\"url\":\"https:\/\/radiolifefm.com.br\/noticias\/wp-content\/uploads\/2023\/11\/WhatsApp-Image-2023-11-07-at-15.01.35.jpeg\",\"contentUrl\":\"https:\/\/radiolifefm.com.br\/noticias\/wp-content\/uploads\/2023\/11\/WhatsApp-Image-2023-11-07-at-15.01.35.jpeg\",\"width\":1600,\"height\":1200},{\"@type\":\"BreadcrumbList\",\"@id\":\"https:\/\/radiolifefm.com.br\/noticias\/descubra-como-transformar-o-estresse-no-trabalho-em-bem-estar-com-vanessa-lheti-no-programa-mente-saudavel\/#breadcrumb\",\"itemListElement\":[{\"@type\":\"ListItem\",\"position\":1,\"name\":\"In\u00edcio\",\"item\":\"https:\/\/radiolifefm.com.br\/noticias\/\"},{\"@type\":\"ListItem\",\"position\":2,\"name\":\"Descubra como Transformar o Estresse no Trabalho em Bem-Estar com Vanessa Lheti no Programa &#8216;Mente Saud\u00e1vel&#8217;\"}]},{\"@type\":\"WebSite\",\"@id\":\"https:\/\/radiolifefm.com.br\/noticias\/#website\",\"url\":\"https:\/\/radiolifefm.com.br\/noticias\/\",\"name\":\"R\u00e1dio Life FM\",\"description\":\"O Portal de Not\u00edcias de Adamantina\",\"publisher\":{\"@id\":\"https:\/\/radiolifefm.com.br\/noticias\/#organization\"},\"alternateName\":\"Life FM\",\"potentialAction\":[{\"@type\":\"SearchAction\",\"target\":{\"@type\":\"EntryPoint\",\"urlTemplate\":\"https:\/\/radiolifefm.com.br\/noticias\/?s={search_term_string}\"},\"query-input\":{\"@type\":\"PropertyValueSpecification\",\"valueRequired\":true,\"valueName\":\"search_term_string\"}}],\"inLanguage\":\"pt-BR\"},{\"@type\":\"Organization\",\"@id\":\"https:\/\/radiolifefm.com.br\/noticias\/#organization\",\"name\":\"R\u00e1dio Life FM\",\"alternateName\":\"Life FM\",\"url\":\"https:\/\/radiolifefm.com.br\/noticias\/\",\"logo\":{\"@type\":\"ImageObject\",\"inLanguage\":\"pt-BR\",\"@id\":\"https:\/\/radiolifefm.com.br\/noticias\/#\/schema\/logo\/image\/\",\"url\":\"https:\/\/static.radiolifefm.com.br\/noticias\/wp-content\/uploads\/2019\/10\/logo-lifefm.png\",\"contentUrl\":\"https:\/\/static.radiolifefm.com.br\/noticias\/wp-content\/uploads\/2019\/10\/logo-lifefm.png\",\"width\":196,\"height\":47,\"caption\":\"R\u00e1dio Life FM\"},\"image\":{\"@id\":\"https:\/\/radiolifefm.com.br\/noticias\/#\/schema\/logo\/image\/\"},\"sameAs\":[\"https:\/\/www.facebook.com\/radiolifefm\/\",\"https:\/\/www.instagram.com\/life1079fm\/\"]},{\"@type\":\"Person\",\"@id\":\"https:\/\/radiolifefm.com.br\/noticias\/#\/schema\/person\/6876e1240feffe6e1b63fd5cb85abf28\",\"name\":\"joaograndao\",\"image\":{\"@type\":\"ImageObject\",\"inLanguage\":\"pt-BR\",\"@id\":\"https:\/\/secure.gravatar.com\/avatar\/d5b1a3cf357ed9c50404e256a1294083aa8ab5d2a994001567302786016cb32c?s=96&d=mm&r=g\",\"url\":\"https:\/\/secure.gravatar.com\/avatar\/d5b1a3cf357ed9c50404e256a1294083aa8ab5d2a994001567302786016cb32c?s=96&d=mm&r=g\",\"contentUrl\":\"https:\/\/secure.gravatar.com\/avatar\/d5b1a3cf357ed9c50404e256a1294083aa8ab5d2a994001567302786016cb32c?s=96&d=mm&r=g\",\"caption\":\"joaograndao\"}}]}<\/script>\n<!-- \/ Yoast SEO plugin. -->","yoast_head_json":{"title":"Descubra como Transformar o Estresse no Trabalho em Bem-Estar com Vanessa Lheti no Programa 'Mente Saud\u00e1vel' - R\u00e1dio Life FM","robots":{"index":"index","follow":"follow","max-snippet":"max-snippet:-1","max-image-preview":"max-image-preview:large","max-video-preview":"max-video-preview:-1"},"canonical":"https:\/\/radiolifefm.com.br\/noticias\/descubra-como-transformar-o-estresse-no-trabalho-em-bem-estar-com-vanessa-lheti-no-programa-mente-saudavel\/","og_locale":"pt_BR","og_type":"article","og_title":"Descubra como Transformar o Estresse no Trabalho em Bem-Estar com Vanessa Lheti no Programa 'Mente Saud\u00e1vel' - R\u00e1dio Life FM","og_description":"O estresse no trabalho \u00e9 uma realidade com que muitos de n\u00f3s lidam diariamente, mas e se houvesse uma maneira de transformar esse desafio em bem-estar? Recentemente, no programa &#8220;Mente Saud\u00e1vel&#8221; da Life FM, a especialista em Terapia Cognitivo-Comportamental (TCC), Vanessa Lheti, mergulhou profundamente nesse tema crucial. A apresentadora L\u00facia Prado, de maneira simples e [&hellip;]","og_url":"https:\/\/radiolifefm.com.br\/noticias\/descubra-como-transformar-o-estresse-no-trabalho-em-bem-estar-com-vanessa-lheti-no-programa-mente-saudavel\/","og_site_name":"R\u00e1dio Life FM","article_publisher":"https:\/\/www.facebook.com\/radiolifefm\/","article_published_time":"2023-11-07T18:33:21+00:00","article_modified_time":"2026-04-10T18:12:22+00:00","og_image":[{"width":1600,"height":1200,"url":"https:\/\/radiolifefm.com.br\/noticias\/wp-content\/uploads\/2023\/11\/WhatsApp-Image-2023-11-07-at-15.01.35.jpeg","type":"image\/jpeg"}],"author":"joaograndao","twitter_card":"summary_large_image","twitter_misc":{"Escrito por":"joaograndao","Est. tempo de leitura":"2 minutos"},"schema":{"@context":"https:\/\/schema.org","@graph":[{"@type":"Article","@id":"https:\/\/radiolifefm.com.br\/noticias\/descubra-como-transformar-o-estresse-no-trabalho-em-bem-estar-com-vanessa-lheti-no-programa-mente-saudavel\/#article","isPartOf":{"@id":"https:\/\/radiolifefm.com.br\/noticias\/descubra-como-transformar-o-estresse-no-trabalho-em-bem-estar-com-vanessa-lheti-no-programa-mente-saudavel\/"},"author":{"name":"joaograndao","@id":"https:\/\/radiolifefm.com.br\/noticias\/#\/schema\/person\/6876e1240feffe6e1b63fd5cb85abf28"},"headline":"Descubra como Transformar o Estresse no Trabalho em Bem-Estar com Vanessa Lheti no Programa &#8216;Mente Saud\u00e1vel&#8217;","datePublished":"2023-11-07T18:33:21+00:00","dateModified":"2026-04-10T18:12:22+00:00","mainEntityOfPage":{"@id":"https:\/\/radiolifefm.com.br\/noticias\/descubra-como-transformar-o-estresse-no-trabalho-em-bem-estar-com-vanessa-lheti-no-programa-mente-saudavel\/"},"wordCount":291,"publisher":{"@id":"https:\/\/radiolifefm.com.br\/noticias\/#organization"},"image":{"@id":"https:\/\/radiolifefm.com.br\/noticias\/descubra-como-transformar-o-estresse-no-trabalho-em-bem-estar-com-vanessa-lheti-no-programa-mente-saudavel\/#primaryimage"},"thumbnailUrl":"https:\/\/radiolifefm.com.br\/noticias\/wp-content\/uploads\/2023\/11\/WhatsApp-Image-2023-11-07-at-15.01.35.jpeg","articleSection":["Mente Saudavel"],"inLanguage":"pt-BR"},{"@type":"WebPage","@id":"https:\/\/radiolifefm.com.br\/noticias\/descubra-como-transformar-o-estresse-no-trabalho-em-bem-estar-com-vanessa-lheti-no-programa-mente-saudavel\/","url":"https:\/\/radiolifefm.com.br\/noticias\/descubra-como-transformar-o-estresse-no-trabalho-em-bem-estar-com-vanessa-lheti-no-programa-mente-saudavel\/","name":"Descubra como Transformar o Estresse no Trabalho em Bem-Estar com Vanessa Lheti no Programa 'Mente Saud\u00e1vel' - R\u00e1dio Life FM","isPartOf":{"@id":"https:\/\/radiolifefm.com.br\/noticias\/#website"},"primaryImageOfPage":{"@id":"https:\/\/radiolifefm.com.br\/noticias\/descubra-como-transformar-o-estresse-no-trabalho-em-bem-estar-com-vanessa-lheti-no-programa-mente-saudavel\/#primaryimage"},"image":{"@id":"https:\/\/radiolifefm.com.br\/noticias\/descubra-como-transformar-o-estresse-no-trabalho-em-bem-estar-com-vanessa-lheti-no-programa-mente-saudavel\/#primaryimage"},"thumbnailUrl":"https:\/\/radiolifefm.com.br\/noticias\/wp-content\/uploads\/2023\/11\/WhatsApp-Image-2023-11-07-at-15.01.35.jpeg","datePublished":"2023-11-07T18:33:21+00:00","dateModified":"2026-04-10T18:12:22+00:00","breadcrumb":{"@id":"https:\/\/radiolifefm.com.br\/noticias\/descubra-como-transformar-o-estresse-no-trabalho-em-bem-estar-com-vanessa-lheti-no-programa-mente-saudavel\/#breadcrumb"},"inLanguage":"pt-BR","potentialAction":[{"@type":"ReadAction","target":["https:\/\/radiolifefm.com.br\/noticias\/descubra-como-transformar-o-estresse-no-trabalho-em-bem-estar-com-vanessa-lheti-no-programa-mente-saudavel\/"]}]},{"@type":"ImageObject","inLanguage":"pt-BR","@id":"https:\/\/radiolifefm.com.br\/noticias\/descubra-como-transformar-o-estresse-no-trabalho-em-bem-estar-com-vanessa-lheti-no-programa-mente-saudavel\/#primaryimage","url":"https:\/\/radiolifefm.com.br\/noticias\/wp-content\/uploads\/2023\/11\/WhatsApp-Image-2023-11-07-at-15.01.35.jpeg","contentUrl":"https:\/\/radiolifefm.com.br\/noticias\/wp-content\/uploads\/2023\/11\/WhatsApp-Image-2023-11-07-at-15.01.35.jpeg","width":1600,"height":1200},{"@type":"BreadcrumbList","@id":"https:\/\/radiolifefm.com.br\/noticias\/descubra-como-transformar-o-estresse-no-trabalho-em-bem-estar-com-vanessa-lheti-no-programa-mente-saudavel\/#breadcrumb","itemListElement":[{"@type":"ListItem","position":1,"name":"In\u00edcio","item":"https:\/\/radiolifefm.com.br\/noticias\/"},{"@type":"ListItem","position":2,"name":"Descubra como Transformar o Estresse no Trabalho em Bem-Estar com Vanessa Lheti no Programa &#8216;Mente Saud\u00e1vel&#8217;"}]},{"@type":"WebSite","@id":"https:\/\/radiolifefm.com.br\/noticias\/#website","url":"https:\/\/radiolifefm.com.br\/noticias\/","name":"R\u00e1dio Life FM","description":"O Portal de Not\u00edcias de Adamantina","publisher":{"@id":"https:\/\/radiolifefm.com.br\/noticias\/#organization"},"alternateName":"Life FM","potentialAction":[{"@type":"SearchAction","target":{"@type":"EntryPoint","urlTemplate":"https:\/\/radiolifefm.com.br\/noticias\/?s={search_term_string}"},"query-input":{"@type":"PropertyValueSpecification","valueRequired":true,"valueName":"search_term_string"}}],"inLanguage":"pt-BR"},{"@type":"Organization","@id":"https:\/\/radiolifefm.com.br\/noticias\/#organization","name":"R\u00e1dio Life FM","alternateName":"Life FM","url":"https:\/\/radiolifefm.com.br\/noticias\/","logo":{"@type":"ImageObject","inLanguage":"pt-BR","@id":"https:\/\/radiolifefm.com.br\/noticias\/#\/schema\/logo\/image\/","url":"https:\/\/static.radiolifefm.com.br\/noticias\/wp-content\/uploads\/2019\/10\/logo-lifefm.png","contentUrl":"https:\/\/static.radiolifefm.com.br\/noticias\/wp-content\/uploads\/2019\/10\/logo-lifefm.png","width":196,"height":47,"caption":"R\u00e1dio Life FM"},"image":{"@id":"https:\/\/radiolifefm.com.br\/noticias\/#\/schema\/logo\/image\/"},"sameAs":["https:\/\/www.facebook.com\/radiolifefm\/","https:\/\/www.instagram.com\/life1079fm\/"]},{"@type":"Person","@id":"https:\/\/radiolifefm.com.br\/noticias\/#\/schema\/person\/6876e1240feffe6e1b63fd5cb85abf28","name":"joaograndao","image":{"@type":"ImageObject","inLanguage":"pt-BR","@id":"https:\/\/secure.gravatar.com\/avatar\/d5b1a3cf357ed9c50404e256a1294083aa8ab5d2a994001567302786016cb32c?s=96&d=mm&r=g","url":"https:\/\/secure.gravatar.com\/avatar\/d5b1a3cf357ed9c50404e256a1294083aa8ab5d2a994001567302786016cb32c?s=96&d=mm&r=g","contentUrl":"https:\/\/secure.gravatar.com\/avatar\/d5b1a3cf357ed9c50404e256a1294083aa8ab5d2a994001567302786016cb32c?s=96&d=mm&r=g","caption":"joaograndao"}}]}},"amp_enabled":true,"_links":{"self":[{"href":"https:\/\/radiolifefm.com.br\/noticias\/wp-json\/wp\/v2\/posts\/78563","targetHints":{"allow":["GET"]}}],"collection":[{"href":"https:\/\/radiolifefm.com.br\/noticias\/wp-json\/wp\/v2\/posts"}],"about":[{"href":"https:\/\/radiolifefm.com.br\/noticias\/wp-json\/wp\/v2\/types\/post"}],"author":[{"embeddable":true,"href":"https:\/\/radiolifefm.com.br\/noticias\/wp-json\/wp\/v2\/users\/8"}],"replies":[{"embeddable":true,"href":"https:\/\/radiolifefm.com.br\/noticias\/wp-json\/wp\/v2\/comments?post=78563"}],"version-history":[{"count":2,"href":"https:\/\/radiolifefm.com.br\/noticias\/wp-json\/wp\/v2\/posts\/78563\/revisions"}],"predecessor-version":[{"id":78572,"href":"https:\/\/radiolifefm.com.br\/noticias\/wp-json\/wp\/v2\/posts\/78563\/revisions\/78572"}],"wp:featuredmedia":[{"embeddable":true,"href":"https:\/\/radiolifefm.com.br\/noticias\/wp-json\/wp\/v2\/media\/78564"}],"wp:attachment":[{"href":"https:\/\/radiolifefm.com.br\/noticias\/wp-json\/wp\/v2\/media?parent=78563"}],"wp:term":[{"taxonomy":"category","embeddable":true,"href":"https:\/\/radiolifefm.com.br\/noticias\/wp-json\/wp\/v2\/categories?post=78563"},{"taxonomy":"post_tag","embeddable":true,"href":"https:\/\/radiolifefm.com.br\/noticias\/wp-json\/wp\/v2\/tags?post=78563"}],"curies":[{"name":"wp","href":"https:\/\/api.w.org\/{rel}","templated":true}]}}