{"id":78440,"date":"2023-11-04T08:25:47","date_gmt":"2023-11-04T11:25:47","guid":{"rendered":"https:\/\/radiolifefm.com.br\/noticias\/?p=78440"},"modified":"2026-04-11T17:21:02","modified_gmt":"2026-04-11T20:21:02","slug":"as-silenciosas-dores-do-progresso-nos-corredores-do-seculo-xxi-solange-lisboa","status":"publish","type":"post","link":"https:\/\/radiolifefm.com.br\/noticias\/as-silenciosas-dores-do-progresso-nos-corredores-do-seculo-xxi-solange-lisboa\/","title":{"rendered":"As Silenciosas dores do Progresso  Nos corredores do s\u00e9culo XXI Solange Lisboa"},"content":{"rendered":"<div id=\"fb-root\"><\/div>\n<p>\u00c0 medida que caminhamos pelos corredores do s\u00e9culo XXI, sentimos\u00a0\u00a0 mais intensa necessidade de criar outros rumos, novas perspectivas e novos recursos para enfrentar as distor\u00e7\u00f5es e controv\u00e9rsias das mentes humanas e suas complexidades.<\/p>\n<p>As pessoas s\u00e3o diferentes nesse tempo de tantos desenvolvimentos cient\u00edficos, de grande participa\u00e7\u00e3o em temas dantes n\u00e3o t\u00e3o vis\u00edveis, e, no entanto, parece que ficamos insens\u00edveis, t\u00e3o cheios de conceitos e apuramos os preconceitos, contrariando de maneira inacredit\u00e1vel a sapi\u00eancia do contexto atual.<\/p>\n<p>Nos meus tempos de juventude, quer parecer que poucas pessoas espalhadas por toda a superf\u00edcie do Planeta Azul, desfrutavam dos saberes e algumas vantagens das quais dispunham seu universo econ\u00f4mico, que os levava a ter a chave para abrir algumas portas e saborear novos conhecimentos e descobertas da ent\u00e3o <em>\u201cinc\u00f3gnita pesquisa cient\u00edfica<\/em> \u201c.<\/p>\n<p>Hoje as telinhas nos mostram abertamente as fontes que ligam a energia do conhecimento e, mesmo os menos favorecidos tem contato, ainda que indireto, com essas informa\u00e7\u00f5es.<\/p>\n<p>Aconteceu no passado recente; 50 anos para ver a ci\u00eancia <em>ACONTECER<\/em> bem diante dos nossos olhos; fazemos parte dela;<\/p>\n<p>Est\u00e3o nas lembran\u00e7as dos que nasceram entre os anos 60 e 80:<\/p>\n<p>&nbsp;<\/p>\n<ul>\n<li>a estrutura tridimensional da mol\u00e9cula de DNA foi descoberta em 1953, por Francis Crick, James Watson e Maurice Wilkins, quando trabalhavam em Cambridge, no Reino Unido;<\/li>\n<li>O homem foi a Lua \u2013 20 de julho de 1969 &#8211; Neil Armstrong e Buzz Aldrin pousaram com seguran\u00e7a em \u201cMare Tranquillitatis\u201d, deixaram marcas de seus passos na lua<\/li>\n<li>A velocidade do mundo foi alterada drasticamente, posso dizer que \u201c<em>Vi Acontecer<\/em>\u201d: a ci\u00eancia se multiplicando e as pessoas se movendo em supers\u00f4nicos, avi\u00f5es mais velozes que o som, o OVERTURE com promessa de 1.800km\/h e nenhum som. Mais recente os X-59 desenvolvido pela <strong>NASA<\/strong>, emitir\u00e3o sons de apenas 75 decib\u00e9is.<\/li>\n<\/ul>\n<p>O que de mais moderno, o conhecimento humano puder promover: <strong><em>est\u00e1 acontecendo agora<\/em><\/strong>!<\/p>\n<p>Os assombrosos eventos da ci\u00eancia, voam por esses corredores distribuindo o bem e o mal, empatia e indiferen\u00e7a, paz e guerra, amor e \u00f3dio, verdades e fakes.<\/p>\n<p>&nbsp;<\/p>\n<p>O Ser Humano fez tantas descobertas, criou benef\u00edcios at\u00e9 ent\u00e3o inesperados:<\/p>\n<p>Tiramos o som dos avi\u00f5es; tiramos a dor dos injet\u00e1veis; o gosto ruim dos xaropes; criamos os medicamentos antirretrovirais (ARV) para impedir a multiplica\u00e7\u00e3o do HIV no organismo.<\/p>\n<p>criamos portas autom\u00e1ticas; Ah! Jornada nas estrelas; M\u00e1quinas, computadores, celulares; diminu\u00edmos a dist\u00e2ncia entre os habitantes do planeta \u00e1gua; criamos desesperadas vacinas, para proteger e preservar a vida e a mais recente e n\u00e3o menos assustadora \u201c<em>Intelig\u00eancia Artificial<\/em>\u201d.<\/p>\n<p>E o caminho se alonga e surgem a cada instante mais novidades nesse t\u00fanel cheio de portas que denominamos \u201c<em>corredores do novo s\u00e9culo<\/em>\u201d.<\/p>\n<p>Em alguns pontos, antes espor\u00e1dicos, agora muito frequentes, h\u00e1 muros erguidos pelo sil\u00eancio, pelo descaso, pela falta de amor e de humanidade. Temos tudo nas m\u00e3os, mas se encontra vazio o cora\u00e7\u00e3o.<\/p>\n<p>Nesses corredores de avan\u00e7os, de novas ideias, de novos conceitos, de poucos valores, h\u00e1 um mundo de solit\u00e1rios e carentes, carentes de olhares doces, de boas palavras, de solidariedade, de grandes ou pequenas verdades; um mundo impenetr\u00e1vel, onde a psicologia e a psican\u00e1lise batem insistentemente para fazer contado e liberta-las.<\/p>\n<p>carentes de um ponto de descanso, um travesseiro de tranquilidade, um lugar nesse estranho corredor, onde a vida ganhe cor.<\/p>\n<p>Com tanto avan\u00e7o e descobertas, ficamos descobertos, como aquela est\u00f3ria do len\u00e7ol curto: \u201c<em>cobrimos os p\u00e9s e descobrimos a cabe\u00e7a\u201d. <\/em><\/p>\n<p>As dores causadas pela solid\u00e3o desse mundo p\u00f3s-moderno, precisa encontrar uma sa\u00edda, um t\u00fanel, um escape para <em>Pandora;<\/em> para um mundo onde \u201c<em>suic\u00eddio n\u00e3o seja uma solu\u00e7\u00e3o permanente, para um problema tempor\u00e1rio<\/em>\u201d. (Andrew Solomon)<\/p>\n<p>O suic\u00eddio n\u00e3o \u00e9 um fen\u00f4meno recente, mas os n\u00fameros t\u00eam impactado t\u00e3o fortemente os \u00f3rg\u00e3os internacionais de sa\u00fade que n\u00e3o h\u00e1 d\u00favidas: estamos diante de um grave problema de sa\u00fade p\u00fablica. No Brasil, cerca de 12 mil pessoas tiram a pr\u00f3pria vida por ano, quase 6% da popula\u00e7\u00e3o. No mundo, s\u00e3o cerca de 800 mil\u00a0 suic\u00eddios anuais. O Brasil s\u00f3 perde para os EUA.<\/p>\n<p>N\u00e3o por acaso, desde 2003, o dia 10 de setembro foi escolhido como o Dia Mundial de Preven\u00e7\u00e3o do Suic\u00eddio.<\/p>\n<p>Precisamos com urg\u00eancia ver a Luz no final desse corredor&#8230;.<\/p>\n<p>Solange Lisboa<br \/>\nEscritora\/ Poetisa<\/p>\n<p>@solnlisboa<\/p>\n<p>Solangeserrao3@gmail.com<br \/>\n19\/07\/2023<\/p>\n<p>&nbsp;<\/p>\n<p>&nbsp;<\/p>\n<p>&nbsp;<\/p>\n<p><a href=\"https:\/\/www.saude.ba.gov.br\/2020\/09\/10\/oms-alerta-suicidio-e-a-3a-causa-de-morte-de-jovens-brasileiros-entre-15-e-29-anos\/\">OMS alerta: Suic\u00eddio \u00e9 a 3\u00aa causa de morte de jovens brasileiros entre 15 e 29 anos<\/a>\u00a0 https:\/\/www.saude.ba.gov.br\/2020\/09\/10\/oms-alerta-suicidio-e-a-3a-causa-de-morte-de-jovens-brasileiros-entre-15-e-29-anos\/<\/p>\n<p>&nbsp;<\/p>\n","protected":false},"excerpt":{"rendered":"<p>\u00c0 medida que caminhamos pelos corredores do s\u00e9culo XXI, sentimos\u00a0\u00a0 mais intensa necessidade de criar outros rumos, novas perspectivas e novos recursos para enfrentar as distor\u00e7\u00f5es e controv\u00e9rsias das mentes humanas e suas complexidades. As pessoas s\u00e3o diferentes nesse tempo de tantos desenvolvimentos cient\u00edficos, de grande participa\u00e7\u00e3o em temas dantes n\u00e3o t\u00e3o vis\u00edveis, e, no [&hellip;]<\/p>\n","protected":false},"author":13,"featured_media":78441,"comment_status":"closed","ping_status":"open","sticky":false,"template":"","format":"standard","meta":{"_acf_changed":false,"_exactmetrics_skip_tracking":false,"_exactmetrics_sitenote_active":false,"_exactmetrics_sitenote_note":"","_exactmetrics_sitenote_category":0,"footnotes":""},"categories":[59],"tags":[],"class_list":["post-78440","post","type-post","status-publish","format-standard","has-post-thumbnail","hentry","category-opiniao"],"acf":[],"yoast_head":"<!-- This site is optimized with the Yoast SEO plugin v27.2 - https:\/\/yoast.com\/product\/yoast-seo-wordpress\/ -->\n<title>As Silenciosas dores do Progresso Nos corredores do s\u00e9culo XXI Solange Lisboa - R\u00e1dio Life FM<\/title>\n<meta name=\"robots\" content=\"index, follow, max-snippet:-1, max-image-preview:large, max-video-preview:-1\" \/>\n<link rel=\"canonical\" href=\"https:\/\/radiolifefm.com.br\/noticias\/as-silenciosas-dores-do-progresso-nos-corredores-do-seculo-xxi-solange-lisboa\/\" \/>\n<meta property=\"og:locale\" content=\"pt_BR\" \/>\n<meta property=\"og:type\" content=\"article\" \/>\n<meta property=\"og:title\" content=\"As Silenciosas dores do Progresso Nos corredores do s\u00e9culo XXI Solange Lisboa - R\u00e1dio Life FM\" \/>\n<meta property=\"og:description\" content=\"\u00c0 medida que caminhamos pelos corredores do s\u00e9culo XXI, sentimos\u00a0\u00a0 mais intensa necessidade de criar outros rumos, novas perspectivas e novos recursos para enfrentar as distor\u00e7\u00f5es e controv\u00e9rsias das mentes humanas e suas complexidades. As pessoas s\u00e3o diferentes nesse tempo de tantos desenvolvimentos cient\u00edficos, de grande participa\u00e7\u00e3o em temas dantes n\u00e3o t\u00e3o vis\u00edveis, e, no [&hellip;]\" \/>\n<meta property=\"og:url\" content=\"https:\/\/radiolifefm.com.br\/noticias\/as-silenciosas-dores-do-progresso-nos-corredores-do-seculo-xxi-solange-lisboa\/\" \/>\n<meta property=\"og:site_name\" content=\"R\u00e1dio Life FM\" \/>\n<meta property=\"article:publisher\" content=\"https:\/\/www.facebook.com\/radiolifefm\/\" \/>\n<meta property=\"article:published_time\" content=\"2023-11-04T11:25:47+00:00\" \/>\n<meta property=\"article:modified_time\" content=\"2026-04-11T20:21:02+00:00\" \/>\n<meta property=\"og:image\" content=\"https:\/\/radiolifefm.com.br\/noticias\/wp-content\/uploads\/2023\/11\/WhatsApp-Image-2023-11-04-at-07.41.25.jpeg\" \/>\n\t<meta property=\"og:image:width\" content=\"1200\" \/>\n\t<meta property=\"og:image:height\" content=\"1600\" \/>\n\t<meta property=\"og:image:type\" content=\"image\/jpeg\" \/>\n<meta name=\"author\" content=\"ritanery\" \/>\n<meta name=\"twitter:card\" content=\"summary_large_image\" \/>\n<meta name=\"twitter:label1\" content=\"Escrito por\" \/>\n\t<meta name=\"twitter:data1\" content=\"ritanery\" \/>\n\t<meta name=\"twitter:label2\" content=\"Est. tempo de leitura\" \/>\n\t<meta name=\"twitter:data2\" content=\"4 minutos\" \/>\n<script type=\"application\/ld+json\" class=\"yoast-schema-graph\">{\"@context\":\"https:\/\/schema.org\",\"@graph\":[{\"@type\":\"Article\",\"@id\":\"https:\/\/radiolifefm.com.br\/noticias\/as-silenciosas-dores-do-progresso-nos-corredores-do-seculo-xxi-solange-lisboa\/#article\",\"isPartOf\":{\"@id\":\"https:\/\/radiolifefm.com.br\/noticias\/as-silenciosas-dores-do-progresso-nos-corredores-do-seculo-xxi-solange-lisboa\/\"},\"author\":{\"name\":\"ritanery\",\"@id\":\"https:\/\/radiolifefm.com.br\/noticias\/#\/schema\/person\/6339b9fac59d12b071dec680d7375d87\"},\"headline\":\"As Silenciosas dores do Progresso Nos corredores do s\u00e9culo XXI Solange Lisboa\",\"datePublished\":\"2023-11-04T11:25:47+00:00\",\"dateModified\":\"2026-04-11T20:21:02+00:00\",\"mainEntityOfPage\":{\"@id\":\"https:\/\/radiolifefm.com.br\/noticias\/as-silenciosas-dores-do-progresso-nos-corredores-do-seculo-xxi-solange-lisboa\/\"},\"wordCount\":807,\"publisher\":{\"@id\":\"https:\/\/radiolifefm.com.br\/noticias\/#organization\"},\"image\":{\"@id\":\"https:\/\/radiolifefm.com.br\/noticias\/as-silenciosas-dores-do-progresso-nos-corredores-do-seculo-xxi-solange-lisboa\/#primaryimage\"},\"thumbnailUrl\":\"https:\/\/radiolifefm.com.br\/noticias\/wp-content\/uploads\/2023\/11\/WhatsApp-Image-2023-11-04-at-07.41.25.jpeg\",\"articleSection\":[\"Opini\u00e3o\"],\"inLanguage\":\"pt-BR\"},{\"@type\":\"WebPage\",\"@id\":\"https:\/\/radiolifefm.com.br\/noticias\/as-silenciosas-dores-do-progresso-nos-corredores-do-seculo-xxi-solange-lisboa\/\",\"url\":\"https:\/\/radiolifefm.com.br\/noticias\/as-silenciosas-dores-do-progresso-nos-corredores-do-seculo-xxi-solange-lisboa\/\",\"name\":\"As Silenciosas dores do Progresso Nos corredores do s\u00e9culo XXI Solange Lisboa - R\u00e1dio Life FM\",\"isPartOf\":{\"@id\":\"https:\/\/radiolifefm.com.br\/noticias\/#website\"},\"primaryImageOfPage\":{\"@id\":\"https:\/\/radiolifefm.com.br\/noticias\/as-silenciosas-dores-do-progresso-nos-corredores-do-seculo-xxi-solange-lisboa\/#primaryimage\"},\"image\":{\"@id\":\"https:\/\/radiolifefm.com.br\/noticias\/as-silenciosas-dores-do-progresso-nos-corredores-do-seculo-xxi-solange-lisboa\/#primaryimage\"},\"thumbnailUrl\":\"https:\/\/radiolifefm.com.br\/noticias\/wp-content\/uploads\/2023\/11\/WhatsApp-Image-2023-11-04-at-07.41.25.jpeg\",\"datePublished\":\"2023-11-04T11:25:47+00:00\",\"dateModified\":\"2026-04-11T20:21:02+00:00\",\"breadcrumb\":{\"@id\":\"https:\/\/radiolifefm.com.br\/noticias\/as-silenciosas-dores-do-progresso-nos-corredores-do-seculo-xxi-solange-lisboa\/#breadcrumb\"},\"inLanguage\":\"pt-BR\",\"potentialAction\":[{\"@type\":\"ReadAction\",\"target\":[\"https:\/\/radiolifefm.com.br\/noticias\/as-silenciosas-dores-do-progresso-nos-corredores-do-seculo-xxi-solange-lisboa\/\"]}]},{\"@type\":\"ImageObject\",\"inLanguage\":\"pt-BR\",\"@id\":\"https:\/\/radiolifefm.com.br\/noticias\/as-silenciosas-dores-do-progresso-nos-corredores-do-seculo-xxi-solange-lisboa\/#primaryimage\",\"url\":\"https:\/\/radiolifefm.com.br\/noticias\/wp-content\/uploads\/2023\/11\/WhatsApp-Image-2023-11-04-at-07.41.25.jpeg\",\"contentUrl\":\"https:\/\/radiolifefm.com.br\/noticias\/wp-content\/uploads\/2023\/11\/WhatsApp-Image-2023-11-04-at-07.41.25.jpeg\",\"width\":1200,\"height\":1600,\"caption\":\"SOLANGE Lisboa. Poeta e escritora\"},{\"@type\":\"BreadcrumbList\",\"@id\":\"https:\/\/radiolifefm.com.br\/noticias\/as-silenciosas-dores-do-progresso-nos-corredores-do-seculo-xxi-solange-lisboa\/#breadcrumb\",\"itemListElement\":[{\"@type\":\"ListItem\",\"position\":1,\"name\":\"In\u00edcio\",\"item\":\"https:\/\/radiolifefm.com.br\/noticias\/\"},{\"@type\":\"ListItem\",\"position\":2,\"name\":\"As Silenciosas dores do Progresso Nos corredores do s\u00e9culo XXI Solange Lisboa\"}]},{\"@type\":\"WebSite\",\"@id\":\"https:\/\/radiolifefm.com.br\/noticias\/#website\",\"url\":\"https:\/\/radiolifefm.com.br\/noticias\/\",\"name\":\"R\u00e1dio Life FM\",\"description\":\"O Portal de Not\u00edcias de Adamantina\",\"publisher\":{\"@id\":\"https:\/\/radiolifefm.com.br\/noticias\/#organization\"},\"alternateName\":\"Life FM\",\"potentialAction\":[{\"@type\":\"SearchAction\",\"target\":{\"@type\":\"EntryPoint\",\"urlTemplate\":\"https:\/\/radiolifefm.com.br\/noticias\/?s={search_term_string}\"},\"query-input\":{\"@type\":\"PropertyValueSpecification\",\"valueRequired\":true,\"valueName\":\"search_term_string\"}}],\"inLanguage\":\"pt-BR\"},{\"@type\":\"Organization\",\"@id\":\"https:\/\/radiolifefm.com.br\/noticias\/#organization\",\"name\":\"R\u00e1dio Life FM\",\"alternateName\":\"Life FM\",\"url\":\"https:\/\/radiolifefm.com.br\/noticias\/\",\"logo\":{\"@type\":\"ImageObject\",\"inLanguage\":\"pt-BR\",\"@id\":\"https:\/\/radiolifefm.com.br\/noticias\/#\/schema\/logo\/image\/\",\"url\":\"https:\/\/static.radiolifefm.com.br\/noticias\/wp-content\/uploads\/2019\/10\/logo-lifefm.png\",\"contentUrl\":\"https:\/\/static.radiolifefm.com.br\/noticias\/wp-content\/uploads\/2019\/10\/logo-lifefm.png\",\"width\":196,\"height\":47,\"caption\":\"R\u00e1dio Life FM\"},\"image\":{\"@id\":\"https:\/\/radiolifefm.com.br\/noticias\/#\/schema\/logo\/image\/\"},\"sameAs\":[\"https:\/\/www.facebook.com\/radiolifefm\/\",\"https:\/\/www.instagram.com\/life1079fm\/\"]},{\"@type\":\"Person\",\"@id\":\"https:\/\/radiolifefm.com.br\/noticias\/#\/schema\/person\/6339b9fac59d12b071dec680d7375d87\",\"name\":\"ritanery\",\"image\":{\"@type\":\"ImageObject\",\"inLanguage\":\"pt-BR\",\"@id\":\"https:\/\/secure.gravatar.com\/avatar\/0e37bb19071f47c0b8a23f62a903df117c5a0e75f65a0c2901562f97cd41cf86?s=96&d=mm&r=g\",\"url\":\"https:\/\/secure.gravatar.com\/avatar\/0e37bb19071f47c0b8a23f62a903df117c5a0e75f65a0c2901562f97cd41cf86?s=96&d=mm&r=g\",\"contentUrl\":\"https:\/\/secure.gravatar.com\/avatar\/0e37bb19071f47c0b8a23f62a903df117c5a0e75f65a0c2901562f97cd41cf86?s=96&d=mm&r=g\",\"caption\":\"ritanery\"}}]}<\/script>\n<!-- \/ Yoast SEO plugin. -->","yoast_head_json":{"title":"As Silenciosas dores do Progresso Nos corredores do s\u00e9culo XXI Solange Lisboa - R\u00e1dio Life FM","robots":{"index":"index","follow":"follow","max-snippet":"max-snippet:-1","max-image-preview":"max-image-preview:large","max-video-preview":"max-video-preview:-1"},"canonical":"https:\/\/radiolifefm.com.br\/noticias\/as-silenciosas-dores-do-progresso-nos-corredores-do-seculo-xxi-solange-lisboa\/","og_locale":"pt_BR","og_type":"article","og_title":"As Silenciosas dores do Progresso Nos corredores do s\u00e9culo XXI Solange Lisboa - R\u00e1dio Life FM","og_description":"\u00c0 medida que caminhamos pelos corredores do s\u00e9culo XXI, sentimos\u00a0\u00a0 mais intensa necessidade de criar outros rumos, novas perspectivas e novos recursos para enfrentar as distor\u00e7\u00f5es e controv\u00e9rsias das mentes humanas e suas complexidades. As pessoas s\u00e3o diferentes nesse tempo de tantos desenvolvimentos cient\u00edficos, de grande participa\u00e7\u00e3o em temas dantes n\u00e3o t\u00e3o vis\u00edveis, e, no [&hellip;]","og_url":"https:\/\/radiolifefm.com.br\/noticias\/as-silenciosas-dores-do-progresso-nos-corredores-do-seculo-xxi-solange-lisboa\/","og_site_name":"R\u00e1dio Life FM","article_publisher":"https:\/\/www.facebook.com\/radiolifefm\/","article_published_time":"2023-11-04T11:25:47+00:00","article_modified_time":"2026-04-11T20:21:02+00:00","og_image":[{"width":1200,"height":1600,"url":"https:\/\/radiolifefm.com.br\/noticias\/wp-content\/uploads\/2023\/11\/WhatsApp-Image-2023-11-04-at-07.41.25.jpeg","type":"image\/jpeg"}],"author":"ritanery","twitter_card":"summary_large_image","twitter_misc":{"Escrito por":"ritanery","Est. tempo de leitura":"4 minutos"},"schema":{"@context":"https:\/\/schema.org","@graph":[{"@type":"Article","@id":"https:\/\/radiolifefm.com.br\/noticias\/as-silenciosas-dores-do-progresso-nos-corredores-do-seculo-xxi-solange-lisboa\/#article","isPartOf":{"@id":"https:\/\/radiolifefm.com.br\/noticias\/as-silenciosas-dores-do-progresso-nos-corredores-do-seculo-xxi-solange-lisboa\/"},"author":{"name":"ritanery","@id":"https:\/\/radiolifefm.com.br\/noticias\/#\/schema\/person\/6339b9fac59d12b071dec680d7375d87"},"headline":"As Silenciosas dores do Progresso Nos corredores do s\u00e9culo XXI Solange Lisboa","datePublished":"2023-11-04T11:25:47+00:00","dateModified":"2026-04-11T20:21:02+00:00","mainEntityOfPage":{"@id":"https:\/\/radiolifefm.com.br\/noticias\/as-silenciosas-dores-do-progresso-nos-corredores-do-seculo-xxi-solange-lisboa\/"},"wordCount":807,"publisher":{"@id":"https:\/\/radiolifefm.com.br\/noticias\/#organization"},"image":{"@id":"https:\/\/radiolifefm.com.br\/noticias\/as-silenciosas-dores-do-progresso-nos-corredores-do-seculo-xxi-solange-lisboa\/#primaryimage"},"thumbnailUrl":"https:\/\/radiolifefm.com.br\/noticias\/wp-content\/uploads\/2023\/11\/WhatsApp-Image-2023-11-04-at-07.41.25.jpeg","articleSection":["Opini\u00e3o"],"inLanguage":"pt-BR"},{"@type":"WebPage","@id":"https:\/\/radiolifefm.com.br\/noticias\/as-silenciosas-dores-do-progresso-nos-corredores-do-seculo-xxi-solange-lisboa\/","url":"https:\/\/radiolifefm.com.br\/noticias\/as-silenciosas-dores-do-progresso-nos-corredores-do-seculo-xxi-solange-lisboa\/","name":"As Silenciosas dores do Progresso Nos corredores do s\u00e9culo XXI Solange Lisboa - R\u00e1dio Life FM","isPartOf":{"@id":"https:\/\/radiolifefm.com.br\/noticias\/#website"},"primaryImageOfPage":{"@id":"https:\/\/radiolifefm.com.br\/noticias\/as-silenciosas-dores-do-progresso-nos-corredores-do-seculo-xxi-solange-lisboa\/#primaryimage"},"image":{"@id":"https:\/\/radiolifefm.com.br\/noticias\/as-silenciosas-dores-do-progresso-nos-corredores-do-seculo-xxi-solange-lisboa\/#primaryimage"},"thumbnailUrl":"https:\/\/radiolifefm.com.br\/noticias\/wp-content\/uploads\/2023\/11\/WhatsApp-Image-2023-11-04-at-07.41.25.jpeg","datePublished":"2023-11-04T11:25:47+00:00","dateModified":"2026-04-11T20:21:02+00:00","breadcrumb":{"@id":"https:\/\/radiolifefm.com.br\/noticias\/as-silenciosas-dores-do-progresso-nos-corredores-do-seculo-xxi-solange-lisboa\/#breadcrumb"},"inLanguage":"pt-BR","potentialAction":[{"@type":"ReadAction","target":["https:\/\/radiolifefm.com.br\/noticias\/as-silenciosas-dores-do-progresso-nos-corredores-do-seculo-xxi-solange-lisboa\/"]}]},{"@type":"ImageObject","inLanguage":"pt-BR","@id":"https:\/\/radiolifefm.com.br\/noticias\/as-silenciosas-dores-do-progresso-nos-corredores-do-seculo-xxi-solange-lisboa\/#primaryimage","url":"https:\/\/radiolifefm.com.br\/noticias\/wp-content\/uploads\/2023\/11\/WhatsApp-Image-2023-11-04-at-07.41.25.jpeg","contentUrl":"https:\/\/radiolifefm.com.br\/noticias\/wp-content\/uploads\/2023\/11\/WhatsApp-Image-2023-11-04-at-07.41.25.jpeg","width":1200,"height":1600,"caption":"SOLANGE Lisboa. Poeta e escritora"},{"@type":"BreadcrumbList","@id":"https:\/\/radiolifefm.com.br\/noticias\/as-silenciosas-dores-do-progresso-nos-corredores-do-seculo-xxi-solange-lisboa\/#breadcrumb","itemListElement":[{"@type":"ListItem","position":1,"name":"In\u00edcio","item":"https:\/\/radiolifefm.com.br\/noticias\/"},{"@type":"ListItem","position":2,"name":"As Silenciosas dores do Progresso Nos corredores do s\u00e9culo XXI Solange Lisboa"}]},{"@type":"WebSite","@id":"https:\/\/radiolifefm.com.br\/noticias\/#website","url":"https:\/\/radiolifefm.com.br\/noticias\/","name":"R\u00e1dio Life FM","description":"O Portal de Not\u00edcias de Adamantina","publisher":{"@id":"https:\/\/radiolifefm.com.br\/noticias\/#organization"},"alternateName":"Life FM","potentialAction":[{"@type":"SearchAction","target":{"@type":"EntryPoint","urlTemplate":"https:\/\/radiolifefm.com.br\/noticias\/?s={search_term_string}"},"query-input":{"@type":"PropertyValueSpecification","valueRequired":true,"valueName":"search_term_string"}}],"inLanguage":"pt-BR"},{"@type":"Organization","@id":"https:\/\/radiolifefm.com.br\/noticias\/#organization","name":"R\u00e1dio Life FM","alternateName":"Life FM","url":"https:\/\/radiolifefm.com.br\/noticias\/","logo":{"@type":"ImageObject","inLanguage":"pt-BR","@id":"https:\/\/radiolifefm.com.br\/noticias\/#\/schema\/logo\/image\/","url":"https:\/\/static.radiolifefm.com.br\/noticias\/wp-content\/uploads\/2019\/10\/logo-lifefm.png","contentUrl":"https:\/\/static.radiolifefm.com.br\/noticias\/wp-content\/uploads\/2019\/10\/logo-lifefm.png","width":196,"height":47,"caption":"R\u00e1dio Life FM"},"image":{"@id":"https:\/\/radiolifefm.com.br\/noticias\/#\/schema\/logo\/image\/"},"sameAs":["https:\/\/www.facebook.com\/radiolifefm\/","https:\/\/www.instagram.com\/life1079fm\/"]},{"@type":"Person","@id":"https:\/\/radiolifefm.com.br\/noticias\/#\/schema\/person\/6339b9fac59d12b071dec680d7375d87","name":"ritanery","image":{"@type":"ImageObject","inLanguage":"pt-BR","@id":"https:\/\/secure.gravatar.com\/avatar\/0e37bb19071f47c0b8a23f62a903df117c5a0e75f65a0c2901562f97cd41cf86?s=96&d=mm&r=g","url":"https:\/\/secure.gravatar.com\/avatar\/0e37bb19071f47c0b8a23f62a903df117c5a0e75f65a0c2901562f97cd41cf86?s=96&d=mm&r=g","contentUrl":"https:\/\/secure.gravatar.com\/avatar\/0e37bb19071f47c0b8a23f62a903df117c5a0e75f65a0c2901562f97cd41cf86?s=96&d=mm&r=g","caption":"ritanery"}}]}},"amp_enabled":true,"_links":{"self":[{"href":"https:\/\/radiolifefm.com.br\/noticias\/wp-json\/wp\/v2\/posts\/78440","targetHints":{"allow":["GET"]}}],"collection":[{"href":"https:\/\/radiolifefm.com.br\/noticias\/wp-json\/wp\/v2\/posts"}],"about":[{"href":"https:\/\/radiolifefm.com.br\/noticias\/wp-json\/wp\/v2\/types\/post"}],"author":[{"embeddable":true,"href":"https:\/\/radiolifefm.com.br\/noticias\/wp-json\/wp\/v2\/users\/13"}],"replies":[{"embeddable":true,"href":"https:\/\/radiolifefm.com.br\/noticias\/wp-json\/wp\/v2\/comments?post=78440"}],"version-history":[{"count":1,"href":"https:\/\/radiolifefm.com.br\/noticias\/wp-json\/wp\/v2\/posts\/78440\/revisions"}],"predecessor-version":[{"id":78442,"href":"https:\/\/radiolifefm.com.br\/noticias\/wp-json\/wp\/v2\/posts\/78440\/revisions\/78442"}],"wp:featuredmedia":[{"embeddable":true,"href":"https:\/\/radiolifefm.com.br\/noticias\/wp-json\/wp\/v2\/media\/78441"}],"wp:attachment":[{"href":"https:\/\/radiolifefm.com.br\/noticias\/wp-json\/wp\/v2\/media?parent=78440"}],"wp:term":[{"taxonomy":"category","embeddable":true,"href":"https:\/\/radiolifefm.com.br\/noticias\/wp-json\/wp\/v2\/categories?post=78440"},{"taxonomy":"post_tag","embeddable":true,"href":"https:\/\/radiolifefm.com.br\/noticias\/wp-json\/wp\/v2\/tags?post=78440"}],"curies":[{"name":"wp","href":"https:\/\/api.w.org\/{rel}","templated":true}]}}