{"id":77918,"date":"2023-10-23T08:29:26","date_gmt":"2023-10-23T11:29:26","guid":{"rendered":"https:\/\/radiolifefm.com.br\/noticias\/?p=77918"},"modified":"2026-03-28T20:53:20","modified_gmt":"2026-03-28T23:53:20","slug":"pais-do-faz-de-conta-e-2-023-o-ano-que-ja-comecou","status":"publish","type":"post","link":"https:\/\/radiolifefm.com.br\/noticias\/pais-do-faz-de-conta-e-2-023-o-ano-que-ja-comecou\/","title":{"rendered":"PA\u00cdS DO FAZ DE CONTA E 2.023: O ANO QUE J\u00c1 COME\u00c7OU&#8230;"},"content":{"rendered":"<div id=\"fb-root\"><\/div>\n<p><em>&#8220;Se a vida \u00e9 um mal, por que tememos morrer? E se \u00e9 um bem, por que a abreviamos com os nossos v\u00edcios.&#8221; (Marqu\u00eas de Maric\u00e1)<\/em><\/p>\n<p><strong>S\u00e9rgio Barbosa (*)<\/strong><\/p>\n<p>O denominado e idolatrado &#8220;Pa\u00eds do faz de conta&#8221;, continua indo e vindo por meio dos desencontros neste tempo novo tempo, portanto, as crises continuam aqui ou ali, ainda, nos quatro cantos em n\u00edvel GLOCAL, ou seja, do GLOBAL para o LOCAL&#8230;<\/p>\n<p>Mesmo assim, &#8220;todo cuidado \u00e9 pouco&#8221;, pois, diz o dito popular, ainda, &#8220;nunca se sabe de onde vem o tiro&#8221;, sendo que a bala pode vir do lugar que menos se espera e o pior, pelas costas&#8230;<\/p>\n<p>Mas, ainda bem que tudo pode mudar de uma hora para outra, considerando as for\u00e7as nada ocultas que comandam o processo envolvendo o poder pelo poder em busca do poder nesta PSEUDONA\u00c7\u00c3O, haja vista quem comanda o famigerado PODER LEGISLATIVO nas \u00e1reas MUNICIPAL, ESTADUAL e FEDERAL neste tempo novo tempo que se chama hoje&#8230;<\/p>\n<p>Outra coisa desta mesma coisa, existem sempre os aproveitadores de plant\u00e3o, ou seja, aquelas pessoas que se tornaram especialistas em levar vantagem pra cima dos outros ou das coisas de sempre&#8230;<\/p>\n<p>Mesmo assim, pode-se afirmar que vale m\u00e1xima do escritor do outro tempo, ou seja, &#8220;toda unanimidade \u00e9 burra&#8221;, portanto, a maioria pode ser enganada ou enrolada pelo poder, entretanto, sempre vai existir a minoria que sabe e entende o que est\u00e1 ocorrendo aqui ou ali, ainda, sem mais e com muito menos&#8230;<\/p>\n<p>N\u00e3o se pode enganar o tempo todo, haja vista que o dito pelo n\u00e3o dito afirma: &#8220;a mentira tem perna curta&#8221;, mesmo assim, n\u00e3o deve esperar que as coisas ocorram deste ou do outro lado, por\u00e9m, sempre do mesmo lado e ponto quase final&#8230;<\/p>\n<p>Neste cen\u00e1rio nada interessante em terras provincianas, ainda mais depois do carnaval e anterior \u00e0 &#8220;p\u00e1scoa&#8221;, quando os sentimentos do poder pode estar em estado de compaix\u00e3o pascoalina, talvez, alguma coisa possa ocorrer em benef\u00edcio dos\/as aloprados\/as travestidos de PATRIOT\u00c1RIOS\/AS como IDIOT\u00c1RIOS\/AS&#8230;<\/p>\n<p>No entanto, n\u00e3o se pode esperar grandes avan\u00e7os neste contexto do mais ou menos, quando o menos \u00e9 a for\u00e7a matriz do processo de moagem pra cima das denominadas &#8220;massas de manobra&#8221;&#8230;<\/p>\n<p>O poder continua usando e abusando das suas t\u00e1ticas de guerrilha para avan\u00e7ar pra cima de tudo e de todos, por\u00e9m, esse lado quase oculto da for\u00e7a, desconhece que o outro lado, domina com maestria todas as t\u00e9cnicas desta mesma guerrilha, por\u00e9m, com apoio amplo, geral e irrestrito das palavras que est\u00e3o acima do senso comum que predomina no Pais do faz de conta&#8230;<\/p>\n<p>Na realidade desta utopia do poder, tudo pode ser alterado em fun\u00e7\u00e3o das for\u00e7as existentes, bem como, dos acordos que s\u00e3o negociados por debaixo dos panos das mesas (sic), ainda, nas salas deste ou daquele partido pol\u00edtico, tamb\u00e9m, pode ser por meio das trocas nada simb\u00f3licas existentes em todas as esferas do poder p\u00fablico&#8230;<\/p>\n<p>Entretanto, de um jeito ou de outro, pode-se afirmar que o ano de 2.023 est\u00e1 mais pr\u00f3ximo do que nunca para TODOS\/AS, por\u00e9m, com os olhos mais do que abertos para as pr\u00f3ximas elei\u00e7\u00f5es visando os cargos para o executivo e legislativo municipal&#8230;<\/p>\n<p>QUEM SOBREVIVER VAI SABER&#8230;<\/p>\n<p><strong><em>____________________________________<\/em><\/strong><\/p>\n<p><strong><em>(*) jornalista profissional diplomado.<\/em><\/strong><\/p>\n<p><strong><em>e-mail: <\/em><\/strong><a href=\"mailto:barbosa.sebar@gmail.com\"><strong><em>barbosa.sebar@gmail.com<\/em><\/strong><\/a><\/p>\n<p><em>\u00a0<\/em><\/p>\n","protected":false},"excerpt":{"rendered":"<p>&#8220;Se a vida \u00e9 um mal, por que tememos morrer? E se \u00e9 um bem, por que a abreviamos com os nossos v\u00edcios.&#8221; (Marqu\u00eas de Maric\u00e1) S\u00e9rgio Barbosa (*) O denominado e idolatrado &#8220;Pa\u00eds do faz de conta&#8221;, continua indo e vindo por meio dos desencontros neste tempo novo tempo, portanto, as crises continuam aqui [&hellip;]<\/p>\n","protected":false},"author":13,"featured_media":51988,"comment_status":"closed","ping_status":"open","sticky":false,"template":"","format":"standard","meta":{"_acf_changed":false,"_exactmetrics_skip_tracking":false,"_exactmetrics_sitenote_active":false,"_exactmetrics_sitenote_note":"","_exactmetrics_sitenote_category":0,"footnotes":""},"categories":[59],"tags":[],"class_list":["post-77918","post","type-post","status-publish","format-standard","has-post-thumbnail","hentry","category-opiniao"],"acf":[],"yoast_head":"<!-- This site is optimized with the Yoast SEO plugin v27.2 - https:\/\/yoast.com\/product\/yoast-seo-wordpress\/ -->\n<title>PA\u00cdS DO FAZ DE CONTA E 2.023: O ANO QUE J\u00c1 COME\u00c7OU... - R\u00e1dio Life FM<\/title>\n<meta name=\"robots\" content=\"index, follow, max-snippet:-1, max-image-preview:large, max-video-preview:-1\" \/>\n<link rel=\"canonical\" href=\"https:\/\/radiolifefm.com.br\/noticias\/pais-do-faz-de-conta-e-2-023-o-ano-que-ja-comecou\/\" \/>\n<meta property=\"og:locale\" content=\"pt_BR\" \/>\n<meta property=\"og:type\" content=\"article\" \/>\n<meta property=\"og:title\" content=\"PA\u00cdS DO FAZ DE CONTA E 2.023: O ANO QUE J\u00c1 COME\u00c7OU... - R\u00e1dio Life FM\" \/>\n<meta property=\"og:description\" content=\"&#8220;Se a vida \u00e9 um mal, por que tememos morrer? E se \u00e9 um bem, por que a abreviamos com os nossos v\u00edcios.&#8221; (Marqu\u00eas de Maric\u00e1) S\u00e9rgio Barbosa (*) O denominado e idolatrado &#8220;Pa\u00eds do faz de conta&#8221;, continua indo e vindo por meio dos desencontros neste tempo novo tempo, portanto, as crises continuam aqui [&hellip;]\" \/>\n<meta property=\"og:url\" content=\"https:\/\/radiolifefm.com.br\/noticias\/pais-do-faz-de-conta-e-2-023-o-ano-que-ja-comecou\/\" \/>\n<meta property=\"og:site_name\" content=\"R\u00e1dio Life FM\" \/>\n<meta property=\"article:publisher\" content=\"https:\/\/www.facebook.com\/radiolifefm\/\" \/>\n<meta property=\"article:published_time\" content=\"2023-10-23T11:29:26+00:00\" \/>\n<meta property=\"article:modified_time\" content=\"2026-03-28T23:53:20+00:00\" \/>\n<meta property=\"og:image\" content=\"https:\/\/radiolifefm.com.br\/noticias\/wp-content\/uploads\/2022\/04\/WhatsApp-Image-2022-04-10-at-18.43.02.jpeg\" \/>\n\t<meta property=\"og:image:width\" content=\"972\" \/>\n\t<meta property=\"og:image:height\" content=\"1296\" \/>\n\t<meta property=\"og:image:type\" content=\"image\/jpeg\" \/>\n<meta name=\"author\" content=\"ritanery\" \/>\n<meta name=\"twitter:card\" content=\"summary_large_image\" \/>\n<meta name=\"twitter:label1\" content=\"Escrito por\" \/>\n\t<meta name=\"twitter:data1\" content=\"ritanery\" \/>\n\t<meta name=\"twitter:label2\" content=\"Est. tempo de leitura\" \/>\n\t<meta name=\"twitter:data2\" content=\"3 minutos\" \/>\n<script type=\"application\/ld+json\" class=\"yoast-schema-graph\">{\"@context\":\"https:\/\/schema.org\",\"@graph\":[{\"@type\":\"Article\",\"@id\":\"https:\/\/radiolifefm.com.br\/noticias\/pais-do-faz-de-conta-e-2-023-o-ano-que-ja-comecou\/#article\",\"isPartOf\":{\"@id\":\"https:\/\/radiolifefm.com.br\/noticias\/pais-do-faz-de-conta-e-2-023-o-ano-que-ja-comecou\/\"},\"author\":{\"name\":\"ritanery\",\"@id\":\"https:\/\/radiolifefm.com.br\/noticias\/#\/schema\/person\/6339b9fac59d12b071dec680d7375d87\"},\"headline\":\"PA\u00cdS DO FAZ DE CONTA E 2.023: O ANO QUE J\u00c1 COME\u00c7OU&#8230;\",\"datePublished\":\"2023-10-23T11:29:26+00:00\",\"dateModified\":\"2026-03-28T23:53:20+00:00\",\"mainEntityOfPage\":{\"@id\":\"https:\/\/radiolifefm.com.br\/noticias\/pais-do-faz-de-conta-e-2-023-o-ano-que-ja-comecou\/\"},\"wordCount\":586,\"publisher\":{\"@id\":\"https:\/\/radiolifefm.com.br\/noticias\/#organization\"},\"image\":{\"@id\":\"https:\/\/radiolifefm.com.br\/noticias\/pais-do-faz-de-conta-e-2-023-o-ano-que-ja-comecou\/#primaryimage\"},\"thumbnailUrl\":\"https:\/\/radiolifefm.com.br\/noticias\/wp-content\/uploads\/2022\/04\/WhatsApp-Image-2022-04-10-at-18.43.02.jpeg\",\"articleSection\":[\"Opini\u00e3o\"],\"inLanguage\":\"pt-BR\"},{\"@type\":\"WebPage\",\"@id\":\"https:\/\/radiolifefm.com.br\/noticias\/pais-do-faz-de-conta-e-2-023-o-ano-que-ja-comecou\/\",\"url\":\"https:\/\/radiolifefm.com.br\/noticias\/pais-do-faz-de-conta-e-2-023-o-ano-que-ja-comecou\/\",\"name\":\"PA\u00cdS DO FAZ DE CONTA E 2.023: O ANO QUE J\u00c1 COME\u00c7OU... - R\u00e1dio Life FM\",\"isPartOf\":{\"@id\":\"https:\/\/radiolifefm.com.br\/noticias\/#website\"},\"primaryImageOfPage\":{\"@id\":\"https:\/\/radiolifefm.com.br\/noticias\/pais-do-faz-de-conta-e-2-023-o-ano-que-ja-comecou\/#primaryimage\"},\"image\":{\"@id\":\"https:\/\/radiolifefm.com.br\/noticias\/pais-do-faz-de-conta-e-2-023-o-ano-que-ja-comecou\/#primaryimage\"},\"thumbnailUrl\":\"https:\/\/radiolifefm.com.br\/noticias\/wp-content\/uploads\/2022\/04\/WhatsApp-Image-2022-04-10-at-18.43.02.jpeg\",\"datePublished\":\"2023-10-23T11:29:26+00:00\",\"dateModified\":\"2026-03-28T23:53:20+00:00\",\"breadcrumb\":{\"@id\":\"https:\/\/radiolifefm.com.br\/noticias\/pais-do-faz-de-conta-e-2-023-o-ano-que-ja-comecou\/#breadcrumb\"},\"inLanguage\":\"pt-BR\",\"potentialAction\":[{\"@type\":\"ReadAction\",\"target\":[\"https:\/\/radiolifefm.com.br\/noticias\/pais-do-faz-de-conta-e-2-023-o-ano-que-ja-comecou\/\"]}]},{\"@type\":\"ImageObject\",\"inLanguage\":\"pt-BR\",\"@id\":\"https:\/\/radiolifefm.com.br\/noticias\/pais-do-faz-de-conta-e-2-023-o-ano-que-ja-comecou\/#primaryimage\",\"url\":\"https:\/\/radiolifefm.com.br\/noticias\/wp-content\/uploads\/2022\/04\/WhatsApp-Image-2022-04-10-at-18.43.02.jpeg\",\"contentUrl\":\"https:\/\/radiolifefm.com.br\/noticias\/wp-content\/uploads\/2022\/04\/WhatsApp-Image-2022-04-10-at-18.43.02.jpeg\",\"width\":972,\"height\":1296,\"caption\":\"S\u00e9rgio Barbosa\"},{\"@type\":\"BreadcrumbList\",\"@id\":\"https:\/\/radiolifefm.com.br\/noticias\/pais-do-faz-de-conta-e-2-023-o-ano-que-ja-comecou\/#breadcrumb\",\"itemListElement\":[{\"@type\":\"ListItem\",\"position\":1,\"name\":\"In\u00edcio\",\"item\":\"https:\/\/radiolifefm.com.br\/noticias\/\"},{\"@type\":\"ListItem\",\"position\":2,\"name\":\"PA\u00cdS DO FAZ DE CONTA E 2.023: O ANO QUE J\u00c1 COME\u00c7OU&#8230;\"}]},{\"@type\":\"WebSite\",\"@id\":\"https:\/\/radiolifefm.com.br\/noticias\/#website\",\"url\":\"https:\/\/radiolifefm.com.br\/noticias\/\",\"name\":\"R\u00e1dio Life FM\",\"description\":\"O Portal de Not\u00edcias de Adamantina\",\"publisher\":{\"@id\":\"https:\/\/radiolifefm.com.br\/noticias\/#organization\"},\"alternateName\":\"Life FM\",\"potentialAction\":[{\"@type\":\"SearchAction\",\"target\":{\"@type\":\"EntryPoint\",\"urlTemplate\":\"https:\/\/radiolifefm.com.br\/noticias\/?s={search_term_string}\"},\"query-input\":{\"@type\":\"PropertyValueSpecification\",\"valueRequired\":true,\"valueName\":\"search_term_string\"}}],\"inLanguage\":\"pt-BR\"},{\"@type\":\"Organization\",\"@id\":\"https:\/\/radiolifefm.com.br\/noticias\/#organization\",\"name\":\"R\u00e1dio Life FM\",\"alternateName\":\"Life FM\",\"url\":\"https:\/\/radiolifefm.com.br\/noticias\/\",\"logo\":{\"@type\":\"ImageObject\",\"inLanguage\":\"pt-BR\",\"@id\":\"https:\/\/radiolifefm.com.br\/noticias\/#\/schema\/logo\/image\/\",\"url\":\"https:\/\/static.radiolifefm.com.br\/noticias\/wp-content\/uploads\/2019\/10\/logo-lifefm.png\",\"contentUrl\":\"https:\/\/static.radiolifefm.com.br\/noticias\/wp-content\/uploads\/2019\/10\/logo-lifefm.png\",\"width\":196,\"height\":47,\"caption\":\"R\u00e1dio Life FM\"},\"image\":{\"@id\":\"https:\/\/radiolifefm.com.br\/noticias\/#\/schema\/logo\/image\/\"},\"sameAs\":[\"https:\/\/www.facebook.com\/radiolifefm\/\",\"https:\/\/www.instagram.com\/life1079fm\/\"]},{\"@type\":\"Person\",\"@id\":\"https:\/\/radiolifefm.com.br\/noticias\/#\/schema\/person\/6339b9fac59d12b071dec680d7375d87\",\"name\":\"ritanery\",\"image\":{\"@type\":\"ImageObject\",\"inLanguage\":\"pt-BR\",\"@id\":\"https:\/\/secure.gravatar.com\/avatar\/0e37bb19071f47c0b8a23f62a903df117c5a0e75f65a0c2901562f97cd41cf86?s=96&d=mm&r=g\",\"url\":\"https:\/\/secure.gravatar.com\/avatar\/0e37bb19071f47c0b8a23f62a903df117c5a0e75f65a0c2901562f97cd41cf86?s=96&d=mm&r=g\",\"contentUrl\":\"https:\/\/secure.gravatar.com\/avatar\/0e37bb19071f47c0b8a23f62a903df117c5a0e75f65a0c2901562f97cd41cf86?s=96&d=mm&r=g\",\"caption\":\"ritanery\"}}]}<\/script>\n<!-- \/ Yoast SEO plugin. -->","yoast_head_json":{"title":"PA\u00cdS DO FAZ DE CONTA E 2.023: O ANO QUE J\u00c1 COME\u00c7OU... - R\u00e1dio Life FM","robots":{"index":"index","follow":"follow","max-snippet":"max-snippet:-1","max-image-preview":"max-image-preview:large","max-video-preview":"max-video-preview:-1"},"canonical":"https:\/\/radiolifefm.com.br\/noticias\/pais-do-faz-de-conta-e-2-023-o-ano-que-ja-comecou\/","og_locale":"pt_BR","og_type":"article","og_title":"PA\u00cdS DO FAZ DE CONTA E 2.023: O ANO QUE J\u00c1 COME\u00c7OU... - R\u00e1dio Life FM","og_description":"&#8220;Se a vida \u00e9 um mal, por que tememos morrer? E se \u00e9 um bem, por que a abreviamos com os nossos v\u00edcios.&#8221; (Marqu\u00eas de Maric\u00e1) S\u00e9rgio Barbosa (*) O denominado e idolatrado &#8220;Pa\u00eds do faz de conta&#8221;, continua indo e vindo por meio dos desencontros neste tempo novo tempo, portanto, as crises continuam aqui [&hellip;]","og_url":"https:\/\/radiolifefm.com.br\/noticias\/pais-do-faz-de-conta-e-2-023-o-ano-que-ja-comecou\/","og_site_name":"R\u00e1dio Life FM","article_publisher":"https:\/\/www.facebook.com\/radiolifefm\/","article_published_time":"2023-10-23T11:29:26+00:00","article_modified_time":"2026-03-28T23:53:20+00:00","og_image":[{"width":972,"height":1296,"url":"https:\/\/radiolifefm.com.br\/noticias\/wp-content\/uploads\/2022\/04\/WhatsApp-Image-2022-04-10-at-18.43.02.jpeg","type":"image\/jpeg"}],"author":"ritanery","twitter_card":"summary_large_image","twitter_misc":{"Escrito por":"ritanery","Est. tempo de leitura":"3 minutos"},"schema":{"@context":"https:\/\/schema.org","@graph":[{"@type":"Article","@id":"https:\/\/radiolifefm.com.br\/noticias\/pais-do-faz-de-conta-e-2-023-o-ano-que-ja-comecou\/#article","isPartOf":{"@id":"https:\/\/radiolifefm.com.br\/noticias\/pais-do-faz-de-conta-e-2-023-o-ano-que-ja-comecou\/"},"author":{"name":"ritanery","@id":"https:\/\/radiolifefm.com.br\/noticias\/#\/schema\/person\/6339b9fac59d12b071dec680d7375d87"},"headline":"PA\u00cdS DO FAZ DE CONTA E 2.023: O ANO QUE J\u00c1 COME\u00c7OU&#8230;","datePublished":"2023-10-23T11:29:26+00:00","dateModified":"2026-03-28T23:53:20+00:00","mainEntityOfPage":{"@id":"https:\/\/radiolifefm.com.br\/noticias\/pais-do-faz-de-conta-e-2-023-o-ano-que-ja-comecou\/"},"wordCount":586,"publisher":{"@id":"https:\/\/radiolifefm.com.br\/noticias\/#organization"},"image":{"@id":"https:\/\/radiolifefm.com.br\/noticias\/pais-do-faz-de-conta-e-2-023-o-ano-que-ja-comecou\/#primaryimage"},"thumbnailUrl":"https:\/\/radiolifefm.com.br\/noticias\/wp-content\/uploads\/2022\/04\/WhatsApp-Image-2022-04-10-at-18.43.02.jpeg","articleSection":["Opini\u00e3o"],"inLanguage":"pt-BR"},{"@type":"WebPage","@id":"https:\/\/radiolifefm.com.br\/noticias\/pais-do-faz-de-conta-e-2-023-o-ano-que-ja-comecou\/","url":"https:\/\/radiolifefm.com.br\/noticias\/pais-do-faz-de-conta-e-2-023-o-ano-que-ja-comecou\/","name":"PA\u00cdS DO FAZ DE CONTA E 2.023: O ANO QUE J\u00c1 COME\u00c7OU... - R\u00e1dio Life FM","isPartOf":{"@id":"https:\/\/radiolifefm.com.br\/noticias\/#website"},"primaryImageOfPage":{"@id":"https:\/\/radiolifefm.com.br\/noticias\/pais-do-faz-de-conta-e-2-023-o-ano-que-ja-comecou\/#primaryimage"},"image":{"@id":"https:\/\/radiolifefm.com.br\/noticias\/pais-do-faz-de-conta-e-2-023-o-ano-que-ja-comecou\/#primaryimage"},"thumbnailUrl":"https:\/\/radiolifefm.com.br\/noticias\/wp-content\/uploads\/2022\/04\/WhatsApp-Image-2022-04-10-at-18.43.02.jpeg","datePublished":"2023-10-23T11:29:26+00:00","dateModified":"2026-03-28T23:53:20+00:00","breadcrumb":{"@id":"https:\/\/radiolifefm.com.br\/noticias\/pais-do-faz-de-conta-e-2-023-o-ano-que-ja-comecou\/#breadcrumb"},"inLanguage":"pt-BR","potentialAction":[{"@type":"ReadAction","target":["https:\/\/radiolifefm.com.br\/noticias\/pais-do-faz-de-conta-e-2-023-o-ano-que-ja-comecou\/"]}]},{"@type":"ImageObject","inLanguage":"pt-BR","@id":"https:\/\/radiolifefm.com.br\/noticias\/pais-do-faz-de-conta-e-2-023-o-ano-que-ja-comecou\/#primaryimage","url":"https:\/\/radiolifefm.com.br\/noticias\/wp-content\/uploads\/2022\/04\/WhatsApp-Image-2022-04-10-at-18.43.02.jpeg","contentUrl":"https:\/\/radiolifefm.com.br\/noticias\/wp-content\/uploads\/2022\/04\/WhatsApp-Image-2022-04-10-at-18.43.02.jpeg","width":972,"height":1296,"caption":"S\u00e9rgio Barbosa"},{"@type":"BreadcrumbList","@id":"https:\/\/radiolifefm.com.br\/noticias\/pais-do-faz-de-conta-e-2-023-o-ano-que-ja-comecou\/#breadcrumb","itemListElement":[{"@type":"ListItem","position":1,"name":"In\u00edcio","item":"https:\/\/radiolifefm.com.br\/noticias\/"},{"@type":"ListItem","position":2,"name":"PA\u00cdS DO FAZ DE CONTA E 2.023: O ANO QUE J\u00c1 COME\u00c7OU&#8230;"}]},{"@type":"WebSite","@id":"https:\/\/radiolifefm.com.br\/noticias\/#website","url":"https:\/\/radiolifefm.com.br\/noticias\/","name":"R\u00e1dio Life FM","description":"O Portal de Not\u00edcias de Adamantina","publisher":{"@id":"https:\/\/radiolifefm.com.br\/noticias\/#organization"},"alternateName":"Life FM","potentialAction":[{"@type":"SearchAction","target":{"@type":"EntryPoint","urlTemplate":"https:\/\/radiolifefm.com.br\/noticias\/?s={search_term_string}"},"query-input":{"@type":"PropertyValueSpecification","valueRequired":true,"valueName":"search_term_string"}}],"inLanguage":"pt-BR"},{"@type":"Organization","@id":"https:\/\/radiolifefm.com.br\/noticias\/#organization","name":"R\u00e1dio Life FM","alternateName":"Life FM","url":"https:\/\/radiolifefm.com.br\/noticias\/","logo":{"@type":"ImageObject","inLanguage":"pt-BR","@id":"https:\/\/radiolifefm.com.br\/noticias\/#\/schema\/logo\/image\/","url":"https:\/\/static.radiolifefm.com.br\/noticias\/wp-content\/uploads\/2019\/10\/logo-lifefm.png","contentUrl":"https:\/\/static.radiolifefm.com.br\/noticias\/wp-content\/uploads\/2019\/10\/logo-lifefm.png","width":196,"height":47,"caption":"R\u00e1dio Life FM"},"image":{"@id":"https:\/\/radiolifefm.com.br\/noticias\/#\/schema\/logo\/image\/"},"sameAs":["https:\/\/www.facebook.com\/radiolifefm\/","https:\/\/www.instagram.com\/life1079fm\/"]},{"@type":"Person","@id":"https:\/\/radiolifefm.com.br\/noticias\/#\/schema\/person\/6339b9fac59d12b071dec680d7375d87","name":"ritanery","image":{"@type":"ImageObject","inLanguage":"pt-BR","@id":"https:\/\/secure.gravatar.com\/avatar\/0e37bb19071f47c0b8a23f62a903df117c5a0e75f65a0c2901562f97cd41cf86?s=96&d=mm&r=g","url":"https:\/\/secure.gravatar.com\/avatar\/0e37bb19071f47c0b8a23f62a903df117c5a0e75f65a0c2901562f97cd41cf86?s=96&d=mm&r=g","contentUrl":"https:\/\/secure.gravatar.com\/avatar\/0e37bb19071f47c0b8a23f62a903df117c5a0e75f65a0c2901562f97cd41cf86?s=96&d=mm&r=g","caption":"ritanery"}}]}},"amp_enabled":true,"_links":{"self":[{"href":"https:\/\/radiolifefm.com.br\/noticias\/wp-json\/wp\/v2\/posts\/77918","targetHints":{"allow":["GET"]}}],"collection":[{"href":"https:\/\/radiolifefm.com.br\/noticias\/wp-json\/wp\/v2\/posts"}],"about":[{"href":"https:\/\/radiolifefm.com.br\/noticias\/wp-json\/wp\/v2\/types\/post"}],"author":[{"embeddable":true,"href":"https:\/\/radiolifefm.com.br\/noticias\/wp-json\/wp\/v2\/users\/13"}],"replies":[{"embeddable":true,"href":"https:\/\/radiolifefm.com.br\/noticias\/wp-json\/wp\/v2\/comments?post=77918"}],"version-history":[{"count":1,"href":"https:\/\/radiolifefm.com.br\/noticias\/wp-json\/wp\/v2\/posts\/77918\/revisions"}],"predecessor-version":[{"id":77919,"href":"https:\/\/radiolifefm.com.br\/noticias\/wp-json\/wp\/v2\/posts\/77918\/revisions\/77919"}],"wp:featuredmedia":[{"embeddable":true,"href":"https:\/\/radiolifefm.com.br\/noticias\/wp-json\/wp\/v2\/media\/51988"}],"wp:attachment":[{"href":"https:\/\/radiolifefm.com.br\/noticias\/wp-json\/wp\/v2\/media?parent=77918"}],"wp:term":[{"taxonomy":"category","embeddable":true,"href":"https:\/\/radiolifefm.com.br\/noticias\/wp-json\/wp\/v2\/categories?post=77918"},{"taxonomy":"post_tag","embeddable":true,"href":"https:\/\/radiolifefm.com.br\/noticias\/wp-json\/wp\/v2\/tags?post=77918"}],"curies":[{"name":"wp","href":"https:\/\/api.w.org\/{rel}","templated":true}]}}