{"id":77784,"date":"2023-10-18T08:35:08","date_gmt":"2023-10-18T11:35:08","guid":{"rendered":"https:\/\/radiolifefm.com.br\/noticias\/?p=77784"},"modified":"2026-01-28T12:04:13","modified_gmt":"2026-01-28T15:04:13","slug":"desencontros-provincianos-com-o-parque-dos-pioneiros-2","status":"publish","type":"post","link":"https:\/\/radiolifefm.com.br\/noticias\/desencontros-provincianos-com-o-parque-dos-pioneiros-2\/","title":{"rendered":"Desencontros provincianos com o Parque dos Pioneiros&#8230;"},"content":{"rendered":"<div id=\"fb-root\"><\/div>\n<p><em>\u00a0\u201cSou crian\u00e7a em um parque de divers\u00e3o e meu brinquedo predileto \u00e9 teu olhar que me faz girar em carrossel. Pulo, brinco de esconde- esconde, corro e encontro os olhos teus&#8230;me lambuzo, me delicio&#8230;tem sabor de sorvete, bolo de chocolate, de pipoca e mel !\u201d (<a href=\"https:\/\/www.pensador.com\/autor\/leonia_teixeira\/\">Le\u00f4nia Teixeira<\/a>)<\/em><\/p>\n<p>&nbsp;<\/p>\n<p><strong><em>S\u00e9rgio Barbosa (*)<\/em><\/strong><\/p>\n<p>Pode-se escrever que na PROV\u00cdNCIA existem lugares mais do que interessantes para muitos desencontros, por\u00e9m, no momento, devem-se tomar todos os cuidados necess\u00e1rios por causa da PANDEMIA&#8230;<\/p>\n<p>Mesmo assim, cada qual pode sair com todos os cuidados necess\u00e1rios para muitos olhares sobre um mesmo LUGAR, tendo em vista que tais atividades s\u00e3o necess\u00e1rias para aquela aproxima\u00e7\u00e3o que pode trazer muita PAZ em tempo de CORONAV\u00cdRUS&#8230;<\/p>\n<p>Portanto, n\u00e3o tem como deixar de escrever sobre os procedimentos em andamento quanto ao PARQUE DOS PIONEIROS, bem como, tendo em vista os problemas que ocorreram faz algum tempo no local e tudo mais em meio ao tudo de menos&#8230;<\/p>\n<p>Desta forma, solicitei para a MARILENE BISTER\u00c7O que fizesse algumas FOTOS do local para ilustrar este TEXTO que tem uma proposta informativa, por\u00e9m, vai depender da leitura deste\/a ou daquela\/a leitor\/a neste VELHO TEMPO NOVO que se chama hoje&#8230;<\/p>\n<p>Tamb\u00e9m, nesta sexta-feira, 13, estiver de passagem pelo local e percebi que o visual est\u00e1 mais de acordo com as propostas divulgadas pela m\u00eddia provincianas, todavia, todo cuidado \u00e9 pouco depois do dia 15 e assim por diante&#8230;<\/p>\n<p>Das boas recorda\u00e7\u00f5es que tenho do PARQUE DOS PIONEIROS e considerando que durante alguns anos morei nas proximidades, posso de certa forma, registrar diversos OLHARES sobre o famoso BURAC\u00c3O do outro tempo do tempo&#8230;<\/p>\n<p>Mas, pelo jeito tudo est\u00e1 caminhando para que o local volte a ser aquele lugar para muitos desencontros com a comunidade provinciana, haja vista que se torna necess\u00e1rio que o munic\u00edpio disponibilize outras \u00e1reas para as pessoas e suas necessidades de entretenimento em tempo de p\u00f3s-globaliza\u00e7\u00e3o&#8230;<\/p>\n<p><strong>Eucaliptos e a\u00e7\u00f5es mercadol\u00f3gicas&#8230;<\/strong><\/p>\n<p>Entre isto e aquilo, n\u00e3o se pode deixar de lado aquelas dezenas de EUCALIPTOS que existiam no PARQUE, por\u00e9m, tais lembran\u00e7as ficaram na MEM\u00d3RIA de quem conheceu este outro tempo do tempo, al\u00e9m das diversas \u00c1RVORES e FLORES que existiam no local&#8230;<\/p>\n<p>Mesmo assim, acredita-se que TUDO pode voltar para um NOVO NORMAL depois desta PANDEMIA, se bem que deve demorar alguns anos para uma aproxima\u00e7\u00e3o entre PARQUE DOS PIONEIROS e COMUNIDADE PROVINCIANA&#8230;<\/p>\n<p>Sem esquecer-se do COM\u00c9RCIO nas imedia\u00e7\u00f5es e no contorno do local, sendo que as idas e vindas dos\/as CLIENTES podem trazer para os\/as Empres\u00e1rios\/as um retorno mais do que interessante e afim aos interesses dos mesmos por meio das a\u00e7\u00f5es mercadol\u00f3gicas na \u00e1rea&#8230;<\/p>\n<p>S\u00d3 MESMO QUEM CONHECEU O \u201cBURAC\u00c3O\u201d NAQUELE OUTRO TEMPO DO TEMPO E O \u201cPARQUE DOS PIONEIROS\u201d NESTE TEMPO MAIS RECENTE PODE SABER DESTES DESENCONTROS&#8230;<\/p>\n<p><em>_____________________________<\/em><\/p>\n<p><em>(*) jornalista diplomado, professor universit\u00e1rio e \u201cprovinciano de ourinhos\u201d e morador deste 1.999 nesta prov\u00edncia&#8230;<\/em><\/p>\n<p><strong><em>Fotos:<\/em><\/strong><em> Marilene Bister\u00e7o e seb@r (eucaliptos).. \u00a0<\/em><\/p>\n<div class='flex flex-wrap items-center -mx-1'>\r\n<a class='thumbnail gallery p-1 w-1\/2 md:w-1\/4' href='https:\/\/radiolifefm.com.br\/noticias\/wp-content\/uploads\/2023\/10\/1.jpg'><img class='border border-white' src='https:\/\/radiolifefm.com.br\/noticias\/wp-content\/uploads\/2023\/10\/1-200x200.jpg' alt='1' \/><\/a><a class='thumbnail gallery p-1 w-1\/2 md:w-1\/4' href='https:\/\/radiolifefm.com.br\/noticias\/wp-content\/uploads\/2023\/10\/2.jpg'><img class='border border-white' src='https:\/\/radiolifefm.com.br\/noticias\/wp-content\/uploads\/2023\/10\/2-200x200.jpg' alt='2' \/><\/a><a class='thumbnail gallery p-1 w-1\/2 md:w-1\/4' href='https:\/\/radiolifefm.com.br\/noticias\/wp-content\/uploads\/2023\/10\/3.jpg'><img class='border border-white' src='https:\/\/radiolifefm.com.br\/noticias\/wp-content\/uploads\/2023\/10\/3-200x200.jpg' alt='3' \/><\/a><\/div>\n","protected":false},"excerpt":{"rendered":"<p>\u00a0\u201cSou crian\u00e7a em um parque de divers\u00e3o e meu brinquedo predileto \u00e9 teu olhar que me faz girar em carrossel. Pulo, brinco de esconde- esconde, corro e encontro os olhos teus&#8230;me lambuzo, me delicio&#8230;tem sabor de sorvete, bolo de chocolate, de pipoca e mel !\u201d (Le\u00f4nia Teixeira) &nbsp; S\u00e9rgio Barbosa (*) Pode-se escrever que na [&hellip;]<\/p>\n","protected":false},"author":13,"featured_media":77785,"comment_status":"closed","ping_status":"open","sticky":false,"template":"","format":"standard","meta":{"_acf_changed":false,"_exactmetrics_skip_tracking":false,"_exactmetrics_sitenote_active":false,"_exactmetrics_sitenote_note":"","_exactmetrics_sitenote_category":0,"footnotes":""},"categories":[59],"tags":[],"class_list":["post-77784","post","type-post","status-publish","format-standard","has-post-thumbnail","hentry","category-opiniao"],"acf":[],"yoast_head":"<!-- This site is optimized with the Yoast SEO plugin v27.2 - https:\/\/yoast.com\/product\/yoast-seo-wordpress\/ -->\n<title>Desencontros provincianos com o Parque dos Pioneiros... - R\u00e1dio Life FM<\/title>\n<meta name=\"robots\" content=\"index, follow, max-snippet:-1, max-image-preview:large, max-video-preview:-1\" \/>\n<link rel=\"canonical\" href=\"https:\/\/radiolifefm.com.br\/noticias\/desencontros-provincianos-com-o-parque-dos-pioneiros-2\/\" \/>\n<meta property=\"og:locale\" content=\"pt_BR\" \/>\n<meta property=\"og:type\" content=\"article\" \/>\n<meta property=\"og:title\" content=\"Desencontros provincianos com o Parque dos Pioneiros... - R\u00e1dio Life FM\" \/>\n<meta property=\"og:description\" content=\"\u00a0\u201cSou crian\u00e7a em um parque de divers\u00e3o e meu brinquedo predileto \u00e9 teu olhar que me faz girar em carrossel. Pulo, brinco de esconde- esconde, corro e encontro os olhos teus&#8230;me lambuzo, me delicio&#8230;tem sabor de sorvete, bolo de chocolate, de pipoca e mel !\u201d (Le\u00f4nia Teixeira) &nbsp; S\u00e9rgio Barbosa (*) Pode-se escrever que na [&hellip;]\" \/>\n<meta property=\"og:url\" content=\"https:\/\/radiolifefm.com.br\/noticias\/desencontros-provincianos-com-o-parque-dos-pioneiros-2\/\" \/>\n<meta property=\"og:site_name\" content=\"R\u00e1dio Life FM\" \/>\n<meta property=\"article:publisher\" content=\"https:\/\/www.facebook.com\/radiolifefm\/\" \/>\n<meta property=\"article:published_time\" content=\"2023-10-18T11:35:08+00:00\" \/>\n<meta property=\"article:modified_time\" content=\"2026-01-28T15:04:13+00:00\" \/>\n<meta property=\"og:image\" content=\"https:\/\/radiolifefm.com.br\/noticias\/wp-content\/uploads\/2023\/10\/cats-2.jpg\" \/>\n\t<meta property=\"og:image:width\" content=\"1920\" \/>\n\t<meta property=\"og:image:height\" content=\"1080\" \/>\n\t<meta property=\"og:image:type\" content=\"image\/jpeg\" \/>\n<meta name=\"author\" content=\"ritanery\" \/>\n<meta name=\"twitter:card\" content=\"summary_large_image\" \/>\n<meta name=\"twitter:label1\" content=\"Escrito por\" \/>\n\t<meta name=\"twitter:data1\" content=\"ritanery\" \/>\n\t<meta name=\"twitter:label2\" content=\"Est. tempo de leitura\" \/>\n\t<meta name=\"twitter:data2\" content=\"3 minutos\" \/>\n<script type=\"application\/ld+json\" class=\"yoast-schema-graph\">{\"@context\":\"https:\/\/schema.org\",\"@graph\":[{\"@type\":\"Article\",\"@id\":\"https:\/\/radiolifefm.com.br\/noticias\/desencontros-provincianos-com-o-parque-dos-pioneiros-2\/#article\",\"isPartOf\":{\"@id\":\"https:\/\/radiolifefm.com.br\/noticias\/desencontros-provincianos-com-o-parque-dos-pioneiros-2\/\"},\"author\":{\"name\":\"ritanery\",\"@id\":\"https:\/\/radiolifefm.com.br\/noticias\/#\/schema\/person\/6339b9fac59d12b071dec680d7375d87\"},\"headline\":\"Desencontros provincianos com o Parque dos Pioneiros&#8230;\",\"datePublished\":\"2023-10-18T11:35:08+00:00\",\"dateModified\":\"2026-01-28T15:04:13+00:00\",\"mainEntityOfPage\":{\"@id\":\"https:\/\/radiolifefm.com.br\/noticias\/desencontros-provincianos-com-o-parque-dos-pioneiros-2\/\"},\"wordCount\":528,\"publisher\":{\"@id\":\"https:\/\/radiolifefm.com.br\/noticias\/#organization\"},\"image\":{\"@id\":\"https:\/\/radiolifefm.com.br\/noticias\/desencontros-provincianos-com-o-parque-dos-pioneiros-2\/#primaryimage\"},\"thumbnailUrl\":\"https:\/\/radiolifefm.com.br\/noticias\/wp-content\/uploads\/2023\/10\/cats-2.jpg\",\"articleSection\":[\"Opini\u00e3o\"],\"inLanguage\":\"pt-BR\"},{\"@type\":\"WebPage\",\"@id\":\"https:\/\/radiolifefm.com.br\/noticias\/desencontros-provincianos-com-o-parque-dos-pioneiros-2\/\",\"url\":\"https:\/\/radiolifefm.com.br\/noticias\/desencontros-provincianos-com-o-parque-dos-pioneiros-2\/\",\"name\":\"Desencontros provincianos com o Parque dos Pioneiros... - R\u00e1dio Life FM\",\"isPartOf\":{\"@id\":\"https:\/\/radiolifefm.com.br\/noticias\/#website\"},\"primaryImageOfPage\":{\"@id\":\"https:\/\/radiolifefm.com.br\/noticias\/desencontros-provincianos-com-o-parque-dos-pioneiros-2\/#primaryimage\"},\"image\":{\"@id\":\"https:\/\/radiolifefm.com.br\/noticias\/desencontros-provincianos-com-o-parque-dos-pioneiros-2\/#primaryimage\"},\"thumbnailUrl\":\"https:\/\/radiolifefm.com.br\/noticias\/wp-content\/uploads\/2023\/10\/cats-2.jpg\",\"datePublished\":\"2023-10-18T11:35:08+00:00\",\"dateModified\":\"2026-01-28T15:04:13+00:00\",\"breadcrumb\":{\"@id\":\"https:\/\/radiolifefm.com.br\/noticias\/desencontros-provincianos-com-o-parque-dos-pioneiros-2\/#breadcrumb\"},\"inLanguage\":\"pt-BR\",\"potentialAction\":[{\"@type\":\"ReadAction\",\"target\":[\"https:\/\/radiolifefm.com.br\/noticias\/desencontros-provincianos-com-o-parque-dos-pioneiros-2\/\"]}]},{\"@type\":\"ImageObject\",\"inLanguage\":\"pt-BR\",\"@id\":\"https:\/\/radiolifefm.com.br\/noticias\/desencontros-provincianos-com-o-parque-dos-pioneiros-2\/#primaryimage\",\"url\":\"https:\/\/radiolifefm.com.br\/noticias\/wp-content\/uploads\/2023\/10\/cats-2.jpg\",\"contentUrl\":\"https:\/\/radiolifefm.com.br\/noticias\/wp-content\/uploads\/2023\/10\/cats-2.jpg\",\"width\":1920,\"height\":1080},{\"@type\":\"BreadcrumbList\",\"@id\":\"https:\/\/radiolifefm.com.br\/noticias\/desencontros-provincianos-com-o-parque-dos-pioneiros-2\/#breadcrumb\",\"itemListElement\":[{\"@type\":\"ListItem\",\"position\":1,\"name\":\"In\u00edcio\",\"item\":\"https:\/\/radiolifefm.com.br\/noticias\/\"},{\"@type\":\"ListItem\",\"position\":2,\"name\":\"Desencontros provincianos com o Parque dos Pioneiros&#8230;\"}]},{\"@type\":\"WebSite\",\"@id\":\"https:\/\/radiolifefm.com.br\/noticias\/#website\",\"url\":\"https:\/\/radiolifefm.com.br\/noticias\/\",\"name\":\"R\u00e1dio Life FM\",\"description\":\"O Portal de Not\u00edcias de Adamantina\",\"publisher\":{\"@id\":\"https:\/\/radiolifefm.com.br\/noticias\/#organization\"},\"alternateName\":\"Life FM\",\"potentialAction\":[{\"@type\":\"SearchAction\",\"target\":{\"@type\":\"EntryPoint\",\"urlTemplate\":\"https:\/\/radiolifefm.com.br\/noticias\/?s={search_term_string}\"},\"query-input\":{\"@type\":\"PropertyValueSpecification\",\"valueRequired\":true,\"valueName\":\"search_term_string\"}}],\"inLanguage\":\"pt-BR\"},{\"@type\":\"Organization\",\"@id\":\"https:\/\/radiolifefm.com.br\/noticias\/#organization\",\"name\":\"R\u00e1dio Life FM\",\"alternateName\":\"Life FM\",\"url\":\"https:\/\/radiolifefm.com.br\/noticias\/\",\"logo\":{\"@type\":\"ImageObject\",\"inLanguage\":\"pt-BR\",\"@id\":\"https:\/\/radiolifefm.com.br\/noticias\/#\/schema\/logo\/image\/\",\"url\":\"https:\/\/static.radiolifefm.com.br\/noticias\/wp-content\/uploads\/2019\/10\/logo-lifefm.png\",\"contentUrl\":\"https:\/\/static.radiolifefm.com.br\/noticias\/wp-content\/uploads\/2019\/10\/logo-lifefm.png\",\"width\":196,\"height\":47,\"caption\":\"R\u00e1dio Life FM\"},\"image\":{\"@id\":\"https:\/\/radiolifefm.com.br\/noticias\/#\/schema\/logo\/image\/\"},\"sameAs\":[\"https:\/\/www.facebook.com\/radiolifefm\/\",\"https:\/\/www.instagram.com\/life1079fm\/\"]},{\"@type\":\"Person\",\"@id\":\"https:\/\/radiolifefm.com.br\/noticias\/#\/schema\/person\/6339b9fac59d12b071dec680d7375d87\",\"name\":\"ritanery\",\"image\":{\"@type\":\"ImageObject\",\"inLanguage\":\"pt-BR\",\"@id\":\"https:\/\/secure.gravatar.com\/avatar\/0e37bb19071f47c0b8a23f62a903df117c5a0e75f65a0c2901562f97cd41cf86?s=96&d=mm&r=g\",\"url\":\"https:\/\/secure.gravatar.com\/avatar\/0e37bb19071f47c0b8a23f62a903df117c5a0e75f65a0c2901562f97cd41cf86?s=96&d=mm&r=g\",\"contentUrl\":\"https:\/\/secure.gravatar.com\/avatar\/0e37bb19071f47c0b8a23f62a903df117c5a0e75f65a0c2901562f97cd41cf86?s=96&d=mm&r=g\",\"caption\":\"ritanery\"}}]}<\/script>\n<!-- \/ Yoast SEO plugin. -->","yoast_head_json":{"title":"Desencontros provincianos com o Parque dos Pioneiros... - R\u00e1dio Life FM","robots":{"index":"index","follow":"follow","max-snippet":"max-snippet:-1","max-image-preview":"max-image-preview:large","max-video-preview":"max-video-preview:-1"},"canonical":"https:\/\/radiolifefm.com.br\/noticias\/desencontros-provincianos-com-o-parque-dos-pioneiros-2\/","og_locale":"pt_BR","og_type":"article","og_title":"Desencontros provincianos com o Parque dos Pioneiros... - R\u00e1dio Life FM","og_description":"\u00a0\u201cSou crian\u00e7a em um parque de divers\u00e3o e meu brinquedo predileto \u00e9 teu olhar que me faz girar em carrossel. Pulo, brinco de esconde- esconde, corro e encontro os olhos teus&#8230;me lambuzo, me delicio&#8230;tem sabor de sorvete, bolo de chocolate, de pipoca e mel !\u201d (Le\u00f4nia Teixeira) &nbsp; S\u00e9rgio Barbosa (*) Pode-se escrever que na [&hellip;]","og_url":"https:\/\/radiolifefm.com.br\/noticias\/desencontros-provincianos-com-o-parque-dos-pioneiros-2\/","og_site_name":"R\u00e1dio Life FM","article_publisher":"https:\/\/www.facebook.com\/radiolifefm\/","article_published_time":"2023-10-18T11:35:08+00:00","article_modified_time":"2026-01-28T15:04:13+00:00","og_image":[{"width":1920,"height":1080,"url":"https:\/\/radiolifefm.com.br\/noticias\/wp-content\/uploads\/2023\/10\/cats-2.jpg","type":"image\/jpeg"}],"author":"ritanery","twitter_card":"summary_large_image","twitter_misc":{"Escrito por":"ritanery","Est. tempo de leitura":"3 minutos"},"schema":{"@context":"https:\/\/schema.org","@graph":[{"@type":"Article","@id":"https:\/\/radiolifefm.com.br\/noticias\/desencontros-provincianos-com-o-parque-dos-pioneiros-2\/#article","isPartOf":{"@id":"https:\/\/radiolifefm.com.br\/noticias\/desencontros-provincianos-com-o-parque-dos-pioneiros-2\/"},"author":{"name":"ritanery","@id":"https:\/\/radiolifefm.com.br\/noticias\/#\/schema\/person\/6339b9fac59d12b071dec680d7375d87"},"headline":"Desencontros provincianos com o Parque dos Pioneiros&#8230;","datePublished":"2023-10-18T11:35:08+00:00","dateModified":"2026-01-28T15:04:13+00:00","mainEntityOfPage":{"@id":"https:\/\/radiolifefm.com.br\/noticias\/desencontros-provincianos-com-o-parque-dos-pioneiros-2\/"},"wordCount":528,"publisher":{"@id":"https:\/\/radiolifefm.com.br\/noticias\/#organization"},"image":{"@id":"https:\/\/radiolifefm.com.br\/noticias\/desencontros-provincianos-com-o-parque-dos-pioneiros-2\/#primaryimage"},"thumbnailUrl":"https:\/\/radiolifefm.com.br\/noticias\/wp-content\/uploads\/2023\/10\/cats-2.jpg","articleSection":["Opini\u00e3o"],"inLanguage":"pt-BR"},{"@type":"WebPage","@id":"https:\/\/radiolifefm.com.br\/noticias\/desencontros-provincianos-com-o-parque-dos-pioneiros-2\/","url":"https:\/\/radiolifefm.com.br\/noticias\/desencontros-provincianos-com-o-parque-dos-pioneiros-2\/","name":"Desencontros provincianos com o Parque dos Pioneiros... - R\u00e1dio Life FM","isPartOf":{"@id":"https:\/\/radiolifefm.com.br\/noticias\/#website"},"primaryImageOfPage":{"@id":"https:\/\/radiolifefm.com.br\/noticias\/desencontros-provincianos-com-o-parque-dos-pioneiros-2\/#primaryimage"},"image":{"@id":"https:\/\/radiolifefm.com.br\/noticias\/desencontros-provincianos-com-o-parque-dos-pioneiros-2\/#primaryimage"},"thumbnailUrl":"https:\/\/radiolifefm.com.br\/noticias\/wp-content\/uploads\/2023\/10\/cats-2.jpg","datePublished":"2023-10-18T11:35:08+00:00","dateModified":"2026-01-28T15:04:13+00:00","breadcrumb":{"@id":"https:\/\/radiolifefm.com.br\/noticias\/desencontros-provincianos-com-o-parque-dos-pioneiros-2\/#breadcrumb"},"inLanguage":"pt-BR","potentialAction":[{"@type":"ReadAction","target":["https:\/\/radiolifefm.com.br\/noticias\/desencontros-provincianos-com-o-parque-dos-pioneiros-2\/"]}]},{"@type":"ImageObject","inLanguage":"pt-BR","@id":"https:\/\/radiolifefm.com.br\/noticias\/desencontros-provincianos-com-o-parque-dos-pioneiros-2\/#primaryimage","url":"https:\/\/radiolifefm.com.br\/noticias\/wp-content\/uploads\/2023\/10\/cats-2.jpg","contentUrl":"https:\/\/radiolifefm.com.br\/noticias\/wp-content\/uploads\/2023\/10\/cats-2.jpg","width":1920,"height":1080},{"@type":"BreadcrumbList","@id":"https:\/\/radiolifefm.com.br\/noticias\/desencontros-provincianos-com-o-parque-dos-pioneiros-2\/#breadcrumb","itemListElement":[{"@type":"ListItem","position":1,"name":"In\u00edcio","item":"https:\/\/radiolifefm.com.br\/noticias\/"},{"@type":"ListItem","position":2,"name":"Desencontros provincianos com o Parque dos Pioneiros&#8230;"}]},{"@type":"WebSite","@id":"https:\/\/radiolifefm.com.br\/noticias\/#website","url":"https:\/\/radiolifefm.com.br\/noticias\/","name":"R\u00e1dio Life FM","description":"O Portal de Not\u00edcias de Adamantina","publisher":{"@id":"https:\/\/radiolifefm.com.br\/noticias\/#organization"},"alternateName":"Life FM","potentialAction":[{"@type":"SearchAction","target":{"@type":"EntryPoint","urlTemplate":"https:\/\/radiolifefm.com.br\/noticias\/?s={search_term_string}"},"query-input":{"@type":"PropertyValueSpecification","valueRequired":true,"valueName":"search_term_string"}}],"inLanguage":"pt-BR"},{"@type":"Organization","@id":"https:\/\/radiolifefm.com.br\/noticias\/#organization","name":"R\u00e1dio Life FM","alternateName":"Life FM","url":"https:\/\/radiolifefm.com.br\/noticias\/","logo":{"@type":"ImageObject","inLanguage":"pt-BR","@id":"https:\/\/radiolifefm.com.br\/noticias\/#\/schema\/logo\/image\/","url":"https:\/\/static.radiolifefm.com.br\/noticias\/wp-content\/uploads\/2019\/10\/logo-lifefm.png","contentUrl":"https:\/\/static.radiolifefm.com.br\/noticias\/wp-content\/uploads\/2019\/10\/logo-lifefm.png","width":196,"height":47,"caption":"R\u00e1dio Life FM"},"image":{"@id":"https:\/\/radiolifefm.com.br\/noticias\/#\/schema\/logo\/image\/"},"sameAs":["https:\/\/www.facebook.com\/radiolifefm\/","https:\/\/www.instagram.com\/life1079fm\/"]},{"@type":"Person","@id":"https:\/\/radiolifefm.com.br\/noticias\/#\/schema\/person\/6339b9fac59d12b071dec680d7375d87","name":"ritanery","image":{"@type":"ImageObject","inLanguage":"pt-BR","@id":"https:\/\/secure.gravatar.com\/avatar\/0e37bb19071f47c0b8a23f62a903df117c5a0e75f65a0c2901562f97cd41cf86?s=96&d=mm&r=g","url":"https:\/\/secure.gravatar.com\/avatar\/0e37bb19071f47c0b8a23f62a903df117c5a0e75f65a0c2901562f97cd41cf86?s=96&d=mm&r=g","contentUrl":"https:\/\/secure.gravatar.com\/avatar\/0e37bb19071f47c0b8a23f62a903df117c5a0e75f65a0c2901562f97cd41cf86?s=96&d=mm&r=g","caption":"ritanery"}}]}},"amp_enabled":true,"_links":{"self":[{"href":"https:\/\/radiolifefm.com.br\/noticias\/wp-json\/wp\/v2\/posts\/77784","targetHints":{"allow":["GET"]}}],"collection":[{"href":"https:\/\/radiolifefm.com.br\/noticias\/wp-json\/wp\/v2\/posts"}],"about":[{"href":"https:\/\/radiolifefm.com.br\/noticias\/wp-json\/wp\/v2\/types\/post"}],"author":[{"embeddable":true,"href":"https:\/\/radiolifefm.com.br\/noticias\/wp-json\/wp\/v2\/users\/13"}],"replies":[{"embeddable":true,"href":"https:\/\/radiolifefm.com.br\/noticias\/wp-json\/wp\/v2\/comments?post=77784"}],"version-history":[{"count":1,"href":"https:\/\/radiolifefm.com.br\/noticias\/wp-json\/wp\/v2\/posts\/77784\/revisions"}],"predecessor-version":[{"id":77789,"href":"https:\/\/radiolifefm.com.br\/noticias\/wp-json\/wp\/v2\/posts\/77784\/revisions\/77789"}],"wp:featuredmedia":[{"embeddable":true,"href":"https:\/\/radiolifefm.com.br\/noticias\/wp-json\/wp\/v2\/media\/77785"}],"wp:attachment":[{"href":"https:\/\/radiolifefm.com.br\/noticias\/wp-json\/wp\/v2\/media?parent=77784"}],"wp:term":[{"taxonomy":"category","embeddable":true,"href":"https:\/\/radiolifefm.com.br\/noticias\/wp-json\/wp\/v2\/categories?post=77784"},{"taxonomy":"post_tag","embeddable":true,"href":"https:\/\/radiolifefm.com.br\/noticias\/wp-json\/wp\/v2\/tags?post=77784"}],"curies":[{"name":"wp","href":"https:\/\/api.w.org\/{rel}","templated":true}]}}