{"id":77648,"date":"2023-10-15T17:43:49","date_gmt":"2023-10-15T20:43:49","guid":{"rendered":"https:\/\/radiolifefm.com.br\/noticias\/?p=77648"},"modified":"2026-03-06T19:12:47","modified_gmt":"2026-03-06T22:12:47","slug":"retrocesso-o-sim-ao-odio-e-nao-ao-amor","status":"publish","type":"post","link":"https:\/\/radiolifefm.com.br\/noticias\/retrocesso-o-sim-ao-odio-e-nao-ao-amor\/","title":{"rendered":"\u201cRetrocesso, o sim ao \u00f3dio e n\u00e3o ao amor\u201d"},"content":{"rendered":"<div id=\"fb-root\"><\/div>\n<p>Em meio ao caos, eis que surge novamente a pauta sobre a proibi\u00e7\u00e3o do casamento homoafetivo, e \u00e9 triste em pleno s\u00e9culo 21 ainda ser discutido esse assunto, onde se quer a todo custo vetar o amor.<br \/>\nPelo jeito os conservadores n\u00e3o se cansam de atingir os homossexuais. Com tantos assuntos graves, ainda preferem a dor e o \u00f3dio.<br \/>\nAs leis para proibirem os pol\u00edticos de tra\u00edrem suas mulheres ou a pris\u00e3o direta para os corruptos de Bras\u00edlia nunca entrariam em discuss\u00e3o e voto, afinal pimenta no * dos outros \u00e9 refresco.<br \/>\nJ\u00e1 aquele que sai na madrugada procurando o t da sigla \u00e9 o primeiro a votar contra, at\u00e9 porque quem tem a sua sexualidade bem resolvida n\u00e3o est\u00e1 preocupado com a vida do outro.<br \/>\nEm um mundo onde deveriam pregar o amor, o retrocesso continua.<br \/>\nO absurdo foi dito: \u201cQualquer lei ou norma que preveja uni\u00e3o est\u00e1vel ou casamento homoafetivo representa afronta direta \u00e0 literalidade do texto constitucional\u201d, diz Pastor Eurico.<br \/>\nEnquanto isso nas manchetes do Brasil: &#8220;Influencer evang\u00e9lico Victor Bonato \u00e9 preso acusado de estuprar tr\u00eas fi\u00e9is em S\u00e3o Paulo&#8221;, mas isso \u00e9 tema para um outro artigo.<br \/>\nVoltando ao assunto, esper\u00e1vamos no m\u00ednimo que os religiosos que fazem parte da pol\u00edtica pensassem no coletivo e bem estar das pessoas, e n\u00e3o em retroceder como na \u00e9poca dos doutores da lei que achavam que tinham o poder de julgamento, at\u00e9 o Mestre vir e mostrar o contr\u00e1rio.<br \/>\nNada contra nenhuma religi\u00e3o, at\u00e9 mesmo porque eu me considero uma religiosa.<br \/>\nEnquanto tantos heterossexuais abandonam crian\u00e7as, a comunidade Lgbtqia+ ainda tem uma dificuldade enorme para a ado\u00e7\u00e3o, fora preconceito, viol\u00eancia, e agora mais essa: N\u00c3O PODE SE CASAR, N\u00c3O PODE SER FELIZ.<br \/>\nOnde est\u00e1 o direito e dever do cidad\u00e3o? O livre arb\u00edtrio? Cabe a a algum pol\u00edtico decidir quem deve se casar com quem?<br \/>\nEsse equ\u00edvoco deve ser tratado com urg\u00eancia, pois doentes s\u00e3o esses falsos moralistas.<br \/>\nEis o Homo Sapiens invertido, mas aqui se faz, aqui ou l\u00e1 se paga, afinal aquele que destila o \u00f3dio, morrer\u00e1 com o pr\u00f3prio veneno.<\/p>\n<p>&nbsp;<\/p>\n<p>Bia Ipsen<br \/>\nJornalista Diplomada<\/p>\n","protected":false},"excerpt":{"rendered":"<p>Em meio ao caos, eis que surge novamente a pauta sobre a proibi\u00e7\u00e3o do casamento homoafetivo, e \u00e9 triste em pleno s\u00e9culo 21 ainda ser discutido esse assunto, onde se quer a todo custo vetar o amor. Pelo jeito os conservadores n\u00e3o se cansam de atingir os homossexuais. Com tantos assuntos graves, ainda preferem a [&hellip;]<\/p>\n","protected":false},"author":13,"featured_media":77649,"comment_status":"closed","ping_status":"open","sticky":false,"template":"","format":"standard","meta":{"_acf_changed":false,"_exactmetrics_skip_tracking":false,"_exactmetrics_sitenote_active":false,"_exactmetrics_sitenote_note":"","_exactmetrics_sitenote_category":0,"footnotes":""},"categories":[59],"tags":[],"class_list":["post-77648","post","type-post","status-publish","format-standard","has-post-thumbnail","hentry","category-opiniao"],"acf":[],"yoast_head":"<!-- This site is optimized with the Yoast SEO plugin v27.2 - https:\/\/yoast.com\/product\/yoast-seo-wordpress\/ -->\n<title>\u201cRetrocesso, o sim ao \u00f3dio e n\u00e3o ao amor\u201d - R\u00e1dio Life FM<\/title>\n<meta name=\"robots\" content=\"index, follow, max-snippet:-1, max-image-preview:large, max-video-preview:-1\" \/>\n<link rel=\"canonical\" href=\"https:\/\/radiolifefm.com.br\/noticias\/retrocesso-o-sim-ao-odio-e-nao-ao-amor\/\" \/>\n<meta property=\"og:locale\" content=\"pt_BR\" \/>\n<meta property=\"og:type\" content=\"article\" \/>\n<meta property=\"og:title\" content=\"\u201cRetrocesso, o sim ao \u00f3dio e n\u00e3o ao amor\u201d - R\u00e1dio Life FM\" \/>\n<meta property=\"og:description\" content=\"Em meio ao caos, eis que surge novamente a pauta sobre a proibi\u00e7\u00e3o do casamento homoafetivo, e \u00e9 triste em pleno s\u00e9culo 21 ainda ser discutido esse assunto, onde se quer a todo custo vetar o amor. Pelo jeito os conservadores n\u00e3o se cansam de atingir os homossexuais. Com tantos assuntos graves, ainda preferem a [&hellip;]\" \/>\n<meta property=\"og:url\" content=\"https:\/\/radiolifefm.com.br\/noticias\/retrocesso-o-sim-ao-odio-e-nao-ao-amor\/\" \/>\n<meta property=\"og:site_name\" content=\"R\u00e1dio Life FM\" \/>\n<meta property=\"article:publisher\" content=\"https:\/\/www.facebook.com\/radiolifefm\/\" \/>\n<meta property=\"article:published_time\" content=\"2023-10-15T20:43:49+00:00\" \/>\n<meta property=\"article:modified_time\" content=\"2026-03-06T22:12:47+00:00\" \/>\n<meta property=\"og:image\" content=\"https:\/\/radiolifefm.com.br\/noticias\/wp-content\/uploads\/2023\/10\/WhatsApp-Image-2023-10-14-at-19.58.28.jpeg\" \/>\n\t<meta property=\"og:image:width\" content=\"1200\" \/>\n\t<meta property=\"og:image:height\" content=\"1600\" \/>\n\t<meta property=\"og:image:type\" content=\"image\/jpeg\" \/>\n<meta name=\"author\" content=\"ritanery\" \/>\n<meta name=\"twitter:card\" content=\"summary_large_image\" \/>\n<meta name=\"twitter:label1\" content=\"Escrito por\" \/>\n\t<meta name=\"twitter:data1\" content=\"ritanery\" \/>\n\t<meta name=\"twitter:label2\" content=\"Est. tempo de leitura\" \/>\n\t<meta name=\"twitter:data2\" content=\"2 minutos\" \/>\n<script type=\"application\/ld+json\" class=\"yoast-schema-graph\">{\"@context\":\"https:\/\/schema.org\",\"@graph\":[{\"@type\":\"Article\",\"@id\":\"https:\/\/radiolifefm.com.br\/noticias\/retrocesso-o-sim-ao-odio-e-nao-ao-amor\/#article\",\"isPartOf\":{\"@id\":\"https:\/\/radiolifefm.com.br\/noticias\/retrocesso-o-sim-ao-odio-e-nao-ao-amor\/\"},\"author\":{\"name\":\"ritanery\",\"@id\":\"https:\/\/radiolifefm.com.br\/noticias\/#\/schema\/person\/6339b9fac59d12b071dec680d7375d87\"},\"headline\":\"\u201cRetrocesso, o sim ao \u00f3dio e n\u00e3o ao amor\u201d\",\"datePublished\":\"2023-10-15T20:43:49+00:00\",\"dateModified\":\"2026-03-06T22:12:47+00:00\",\"mainEntityOfPage\":{\"@id\":\"https:\/\/radiolifefm.com.br\/noticias\/retrocesso-o-sim-ao-odio-e-nao-ao-amor\/\"},\"wordCount\":384,\"publisher\":{\"@id\":\"https:\/\/radiolifefm.com.br\/noticias\/#organization\"},\"image\":{\"@id\":\"https:\/\/radiolifefm.com.br\/noticias\/retrocesso-o-sim-ao-odio-e-nao-ao-amor\/#primaryimage\"},\"thumbnailUrl\":\"https:\/\/radiolifefm.com.br\/noticias\/wp-content\/uploads\/2023\/10\/WhatsApp-Image-2023-10-14-at-19.58.28.jpeg\",\"articleSection\":[\"Opini\u00e3o\"],\"inLanguage\":\"pt-BR\"},{\"@type\":\"WebPage\",\"@id\":\"https:\/\/radiolifefm.com.br\/noticias\/retrocesso-o-sim-ao-odio-e-nao-ao-amor\/\",\"url\":\"https:\/\/radiolifefm.com.br\/noticias\/retrocesso-o-sim-ao-odio-e-nao-ao-amor\/\",\"name\":\"\u201cRetrocesso, o sim ao \u00f3dio e n\u00e3o ao amor\u201d - R\u00e1dio Life FM\",\"isPartOf\":{\"@id\":\"https:\/\/radiolifefm.com.br\/noticias\/#website\"},\"primaryImageOfPage\":{\"@id\":\"https:\/\/radiolifefm.com.br\/noticias\/retrocesso-o-sim-ao-odio-e-nao-ao-amor\/#primaryimage\"},\"image\":{\"@id\":\"https:\/\/radiolifefm.com.br\/noticias\/retrocesso-o-sim-ao-odio-e-nao-ao-amor\/#primaryimage\"},\"thumbnailUrl\":\"https:\/\/radiolifefm.com.br\/noticias\/wp-content\/uploads\/2023\/10\/WhatsApp-Image-2023-10-14-at-19.58.28.jpeg\",\"datePublished\":\"2023-10-15T20:43:49+00:00\",\"dateModified\":\"2026-03-06T22:12:47+00:00\",\"breadcrumb\":{\"@id\":\"https:\/\/radiolifefm.com.br\/noticias\/retrocesso-o-sim-ao-odio-e-nao-ao-amor\/#breadcrumb\"},\"inLanguage\":\"pt-BR\",\"potentialAction\":[{\"@type\":\"ReadAction\",\"target\":[\"https:\/\/radiolifefm.com.br\/noticias\/retrocesso-o-sim-ao-odio-e-nao-ao-amor\/\"]}]},{\"@type\":\"ImageObject\",\"inLanguage\":\"pt-BR\",\"@id\":\"https:\/\/radiolifefm.com.br\/noticias\/retrocesso-o-sim-ao-odio-e-nao-ao-amor\/#primaryimage\",\"url\":\"https:\/\/radiolifefm.com.br\/noticias\/wp-content\/uploads\/2023\/10\/WhatsApp-Image-2023-10-14-at-19.58.28.jpeg\",\"contentUrl\":\"https:\/\/radiolifefm.com.br\/noticias\/wp-content\/uploads\/2023\/10\/WhatsApp-Image-2023-10-14-at-19.58.28.jpeg\",\"width\":1200,\"height\":1600},{\"@type\":\"BreadcrumbList\",\"@id\":\"https:\/\/radiolifefm.com.br\/noticias\/retrocesso-o-sim-ao-odio-e-nao-ao-amor\/#breadcrumb\",\"itemListElement\":[{\"@type\":\"ListItem\",\"position\":1,\"name\":\"In\u00edcio\",\"item\":\"https:\/\/radiolifefm.com.br\/noticias\/\"},{\"@type\":\"ListItem\",\"position\":2,\"name\":\"\u201cRetrocesso, o sim ao \u00f3dio e n\u00e3o ao amor\u201d\"}]},{\"@type\":\"WebSite\",\"@id\":\"https:\/\/radiolifefm.com.br\/noticias\/#website\",\"url\":\"https:\/\/radiolifefm.com.br\/noticias\/\",\"name\":\"R\u00e1dio Life FM\",\"description\":\"O Portal de Not\u00edcias de Adamantina\",\"publisher\":{\"@id\":\"https:\/\/radiolifefm.com.br\/noticias\/#organization\"},\"alternateName\":\"Life FM\",\"potentialAction\":[{\"@type\":\"SearchAction\",\"target\":{\"@type\":\"EntryPoint\",\"urlTemplate\":\"https:\/\/radiolifefm.com.br\/noticias\/?s={search_term_string}\"},\"query-input\":{\"@type\":\"PropertyValueSpecification\",\"valueRequired\":true,\"valueName\":\"search_term_string\"}}],\"inLanguage\":\"pt-BR\"},{\"@type\":\"Organization\",\"@id\":\"https:\/\/radiolifefm.com.br\/noticias\/#organization\",\"name\":\"R\u00e1dio Life FM\",\"alternateName\":\"Life FM\",\"url\":\"https:\/\/radiolifefm.com.br\/noticias\/\",\"logo\":{\"@type\":\"ImageObject\",\"inLanguage\":\"pt-BR\",\"@id\":\"https:\/\/radiolifefm.com.br\/noticias\/#\/schema\/logo\/image\/\",\"url\":\"https:\/\/static.radiolifefm.com.br\/noticias\/wp-content\/uploads\/2019\/10\/logo-lifefm.png\",\"contentUrl\":\"https:\/\/static.radiolifefm.com.br\/noticias\/wp-content\/uploads\/2019\/10\/logo-lifefm.png\",\"width\":196,\"height\":47,\"caption\":\"R\u00e1dio Life FM\"},\"image\":{\"@id\":\"https:\/\/radiolifefm.com.br\/noticias\/#\/schema\/logo\/image\/\"},\"sameAs\":[\"https:\/\/www.facebook.com\/radiolifefm\/\",\"https:\/\/www.instagram.com\/life1079fm\/\"]},{\"@type\":\"Person\",\"@id\":\"https:\/\/radiolifefm.com.br\/noticias\/#\/schema\/person\/6339b9fac59d12b071dec680d7375d87\",\"name\":\"ritanery\",\"image\":{\"@type\":\"ImageObject\",\"inLanguage\":\"pt-BR\",\"@id\":\"https:\/\/secure.gravatar.com\/avatar\/0e37bb19071f47c0b8a23f62a903df117c5a0e75f65a0c2901562f97cd41cf86?s=96&d=mm&r=g\",\"url\":\"https:\/\/secure.gravatar.com\/avatar\/0e37bb19071f47c0b8a23f62a903df117c5a0e75f65a0c2901562f97cd41cf86?s=96&d=mm&r=g\",\"contentUrl\":\"https:\/\/secure.gravatar.com\/avatar\/0e37bb19071f47c0b8a23f62a903df117c5a0e75f65a0c2901562f97cd41cf86?s=96&d=mm&r=g\",\"caption\":\"ritanery\"}}]}<\/script>\n<!-- \/ Yoast SEO plugin. -->","yoast_head_json":{"title":"\u201cRetrocesso, o sim ao \u00f3dio e n\u00e3o ao amor\u201d - R\u00e1dio Life FM","robots":{"index":"index","follow":"follow","max-snippet":"max-snippet:-1","max-image-preview":"max-image-preview:large","max-video-preview":"max-video-preview:-1"},"canonical":"https:\/\/radiolifefm.com.br\/noticias\/retrocesso-o-sim-ao-odio-e-nao-ao-amor\/","og_locale":"pt_BR","og_type":"article","og_title":"\u201cRetrocesso, o sim ao \u00f3dio e n\u00e3o ao amor\u201d - R\u00e1dio Life FM","og_description":"Em meio ao caos, eis que surge novamente a pauta sobre a proibi\u00e7\u00e3o do casamento homoafetivo, e \u00e9 triste em pleno s\u00e9culo 21 ainda ser discutido esse assunto, onde se quer a todo custo vetar o amor. Pelo jeito os conservadores n\u00e3o se cansam de atingir os homossexuais. Com tantos assuntos graves, ainda preferem a [&hellip;]","og_url":"https:\/\/radiolifefm.com.br\/noticias\/retrocesso-o-sim-ao-odio-e-nao-ao-amor\/","og_site_name":"R\u00e1dio Life FM","article_publisher":"https:\/\/www.facebook.com\/radiolifefm\/","article_published_time":"2023-10-15T20:43:49+00:00","article_modified_time":"2026-03-06T22:12:47+00:00","og_image":[{"width":1200,"height":1600,"url":"https:\/\/radiolifefm.com.br\/noticias\/wp-content\/uploads\/2023\/10\/WhatsApp-Image-2023-10-14-at-19.58.28.jpeg","type":"image\/jpeg"}],"author":"ritanery","twitter_card":"summary_large_image","twitter_misc":{"Escrito por":"ritanery","Est. tempo de leitura":"2 minutos"},"schema":{"@context":"https:\/\/schema.org","@graph":[{"@type":"Article","@id":"https:\/\/radiolifefm.com.br\/noticias\/retrocesso-o-sim-ao-odio-e-nao-ao-amor\/#article","isPartOf":{"@id":"https:\/\/radiolifefm.com.br\/noticias\/retrocesso-o-sim-ao-odio-e-nao-ao-amor\/"},"author":{"name":"ritanery","@id":"https:\/\/radiolifefm.com.br\/noticias\/#\/schema\/person\/6339b9fac59d12b071dec680d7375d87"},"headline":"\u201cRetrocesso, o sim ao \u00f3dio e n\u00e3o ao amor\u201d","datePublished":"2023-10-15T20:43:49+00:00","dateModified":"2026-03-06T22:12:47+00:00","mainEntityOfPage":{"@id":"https:\/\/radiolifefm.com.br\/noticias\/retrocesso-o-sim-ao-odio-e-nao-ao-amor\/"},"wordCount":384,"publisher":{"@id":"https:\/\/radiolifefm.com.br\/noticias\/#organization"},"image":{"@id":"https:\/\/radiolifefm.com.br\/noticias\/retrocesso-o-sim-ao-odio-e-nao-ao-amor\/#primaryimage"},"thumbnailUrl":"https:\/\/radiolifefm.com.br\/noticias\/wp-content\/uploads\/2023\/10\/WhatsApp-Image-2023-10-14-at-19.58.28.jpeg","articleSection":["Opini\u00e3o"],"inLanguage":"pt-BR"},{"@type":"WebPage","@id":"https:\/\/radiolifefm.com.br\/noticias\/retrocesso-o-sim-ao-odio-e-nao-ao-amor\/","url":"https:\/\/radiolifefm.com.br\/noticias\/retrocesso-o-sim-ao-odio-e-nao-ao-amor\/","name":"\u201cRetrocesso, o sim ao \u00f3dio e n\u00e3o ao amor\u201d - R\u00e1dio Life FM","isPartOf":{"@id":"https:\/\/radiolifefm.com.br\/noticias\/#website"},"primaryImageOfPage":{"@id":"https:\/\/radiolifefm.com.br\/noticias\/retrocesso-o-sim-ao-odio-e-nao-ao-amor\/#primaryimage"},"image":{"@id":"https:\/\/radiolifefm.com.br\/noticias\/retrocesso-o-sim-ao-odio-e-nao-ao-amor\/#primaryimage"},"thumbnailUrl":"https:\/\/radiolifefm.com.br\/noticias\/wp-content\/uploads\/2023\/10\/WhatsApp-Image-2023-10-14-at-19.58.28.jpeg","datePublished":"2023-10-15T20:43:49+00:00","dateModified":"2026-03-06T22:12:47+00:00","breadcrumb":{"@id":"https:\/\/radiolifefm.com.br\/noticias\/retrocesso-o-sim-ao-odio-e-nao-ao-amor\/#breadcrumb"},"inLanguage":"pt-BR","potentialAction":[{"@type":"ReadAction","target":["https:\/\/radiolifefm.com.br\/noticias\/retrocesso-o-sim-ao-odio-e-nao-ao-amor\/"]}]},{"@type":"ImageObject","inLanguage":"pt-BR","@id":"https:\/\/radiolifefm.com.br\/noticias\/retrocesso-o-sim-ao-odio-e-nao-ao-amor\/#primaryimage","url":"https:\/\/radiolifefm.com.br\/noticias\/wp-content\/uploads\/2023\/10\/WhatsApp-Image-2023-10-14-at-19.58.28.jpeg","contentUrl":"https:\/\/radiolifefm.com.br\/noticias\/wp-content\/uploads\/2023\/10\/WhatsApp-Image-2023-10-14-at-19.58.28.jpeg","width":1200,"height":1600},{"@type":"BreadcrumbList","@id":"https:\/\/radiolifefm.com.br\/noticias\/retrocesso-o-sim-ao-odio-e-nao-ao-amor\/#breadcrumb","itemListElement":[{"@type":"ListItem","position":1,"name":"In\u00edcio","item":"https:\/\/radiolifefm.com.br\/noticias\/"},{"@type":"ListItem","position":2,"name":"\u201cRetrocesso, o sim ao \u00f3dio e n\u00e3o ao amor\u201d"}]},{"@type":"WebSite","@id":"https:\/\/radiolifefm.com.br\/noticias\/#website","url":"https:\/\/radiolifefm.com.br\/noticias\/","name":"R\u00e1dio Life FM","description":"O Portal de Not\u00edcias de Adamantina","publisher":{"@id":"https:\/\/radiolifefm.com.br\/noticias\/#organization"},"alternateName":"Life FM","potentialAction":[{"@type":"SearchAction","target":{"@type":"EntryPoint","urlTemplate":"https:\/\/radiolifefm.com.br\/noticias\/?s={search_term_string}"},"query-input":{"@type":"PropertyValueSpecification","valueRequired":true,"valueName":"search_term_string"}}],"inLanguage":"pt-BR"},{"@type":"Organization","@id":"https:\/\/radiolifefm.com.br\/noticias\/#organization","name":"R\u00e1dio Life FM","alternateName":"Life FM","url":"https:\/\/radiolifefm.com.br\/noticias\/","logo":{"@type":"ImageObject","inLanguage":"pt-BR","@id":"https:\/\/radiolifefm.com.br\/noticias\/#\/schema\/logo\/image\/","url":"https:\/\/static.radiolifefm.com.br\/noticias\/wp-content\/uploads\/2019\/10\/logo-lifefm.png","contentUrl":"https:\/\/static.radiolifefm.com.br\/noticias\/wp-content\/uploads\/2019\/10\/logo-lifefm.png","width":196,"height":47,"caption":"R\u00e1dio Life FM"},"image":{"@id":"https:\/\/radiolifefm.com.br\/noticias\/#\/schema\/logo\/image\/"},"sameAs":["https:\/\/www.facebook.com\/radiolifefm\/","https:\/\/www.instagram.com\/life1079fm\/"]},{"@type":"Person","@id":"https:\/\/radiolifefm.com.br\/noticias\/#\/schema\/person\/6339b9fac59d12b071dec680d7375d87","name":"ritanery","image":{"@type":"ImageObject","inLanguage":"pt-BR","@id":"https:\/\/secure.gravatar.com\/avatar\/0e37bb19071f47c0b8a23f62a903df117c5a0e75f65a0c2901562f97cd41cf86?s=96&d=mm&r=g","url":"https:\/\/secure.gravatar.com\/avatar\/0e37bb19071f47c0b8a23f62a903df117c5a0e75f65a0c2901562f97cd41cf86?s=96&d=mm&r=g","contentUrl":"https:\/\/secure.gravatar.com\/avatar\/0e37bb19071f47c0b8a23f62a903df117c5a0e75f65a0c2901562f97cd41cf86?s=96&d=mm&r=g","caption":"ritanery"}}]}},"amp_enabled":true,"_links":{"self":[{"href":"https:\/\/radiolifefm.com.br\/noticias\/wp-json\/wp\/v2\/posts\/77648","targetHints":{"allow":["GET"]}}],"collection":[{"href":"https:\/\/radiolifefm.com.br\/noticias\/wp-json\/wp\/v2\/posts"}],"about":[{"href":"https:\/\/radiolifefm.com.br\/noticias\/wp-json\/wp\/v2\/types\/post"}],"author":[{"embeddable":true,"href":"https:\/\/radiolifefm.com.br\/noticias\/wp-json\/wp\/v2\/users\/13"}],"replies":[{"embeddable":true,"href":"https:\/\/radiolifefm.com.br\/noticias\/wp-json\/wp\/v2\/comments?post=77648"}],"version-history":[{"count":1,"href":"https:\/\/radiolifefm.com.br\/noticias\/wp-json\/wp\/v2\/posts\/77648\/revisions"}],"predecessor-version":[{"id":77650,"href":"https:\/\/radiolifefm.com.br\/noticias\/wp-json\/wp\/v2\/posts\/77648\/revisions\/77650"}],"wp:featuredmedia":[{"embeddable":true,"href":"https:\/\/radiolifefm.com.br\/noticias\/wp-json\/wp\/v2\/media\/77649"}],"wp:attachment":[{"href":"https:\/\/radiolifefm.com.br\/noticias\/wp-json\/wp\/v2\/media?parent=77648"}],"wp:term":[{"taxonomy":"category","embeddable":true,"href":"https:\/\/radiolifefm.com.br\/noticias\/wp-json\/wp\/v2\/categories?post=77648"},{"taxonomy":"post_tag","embeddable":true,"href":"https:\/\/radiolifefm.com.br\/noticias\/wp-json\/wp\/v2\/tags?post=77648"}],"curies":[{"name":"wp","href":"https:\/\/api.w.org\/{rel}","templated":true}]}}