{"id":77562,"date":"2023-10-11T12:50:47","date_gmt":"2023-10-11T15:50:47","guid":{"rendered":"https:\/\/radiolifefm.com.br\/noticias\/?p=77562"},"modified":"2026-03-28T03:41:47","modified_gmt":"2026-03-28T06:41:47","slug":"cristianismo-uma-historia-entre-muitas-estorias-2","status":"publish","type":"post","link":"https:\/\/radiolifefm.com.br\/noticias\/cristianismo-uma-historia-entre-muitas-estorias-2\/","title":{"rendered":"CRISTIANISMO: UMA HIST\u00d3RIA ENTRE MUITAS EST\u00d3RIAS&#8230;"},"content":{"rendered":"<div id=\"fb-root\"><\/div>\n<p><em>\u00a0<\/em><\/p>\n<p><em>\u201c\u00c9 o mais estreito do desfiladeiro que come\u00e7a o vale\u201d.(Prov\u00e9rbio Persa)<\/em><\/p>\n<p><em>\u00a0<\/em><\/p>\n<p><strong><em>S\u00e9rgio Barbosa (*)<\/em><\/strong><\/p>\n<p>&nbsp;<\/p>\n<p>A Igreja Cat\u00f3lica Apost\u00f3lica Romana, precursora das demais denomina\u00e7\u00f5es na esfera do cristianismo em n\u00edvel mundial, est\u00e1 quase sempre promovendo alguns desencontros em nome das atividades medidas pelo PAPA e assim por diante&#8230;<\/p>\n<p>Neste contexto religioso, quando o planeta anda vivendo os eternos conflitos em nome desta ou daquela religi\u00e3o, faz-se necess\u00e1rio ressaltar a luta do atual Papa pela unifica\u00e7\u00e3o das muitas denomina\u00e7\u00f5es patrocinadas pelo cristianismo em nome do seu profeta maior, Jesus Cristo&#8230;<\/p>\n<p>Mas, tudo complica para a Igreja Cat\u00f3lica quando, nos \u00faltimos anos a mesma esteve no centro dos debates para uma explica\u00e7\u00e3o em meio \u00e0s muitas mentiras de uma \u00fanica verdade, ou seja, os esc\u00e2ndalos envolvendo os Padres ped\u00f3filos em v\u00e1rias partes do mundo, inclusive, nestes lados em nome disto ou daquilo&#8230;<\/p>\n<p>A Hist\u00f3ria da Igreja \u00e9 rica em fatos e temas afins aos interesses da outra hist\u00f3ria, a secular, portanto, basta uma pesquisa em maiores questionamentos nesta \u00e1rea para uma reflex\u00e3o abastada sobre como o cristianismo sobreviveu nestes dois mil anos&#8230;<\/p>\n<p>N\u00e3o se pode fazer de conta contra os fatos hist\u00f3ricos, mesmo quando os mesmos s\u00e3o retratados pela \u00f3tica dos vencedores de sempre, por\u00e9m, nem tudo ficou perdido nas catacumbas do outro tempo do tempo, portanto, a busca pela contextualiza\u00e7\u00e3o da hist\u00f3ria da igreja (sic) \u00e9 o ponto inicial para um encontro com o meio e quem sabe, finalizar com chave de ouro das portas do Para\u00edso celestial&#8230;<\/p>\n<p>As muitas hist\u00f3rias, denominadas b\u00edblicas pelo Livro Sagrado do cristianismo, a B\u00edblia, pode levar para muitos lugares de um mesmo local, para isto, basta andar pelas mensagens atribu\u00eddas aos ap\u00f3stolos do Novo Testamento com suas idas e vindas sobre o mesmo local sagrado (sic)&#8230;<\/p>\n<p>Neste foco, a confus\u00e3o \u00e9 evidente para os interessados em geral, os desencontros b\u00edblicos fazem parte do cen\u00e1rio entre emissor, mensagem e receptor, caracterizando uma outra proposta pela comunica\u00e7\u00e3o&#8230;<\/p>\n<p>Neste caso espec\u00edfico, a mensagem \u00e9 trocada pelo c\u00f3digo, assim, o receptor ter\u00e1 que buscar um decodificador para que possa entender a mensagem&#8230;<\/p>\n<p>Dentre as denominadas grandes religi\u00f5es do mundo, o cristianismo apresenta um profeta que ressuscitou, tal fato garante um ponto a mais sobre as outras denominadas \u201cgrandes religi\u00f5es do mundo\u201d&#8230;<\/p>\n<p>Entretanto, os donos do poder sacramental em v\u00e1rios n\u00edveis denominacionais, at\u00e9 mesmo, os oriundos da reforma protestante ou contra reforma, pecam pela mesma mensagem, deixando de lado, quest\u00f5es importantes para o cristianismo em meio \u00e0s comemora\u00e7\u00f5es religiosas da igreja m\u00e3e (Igreja Cat\u00f3lica Apost\u00f3lica Romana), bem como, \u00a0e quanto o movimento da reforma preconizado por Martin Lutero com suas hist\u00f3rias de uma mesma est\u00f3ria sem fim&#8230;<\/p>\n<p><strong><em>_____________________________________<\/em><\/strong><\/p>\n<p><strong><em>(*) Bacharel em Comunica\u00e7\u00e3o Social (1.983); Jornalista diplomado (1.986);Cursou Teologia; Mestre em Ci\u00eancias da Religi\u00e3o\/Sociologia da Religi\u00e3o\u00a0 (1.997, Pesquisador da C\u00e1tedra UNESCO\/UMESP de Comunica\u00e7\u00e3o e professor do curso de Hist\u00f3ria da UniFAI.<\/em><\/strong><\/p>\n<p><strong><em>E-Mail: <a href=\"mailto:barbosa.sebar@gmail.com\">barbosa.sebar@gmail.com<\/a><\/em><\/strong><\/p>\n<p><em>\u00a0<\/em><\/p>\n","protected":false},"excerpt":{"rendered":"<p>\u00a0 \u201c\u00c9 o mais estreito do desfiladeiro que come\u00e7a o vale\u201d.(Prov\u00e9rbio Persa) \u00a0 S\u00e9rgio Barbosa (*) &nbsp; A Igreja Cat\u00f3lica Apost\u00f3lica Romana, precursora das demais denomina\u00e7\u00f5es na esfera do cristianismo em n\u00edvel mundial, est\u00e1 quase sempre promovendo alguns desencontros em nome das atividades medidas pelo PAPA e assim por diante&#8230; Neste contexto religioso, quando o [&hellip;]<\/p>\n","protected":false},"author":13,"featured_media":51988,"comment_status":"closed","ping_status":"open","sticky":false,"template":"","format":"standard","meta":{"_acf_changed":false,"_exactmetrics_skip_tracking":false,"_exactmetrics_sitenote_active":false,"_exactmetrics_sitenote_note":"","_exactmetrics_sitenote_category":0,"footnotes":""},"categories":[59],"tags":[],"class_list":["post-77562","post","type-post","status-publish","format-standard","has-post-thumbnail","hentry","category-opiniao"],"acf":[],"yoast_head":"<!-- This site is optimized with the Yoast SEO plugin v27.2 - https:\/\/yoast.com\/product\/yoast-seo-wordpress\/ -->\n<title>CRISTIANISMO: UMA HIST\u00d3RIA ENTRE MUITAS EST\u00d3RIAS... - R\u00e1dio Life FM<\/title>\n<meta name=\"robots\" content=\"index, follow, max-snippet:-1, max-image-preview:large, max-video-preview:-1\" \/>\n<link rel=\"canonical\" href=\"https:\/\/radiolifefm.com.br\/noticias\/cristianismo-uma-historia-entre-muitas-estorias-2\/\" \/>\n<meta property=\"og:locale\" content=\"pt_BR\" \/>\n<meta property=\"og:type\" content=\"article\" \/>\n<meta property=\"og:title\" content=\"CRISTIANISMO: UMA HIST\u00d3RIA ENTRE MUITAS EST\u00d3RIAS... - R\u00e1dio Life FM\" \/>\n<meta property=\"og:description\" content=\"\u00a0 \u201c\u00c9 o mais estreito do desfiladeiro que come\u00e7a o vale\u201d.(Prov\u00e9rbio Persa) \u00a0 S\u00e9rgio Barbosa (*) &nbsp; A Igreja Cat\u00f3lica Apost\u00f3lica Romana, precursora das demais denomina\u00e7\u00f5es na esfera do cristianismo em n\u00edvel mundial, est\u00e1 quase sempre promovendo alguns desencontros em nome das atividades medidas pelo PAPA e assim por diante&#8230; Neste contexto religioso, quando o [&hellip;]\" \/>\n<meta property=\"og:url\" content=\"https:\/\/radiolifefm.com.br\/noticias\/cristianismo-uma-historia-entre-muitas-estorias-2\/\" \/>\n<meta property=\"og:site_name\" content=\"R\u00e1dio Life FM\" \/>\n<meta property=\"article:publisher\" content=\"https:\/\/www.facebook.com\/radiolifefm\/\" \/>\n<meta property=\"article:published_time\" content=\"2023-10-11T15:50:47+00:00\" \/>\n<meta property=\"article:modified_time\" content=\"2026-03-28T06:41:47+00:00\" \/>\n<meta property=\"og:image\" content=\"https:\/\/radiolifefm.com.br\/noticias\/wp-content\/uploads\/2022\/04\/WhatsApp-Image-2022-04-10-at-18.43.02.jpeg\" \/>\n\t<meta property=\"og:image:width\" content=\"972\" \/>\n\t<meta property=\"og:image:height\" content=\"1296\" \/>\n\t<meta property=\"og:image:type\" content=\"image\/jpeg\" \/>\n<meta name=\"author\" content=\"ritanery\" \/>\n<meta name=\"twitter:card\" content=\"summary_large_image\" \/>\n<meta name=\"twitter:label1\" content=\"Escrito por\" \/>\n\t<meta name=\"twitter:data1\" content=\"ritanery\" \/>\n\t<meta name=\"twitter:label2\" content=\"Est. tempo de leitura\" \/>\n\t<meta name=\"twitter:data2\" content=\"3 minutos\" \/>\n<script type=\"application\/ld+json\" class=\"yoast-schema-graph\">{\"@context\":\"https:\/\/schema.org\",\"@graph\":[{\"@type\":\"Article\",\"@id\":\"https:\/\/radiolifefm.com.br\/noticias\/cristianismo-uma-historia-entre-muitas-estorias-2\/#article\",\"isPartOf\":{\"@id\":\"https:\/\/radiolifefm.com.br\/noticias\/cristianismo-uma-historia-entre-muitas-estorias-2\/\"},\"author\":{\"name\":\"ritanery\",\"@id\":\"https:\/\/radiolifefm.com.br\/noticias\/#\/schema\/person\/6339b9fac59d12b071dec680d7375d87\"},\"headline\":\"CRISTIANISMO: UMA HIST\u00d3RIA ENTRE MUITAS EST\u00d3RIAS&#8230;\",\"datePublished\":\"2023-10-11T15:50:47+00:00\",\"dateModified\":\"2026-03-28T06:41:47+00:00\",\"mainEntityOfPage\":{\"@id\":\"https:\/\/radiolifefm.com.br\/noticias\/cristianismo-uma-historia-entre-muitas-estorias-2\/\"},\"wordCount\":531,\"publisher\":{\"@id\":\"https:\/\/radiolifefm.com.br\/noticias\/#organization\"},\"image\":{\"@id\":\"https:\/\/radiolifefm.com.br\/noticias\/cristianismo-uma-historia-entre-muitas-estorias-2\/#primaryimage\"},\"thumbnailUrl\":\"https:\/\/radiolifefm.com.br\/noticias\/wp-content\/uploads\/2022\/04\/WhatsApp-Image-2022-04-10-at-18.43.02.jpeg\",\"articleSection\":[\"Opini\u00e3o\"],\"inLanguage\":\"pt-BR\"},{\"@type\":\"WebPage\",\"@id\":\"https:\/\/radiolifefm.com.br\/noticias\/cristianismo-uma-historia-entre-muitas-estorias-2\/\",\"url\":\"https:\/\/radiolifefm.com.br\/noticias\/cristianismo-uma-historia-entre-muitas-estorias-2\/\",\"name\":\"CRISTIANISMO: UMA HIST\u00d3RIA ENTRE MUITAS EST\u00d3RIAS... - R\u00e1dio Life FM\",\"isPartOf\":{\"@id\":\"https:\/\/radiolifefm.com.br\/noticias\/#website\"},\"primaryImageOfPage\":{\"@id\":\"https:\/\/radiolifefm.com.br\/noticias\/cristianismo-uma-historia-entre-muitas-estorias-2\/#primaryimage\"},\"image\":{\"@id\":\"https:\/\/radiolifefm.com.br\/noticias\/cristianismo-uma-historia-entre-muitas-estorias-2\/#primaryimage\"},\"thumbnailUrl\":\"https:\/\/radiolifefm.com.br\/noticias\/wp-content\/uploads\/2022\/04\/WhatsApp-Image-2022-04-10-at-18.43.02.jpeg\",\"datePublished\":\"2023-10-11T15:50:47+00:00\",\"dateModified\":\"2026-03-28T06:41:47+00:00\",\"breadcrumb\":{\"@id\":\"https:\/\/radiolifefm.com.br\/noticias\/cristianismo-uma-historia-entre-muitas-estorias-2\/#breadcrumb\"},\"inLanguage\":\"pt-BR\",\"potentialAction\":[{\"@type\":\"ReadAction\",\"target\":[\"https:\/\/radiolifefm.com.br\/noticias\/cristianismo-uma-historia-entre-muitas-estorias-2\/\"]}]},{\"@type\":\"ImageObject\",\"inLanguage\":\"pt-BR\",\"@id\":\"https:\/\/radiolifefm.com.br\/noticias\/cristianismo-uma-historia-entre-muitas-estorias-2\/#primaryimage\",\"url\":\"https:\/\/radiolifefm.com.br\/noticias\/wp-content\/uploads\/2022\/04\/WhatsApp-Image-2022-04-10-at-18.43.02.jpeg\",\"contentUrl\":\"https:\/\/radiolifefm.com.br\/noticias\/wp-content\/uploads\/2022\/04\/WhatsApp-Image-2022-04-10-at-18.43.02.jpeg\",\"width\":972,\"height\":1296,\"caption\":\"S\u00e9rgio Barbosa\"},{\"@type\":\"BreadcrumbList\",\"@id\":\"https:\/\/radiolifefm.com.br\/noticias\/cristianismo-uma-historia-entre-muitas-estorias-2\/#breadcrumb\",\"itemListElement\":[{\"@type\":\"ListItem\",\"position\":1,\"name\":\"In\u00edcio\",\"item\":\"https:\/\/radiolifefm.com.br\/noticias\/\"},{\"@type\":\"ListItem\",\"position\":2,\"name\":\"CRISTIANISMO: UMA HIST\u00d3RIA ENTRE MUITAS EST\u00d3RIAS&#8230;\"}]},{\"@type\":\"WebSite\",\"@id\":\"https:\/\/radiolifefm.com.br\/noticias\/#website\",\"url\":\"https:\/\/radiolifefm.com.br\/noticias\/\",\"name\":\"R\u00e1dio Life FM\",\"description\":\"O Portal de Not\u00edcias de Adamantina\",\"publisher\":{\"@id\":\"https:\/\/radiolifefm.com.br\/noticias\/#organization\"},\"alternateName\":\"Life FM\",\"potentialAction\":[{\"@type\":\"SearchAction\",\"target\":{\"@type\":\"EntryPoint\",\"urlTemplate\":\"https:\/\/radiolifefm.com.br\/noticias\/?s={search_term_string}\"},\"query-input\":{\"@type\":\"PropertyValueSpecification\",\"valueRequired\":true,\"valueName\":\"search_term_string\"}}],\"inLanguage\":\"pt-BR\"},{\"@type\":\"Organization\",\"@id\":\"https:\/\/radiolifefm.com.br\/noticias\/#organization\",\"name\":\"R\u00e1dio Life FM\",\"alternateName\":\"Life FM\",\"url\":\"https:\/\/radiolifefm.com.br\/noticias\/\",\"logo\":{\"@type\":\"ImageObject\",\"inLanguage\":\"pt-BR\",\"@id\":\"https:\/\/radiolifefm.com.br\/noticias\/#\/schema\/logo\/image\/\",\"url\":\"https:\/\/static.radiolifefm.com.br\/noticias\/wp-content\/uploads\/2019\/10\/logo-lifefm.png\",\"contentUrl\":\"https:\/\/static.radiolifefm.com.br\/noticias\/wp-content\/uploads\/2019\/10\/logo-lifefm.png\",\"width\":196,\"height\":47,\"caption\":\"R\u00e1dio Life FM\"},\"image\":{\"@id\":\"https:\/\/radiolifefm.com.br\/noticias\/#\/schema\/logo\/image\/\"},\"sameAs\":[\"https:\/\/www.facebook.com\/radiolifefm\/\",\"https:\/\/www.instagram.com\/life1079fm\/\"]},{\"@type\":\"Person\",\"@id\":\"https:\/\/radiolifefm.com.br\/noticias\/#\/schema\/person\/6339b9fac59d12b071dec680d7375d87\",\"name\":\"ritanery\",\"image\":{\"@type\":\"ImageObject\",\"inLanguage\":\"pt-BR\",\"@id\":\"https:\/\/secure.gravatar.com\/avatar\/0e37bb19071f47c0b8a23f62a903df117c5a0e75f65a0c2901562f97cd41cf86?s=96&d=mm&r=g\",\"url\":\"https:\/\/secure.gravatar.com\/avatar\/0e37bb19071f47c0b8a23f62a903df117c5a0e75f65a0c2901562f97cd41cf86?s=96&d=mm&r=g\",\"contentUrl\":\"https:\/\/secure.gravatar.com\/avatar\/0e37bb19071f47c0b8a23f62a903df117c5a0e75f65a0c2901562f97cd41cf86?s=96&d=mm&r=g\",\"caption\":\"ritanery\"}}]}<\/script>\n<!-- \/ Yoast SEO plugin. -->","yoast_head_json":{"title":"CRISTIANISMO: UMA HIST\u00d3RIA ENTRE MUITAS EST\u00d3RIAS... - R\u00e1dio Life FM","robots":{"index":"index","follow":"follow","max-snippet":"max-snippet:-1","max-image-preview":"max-image-preview:large","max-video-preview":"max-video-preview:-1"},"canonical":"https:\/\/radiolifefm.com.br\/noticias\/cristianismo-uma-historia-entre-muitas-estorias-2\/","og_locale":"pt_BR","og_type":"article","og_title":"CRISTIANISMO: UMA HIST\u00d3RIA ENTRE MUITAS EST\u00d3RIAS... - R\u00e1dio Life FM","og_description":"\u00a0 \u201c\u00c9 o mais estreito do desfiladeiro que come\u00e7a o vale\u201d.(Prov\u00e9rbio Persa) \u00a0 S\u00e9rgio Barbosa (*) &nbsp; A Igreja Cat\u00f3lica Apost\u00f3lica Romana, precursora das demais denomina\u00e7\u00f5es na esfera do cristianismo em n\u00edvel mundial, est\u00e1 quase sempre promovendo alguns desencontros em nome das atividades medidas pelo PAPA e assim por diante&#8230; Neste contexto religioso, quando o [&hellip;]","og_url":"https:\/\/radiolifefm.com.br\/noticias\/cristianismo-uma-historia-entre-muitas-estorias-2\/","og_site_name":"R\u00e1dio Life FM","article_publisher":"https:\/\/www.facebook.com\/radiolifefm\/","article_published_time":"2023-10-11T15:50:47+00:00","article_modified_time":"2026-03-28T06:41:47+00:00","og_image":[{"width":972,"height":1296,"url":"https:\/\/radiolifefm.com.br\/noticias\/wp-content\/uploads\/2022\/04\/WhatsApp-Image-2022-04-10-at-18.43.02.jpeg","type":"image\/jpeg"}],"author":"ritanery","twitter_card":"summary_large_image","twitter_misc":{"Escrito por":"ritanery","Est. tempo de leitura":"3 minutos"},"schema":{"@context":"https:\/\/schema.org","@graph":[{"@type":"Article","@id":"https:\/\/radiolifefm.com.br\/noticias\/cristianismo-uma-historia-entre-muitas-estorias-2\/#article","isPartOf":{"@id":"https:\/\/radiolifefm.com.br\/noticias\/cristianismo-uma-historia-entre-muitas-estorias-2\/"},"author":{"name":"ritanery","@id":"https:\/\/radiolifefm.com.br\/noticias\/#\/schema\/person\/6339b9fac59d12b071dec680d7375d87"},"headline":"CRISTIANISMO: UMA HIST\u00d3RIA ENTRE MUITAS EST\u00d3RIAS&#8230;","datePublished":"2023-10-11T15:50:47+00:00","dateModified":"2026-03-28T06:41:47+00:00","mainEntityOfPage":{"@id":"https:\/\/radiolifefm.com.br\/noticias\/cristianismo-uma-historia-entre-muitas-estorias-2\/"},"wordCount":531,"publisher":{"@id":"https:\/\/radiolifefm.com.br\/noticias\/#organization"},"image":{"@id":"https:\/\/radiolifefm.com.br\/noticias\/cristianismo-uma-historia-entre-muitas-estorias-2\/#primaryimage"},"thumbnailUrl":"https:\/\/radiolifefm.com.br\/noticias\/wp-content\/uploads\/2022\/04\/WhatsApp-Image-2022-04-10-at-18.43.02.jpeg","articleSection":["Opini\u00e3o"],"inLanguage":"pt-BR"},{"@type":"WebPage","@id":"https:\/\/radiolifefm.com.br\/noticias\/cristianismo-uma-historia-entre-muitas-estorias-2\/","url":"https:\/\/radiolifefm.com.br\/noticias\/cristianismo-uma-historia-entre-muitas-estorias-2\/","name":"CRISTIANISMO: UMA HIST\u00d3RIA ENTRE MUITAS EST\u00d3RIAS... - R\u00e1dio Life FM","isPartOf":{"@id":"https:\/\/radiolifefm.com.br\/noticias\/#website"},"primaryImageOfPage":{"@id":"https:\/\/radiolifefm.com.br\/noticias\/cristianismo-uma-historia-entre-muitas-estorias-2\/#primaryimage"},"image":{"@id":"https:\/\/radiolifefm.com.br\/noticias\/cristianismo-uma-historia-entre-muitas-estorias-2\/#primaryimage"},"thumbnailUrl":"https:\/\/radiolifefm.com.br\/noticias\/wp-content\/uploads\/2022\/04\/WhatsApp-Image-2022-04-10-at-18.43.02.jpeg","datePublished":"2023-10-11T15:50:47+00:00","dateModified":"2026-03-28T06:41:47+00:00","breadcrumb":{"@id":"https:\/\/radiolifefm.com.br\/noticias\/cristianismo-uma-historia-entre-muitas-estorias-2\/#breadcrumb"},"inLanguage":"pt-BR","potentialAction":[{"@type":"ReadAction","target":["https:\/\/radiolifefm.com.br\/noticias\/cristianismo-uma-historia-entre-muitas-estorias-2\/"]}]},{"@type":"ImageObject","inLanguage":"pt-BR","@id":"https:\/\/radiolifefm.com.br\/noticias\/cristianismo-uma-historia-entre-muitas-estorias-2\/#primaryimage","url":"https:\/\/radiolifefm.com.br\/noticias\/wp-content\/uploads\/2022\/04\/WhatsApp-Image-2022-04-10-at-18.43.02.jpeg","contentUrl":"https:\/\/radiolifefm.com.br\/noticias\/wp-content\/uploads\/2022\/04\/WhatsApp-Image-2022-04-10-at-18.43.02.jpeg","width":972,"height":1296,"caption":"S\u00e9rgio Barbosa"},{"@type":"BreadcrumbList","@id":"https:\/\/radiolifefm.com.br\/noticias\/cristianismo-uma-historia-entre-muitas-estorias-2\/#breadcrumb","itemListElement":[{"@type":"ListItem","position":1,"name":"In\u00edcio","item":"https:\/\/radiolifefm.com.br\/noticias\/"},{"@type":"ListItem","position":2,"name":"CRISTIANISMO: UMA HIST\u00d3RIA ENTRE MUITAS EST\u00d3RIAS&#8230;"}]},{"@type":"WebSite","@id":"https:\/\/radiolifefm.com.br\/noticias\/#website","url":"https:\/\/radiolifefm.com.br\/noticias\/","name":"R\u00e1dio Life FM","description":"O Portal de Not\u00edcias de Adamantina","publisher":{"@id":"https:\/\/radiolifefm.com.br\/noticias\/#organization"},"alternateName":"Life FM","potentialAction":[{"@type":"SearchAction","target":{"@type":"EntryPoint","urlTemplate":"https:\/\/radiolifefm.com.br\/noticias\/?s={search_term_string}"},"query-input":{"@type":"PropertyValueSpecification","valueRequired":true,"valueName":"search_term_string"}}],"inLanguage":"pt-BR"},{"@type":"Organization","@id":"https:\/\/radiolifefm.com.br\/noticias\/#organization","name":"R\u00e1dio Life FM","alternateName":"Life FM","url":"https:\/\/radiolifefm.com.br\/noticias\/","logo":{"@type":"ImageObject","inLanguage":"pt-BR","@id":"https:\/\/radiolifefm.com.br\/noticias\/#\/schema\/logo\/image\/","url":"https:\/\/static.radiolifefm.com.br\/noticias\/wp-content\/uploads\/2019\/10\/logo-lifefm.png","contentUrl":"https:\/\/static.radiolifefm.com.br\/noticias\/wp-content\/uploads\/2019\/10\/logo-lifefm.png","width":196,"height":47,"caption":"R\u00e1dio Life FM"},"image":{"@id":"https:\/\/radiolifefm.com.br\/noticias\/#\/schema\/logo\/image\/"},"sameAs":["https:\/\/www.facebook.com\/radiolifefm\/","https:\/\/www.instagram.com\/life1079fm\/"]},{"@type":"Person","@id":"https:\/\/radiolifefm.com.br\/noticias\/#\/schema\/person\/6339b9fac59d12b071dec680d7375d87","name":"ritanery","image":{"@type":"ImageObject","inLanguage":"pt-BR","@id":"https:\/\/secure.gravatar.com\/avatar\/0e37bb19071f47c0b8a23f62a903df117c5a0e75f65a0c2901562f97cd41cf86?s=96&d=mm&r=g","url":"https:\/\/secure.gravatar.com\/avatar\/0e37bb19071f47c0b8a23f62a903df117c5a0e75f65a0c2901562f97cd41cf86?s=96&d=mm&r=g","contentUrl":"https:\/\/secure.gravatar.com\/avatar\/0e37bb19071f47c0b8a23f62a903df117c5a0e75f65a0c2901562f97cd41cf86?s=96&d=mm&r=g","caption":"ritanery"}}]}},"amp_enabled":true,"_links":{"self":[{"href":"https:\/\/radiolifefm.com.br\/noticias\/wp-json\/wp\/v2\/posts\/77562","targetHints":{"allow":["GET"]}}],"collection":[{"href":"https:\/\/radiolifefm.com.br\/noticias\/wp-json\/wp\/v2\/posts"}],"about":[{"href":"https:\/\/radiolifefm.com.br\/noticias\/wp-json\/wp\/v2\/types\/post"}],"author":[{"embeddable":true,"href":"https:\/\/radiolifefm.com.br\/noticias\/wp-json\/wp\/v2\/users\/13"}],"replies":[{"embeddable":true,"href":"https:\/\/radiolifefm.com.br\/noticias\/wp-json\/wp\/v2\/comments?post=77562"}],"version-history":[{"count":1,"href":"https:\/\/radiolifefm.com.br\/noticias\/wp-json\/wp\/v2\/posts\/77562\/revisions"}],"predecessor-version":[{"id":77563,"href":"https:\/\/radiolifefm.com.br\/noticias\/wp-json\/wp\/v2\/posts\/77562\/revisions\/77563"}],"wp:featuredmedia":[{"embeddable":true,"href":"https:\/\/radiolifefm.com.br\/noticias\/wp-json\/wp\/v2\/media\/51988"}],"wp:attachment":[{"href":"https:\/\/radiolifefm.com.br\/noticias\/wp-json\/wp\/v2\/media?parent=77562"}],"wp:term":[{"taxonomy":"category","embeddable":true,"href":"https:\/\/radiolifefm.com.br\/noticias\/wp-json\/wp\/v2\/categories?post=77562"},{"taxonomy":"post_tag","embeddable":true,"href":"https:\/\/radiolifefm.com.br\/noticias\/wp-json\/wp\/v2\/tags?post=77562"}],"curies":[{"name":"wp","href":"https:\/\/api.w.org\/{rel}","templated":true}]}}