{"id":76053,"date":"2023-09-08T10:11:43","date_gmt":"2023-09-08T13:11:43","guid":{"rendered":"https:\/\/radiolifefm.com.br\/noticias\/?p=76053"},"modified":"2026-04-07T00:18:40","modified_gmt":"2026-04-07T03:18:40","slug":"uma-reuniao-alem-da-provincia-do-faz-de-conta","status":"publish","type":"post","link":"https:\/\/radiolifefm.com.br\/noticias\/uma-reuniao-alem-da-provincia-do-faz-de-conta\/","title":{"rendered":"UMA REUNI\u00c3O AL\u00c9M DA PROV\u00cdNCIA DO FAZ DE CONTA&#8230;"},"content":{"rendered":"<div id=\"fb-root\"><\/div>\n<p><em>\u00a0\u201cSem sair da sua porta, o homem pode saber o que acontece no mundo. Sem olhar pela janela, pode ver TAO que est\u00e1 no c\u00e9u. Quanto mais corra atr\u00e1s da sabedoria, tanto menos saber\u00e1. Por isso, sem correr para um e para outro lado, o s\u00e1bio compreender\u00e1 sem ver e completar\u00e1 sem agir.\u201d (Lao Tse)<\/em><\/p>\n<p>&nbsp;<\/p>\n<p><strong>S\u00e9rgio Barbosa (*)<\/strong><\/p>\n<p>&nbsp;<\/p>\n<p>Neste novo tempo que se chama hoje, os desencontros fazem parte do cen\u00e1rio nacional em terras provincianas, talvez, como sempre, para fazer a diferen\u00e7a em meio \u00e0 mesmice de sempre, quando as pessoas procuram apenas estar e se esquecem de ser!<\/p>\n<p>Assim, os anos passam para os simples mortais em n\u00edvel internacional, mas, como sempre, a prov\u00edncia continua levando as coisas como se o lado de fora nada significasse para as transforma\u00e7\u00f5es no cen\u00e1rio da p\u00f3s-globaliza\u00e7\u00e3o para as limita\u00e7\u00f5es de uma prov\u00edncia perdida na regi\u00e3o oeste do oeste paulista&#8230;<\/p>\n<p>Mas, nem tudo reflete a mesmice de sempre, neste caso em pauta, uma reuni\u00e3o sem mais e sem menos, talvez, apenas uma comemora\u00e7\u00e3o neste novo tempo sem o tempo, todavia, o que seria da vida sem a vida, ainda, do fim sem o mesmo fim para um outro fim?<\/p>\n<p>N\u00e3o se sabe quando tudo come\u00e7ou, por\u00e9m, mais do que depressa as coisas aconteceram para o lado deste ou daquele menos desavisado e perdido com suas contradi\u00e7\u00f5es com o outro canto, tudo bem, n\u00e3o se pode ganhar sempre diz o dito popular, todavia, um outro olhar pode chamar o descuidado para fazer parte de uma mesma roda, neste caso, pode ser a descoberta de uma roda quadrada para um cientista calado pelas suas falas promessas sobre a virtude de uma moral descabida da lua com o sol numa luz de marte&#8230;<\/p>\n<p>O luar provinciano destoa em noites com estrelas num c\u00e9u sem fim, pode ser para o mal, mas, o bem pode aparecer neste momento e fazer a diferen\u00e7a para o desencontro dos astros noturnos, quando as estrelas seguem um cometa perdido em busca da eternidade do tempo sem o tempo em meio ao tempo para um outro tempo do tempo deste tempo&#8230;<\/p>\n<p>Quem dera estar em compasso de espera com o cen\u00e1rio provinciano neste meio sem in\u00edcio e muito menos final de alguma coisa para um momento solene em meio \u00e0s desaven\u00e7as do poder sem o poder local, ainda mais com as elei\u00e7\u00f5es chegando para o \u201cPa\u00eds do faz de conta\u201d, quando, mais uma vez, as escolhas est\u00e3o nos votos e tudo pode acontecer, ainda, at\u00e9 mesmo, \u201celle\u201d, o desaparecido pode aparecer para colher alguns votos aqui e outros ali para uma reelei\u00e7\u00e3o al\u00e9m da prov\u00edncia&#8230;<\/p>\n<p>Mas, voltando \u00e0 quest\u00e3o anterior, ou seja, de uma reuni\u00e3o sem mais e sem menos para sair de uma mesmice provinciana, pode-se pensar sem deixar o pensador agitar com suas palavras ao vento, se bem que, neste novo contexto, a pluralidade anda fazendo das suas pela m\u00eddia impressa, deixando assim, a transpar\u00eancia se tornar nebulosa pelas falsas promessas do passado&#8230;<\/p>\n<p>Tamb\u00e9m, as marcas do discurso se perdem pelas manobras de uma persegui\u00e7\u00e3o qualquer para o outro lado em busca da valida\u00e7\u00e3o popular e assim por diante, entretanto, as vozes do al\u00e9m ficam circulando pelas ruas e esquinas de uma quadra perdida desta \u201cprov\u00edncia do faz de conta\u201d&#8230;<\/p>\n<p>O nome n\u00e3o faz a diferen\u00e7a desta vez, pois, s\u00e3o como afirma o texto b\u00edblico, a saber \u201cp\u00e9rolas aos porcos\u201d com uma mensagem bovina para destoar o clima neste confronto com o \u201cfranco-atirador provinciano\u201d, aquele que, pensa que sabe de alguma coisa, por\u00e9m, n\u00e3o sabe e muito menos, imagina alguma coisa sobre tudo e todos ao mesmo tempo deste tempo em busca do outro tempo do tempo&#8230;<\/p>\n<p>QUEM SOBREVIVER VAI SABER&#8230;<\/p>\n<p><strong><em>_________________________________________<\/em><\/strong><\/p>\n<p><strong><em>(*) Jornalista profissional diplomado.<\/em><\/strong><\/p>\n<p><strong><em>e-mail: barbosa.sebar@gmail.com<\/em><\/strong><\/p>\n","protected":false},"excerpt":{"rendered":"<p>\u00a0\u201cSem sair da sua porta, o homem pode saber o que acontece no mundo. Sem olhar pela janela, pode ver TAO que est\u00e1 no c\u00e9u. Quanto mais corra atr\u00e1s da sabedoria, tanto menos saber\u00e1. Por isso, sem correr para um e para outro lado, o s\u00e1bio compreender\u00e1 sem ver e completar\u00e1 sem agir.\u201d (Lao Tse) [&hellip;]<\/p>\n","protected":false},"author":13,"featured_media":51988,"comment_status":"closed","ping_status":"open","sticky":false,"template":"","format":"standard","meta":{"_acf_changed":false,"_exactmetrics_skip_tracking":false,"_exactmetrics_sitenote_active":false,"_exactmetrics_sitenote_note":"","_exactmetrics_sitenote_category":0,"footnotes":""},"categories":[59],"tags":[],"class_list":["post-76053","post","type-post","status-publish","format-standard","has-post-thumbnail","hentry","category-opiniao"],"acf":[],"yoast_head":"<!-- This site is optimized with the Yoast SEO plugin v27.2 - https:\/\/yoast.com\/product\/yoast-seo-wordpress\/ -->\n<title>UMA REUNI\u00c3O AL\u00c9M DA PROV\u00cdNCIA DO FAZ DE CONTA... - R\u00e1dio Life FM<\/title>\n<meta name=\"robots\" content=\"index, follow, max-snippet:-1, max-image-preview:large, max-video-preview:-1\" \/>\n<link rel=\"canonical\" href=\"https:\/\/radiolifefm.com.br\/noticias\/uma-reuniao-alem-da-provincia-do-faz-de-conta\/\" \/>\n<meta property=\"og:locale\" content=\"pt_BR\" \/>\n<meta property=\"og:type\" content=\"article\" \/>\n<meta property=\"og:title\" content=\"UMA REUNI\u00c3O AL\u00c9M DA PROV\u00cdNCIA DO FAZ DE CONTA... - R\u00e1dio Life FM\" \/>\n<meta property=\"og:description\" content=\"\u00a0\u201cSem sair da sua porta, o homem pode saber o que acontece no mundo. Sem olhar pela janela, pode ver TAO que est\u00e1 no c\u00e9u. Quanto mais corra atr\u00e1s da sabedoria, tanto menos saber\u00e1. Por isso, sem correr para um e para outro lado, o s\u00e1bio compreender\u00e1 sem ver e completar\u00e1 sem agir.\u201d (Lao Tse) [&hellip;]\" \/>\n<meta property=\"og:url\" content=\"https:\/\/radiolifefm.com.br\/noticias\/uma-reuniao-alem-da-provincia-do-faz-de-conta\/\" \/>\n<meta property=\"og:site_name\" content=\"R\u00e1dio Life FM\" \/>\n<meta property=\"article:publisher\" content=\"https:\/\/www.facebook.com\/radiolifefm\/\" \/>\n<meta property=\"article:published_time\" content=\"2023-09-08T13:11:43+00:00\" \/>\n<meta property=\"article:modified_time\" content=\"2026-04-07T03:18:40+00:00\" \/>\n<meta property=\"og:image\" content=\"https:\/\/radiolifefm.com.br\/noticias\/wp-content\/uploads\/2022\/04\/WhatsApp-Image-2022-04-10-at-18.43.02.jpeg\" \/>\n\t<meta property=\"og:image:width\" content=\"972\" \/>\n\t<meta property=\"og:image:height\" content=\"1296\" \/>\n\t<meta property=\"og:image:type\" content=\"image\/jpeg\" \/>\n<meta name=\"author\" content=\"ritanery\" \/>\n<meta name=\"twitter:card\" content=\"summary_large_image\" \/>\n<meta name=\"twitter:label1\" content=\"Escrito por\" \/>\n\t<meta name=\"twitter:data1\" content=\"ritanery\" \/>\n\t<meta name=\"twitter:label2\" content=\"Est. tempo de leitura\" \/>\n\t<meta name=\"twitter:data2\" content=\"4 minutos\" \/>\n<script type=\"application\/ld+json\" class=\"yoast-schema-graph\">{\"@context\":\"https:\/\/schema.org\",\"@graph\":[{\"@type\":\"Article\",\"@id\":\"https:\/\/radiolifefm.com.br\/noticias\/uma-reuniao-alem-da-provincia-do-faz-de-conta\/#article\",\"isPartOf\":{\"@id\":\"https:\/\/radiolifefm.com.br\/noticias\/uma-reuniao-alem-da-provincia-do-faz-de-conta\/\"},\"author\":{\"name\":\"ritanery\",\"@id\":\"https:\/\/radiolifefm.com.br\/noticias\/#\/schema\/person\/6339b9fac59d12b071dec680d7375d87\"},\"headline\":\"UMA REUNI\u00c3O AL\u00c9M DA PROV\u00cdNCIA DO FAZ DE CONTA&#8230;\",\"datePublished\":\"2023-09-08T13:11:43+00:00\",\"dateModified\":\"2026-04-07T03:18:40+00:00\",\"mainEntityOfPage\":{\"@id\":\"https:\/\/radiolifefm.com.br\/noticias\/uma-reuniao-alem-da-provincia-do-faz-de-conta\/\"},\"wordCount\":679,\"publisher\":{\"@id\":\"https:\/\/radiolifefm.com.br\/noticias\/#organization\"},\"image\":{\"@id\":\"https:\/\/radiolifefm.com.br\/noticias\/uma-reuniao-alem-da-provincia-do-faz-de-conta\/#primaryimage\"},\"thumbnailUrl\":\"https:\/\/radiolifefm.com.br\/noticias\/wp-content\/uploads\/2022\/04\/WhatsApp-Image-2022-04-10-at-18.43.02.jpeg\",\"articleSection\":[\"Opini\u00e3o\"],\"inLanguage\":\"pt-BR\"},{\"@type\":\"WebPage\",\"@id\":\"https:\/\/radiolifefm.com.br\/noticias\/uma-reuniao-alem-da-provincia-do-faz-de-conta\/\",\"url\":\"https:\/\/radiolifefm.com.br\/noticias\/uma-reuniao-alem-da-provincia-do-faz-de-conta\/\",\"name\":\"UMA REUNI\u00c3O AL\u00c9M DA PROV\u00cdNCIA DO FAZ DE CONTA... - R\u00e1dio Life FM\",\"isPartOf\":{\"@id\":\"https:\/\/radiolifefm.com.br\/noticias\/#website\"},\"primaryImageOfPage\":{\"@id\":\"https:\/\/radiolifefm.com.br\/noticias\/uma-reuniao-alem-da-provincia-do-faz-de-conta\/#primaryimage\"},\"image\":{\"@id\":\"https:\/\/radiolifefm.com.br\/noticias\/uma-reuniao-alem-da-provincia-do-faz-de-conta\/#primaryimage\"},\"thumbnailUrl\":\"https:\/\/radiolifefm.com.br\/noticias\/wp-content\/uploads\/2022\/04\/WhatsApp-Image-2022-04-10-at-18.43.02.jpeg\",\"datePublished\":\"2023-09-08T13:11:43+00:00\",\"dateModified\":\"2026-04-07T03:18:40+00:00\",\"breadcrumb\":{\"@id\":\"https:\/\/radiolifefm.com.br\/noticias\/uma-reuniao-alem-da-provincia-do-faz-de-conta\/#breadcrumb\"},\"inLanguage\":\"pt-BR\",\"potentialAction\":[{\"@type\":\"ReadAction\",\"target\":[\"https:\/\/radiolifefm.com.br\/noticias\/uma-reuniao-alem-da-provincia-do-faz-de-conta\/\"]}]},{\"@type\":\"ImageObject\",\"inLanguage\":\"pt-BR\",\"@id\":\"https:\/\/radiolifefm.com.br\/noticias\/uma-reuniao-alem-da-provincia-do-faz-de-conta\/#primaryimage\",\"url\":\"https:\/\/radiolifefm.com.br\/noticias\/wp-content\/uploads\/2022\/04\/WhatsApp-Image-2022-04-10-at-18.43.02.jpeg\",\"contentUrl\":\"https:\/\/radiolifefm.com.br\/noticias\/wp-content\/uploads\/2022\/04\/WhatsApp-Image-2022-04-10-at-18.43.02.jpeg\",\"width\":972,\"height\":1296,\"caption\":\"S\u00e9rgio Barbosa\"},{\"@type\":\"BreadcrumbList\",\"@id\":\"https:\/\/radiolifefm.com.br\/noticias\/uma-reuniao-alem-da-provincia-do-faz-de-conta\/#breadcrumb\",\"itemListElement\":[{\"@type\":\"ListItem\",\"position\":1,\"name\":\"In\u00edcio\",\"item\":\"https:\/\/radiolifefm.com.br\/noticias\/\"},{\"@type\":\"ListItem\",\"position\":2,\"name\":\"UMA REUNI\u00c3O AL\u00c9M DA PROV\u00cdNCIA DO FAZ DE CONTA&#8230;\"}]},{\"@type\":\"WebSite\",\"@id\":\"https:\/\/radiolifefm.com.br\/noticias\/#website\",\"url\":\"https:\/\/radiolifefm.com.br\/noticias\/\",\"name\":\"R\u00e1dio Life FM\",\"description\":\"O Portal de Not\u00edcias de Adamantina\",\"publisher\":{\"@id\":\"https:\/\/radiolifefm.com.br\/noticias\/#organization\"},\"alternateName\":\"Life FM\",\"potentialAction\":[{\"@type\":\"SearchAction\",\"target\":{\"@type\":\"EntryPoint\",\"urlTemplate\":\"https:\/\/radiolifefm.com.br\/noticias\/?s={search_term_string}\"},\"query-input\":{\"@type\":\"PropertyValueSpecification\",\"valueRequired\":true,\"valueName\":\"search_term_string\"}}],\"inLanguage\":\"pt-BR\"},{\"@type\":\"Organization\",\"@id\":\"https:\/\/radiolifefm.com.br\/noticias\/#organization\",\"name\":\"R\u00e1dio Life FM\",\"alternateName\":\"Life FM\",\"url\":\"https:\/\/radiolifefm.com.br\/noticias\/\",\"logo\":{\"@type\":\"ImageObject\",\"inLanguage\":\"pt-BR\",\"@id\":\"https:\/\/radiolifefm.com.br\/noticias\/#\/schema\/logo\/image\/\",\"url\":\"https:\/\/static.radiolifefm.com.br\/noticias\/wp-content\/uploads\/2019\/10\/logo-lifefm.png\",\"contentUrl\":\"https:\/\/static.radiolifefm.com.br\/noticias\/wp-content\/uploads\/2019\/10\/logo-lifefm.png\",\"width\":196,\"height\":47,\"caption\":\"R\u00e1dio Life FM\"},\"image\":{\"@id\":\"https:\/\/radiolifefm.com.br\/noticias\/#\/schema\/logo\/image\/\"},\"sameAs\":[\"https:\/\/www.facebook.com\/radiolifefm\/\",\"https:\/\/www.instagram.com\/life1079fm\/\"]},{\"@type\":\"Person\",\"@id\":\"https:\/\/radiolifefm.com.br\/noticias\/#\/schema\/person\/6339b9fac59d12b071dec680d7375d87\",\"name\":\"ritanery\",\"image\":{\"@type\":\"ImageObject\",\"inLanguage\":\"pt-BR\",\"@id\":\"https:\/\/secure.gravatar.com\/avatar\/0e37bb19071f47c0b8a23f62a903df117c5a0e75f65a0c2901562f97cd41cf86?s=96&d=mm&r=g\",\"url\":\"https:\/\/secure.gravatar.com\/avatar\/0e37bb19071f47c0b8a23f62a903df117c5a0e75f65a0c2901562f97cd41cf86?s=96&d=mm&r=g\",\"contentUrl\":\"https:\/\/secure.gravatar.com\/avatar\/0e37bb19071f47c0b8a23f62a903df117c5a0e75f65a0c2901562f97cd41cf86?s=96&d=mm&r=g\",\"caption\":\"ritanery\"}}]}<\/script>\n<!-- \/ Yoast SEO plugin. -->","yoast_head_json":{"title":"UMA REUNI\u00c3O AL\u00c9M DA PROV\u00cdNCIA DO FAZ DE CONTA... - R\u00e1dio Life FM","robots":{"index":"index","follow":"follow","max-snippet":"max-snippet:-1","max-image-preview":"max-image-preview:large","max-video-preview":"max-video-preview:-1"},"canonical":"https:\/\/radiolifefm.com.br\/noticias\/uma-reuniao-alem-da-provincia-do-faz-de-conta\/","og_locale":"pt_BR","og_type":"article","og_title":"UMA REUNI\u00c3O AL\u00c9M DA PROV\u00cdNCIA DO FAZ DE CONTA... - R\u00e1dio Life FM","og_description":"\u00a0\u201cSem sair da sua porta, o homem pode saber o que acontece no mundo. Sem olhar pela janela, pode ver TAO que est\u00e1 no c\u00e9u. Quanto mais corra atr\u00e1s da sabedoria, tanto menos saber\u00e1. Por isso, sem correr para um e para outro lado, o s\u00e1bio compreender\u00e1 sem ver e completar\u00e1 sem agir.\u201d (Lao Tse) [&hellip;]","og_url":"https:\/\/radiolifefm.com.br\/noticias\/uma-reuniao-alem-da-provincia-do-faz-de-conta\/","og_site_name":"R\u00e1dio Life FM","article_publisher":"https:\/\/www.facebook.com\/radiolifefm\/","article_published_time":"2023-09-08T13:11:43+00:00","article_modified_time":"2026-04-07T03:18:40+00:00","og_image":[{"width":972,"height":1296,"url":"https:\/\/radiolifefm.com.br\/noticias\/wp-content\/uploads\/2022\/04\/WhatsApp-Image-2022-04-10-at-18.43.02.jpeg","type":"image\/jpeg"}],"author":"ritanery","twitter_card":"summary_large_image","twitter_misc":{"Escrito por":"ritanery","Est. tempo de leitura":"4 minutos"},"schema":{"@context":"https:\/\/schema.org","@graph":[{"@type":"Article","@id":"https:\/\/radiolifefm.com.br\/noticias\/uma-reuniao-alem-da-provincia-do-faz-de-conta\/#article","isPartOf":{"@id":"https:\/\/radiolifefm.com.br\/noticias\/uma-reuniao-alem-da-provincia-do-faz-de-conta\/"},"author":{"name":"ritanery","@id":"https:\/\/radiolifefm.com.br\/noticias\/#\/schema\/person\/6339b9fac59d12b071dec680d7375d87"},"headline":"UMA REUNI\u00c3O AL\u00c9M DA PROV\u00cdNCIA DO FAZ DE CONTA&#8230;","datePublished":"2023-09-08T13:11:43+00:00","dateModified":"2026-04-07T03:18:40+00:00","mainEntityOfPage":{"@id":"https:\/\/radiolifefm.com.br\/noticias\/uma-reuniao-alem-da-provincia-do-faz-de-conta\/"},"wordCount":679,"publisher":{"@id":"https:\/\/radiolifefm.com.br\/noticias\/#organization"},"image":{"@id":"https:\/\/radiolifefm.com.br\/noticias\/uma-reuniao-alem-da-provincia-do-faz-de-conta\/#primaryimage"},"thumbnailUrl":"https:\/\/radiolifefm.com.br\/noticias\/wp-content\/uploads\/2022\/04\/WhatsApp-Image-2022-04-10-at-18.43.02.jpeg","articleSection":["Opini\u00e3o"],"inLanguage":"pt-BR"},{"@type":"WebPage","@id":"https:\/\/radiolifefm.com.br\/noticias\/uma-reuniao-alem-da-provincia-do-faz-de-conta\/","url":"https:\/\/radiolifefm.com.br\/noticias\/uma-reuniao-alem-da-provincia-do-faz-de-conta\/","name":"UMA REUNI\u00c3O AL\u00c9M DA PROV\u00cdNCIA DO FAZ DE CONTA... - R\u00e1dio Life FM","isPartOf":{"@id":"https:\/\/radiolifefm.com.br\/noticias\/#website"},"primaryImageOfPage":{"@id":"https:\/\/radiolifefm.com.br\/noticias\/uma-reuniao-alem-da-provincia-do-faz-de-conta\/#primaryimage"},"image":{"@id":"https:\/\/radiolifefm.com.br\/noticias\/uma-reuniao-alem-da-provincia-do-faz-de-conta\/#primaryimage"},"thumbnailUrl":"https:\/\/radiolifefm.com.br\/noticias\/wp-content\/uploads\/2022\/04\/WhatsApp-Image-2022-04-10-at-18.43.02.jpeg","datePublished":"2023-09-08T13:11:43+00:00","dateModified":"2026-04-07T03:18:40+00:00","breadcrumb":{"@id":"https:\/\/radiolifefm.com.br\/noticias\/uma-reuniao-alem-da-provincia-do-faz-de-conta\/#breadcrumb"},"inLanguage":"pt-BR","potentialAction":[{"@type":"ReadAction","target":["https:\/\/radiolifefm.com.br\/noticias\/uma-reuniao-alem-da-provincia-do-faz-de-conta\/"]}]},{"@type":"ImageObject","inLanguage":"pt-BR","@id":"https:\/\/radiolifefm.com.br\/noticias\/uma-reuniao-alem-da-provincia-do-faz-de-conta\/#primaryimage","url":"https:\/\/radiolifefm.com.br\/noticias\/wp-content\/uploads\/2022\/04\/WhatsApp-Image-2022-04-10-at-18.43.02.jpeg","contentUrl":"https:\/\/radiolifefm.com.br\/noticias\/wp-content\/uploads\/2022\/04\/WhatsApp-Image-2022-04-10-at-18.43.02.jpeg","width":972,"height":1296,"caption":"S\u00e9rgio Barbosa"},{"@type":"BreadcrumbList","@id":"https:\/\/radiolifefm.com.br\/noticias\/uma-reuniao-alem-da-provincia-do-faz-de-conta\/#breadcrumb","itemListElement":[{"@type":"ListItem","position":1,"name":"In\u00edcio","item":"https:\/\/radiolifefm.com.br\/noticias\/"},{"@type":"ListItem","position":2,"name":"UMA REUNI\u00c3O AL\u00c9M DA PROV\u00cdNCIA DO FAZ DE CONTA&#8230;"}]},{"@type":"WebSite","@id":"https:\/\/radiolifefm.com.br\/noticias\/#website","url":"https:\/\/radiolifefm.com.br\/noticias\/","name":"R\u00e1dio Life FM","description":"O Portal de Not\u00edcias de Adamantina","publisher":{"@id":"https:\/\/radiolifefm.com.br\/noticias\/#organization"},"alternateName":"Life FM","potentialAction":[{"@type":"SearchAction","target":{"@type":"EntryPoint","urlTemplate":"https:\/\/radiolifefm.com.br\/noticias\/?s={search_term_string}"},"query-input":{"@type":"PropertyValueSpecification","valueRequired":true,"valueName":"search_term_string"}}],"inLanguage":"pt-BR"},{"@type":"Organization","@id":"https:\/\/radiolifefm.com.br\/noticias\/#organization","name":"R\u00e1dio Life FM","alternateName":"Life FM","url":"https:\/\/radiolifefm.com.br\/noticias\/","logo":{"@type":"ImageObject","inLanguage":"pt-BR","@id":"https:\/\/radiolifefm.com.br\/noticias\/#\/schema\/logo\/image\/","url":"https:\/\/static.radiolifefm.com.br\/noticias\/wp-content\/uploads\/2019\/10\/logo-lifefm.png","contentUrl":"https:\/\/static.radiolifefm.com.br\/noticias\/wp-content\/uploads\/2019\/10\/logo-lifefm.png","width":196,"height":47,"caption":"R\u00e1dio Life FM"},"image":{"@id":"https:\/\/radiolifefm.com.br\/noticias\/#\/schema\/logo\/image\/"},"sameAs":["https:\/\/www.facebook.com\/radiolifefm\/","https:\/\/www.instagram.com\/life1079fm\/"]},{"@type":"Person","@id":"https:\/\/radiolifefm.com.br\/noticias\/#\/schema\/person\/6339b9fac59d12b071dec680d7375d87","name":"ritanery","image":{"@type":"ImageObject","inLanguage":"pt-BR","@id":"https:\/\/secure.gravatar.com\/avatar\/0e37bb19071f47c0b8a23f62a903df117c5a0e75f65a0c2901562f97cd41cf86?s=96&d=mm&r=g","url":"https:\/\/secure.gravatar.com\/avatar\/0e37bb19071f47c0b8a23f62a903df117c5a0e75f65a0c2901562f97cd41cf86?s=96&d=mm&r=g","contentUrl":"https:\/\/secure.gravatar.com\/avatar\/0e37bb19071f47c0b8a23f62a903df117c5a0e75f65a0c2901562f97cd41cf86?s=96&d=mm&r=g","caption":"ritanery"}}]}},"amp_enabled":true,"_links":{"self":[{"href":"https:\/\/radiolifefm.com.br\/noticias\/wp-json\/wp\/v2\/posts\/76053","targetHints":{"allow":["GET"]}}],"collection":[{"href":"https:\/\/radiolifefm.com.br\/noticias\/wp-json\/wp\/v2\/posts"}],"about":[{"href":"https:\/\/radiolifefm.com.br\/noticias\/wp-json\/wp\/v2\/types\/post"}],"author":[{"embeddable":true,"href":"https:\/\/radiolifefm.com.br\/noticias\/wp-json\/wp\/v2\/users\/13"}],"replies":[{"embeddable":true,"href":"https:\/\/radiolifefm.com.br\/noticias\/wp-json\/wp\/v2\/comments?post=76053"}],"version-history":[{"count":1,"href":"https:\/\/radiolifefm.com.br\/noticias\/wp-json\/wp\/v2\/posts\/76053\/revisions"}],"predecessor-version":[{"id":76054,"href":"https:\/\/radiolifefm.com.br\/noticias\/wp-json\/wp\/v2\/posts\/76053\/revisions\/76054"}],"wp:featuredmedia":[{"embeddable":true,"href":"https:\/\/radiolifefm.com.br\/noticias\/wp-json\/wp\/v2\/media\/51988"}],"wp:attachment":[{"href":"https:\/\/radiolifefm.com.br\/noticias\/wp-json\/wp\/v2\/media?parent=76053"}],"wp:term":[{"taxonomy":"category","embeddable":true,"href":"https:\/\/radiolifefm.com.br\/noticias\/wp-json\/wp\/v2\/categories?post=76053"},{"taxonomy":"post_tag","embeddable":true,"href":"https:\/\/radiolifefm.com.br\/noticias\/wp-json\/wp\/v2\/tags?post=76053"}],"curies":[{"name":"wp","href":"https:\/\/api.w.org\/{rel}","templated":true}]}}