{"id":75779,"date":"2023-09-01T08:35:37","date_gmt":"2023-09-01T11:35:37","guid":{"rendered":"https:\/\/radiolifefm.com.br\/noticias\/?p=75779"},"modified":"2025-10-07T02:08:31","modified_gmt":"2025-10-07T05:08:31","slug":"midia-provinciana-na-roda-da-fortuna-e-ponto-quase-final","status":"publish","type":"post","link":"https:\/\/radiolifefm.com.br\/noticias\/midia-provinciana-na-roda-da-fortuna-e-ponto-quase-final\/","title":{"rendered":"M\u00cdDIA PROVINCIANA NA RODA DA FORTUNA E PONTO QUASE FINAL&#8230;"},"content":{"rendered":"<div id=\"fb-root\"><\/div>\n<p>&nbsp;<\/p>\n<p><em>\u00a0\u201cMe arrependo de coisas que disse, mas jamais do meu sil\u00eancio\u201d (Xenocrates \u2013 300 AC).<\/em><\/p>\n<p>&nbsp;<\/p>\n<p><strong><em>S\u00e9rgio Barbosa (*)<\/em><\/strong><\/p>\n<p>&nbsp;<\/p>\n<p>O contexto provinciano continua rendendo \u201cbons frutos\u201d para os precaretas, isso \u00e9, uma mistura nada fina de \u201cprec\u00e1rios com picaretas\u201d para dar aquele tom marrom para a m\u00eddia em n\u00edvel REGIOCAL, ou seja, do REGIONAL para o LOCAL&#8230;<\/p>\n<p>Portanto, os dias passam e a mesmice continua a mesma de sempre para leitores, ouvintes e agora, tamb\u00e9m, para os internautas menos desavisados dos desencontros de uma m\u00eddia viciada pelas informa\u00e7\u00f5es de um pseudojornalista tupiniquim em tempo de p\u00f3s-globaliza\u00e7\u00e3o DIGITAL&#8230;<\/p>\n<p>O tempo do tempo determina o conte\u00fado GLOCAL, a saber, do GLOCAL para o LOCAL\u00a0 \u00a0deste ou daquele SITE neste novo conceito midi\u00e1tico para o comunicador provinciano, que por sinal, deita e menos rola com suas palavras complicadas para o simples mortal provinciano&#8230;<\/p>\n<p>A falta de \u00e9tica neste ou naquele ve\u00edculo comunicacional deixa a desejar pelo simples fato de deixar de lado o compromisso com a reflex\u00e3o cr\u00edtica frente aos acontecimentos retratados pela \u00f3tica, ainda, das eternas \u201ctrocas nada simb\u00f3licas\u201d entre emissor e receptor&#8230;<\/p>\n<p>Entretanto, a mensagem utilizada neste caso \u00e9 pelos c\u00f3digos sem a necessidade de um decodificador com credibilidade para traduzir o senso comum de uma inven\u00e7\u00e3o camuflada pela mediocridade do escritor sem a escrita e ponto quase final&#8230;<\/p>\n<p>N\u00e3o se pode mais ficar longe do debate sobre conte\u00fado e texto jornal\u00edstico, assim, cada \u201cprecareta\u201d tende a escrever sem saber o que fazer com as palavras em meio ao senso mais do que comum para o emissor sem mensagem, deixando o outro lado, ou seja, o receptor sem eira e muito menos beira para uma reflex\u00e3o al\u00e9m da prov\u00edncia do faz de conta&#8230;<\/p>\n<p>O contexto REGIOCAL pouco acrescenta neste meio sem mensagem decodificada, desta forma, predominam e determinam os v\u00edcios de uma mesma moeda de troca para as m\u00eddias em geral&#8230;<\/p>\n<p>A sistem\u00e1tica utilizada pelos donos de uma mesma m\u00eddia provinciana det\u00e9m o monop\u00f3lio do falso poder sobre pessoas e institui\u00e7\u00f5es, criando falsos monstros sem o criador para determinar a dire\u00e7\u00e3o a ser tomada pela massa sem ideias, bem como, em uma armadilha preparada pelo coronel sem patente militar&#8230;<\/p>\n<p>Portanto, tudo pode acontecer de uma hora para outra, deixando de lado, as perguntas sem respostas, \u00e0s exclama\u00e7\u00f5es clamando pelas interroga\u00e7\u00f5es de uma an\u00e1lise sintaxe prec\u00e1ria para os picaretas de sempre, quando muito, aqueles que um dia estiveram do outro lado, por\u00e9m, hoje, andam pelas ruelas de uma PROV\u00cdNCIA DO FAZ DE CONTA sem identidade em tempo de GEST\u00c3O PINOQUIANA,,.<\/p>\n<p>A noite chega numa madrugada sem fim, deixando as nuvens carregadas pela escurid\u00e3o patenteada pelo inventor sem inven\u00e7\u00e3o, neste caso, tudo pode acontecer e deixar um rastro para um caminhante sem caminho&#8230;<\/p>\n<p>QUEM SOBREVIVER VAI SABER&#8230;<\/p>\n<p><strong><em>_________________________________________<\/em><\/strong><\/p>\n<p><strong><em>(*) Jornalista profissional diplomado (MTb No. 16.772\/SP).<\/em><\/strong><\/p>\n<p><strong><em>e-mail: <a href=\"mailto:barbosa.sebar@gmail.com\">barbosa.sebar@gmail.com<\/a><\/em><\/strong><\/p>\n<p><em>\u00a0<\/em><\/p>\n","protected":false},"excerpt":{"rendered":"<p>&nbsp; \u00a0\u201cMe arrependo de coisas que disse, mas jamais do meu sil\u00eancio\u201d (Xenocrates \u2013 300 AC). &nbsp; S\u00e9rgio Barbosa (*) &nbsp; O contexto provinciano continua rendendo \u201cbons frutos\u201d para os precaretas, isso \u00e9, uma mistura nada fina de \u201cprec\u00e1rios com picaretas\u201d para dar aquele tom marrom para a m\u00eddia em n\u00edvel REGIOCAL, ou seja, do [&hellip;]<\/p>\n","protected":false},"author":13,"featured_media":51988,"comment_status":"closed","ping_status":"open","sticky":false,"template":"","format":"standard","meta":{"_acf_changed":false,"_exactmetrics_skip_tracking":false,"_exactmetrics_sitenote_active":false,"_exactmetrics_sitenote_note":"","_exactmetrics_sitenote_category":0,"footnotes":""},"categories":[59],"tags":[],"class_list":["post-75779","post","type-post","status-publish","format-standard","has-post-thumbnail","hentry","category-opiniao"],"acf":[],"yoast_head":"<!-- This site is optimized with the Yoast SEO plugin v27.2 - https:\/\/yoast.com\/product\/yoast-seo-wordpress\/ -->\n<title>M\u00cdDIA PROVINCIANA NA RODA DA FORTUNA E PONTO QUASE FINAL... - R\u00e1dio Life FM<\/title>\n<meta name=\"robots\" content=\"index, follow, max-snippet:-1, max-image-preview:large, max-video-preview:-1\" \/>\n<link rel=\"canonical\" href=\"https:\/\/radiolifefm.com.br\/noticias\/midia-provinciana-na-roda-da-fortuna-e-ponto-quase-final\/\" \/>\n<meta property=\"og:locale\" content=\"pt_BR\" \/>\n<meta property=\"og:type\" content=\"article\" \/>\n<meta property=\"og:title\" content=\"M\u00cdDIA PROVINCIANA NA RODA DA FORTUNA E PONTO QUASE FINAL... - R\u00e1dio Life FM\" \/>\n<meta property=\"og:description\" content=\"&nbsp; \u00a0\u201cMe arrependo de coisas que disse, mas jamais do meu sil\u00eancio\u201d (Xenocrates \u2013 300 AC). &nbsp; S\u00e9rgio Barbosa (*) &nbsp; O contexto provinciano continua rendendo \u201cbons frutos\u201d para os precaretas, isso \u00e9, uma mistura nada fina de \u201cprec\u00e1rios com picaretas\u201d para dar aquele tom marrom para a m\u00eddia em n\u00edvel REGIOCAL, ou seja, do [&hellip;]\" \/>\n<meta property=\"og:url\" content=\"https:\/\/radiolifefm.com.br\/noticias\/midia-provinciana-na-roda-da-fortuna-e-ponto-quase-final\/\" \/>\n<meta property=\"og:site_name\" content=\"R\u00e1dio Life FM\" \/>\n<meta property=\"article:publisher\" content=\"https:\/\/www.facebook.com\/radiolifefm\/\" \/>\n<meta property=\"article:published_time\" content=\"2023-09-01T11:35:37+00:00\" \/>\n<meta property=\"article:modified_time\" content=\"2025-10-07T05:08:31+00:00\" \/>\n<meta property=\"og:image\" content=\"https:\/\/static.radiolifefm.com.br\/noticias\/wp-content\/uploads\/2022\/04\/WhatsApp-Image-2022-04-10-at-18.43.02.jpeg\" \/>\n\t<meta property=\"og:image:width\" content=\"972\" \/>\n\t<meta property=\"og:image:height\" content=\"1296\" \/>\n\t<meta property=\"og:image:type\" content=\"image\/jpeg\" \/>\n<meta name=\"author\" content=\"ritanery\" \/>\n<meta name=\"twitter:card\" content=\"summary_large_image\" \/>\n<meta name=\"twitter:label1\" content=\"Escrito por\" \/>\n\t<meta name=\"twitter:data1\" content=\"ritanery\" \/>\n\t<meta name=\"twitter:label2\" content=\"Est. tempo de leitura\" \/>\n\t<meta name=\"twitter:data2\" content=\"3 minutos\" \/>\n<script type=\"application\/ld+json\" class=\"yoast-schema-graph\">{\"@context\":\"https:\/\/schema.org\",\"@graph\":[{\"@type\":\"Article\",\"@id\":\"https:\/\/radiolifefm.com.br\/noticias\/midia-provinciana-na-roda-da-fortuna-e-ponto-quase-final\/#article\",\"isPartOf\":{\"@id\":\"https:\/\/radiolifefm.com.br\/noticias\/midia-provinciana-na-roda-da-fortuna-e-ponto-quase-final\/\"},\"author\":{\"name\":\"ritanery\",\"@id\":\"https:\/\/radiolifefm.com.br\/noticias\/#\/schema\/person\/6339b9fac59d12b071dec680d7375d87\"},\"headline\":\"M\u00cdDIA PROVINCIANA NA RODA DA FORTUNA E PONTO QUASE FINAL&#8230;\",\"datePublished\":\"2023-09-01T11:35:37+00:00\",\"dateModified\":\"2025-10-07T05:08:31+00:00\",\"mainEntityOfPage\":{\"@id\":\"https:\/\/radiolifefm.com.br\/noticias\/midia-provinciana-na-roda-da-fortuna-e-ponto-quase-final\/\"},\"wordCount\":514,\"publisher\":{\"@id\":\"https:\/\/radiolifefm.com.br\/noticias\/#organization\"},\"image\":{\"@id\":\"https:\/\/radiolifefm.com.br\/noticias\/midia-provinciana-na-roda-da-fortuna-e-ponto-quase-final\/#primaryimage\"},\"thumbnailUrl\":\"https:\/\/radiolifefm.com.br\/noticias\/wp-content\/uploads\/2022\/04\/WhatsApp-Image-2022-04-10-at-18.43.02.jpeg\",\"articleSection\":[\"Opini\u00e3o\"],\"inLanguage\":\"pt-BR\"},{\"@type\":\"WebPage\",\"@id\":\"https:\/\/radiolifefm.com.br\/noticias\/midia-provinciana-na-roda-da-fortuna-e-ponto-quase-final\/\",\"url\":\"https:\/\/radiolifefm.com.br\/noticias\/midia-provinciana-na-roda-da-fortuna-e-ponto-quase-final\/\",\"name\":\"M\u00cdDIA PROVINCIANA NA RODA DA FORTUNA E PONTO QUASE FINAL... - R\u00e1dio Life FM\",\"isPartOf\":{\"@id\":\"https:\/\/radiolifefm.com.br\/noticias\/#website\"},\"primaryImageOfPage\":{\"@id\":\"https:\/\/radiolifefm.com.br\/noticias\/midia-provinciana-na-roda-da-fortuna-e-ponto-quase-final\/#primaryimage\"},\"image\":{\"@id\":\"https:\/\/radiolifefm.com.br\/noticias\/midia-provinciana-na-roda-da-fortuna-e-ponto-quase-final\/#primaryimage\"},\"thumbnailUrl\":\"https:\/\/radiolifefm.com.br\/noticias\/wp-content\/uploads\/2022\/04\/WhatsApp-Image-2022-04-10-at-18.43.02.jpeg\",\"datePublished\":\"2023-09-01T11:35:37+00:00\",\"dateModified\":\"2025-10-07T05:08:31+00:00\",\"breadcrumb\":{\"@id\":\"https:\/\/radiolifefm.com.br\/noticias\/midia-provinciana-na-roda-da-fortuna-e-ponto-quase-final\/#breadcrumb\"},\"inLanguage\":\"pt-BR\",\"potentialAction\":[{\"@type\":\"ReadAction\",\"target\":[\"https:\/\/radiolifefm.com.br\/noticias\/midia-provinciana-na-roda-da-fortuna-e-ponto-quase-final\/\"]}]},{\"@type\":\"ImageObject\",\"inLanguage\":\"pt-BR\",\"@id\":\"https:\/\/radiolifefm.com.br\/noticias\/midia-provinciana-na-roda-da-fortuna-e-ponto-quase-final\/#primaryimage\",\"url\":\"https:\/\/radiolifefm.com.br\/noticias\/wp-content\/uploads\/2022\/04\/WhatsApp-Image-2022-04-10-at-18.43.02.jpeg\",\"contentUrl\":\"https:\/\/radiolifefm.com.br\/noticias\/wp-content\/uploads\/2022\/04\/WhatsApp-Image-2022-04-10-at-18.43.02.jpeg\",\"width\":972,\"height\":1296,\"caption\":\"S\u00e9rgio Barbosa\"},{\"@type\":\"BreadcrumbList\",\"@id\":\"https:\/\/radiolifefm.com.br\/noticias\/midia-provinciana-na-roda-da-fortuna-e-ponto-quase-final\/#breadcrumb\",\"itemListElement\":[{\"@type\":\"ListItem\",\"position\":1,\"name\":\"In\u00edcio\",\"item\":\"https:\/\/radiolifefm.com.br\/noticias\/\"},{\"@type\":\"ListItem\",\"position\":2,\"name\":\"M\u00cdDIA PROVINCIANA NA RODA DA FORTUNA E PONTO QUASE FINAL&#8230;\"}]},{\"@type\":\"WebSite\",\"@id\":\"https:\/\/radiolifefm.com.br\/noticias\/#website\",\"url\":\"https:\/\/radiolifefm.com.br\/noticias\/\",\"name\":\"R\u00e1dio Life FM\",\"description\":\"O Portal de Not\u00edcias de Adamantina\",\"publisher\":{\"@id\":\"https:\/\/radiolifefm.com.br\/noticias\/#organization\"},\"alternateName\":\"Life FM\",\"potentialAction\":[{\"@type\":\"SearchAction\",\"target\":{\"@type\":\"EntryPoint\",\"urlTemplate\":\"https:\/\/radiolifefm.com.br\/noticias\/?s={search_term_string}\"},\"query-input\":{\"@type\":\"PropertyValueSpecification\",\"valueRequired\":true,\"valueName\":\"search_term_string\"}}],\"inLanguage\":\"pt-BR\"},{\"@type\":\"Organization\",\"@id\":\"https:\/\/radiolifefm.com.br\/noticias\/#organization\",\"name\":\"R\u00e1dio Life FM\",\"alternateName\":\"Life FM\",\"url\":\"https:\/\/radiolifefm.com.br\/noticias\/\",\"logo\":{\"@type\":\"ImageObject\",\"inLanguage\":\"pt-BR\",\"@id\":\"https:\/\/radiolifefm.com.br\/noticias\/#\/schema\/logo\/image\/\",\"url\":\"https:\/\/static.radiolifefm.com.br\/noticias\/wp-content\/uploads\/2019\/10\/logo-lifefm.png\",\"contentUrl\":\"https:\/\/static.radiolifefm.com.br\/noticias\/wp-content\/uploads\/2019\/10\/logo-lifefm.png\",\"width\":196,\"height\":47,\"caption\":\"R\u00e1dio Life FM\"},\"image\":{\"@id\":\"https:\/\/radiolifefm.com.br\/noticias\/#\/schema\/logo\/image\/\"},\"sameAs\":[\"https:\/\/www.facebook.com\/radiolifefm\/\",\"https:\/\/www.instagram.com\/life1079fm\/\"]},{\"@type\":\"Person\",\"@id\":\"https:\/\/radiolifefm.com.br\/noticias\/#\/schema\/person\/6339b9fac59d12b071dec680d7375d87\",\"name\":\"ritanery\",\"image\":{\"@type\":\"ImageObject\",\"inLanguage\":\"pt-BR\",\"@id\":\"https:\/\/secure.gravatar.com\/avatar\/0e37bb19071f47c0b8a23f62a903df117c5a0e75f65a0c2901562f97cd41cf86?s=96&d=mm&r=g\",\"url\":\"https:\/\/secure.gravatar.com\/avatar\/0e37bb19071f47c0b8a23f62a903df117c5a0e75f65a0c2901562f97cd41cf86?s=96&d=mm&r=g\",\"contentUrl\":\"https:\/\/secure.gravatar.com\/avatar\/0e37bb19071f47c0b8a23f62a903df117c5a0e75f65a0c2901562f97cd41cf86?s=96&d=mm&r=g\",\"caption\":\"ritanery\"}}]}<\/script>\n<!-- \/ Yoast SEO plugin. -->","yoast_head_json":{"title":"M\u00cdDIA PROVINCIANA NA RODA DA FORTUNA E PONTO QUASE FINAL... - R\u00e1dio Life FM","robots":{"index":"index","follow":"follow","max-snippet":"max-snippet:-1","max-image-preview":"max-image-preview:large","max-video-preview":"max-video-preview:-1"},"canonical":"https:\/\/radiolifefm.com.br\/noticias\/midia-provinciana-na-roda-da-fortuna-e-ponto-quase-final\/","og_locale":"pt_BR","og_type":"article","og_title":"M\u00cdDIA PROVINCIANA NA RODA DA FORTUNA E PONTO QUASE FINAL... - R\u00e1dio Life FM","og_description":"&nbsp; \u00a0\u201cMe arrependo de coisas que disse, mas jamais do meu sil\u00eancio\u201d (Xenocrates \u2013 300 AC). &nbsp; S\u00e9rgio Barbosa (*) &nbsp; O contexto provinciano continua rendendo \u201cbons frutos\u201d para os precaretas, isso \u00e9, uma mistura nada fina de \u201cprec\u00e1rios com picaretas\u201d para dar aquele tom marrom para a m\u00eddia em n\u00edvel REGIOCAL, ou seja, do [&hellip;]","og_url":"https:\/\/radiolifefm.com.br\/noticias\/midia-provinciana-na-roda-da-fortuna-e-ponto-quase-final\/","og_site_name":"R\u00e1dio Life FM","article_publisher":"https:\/\/www.facebook.com\/radiolifefm\/","article_published_time":"2023-09-01T11:35:37+00:00","article_modified_time":"2025-10-07T05:08:31+00:00","og_image":[{"width":972,"height":1296,"url":"https:\/\/static.radiolifefm.com.br\/noticias\/wp-content\/uploads\/2022\/04\/WhatsApp-Image-2022-04-10-at-18.43.02.jpeg","type":"image\/jpeg"}],"author":"ritanery","twitter_card":"summary_large_image","twitter_misc":{"Escrito por":"ritanery","Est. tempo de leitura":"3 minutos"},"schema":{"@context":"https:\/\/schema.org","@graph":[{"@type":"Article","@id":"https:\/\/radiolifefm.com.br\/noticias\/midia-provinciana-na-roda-da-fortuna-e-ponto-quase-final\/#article","isPartOf":{"@id":"https:\/\/radiolifefm.com.br\/noticias\/midia-provinciana-na-roda-da-fortuna-e-ponto-quase-final\/"},"author":{"name":"ritanery","@id":"https:\/\/radiolifefm.com.br\/noticias\/#\/schema\/person\/6339b9fac59d12b071dec680d7375d87"},"headline":"M\u00cdDIA PROVINCIANA NA RODA DA FORTUNA E PONTO QUASE FINAL&#8230;","datePublished":"2023-09-01T11:35:37+00:00","dateModified":"2025-10-07T05:08:31+00:00","mainEntityOfPage":{"@id":"https:\/\/radiolifefm.com.br\/noticias\/midia-provinciana-na-roda-da-fortuna-e-ponto-quase-final\/"},"wordCount":514,"publisher":{"@id":"https:\/\/radiolifefm.com.br\/noticias\/#organization"},"image":{"@id":"https:\/\/radiolifefm.com.br\/noticias\/midia-provinciana-na-roda-da-fortuna-e-ponto-quase-final\/#primaryimage"},"thumbnailUrl":"https:\/\/radiolifefm.com.br\/noticias\/wp-content\/uploads\/2022\/04\/WhatsApp-Image-2022-04-10-at-18.43.02.jpeg","articleSection":["Opini\u00e3o"],"inLanguage":"pt-BR"},{"@type":"WebPage","@id":"https:\/\/radiolifefm.com.br\/noticias\/midia-provinciana-na-roda-da-fortuna-e-ponto-quase-final\/","url":"https:\/\/radiolifefm.com.br\/noticias\/midia-provinciana-na-roda-da-fortuna-e-ponto-quase-final\/","name":"M\u00cdDIA PROVINCIANA NA RODA DA FORTUNA E PONTO QUASE FINAL... - R\u00e1dio Life FM","isPartOf":{"@id":"https:\/\/radiolifefm.com.br\/noticias\/#website"},"primaryImageOfPage":{"@id":"https:\/\/radiolifefm.com.br\/noticias\/midia-provinciana-na-roda-da-fortuna-e-ponto-quase-final\/#primaryimage"},"image":{"@id":"https:\/\/radiolifefm.com.br\/noticias\/midia-provinciana-na-roda-da-fortuna-e-ponto-quase-final\/#primaryimage"},"thumbnailUrl":"https:\/\/radiolifefm.com.br\/noticias\/wp-content\/uploads\/2022\/04\/WhatsApp-Image-2022-04-10-at-18.43.02.jpeg","datePublished":"2023-09-01T11:35:37+00:00","dateModified":"2025-10-07T05:08:31+00:00","breadcrumb":{"@id":"https:\/\/radiolifefm.com.br\/noticias\/midia-provinciana-na-roda-da-fortuna-e-ponto-quase-final\/#breadcrumb"},"inLanguage":"pt-BR","potentialAction":[{"@type":"ReadAction","target":["https:\/\/radiolifefm.com.br\/noticias\/midia-provinciana-na-roda-da-fortuna-e-ponto-quase-final\/"]}]},{"@type":"ImageObject","inLanguage":"pt-BR","@id":"https:\/\/radiolifefm.com.br\/noticias\/midia-provinciana-na-roda-da-fortuna-e-ponto-quase-final\/#primaryimage","url":"https:\/\/radiolifefm.com.br\/noticias\/wp-content\/uploads\/2022\/04\/WhatsApp-Image-2022-04-10-at-18.43.02.jpeg","contentUrl":"https:\/\/radiolifefm.com.br\/noticias\/wp-content\/uploads\/2022\/04\/WhatsApp-Image-2022-04-10-at-18.43.02.jpeg","width":972,"height":1296,"caption":"S\u00e9rgio Barbosa"},{"@type":"BreadcrumbList","@id":"https:\/\/radiolifefm.com.br\/noticias\/midia-provinciana-na-roda-da-fortuna-e-ponto-quase-final\/#breadcrumb","itemListElement":[{"@type":"ListItem","position":1,"name":"In\u00edcio","item":"https:\/\/radiolifefm.com.br\/noticias\/"},{"@type":"ListItem","position":2,"name":"M\u00cdDIA PROVINCIANA NA RODA DA FORTUNA E PONTO QUASE FINAL&#8230;"}]},{"@type":"WebSite","@id":"https:\/\/radiolifefm.com.br\/noticias\/#website","url":"https:\/\/radiolifefm.com.br\/noticias\/","name":"R\u00e1dio Life FM","description":"O Portal de Not\u00edcias de Adamantina","publisher":{"@id":"https:\/\/radiolifefm.com.br\/noticias\/#organization"},"alternateName":"Life FM","potentialAction":[{"@type":"SearchAction","target":{"@type":"EntryPoint","urlTemplate":"https:\/\/radiolifefm.com.br\/noticias\/?s={search_term_string}"},"query-input":{"@type":"PropertyValueSpecification","valueRequired":true,"valueName":"search_term_string"}}],"inLanguage":"pt-BR"},{"@type":"Organization","@id":"https:\/\/radiolifefm.com.br\/noticias\/#organization","name":"R\u00e1dio Life FM","alternateName":"Life FM","url":"https:\/\/radiolifefm.com.br\/noticias\/","logo":{"@type":"ImageObject","inLanguage":"pt-BR","@id":"https:\/\/radiolifefm.com.br\/noticias\/#\/schema\/logo\/image\/","url":"https:\/\/static.radiolifefm.com.br\/noticias\/wp-content\/uploads\/2019\/10\/logo-lifefm.png","contentUrl":"https:\/\/static.radiolifefm.com.br\/noticias\/wp-content\/uploads\/2019\/10\/logo-lifefm.png","width":196,"height":47,"caption":"R\u00e1dio Life FM"},"image":{"@id":"https:\/\/radiolifefm.com.br\/noticias\/#\/schema\/logo\/image\/"},"sameAs":["https:\/\/www.facebook.com\/radiolifefm\/","https:\/\/www.instagram.com\/life1079fm\/"]},{"@type":"Person","@id":"https:\/\/radiolifefm.com.br\/noticias\/#\/schema\/person\/6339b9fac59d12b071dec680d7375d87","name":"ritanery","image":{"@type":"ImageObject","inLanguage":"pt-BR","@id":"https:\/\/secure.gravatar.com\/avatar\/0e37bb19071f47c0b8a23f62a903df117c5a0e75f65a0c2901562f97cd41cf86?s=96&d=mm&r=g","url":"https:\/\/secure.gravatar.com\/avatar\/0e37bb19071f47c0b8a23f62a903df117c5a0e75f65a0c2901562f97cd41cf86?s=96&d=mm&r=g","contentUrl":"https:\/\/secure.gravatar.com\/avatar\/0e37bb19071f47c0b8a23f62a903df117c5a0e75f65a0c2901562f97cd41cf86?s=96&d=mm&r=g","caption":"ritanery"}}]}},"amp_enabled":true,"_links":{"self":[{"href":"https:\/\/radiolifefm.com.br\/noticias\/wp-json\/wp\/v2\/posts\/75779","targetHints":{"allow":["GET"]}}],"collection":[{"href":"https:\/\/radiolifefm.com.br\/noticias\/wp-json\/wp\/v2\/posts"}],"about":[{"href":"https:\/\/radiolifefm.com.br\/noticias\/wp-json\/wp\/v2\/types\/post"}],"author":[{"embeddable":true,"href":"https:\/\/radiolifefm.com.br\/noticias\/wp-json\/wp\/v2\/users\/13"}],"replies":[{"embeddable":true,"href":"https:\/\/radiolifefm.com.br\/noticias\/wp-json\/wp\/v2\/comments?post=75779"}],"version-history":[{"count":1,"href":"https:\/\/radiolifefm.com.br\/noticias\/wp-json\/wp\/v2\/posts\/75779\/revisions"}],"predecessor-version":[{"id":75780,"href":"https:\/\/radiolifefm.com.br\/noticias\/wp-json\/wp\/v2\/posts\/75779\/revisions\/75780"}],"wp:featuredmedia":[{"embeddable":true,"href":"https:\/\/radiolifefm.com.br\/noticias\/wp-json\/wp\/v2\/media\/51988"}],"wp:attachment":[{"href":"https:\/\/radiolifefm.com.br\/noticias\/wp-json\/wp\/v2\/media?parent=75779"}],"wp:term":[{"taxonomy":"category","embeddable":true,"href":"https:\/\/radiolifefm.com.br\/noticias\/wp-json\/wp\/v2\/categories?post=75779"},{"taxonomy":"post_tag","embeddable":true,"href":"https:\/\/radiolifefm.com.br\/noticias\/wp-json\/wp\/v2\/tags?post=75779"}],"curies":[{"name":"wp","href":"https:\/\/api.w.org\/{rel}","templated":true}]}}