{"id":75666,"date":"2023-08-29T14:54:03","date_gmt":"2023-08-29T17:54:03","guid":{"rendered":"https:\/\/radiolifefm.com.br\/noticias\/?p=75666"},"modified":"2026-04-16T17:36:07","modified_gmt":"2026-04-16T20:36:07","slug":"psicologa-vanessa-lheti-analisa-o-caso-larissa-manoela","status":"publish","type":"post","link":"https:\/\/radiolifefm.com.br\/noticias\/psicologa-vanessa-lheti-analisa-o-caso-larissa-manoela\/","title":{"rendered":"Psic\u00f3loga Vanessa Lheti analisa o caso Larissa Manoela"},"content":{"rendered":"<div id=\"fb-root\"><\/div>\n<p><span style=\"font-weight: 400\">A repercuss\u00e3o do caso Larissa Manoela motivou a psic\u00f3loga Vanessa Lheti a fazer uma an\u00e1lise com a vis\u00e3o psicol\u00f3gica.<\/span><\/p>\n<p>&nbsp;<\/p>\n<p><span style=\"font-weight: 400\">\u00a0Ao decorrer do programa Vanessa explica a respeito do comportamento humano, durante a fase de transi\u00e7\u00e3o dos jovens para a idade adulta, e as rela\u00e7\u00f5es marcadas por mudan\u00e7as, e como isso consequentemente acaba criando conflitos para toda a fam\u00edlia.<\/span><\/p>\n<p>&nbsp;<\/p>\n<p><span style=\"font-weight: 400\">\u00a0Em casos em que as rela\u00e7\u00f5es familiares s\u00e3o disfuncionais, jovens adultos podem apresentar problemas de enfrentamento n\u00e3o saud\u00e1veis em busca de auto afirma\u00e7\u00e3o.\u00a0\u00a0\u00a0\u00a0<\/span><\/p>\n<p>&nbsp;<\/p>\n<p><span style=\"font-weight: 400\">\u00a0Ainda utilizando o exemplo da atriz Larissa Manoela, que levou o caso a p\u00fablico evidencia que a fam\u00edlia n\u00e3o soube lidar com as mudan\u00e7as de fases e a realidade.<\/span><\/p>\n<p><span style=\"font-weight: 400\">\u00a0<\/span><\/p>\n<p><span style=\"font-weight: 400\">\u00a0Para assistir a entrevista completa acesse o link abaixo:\u00a0<\/span><\/p>\n<div class='flex flex-wrap items-center -mx-1'>\r\n<a class='thumbnail gallery p-1 w-1\/2 md:w-1\/4' href='https:\/\/radiolifefm.com.br\/noticias\/wp-content\/uploads\/2023\/08\/db357b99-f86f-4402-a5cc-00328a944142-3.jpg'><img class='border border-white' src='https:\/\/radiolifefm.com.br\/noticias\/wp-content\/uploads\/2023\/08\/db357b99-f86f-4402-a5cc-00328a944142-3-200x200.jpg' alt='Db357b99 F86f 4402 A5cc 00328a944142' \/><\/a><a class='thumbnail gallery p-1 w-1\/2 md:w-1\/4' href='https:\/\/radiolifefm.com.br\/noticias\/wp-content\/uploads\/2023\/08\/5f81180c-a609-461d-b67d-aac4801e94e3-1.jpg'><img class='border border-white' src='https:\/\/radiolifefm.com.br\/noticias\/wp-content\/uploads\/2023\/08\/5f81180c-a609-461d-b67d-aac4801e94e3-1-200x200.jpg' alt='5f81180c A609 461d B67d Aac4801e94e3' \/><\/a><\/div>\n<p>&nbsp;<\/p>\n<div class='flex flex-wrap items-center -mx-1'>\r\n<a class='thumbnail gallery p-1 w-1\/2 md:w-1\/4' href='https:\/\/radiolifefm.com.br\/noticias\/wp-content\/uploads\/2023\/08\/6ac3528a-a8e5-4f6b-8e5b-0572ed56320c.jpg'><img class='border border-white' src='https:\/\/radiolifefm.com.br\/noticias\/wp-content\/uploads\/2023\/08\/6ac3528a-a8e5-4f6b-8e5b-0572ed56320c-200x200.jpg' alt='6ac3528a A8e5 4f6b 8e5b 0572ed56320c' \/><\/a><a class='thumbnail gallery p-1 w-1\/2 md:w-1\/4' href='https:\/\/radiolifefm.com.br\/noticias\/wp-content\/uploads\/2023\/08\/7e69215d-ce5e-4670-83a3-64875801130a.jpg'><img class='border border-white' src='https:\/\/radiolifefm.com.br\/noticias\/wp-content\/uploads\/2023\/08\/7e69215d-ce5e-4670-83a3-64875801130a-200x200.jpg' alt='7e69215d Ce5e 4670 83a3 64875801130a' \/><\/a><\/div>\n<p><iframe loading=\"lazy\" title=\"29\/08 O Programa Mente Saud\u00e1vel \u00e9 com a Psic\u00f3loga Vanessa Lheti.\" width=\"500\" height=\"281\" src=\"https:\/\/www.youtube.com\/embed\/PV1-Guenxkg?start=741&#038;feature=oembed\" frameborder=\"0\" allow=\"accelerometer; autoplay; clipboard-write; encrypted-media; gyroscope; picture-in-picture; web-share\" referrerpolicy=\"strict-origin-when-cross-origin\" allowfullscreen><\/iframe><\/p>\n<p>&nbsp;<\/p>\n","protected":false},"excerpt":{"rendered":"<p>A repercuss\u00e3o do caso Larissa Manoela motivou a psic\u00f3loga Vanessa Lheti a fazer uma an\u00e1lise com a vis\u00e3o psicol\u00f3gica. &nbsp; \u00a0Ao decorrer do programa Vanessa explica a respeito do comportamento humano, durante a fase de transi\u00e7\u00e3o dos jovens para a idade adulta, e as rela\u00e7\u00f5es marcadas por mudan\u00e7as, e como isso consequentemente acaba criando conflitos [&hellip;]<\/p>\n","protected":false},"author":8,"featured_media":75667,"comment_status":"closed","ping_status":"open","sticky":false,"template":"","format":"standard","meta":{"_acf_changed":false,"_exactmetrics_skip_tracking":false,"_exactmetrics_sitenote_active":false,"_exactmetrics_sitenote_note":"","_exactmetrics_sitenote_category":0,"footnotes":""},"categories":[143],"tags":[],"class_list":["post-75666","post","type-post","status-publish","format-standard","has-post-thumbnail","hentry","category-mente-saudavel"],"acf":[],"yoast_head":"<!-- This site is optimized with the Yoast SEO plugin v27.2 - https:\/\/yoast.com\/product\/yoast-seo-wordpress\/ -->\n<title>Psic\u00f3loga Vanessa Lheti analisa o caso Larissa Manoela - R\u00e1dio Life FM<\/title>\n<meta name=\"robots\" content=\"index, follow, max-snippet:-1, max-image-preview:large, max-video-preview:-1\" \/>\n<link rel=\"canonical\" href=\"https:\/\/radiolifefm.com.br\/noticias\/psicologa-vanessa-lheti-analisa-o-caso-larissa-manoela\/\" \/>\n<meta property=\"og:locale\" content=\"pt_BR\" \/>\n<meta property=\"og:type\" content=\"article\" \/>\n<meta property=\"og:title\" content=\"Psic\u00f3loga Vanessa Lheti analisa o caso Larissa Manoela - R\u00e1dio Life FM\" \/>\n<meta property=\"og:description\" content=\"A repercuss\u00e3o do caso Larissa Manoela motivou a psic\u00f3loga Vanessa Lheti a fazer uma an\u00e1lise com a vis\u00e3o psicol\u00f3gica. &nbsp; \u00a0Ao decorrer do programa Vanessa explica a respeito do comportamento humano, durante a fase de transi\u00e7\u00e3o dos jovens para a idade adulta, e as rela\u00e7\u00f5es marcadas por mudan\u00e7as, e como isso consequentemente acaba criando conflitos [&hellip;]\" \/>\n<meta property=\"og:url\" content=\"https:\/\/radiolifefm.com.br\/noticias\/psicologa-vanessa-lheti-analisa-o-caso-larissa-manoela\/\" \/>\n<meta property=\"og:site_name\" content=\"R\u00e1dio Life FM\" \/>\n<meta property=\"article:publisher\" content=\"https:\/\/www.facebook.com\/radiolifefm\/\" \/>\n<meta property=\"article:published_time\" content=\"2023-08-29T17:54:03+00:00\" \/>\n<meta property=\"article:modified_time\" content=\"2026-04-16T20:36:07+00:00\" \/>\n<meta property=\"og:image\" content=\"https:\/\/radiolifefm.com.br\/noticias\/wp-content\/uploads\/2023\/08\/7bb0fcc2-e19c-4106-80d1-9ac2fd1025a0.jpg\" \/>\n\t<meta property=\"og:image:width\" content=\"1024\" \/>\n\t<meta property=\"og:image:height\" content=\"768\" \/>\n\t<meta property=\"og:image:type\" content=\"image\/jpeg\" \/>\n<meta name=\"author\" content=\"joaograndao\" \/>\n<meta name=\"twitter:card\" content=\"summary_large_image\" \/>\n<meta name=\"twitter:label1\" content=\"Escrito por\" \/>\n\t<meta name=\"twitter:data1\" content=\"joaograndao\" \/>\n\t<meta name=\"twitter:label2\" content=\"Est. tempo de leitura\" \/>\n\t<meta name=\"twitter:data2\" content=\"1 minuto\" \/>\n<script type=\"application\/ld+json\" class=\"yoast-schema-graph\">{\"@context\":\"https:\/\/schema.org\",\"@graph\":[{\"@type\":\"Article\",\"@id\":\"https:\/\/radiolifefm.com.br\/noticias\/psicologa-vanessa-lheti-analisa-o-caso-larissa-manoela\/#article\",\"isPartOf\":{\"@id\":\"https:\/\/radiolifefm.com.br\/noticias\/psicologa-vanessa-lheti-analisa-o-caso-larissa-manoela\/\"},\"author\":{\"name\":\"joaograndao\",\"@id\":\"https:\/\/radiolifefm.com.br\/noticias\/#\/schema\/person\/6876e1240feffe6e1b63fd5cb85abf28\"},\"headline\":\"Psic\u00f3loga Vanessa Lheti analisa o caso Larissa Manoela\",\"datePublished\":\"2023-08-29T17:54:03+00:00\",\"dateModified\":\"2026-04-16T20:36:07+00:00\",\"mainEntityOfPage\":{\"@id\":\"https:\/\/radiolifefm.com.br\/noticias\/psicologa-vanessa-lheti-analisa-o-caso-larissa-manoela\/\"},\"wordCount\":170,\"publisher\":{\"@id\":\"https:\/\/radiolifefm.com.br\/noticias\/#organization\"},\"image\":{\"@id\":\"https:\/\/radiolifefm.com.br\/noticias\/psicologa-vanessa-lheti-analisa-o-caso-larissa-manoela\/#primaryimage\"},\"thumbnailUrl\":\"https:\/\/radiolifefm.com.br\/noticias\/wp-content\/uploads\/2023\/08\/7bb0fcc2-e19c-4106-80d1-9ac2fd1025a0.jpg\",\"articleSection\":[\"Mente Saudavel\"],\"inLanguage\":\"pt-BR\"},{\"@type\":\"WebPage\",\"@id\":\"https:\/\/radiolifefm.com.br\/noticias\/psicologa-vanessa-lheti-analisa-o-caso-larissa-manoela\/\",\"url\":\"https:\/\/radiolifefm.com.br\/noticias\/psicologa-vanessa-lheti-analisa-o-caso-larissa-manoela\/\",\"name\":\"Psic\u00f3loga Vanessa Lheti analisa o caso Larissa Manoela - R\u00e1dio Life FM\",\"isPartOf\":{\"@id\":\"https:\/\/radiolifefm.com.br\/noticias\/#website\"},\"primaryImageOfPage\":{\"@id\":\"https:\/\/radiolifefm.com.br\/noticias\/psicologa-vanessa-lheti-analisa-o-caso-larissa-manoela\/#primaryimage\"},\"image\":{\"@id\":\"https:\/\/radiolifefm.com.br\/noticias\/psicologa-vanessa-lheti-analisa-o-caso-larissa-manoela\/#primaryimage\"},\"thumbnailUrl\":\"https:\/\/radiolifefm.com.br\/noticias\/wp-content\/uploads\/2023\/08\/7bb0fcc2-e19c-4106-80d1-9ac2fd1025a0.jpg\",\"datePublished\":\"2023-08-29T17:54:03+00:00\",\"dateModified\":\"2026-04-16T20:36:07+00:00\",\"breadcrumb\":{\"@id\":\"https:\/\/radiolifefm.com.br\/noticias\/psicologa-vanessa-lheti-analisa-o-caso-larissa-manoela\/#breadcrumb\"},\"inLanguage\":\"pt-BR\",\"potentialAction\":[{\"@type\":\"ReadAction\",\"target\":[\"https:\/\/radiolifefm.com.br\/noticias\/psicologa-vanessa-lheti-analisa-o-caso-larissa-manoela\/\"]}]},{\"@type\":\"ImageObject\",\"inLanguage\":\"pt-BR\",\"@id\":\"https:\/\/radiolifefm.com.br\/noticias\/psicologa-vanessa-lheti-analisa-o-caso-larissa-manoela\/#primaryimage\",\"url\":\"https:\/\/radiolifefm.com.br\/noticias\/wp-content\/uploads\/2023\/08\/7bb0fcc2-e19c-4106-80d1-9ac2fd1025a0.jpg\",\"contentUrl\":\"https:\/\/radiolifefm.com.br\/noticias\/wp-content\/uploads\/2023\/08\/7bb0fcc2-e19c-4106-80d1-9ac2fd1025a0.jpg\",\"width\":1024,\"height\":768},{\"@type\":\"BreadcrumbList\",\"@id\":\"https:\/\/radiolifefm.com.br\/noticias\/psicologa-vanessa-lheti-analisa-o-caso-larissa-manoela\/#breadcrumb\",\"itemListElement\":[{\"@type\":\"ListItem\",\"position\":1,\"name\":\"In\u00edcio\",\"item\":\"https:\/\/radiolifefm.com.br\/noticias\/\"},{\"@type\":\"ListItem\",\"position\":2,\"name\":\"Psic\u00f3loga Vanessa Lheti analisa o caso Larissa Manoela\"}]},{\"@type\":\"WebSite\",\"@id\":\"https:\/\/radiolifefm.com.br\/noticias\/#website\",\"url\":\"https:\/\/radiolifefm.com.br\/noticias\/\",\"name\":\"R\u00e1dio Life FM\",\"description\":\"O Portal de Not\u00edcias de Adamantina\",\"publisher\":{\"@id\":\"https:\/\/radiolifefm.com.br\/noticias\/#organization\"},\"alternateName\":\"Life FM\",\"potentialAction\":[{\"@type\":\"SearchAction\",\"target\":{\"@type\":\"EntryPoint\",\"urlTemplate\":\"https:\/\/radiolifefm.com.br\/noticias\/?s={search_term_string}\"},\"query-input\":{\"@type\":\"PropertyValueSpecification\",\"valueRequired\":true,\"valueName\":\"search_term_string\"}}],\"inLanguage\":\"pt-BR\"},{\"@type\":\"Organization\",\"@id\":\"https:\/\/radiolifefm.com.br\/noticias\/#organization\",\"name\":\"R\u00e1dio Life FM\",\"alternateName\":\"Life FM\",\"url\":\"https:\/\/radiolifefm.com.br\/noticias\/\",\"logo\":{\"@type\":\"ImageObject\",\"inLanguage\":\"pt-BR\",\"@id\":\"https:\/\/radiolifefm.com.br\/noticias\/#\/schema\/logo\/image\/\",\"url\":\"https:\/\/static.radiolifefm.com.br\/noticias\/wp-content\/uploads\/2019\/10\/logo-lifefm.png\",\"contentUrl\":\"https:\/\/static.radiolifefm.com.br\/noticias\/wp-content\/uploads\/2019\/10\/logo-lifefm.png\",\"width\":196,\"height\":47,\"caption\":\"R\u00e1dio Life FM\"},\"image\":{\"@id\":\"https:\/\/radiolifefm.com.br\/noticias\/#\/schema\/logo\/image\/\"},\"sameAs\":[\"https:\/\/www.facebook.com\/radiolifefm\/\",\"https:\/\/www.instagram.com\/life1079fm\/\"]},{\"@type\":\"Person\",\"@id\":\"https:\/\/radiolifefm.com.br\/noticias\/#\/schema\/person\/6876e1240feffe6e1b63fd5cb85abf28\",\"name\":\"joaograndao\",\"image\":{\"@type\":\"ImageObject\",\"inLanguage\":\"pt-BR\",\"@id\":\"https:\/\/secure.gravatar.com\/avatar\/d5b1a3cf357ed9c50404e256a1294083aa8ab5d2a994001567302786016cb32c?s=96&d=mm&r=g\",\"url\":\"https:\/\/secure.gravatar.com\/avatar\/d5b1a3cf357ed9c50404e256a1294083aa8ab5d2a994001567302786016cb32c?s=96&d=mm&r=g\",\"contentUrl\":\"https:\/\/secure.gravatar.com\/avatar\/d5b1a3cf357ed9c50404e256a1294083aa8ab5d2a994001567302786016cb32c?s=96&d=mm&r=g\",\"caption\":\"joaograndao\"}}]}<\/script>\n<!-- \/ Yoast SEO plugin. -->","yoast_head_json":{"title":"Psic\u00f3loga Vanessa Lheti analisa o caso Larissa Manoela - R\u00e1dio Life FM","robots":{"index":"index","follow":"follow","max-snippet":"max-snippet:-1","max-image-preview":"max-image-preview:large","max-video-preview":"max-video-preview:-1"},"canonical":"https:\/\/radiolifefm.com.br\/noticias\/psicologa-vanessa-lheti-analisa-o-caso-larissa-manoela\/","og_locale":"pt_BR","og_type":"article","og_title":"Psic\u00f3loga Vanessa Lheti analisa o caso Larissa Manoela - R\u00e1dio Life FM","og_description":"A repercuss\u00e3o do caso Larissa Manoela motivou a psic\u00f3loga Vanessa Lheti a fazer uma an\u00e1lise com a vis\u00e3o psicol\u00f3gica. &nbsp; \u00a0Ao decorrer do programa Vanessa explica a respeito do comportamento humano, durante a fase de transi\u00e7\u00e3o dos jovens para a idade adulta, e as rela\u00e7\u00f5es marcadas por mudan\u00e7as, e como isso consequentemente acaba criando conflitos [&hellip;]","og_url":"https:\/\/radiolifefm.com.br\/noticias\/psicologa-vanessa-lheti-analisa-o-caso-larissa-manoela\/","og_site_name":"R\u00e1dio Life FM","article_publisher":"https:\/\/www.facebook.com\/radiolifefm\/","article_published_time":"2023-08-29T17:54:03+00:00","article_modified_time":"2026-04-16T20:36:07+00:00","og_image":[{"width":1024,"height":768,"url":"https:\/\/radiolifefm.com.br\/noticias\/wp-content\/uploads\/2023\/08\/7bb0fcc2-e19c-4106-80d1-9ac2fd1025a0.jpg","type":"image\/jpeg"}],"author":"joaograndao","twitter_card":"summary_large_image","twitter_misc":{"Escrito por":"joaograndao","Est. tempo de leitura":"1 minuto"},"schema":{"@context":"https:\/\/schema.org","@graph":[{"@type":"Article","@id":"https:\/\/radiolifefm.com.br\/noticias\/psicologa-vanessa-lheti-analisa-o-caso-larissa-manoela\/#article","isPartOf":{"@id":"https:\/\/radiolifefm.com.br\/noticias\/psicologa-vanessa-lheti-analisa-o-caso-larissa-manoela\/"},"author":{"name":"joaograndao","@id":"https:\/\/radiolifefm.com.br\/noticias\/#\/schema\/person\/6876e1240feffe6e1b63fd5cb85abf28"},"headline":"Psic\u00f3loga Vanessa Lheti analisa o caso Larissa Manoela","datePublished":"2023-08-29T17:54:03+00:00","dateModified":"2026-04-16T20:36:07+00:00","mainEntityOfPage":{"@id":"https:\/\/radiolifefm.com.br\/noticias\/psicologa-vanessa-lheti-analisa-o-caso-larissa-manoela\/"},"wordCount":170,"publisher":{"@id":"https:\/\/radiolifefm.com.br\/noticias\/#organization"},"image":{"@id":"https:\/\/radiolifefm.com.br\/noticias\/psicologa-vanessa-lheti-analisa-o-caso-larissa-manoela\/#primaryimage"},"thumbnailUrl":"https:\/\/radiolifefm.com.br\/noticias\/wp-content\/uploads\/2023\/08\/7bb0fcc2-e19c-4106-80d1-9ac2fd1025a0.jpg","articleSection":["Mente Saudavel"],"inLanguage":"pt-BR"},{"@type":"WebPage","@id":"https:\/\/radiolifefm.com.br\/noticias\/psicologa-vanessa-lheti-analisa-o-caso-larissa-manoela\/","url":"https:\/\/radiolifefm.com.br\/noticias\/psicologa-vanessa-lheti-analisa-o-caso-larissa-manoela\/","name":"Psic\u00f3loga Vanessa Lheti analisa o caso Larissa Manoela - R\u00e1dio Life FM","isPartOf":{"@id":"https:\/\/radiolifefm.com.br\/noticias\/#website"},"primaryImageOfPage":{"@id":"https:\/\/radiolifefm.com.br\/noticias\/psicologa-vanessa-lheti-analisa-o-caso-larissa-manoela\/#primaryimage"},"image":{"@id":"https:\/\/radiolifefm.com.br\/noticias\/psicologa-vanessa-lheti-analisa-o-caso-larissa-manoela\/#primaryimage"},"thumbnailUrl":"https:\/\/radiolifefm.com.br\/noticias\/wp-content\/uploads\/2023\/08\/7bb0fcc2-e19c-4106-80d1-9ac2fd1025a0.jpg","datePublished":"2023-08-29T17:54:03+00:00","dateModified":"2026-04-16T20:36:07+00:00","breadcrumb":{"@id":"https:\/\/radiolifefm.com.br\/noticias\/psicologa-vanessa-lheti-analisa-o-caso-larissa-manoela\/#breadcrumb"},"inLanguage":"pt-BR","potentialAction":[{"@type":"ReadAction","target":["https:\/\/radiolifefm.com.br\/noticias\/psicologa-vanessa-lheti-analisa-o-caso-larissa-manoela\/"]}]},{"@type":"ImageObject","inLanguage":"pt-BR","@id":"https:\/\/radiolifefm.com.br\/noticias\/psicologa-vanessa-lheti-analisa-o-caso-larissa-manoela\/#primaryimage","url":"https:\/\/radiolifefm.com.br\/noticias\/wp-content\/uploads\/2023\/08\/7bb0fcc2-e19c-4106-80d1-9ac2fd1025a0.jpg","contentUrl":"https:\/\/radiolifefm.com.br\/noticias\/wp-content\/uploads\/2023\/08\/7bb0fcc2-e19c-4106-80d1-9ac2fd1025a0.jpg","width":1024,"height":768},{"@type":"BreadcrumbList","@id":"https:\/\/radiolifefm.com.br\/noticias\/psicologa-vanessa-lheti-analisa-o-caso-larissa-manoela\/#breadcrumb","itemListElement":[{"@type":"ListItem","position":1,"name":"In\u00edcio","item":"https:\/\/radiolifefm.com.br\/noticias\/"},{"@type":"ListItem","position":2,"name":"Psic\u00f3loga Vanessa Lheti analisa o caso Larissa Manoela"}]},{"@type":"WebSite","@id":"https:\/\/radiolifefm.com.br\/noticias\/#website","url":"https:\/\/radiolifefm.com.br\/noticias\/","name":"R\u00e1dio Life FM","description":"O Portal de Not\u00edcias de Adamantina","publisher":{"@id":"https:\/\/radiolifefm.com.br\/noticias\/#organization"},"alternateName":"Life FM","potentialAction":[{"@type":"SearchAction","target":{"@type":"EntryPoint","urlTemplate":"https:\/\/radiolifefm.com.br\/noticias\/?s={search_term_string}"},"query-input":{"@type":"PropertyValueSpecification","valueRequired":true,"valueName":"search_term_string"}}],"inLanguage":"pt-BR"},{"@type":"Organization","@id":"https:\/\/radiolifefm.com.br\/noticias\/#organization","name":"R\u00e1dio Life FM","alternateName":"Life FM","url":"https:\/\/radiolifefm.com.br\/noticias\/","logo":{"@type":"ImageObject","inLanguage":"pt-BR","@id":"https:\/\/radiolifefm.com.br\/noticias\/#\/schema\/logo\/image\/","url":"https:\/\/static.radiolifefm.com.br\/noticias\/wp-content\/uploads\/2019\/10\/logo-lifefm.png","contentUrl":"https:\/\/static.radiolifefm.com.br\/noticias\/wp-content\/uploads\/2019\/10\/logo-lifefm.png","width":196,"height":47,"caption":"R\u00e1dio Life FM"},"image":{"@id":"https:\/\/radiolifefm.com.br\/noticias\/#\/schema\/logo\/image\/"},"sameAs":["https:\/\/www.facebook.com\/radiolifefm\/","https:\/\/www.instagram.com\/life1079fm\/"]},{"@type":"Person","@id":"https:\/\/radiolifefm.com.br\/noticias\/#\/schema\/person\/6876e1240feffe6e1b63fd5cb85abf28","name":"joaograndao","image":{"@type":"ImageObject","inLanguage":"pt-BR","@id":"https:\/\/secure.gravatar.com\/avatar\/d5b1a3cf357ed9c50404e256a1294083aa8ab5d2a994001567302786016cb32c?s=96&d=mm&r=g","url":"https:\/\/secure.gravatar.com\/avatar\/d5b1a3cf357ed9c50404e256a1294083aa8ab5d2a994001567302786016cb32c?s=96&d=mm&r=g","contentUrl":"https:\/\/secure.gravatar.com\/avatar\/d5b1a3cf357ed9c50404e256a1294083aa8ab5d2a994001567302786016cb32c?s=96&d=mm&r=g","caption":"joaograndao"}}]}},"amp_enabled":true,"_links":{"self":[{"href":"https:\/\/radiolifefm.com.br\/noticias\/wp-json\/wp\/v2\/posts\/75666","targetHints":{"allow":["GET"]}}],"collection":[{"href":"https:\/\/radiolifefm.com.br\/noticias\/wp-json\/wp\/v2\/posts"}],"about":[{"href":"https:\/\/radiolifefm.com.br\/noticias\/wp-json\/wp\/v2\/types\/post"}],"author":[{"embeddable":true,"href":"https:\/\/radiolifefm.com.br\/noticias\/wp-json\/wp\/v2\/users\/8"}],"replies":[{"embeddable":true,"href":"https:\/\/radiolifefm.com.br\/noticias\/wp-json\/wp\/v2\/comments?post=75666"}],"version-history":[{"count":2,"href":"https:\/\/radiolifefm.com.br\/noticias\/wp-json\/wp\/v2\/posts\/75666\/revisions"}],"predecessor-version":[{"id":75678,"href":"https:\/\/radiolifefm.com.br\/noticias\/wp-json\/wp\/v2\/posts\/75666\/revisions\/75678"}],"wp:featuredmedia":[{"embeddable":true,"href":"https:\/\/radiolifefm.com.br\/noticias\/wp-json\/wp\/v2\/media\/75667"}],"wp:attachment":[{"href":"https:\/\/radiolifefm.com.br\/noticias\/wp-json\/wp\/v2\/media?parent=75666"}],"wp:term":[{"taxonomy":"category","embeddable":true,"href":"https:\/\/radiolifefm.com.br\/noticias\/wp-json\/wp\/v2\/categories?post=75666"},{"taxonomy":"post_tag","embeddable":true,"href":"https:\/\/radiolifefm.com.br\/noticias\/wp-json\/wp\/v2\/tags?post=75666"}],"curies":[{"name":"wp","href":"https:\/\/api.w.org\/{rel}","templated":true}]}}