{"id":75542,"date":"2023-08-25T09:17:03","date_gmt":"2023-08-25T12:17:03","guid":{"rendered":"https:\/\/radiolifefm.com.br\/noticias\/?p=75542"},"modified":"2026-01-17T21:55:41","modified_gmt":"2026-01-18T00:55:41","slug":"jornalista-diplomado-em-terras-provincianas","status":"publish","type":"post","link":"https:\/\/radiolifefm.com.br\/noticias\/jornalista-diplomado-em-terras-provincianas\/","title":{"rendered":"JORNALISTA DIPLOMADO EM TERRAS PROVINCIANAS&#8230;"},"content":{"rendered":"<div id=\"fb-root\"><\/div>\n<p><em>\u00a0<\/em><\/p>\n<p><em>\u201cNo fim do jogo, o Rei e o Pe\u00e3o voltam para a mesma caixa.\u201d (Prov\u00e9rbio Italiano)<\/em><\/p>\n<p>&nbsp;<\/p>\n<p><strong>S\u00e9rgio Barbosa (*)<\/strong><\/p>\n<p>&nbsp;<\/p>\n<p>A prov\u00edncia oferece aos seus provincianos poucas oportunidades de lazer nos finais de semana, assim mesmo, pode-se dar muitas voltas pelo mesmo lugar de sempre, quando muito ou menos, pelas ruas da cidade em busca de um lugar para isto e mais aquilo&#8230;<\/p>\n<p>Como sempre, este articulista freq\u00fcenta, quase sempre, os mesmos lugares da prov\u00edncia, neste caso, uma forma de fidelidade para aquelas pessoas\/empresas que o receberam bom os bra\u00e7os abertos quando aqui desembarcou nos idos de 1999 para um desafio a mais em sua vida itinerante de profissional de comunica\u00e7\u00e3o em tempo de p\u00f3s-globaliza\u00e7\u00e3o&#8230;<\/p>\n<p>Nestas idas e poucas vindas pelos ares provincianos aconteceram muitas coisas para um lado e poucas para o outro lado, assim mesmo, as vit\u00f3rias superaram em muito as derrotas sofridas durantes este per\u00edodo nesta Prov\u00edncia do faz de conta&#8230;<\/p>\n<p>Foram milhares de artigos, cr\u00f4nicas e textos diversos postados\/publicados pela m\u00eddia em n\u00edvel REGIOCAL, ou seja, do Regional para o Local, fortalecendo assim a presen\u00e7a da reflex\u00e3o cr\u00edtica frente aos acontecimentos em n\u00edveis nacional e internacional para os adamantinenses&#8230;<\/p>\n<p>Palavras s\u00e3o palavras disse o pensador do outro tempo, por\u00e9m, quando assinadas tomam pra si a responsabilidade do autor deste ou daquele artigo publicado\/postado, desta forma, o comprometimento \u00e9 fundamental neste encontro com a pseudoverdade de uma mesma mentira em n\u00edvel GLOCAL, ainda, do Global para o Local&#8230;<\/p>\n<p>A verdade n\u00e3o existe em muitos casos ou fatos criados e inventados pela m\u00eddia neste novo tempo, os exemplos est\u00e3o em pauta para dar validade para um olhar descontra\u00eddo da sedu\u00e7\u00e3o do podre para com o poder neste novo tempo novo que se chama hoje&#8230;<\/p>\n<p>A \u201cmea culpa\u201d neste momento pode se apresentar como in\u00edcio de uma caminhada pelas ruas de uma prov\u00edncia qualquer, afinal de contas, o meio existe como ve\u00edculo de comunica\u00e7\u00e3o, ou seja, \u00e9 a mensagem do emissor para com o receptor, tamb\u00e9m, conhecido como \u201cp\u00fablico alvo\u201d&#8230;<\/p>\n<p>O autor deste artigo e de tantos outros publicados na m\u00eddia provinciana tende sempre, como articulista, dar o seu recado como \u201cmeio\u201d, deixando para os leitores e leitoras um toque a mais nesta reflex\u00e3o redatorial, bem como, apostando que o outro lado saber\u00e1 decodificar o c\u00f3digo de uma mensagem simplificada pela vontade de colaborar com o debate sobre temas afins aos interesses da comunidade provinciana&#8230;<\/p>\n<p>A tarefa de informar n\u00e3o \u00e9 f\u00e1cil, ainda mais quando do outro lado est\u00e1 o profissional jornalista e na outra ponta o leitor ou leitora do tempo deste tempo, al\u00e9m do mais ou talvez de menos, afirmou o pesquisador, a saber: \u201cm\u00e9dico pensa que \u00e9 deus, Jornalista tem certeza\u201d, por\u00e9m, um outro comunicador afirmou: \u201ce quem inventou Deus foram os Publicit\u00e1rios!\u201d<\/p>\n<p>QUEM SOBREVIVER VAI SABER&#8230;<\/p>\n<p><strong><em>__________________________________<\/em><\/strong><\/p>\n<p><strong><em>(*) Jornalista profissional diplomado.<\/em><\/strong><\/p>\n<p><strong><em>E-Mail: barbosa.<a href=\"mailto:sebar@gmail.com\">sebar@gmail.com<\/a><\/em><\/strong><\/p>\n<p>&nbsp;<\/p>\n<p>&nbsp;<\/p>\n","protected":false},"excerpt":{"rendered":"<p>\u00a0 \u201cNo fim do jogo, o Rei e o Pe\u00e3o voltam para a mesma caixa.\u201d (Prov\u00e9rbio Italiano) &nbsp; S\u00e9rgio Barbosa (*) &nbsp; A prov\u00edncia oferece aos seus provincianos poucas oportunidades de lazer nos finais de semana, assim mesmo, pode-se dar muitas voltas pelo mesmo lugar de sempre, quando muito ou menos, pelas ruas da cidade [&hellip;]<\/p>\n","protected":false},"author":13,"featured_media":51988,"comment_status":"closed","ping_status":"open","sticky":false,"template":"","format":"standard","meta":{"_acf_changed":false,"_exactmetrics_skip_tracking":false,"_exactmetrics_sitenote_active":false,"_exactmetrics_sitenote_note":"","_exactmetrics_sitenote_category":0,"footnotes":""},"categories":[59],"tags":[],"class_list":["post-75542","post","type-post","status-publish","format-standard","has-post-thumbnail","hentry","category-opiniao"],"acf":[],"yoast_head":"<!-- This site is optimized with the Yoast SEO plugin v27.2 - https:\/\/yoast.com\/product\/yoast-seo-wordpress\/ -->\n<title>JORNALISTA DIPLOMADO EM TERRAS PROVINCIANAS... - R\u00e1dio Life FM<\/title>\n<meta name=\"robots\" content=\"index, follow, max-snippet:-1, max-image-preview:large, max-video-preview:-1\" \/>\n<link rel=\"canonical\" href=\"https:\/\/radiolifefm.com.br\/noticias\/jornalista-diplomado-em-terras-provincianas\/\" \/>\n<meta property=\"og:locale\" content=\"pt_BR\" \/>\n<meta property=\"og:type\" content=\"article\" \/>\n<meta property=\"og:title\" content=\"JORNALISTA DIPLOMADO EM TERRAS PROVINCIANAS... - R\u00e1dio Life FM\" \/>\n<meta property=\"og:description\" content=\"\u00a0 \u201cNo fim do jogo, o Rei e o Pe\u00e3o voltam para a mesma caixa.\u201d (Prov\u00e9rbio Italiano) &nbsp; S\u00e9rgio Barbosa (*) &nbsp; A prov\u00edncia oferece aos seus provincianos poucas oportunidades de lazer nos finais de semana, assim mesmo, pode-se dar muitas voltas pelo mesmo lugar de sempre, quando muito ou menos, pelas ruas da cidade [&hellip;]\" \/>\n<meta property=\"og:url\" content=\"https:\/\/radiolifefm.com.br\/noticias\/jornalista-diplomado-em-terras-provincianas\/\" \/>\n<meta property=\"og:site_name\" content=\"R\u00e1dio Life FM\" \/>\n<meta property=\"article:publisher\" content=\"https:\/\/www.facebook.com\/radiolifefm\/\" \/>\n<meta property=\"article:published_time\" content=\"2023-08-25T12:17:03+00:00\" \/>\n<meta property=\"article:modified_time\" content=\"2026-01-18T00:55:41+00:00\" \/>\n<meta property=\"og:image\" content=\"https:\/\/radiolifefm.com.br\/noticias\/wp-content\/uploads\/2022\/04\/WhatsApp-Image-2022-04-10-at-18.43.02.jpeg\" \/>\n\t<meta property=\"og:image:width\" content=\"972\" \/>\n\t<meta property=\"og:image:height\" content=\"1296\" \/>\n\t<meta property=\"og:image:type\" content=\"image\/jpeg\" \/>\n<meta name=\"author\" content=\"ritanery\" \/>\n<meta name=\"twitter:card\" content=\"summary_large_image\" \/>\n<meta name=\"twitter:label1\" content=\"Escrito por\" \/>\n\t<meta name=\"twitter:data1\" content=\"ritanery\" \/>\n\t<meta name=\"twitter:label2\" content=\"Est. tempo de leitura\" \/>\n\t<meta name=\"twitter:data2\" content=\"3 minutos\" \/>\n<script type=\"application\/ld+json\" class=\"yoast-schema-graph\">{\"@context\":\"https:\/\/schema.org\",\"@graph\":[{\"@type\":\"Article\",\"@id\":\"https:\/\/radiolifefm.com.br\/noticias\/jornalista-diplomado-em-terras-provincianas\/#article\",\"isPartOf\":{\"@id\":\"https:\/\/radiolifefm.com.br\/noticias\/jornalista-diplomado-em-terras-provincianas\/\"},\"author\":{\"name\":\"ritanery\",\"@id\":\"https:\/\/radiolifefm.com.br\/noticias\/#\/schema\/person\/6339b9fac59d12b071dec680d7375d87\"},\"headline\":\"JORNALISTA DIPLOMADO EM TERRAS PROVINCIANAS&#8230;\",\"datePublished\":\"2023-08-25T12:17:03+00:00\",\"dateModified\":\"2026-01-18T00:55:41+00:00\",\"mainEntityOfPage\":{\"@id\":\"https:\/\/radiolifefm.com.br\/noticias\/jornalista-diplomado-em-terras-provincianas\/\"},\"wordCount\":517,\"publisher\":{\"@id\":\"https:\/\/radiolifefm.com.br\/noticias\/#organization\"},\"image\":{\"@id\":\"https:\/\/radiolifefm.com.br\/noticias\/jornalista-diplomado-em-terras-provincianas\/#primaryimage\"},\"thumbnailUrl\":\"https:\/\/radiolifefm.com.br\/noticias\/wp-content\/uploads\/2022\/04\/WhatsApp-Image-2022-04-10-at-18.43.02.jpeg\",\"articleSection\":[\"Opini\u00e3o\"],\"inLanguage\":\"pt-BR\"},{\"@type\":\"WebPage\",\"@id\":\"https:\/\/radiolifefm.com.br\/noticias\/jornalista-diplomado-em-terras-provincianas\/\",\"url\":\"https:\/\/radiolifefm.com.br\/noticias\/jornalista-diplomado-em-terras-provincianas\/\",\"name\":\"JORNALISTA DIPLOMADO EM TERRAS PROVINCIANAS... - R\u00e1dio Life FM\",\"isPartOf\":{\"@id\":\"https:\/\/radiolifefm.com.br\/noticias\/#website\"},\"primaryImageOfPage\":{\"@id\":\"https:\/\/radiolifefm.com.br\/noticias\/jornalista-diplomado-em-terras-provincianas\/#primaryimage\"},\"image\":{\"@id\":\"https:\/\/radiolifefm.com.br\/noticias\/jornalista-diplomado-em-terras-provincianas\/#primaryimage\"},\"thumbnailUrl\":\"https:\/\/radiolifefm.com.br\/noticias\/wp-content\/uploads\/2022\/04\/WhatsApp-Image-2022-04-10-at-18.43.02.jpeg\",\"datePublished\":\"2023-08-25T12:17:03+00:00\",\"dateModified\":\"2026-01-18T00:55:41+00:00\",\"breadcrumb\":{\"@id\":\"https:\/\/radiolifefm.com.br\/noticias\/jornalista-diplomado-em-terras-provincianas\/#breadcrumb\"},\"inLanguage\":\"pt-BR\",\"potentialAction\":[{\"@type\":\"ReadAction\",\"target\":[\"https:\/\/radiolifefm.com.br\/noticias\/jornalista-diplomado-em-terras-provincianas\/\"]}]},{\"@type\":\"ImageObject\",\"inLanguage\":\"pt-BR\",\"@id\":\"https:\/\/radiolifefm.com.br\/noticias\/jornalista-diplomado-em-terras-provincianas\/#primaryimage\",\"url\":\"https:\/\/radiolifefm.com.br\/noticias\/wp-content\/uploads\/2022\/04\/WhatsApp-Image-2022-04-10-at-18.43.02.jpeg\",\"contentUrl\":\"https:\/\/radiolifefm.com.br\/noticias\/wp-content\/uploads\/2022\/04\/WhatsApp-Image-2022-04-10-at-18.43.02.jpeg\",\"width\":972,\"height\":1296,\"caption\":\"S\u00e9rgio Barbosa\"},{\"@type\":\"BreadcrumbList\",\"@id\":\"https:\/\/radiolifefm.com.br\/noticias\/jornalista-diplomado-em-terras-provincianas\/#breadcrumb\",\"itemListElement\":[{\"@type\":\"ListItem\",\"position\":1,\"name\":\"In\u00edcio\",\"item\":\"https:\/\/radiolifefm.com.br\/noticias\/\"},{\"@type\":\"ListItem\",\"position\":2,\"name\":\"JORNALISTA DIPLOMADO EM TERRAS PROVINCIANAS&#8230;\"}]},{\"@type\":\"WebSite\",\"@id\":\"https:\/\/radiolifefm.com.br\/noticias\/#website\",\"url\":\"https:\/\/radiolifefm.com.br\/noticias\/\",\"name\":\"R\u00e1dio Life FM\",\"description\":\"O Portal de Not\u00edcias de Adamantina\",\"publisher\":{\"@id\":\"https:\/\/radiolifefm.com.br\/noticias\/#organization\"},\"alternateName\":\"Life FM\",\"potentialAction\":[{\"@type\":\"SearchAction\",\"target\":{\"@type\":\"EntryPoint\",\"urlTemplate\":\"https:\/\/radiolifefm.com.br\/noticias\/?s={search_term_string}\"},\"query-input\":{\"@type\":\"PropertyValueSpecification\",\"valueRequired\":true,\"valueName\":\"search_term_string\"}}],\"inLanguage\":\"pt-BR\"},{\"@type\":\"Organization\",\"@id\":\"https:\/\/radiolifefm.com.br\/noticias\/#organization\",\"name\":\"R\u00e1dio Life FM\",\"alternateName\":\"Life FM\",\"url\":\"https:\/\/radiolifefm.com.br\/noticias\/\",\"logo\":{\"@type\":\"ImageObject\",\"inLanguage\":\"pt-BR\",\"@id\":\"https:\/\/radiolifefm.com.br\/noticias\/#\/schema\/logo\/image\/\",\"url\":\"https:\/\/static.radiolifefm.com.br\/noticias\/wp-content\/uploads\/2019\/10\/logo-lifefm.png\",\"contentUrl\":\"https:\/\/static.radiolifefm.com.br\/noticias\/wp-content\/uploads\/2019\/10\/logo-lifefm.png\",\"width\":196,\"height\":47,\"caption\":\"R\u00e1dio Life FM\"},\"image\":{\"@id\":\"https:\/\/radiolifefm.com.br\/noticias\/#\/schema\/logo\/image\/\"},\"sameAs\":[\"https:\/\/www.facebook.com\/radiolifefm\/\",\"https:\/\/www.instagram.com\/life1079fm\/\"]},{\"@type\":\"Person\",\"@id\":\"https:\/\/radiolifefm.com.br\/noticias\/#\/schema\/person\/6339b9fac59d12b071dec680d7375d87\",\"name\":\"ritanery\",\"image\":{\"@type\":\"ImageObject\",\"inLanguage\":\"pt-BR\",\"@id\":\"https:\/\/secure.gravatar.com\/avatar\/0e37bb19071f47c0b8a23f62a903df117c5a0e75f65a0c2901562f97cd41cf86?s=96&d=mm&r=g\",\"url\":\"https:\/\/secure.gravatar.com\/avatar\/0e37bb19071f47c0b8a23f62a903df117c5a0e75f65a0c2901562f97cd41cf86?s=96&d=mm&r=g\",\"contentUrl\":\"https:\/\/secure.gravatar.com\/avatar\/0e37bb19071f47c0b8a23f62a903df117c5a0e75f65a0c2901562f97cd41cf86?s=96&d=mm&r=g\",\"caption\":\"ritanery\"}}]}<\/script>\n<!-- \/ Yoast SEO plugin. -->","yoast_head_json":{"title":"JORNALISTA DIPLOMADO EM TERRAS PROVINCIANAS... - R\u00e1dio Life FM","robots":{"index":"index","follow":"follow","max-snippet":"max-snippet:-1","max-image-preview":"max-image-preview:large","max-video-preview":"max-video-preview:-1"},"canonical":"https:\/\/radiolifefm.com.br\/noticias\/jornalista-diplomado-em-terras-provincianas\/","og_locale":"pt_BR","og_type":"article","og_title":"JORNALISTA DIPLOMADO EM TERRAS PROVINCIANAS... - R\u00e1dio Life FM","og_description":"\u00a0 \u201cNo fim do jogo, o Rei e o Pe\u00e3o voltam para a mesma caixa.\u201d (Prov\u00e9rbio Italiano) &nbsp; S\u00e9rgio Barbosa (*) &nbsp; A prov\u00edncia oferece aos seus provincianos poucas oportunidades de lazer nos finais de semana, assim mesmo, pode-se dar muitas voltas pelo mesmo lugar de sempre, quando muito ou menos, pelas ruas da cidade [&hellip;]","og_url":"https:\/\/radiolifefm.com.br\/noticias\/jornalista-diplomado-em-terras-provincianas\/","og_site_name":"R\u00e1dio Life FM","article_publisher":"https:\/\/www.facebook.com\/radiolifefm\/","article_published_time":"2023-08-25T12:17:03+00:00","article_modified_time":"2026-01-18T00:55:41+00:00","og_image":[{"width":972,"height":1296,"url":"https:\/\/radiolifefm.com.br\/noticias\/wp-content\/uploads\/2022\/04\/WhatsApp-Image-2022-04-10-at-18.43.02.jpeg","type":"image\/jpeg"}],"author":"ritanery","twitter_card":"summary_large_image","twitter_misc":{"Escrito por":"ritanery","Est. tempo de leitura":"3 minutos"},"schema":{"@context":"https:\/\/schema.org","@graph":[{"@type":"Article","@id":"https:\/\/radiolifefm.com.br\/noticias\/jornalista-diplomado-em-terras-provincianas\/#article","isPartOf":{"@id":"https:\/\/radiolifefm.com.br\/noticias\/jornalista-diplomado-em-terras-provincianas\/"},"author":{"name":"ritanery","@id":"https:\/\/radiolifefm.com.br\/noticias\/#\/schema\/person\/6339b9fac59d12b071dec680d7375d87"},"headline":"JORNALISTA DIPLOMADO EM TERRAS PROVINCIANAS&#8230;","datePublished":"2023-08-25T12:17:03+00:00","dateModified":"2026-01-18T00:55:41+00:00","mainEntityOfPage":{"@id":"https:\/\/radiolifefm.com.br\/noticias\/jornalista-diplomado-em-terras-provincianas\/"},"wordCount":517,"publisher":{"@id":"https:\/\/radiolifefm.com.br\/noticias\/#organization"},"image":{"@id":"https:\/\/radiolifefm.com.br\/noticias\/jornalista-diplomado-em-terras-provincianas\/#primaryimage"},"thumbnailUrl":"https:\/\/radiolifefm.com.br\/noticias\/wp-content\/uploads\/2022\/04\/WhatsApp-Image-2022-04-10-at-18.43.02.jpeg","articleSection":["Opini\u00e3o"],"inLanguage":"pt-BR"},{"@type":"WebPage","@id":"https:\/\/radiolifefm.com.br\/noticias\/jornalista-diplomado-em-terras-provincianas\/","url":"https:\/\/radiolifefm.com.br\/noticias\/jornalista-diplomado-em-terras-provincianas\/","name":"JORNALISTA DIPLOMADO EM TERRAS PROVINCIANAS... - R\u00e1dio Life FM","isPartOf":{"@id":"https:\/\/radiolifefm.com.br\/noticias\/#website"},"primaryImageOfPage":{"@id":"https:\/\/radiolifefm.com.br\/noticias\/jornalista-diplomado-em-terras-provincianas\/#primaryimage"},"image":{"@id":"https:\/\/radiolifefm.com.br\/noticias\/jornalista-diplomado-em-terras-provincianas\/#primaryimage"},"thumbnailUrl":"https:\/\/radiolifefm.com.br\/noticias\/wp-content\/uploads\/2022\/04\/WhatsApp-Image-2022-04-10-at-18.43.02.jpeg","datePublished":"2023-08-25T12:17:03+00:00","dateModified":"2026-01-18T00:55:41+00:00","breadcrumb":{"@id":"https:\/\/radiolifefm.com.br\/noticias\/jornalista-diplomado-em-terras-provincianas\/#breadcrumb"},"inLanguage":"pt-BR","potentialAction":[{"@type":"ReadAction","target":["https:\/\/radiolifefm.com.br\/noticias\/jornalista-diplomado-em-terras-provincianas\/"]}]},{"@type":"ImageObject","inLanguage":"pt-BR","@id":"https:\/\/radiolifefm.com.br\/noticias\/jornalista-diplomado-em-terras-provincianas\/#primaryimage","url":"https:\/\/radiolifefm.com.br\/noticias\/wp-content\/uploads\/2022\/04\/WhatsApp-Image-2022-04-10-at-18.43.02.jpeg","contentUrl":"https:\/\/radiolifefm.com.br\/noticias\/wp-content\/uploads\/2022\/04\/WhatsApp-Image-2022-04-10-at-18.43.02.jpeg","width":972,"height":1296,"caption":"S\u00e9rgio Barbosa"},{"@type":"BreadcrumbList","@id":"https:\/\/radiolifefm.com.br\/noticias\/jornalista-diplomado-em-terras-provincianas\/#breadcrumb","itemListElement":[{"@type":"ListItem","position":1,"name":"In\u00edcio","item":"https:\/\/radiolifefm.com.br\/noticias\/"},{"@type":"ListItem","position":2,"name":"JORNALISTA DIPLOMADO EM TERRAS PROVINCIANAS&#8230;"}]},{"@type":"WebSite","@id":"https:\/\/radiolifefm.com.br\/noticias\/#website","url":"https:\/\/radiolifefm.com.br\/noticias\/","name":"R\u00e1dio Life FM","description":"O Portal de Not\u00edcias de Adamantina","publisher":{"@id":"https:\/\/radiolifefm.com.br\/noticias\/#organization"},"alternateName":"Life FM","potentialAction":[{"@type":"SearchAction","target":{"@type":"EntryPoint","urlTemplate":"https:\/\/radiolifefm.com.br\/noticias\/?s={search_term_string}"},"query-input":{"@type":"PropertyValueSpecification","valueRequired":true,"valueName":"search_term_string"}}],"inLanguage":"pt-BR"},{"@type":"Organization","@id":"https:\/\/radiolifefm.com.br\/noticias\/#organization","name":"R\u00e1dio Life FM","alternateName":"Life FM","url":"https:\/\/radiolifefm.com.br\/noticias\/","logo":{"@type":"ImageObject","inLanguage":"pt-BR","@id":"https:\/\/radiolifefm.com.br\/noticias\/#\/schema\/logo\/image\/","url":"https:\/\/static.radiolifefm.com.br\/noticias\/wp-content\/uploads\/2019\/10\/logo-lifefm.png","contentUrl":"https:\/\/static.radiolifefm.com.br\/noticias\/wp-content\/uploads\/2019\/10\/logo-lifefm.png","width":196,"height":47,"caption":"R\u00e1dio Life FM"},"image":{"@id":"https:\/\/radiolifefm.com.br\/noticias\/#\/schema\/logo\/image\/"},"sameAs":["https:\/\/www.facebook.com\/radiolifefm\/","https:\/\/www.instagram.com\/life1079fm\/"]},{"@type":"Person","@id":"https:\/\/radiolifefm.com.br\/noticias\/#\/schema\/person\/6339b9fac59d12b071dec680d7375d87","name":"ritanery","image":{"@type":"ImageObject","inLanguage":"pt-BR","@id":"https:\/\/secure.gravatar.com\/avatar\/0e37bb19071f47c0b8a23f62a903df117c5a0e75f65a0c2901562f97cd41cf86?s=96&d=mm&r=g","url":"https:\/\/secure.gravatar.com\/avatar\/0e37bb19071f47c0b8a23f62a903df117c5a0e75f65a0c2901562f97cd41cf86?s=96&d=mm&r=g","contentUrl":"https:\/\/secure.gravatar.com\/avatar\/0e37bb19071f47c0b8a23f62a903df117c5a0e75f65a0c2901562f97cd41cf86?s=96&d=mm&r=g","caption":"ritanery"}}]}},"amp_enabled":true,"_links":{"self":[{"href":"https:\/\/radiolifefm.com.br\/noticias\/wp-json\/wp\/v2\/posts\/75542","targetHints":{"allow":["GET"]}}],"collection":[{"href":"https:\/\/radiolifefm.com.br\/noticias\/wp-json\/wp\/v2\/posts"}],"about":[{"href":"https:\/\/radiolifefm.com.br\/noticias\/wp-json\/wp\/v2\/types\/post"}],"author":[{"embeddable":true,"href":"https:\/\/radiolifefm.com.br\/noticias\/wp-json\/wp\/v2\/users\/13"}],"replies":[{"embeddable":true,"href":"https:\/\/radiolifefm.com.br\/noticias\/wp-json\/wp\/v2\/comments?post=75542"}],"version-history":[{"count":1,"href":"https:\/\/radiolifefm.com.br\/noticias\/wp-json\/wp\/v2\/posts\/75542\/revisions"}],"predecessor-version":[{"id":75543,"href":"https:\/\/radiolifefm.com.br\/noticias\/wp-json\/wp\/v2\/posts\/75542\/revisions\/75543"}],"wp:featuredmedia":[{"embeddable":true,"href":"https:\/\/radiolifefm.com.br\/noticias\/wp-json\/wp\/v2\/media\/51988"}],"wp:attachment":[{"href":"https:\/\/radiolifefm.com.br\/noticias\/wp-json\/wp\/v2\/media?parent=75542"}],"wp:term":[{"taxonomy":"category","embeddable":true,"href":"https:\/\/radiolifefm.com.br\/noticias\/wp-json\/wp\/v2\/categories?post=75542"},{"taxonomy":"post_tag","embeddable":true,"href":"https:\/\/radiolifefm.com.br\/noticias\/wp-json\/wp\/v2\/tags?post=75542"}],"curies":[{"name":"wp","href":"https:\/\/api.w.org\/{rel}","templated":true}]}}