{"id":75146,"date":"2023-08-16T08:20:12","date_gmt":"2023-08-16T11:20:12","guid":{"rendered":"https:\/\/radiolifefm.com.br\/noticias\/?p=75146"},"modified":"2026-04-12T13:14:30","modified_gmt":"2026-04-12T16:14:30","slug":"richard-wright-pink-floyd-tempo-para-o-tempo-neste-tempo-do-tempo-daquele-tempo","status":"publish","type":"post","link":"https:\/\/radiolifefm.com.br\/noticias\/richard-wright-pink-floyd-tempo-para-o-tempo-neste-tempo-do-tempo-daquele-tempo\/","title":{"rendered":"RICHARD WRIGHT\/PINK FLOYD: TEMPO PARA O TEMPO NESTE TEMPO DO TEMPO DAQUELE TEMPO&#8230;"},"content":{"rendered":"<div id=\"fb-root\"><\/div>\n<p>&nbsp;<\/p>\n<p><em>\u00a0\u201cO m\u00fasico Richard Wright, tecladista e um dos fundadores do PINK FLOYD, morreu ontem, aos 65 anos, v\u00edtima de um c\u00e2ncer. Wright tocou no primeiro \u00e1lbum da banda, \u00b4The Piper at the Gates of Dawn\u00b4 (1967), ao lado de Syd Barret, Roger Waters e Nick Mason\u201d in\u00a0 FOLHA DE S.PAULO, Ilustrada, Mem\u00f3ria, 16\/9\/2008.<\/em><\/p>\n<p>&nbsp;<\/p>\n<p><strong><em>S\u00e9rgio Barbosa (*)<\/em><\/strong><\/p>\n<p>Neste novo tempo, os desencontros continuam marcando presen\u00e7a em todas as \u00e1reas em que o ser humano predomina como senhor absoluto de suas vontades al\u00e9m da imagina\u00e7\u00e3o pelo tempo do tempo em busca do tempo&#8230;<\/p>\n<p>N\u00e3o se pode mais esperar pelo outro lado nestes ocasos de um talvez em meio \u00e0s d\u00favidas do conhecimento do homem em busca das muitas mentiras escondidas pela \u00fanica verdade do nascimento, quando as interroga\u00e7\u00f5es s\u00e3o os resultados do mesmo sil\u00eancio que marca o momento solene da partida deste tempo com o tempo sem o tempo&#8230;<\/p>\n<p>Os anos 60 foram o in\u00edcio do fim sem ter o meio para ficar frente ao presente, portanto, o passado determina o futuro dos acontecimentos mediados por uma hist\u00f3ria limitada pelos vencedores do tempo em meio ao tempo daquele outro tempo&#8230;<\/p>\n<p>Portanto, as celebra\u00e7\u00f5es s\u00e3o etapas mediadas pelos conflitos do homem com o seu interior sem fim nas perambula\u00e7\u00f5es em madrugadas agitadas pelos pesadelos do \u00fanico amante da humanidade neste tempo sem tempo em meio ao tempo&#8230;<\/p>\n<p>O compositor cearense Belchior em uma das suas muitas can\u00e7\u00f5es refor\u00e7ou: \u201cque a morte lhe seja leve&#8230;\u201d, haja vista a serenidade desta frase perdida num contexto amplo, geral e irrestrito pelo tempo do tempo que busca o tempo&#8230;<\/p>\n<p>A semana come\u00e7ou com um final alado para o cen\u00e1rio do \u201crock and roll\u201d em n\u00edvel internacional, neste fim sem in\u00edcio, a partida para o outro lado do fundador e tecladista Richard Wright, da banda inglesa \u201cPINK FLOYD\u201d neste tempo al\u00e9m do tempo de quem procura pelo tempo que continua sendo o tempo de um outro tempo do tempo&#8230;<\/p>\n<p>O registro \u00e9 mais do que necess\u00e1rio nestas linhas do tempo, apesar dos pesares que envolvem o contexto da metalinguagem musical nestes ocasos de um talvez, pode-se ficar na espera do tempo amado tempo que pode ser o mesmo tempo daquele outro tempo&#8230;<\/p>\n<p>As perdas do presente s\u00e3o reflexo do passado em busca do futuro, assim, PINK FLOYD vai continuar abrindo as mentes do cotidiano para novas descobertas com outras portas do tempo que \u00e9 o tempo em confronto com aquele tempo que se perdeu no tempo&#8230;<\/p>\n<p>A m\u00fasica tem o poder de dar o toque da ess\u00eancia para um olhar al\u00e9m do infinito que paralisa o universo dos deuses sem deixar de lado as deusas como detentoras dos limites de um tempo pelo tempo e ponto quase final neste tempo que se perdeu no tempo&#8230;<\/p>\n<p>AVE RICHARD WRIGHT!<\/p>\n<p>AVE PINK FLOYD!<\/p>\n<p><strong><em>_____________________________<\/em><\/strong><\/p>\n<p><strong><em>(*) jornalista profissional diplomado.<\/em><\/strong><\/p>\n<p><strong><em>e-mail: <a href=\"mailto:barbosa.sebar@gmail.com\">barbosa.sebar@gmail.com<\/a><\/em><\/strong><\/p>\n<p>&nbsp;<\/p>\n","protected":false},"excerpt":{"rendered":"<p>&nbsp; \u00a0\u201cO m\u00fasico Richard Wright, tecladista e um dos fundadores do PINK FLOYD, morreu ontem, aos 65 anos, v\u00edtima de um c\u00e2ncer. Wright tocou no primeiro \u00e1lbum da banda, \u00b4The Piper at the Gates of Dawn\u00b4 (1967), ao lado de Syd Barret, Roger Waters e Nick Mason\u201d in\u00a0 FOLHA DE S.PAULO, Ilustrada, Mem\u00f3ria, 16\/9\/2008. &nbsp; [&hellip;]<\/p>\n","protected":false},"author":13,"featured_media":51988,"comment_status":"closed","ping_status":"open","sticky":false,"template":"","format":"standard","meta":{"_acf_changed":false,"_exactmetrics_skip_tracking":false,"_exactmetrics_sitenote_active":false,"_exactmetrics_sitenote_note":"","_exactmetrics_sitenote_category":0,"footnotes":""},"categories":[59],"tags":[],"class_list":["post-75146","post","type-post","status-publish","format-standard","has-post-thumbnail","hentry","category-opiniao"],"acf":[],"yoast_head":"<!-- This site is optimized with the Yoast SEO plugin v27.2 - https:\/\/yoast.com\/product\/yoast-seo-wordpress\/ -->\n<title>RICHARD WRIGHT\/PINK FLOYD: TEMPO PARA O TEMPO NESTE TEMPO DO TEMPO DAQUELE TEMPO... - R\u00e1dio Life FM<\/title>\n<meta name=\"robots\" content=\"index, follow, max-snippet:-1, max-image-preview:large, max-video-preview:-1\" \/>\n<link rel=\"canonical\" href=\"https:\/\/radiolifefm.com.br\/noticias\/richard-wright-pink-floyd-tempo-para-o-tempo-neste-tempo-do-tempo-daquele-tempo\/\" \/>\n<meta property=\"og:locale\" content=\"pt_BR\" \/>\n<meta property=\"og:type\" content=\"article\" \/>\n<meta property=\"og:title\" content=\"RICHARD WRIGHT\/PINK FLOYD: TEMPO PARA O TEMPO NESTE TEMPO DO TEMPO DAQUELE TEMPO... - R\u00e1dio Life FM\" \/>\n<meta property=\"og:description\" content=\"&nbsp; \u00a0\u201cO m\u00fasico Richard Wright, tecladista e um dos fundadores do PINK FLOYD, morreu ontem, aos 65 anos, v\u00edtima de um c\u00e2ncer. Wright tocou no primeiro \u00e1lbum da banda, \u00b4The Piper at the Gates of Dawn\u00b4 (1967), ao lado de Syd Barret, Roger Waters e Nick Mason\u201d in\u00a0 FOLHA DE S.PAULO, Ilustrada, Mem\u00f3ria, 16\/9\/2008. &nbsp; [&hellip;]\" \/>\n<meta property=\"og:url\" content=\"https:\/\/radiolifefm.com.br\/noticias\/richard-wright-pink-floyd-tempo-para-o-tempo-neste-tempo-do-tempo-daquele-tempo\/\" \/>\n<meta property=\"og:site_name\" content=\"R\u00e1dio Life FM\" \/>\n<meta property=\"article:publisher\" content=\"https:\/\/www.facebook.com\/radiolifefm\/\" \/>\n<meta property=\"article:published_time\" content=\"2023-08-16T11:20:12+00:00\" \/>\n<meta property=\"article:modified_time\" content=\"2026-04-12T16:14:30+00:00\" \/>\n<meta property=\"og:image\" content=\"https:\/\/radiolifefm.com.br\/noticias\/wp-content\/uploads\/2022\/04\/WhatsApp-Image-2022-04-10-at-18.43.02.jpeg\" \/>\n\t<meta property=\"og:image:width\" content=\"972\" \/>\n\t<meta property=\"og:image:height\" content=\"1296\" \/>\n\t<meta property=\"og:image:type\" content=\"image\/jpeg\" \/>\n<meta name=\"author\" content=\"ritanery\" \/>\n<meta name=\"twitter:card\" content=\"summary_large_image\" \/>\n<meta name=\"twitter:label1\" content=\"Escrito por\" \/>\n\t<meta name=\"twitter:data1\" content=\"ritanery\" \/>\n\t<meta name=\"twitter:label2\" content=\"Est. tempo de leitura\" \/>\n\t<meta name=\"twitter:data2\" content=\"3 minutos\" \/>\n<script type=\"application\/ld+json\" class=\"yoast-schema-graph\">{\"@context\":\"https:\/\/schema.org\",\"@graph\":[{\"@type\":\"Article\",\"@id\":\"https:\/\/radiolifefm.com.br\/noticias\/richard-wright-pink-floyd-tempo-para-o-tempo-neste-tempo-do-tempo-daquele-tempo\/#article\",\"isPartOf\":{\"@id\":\"https:\/\/radiolifefm.com.br\/noticias\/richard-wright-pink-floyd-tempo-para-o-tempo-neste-tempo-do-tempo-daquele-tempo\/\"},\"author\":{\"name\":\"ritanery\",\"@id\":\"https:\/\/radiolifefm.com.br\/noticias\/#\/schema\/person\/6339b9fac59d12b071dec680d7375d87\"},\"headline\":\"RICHARD WRIGHT\/PINK FLOYD: TEMPO PARA O TEMPO NESTE TEMPO DO TEMPO DAQUELE TEMPO&#8230;\",\"datePublished\":\"2023-08-16T11:20:12+00:00\",\"dateModified\":\"2026-04-12T16:14:30+00:00\",\"mainEntityOfPage\":{\"@id\":\"https:\/\/radiolifefm.com.br\/noticias\/richard-wright-pink-floyd-tempo-para-o-tempo-neste-tempo-do-tempo-daquele-tempo\/\"},\"wordCount\":512,\"publisher\":{\"@id\":\"https:\/\/radiolifefm.com.br\/noticias\/#organization\"},\"image\":{\"@id\":\"https:\/\/radiolifefm.com.br\/noticias\/richard-wright-pink-floyd-tempo-para-o-tempo-neste-tempo-do-tempo-daquele-tempo\/#primaryimage\"},\"thumbnailUrl\":\"https:\/\/radiolifefm.com.br\/noticias\/wp-content\/uploads\/2022\/04\/WhatsApp-Image-2022-04-10-at-18.43.02.jpeg\",\"articleSection\":[\"Opini\u00e3o\"],\"inLanguage\":\"pt-BR\"},{\"@type\":\"WebPage\",\"@id\":\"https:\/\/radiolifefm.com.br\/noticias\/richard-wright-pink-floyd-tempo-para-o-tempo-neste-tempo-do-tempo-daquele-tempo\/\",\"url\":\"https:\/\/radiolifefm.com.br\/noticias\/richard-wright-pink-floyd-tempo-para-o-tempo-neste-tempo-do-tempo-daquele-tempo\/\",\"name\":\"RICHARD WRIGHT\/PINK FLOYD: TEMPO PARA O TEMPO NESTE TEMPO DO TEMPO DAQUELE TEMPO... - R\u00e1dio Life FM\",\"isPartOf\":{\"@id\":\"https:\/\/radiolifefm.com.br\/noticias\/#website\"},\"primaryImageOfPage\":{\"@id\":\"https:\/\/radiolifefm.com.br\/noticias\/richard-wright-pink-floyd-tempo-para-o-tempo-neste-tempo-do-tempo-daquele-tempo\/#primaryimage\"},\"image\":{\"@id\":\"https:\/\/radiolifefm.com.br\/noticias\/richard-wright-pink-floyd-tempo-para-o-tempo-neste-tempo-do-tempo-daquele-tempo\/#primaryimage\"},\"thumbnailUrl\":\"https:\/\/radiolifefm.com.br\/noticias\/wp-content\/uploads\/2022\/04\/WhatsApp-Image-2022-04-10-at-18.43.02.jpeg\",\"datePublished\":\"2023-08-16T11:20:12+00:00\",\"dateModified\":\"2026-04-12T16:14:30+00:00\",\"breadcrumb\":{\"@id\":\"https:\/\/radiolifefm.com.br\/noticias\/richard-wright-pink-floyd-tempo-para-o-tempo-neste-tempo-do-tempo-daquele-tempo\/#breadcrumb\"},\"inLanguage\":\"pt-BR\",\"potentialAction\":[{\"@type\":\"ReadAction\",\"target\":[\"https:\/\/radiolifefm.com.br\/noticias\/richard-wright-pink-floyd-tempo-para-o-tempo-neste-tempo-do-tempo-daquele-tempo\/\"]}]},{\"@type\":\"ImageObject\",\"inLanguage\":\"pt-BR\",\"@id\":\"https:\/\/radiolifefm.com.br\/noticias\/richard-wright-pink-floyd-tempo-para-o-tempo-neste-tempo-do-tempo-daquele-tempo\/#primaryimage\",\"url\":\"https:\/\/radiolifefm.com.br\/noticias\/wp-content\/uploads\/2022\/04\/WhatsApp-Image-2022-04-10-at-18.43.02.jpeg\",\"contentUrl\":\"https:\/\/radiolifefm.com.br\/noticias\/wp-content\/uploads\/2022\/04\/WhatsApp-Image-2022-04-10-at-18.43.02.jpeg\",\"width\":972,\"height\":1296,\"caption\":\"S\u00e9rgio Barbosa\"},{\"@type\":\"BreadcrumbList\",\"@id\":\"https:\/\/radiolifefm.com.br\/noticias\/richard-wright-pink-floyd-tempo-para-o-tempo-neste-tempo-do-tempo-daquele-tempo\/#breadcrumb\",\"itemListElement\":[{\"@type\":\"ListItem\",\"position\":1,\"name\":\"In\u00edcio\",\"item\":\"https:\/\/radiolifefm.com.br\/noticias\/\"},{\"@type\":\"ListItem\",\"position\":2,\"name\":\"RICHARD WRIGHT\/PINK FLOYD: TEMPO PARA O TEMPO NESTE TEMPO DO TEMPO DAQUELE TEMPO&#8230;\"}]},{\"@type\":\"WebSite\",\"@id\":\"https:\/\/radiolifefm.com.br\/noticias\/#website\",\"url\":\"https:\/\/radiolifefm.com.br\/noticias\/\",\"name\":\"R\u00e1dio Life FM\",\"description\":\"O Portal de Not\u00edcias de Adamantina\",\"publisher\":{\"@id\":\"https:\/\/radiolifefm.com.br\/noticias\/#organization\"},\"alternateName\":\"Life FM\",\"potentialAction\":[{\"@type\":\"SearchAction\",\"target\":{\"@type\":\"EntryPoint\",\"urlTemplate\":\"https:\/\/radiolifefm.com.br\/noticias\/?s={search_term_string}\"},\"query-input\":{\"@type\":\"PropertyValueSpecification\",\"valueRequired\":true,\"valueName\":\"search_term_string\"}}],\"inLanguage\":\"pt-BR\"},{\"@type\":\"Organization\",\"@id\":\"https:\/\/radiolifefm.com.br\/noticias\/#organization\",\"name\":\"R\u00e1dio Life FM\",\"alternateName\":\"Life FM\",\"url\":\"https:\/\/radiolifefm.com.br\/noticias\/\",\"logo\":{\"@type\":\"ImageObject\",\"inLanguage\":\"pt-BR\",\"@id\":\"https:\/\/radiolifefm.com.br\/noticias\/#\/schema\/logo\/image\/\",\"url\":\"https:\/\/static.radiolifefm.com.br\/noticias\/wp-content\/uploads\/2019\/10\/logo-lifefm.png\",\"contentUrl\":\"https:\/\/static.radiolifefm.com.br\/noticias\/wp-content\/uploads\/2019\/10\/logo-lifefm.png\",\"width\":196,\"height\":47,\"caption\":\"R\u00e1dio Life FM\"},\"image\":{\"@id\":\"https:\/\/radiolifefm.com.br\/noticias\/#\/schema\/logo\/image\/\"},\"sameAs\":[\"https:\/\/www.facebook.com\/radiolifefm\/\",\"https:\/\/www.instagram.com\/life1079fm\/\"]},{\"@type\":\"Person\",\"@id\":\"https:\/\/radiolifefm.com.br\/noticias\/#\/schema\/person\/6339b9fac59d12b071dec680d7375d87\",\"name\":\"ritanery\",\"image\":{\"@type\":\"ImageObject\",\"inLanguage\":\"pt-BR\",\"@id\":\"https:\/\/secure.gravatar.com\/avatar\/0e37bb19071f47c0b8a23f62a903df117c5a0e75f65a0c2901562f97cd41cf86?s=96&d=mm&r=g\",\"url\":\"https:\/\/secure.gravatar.com\/avatar\/0e37bb19071f47c0b8a23f62a903df117c5a0e75f65a0c2901562f97cd41cf86?s=96&d=mm&r=g\",\"contentUrl\":\"https:\/\/secure.gravatar.com\/avatar\/0e37bb19071f47c0b8a23f62a903df117c5a0e75f65a0c2901562f97cd41cf86?s=96&d=mm&r=g\",\"caption\":\"ritanery\"}}]}<\/script>\n<!-- \/ Yoast SEO plugin. -->","yoast_head_json":{"title":"RICHARD WRIGHT\/PINK FLOYD: TEMPO PARA O TEMPO NESTE TEMPO DO TEMPO DAQUELE TEMPO... - R\u00e1dio Life FM","robots":{"index":"index","follow":"follow","max-snippet":"max-snippet:-1","max-image-preview":"max-image-preview:large","max-video-preview":"max-video-preview:-1"},"canonical":"https:\/\/radiolifefm.com.br\/noticias\/richard-wright-pink-floyd-tempo-para-o-tempo-neste-tempo-do-tempo-daquele-tempo\/","og_locale":"pt_BR","og_type":"article","og_title":"RICHARD WRIGHT\/PINK FLOYD: TEMPO PARA O TEMPO NESTE TEMPO DO TEMPO DAQUELE TEMPO... - R\u00e1dio Life FM","og_description":"&nbsp; \u00a0\u201cO m\u00fasico Richard Wright, tecladista e um dos fundadores do PINK FLOYD, morreu ontem, aos 65 anos, v\u00edtima de um c\u00e2ncer. Wright tocou no primeiro \u00e1lbum da banda, \u00b4The Piper at the Gates of Dawn\u00b4 (1967), ao lado de Syd Barret, Roger Waters e Nick Mason\u201d in\u00a0 FOLHA DE S.PAULO, Ilustrada, Mem\u00f3ria, 16\/9\/2008. &nbsp; [&hellip;]","og_url":"https:\/\/radiolifefm.com.br\/noticias\/richard-wright-pink-floyd-tempo-para-o-tempo-neste-tempo-do-tempo-daquele-tempo\/","og_site_name":"R\u00e1dio Life FM","article_publisher":"https:\/\/www.facebook.com\/radiolifefm\/","article_published_time":"2023-08-16T11:20:12+00:00","article_modified_time":"2026-04-12T16:14:30+00:00","og_image":[{"width":972,"height":1296,"url":"https:\/\/radiolifefm.com.br\/noticias\/wp-content\/uploads\/2022\/04\/WhatsApp-Image-2022-04-10-at-18.43.02.jpeg","type":"image\/jpeg"}],"author":"ritanery","twitter_card":"summary_large_image","twitter_misc":{"Escrito por":"ritanery","Est. tempo de leitura":"3 minutos"},"schema":{"@context":"https:\/\/schema.org","@graph":[{"@type":"Article","@id":"https:\/\/radiolifefm.com.br\/noticias\/richard-wright-pink-floyd-tempo-para-o-tempo-neste-tempo-do-tempo-daquele-tempo\/#article","isPartOf":{"@id":"https:\/\/radiolifefm.com.br\/noticias\/richard-wright-pink-floyd-tempo-para-o-tempo-neste-tempo-do-tempo-daquele-tempo\/"},"author":{"name":"ritanery","@id":"https:\/\/radiolifefm.com.br\/noticias\/#\/schema\/person\/6339b9fac59d12b071dec680d7375d87"},"headline":"RICHARD WRIGHT\/PINK FLOYD: TEMPO PARA O TEMPO NESTE TEMPO DO TEMPO DAQUELE TEMPO&#8230;","datePublished":"2023-08-16T11:20:12+00:00","dateModified":"2026-04-12T16:14:30+00:00","mainEntityOfPage":{"@id":"https:\/\/radiolifefm.com.br\/noticias\/richard-wright-pink-floyd-tempo-para-o-tempo-neste-tempo-do-tempo-daquele-tempo\/"},"wordCount":512,"publisher":{"@id":"https:\/\/radiolifefm.com.br\/noticias\/#organization"},"image":{"@id":"https:\/\/radiolifefm.com.br\/noticias\/richard-wright-pink-floyd-tempo-para-o-tempo-neste-tempo-do-tempo-daquele-tempo\/#primaryimage"},"thumbnailUrl":"https:\/\/radiolifefm.com.br\/noticias\/wp-content\/uploads\/2022\/04\/WhatsApp-Image-2022-04-10-at-18.43.02.jpeg","articleSection":["Opini\u00e3o"],"inLanguage":"pt-BR"},{"@type":"WebPage","@id":"https:\/\/radiolifefm.com.br\/noticias\/richard-wright-pink-floyd-tempo-para-o-tempo-neste-tempo-do-tempo-daquele-tempo\/","url":"https:\/\/radiolifefm.com.br\/noticias\/richard-wright-pink-floyd-tempo-para-o-tempo-neste-tempo-do-tempo-daquele-tempo\/","name":"RICHARD WRIGHT\/PINK FLOYD: TEMPO PARA O TEMPO NESTE TEMPO DO TEMPO DAQUELE TEMPO... - R\u00e1dio Life FM","isPartOf":{"@id":"https:\/\/radiolifefm.com.br\/noticias\/#website"},"primaryImageOfPage":{"@id":"https:\/\/radiolifefm.com.br\/noticias\/richard-wright-pink-floyd-tempo-para-o-tempo-neste-tempo-do-tempo-daquele-tempo\/#primaryimage"},"image":{"@id":"https:\/\/radiolifefm.com.br\/noticias\/richard-wright-pink-floyd-tempo-para-o-tempo-neste-tempo-do-tempo-daquele-tempo\/#primaryimage"},"thumbnailUrl":"https:\/\/radiolifefm.com.br\/noticias\/wp-content\/uploads\/2022\/04\/WhatsApp-Image-2022-04-10-at-18.43.02.jpeg","datePublished":"2023-08-16T11:20:12+00:00","dateModified":"2026-04-12T16:14:30+00:00","breadcrumb":{"@id":"https:\/\/radiolifefm.com.br\/noticias\/richard-wright-pink-floyd-tempo-para-o-tempo-neste-tempo-do-tempo-daquele-tempo\/#breadcrumb"},"inLanguage":"pt-BR","potentialAction":[{"@type":"ReadAction","target":["https:\/\/radiolifefm.com.br\/noticias\/richard-wright-pink-floyd-tempo-para-o-tempo-neste-tempo-do-tempo-daquele-tempo\/"]}]},{"@type":"ImageObject","inLanguage":"pt-BR","@id":"https:\/\/radiolifefm.com.br\/noticias\/richard-wright-pink-floyd-tempo-para-o-tempo-neste-tempo-do-tempo-daquele-tempo\/#primaryimage","url":"https:\/\/radiolifefm.com.br\/noticias\/wp-content\/uploads\/2022\/04\/WhatsApp-Image-2022-04-10-at-18.43.02.jpeg","contentUrl":"https:\/\/radiolifefm.com.br\/noticias\/wp-content\/uploads\/2022\/04\/WhatsApp-Image-2022-04-10-at-18.43.02.jpeg","width":972,"height":1296,"caption":"S\u00e9rgio Barbosa"},{"@type":"BreadcrumbList","@id":"https:\/\/radiolifefm.com.br\/noticias\/richard-wright-pink-floyd-tempo-para-o-tempo-neste-tempo-do-tempo-daquele-tempo\/#breadcrumb","itemListElement":[{"@type":"ListItem","position":1,"name":"In\u00edcio","item":"https:\/\/radiolifefm.com.br\/noticias\/"},{"@type":"ListItem","position":2,"name":"RICHARD WRIGHT\/PINK FLOYD: TEMPO PARA O TEMPO NESTE TEMPO DO TEMPO DAQUELE TEMPO&#8230;"}]},{"@type":"WebSite","@id":"https:\/\/radiolifefm.com.br\/noticias\/#website","url":"https:\/\/radiolifefm.com.br\/noticias\/","name":"R\u00e1dio Life FM","description":"O Portal de Not\u00edcias de Adamantina","publisher":{"@id":"https:\/\/radiolifefm.com.br\/noticias\/#organization"},"alternateName":"Life FM","potentialAction":[{"@type":"SearchAction","target":{"@type":"EntryPoint","urlTemplate":"https:\/\/radiolifefm.com.br\/noticias\/?s={search_term_string}"},"query-input":{"@type":"PropertyValueSpecification","valueRequired":true,"valueName":"search_term_string"}}],"inLanguage":"pt-BR"},{"@type":"Organization","@id":"https:\/\/radiolifefm.com.br\/noticias\/#organization","name":"R\u00e1dio Life FM","alternateName":"Life FM","url":"https:\/\/radiolifefm.com.br\/noticias\/","logo":{"@type":"ImageObject","inLanguage":"pt-BR","@id":"https:\/\/radiolifefm.com.br\/noticias\/#\/schema\/logo\/image\/","url":"https:\/\/static.radiolifefm.com.br\/noticias\/wp-content\/uploads\/2019\/10\/logo-lifefm.png","contentUrl":"https:\/\/static.radiolifefm.com.br\/noticias\/wp-content\/uploads\/2019\/10\/logo-lifefm.png","width":196,"height":47,"caption":"R\u00e1dio Life FM"},"image":{"@id":"https:\/\/radiolifefm.com.br\/noticias\/#\/schema\/logo\/image\/"},"sameAs":["https:\/\/www.facebook.com\/radiolifefm\/","https:\/\/www.instagram.com\/life1079fm\/"]},{"@type":"Person","@id":"https:\/\/radiolifefm.com.br\/noticias\/#\/schema\/person\/6339b9fac59d12b071dec680d7375d87","name":"ritanery","image":{"@type":"ImageObject","inLanguage":"pt-BR","@id":"https:\/\/secure.gravatar.com\/avatar\/0e37bb19071f47c0b8a23f62a903df117c5a0e75f65a0c2901562f97cd41cf86?s=96&d=mm&r=g","url":"https:\/\/secure.gravatar.com\/avatar\/0e37bb19071f47c0b8a23f62a903df117c5a0e75f65a0c2901562f97cd41cf86?s=96&d=mm&r=g","contentUrl":"https:\/\/secure.gravatar.com\/avatar\/0e37bb19071f47c0b8a23f62a903df117c5a0e75f65a0c2901562f97cd41cf86?s=96&d=mm&r=g","caption":"ritanery"}}]}},"amp_enabled":true,"_links":{"self":[{"href":"https:\/\/radiolifefm.com.br\/noticias\/wp-json\/wp\/v2\/posts\/75146","targetHints":{"allow":["GET"]}}],"collection":[{"href":"https:\/\/radiolifefm.com.br\/noticias\/wp-json\/wp\/v2\/posts"}],"about":[{"href":"https:\/\/radiolifefm.com.br\/noticias\/wp-json\/wp\/v2\/types\/post"}],"author":[{"embeddable":true,"href":"https:\/\/radiolifefm.com.br\/noticias\/wp-json\/wp\/v2\/users\/13"}],"replies":[{"embeddable":true,"href":"https:\/\/radiolifefm.com.br\/noticias\/wp-json\/wp\/v2\/comments?post=75146"}],"version-history":[{"count":1,"href":"https:\/\/radiolifefm.com.br\/noticias\/wp-json\/wp\/v2\/posts\/75146\/revisions"}],"predecessor-version":[{"id":75147,"href":"https:\/\/radiolifefm.com.br\/noticias\/wp-json\/wp\/v2\/posts\/75146\/revisions\/75147"}],"wp:featuredmedia":[{"embeddable":true,"href":"https:\/\/radiolifefm.com.br\/noticias\/wp-json\/wp\/v2\/media\/51988"}],"wp:attachment":[{"href":"https:\/\/radiolifefm.com.br\/noticias\/wp-json\/wp\/v2\/media?parent=75146"}],"wp:term":[{"taxonomy":"category","embeddable":true,"href":"https:\/\/radiolifefm.com.br\/noticias\/wp-json\/wp\/v2\/categories?post=75146"},{"taxonomy":"post_tag","embeddable":true,"href":"https:\/\/radiolifefm.com.br\/noticias\/wp-json\/wp\/v2\/tags?post=75146"}],"curies":[{"name":"wp","href":"https:\/\/api.w.org\/{rel}","templated":true}]}}