{"id":75033,"date":"2023-08-14T07:52:51","date_gmt":"2023-08-14T10:52:51","guid":{"rendered":"https:\/\/radiolifefm.com.br\/noticias\/?p=75033"},"modified":"2026-04-12T04:37:00","modified_gmt":"2026-04-12T07:37:00","slug":"perdido-numa-fazenda-provinciana","status":"publish","type":"post","link":"https:\/\/radiolifefm.com.br\/noticias\/perdido-numa-fazenda-provinciana\/","title":{"rendered":"PERDIDO NUMA FAZENDA PROVINCIANA&#8230;"},"content":{"rendered":"<div id=\"fb-root\"><\/div>\n<p>&nbsp;<\/p>\n<p>&nbsp;<\/p>\n<p><em>\u201cPro que aguardas as coisas com impaci\u00eancia? Se elas s\u00e3o in\u00fateis para tua vida, in\u00fatil tamb\u00e9m \u00e9 aguard\u00e1-las. Se s\u00e3o necess\u00e1rias, elas vir\u00e3o e h\u00e3o de vir a tempo\u201d.\u00a0 (Amado Nervo)<\/em><\/p>\n<p>&nbsp;<\/p>\n<p><strong><em>S\u00e9rgio Barbosa (*)<\/em><\/strong><\/p>\n<p>&nbsp;<\/p>\n<p>Era uma vez, num outro tempo, um rico propriet\u00e1rio de terras, tamb\u00e9m, possu\u00eda outras empresas afins aos seus neg\u00f3cios, o dono destes bens, casou-se e teve filhos e filhas com a sua mulher primeira como eram as coisas nos bons e velhos tempos&#8230;<\/p>\n<p>A fam\u00edlia seguiu o seu caminho da melhor forma poss\u00edvel, afinal de contas, dono de terras na \u00e1rea provinciana, ainda mais naquele tempo, era sin\u00f4nimo de poder e \u201cstatus quo\u201d para os abastados fazendeiros&#8230;<\/p>\n<p>O tempo passou, n\u00e3o muito r\u00e1pido, por\u00e9m, os filhos, herdeiros deste rico fazendeiro, cresceram na sombra do poder sobre o poder em busca do crescimento empresarial para um futuro de acordo com os objetivos da fam\u00edlia&#8230;<\/p>\n<p>Como sempre, nem todos os filhos acabam tocando o apito do pai nesta correria pela busca do sucesso em ritmo de prov\u00edncia, mas, ainda bem que os outros filhos correram atr\u00e1s do lucro e n\u00e3o do preju\u00edzo como afirma o dito mais do que popular&#8230;<\/p>\n<p>De \u201cpito para o apito\u201d, um dos filhos cresceu a sombra de uma pra\u00e7a e seguiu o seu caminho, claro, de acordo com a sua cria\u00e7\u00e3o provinciana, n\u00e3o se podia acreditar muito neste filho, afinal de contas, os outros estavam de acordo com o apito do pai que investiu o patrim\u00f4nio em nome da fam\u00edlia como reza a tradi\u00e7\u00e3o dos grandes fazendeiros de outrora, quando tudo era apenas uma quest\u00e3o de cabe\u00e7a de gado e nada mais&#8230;<\/p>\n<p>Afirma um dos provincianos, que muitos moradores, continuam com \u201cmente bovina\u201d por estes lados, portanto, \u00e9 importante tomar muito cuidado, caso contr\u00e1rio, pode se encontrar com uma boiada numa esquina qualquer, com as porteiras abertas da fazenda, tudo pode acontecer para um ou mais lados em busca do poder meio institucionalizado pelo voto popular em ritmo de minoria democr\u00e1tica&#8230;<\/p>\n<p>No mais, o tempo passou e o tal filho cresceu em ritmo lento, enquanto os demais buscaram um lugar ao sol como dizia o s\u00e1bio pai para a fam\u00edlia, mas, afirma, tamb\u00e9m, outro dito popular, \u201cnem todos os dedos da m\u00e3o s\u00e3o iguais\u201d, todavia, dizem que a \u201cuni\u00e3o faz a for\u00e7a\u201d, assim, enquanto os irm\u00e3os trabalhavam, o outro, ficava a ver navios numa praia sem mar ou \u00e1gua doce de um rio sem peixe&#8230;<\/p>\n<p>Mas, quisera o destino que este filho fosse picado pela mosca do poder, neste caso, com apoio dos demais interessados no poder pelo poder, deixou as coisas na fazenda e saiu em busca de uma verdade sem crit\u00e9rio para um desencontro a mais com o outro lado, talvez, uma busca pela s\u00edndrome de uma \u201ccatarse\u201d das respostas para uma fal\u00eancia do lado familiar, quando as pessoas, busca apenas estar e se esquecem de ser&#8230;<\/p>\n<p>Al\u00e9m do mais, fora deste cen\u00e1rio provinciano, pode-se vagar pelas madrugadas sem fim de uma cidade que dorme, enquanto, alguns ve\u00edculos rodam com os vidros escuros fechados para disfar\u00e7ar o predador provinciano&#8230;<\/p>\n<p>De que vale se preocupar com o outro poder, quando, n\u00e3o se pode dar conta do compromisso assumido com o seu lado, tamb\u00e9m, conduzir boiada \u00e9 uma coisa, outra coisa \u00e9 comandar pessoas, a n\u00e3o ser que tudo seja como cantou o grande maestro da MPB, \u201cZ\u00e9 Ramalho\u201d na sua obra magistral do outro tempo, a saber: \u201cAdmir\u00e1vel Gado Novo\u201d&#8230;<\/p>\n<p>QUEM SOBREVIVER VAI SABER&#8230;<\/p>\n<p><strong><em>_____________________________________<\/em><\/strong><\/p>\n<p><strong><em>(*) Jornalista profissional diplomado.<\/em><\/strong><\/p>\n<p><strong><em>e-mail: <a href=\"mailto:barbosa.sebar@gmail.com\">barbosa.sebar@gmail.com<\/a><\/em><\/strong><\/p>\n","protected":false},"excerpt":{"rendered":"<p>&nbsp; &nbsp; \u201cPro que aguardas as coisas com impaci\u00eancia? Se elas s\u00e3o in\u00fateis para tua vida, in\u00fatil tamb\u00e9m \u00e9 aguard\u00e1-las. Se s\u00e3o necess\u00e1rias, elas vir\u00e3o e h\u00e3o de vir a tempo\u201d.\u00a0 (Amado Nervo) &nbsp; S\u00e9rgio Barbosa (*) &nbsp; Era uma vez, num outro tempo, um rico propriet\u00e1rio de terras, tamb\u00e9m, possu\u00eda outras empresas afins aos [&hellip;]<\/p>\n","protected":false},"author":13,"featured_media":51988,"comment_status":"closed","ping_status":"open","sticky":false,"template":"","format":"standard","meta":{"_acf_changed":false,"_exactmetrics_skip_tracking":false,"_exactmetrics_sitenote_active":false,"_exactmetrics_sitenote_note":"","_exactmetrics_sitenote_category":0,"footnotes":""},"categories":[59],"tags":[],"class_list":["post-75033","post","type-post","status-publish","format-standard","has-post-thumbnail","hentry","category-opiniao"],"acf":[],"yoast_head":"<!-- This site is optimized with the Yoast SEO plugin v27.2 - https:\/\/yoast.com\/product\/yoast-seo-wordpress\/ -->\n<title>PERDIDO NUMA FAZENDA PROVINCIANA... - R\u00e1dio Life FM<\/title>\n<meta name=\"robots\" content=\"index, follow, max-snippet:-1, max-image-preview:large, max-video-preview:-1\" \/>\n<link rel=\"canonical\" href=\"https:\/\/radiolifefm.com.br\/noticias\/perdido-numa-fazenda-provinciana\/\" \/>\n<meta property=\"og:locale\" content=\"pt_BR\" \/>\n<meta property=\"og:type\" content=\"article\" \/>\n<meta property=\"og:title\" content=\"PERDIDO NUMA FAZENDA PROVINCIANA... - R\u00e1dio Life FM\" \/>\n<meta property=\"og:description\" content=\"&nbsp; &nbsp; \u201cPro que aguardas as coisas com impaci\u00eancia? Se elas s\u00e3o in\u00fateis para tua vida, in\u00fatil tamb\u00e9m \u00e9 aguard\u00e1-las. Se s\u00e3o necess\u00e1rias, elas vir\u00e3o e h\u00e3o de vir a tempo\u201d.\u00a0 (Amado Nervo) &nbsp; S\u00e9rgio Barbosa (*) &nbsp; Era uma vez, num outro tempo, um rico propriet\u00e1rio de terras, tamb\u00e9m, possu\u00eda outras empresas afins aos [&hellip;]\" \/>\n<meta property=\"og:url\" content=\"https:\/\/radiolifefm.com.br\/noticias\/perdido-numa-fazenda-provinciana\/\" \/>\n<meta property=\"og:site_name\" content=\"R\u00e1dio Life FM\" \/>\n<meta property=\"article:publisher\" content=\"https:\/\/www.facebook.com\/radiolifefm\/\" \/>\n<meta property=\"article:published_time\" content=\"2023-08-14T10:52:51+00:00\" \/>\n<meta property=\"article:modified_time\" content=\"2026-04-12T07:37:00+00:00\" \/>\n<meta property=\"og:image\" content=\"https:\/\/radiolifefm.com.br\/noticias\/wp-content\/uploads\/2022\/04\/WhatsApp-Image-2022-04-10-at-18.43.02.jpeg\" \/>\n\t<meta property=\"og:image:width\" content=\"972\" \/>\n\t<meta property=\"og:image:height\" content=\"1296\" \/>\n\t<meta property=\"og:image:type\" content=\"image\/jpeg\" \/>\n<meta name=\"author\" content=\"ritanery\" \/>\n<meta name=\"twitter:card\" content=\"summary_large_image\" \/>\n<meta name=\"twitter:label1\" content=\"Escrito por\" \/>\n\t<meta name=\"twitter:data1\" content=\"ritanery\" \/>\n\t<meta name=\"twitter:label2\" content=\"Est. tempo de leitura\" \/>\n\t<meta name=\"twitter:data2\" content=\"4 minutos\" \/>\n<script type=\"application\/ld+json\" class=\"yoast-schema-graph\">{\"@context\":\"https:\/\/schema.org\",\"@graph\":[{\"@type\":\"Article\",\"@id\":\"https:\/\/radiolifefm.com.br\/noticias\/perdido-numa-fazenda-provinciana\/#article\",\"isPartOf\":{\"@id\":\"https:\/\/radiolifefm.com.br\/noticias\/perdido-numa-fazenda-provinciana\/\"},\"author\":{\"name\":\"ritanery\",\"@id\":\"https:\/\/radiolifefm.com.br\/noticias\/#\/schema\/person\/6339b9fac59d12b071dec680d7375d87\"},\"headline\":\"PERDIDO NUMA FAZENDA PROVINCIANA&#8230;\",\"datePublished\":\"2023-08-14T10:52:51+00:00\",\"dateModified\":\"2026-04-12T07:37:00+00:00\",\"mainEntityOfPage\":{\"@id\":\"https:\/\/radiolifefm.com.br\/noticias\/perdido-numa-fazenda-provinciana\/\"},\"wordCount\":638,\"publisher\":{\"@id\":\"https:\/\/radiolifefm.com.br\/noticias\/#organization\"},\"image\":{\"@id\":\"https:\/\/radiolifefm.com.br\/noticias\/perdido-numa-fazenda-provinciana\/#primaryimage\"},\"thumbnailUrl\":\"https:\/\/radiolifefm.com.br\/noticias\/wp-content\/uploads\/2022\/04\/WhatsApp-Image-2022-04-10-at-18.43.02.jpeg\",\"articleSection\":[\"Opini\u00e3o\"],\"inLanguage\":\"pt-BR\"},{\"@type\":\"WebPage\",\"@id\":\"https:\/\/radiolifefm.com.br\/noticias\/perdido-numa-fazenda-provinciana\/\",\"url\":\"https:\/\/radiolifefm.com.br\/noticias\/perdido-numa-fazenda-provinciana\/\",\"name\":\"PERDIDO NUMA FAZENDA PROVINCIANA... - R\u00e1dio Life FM\",\"isPartOf\":{\"@id\":\"https:\/\/radiolifefm.com.br\/noticias\/#website\"},\"primaryImageOfPage\":{\"@id\":\"https:\/\/radiolifefm.com.br\/noticias\/perdido-numa-fazenda-provinciana\/#primaryimage\"},\"image\":{\"@id\":\"https:\/\/radiolifefm.com.br\/noticias\/perdido-numa-fazenda-provinciana\/#primaryimage\"},\"thumbnailUrl\":\"https:\/\/radiolifefm.com.br\/noticias\/wp-content\/uploads\/2022\/04\/WhatsApp-Image-2022-04-10-at-18.43.02.jpeg\",\"datePublished\":\"2023-08-14T10:52:51+00:00\",\"dateModified\":\"2026-04-12T07:37:00+00:00\",\"breadcrumb\":{\"@id\":\"https:\/\/radiolifefm.com.br\/noticias\/perdido-numa-fazenda-provinciana\/#breadcrumb\"},\"inLanguage\":\"pt-BR\",\"potentialAction\":[{\"@type\":\"ReadAction\",\"target\":[\"https:\/\/radiolifefm.com.br\/noticias\/perdido-numa-fazenda-provinciana\/\"]}]},{\"@type\":\"ImageObject\",\"inLanguage\":\"pt-BR\",\"@id\":\"https:\/\/radiolifefm.com.br\/noticias\/perdido-numa-fazenda-provinciana\/#primaryimage\",\"url\":\"https:\/\/radiolifefm.com.br\/noticias\/wp-content\/uploads\/2022\/04\/WhatsApp-Image-2022-04-10-at-18.43.02.jpeg\",\"contentUrl\":\"https:\/\/radiolifefm.com.br\/noticias\/wp-content\/uploads\/2022\/04\/WhatsApp-Image-2022-04-10-at-18.43.02.jpeg\",\"width\":972,\"height\":1296,\"caption\":\"S\u00e9rgio Barbosa\"},{\"@type\":\"BreadcrumbList\",\"@id\":\"https:\/\/radiolifefm.com.br\/noticias\/perdido-numa-fazenda-provinciana\/#breadcrumb\",\"itemListElement\":[{\"@type\":\"ListItem\",\"position\":1,\"name\":\"In\u00edcio\",\"item\":\"https:\/\/radiolifefm.com.br\/noticias\/\"},{\"@type\":\"ListItem\",\"position\":2,\"name\":\"PERDIDO NUMA FAZENDA PROVINCIANA&#8230;\"}]},{\"@type\":\"WebSite\",\"@id\":\"https:\/\/radiolifefm.com.br\/noticias\/#website\",\"url\":\"https:\/\/radiolifefm.com.br\/noticias\/\",\"name\":\"R\u00e1dio Life FM\",\"description\":\"O Portal de Not\u00edcias de Adamantina\",\"publisher\":{\"@id\":\"https:\/\/radiolifefm.com.br\/noticias\/#organization\"},\"alternateName\":\"Life FM\",\"potentialAction\":[{\"@type\":\"SearchAction\",\"target\":{\"@type\":\"EntryPoint\",\"urlTemplate\":\"https:\/\/radiolifefm.com.br\/noticias\/?s={search_term_string}\"},\"query-input\":{\"@type\":\"PropertyValueSpecification\",\"valueRequired\":true,\"valueName\":\"search_term_string\"}}],\"inLanguage\":\"pt-BR\"},{\"@type\":\"Organization\",\"@id\":\"https:\/\/radiolifefm.com.br\/noticias\/#organization\",\"name\":\"R\u00e1dio Life FM\",\"alternateName\":\"Life FM\",\"url\":\"https:\/\/radiolifefm.com.br\/noticias\/\",\"logo\":{\"@type\":\"ImageObject\",\"inLanguage\":\"pt-BR\",\"@id\":\"https:\/\/radiolifefm.com.br\/noticias\/#\/schema\/logo\/image\/\",\"url\":\"https:\/\/static.radiolifefm.com.br\/noticias\/wp-content\/uploads\/2019\/10\/logo-lifefm.png\",\"contentUrl\":\"https:\/\/static.radiolifefm.com.br\/noticias\/wp-content\/uploads\/2019\/10\/logo-lifefm.png\",\"width\":196,\"height\":47,\"caption\":\"R\u00e1dio Life FM\"},\"image\":{\"@id\":\"https:\/\/radiolifefm.com.br\/noticias\/#\/schema\/logo\/image\/\"},\"sameAs\":[\"https:\/\/www.facebook.com\/radiolifefm\/\",\"https:\/\/www.instagram.com\/life1079fm\/\"]},{\"@type\":\"Person\",\"@id\":\"https:\/\/radiolifefm.com.br\/noticias\/#\/schema\/person\/6339b9fac59d12b071dec680d7375d87\",\"name\":\"ritanery\",\"image\":{\"@type\":\"ImageObject\",\"inLanguage\":\"pt-BR\",\"@id\":\"https:\/\/secure.gravatar.com\/avatar\/0e37bb19071f47c0b8a23f62a903df117c5a0e75f65a0c2901562f97cd41cf86?s=96&d=mm&r=g\",\"url\":\"https:\/\/secure.gravatar.com\/avatar\/0e37bb19071f47c0b8a23f62a903df117c5a0e75f65a0c2901562f97cd41cf86?s=96&d=mm&r=g\",\"contentUrl\":\"https:\/\/secure.gravatar.com\/avatar\/0e37bb19071f47c0b8a23f62a903df117c5a0e75f65a0c2901562f97cd41cf86?s=96&d=mm&r=g\",\"caption\":\"ritanery\"}}]}<\/script>\n<!-- \/ Yoast SEO plugin. -->","yoast_head_json":{"title":"PERDIDO NUMA FAZENDA PROVINCIANA... - R\u00e1dio Life FM","robots":{"index":"index","follow":"follow","max-snippet":"max-snippet:-1","max-image-preview":"max-image-preview:large","max-video-preview":"max-video-preview:-1"},"canonical":"https:\/\/radiolifefm.com.br\/noticias\/perdido-numa-fazenda-provinciana\/","og_locale":"pt_BR","og_type":"article","og_title":"PERDIDO NUMA FAZENDA PROVINCIANA... - R\u00e1dio Life FM","og_description":"&nbsp; &nbsp; \u201cPro que aguardas as coisas com impaci\u00eancia? Se elas s\u00e3o in\u00fateis para tua vida, in\u00fatil tamb\u00e9m \u00e9 aguard\u00e1-las. Se s\u00e3o necess\u00e1rias, elas vir\u00e3o e h\u00e3o de vir a tempo\u201d.\u00a0 (Amado Nervo) &nbsp; S\u00e9rgio Barbosa (*) &nbsp; Era uma vez, num outro tempo, um rico propriet\u00e1rio de terras, tamb\u00e9m, possu\u00eda outras empresas afins aos [&hellip;]","og_url":"https:\/\/radiolifefm.com.br\/noticias\/perdido-numa-fazenda-provinciana\/","og_site_name":"R\u00e1dio Life FM","article_publisher":"https:\/\/www.facebook.com\/radiolifefm\/","article_published_time":"2023-08-14T10:52:51+00:00","article_modified_time":"2026-04-12T07:37:00+00:00","og_image":[{"width":972,"height":1296,"url":"https:\/\/radiolifefm.com.br\/noticias\/wp-content\/uploads\/2022\/04\/WhatsApp-Image-2022-04-10-at-18.43.02.jpeg","type":"image\/jpeg"}],"author":"ritanery","twitter_card":"summary_large_image","twitter_misc":{"Escrito por":"ritanery","Est. tempo de leitura":"4 minutos"},"schema":{"@context":"https:\/\/schema.org","@graph":[{"@type":"Article","@id":"https:\/\/radiolifefm.com.br\/noticias\/perdido-numa-fazenda-provinciana\/#article","isPartOf":{"@id":"https:\/\/radiolifefm.com.br\/noticias\/perdido-numa-fazenda-provinciana\/"},"author":{"name":"ritanery","@id":"https:\/\/radiolifefm.com.br\/noticias\/#\/schema\/person\/6339b9fac59d12b071dec680d7375d87"},"headline":"PERDIDO NUMA FAZENDA PROVINCIANA&#8230;","datePublished":"2023-08-14T10:52:51+00:00","dateModified":"2026-04-12T07:37:00+00:00","mainEntityOfPage":{"@id":"https:\/\/radiolifefm.com.br\/noticias\/perdido-numa-fazenda-provinciana\/"},"wordCount":638,"publisher":{"@id":"https:\/\/radiolifefm.com.br\/noticias\/#organization"},"image":{"@id":"https:\/\/radiolifefm.com.br\/noticias\/perdido-numa-fazenda-provinciana\/#primaryimage"},"thumbnailUrl":"https:\/\/radiolifefm.com.br\/noticias\/wp-content\/uploads\/2022\/04\/WhatsApp-Image-2022-04-10-at-18.43.02.jpeg","articleSection":["Opini\u00e3o"],"inLanguage":"pt-BR"},{"@type":"WebPage","@id":"https:\/\/radiolifefm.com.br\/noticias\/perdido-numa-fazenda-provinciana\/","url":"https:\/\/radiolifefm.com.br\/noticias\/perdido-numa-fazenda-provinciana\/","name":"PERDIDO NUMA FAZENDA PROVINCIANA... - R\u00e1dio Life FM","isPartOf":{"@id":"https:\/\/radiolifefm.com.br\/noticias\/#website"},"primaryImageOfPage":{"@id":"https:\/\/radiolifefm.com.br\/noticias\/perdido-numa-fazenda-provinciana\/#primaryimage"},"image":{"@id":"https:\/\/radiolifefm.com.br\/noticias\/perdido-numa-fazenda-provinciana\/#primaryimage"},"thumbnailUrl":"https:\/\/radiolifefm.com.br\/noticias\/wp-content\/uploads\/2022\/04\/WhatsApp-Image-2022-04-10-at-18.43.02.jpeg","datePublished":"2023-08-14T10:52:51+00:00","dateModified":"2026-04-12T07:37:00+00:00","breadcrumb":{"@id":"https:\/\/radiolifefm.com.br\/noticias\/perdido-numa-fazenda-provinciana\/#breadcrumb"},"inLanguage":"pt-BR","potentialAction":[{"@type":"ReadAction","target":["https:\/\/radiolifefm.com.br\/noticias\/perdido-numa-fazenda-provinciana\/"]}]},{"@type":"ImageObject","inLanguage":"pt-BR","@id":"https:\/\/radiolifefm.com.br\/noticias\/perdido-numa-fazenda-provinciana\/#primaryimage","url":"https:\/\/radiolifefm.com.br\/noticias\/wp-content\/uploads\/2022\/04\/WhatsApp-Image-2022-04-10-at-18.43.02.jpeg","contentUrl":"https:\/\/radiolifefm.com.br\/noticias\/wp-content\/uploads\/2022\/04\/WhatsApp-Image-2022-04-10-at-18.43.02.jpeg","width":972,"height":1296,"caption":"S\u00e9rgio Barbosa"},{"@type":"BreadcrumbList","@id":"https:\/\/radiolifefm.com.br\/noticias\/perdido-numa-fazenda-provinciana\/#breadcrumb","itemListElement":[{"@type":"ListItem","position":1,"name":"In\u00edcio","item":"https:\/\/radiolifefm.com.br\/noticias\/"},{"@type":"ListItem","position":2,"name":"PERDIDO NUMA FAZENDA PROVINCIANA&#8230;"}]},{"@type":"WebSite","@id":"https:\/\/radiolifefm.com.br\/noticias\/#website","url":"https:\/\/radiolifefm.com.br\/noticias\/","name":"R\u00e1dio Life FM","description":"O Portal de Not\u00edcias de Adamantina","publisher":{"@id":"https:\/\/radiolifefm.com.br\/noticias\/#organization"},"alternateName":"Life FM","potentialAction":[{"@type":"SearchAction","target":{"@type":"EntryPoint","urlTemplate":"https:\/\/radiolifefm.com.br\/noticias\/?s={search_term_string}"},"query-input":{"@type":"PropertyValueSpecification","valueRequired":true,"valueName":"search_term_string"}}],"inLanguage":"pt-BR"},{"@type":"Organization","@id":"https:\/\/radiolifefm.com.br\/noticias\/#organization","name":"R\u00e1dio Life FM","alternateName":"Life FM","url":"https:\/\/radiolifefm.com.br\/noticias\/","logo":{"@type":"ImageObject","inLanguage":"pt-BR","@id":"https:\/\/radiolifefm.com.br\/noticias\/#\/schema\/logo\/image\/","url":"https:\/\/static.radiolifefm.com.br\/noticias\/wp-content\/uploads\/2019\/10\/logo-lifefm.png","contentUrl":"https:\/\/static.radiolifefm.com.br\/noticias\/wp-content\/uploads\/2019\/10\/logo-lifefm.png","width":196,"height":47,"caption":"R\u00e1dio Life FM"},"image":{"@id":"https:\/\/radiolifefm.com.br\/noticias\/#\/schema\/logo\/image\/"},"sameAs":["https:\/\/www.facebook.com\/radiolifefm\/","https:\/\/www.instagram.com\/life1079fm\/"]},{"@type":"Person","@id":"https:\/\/radiolifefm.com.br\/noticias\/#\/schema\/person\/6339b9fac59d12b071dec680d7375d87","name":"ritanery","image":{"@type":"ImageObject","inLanguage":"pt-BR","@id":"https:\/\/secure.gravatar.com\/avatar\/0e37bb19071f47c0b8a23f62a903df117c5a0e75f65a0c2901562f97cd41cf86?s=96&d=mm&r=g","url":"https:\/\/secure.gravatar.com\/avatar\/0e37bb19071f47c0b8a23f62a903df117c5a0e75f65a0c2901562f97cd41cf86?s=96&d=mm&r=g","contentUrl":"https:\/\/secure.gravatar.com\/avatar\/0e37bb19071f47c0b8a23f62a903df117c5a0e75f65a0c2901562f97cd41cf86?s=96&d=mm&r=g","caption":"ritanery"}}]}},"amp_enabled":true,"_links":{"self":[{"href":"https:\/\/radiolifefm.com.br\/noticias\/wp-json\/wp\/v2\/posts\/75033","targetHints":{"allow":["GET"]}}],"collection":[{"href":"https:\/\/radiolifefm.com.br\/noticias\/wp-json\/wp\/v2\/posts"}],"about":[{"href":"https:\/\/radiolifefm.com.br\/noticias\/wp-json\/wp\/v2\/types\/post"}],"author":[{"embeddable":true,"href":"https:\/\/radiolifefm.com.br\/noticias\/wp-json\/wp\/v2\/users\/13"}],"replies":[{"embeddable":true,"href":"https:\/\/radiolifefm.com.br\/noticias\/wp-json\/wp\/v2\/comments?post=75033"}],"version-history":[{"count":1,"href":"https:\/\/radiolifefm.com.br\/noticias\/wp-json\/wp\/v2\/posts\/75033\/revisions"}],"predecessor-version":[{"id":75034,"href":"https:\/\/radiolifefm.com.br\/noticias\/wp-json\/wp\/v2\/posts\/75033\/revisions\/75034"}],"wp:featuredmedia":[{"embeddable":true,"href":"https:\/\/radiolifefm.com.br\/noticias\/wp-json\/wp\/v2\/media\/51988"}],"wp:attachment":[{"href":"https:\/\/radiolifefm.com.br\/noticias\/wp-json\/wp\/v2\/media?parent=75033"}],"wp:term":[{"taxonomy":"category","embeddable":true,"href":"https:\/\/radiolifefm.com.br\/noticias\/wp-json\/wp\/v2\/categories?post=75033"},{"taxonomy":"post_tag","embeddable":true,"href":"https:\/\/radiolifefm.com.br\/noticias\/wp-json\/wp\/v2\/tags?post=75033"}],"curies":[{"name":"wp","href":"https:\/\/api.w.org\/{rel}","templated":true}]}}