{"id":75005,"date":"2023-08-11T10:00:06","date_gmt":"2023-08-11T13:00:06","guid":{"rendered":"https:\/\/radiolifefm.com.br\/noticias\/?p=75005"},"modified":"2026-04-02T04:58:11","modified_gmt":"2026-04-02T07:58:11","slug":"provincia-gestao-de-servicos-e-reflexao","status":"publish","type":"post","link":"https:\/\/radiolifefm.com.br\/noticias\/provincia-gestao-de-servicos-e-reflexao\/","title":{"rendered":"PROV\u00cdNCIA, GEST\u00c3O DE SERVI\u00c7OS E REFLEX\u00c3O&#8230;"},"content":{"rendered":"<div id=\"fb-root\"><\/div>\n<p><em>\u00a0\u201cN\u00e3o \u00e9 dado ao saber humano conhecer toda a extens\u00e3o da sua ignor\u00e2ncia.&#8221; (Marques de Maric\u00e1)<\/em><\/p>\n<p><strong>S\u00e9rgio Barbosa (*)<\/strong><\/p>\n<p>Faz alguns anos que os desencontros patrocinados com a \u00e1rea de presta\u00e7\u00e3o de servi\u00e7os est\u00e3o deixando a desejar em todas as \u00e1reas, pois, as reclama\u00e7\u00f5es s\u00e3o de todos os lados deste mesmo lado, portanto, torna-se mais do que necess\u00e1rio estar &#8220;batendo nesta tecla&#8221;&#8230;<\/p>\n<p>Tamb\u00e9m, as diversas associa\u00e7\u00f5es, bem como, sindicatos destas categorias, deveriam estar atentas aos problemas que afligem os clientes destes prestadores de servi\u00e7os diversos, tendo em vista que o melhor marketing continua sendo o denominado &#8220;boca-a-boca&#8221;&#8230;<\/p>\n<p>Pode-ser que o problema seja localizado aqui ou ali, por\u00e9m, existem muitas reclama\u00e7\u00f5es sobre tudo e todos que prestam tais servi\u00e7os para a comunidade em geral, portanto, \u00e9 necess\u00e1rio estar atento quando se contrata este ou aquele profissional, assim, a &#8220;recomenda\u00e7\u00e3o&#8221; por meio de uma ou outra indica\u00e7\u00e3o para este ou aquele trabalho \u00e9 fundamental nestes desencontros com a presta\u00e7\u00e3o de servi\u00e7os&#8230;<\/p>\n<p>Al\u00e9m do mais ou de menos, esses profissionais est\u00e3o atuando em \u00e1reas de apoio para outras atividades em resid\u00eancias, com\u00e9rcio e empresas, desta forma, &#8220;todo cuidado \u00e9 pouco&#8221; para ambos os lados, ou seja, para quem contrata e o prestador do servi\u00e7o&#8230;<\/p>\n<p>Talvez, uma das alternativas possam ser por meio das mais diversas &#8220;Campanhas de Conscientiza\u00e7\u00e3o&#8221; para o mercado, focando sobre a import\u00e2ncia da presta\u00e7\u00e3o de servi\u00e7os para com os clientes e assim por diante&#8230;<\/p>\n<p>Entretanto, o que acaba prevalecendo sempre para que tudo fique na mesmice de sempre com rela\u00e7\u00e3o \u00e0s reclama\u00e7\u00f5es que na maioria das vezes n\u00e3o resulta me nada de nada, considerando que a demanda pelos servi\u00e7os supera o n\u00famero de profissionais dispon\u00edveis no mercado para tais atividades&#8230;<\/p>\n<p>Outra coisa desta mesma coisa tem a ver com a proposta comercial entre &#8220;mercado e oferta&#8221;, tal qual a proposta acima, pois, quando existe mais demanda do que prestadores de servi\u00e7os, quem acaba &#8220;pagando o pato&#8221; \u00e9 o cliente e ponto quase final&#8230;<\/p>\n<p>Neste contexto plural para o mercado focado na presta\u00e7\u00e3o de servi\u00e7os, pode-se afirmar que em muitos setores a situa\u00e7\u00e3o est\u00e1 com o &#8220;sinal vermelho&#8221; em alerta m\u00e1ximo, portanto, alguma provid\u00eancia deve ser adotada para que o &#8220;bem comum&#8221; prevale\u00e7a para ambos os lados em terras provincianas&#8230;<\/p>\n<p>O que n\u00e3o pode continuar ocorrendo s\u00e3o os desencontros com a &#8220;presta\u00e7\u00e3o de servi\u00e7os&#8221; em n\u00edvel regional, talvez, estadual e at\u00e9 mesmo nacional, pois, a presta\u00e7\u00e3o de servi\u00e7os se faz presente em todos os n\u00edveis de atua\u00e7\u00e3o profissional, bem como, tamb\u00e9m por meio de empresas especializadas na \u00e1rea que desenvolvem diversas atividades visando atender resid\u00eancias, com\u00e9rcio, institui\u00e7\u00f5es e organiza\u00e7\u00f5es&#8230;<\/p>\n<p>A comunidade provinciana pode fazer a diferen\u00e7a quanto aos problemas causados por este ou aquele\/a prestador\/a de servi\u00e7os, neste caso em pauta, levando em conta que &#8220;a uni\u00e3o faz a for\u00e7a&#8221;, ainda, as indica\u00e7\u00f5es quanto &#8220;ao servi\u00e7o prestado&#8221; que pode ser uma recomenda\u00e7\u00e3o positiva ou negativa, tende a fazer a diferen\u00e7a na \u00e1rea da &#8220;presta\u00e7\u00e3o de servi\u00e7os&#8221;&#8230;<\/p>\n<p>A denominada &#8220;lei da oferta e procura&#8221; pode proporcionar um panorama de disputa neste mercado de servi\u00e7os, todavia, cada qual deve saber como atender as suas necessidades na \u00e1rea de servi\u00e7os, haja vista que existem op\u00e7\u00f5es quanto aos cuidados que se deve ter na contra\u00e7\u00e3o do\/a prestador\/a de servi\u00e7os em tempo de Gest\u00e3o Organizacional&#8230;<\/p>\n<p><strong><em>__________________________________<\/em><\/strong><\/p>\n<p><strong><em>(*) jornalista diplomado e Consultor na \u00c1rea de Gest\u00e3o da Comunica\u00e7\u00e3o Organizacional.<\/em><\/strong><\/p>\n<p><strong><em>e-mail: <\/em><\/strong><a href=\"mailto:barbosa.sebar@gmail.com\"><strong><em>barbosa.sebar@gmail.com<\/em><\/strong><\/a><\/p>\n","protected":false},"excerpt":{"rendered":"<p>\u00a0\u201cN\u00e3o \u00e9 dado ao saber humano conhecer toda a extens\u00e3o da sua ignor\u00e2ncia.&#8221; (Marques de Maric\u00e1) S\u00e9rgio Barbosa (*) Faz alguns anos que os desencontros patrocinados com a \u00e1rea de presta\u00e7\u00e3o de servi\u00e7os est\u00e3o deixando a desejar em todas as \u00e1reas, pois, as reclama\u00e7\u00f5es s\u00e3o de todos os lados deste mesmo lado, portanto, torna-se mais [&hellip;]<\/p>\n","protected":false},"author":13,"featured_media":51988,"comment_status":"closed","ping_status":"open","sticky":false,"template":"","format":"standard","meta":{"_acf_changed":false,"_exactmetrics_skip_tracking":false,"_exactmetrics_sitenote_active":false,"_exactmetrics_sitenote_note":"","_exactmetrics_sitenote_category":0,"footnotes":""},"categories":[59],"tags":[],"class_list":["post-75005","post","type-post","status-publish","format-standard","has-post-thumbnail","hentry","category-opiniao"],"acf":[],"yoast_head":"<!-- This site is optimized with the Yoast SEO plugin v27.2 - https:\/\/yoast.com\/product\/yoast-seo-wordpress\/ -->\n<title>PROV\u00cdNCIA, GEST\u00c3O DE SERVI\u00c7OS E REFLEX\u00c3O... - R\u00e1dio Life FM<\/title>\n<meta name=\"robots\" content=\"index, follow, max-snippet:-1, max-image-preview:large, max-video-preview:-1\" \/>\n<link rel=\"canonical\" href=\"https:\/\/radiolifefm.com.br\/noticias\/provincia-gestao-de-servicos-e-reflexao\/\" \/>\n<meta property=\"og:locale\" content=\"pt_BR\" \/>\n<meta property=\"og:type\" content=\"article\" \/>\n<meta property=\"og:title\" content=\"PROV\u00cdNCIA, GEST\u00c3O DE SERVI\u00c7OS E REFLEX\u00c3O... - R\u00e1dio Life FM\" \/>\n<meta property=\"og:description\" content=\"\u00a0\u201cN\u00e3o \u00e9 dado ao saber humano conhecer toda a extens\u00e3o da sua ignor\u00e2ncia.&#8221; (Marques de Maric\u00e1) S\u00e9rgio Barbosa (*) Faz alguns anos que os desencontros patrocinados com a \u00e1rea de presta\u00e7\u00e3o de servi\u00e7os est\u00e3o deixando a desejar em todas as \u00e1reas, pois, as reclama\u00e7\u00f5es s\u00e3o de todos os lados deste mesmo lado, portanto, torna-se mais [&hellip;]\" \/>\n<meta property=\"og:url\" content=\"https:\/\/radiolifefm.com.br\/noticias\/provincia-gestao-de-servicos-e-reflexao\/\" \/>\n<meta property=\"og:site_name\" content=\"R\u00e1dio Life FM\" \/>\n<meta property=\"article:publisher\" content=\"https:\/\/www.facebook.com\/radiolifefm\/\" \/>\n<meta property=\"article:published_time\" content=\"2023-08-11T13:00:06+00:00\" \/>\n<meta property=\"article:modified_time\" content=\"2026-04-02T07:58:11+00:00\" \/>\n<meta property=\"og:image\" content=\"https:\/\/radiolifefm.com.br\/noticias\/wp-content\/uploads\/2022\/04\/WhatsApp-Image-2022-04-10-at-18.43.02.jpeg\" \/>\n\t<meta property=\"og:image:width\" content=\"972\" \/>\n\t<meta property=\"og:image:height\" content=\"1296\" \/>\n\t<meta property=\"og:image:type\" content=\"image\/jpeg\" \/>\n<meta name=\"author\" content=\"ritanery\" \/>\n<meta name=\"twitter:card\" content=\"summary_large_image\" \/>\n<meta name=\"twitter:label1\" content=\"Escrito por\" \/>\n\t<meta name=\"twitter:data1\" content=\"ritanery\" \/>\n\t<meta name=\"twitter:label2\" content=\"Est. tempo de leitura\" \/>\n\t<meta name=\"twitter:data2\" content=\"4 minutos\" \/>\n<script type=\"application\/ld+json\" class=\"yoast-schema-graph\">{\"@context\":\"https:\/\/schema.org\",\"@graph\":[{\"@type\":\"Article\",\"@id\":\"https:\/\/radiolifefm.com.br\/noticias\/provincia-gestao-de-servicos-e-reflexao\/#article\",\"isPartOf\":{\"@id\":\"https:\/\/radiolifefm.com.br\/noticias\/provincia-gestao-de-servicos-e-reflexao\/\"},\"author\":{\"name\":\"ritanery\",\"@id\":\"https:\/\/radiolifefm.com.br\/noticias\/#\/schema\/person\/6339b9fac59d12b071dec680d7375d87\"},\"headline\":\"PROV\u00cdNCIA, GEST\u00c3O DE SERVI\u00c7OS E REFLEX\u00c3O&#8230;\",\"datePublished\":\"2023-08-11T13:00:06+00:00\",\"dateModified\":\"2026-04-02T07:58:11+00:00\",\"mainEntityOfPage\":{\"@id\":\"https:\/\/radiolifefm.com.br\/noticias\/provincia-gestao-de-servicos-e-reflexao\/\"},\"wordCount\":638,\"publisher\":{\"@id\":\"https:\/\/radiolifefm.com.br\/noticias\/#organization\"},\"image\":{\"@id\":\"https:\/\/radiolifefm.com.br\/noticias\/provincia-gestao-de-servicos-e-reflexao\/#primaryimage\"},\"thumbnailUrl\":\"https:\/\/radiolifefm.com.br\/noticias\/wp-content\/uploads\/2022\/04\/WhatsApp-Image-2022-04-10-at-18.43.02.jpeg\",\"articleSection\":[\"Opini\u00e3o\"],\"inLanguage\":\"pt-BR\"},{\"@type\":\"WebPage\",\"@id\":\"https:\/\/radiolifefm.com.br\/noticias\/provincia-gestao-de-servicos-e-reflexao\/\",\"url\":\"https:\/\/radiolifefm.com.br\/noticias\/provincia-gestao-de-servicos-e-reflexao\/\",\"name\":\"PROV\u00cdNCIA, GEST\u00c3O DE SERVI\u00c7OS E REFLEX\u00c3O... - R\u00e1dio Life FM\",\"isPartOf\":{\"@id\":\"https:\/\/radiolifefm.com.br\/noticias\/#website\"},\"primaryImageOfPage\":{\"@id\":\"https:\/\/radiolifefm.com.br\/noticias\/provincia-gestao-de-servicos-e-reflexao\/#primaryimage\"},\"image\":{\"@id\":\"https:\/\/radiolifefm.com.br\/noticias\/provincia-gestao-de-servicos-e-reflexao\/#primaryimage\"},\"thumbnailUrl\":\"https:\/\/radiolifefm.com.br\/noticias\/wp-content\/uploads\/2022\/04\/WhatsApp-Image-2022-04-10-at-18.43.02.jpeg\",\"datePublished\":\"2023-08-11T13:00:06+00:00\",\"dateModified\":\"2026-04-02T07:58:11+00:00\",\"breadcrumb\":{\"@id\":\"https:\/\/radiolifefm.com.br\/noticias\/provincia-gestao-de-servicos-e-reflexao\/#breadcrumb\"},\"inLanguage\":\"pt-BR\",\"potentialAction\":[{\"@type\":\"ReadAction\",\"target\":[\"https:\/\/radiolifefm.com.br\/noticias\/provincia-gestao-de-servicos-e-reflexao\/\"]}]},{\"@type\":\"ImageObject\",\"inLanguage\":\"pt-BR\",\"@id\":\"https:\/\/radiolifefm.com.br\/noticias\/provincia-gestao-de-servicos-e-reflexao\/#primaryimage\",\"url\":\"https:\/\/radiolifefm.com.br\/noticias\/wp-content\/uploads\/2022\/04\/WhatsApp-Image-2022-04-10-at-18.43.02.jpeg\",\"contentUrl\":\"https:\/\/radiolifefm.com.br\/noticias\/wp-content\/uploads\/2022\/04\/WhatsApp-Image-2022-04-10-at-18.43.02.jpeg\",\"width\":972,\"height\":1296,\"caption\":\"S\u00e9rgio Barbosa\"},{\"@type\":\"BreadcrumbList\",\"@id\":\"https:\/\/radiolifefm.com.br\/noticias\/provincia-gestao-de-servicos-e-reflexao\/#breadcrumb\",\"itemListElement\":[{\"@type\":\"ListItem\",\"position\":1,\"name\":\"In\u00edcio\",\"item\":\"https:\/\/radiolifefm.com.br\/noticias\/\"},{\"@type\":\"ListItem\",\"position\":2,\"name\":\"PROV\u00cdNCIA, GEST\u00c3O DE SERVI\u00c7OS E REFLEX\u00c3O&#8230;\"}]},{\"@type\":\"WebSite\",\"@id\":\"https:\/\/radiolifefm.com.br\/noticias\/#website\",\"url\":\"https:\/\/radiolifefm.com.br\/noticias\/\",\"name\":\"R\u00e1dio Life FM\",\"description\":\"O Portal de Not\u00edcias de Adamantina\",\"publisher\":{\"@id\":\"https:\/\/radiolifefm.com.br\/noticias\/#organization\"},\"alternateName\":\"Life FM\",\"potentialAction\":[{\"@type\":\"SearchAction\",\"target\":{\"@type\":\"EntryPoint\",\"urlTemplate\":\"https:\/\/radiolifefm.com.br\/noticias\/?s={search_term_string}\"},\"query-input\":{\"@type\":\"PropertyValueSpecification\",\"valueRequired\":true,\"valueName\":\"search_term_string\"}}],\"inLanguage\":\"pt-BR\"},{\"@type\":\"Organization\",\"@id\":\"https:\/\/radiolifefm.com.br\/noticias\/#organization\",\"name\":\"R\u00e1dio Life FM\",\"alternateName\":\"Life FM\",\"url\":\"https:\/\/radiolifefm.com.br\/noticias\/\",\"logo\":{\"@type\":\"ImageObject\",\"inLanguage\":\"pt-BR\",\"@id\":\"https:\/\/radiolifefm.com.br\/noticias\/#\/schema\/logo\/image\/\",\"url\":\"https:\/\/static.radiolifefm.com.br\/noticias\/wp-content\/uploads\/2019\/10\/logo-lifefm.png\",\"contentUrl\":\"https:\/\/static.radiolifefm.com.br\/noticias\/wp-content\/uploads\/2019\/10\/logo-lifefm.png\",\"width\":196,\"height\":47,\"caption\":\"R\u00e1dio Life FM\"},\"image\":{\"@id\":\"https:\/\/radiolifefm.com.br\/noticias\/#\/schema\/logo\/image\/\"},\"sameAs\":[\"https:\/\/www.facebook.com\/radiolifefm\/\",\"https:\/\/www.instagram.com\/life1079fm\/\"]},{\"@type\":\"Person\",\"@id\":\"https:\/\/radiolifefm.com.br\/noticias\/#\/schema\/person\/6339b9fac59d12b071dec680d7375d87\",\"name\":\"ritanery\",\"image\":{\"@type\":\"ImageObject\",\"inLanguage\":\"pt-BR\",\"@id\":\"https:\/\/secure.gravatar.com\/avatar\/0e37bb19071f47c0b8a23f62a903df117c5a0e75f65a0c2901562f97cd41cf86?s=96&d=mm&r=g\",\"url\":\"https:\/\/secure.gravatar.com\/avatar\/0e37bb19071f47c0b8a23f62a903df117c5a0e75f65a0c2901562f97cd41cf86?s=96&d=mm&r=g\",\"contentUrl\":\"https:\/\/secure.gravatar.com\/avatar\/0e37bb19071f47c0b8a23f62a903df117c5a0e75f65a0c2901562f97cd41cf86?s=96&d=mm&r=g\",\"caption\":\"ritanery\"}}]}<\/script>\n<!-- \/ Yoast SEO plugin. -->","yoast_head_json":{"title":"PROV\u00cdNCIA, GEST\u00c3O DE SERVI\u00c7OS E REFLEX\u00c3O... - R\u00e1dio Life FM","robots":{"index":"index","follow":"follow","max-snippet":"max-snippet:-1","max-image-preview":"max-image-preview:large","max-video-preview":"max-video-preview:-1"},"canonical":"https:\/\/radiolifefm.com.br\/noticias\/provincia-gestao-de-servicos-e-reflexao\/","og_locale":"pt_BR","og_type":"article","og_title":"PROV\u00cdNCIA, GEST\u00c3O DE SERVI\u00c7OS E REFLEX\u00c3O... - R\u00e1dio Life FM","og_description":"\u00a0\u201cN\u00e3o \u00e9 dado ao saber humano conhecer toda a extens\u00e3o da sua ignor\u00e2ncia.&#8221; (Marques de Maric\u00e1) S\u00e9rgio Barbosa (*) Faz alguns anos que os desencontros patrocinados com a \u00e1rea de presta\u00e7\u00e3o de servi\u00e7os est\u00e3o deixando a desejar em todas as \u00e1reas, pois, as reclama\u00e7\u00f5es s\u00e3o de todos os lados deste mesmo lado, portanto, torna-se mais [&hellip;]","og_url":"https:\/\/radiolifefm.com.br\/noticias\/provincia-gestao-de-servicos-e-reflexao\/","og_site_name":"R\u00e1dio Life FM","article_publisher":"https:\/\/www.facebook.com\/radiolifefm\/","article_published_time":"2023-08-11T13:00:06+00:00","article_modified_time":"2026-04-02T07:58:11+00:00","og_image":[{"width":972,"height":1296,"url":"https:\/\/radiolifefm.com.br\/noticias\/wp-content\/uploads\/2022\/04\/WhatsApp-Image-2022-04-10-at-18.43.02.jpeg","type":"image\/jpeg"}],"author":"ritanery","twitter_card":"summary_large_image","twitter_misc":{"Escrito por":"ritanery","Est. tempo de leitura":"4 minutos"},"schema":{"@context":"https:\/\/schema.org","@graph":[{"@type":"Article","@id":"https:\/\/radiolifefm.com.br\/noticias\/provincia-gestao-de-servicos-e-reflexao\/#article","isPartOf":{"@id":"https:\/\/radiolifefm.com.br\/noticias\/provincia-gestao-de-servicos-e-reflexao\/"},"author":{"name":"ritanery","@id":"https:\/\/radiolifefm.com.br\/noticias\/#\/schema\/person\/6339b9fac59d12b071dec680d7375d87"},"headline":"PROV\u00cdNCIA, GEST\u00c3O DE SERVI\u00c7OS E REFLEX\u00c3O&#8230;","datePublished":"2023-08-11T13:00:06+00:00","dateModified":"2026-04-02T07:58:11+00:00","mainEntityOfPage":{"@id":"https:\/\/radiolifefm.com.br\/noticias\/provincia-gestao-de-servicos-e-reflexao\/"},"wordCount":638,"publisher":{"@id":"https:\/\/radiolifefm.com.br\/noticias\/#organization"},"image":{"@id":"https:\/\/radiolifefm.com.br\/noticias\/provincia-gestao-de-servicos-e-reflexao\/#primaryimage"},"thumbnailUrl":"https:\/\/radiolifefm.com.br\/noticias\/wp-content\/uploads\/2022\/04\/WhatsApp-Image-2022-04-10-at-18.43.02.jpeg","articleSection":["Opini\u00e3o"],"inLanguage":"pt-BR"},{"@type":"WebPage","@id":"https:\/\/radiolifefm.com.br\/noticias\/provincia-gestao-de-servicos-e-reflexao\/","url":"https:\/\/radiolifefm.com.br\/noticias\/provincia-gestao-de-servicos-e-reflexao\/","name":"PROV\u00cdNCIA, GEST\u00c3O DE SERVI\u00c7OS E REFLEX\u00c3O... - R\u00e1dio Life FM","isPartOf":{"@id":"https:\/\/radiolifefm.com.br\/noticias\/#website"},"primaryImageOfPage":{"@id":"https:\/\/radiolifefm.com.br\/noticias\/provincia-gestao-de-servicos-e-reflexao\/#primaryimage"},"image":{"@id":"https:\/\/radiolifefm.com.br\/noticias\/provincia-gestao-de-servicos-e-reflexao\/#primaryimage"},"thumbnailUrl":"https:\/\/radiolifefm.com.br\/noticias\/wp-content\/uploads\/2022\/04\/WhatsApp-Image-2022-04-10-at-18.43.02.jpeg","datePublished":"2023-08-11T13:00:06+00:00","dateModified":"2026-04-02T07:58:11+00:00","breadcrumb":{"@id":"https:\/\/radiolifefm.com.br\/noticias\/provincia-gestao-de-servicos-e-reflexao\/#breadcrumb"},"inLanguage":"pt-BR","potentialAction":[{"@type":"ReadAction","target":["https:\/\/radiolifefm.com.br\/noticias\/provincia-gestao-de-servicos-e-reflexao\/"]}]},{"@type":"ImageObject","inLanguage":"pt-BR","@id":"https:\/\/radiolifefm.com.br\/noticias\/provincia-gestao-de-servicos-e-reflexao\/#primaryimage","url":"https:\/\/radiolifefm.com.br\/noticias\/wp-content\/uploads\/2022\/04\/WhatsApp-Image-2022-04-10-at-18.43.02.jpeg","contentUrl":"https:\/\/radiolifefm.com.br\/noticias\/wp-content\/uploads\/2022\/04\/WhatsApp-Image-2022-04-10-at-18.43.02.jpeg","width":972,"height":1296,"caption":"S\u00e9rgio Barbosa"},{"@type":"BreadcrumbList","@id":"https:\/\/radiolifefm.com.br\/noticias\/provincia-gestao-de-servicos-e-reflexao\/#breadcrumb","itemListElement":[{"@type":"ListItem","position":1,"name":"In\u00edcio","item":"https:\/\/radiolifefm.com.br\/noticias\/"},{"@type":"ListItem","position":2,"name":"PROV\u00cdNCIA, GEST\u00c3O DE SERVI\u00c7OS E REFLEX\u00c3O&#8230;"}]},{"@type":"WebSite","@id":"https:\/\/radiolifefm.com.br\/noticias\/#website","url":"https:\/\/radiolifefm.com.br\/noticias\/","name":"R\u00e1dio Life FM","description":"O Portal de Not\u00edcias de Adamantina","publisher":{"@id":"https:\/\/radiolifefm.com.br\/noticias\/#organization"},"alternateName":"Life FM","potentialAction":[{"@type":"SearchAction","target":{"@type":"EntryPoint","urlTemplate":"https:\/\/radiolifefm.com.br\/noticias\/?s={search_term_string}"},"query-input":{"@type":"PropertyValueSpecification","valueRequired":true,"valueName":"search_term_string"}}],"inLanguage":"pt-BR"},{"@type":"Organization","@id":"https:\/\/radiolifefm.com.br\/noticias\/#organization","name":"R\u00e1dio Life FM","alternateName":"Life FM","url":"https:\/\/radiolifefm.com.br\/noticias\/","logo":{"@type":"ImageObject","inLanguage":"pt-BR","@id":"https:\/\/radiolifefm.com.br\/noticias\/#\/schema\/logo\/image\/","url":"https:\/\/static.radiolifefm.com.br\/noticias\/wp-content\/uploads\/2019\/10\/logo-lifefm.png","contentUrl":"https:\/\/static.radiolifefm.com.br\/noticias\/wp-content\/uploads\/2019\/10\/logo-lifefm.png","width":196,"height":47,"caption":"R\u00e1dio Life FM"},"image":{"@id":"https:\/\/radiolifefm.com.br\/noticias\/#\/schema\/logo\/image\/"},"sameAs":["https:\/\/www.facebook.com\/radiolifefm\/","https:\/\/www.instagram.com\/life1079fm\/"]},{"@type":"Person","@id":"https:\/\/radiolifefm.com.br\/noticias\/#\/schema\/person\/6339b9fac59d12b071dec680d7375d87","name":"ritanery","image":{"@type":"ImageObject","inLanguage":"pt-BR","@id":"https:\/\/secure.gravatar.com\/avatar\/0e37bb19071f47c0b8a23f62a903df117c5a0e75f65a0c2901562f97cd41cf86?s=96&d=mm&r=g","url":"https:\/\/secure.gravatar.com\/avatar\/0e37bb19071f47c0b8a23f62a903df117c5a0e75f65a0c2901562f97cd41cf86?s=96&d=mm&r=g","contentUrl":"https:\/\/secure.gravatar.com\/avatar\/0e37bb19071f47c0b8a23f62a903df117c5a0e75f65a0c2901562f97cd41cf86?s=96&d=mm&r=g","caption":"ritanery"}}]}},"amp_enabled":true,"_links":{"self":[{"href":"https:\/\/radiolifefm.com.br\/noticias\/wp-json\/wp\/v2\/posts\/75005","targetHints":{"allow":["GET"]}}],"collection":[{"href":"https:\/\/radiolifefm.com.br\/noticias\/wp-json\/wp\/v2\/posts"}],"about":[{"href":"https:\/\/radiolifefm.com.br\/noticias\/wp-json\/wp\/v2\/types\/post"}],"author":[{"embeddable":true,"href":"https:\/\/radiolifefm.com.br\/noticias\/wp-json\/wp\/v2\/users\/13"}],"replies":[{"embeddable":true,"href":"https:\/\/radiolifefm.com.br\/noticias\/wp-json\/wp\/v2\/comments?post=75005"}],"version-history":[{"count":1,"href":"https:\/\/radiolifefm.com.br\/noticias\/wp-json\/wp\/v2\/posts\/75005\/revisions"}],"predecessor-version":[{"id":75006,"href":"https:\/\/radiolifefm.com.br\/noticias\/wp-json\/wp\/v2\/posts\/75005\/revisions\/75006"}],"wp:featuredmedia":[{"embeddable":true,"href":"https:\/\/radiolifefm.com.br\/noticias\/wp-json\/wp\/v2\/media\/51988"}],"wp:attachment":[{"href":"https:\/\/radiolifefm.com.br\/noticias\/wp-json\/wp\/v2\/media?parent=75005"}],"wp:term":[{"taxonomy":"category","embeddable":true,"href":"https:\/\/radiolifefm.com.br\/noticias\/wp-json\/wp\/v2\/categories?post=75005"},{"taxonomy":"post_tag","embeddable":true,"href":"https:\/\/radiolifefm.com.br\/noticias\/wp-json\/wp\/v2\/tags?post=75005"}],"curies":[{"name":"wp","href":"https:\/\/api.w.org\/{rel}","templated":true}]}}