{"id":74587,"date":"2023-08-02T08:28:16","date_gmt":"2023-08-02T11:28:16","guid":{"rendered":"https:\/\/radiolifefm.com.br\/noticias\/?p=74587"},"modified":"2026-04-10T18:04:09","modified_gmt":"2026-04-10T21:04:09","slug":"recordacoes-da-vo-finoca","status":"publish","type":"post","link":"https:\/\/radiolifefm.com.br\/noticias\/recordacoes-da-vo-finoca\/","title":{"rendered":"Recorda\u00e7\u00f5es da &#8220;V\u00f3 Finoca&#8221;&#8230;"},"content":{"rendered":"<div id=\"fb-root\"><\/div>\n<p><em>&#8220;ter saudade at\u00e9 que \u00e9 bom, \u00e9 melhor que caminhar sozinho&#8230;&#8221; (Peninha)<\/em><\/p>\n<p><em>\u00a0<\/em><\/p>\n<p><strong>S\u00e9rgio Barbosa (*)<\/strong><\/p>\n<p>N\u00e3o sei porque, mas, nestes \u00faltimos dias andei pensando nos meus velhos e bons tempos de crian\u00e7a em minha cidade natal, Ourinhos, ainda, mais precisamente nas ruas de terra da Vila Margarida e especificamente na Rua 21 de Abril&#8230;<\/p>\n<p>Tais desencontros, de acordo com alguns analistas (sic), s\u00e3o sintomas da idade, tendo em vista que estou com quase 58 anos mal vividos, assim, que este novo tempo traga o velho tempo&#8230;<\/p>\n<p>Tamb\u00e9m, nestas recorda\u00e7\u00f5es travestidas de saudades, a mem\u00f3ria trouxe sem mais e sem menos, a saudosa &#8220;V\u00f3 Finoca&#8221; e o &#8220;Tio L\u00e1zaro&#8221; (m\u00e3e e filho) que viveram muitos anos na Vila Margarida, ainda, era a m\u00e3e da minha &#8220;Tia J\u00falia&#8221;, madrasta do meu Pai, &#8220;Basti\u00e3o Barbosa&#8221;&#8230;<\/p>\n<p>N\u00e3o sei porque, mas, tais recorda\u00e7\u00f5es sempre aparecem no meu caminho e como disse um dia o meu primo, Arordinho, &#8220;voc\u00ea \u00e9 jornalista e deveria escrever sobre a fam\u00edlia&#8230;&#8221;, por\u00e9m, confesso que tal desafio \u00e9 mais do que complicado, considerando as excelentes recorda\u00e7\u00f5es destes velhos e bons tempos com pessoas que partiram para o outro lado deste mesmo tempo do tempo&#8230;<\/p>\n<p>Voltando para as recorda\u00e7\u00f5es com a saudosa &#8220;V\u00f3 Finoca&#8221;, sabe de uma coisa, n\u00e3o lembro se era apelido ou nome, s\u00f3 sei que a &#8220;V\u00f3&#8221; era muito querida pelos netos oficiais, caso por exemplo dos meus primos, Arordinho, Parafuso, Luiz Carl\u00e3o, Neuza Maria, Ana J\u00falia, Bi, L\u00eddia, Reinaldo, Rosana e Ricardo, por\u00e9m, no meu caso e dos meu irm\u00e3os, Celso, Valderez e Valdir,\u00a0 \u00e9ramos netos, ou melhor, bisnetos por ado\u00e7\u00e3o, como escrevi, a &#8220;V\u00f3 Finoca&#8221; era madrasta do meu saudoso Pai, Basti\u00e3o Barbosa&#8230;<\/p>\n<p>Uma das poucas coisas que lembro deste tempo, eram as visitas que faz\u00edamos na casa da &#8220;V\u00f3 Finoca e do Tio L\u00e1zaro&#8221; e sempre com o mesmo objetivo, a saber: &#8220;receber a ben\u00e7\u00e3o&#8221; por meio de uma &#8220;reza no dialeto&#8221; que s\u00f3 a V\u00f3 sabia o significado e a tradu\u00e7\u00e3o daquelas s\u00e1bias palavras&#8230;<\/p>\n<p>Havia, tamb\u00e9m, o &#8220;raminho de erva doce&#8221; da planta do quintal e o aben\u00e7oado &#8220;copo d \u00e1gua&#8221; que deveria ser tomado ap\u00f3s a &#8220;ben\u00e7\u00e3o&#8221; final impetrada pela sabedoria popular da &#8220;V\u00f3 Finoca&#8221;&#8230;<\/p>\n<p>N\u00e3o sei porque, mas, s\u00e3o recorda\u00e7\u00f5es que trazem a saudosa &#8220;V\u00f3 Finoca&#8221;, tamb\u00e9m, o &#8220;Tio L\u00e1zaro&#8221; para perto da minha pessoa, talvez, como disse o analista, sintomas que a velhice se aproxima&#8230;<\/p>\n<p><strong><em>______________________________________<\/em><\/strong><\/p>\n<p><strong><em>(*) jornalista diplomado.<\/em><\/strong><\/p>\n<p><strong><em>e-mail: barbosa.sebar@gmail.com <\/em><\/strong><\/p>\n","protected":false},"excerpt":{"rendered":"<p>&#8220;ter saudade at\u00e9 que \u00e9 bom, \u00e9 melhor que caminhar sozinho&#8230;&#8221; (Peninha) \u00a0 S\u00e9rgio Barbosa (*) N\u00e3o sei porque, mas, nestes \u00faltimos dias andei pensando nos meus velhos e bons tempos de crian\u00e7a em minha cidade natal, Ourinhos, ainda, mais precisamente nas ruas de terra da Vila Margarida e especificamente na Rua 21 de Abril&#8230; [&hellip;]<\/p>\n","protected":false},"author":13,"featured_media":51988,"comment_status":"closed","ping_status":"open","sticky":false,"template":"","format":"standard","meta":{"_acf_changed":false,"_exactmetrics_skip_tracking":false,"_exactmetrics_sitenote_active":false,"_exactmetrics_sitenote_note":"","_exactmetrics_sitenote_category":0,"footnotes":""},"categories":[59],"tags":[],"class_list":["post-74587","post","type-post","status-publish","format-standard","has-post-thumbnail","hentry","category-opiniao"],"acf":[],"yoast_head":"<!-- This site is optimized with the Yoast SEO plugin v27.2 - https:\/\/yoast.com\/product\/yoast-seo-wordpress\/ -->\n<title>Recorda\u00e7\u00f5es da &quot;V\u00f3 Finoca&quot;... - R\u00e1dio Life FM<\/title>\n<meta name=\"robots\" content=\"index, follow, max-snippet:-1, max-image-preview:large, max-video-preview:-1\" \/>\n<link rel=\"canonical\" href=\"https:\/\/radiolifefm.com.br\/noticias\/recordacoes-da-vo-finoca\/\" \/>\n<meta property=\"og:locale\" content=\"pt_BR\" \/>\n<meta property=\"og:type\" content=\"article\" \/>\n<meta property=\"og:title\" content=\"Recorda\u00e7\u00f5es da &quot;V\u00f3 Finoca&quot;... - R\u00e1dio Life FM\" \/>\n<meta property=\"og:description\" content=\"&#8220;ter saudade at\u00e9 que \u00e9 bom, \u00e9 melhor que caminhar sozinho&#8230;&#8221; (Peninha) \u00a0 S\u00e9rgio Barbosa (*) N\u00e3o sei porque, mas, nestes \u00faltimos dias andei pensando nos meus velhos e bons tempos de crian\u00e7a em minha cidade natal, Ourinhos, ainda, mais precisamente nas ruas de terra da Vila Margarida e especificamente na Rua 21 de Abril&#8230; [&hellip;]\" \/>\n<meta property=\"og:url\" content=\"https:\/\/radiolifefm.com.br\/noticias\/recordacoes-da-vo-finoca\/\" \/>\n<meta property=\"og:site_name\" content=\"R\u00e1dio Life FM\" \/>\n<meta property=\"article:publisher\" content=\"https:\/\/www.facebook.com\/radiolifefm\/\" \/>\n<meta property=\"article:published_time\" content=\"2023-08-02T11:28:16+00:00\" \/>\n<meta property=\"article:modified_time\" content=\"2026-04-10T21:04:09+00:00\" \/>\n<meta property=\"og:image\" content=\"https:\/\/radiolifefm.com.br\/noticias\/wp-content\/uploads\/2022\/04\/WhatsApp-Image-2022-04-10-at-18.43.02.jpeg\" \/>\n\t<meta property=\"og:image:width\" content=\"972\" \/>\n\t<meta property=\"og:image:height\" content=\"1296\" \/>\n\t<meta property=\"og:image:type\" content=\"image\/jpeg\" \/>\n<meta name=\"author\" content=\"ritanery\" \/>\n<meta name=\"twitter:card\" content=\"summary_large_image\" \/>\n<meta name=\"twitter:label1\" content=\"Escrito por\" \/>\n\t<meta name=\"twitter:data1\" content=\"ritanery\" \/>\n\t<meta name=\"twitter:label2\" content=\"Est. tempo de leitura\" \/>\n\t<meta name=\"twitter:data2\" content=\"3 minutos\" \/>\n<script type=\"application\/ld+json\" class=\"yoast-schema-graph\">{\"@context\":\"https:\/\/schema.org\",\"@graph\":[{\"@type\":\"Article\",\"@id\":\"https:\/\/radiolifefm.com.br\/noticias\/recordacoes-da-vo-finoca\/#article\",\"isPartOf\":{\"@id\":\"https:\/\/radiolifefm.com.br\/noticias\/recordacoes-da-vo-finoca\/\"},\"author\":{\"name\":\"ritanery\",\"@id\":\"https:\/\/radiolifefm.com.br\/noticias\/#\/schema\/person\/6339b9fac59d12b071dec680d7375d87\"},\"headline\":\"Recorda\u00e7\u00f5es da &#8220;V\u00f3 Finoca&#8221;&#8230;\",\"datePublished\":\"2023-08-02T11:28:16+00:00\",\"dateModified\":\"2026-04-10T21:04:09+00:00\",\"mainEntityOfPage\":{\"@id\":\"https:\/\/radiolifefm.com.br\/noticias\/recordacoes-da-vo-finoca\/\"},\"wordCount\":438,\"publisher\":{\"@id\":\"https:\/\/radiolifefm.com.br\/noticias\/#organization\"},\"image\":{\"@id\":\"https:\/\/radiolifefm.com.br\/noticias\/recordacoes-da-vo-finoca\/#primaryimage\"},\"thumbnailUrl\":\"https:\/\/radiolifefm.com.br\/noticias\/wp-content\/uploads\/2022\/04\/WhatsApp-Image-2022-04-10-at-18.43.02.jpeg\",\"articleSection\":[\"Opini\u00e3o\"],\"inLanguage\":\"pt-BR\"},{\"@type\":\"WebPage\",\"@id\":\"https:\/\/radiolifefm.com.br\/noticias\/recordacoes-da-vo-finoca\/\",\"url\":\"https:\/\/radiolifefm.com.br\/noticias\/recordacoes-da-vo-finoca\/\",\"name\":\"Recorda\u00e7\u00f5es da \\\"V\u00f3 Finoca\\\"... - R\u00e1dio Life FM\",\"isPartOf\":{\"@id\":\"https:\/\/radiolifefm.com.br\/noticias\/#website\"},\"primaryImageOfPage\":{\"@id\":\"https:\/\/radiolifefm.com.br\/noticias\/recordacoes-da-vo-finoca\/#primaryimage\"},\"image\":{\"@id\":\"https:\/\/radiolifefm.com.br\/noticias\/recordacoes-da-vo-finoca\/#primaryimage\"},\"thumbnailUrl\":\"https:\/\/radiolifefm.com.br\/noticias\/wp-content\/uploads\/2022\/04\/WhatsApp-Image-2022-04-10-at-18.43.02.jpeg\",\"datePublished\":\"2023-08-02T11:28:16+00:00\",\"dateModified\":\"2026-04-10T21:04:09+00:00\",\"breadcrumb\":{\"@id\":\"https:\/\/radiolifefm.com.br\/noticias\/recordacoes-da-vo-finoca\/#breadcrumb\"},\"inLanguage\":\"pt-BR\",\"potentialAction\":[{\"@type\":\"ReadAction\",\"target\":[\"https:\/\/radiolifefm.com.br\/noticias\/recordacoes-da-vo-finoca\/\"]}]},{\"@type\":\"ImageObject\",\"inLanguage\":\"pt-BR\",\"@id\":\"https:\/\/radiolifefm.com.br\/noticias\/recordacoes-da-vo-finoca\/#primaryimage\",\"url\":\"https:\/\/radiolifefm.com.br\/noticias\/wp-content\/uploads\/2022\/04\/WhatsApp-Image-2022-04-10-at-18.43.02.jpeg\",\"contentUrl\":\"https:\/\/radiolifefm.com.br\/noticias\/wp-content\/uploads\/2022\/04\/WhatsApp-Image-2022-04-10-at-18.43.02.jpeg\",\"width\":972,\"height\":1296,\"caption\":\"S\u00e9rgio Barbosa\"},{\"@type\":\"BreadcrumbList\",\"@id\":\"https:\/\/radiolifefm.com.br\/noticias\/recordacoes-da-vo-finoca\/#breadcrumb\",\"itemListElement\":[{\"@type\":\"ListItem\",\"position\":1,\"name\":\"In\u00edcio\",\"item\":\"https:\/\/radiolifefm.com.br\/noticias\/\"},{\"@type\":\"ListItem\",\"position\":2,\"name\":\"Recorda\u00e7\u00f5es da &#8220;V\u00f3 Finoca&#8221;&#8230;\"}]},{\"@type\":\"WebSite\",\"@id\":\"https:\/\/radiolifefm.com.br\/noticias\/#website\",\"url\":\"https:\/\/radiolifefm.com.br\/noticias\/\",\"name\":\"R\u00e1dio Life FM\",\"description\":\"O Portal de Not\u00edcias de Adamantina\",\"publisher\":{\"@id\":\"https:\/\/radiolifefm.com.br\/noticias\/#organization\"},\"alternateName\":\"Life FM\",\"potentialAction\":[{\"@type\":\"SearchAction\",\"target\":{\"@type\":\"EntryPoint\",\"urlTemplate\":\"https:\/\/radiolifefm.com.br\/noticias\/?s={search_term_string}\"},\"query-input\":{\"@type\":\"PropertyValueSpecification\",\"valueRequired\":true,\"valueName\":\"search_term_string\"}}],\"inLanguage\":\"pt-BR\"},{\"@type\":\"Organization\",\"@id\":\"https:\/\/radiolifefm.com.br\/noticias\/#organization\",\"name\":\"R\u00e1dio Life FM\",\"alternateName\":\"Life FM\",\"url\":\"https:\/\/radiolifefm.com.br\/noticias\/\",\"logo\":{\"@type\":\"ImageObject\",\"inLanguage\":\"pt-BR\",\"@id\":\"https:\/\/radiolifefm.com.br\/noticias\/#\/schema\/logo\/image\/\",\"url\":\"https:\/\/static.radiolifefm.com.br\/noticias\/wp-content\/uploads\/2019\/10\/logo-lifefm.png\",\"contentUrl\":\"https:\/\/static.radiolifefm.com.br\/noticias\/wp-content\/uploads\/2019\/10\/logo-lifefm.png\",\"width\":196,\"height\":47,\"caption\":\"R\u00e1dio Life FM\"},\"image\":{\"@id\":\"https:\/\/radiolifefm.com.br\/noticias\/#\/schema\/logo\/image\/\"},\"sameAs\":[\"https:\/\/www.facebook.com\/radiolifefm\/\",\"https:\/\/www.instagram.com\/life1079fm\/\"]},{\"@type\":\"Person\",\"@id\":\"https:\/\/radiolifefm.com.br\/noticias\/#\/schema\/person\/6339b9fac59d12b071dec680d7375d87\",\"name\":\"ritanery\",\"image\":{\"@type\":\"ImageObject\",\"inLanguage\":\"pt-BR\",\"@id\":\"https:\/\/secure.gravatar.com\/avatar\/0e37bb19071f47c0b8a23f62a903df117c5a0e75f65a0c2901562f97cd41cf86?s=96&d=mm&r=g\",\"url\":\"https:\/\/secure.gravatar.com\/avatar\/0e37bb19071f47c0b8a23f62a903df117c5a0e75f65a0c2901562f97cd41cf86?s=96&d=mm&r=g\",\"contentUrl\":\"https:\/\/secure.gravatar.com\/avatar\/0e37bb19071f47c0b8a23f62a903df117c5a0e75f65a0c2901562f97cd41cf86?s=96&d=mm&r=g\",\"caption\":\"ritanery\"}}]}<\/script>\n<!-- \/ Yoast SEO plugin. -->","yoast_head_json":{"title":"Recorda\u00e7\u00f5es da \"V\u00f3 Finoca\"... - R\u00e1dio Life FM","robots":{"index":"index","follow":"follow","max-snippet":"max-snippet:-1","max-image-preview":"max-image-preview:large","max-video-preview":"max-video-preview:-1"},"canonical":"https:\/\/radiolifefm.com.br\/noticias\/recordacoes-da-vo-finoca\/","og_locale":"pt_BR","og_type":"article","og_title":"Recorda\u00e7\u00f5es da \"V\u00f3 Finoca\"... - R\u00e1dio Life FM","og_description":"&#8220;ter saudade at\u00e9 que \u00e9 bom, \u00e9 melhor que caminhar sozinho&#8230;&#8221; (Peninha) \u00a0 S\u00e9rgio Barbosa (*) N\u00e3o sei porque, mas, nestes \u00faltimos dias andei pensando nos meus velhos e bons tempos de crian\u00e7a em minha cidade natal, Ourinhos, ainda, mais precisamente nas ruas de terra da Vila Margarida e especificamente na Rua 21 de Abril&#8230; [&hellip;]","og_url":"https:\/\/radiolifefm.com.br\/noticias\/recordacoes-da-vo-finoca\/","og_site_name":"R\u00e1dio Life FM","article_publisher":"https:\/\/www.facebook.com\/radiolifefm\/","article_published_time":"2023-08-02T11:28:16+00:00","article_modified_time":"2026-04-10T21:04:09+00:00","og_image":[{"width":972,"height":1296,"url":"https:\/\/radiolifefm.com.br\/noticias\/wp-content\/uploads\/2022\/04\/WhatsApp-Image-2022-04-10-at-18.43.02.jpeg","type":"image\/jpeg"}],"author":"ritanery","twitter_card":"summary_large_image","twitter_misc":{"Escrito por":"ritanery","Est. tempo de leitura":"3 minutos"},"schema":{"@context":"https:\/\/schema.org","@graph":[{"@type":"Article","@id":"https:\/\/radiolifefm.com.br\/noticias\/recordacoes-da-vo-finoca\/#article","isPartOf":{"@id":"https:\/\/radiolifefm.com.br\/noticias\/recordacoes-da-vo-finoca\/"},"author":{"name":"ritanery","@id":"https:\/\/radiolifefm.com.br\/noticias\/#\/schema\/person\/6339b9fac59d12b071dec680d7375d87"},"headline":"Recorda\u00e7\u00f5es da &#8220;V\u00f3 Finoca&#8221;&#8230;","datePublished":"2023-08-02T11:28:16+00:00","dateModified":"2026-04-10T21:04:09+00:00","mainEntityOfPage":{"@id":"https:\/\/radiolifefm.com.br\/noticias\/recordacoes-da-vo-finoca\/"},"wordCount":438,"publisher":{"@id":"https:\/\/radiolifefm.com.br\/noticias\/#organization"},"image":{"@id":"https:\/\/radiolifefm.com.br\/noticias\/recordacoes-da-vo-finoca\/#primaryimage"},"thumbnailUrl":"https:\/\/radiolifefm.com.br\/noticias\/wp-content\/uploads\/2022\/04\/WhatsApp-Image-2022-04-10-at-18.43.02.jpeg","articleSection":["Opini\u00e3o"],"inLanguage":"pt-BR"},{"@type":"WebPage","@id":"https:\/\/radiolifefm.com.br\/noticias\/recordacoes-da-vo-finoca\/","url":"https:\/\/radiolifefm.com.br\/noticias\/recordacoes-da-vo-finoca\/","name":"Recorda\u00e7\u00f5es da \"V\u00f3 Finoca\"... - R\u00e1dio Life FM","isPartOf":{"@id":"https:\/\/radiolifefm.com.br\/noticias\/#website"},"primaryImageOfPage":{"@id":"https:\/\/radiolifefm.com.br\/noticias\/recordacoes-da-vo-finoca\/#primaryimage"},"image":{"@id":"https:\/\/radiolifefm.com.br\/noticias\/recordacoes-da-vo-finoca\/#primaryimage"},"thumbnailUrl":"https:\/\/radiolifefm.com.br\/noticias\/wp-content\/uploads\/2022\/04\/WhatsApp-Image-2022-04-10-at-18.43.02.jpeg","datePublished":"2023-08-02T11:28:16+00:00","dateModified":"2026-04-10T21:04:09+00:00","breadcrumb":{"@id":"https:\/\/radiolifefm.com.br\/noticias\/recordacoes-da-vo-finoca\/#breadcrumb"},"inLanguage":"pt-BR","potentialAction":[{"@type":"ReadAction","target":["https:\/\/radiolifefm.com.br\/noticias\/recordacoes-da-vo-finoca\/"]}]},{"@type":"ImageObject","inLanguage":"pt-BR","@id":"https:\/\/radiolifefm.com.br\/noticias\/recordacoes-da-vo-finoca\/#primaryimage","url":"https:\/\/radiolifefm.com.br\/noticias\/wp-content\/uploads\/2022\/04\/WhatsApp-Image-2022-04-10-at-18.43.02.jpeg","contentUrl":"https:\/\/radiolifefm.com.br\/noticias\/wp-content\/uploads\/2022\/04\/WhatsApp-Image-2022-04-10-at-18.43.02.jpeg","width":972,"height":1296,"caption":"S\u00e9rgio Barbosa"},{"@type":"BreadcrumbList","@id":"https:\/\/radiolifefm.com.br\/noticias\/recordacoes-da-vo-finoca\/#breadcrumb","itemListElement":[{"@type":"ListItem","position":1,"name":"In\u00edcio","item":"https:\/\/radiolifefm.com.br\/noticias\/"},{"@type":"ListItem","position":2,"name":"Recorda\u00e7\u00f5es da &#8220;V\u00f3 Finoca&#8221;&#8230;"}]},{"@type":"WebSite","@id":"https:\/\/radiolifefm.com.br\/noticias\/#website","url":"https:\/\/radiolifefm.com.br\/noticias\/","name":"R\u00e1dio Life FM","description":"O Portal de Not\u00edcias de Adamantina","publisher":{"@id":"https:\/\/radiolifefm.com.br\/noticias\/#organization"},"alternateName":"Life FM","potentialAction":[{"@type":"SearchAction","target":{"@type":"EntryPoint","urlTemplate":"https:\/\/radiolifefm.com.br\/noticias\/?s={search_term_string}"},"query-input":{"@type":"PropertyValueSpecification","valueRequired":true,"valueName":"search_term_string"}}],"inLanguage":"pt-BR"},{"@type":"Organization","@id":"https:\/\/radiolifefm.com.br\/noticias\/#organization","name":"R\u00e1dio Life FM","alternateName":"Life FM","url":"https:\/\/radiolifefm.com.br\/noticias\/","logo":{"@type":"ImageObject","inLanguage":"pt-BR","@id":"https:\/\/radiolifefm.com.br\/noticias\/#\/schema\/logo\/image\/","url":"https:\/\/static.radiolifefm.com.br\/noticias\/wp-content\/uploads\/2019\/10\/logo-lifefm.png","contentUrl":"https:\/\/static.radiolifefm.com.br\/noticias\/wp-content\/uploads\/2019\/10\/logo-lifefm.png","width":196,"height":47,"caption":"R\u00e1dio Life FM"},"image":{"@id":"https:\/\/radiolifefm.com.br\/noticias\/#\/schema\/logo\/image\/"},"sameAs":["https:\/\/www.facebook.com\/radiolifefm\/","https:\/\/www.instagram.com\/life1079fm\/"]},{"@type":"Person","@id":"https:\/\/radiolifefm.com.br\/noticias\/#\/schema\/person\/6339b9fac59d12b071dec680d7375d87","name":"ritanery","image":{"@type":"ImageObject","inLanguage":"pt-BR","@id":"https:\/\/secure.gravatar.com\/avatar\/0e37bb19071f47c0b8a23f62a903df117c5a0e75f65a0c2901562f97cd41cf86?s=96&d=mm&r=g","url":"https:\/\/secure.gravatar.com\/avatar\/0e37bb19071f47c0b8a23f62a903df117c5a0e75f65a0c2901562f97cd41cf86?s=96&d=mm&r=g","contentUrl":"https:\/\/secure.gravatar.com\/avatar\/0e37bb19071f47c0b8a23f62a903df117c5a0e75f65a0c2901562f97cd41cf86?s=96&d=mm&r=g","caption":"ritanery"}}]}},"amp_enabled":true,"_links":{"self":[{"href":"https:\/\/radiolifefm.com.br\/noticias\/wp-json\/wp\/v2\/posts\/74587","targetHints":{"allow":["GET"]}}],"collection":[{"href":"https:\/\/radiolifefm.com.br\/noticias\/wp-json\/wp\/v2\/posts"}],"about":[{"href":"https:\/\/radiolifefm.com.br\/noticias\/wp-json\/wp\/v2\/types\/post"}],"author":[{"embeddable":true,"href":"https:\/\/radiolifefm.com.br\/noticias\/wp-json\/wp\/v2\/users\/13"}],"replies":[{"embeddable":true,"href":"https:\/\/radiolifefm.com.br\/noticias\/wp-json\/wp\/v2\/comments?post=74587"}],"version-history":[{"count":1,"href":"https:\/\/radiolifefm.com.br\/noticias\/wp-json\/wp\/v2\/posts\/74587\/revisions"}],"predecessor-version":[{"id":74588,"href":"https:\/\/radiolifefm.com.br\/noticias\/wp-json\/wp\/v2\/posts\/74587\/revisions\/74588"}],"wp:featuredmedia":[{"embeddable":true,"href":"https:\/\/radiolifefm.com.br\/noticias\/wp-json\/wp\/v2\/media\/51988"}],"wp:attachment":[{"href":"https:\/\/radiolifefm.com.br\/noticias\/wp-json\/wp\/v2\/media?parent=74587"}],"wp:term":[{"taxonomy":"category","embeddable":true,"href":"https:\/\/radiolifefm.com.br\/noticias\/wp-json\/wp\/v2\/categories?post=74587"},{"taxonomy":"post_tag","embeddable":true,"href":"https:\/\/radiolifefm.com.br\/noticias\/wp-json\/wp\/v2\/tags?post=74587"}],"curies":[{"name":"wp","href":"https:\/\/api.w.org\/{rel}","templated":true}]}}