{"id":74494,"date":"2023-07-31T08:24:15","date_gmt":"2023-07-31T11:24:15","guid":{"rendered":"https:\/\/radiolifefm.com.br\/noticias\/?p=74494"},"modified":"2026-03-26T17:41:16","modified_gmt":"2026-03-26T20:41:16","slug":"desencontros-com-as-casas-de-madeira-em-terras-provincianas","status":"publish","type":"post","link":"https:\/\/radiolifefm.com.br\/noticias\/desencontros-com-as-casas-de-madeira-em-terras-provincianas\/","title":{"rendered":"Desencontros com as &#8220;casas de madeira&#8221; em terras provincianas&#8230;"},"content":{"rendered":"<div id=\"fb-root\"><\/div>\n<p><em>&#8220;As Constru\u00e7\u00f5es modernas est\u00e3o baseadas, estrutural e tecnicamente, nas antigas estruturas de\u00a0casas de madeira e at\u00e9 nos tradicionais conceitos de abrigo e protec\u00e7\u00e3o das\u00a0primitivas constru\u00e7\u00f5es, que satisfaziam as exig\u00eancias mais elementares e cujas caracter\u00edsticas essenciais perduram at\u00e9 aos nossos dias&#8221;. (<\/em><a href=\"http:\/\/www.casema.pt\/um-pouco-de-historia\/#cab-author\"><em>Nuno Rebocho<\/em><\/a><em>)<\/em><\/p>\n<p><strong><em>S\u00e9rgio Barbosa (*)<\/em><\/strong><\/p>\n<p>Faz alguns anos que venho percebendo que o passado anda desaparecendo das ruas, avenidas e ladeiras provincianas, isso mesmo, pois, tais desencontros est\u00e3o relacionados com as denominadas &#8220;casas de madeira&#8221; e assim por diante&#8230;<\/p>\n<p>Pode-se, tamb\u00e9m, escrever que essas &#8220;casas de madeira&#8221;, est\u00e3o sumindo da maioria das cidades em n\u00edveis regional, estadual e nacional, tendo em vista que o tal do desenvolvimento prop\u00f5e novas possibilidades de moradia no cen\u00e1rio mundial&#8230;<\/p>\n<p>Mesmo assim, torna-se mais do que interessante estar em conex\u00e3o com essas &#8220;casas de madeira&#8221;, tendo em vista muitas registram aspectos hist\u00f3ricos do per\u00edodo em que foram planejadas e constru\u00eddas, sempre com algum toque aqui ou ali para ficar diferente do vizinho e ponto quase final&#8230;<\/p>\n<p>Na regi\u00e3o central da Prov\u00edncia, existem diversas &#8220;casas de madeira&#8221; para um olhar al\u00e9m deste tempo que se chama hoje, portanto, solicito que o\/a leitor\/as deste texto, caso se interesse pelo tema, procure prestar aten\u00e7\u00e3o nestas &#8220;casas&#8221; quando estiver andando ou rodando pelas ruas, avenidas ou ladeiras provincianas&#8230;<\/p>\n<p>Al\u00e9m do mais ou de menos, sempre \u00e9 tempo de buscar pelo olhar outras possibilidades relacionadas com essas &#8220;casas de madeira&#8221;, pois, at\u00e9 onde estou sabendo, muitos moradores est\u00e3o residindo nas mesmas desde a constru\u00e7\u00e3o das mesmas&#8230;<\/p>\n<p>Tais considera\u00e7\u00f5es s\u00e3o necess\u00e1rias, tendo em vista que a maioria das pessoas est\u00e3o interessadas nos novos projetos residenciais assinados pelos profissionais da \u00e1rea, mesmo assim, cada qual deve procurar estar atento ao passado para tentar entender o presente na perspectiva do futuro&#8230;<\/p>\n<p>Lembro, tamb\u00e9m, que em um outro tempo um acad\u00eamico do curso de Hist\u00f3ria, buscava pesquisar temas e tem\u00e1ticas relacionadas com\u00a0 &#8220;casas pioneiras&#8221;, considerando que as mesmas registram fatos hist\u00f3ricos por meio das &#8220;madeiras&#8221; que foram utilizadas nas suas constru\u00e7\u00f5es&#8230;<\/p>\n<p>Espera-se que outras pessoas, ainda, de um jeito ou de outro, possam-se interessar pelas &#8220;casas de madeira&#8221; que teimam em &#8220;ficar de p\u00e9&#8221;, haja vista a import\u00e2ncia dessas &#8220;casas&#8221; para abrigarem seus moradores como uma &#8220;marca mais do que registrada&#8221; frente ao avan\u00e7o da especula\u00e7\u00e3o imobili\u00e1ria na Prov\u00edncia&#8230;<\/p>\n<p>Torna-se lament\u00e1vel o desinteresse do poder p\u00fablico quanto aos aspectos desta arquitetura patrocinada pelas &#8220;casas de madeira&#8221; que est\u00e3o nos quatro cantos provincianos, por\u00e9m, entendo que tudo pode ser uma &#8220;quest\u00e3o de tempo&#8221; para que o presente esque\u00e7a a import\u00e2ncia do passado neste cen\u00e1rio que envolve fatos hist\u00f3ricos&#8230;<\/p>\n<p>Portanto, torna-se necess\u00e1rio que o Poder P\u00fablico, ainda, por meio das respectivas Secretarias de apoio, encontrem uma ou mais alternativas visando a \u201cpreserva\u00e7\u00e3o\u201d daquelas \u201ccasas de madeira\u201d que representam mais de perto a Mem\u00f3ria do outro tempo deste tempo para um outro tempo do tempo&#8230;<\/p>\n<p>QUEM SOBREVIVER VAI SABER&#8230;<\/p>\n<p>&nbsp;<\/p>\n<p><strong>(*) jornalista diplomado e pesquisador da c\u00e1tedra unesco\/umesp de comunica\u00e7\u00e3o para o desenvolvimento regional.<\/strong><\/p>\n<p><strong>e-mail: <\/strong><a href=\"mailto:barbosa.sebar@gmail.com\"><strong>barbosa.sebar@gmail.com<\/strong><\/a><\/p>\n<p>&nbsp;<\/p>\n<p>&nbsp;<\/p>\n<p>&nbsp;<\/p>\n<p>&nbsp;<\/p>\n<p>&nbsp;<\/p>\n","protected":false},"excerpt":{"rendered":"<p>&#8220;As Constru\u00e7\u00f5es modernas est\u00e3o baseadas, estrutural e tecnicamente, nas antigas estruturas de\u00a0casas de madeira e at\u00e9 nos tradicionais conceitos de abrigo e protec\u00e7\u00e3o das\u00a0primitivas constru\u00e7\u00f5es, que satisfaziam as exig\u00eancias mais elementares e cujas caracter\u00edsticas essenciais perduram at\u00e9 aos nossos dias&#8221;. (Nuno Rebocho) S\u00e9rgio Barbosa (*) Faz alguns anos que venho percebendo que o passado anda [&hellip;]<\/p>\n","protected":false},"author":13,"featured_media":51988,"comment_status":"closed","ping_status":"open","sticky":false,"template":"","format":"standard","meta":{"_acf_changed":false,"_exactmetrics_skip_tracking":false,"_exactmetrics_sitenote_active":false,"_exactmetrics_sitenote_note":"","_exactmetrics_sitenote_category":0,"footnotes":""},"categories":[59],"tags":[],"class_list":["post-74494","post","type-post","status-publish","format-standard","has-post-thumbnail","hentry","category-opiniao"],"acf":[],"yoast_head":"<!-- This site is optimized with the Yoast SEO plugin v27.2 - https:\/\/yoast.com\/product\/yoast-seo-wordpress\/ -->\n<title>Desencontros com as &quot;casas de madeira&quot; em terras provincianas... - R\u00e1dio Life FM<\/title>\n<meta name=\"robots\" content=\"index, follow, max-snippet:-1, max-image-preview:large, max-video-preview:-1\" \/>\n<link rel=\"canonical\" href=\"https:\/\/radiolifefm.com.br\/noticias\/desencontros-com-as-casas-de-madeira-em-terras-provincianas\/\" \/>\n<meta property=\"og:locale\" content=\"pt_BR\" \/>\n<meta property=\"og:type\" content=\"article\" \/>\n<meta property=\"og:title\" content=\"Desencontros com as &quot;casas de madeira&quot; em terras provincianas... - R\u00e1dio Life FM\" \/>\n<meta property=\"og:description\" content=\"&#8220;As Constru\u00e7\u00f5es modernas est\u00e3o baseadas, estrutural e tecnicamente, nas antigas estruturas de\u00a0casas de madeira e at\u00e9 nos tradicionais conceitos de abrigo e protec\u00e7\u00e3o das\u00a0primitivas constru\u00e7\u00f5es, que satisfaziam as exig\u00eancias mais elementares e cujas caracter\u00edsticas essenciais perduram at\u00e9 aos nossos dias&#8221;. (Nuno Rebocho) S\u00e9rgio Barbosa (*) Faz alguns anos que venho percebendo que o passado anda [&hellip;]\" \/>\n<meta property=\"og:url\" content=\"https:\/\/radiolifefm.com.br\/noticias\/desencontros-com-as-casas-de-madeira-em-terras-provincianas\/\" \/>\n<meta property=\"og:site_name\" content=\"R\u00e1dio Life FM\" \/>\n<meta property=\"article:publisher\" content=\"https:\/\/www.facebook.com\/radiolifefm\/\" \/>\n<meta property=\"article:published_time\" content=\"2023-07-31T11:24:15+00:00\" \/>\n<meta property=\"article:modified_time\" content=\"2026-03-26T20:41:16+00:00\" \/>\n<meta property=\"og:image\" content=\"https:\/\/radiolifefm.com.br\/noticias\/wp-content\/uploads\/2022\/04\/WhatsApp-Image-2022-04-10-at-18.43.02.jpeg\" \/>\n\t<meta property=\"og:image:width\" content=\"972\" \/>\n\t<meta property=\"og:image:height\" content=\"1296\" \/>\n\t<meta property=\"og:image:type\" content=\"image\/jpeg\" \/>\n<meta name=\"author\" content=\"ritanery\" \/>\n<meta name=\"twitter:card\" content=\"summary_large_image\" \/>\n<meta name=\"twitter:label1\" content=\"Escrito por\" \/>\n\t<meta name=\"twitter:data1\" content=\"ritanery\" \/>\n\t<meta name=\"twitter:label2\" content=\"Est. tempo de leitura\" \/>\n\t<meta name=\"twitter:data2\" content=\"3 minutos\" \/>\n<script type=\"application\/ld+json\" class=\"yoast-schema-graph\">{\"@context\":\"https:\/\/schema.org\",\"@graph\":[{\"@type\":\"Article\",\"@id\":\"https:\/\/radiolifefm.com.br\/noticias\/desencontros-com-as-casas-de-madeira-em-terras-provincianas\/#article\",\"isPartOf\":{\"@id\":\"https:\/\/radiolifefm.com.br\/noticias\/desencontros-com-as-casas-de-madeira-em-terras-provincianas\/\"},\"author\":{\"name\":\"ritanery\",\"@id\":\"https:\/\/radiolifefm.com.br\/noticias\/#\/schema\/person\/6339b9fac59d12b071dec680d7375d87\"},\"headline\":\"Desencontros com as &#8220;casas de madeira&#8221; em terras provincianas&#8230;\",\"datePublished\":\"2023-07-31T11:24:15+00:00\",\"dateModified\":\"2026-03-26T20:41:16+00:00\",\"mainEntityOfPage\":{\"@id\":\"https:\/\/radiolifefm.com.br\/noticias\/desencontros-com-as-casas-de-madeira-em-terras-provincianas\/\"},\"wordCount\":562,\"publisher\":{\"@id\":\"https:\/\/radiolifefm.com.br\/noticias\/#organization\"},\"image\":{\"@id\":\"https:\/\/radiolifefm.com.br\/noticias\/desencontros-com-as-casas-de-madeira-em-terras-provincianas\/#primaryimage\"},\"thumbnailUrl\":\"https:\/\/radiolifefm.com.br\/noticias\/wp-content\/uploads\/2022\/04\/WhatsApp-Image-2022-04-10-at-18.43.02.jpeg\",\"articleSection\":[\"Opini\u00e3o\"],\"inLanguage\":\"pt-BR\"},{\"@type\":\"WebPage\",\"@id\":\"https:\/\/radiolifefm.com.br\/noticias\/desencontros-com-as-casas-de-madeira-em-terras-provincianas\/\",\"url\":\"https:\/\/radiolifefm.com.br\/noticias\/desencontros-com-as-casas-de-madeira-em-terras-provincianas\/\",\"name\":\"Desencontros com as \\\"casas de madeira\\\" em terras provincianas... - R\u00e1dio Life FM\",\"isPartOf\":{\"@id\":\"https:\/\/radiolifefm.com.br\/noticias\/#website\"},\"primaryImageOfPage\":{\"@id\":\"https:\/\/radiolifefm.com.br\/noticias\/desencontros-com-as-casas-de-madeira-em-terras-provincianas\/#primaryimage\"},\"image\":{\"@id\":\"https:\/\/radiolifefm.com.br\/noticias\/desencontros-com-as-casas-de-madeira-em-terras-provincianas\/#primaryimage\"},\"thumbnailUrl\":\"https:\/\/radiolifefm.com.br\/noticias\/wp-content\/uploads\/2022\/04\/WhatsApp-Image-2022-04-10-at-18.43.02.jpeg\",\"datePublished\":\"2023-07-31T11:24:15+00:00\",\"dateModified\":\"2026-03-26T20:41:16+00:00\",\"breadcrumb\":{\"@id\":\"https:\/\/radiolifefm.com.br\/noticias\/desencontros-com-as-casas-de-madeira-em-terras-provincianas\/#breadcrumb\"},\"inLanguage\":\"pt-BR\",\"potentialAction\":[{\"@type\":\"ReadAction\",\"target\":[\"https:\/\/radiolifefm.com.br\/noticias\/desencontros-com-as-casas-de-madeira-em-terras-provincianas\/\"]}]},{\"@type\":\"ImageObject\",\"inLanguage\":\"pt-BR\",\"@id\":\"https:\/\/radiolifefm.com.br\/noticias\/desencontros-com-as-casas-de-madeira-em-terras-provincianas\/#primaryimage\",\"url\":\"https:\/\/radiolifefm.com.br\/noticias\/wp-content\/uploads\/2022\/04\/WhatsApp-Image-2022-04-10-at-18.43.02.jpeg\",\"contentUrl\":\"https:\/\/radiolifefm.com.br\/noticias\/wp-content\/uploads\/2022\/04\/WhatsApp-Image-2022-04-10-at-18.43.02.jpeg\",\"width\":972,\"height\":1296,\"caption\":\"S\u00e9rgio Barbosa\"},{\"@type\":\"BreadcrumbList\",\"@id\":\"https:\/\/radiolifefm.com.br\/noticias\/desencontros-com-as-casas-de-madeira-em-terras-provincianas\/#breadcrumb\",\"itemListElement\":[{\"@type\":\"ListItem\",\"position\":1,\"name\":\"In\u00edcio\",\"item\":\"https:\/\/radiolifefm.com.br\/noticias\/\"},{\"@type\":\"ListItem\",\"position\":2,\"name\":\"Desencontros com as &#8220;casas de madeira&#8221; em terras provincianas&#8230;\"}]},{\"@type\":\"WebSite\",\"@id\":\"https:\/\/radiolifefm.com.br\/noticias\/#website\",\"url\":\"https:\/\/radiolifefm.com.br\/noticias\/\",\"name\":\"R\u00e1dio Life FM\",\"description\":\"O Portal de Not\u00edcias de Adamantina\",\"publisher\":{\"@id\":\"https:\/\/radiolifefm.com.br\/noticias\/#organization\"},\"alternateName\":\"Life FM\",\"potentialAction\":[{\"@type\":\"SearchAction\",\"target\":{\"@type\":\"EntryPoint\",\"urlTemplate\":\"https:\/\/radiolifefm.com.br\/noticias\/?s={search_term_string}\"},\"query-input\":{\"@type\":\"PropertyValueSpecification\",\"valueRequired\":true,\"valueName\":\"search_term_string\"}}],\"inLanguage\":\"pt-BR\"},{\"@type\":\"Organization\",\"@id\":\"https:\/\/radiolifefm.com.br\/noticias\/#organization\",\"name\":\"R\u00e1dio Life FM\",\"alternateName\":\"Life FM\",\"url\":\"https:\/\/radiolifefm.com.br\/noticias\/\",\"logo\":{\"@type\":\"ImageObject\",\"inLanguage\":\"pt-BR\",\"@id\":\"https:\/\/radiolifefm.com.br\/noticias\/#\/schema\/logo\/image\/\",\"url\":\"https:\/\/static.radiolifefm.com.br\/noticias\/wp-content\/uploads\/2019\/10\/logo-lifefm.png\",\"contentUrl\":\"https:\/\/static.radiolifefm.com.br\/noticias\/wp-content\/uploads\/2019\/10\/logo-lifefm.png\",\"width\":196,\"height\":47,\"caption\":\"R\u00e1dio Life FM\"},\"image\":{\"@id\":\"https:\/\/radiolifefm.com.br\/noticias\/#\/schema\/logo\/image\/\"},\"sameAs\":[\"https:\/\/www.facebook.com\/radiolifefm\/\",\"https:\/\/www.instagram.com\/life1079fm\/\"]},{\"@type\":\"Person\",\"@id\":\"https:\/\/radiolifefm.com.br\/noticias\/#\/schema\/person\/6339b9fac59d12b071dec680d7375d87\",\"name\":\"ritanery\",\"image\":{\"@type\":\"ImageObject\",\"inLanguage\":\"pt-BR\",\"@id\":\"https:\/\/secure.gravatar.com\/avatar\/0e37bb19071f47c0b8a23f62a903df117c5a0e75f65a0c2901562f97cd41cf86?s=96&d=mm&r=g\",\"url\":\"https:\/\/secure.gravatar.com\/avatar\/0e37bb19071f47c0b8a23f62a903df117c5a0e75f65a0c2901562f97cd41cf86?s=96&d=mm&r=g\",\"contentUrl\":\"https:\/\/secure.gravatar.com\/avatar\/0e37bb19071f47c0b8a23f62a903df117c5a0e75f65a0c2901562f97cd41cf86?s=96&d=mm&r=g\",\"caption\":\"ritanery\"}}]}<\/script>\n<!-- \/ Yoast SEO plugin. -->","yoast_head_json":{"title":"Desencontros com as \"casas de madeira\" em terras provincianas... - R\u00e1dio Life FM","robots":{"index":"index","follow":"follow","max-snippet":"max-snippet:-1","max-image-preview":"max-image-preview:large","max-video-preview":"max-video-preview:-1"},"canonical":"https:\/\/radiolifefm.com.br\/noticias\/desencontros-com-as-casas-de-madeira-em-terras-provincianas\/","og_locale":"pt_BR","og_type":"article","og_title":"Desencontros com as \"casas de madeira\" em terras provincianas... - R\u00e1dio Life FM","og_description":"&#8220;As Constru\u00e7\u00f5es modernas est\u00e3o baseadas, estrutural e tecnicamente, nas antigas estruturas de\u00a0casas de madeira e at\u00e9 nos tradicionais conceitos de abrigo e protec\u00e7\u00e3o das\u00a0primitivas constru\u00e7\u00f5es, que satisfaziam as exig\u00eancias mais elementares e cujas caracter\u00edsticas essenciais perduram at\u00e9 aos nossos dias&#8221;. (Nuno Rebocho) S\u00e9rgio Barbosa (*) Faz alguns anos que venho percebendo que o passado anda [&hellip;]","og_url":"https:\/\/radiolifefm.com.br\/noticias\/desencontros-com-as-casas-de-madeira-em-terras-provincianas\/","og_site_name":"R\u00e1dio Life FM","article_publisher":"https:\/\/www.facebook.com\/radiolifefm\/","article_published_time":"2023-07-31T11:24:15+00:00","article_modified_time":"2026-03-26T20:41:16+00:00","og_image":[{"width":972,"height":1296,"url":"https:\/\/radiolifefm.com.br\/noticias\/wp-content\/uploads\/2022\/04\/WhatsApp-Image-2022-04-10-at-18.43.02.jpeg","type":"image\/jpeg"}],"author":"ritanery","twitter_card":"summary_large_image","twitter_misc":{"Escrito por":"ritanery","Est. tempo de leitura":"3 minutos"},"schema":{"@context":"https:\/\/schema.org","@graph":[{"@type":"Article","@id":"https:\/\/radiolifefm.com.br\/noticias\/desencontros-com-as-casas-de-madeira-em-terras-provincianas\/#article","isPartOf":{"@id":"https:\/\/radiolifefm.com.br\/noticias\/desencontros-com-as-casas-de-madeira-em-terras-provincianas\/"},"author":{"name":"ritanery","@id":"https:\/\/radiolifefm.com.br\/noticias\/#\/schema\/person\/6339b9fac59d12b071dec680d7375d87"},"headline":"Desencontros com as &#8220;casas de madeira&#8221; em terras provincianas&#8230;","datePublished":"2023-07-31T11:24:15+00:00","dateModified":"2026-03-26T20:41:16+00:00","mainEntityOfPage":{"@id":"https:\/\/radiolifefm.com.br\/noticias\/desencontros-com-as-casas-de-madeira-em-terras-provincianas\/"},"wordCount":562,"publisher":{"@id":"https:\/\/radiolifefm.com.br\/noticias\/#organization"},"image":{"@id":"https:\/\/radiolifefm.com.br\/noticias\/desencontros-com-as-casas-de-madeira-em-terras-provincianas\/#primaryimage"},"thumbnailUrl":"https:\/\/radiolifefm.com.br\/noticias\/wp-content\/uploads\/2022\/04\/WhatsApp-Image-2022-04-10-at-18.43.02.jpeg","articleSection":["Opini\u00e3o"],"inLanguage":"pt-BR"},{"@type":"WebPage","@id":"https:\/\/radiolifefm.com.br\/noticias\/desencontros-com-as-casas-de-madeira-em-terras-provincianas\/","url":"https:\/\/radiolifefm.com.br\/noticias\/desencontros-com-as-casas-de-madeira-em-terras-provincianas\/","name":"Desencontros com as \"casas de madeira\" em terras provincianas... - R\u00e1dio Life FM","isPartOf":{"@id":"https:\/\/radiolifefm.com.br\/noticias\/#website"},"primaryImageOfPage":{"@id":"https:\/\/radiolifefm.com.br\/noticias\/desencontros-com-as-casas-de-madeira-em-terras-provincianas\/#primaryimage"},"image":{"@id":"https:\/\/radiolifefm.com.br\/noticias\/desencontros-com-as-casas-de-madeira-em-terras-provincianas\/#primaryimage"},"thumbnailUrl":"https:\/\/radiolifefm.com.br\/noticias\/wp-content\/uploads\/2022\/04\/WhatsApp-Image-2022-04-10-at-18.43.02.jpeg","datePublished":"2023-07-31T11:24:15+00:00","dateModified":"2026-03-26T20:41:16+00:00","breadcrumb":{"@id":"https:\/\/radiolifefm.com.br\/noticias\/desencontros-com-as-casas-de-madeira-em-terras-provincianas\/#breadcrumb"},"inLanguage":"pt-BR","potentialAction":[{"@type":"ReadAction","target":["https:\/\/radiolifefm.com.br\/noticias\/desencontros-com-as-casas-de-madeira-em-terras-provincianas\/"]}]},{"@type":"ImageObject","inLanguage":"pt-BR","@id":"https:\/\/radiolifefm.com.br\/noticias\/desencontros-com-as-casas-de-madeira-em-terras-provincianas\/#primaryimage","url":"https:\/\/radiolifefm.com.br\/noticias\/wp-content\/uploads\/2022\/04\/WhatsApp-Image-2022-04-10-at-18.43.02.jpeg","contentUrl":"https:\/\/radiolifefm.com.br\/noticias\/wp-content\/uploads\/2022\/04\/WhatsApp-Image-2022-04-10-at-18.43.02.jpeg","width":972,"height":1296,"caption":"S\u00e9rgio Barbosa"},{"@type":"BreadcrumbList","@id":"https:\/\/radiolifefm.com.br\/noticias\/desencontros-com-as-casas-de-madeira-em-terras-provincianas\/#breadcrumb","itemListElement":[{"@type":"ListItem","position":1,"name":"In\u00edcio","item":"https:\/\/radiolifefm.com.br\/noticias\/"},{"@type":"ListItem","position":2,"name":"Desencontros com as &#8220;casas de madeira&#8221; em terras provincianas&#8230;"}]},{"@type":"WebSite","@id":"https:\/\/radiolifefm.com.br\/noticias\/#website","url":"https:\/\/radiolifefm.com.br\/noticias\/","name":"R\u00e1dio Life FM","description":"O Portal de Not\u00edcias de Adamantina","publisher":{"@id":"https:\/\/radiolifefm.com.br\/noticias\/#organization"},"alternateName":"Life FM","potentialAction":[{"@type":"SearchAction","target":{"@type":"EntryPoint","urlTemplate":"https:\/\/radiolifefm.com.br\/noticias\/?s={search_term_string}"},"query-input":{"@type":"PropertyValueSpecification","valueRequired":true,"valueName":"search_term_string"}}],"inLanguage":"pt-BR"},{"@type":"Organization","@id":"https:\/\/radiolifefm.com.br\/noticias\/#organization","name":"R\u00e1dio Life FM","alternateName":"Life FM","url":"https:\/\/radiolifefm.com.br\/noticias\/","logo":{"@type":"ImageObject","inLanguage":"pt-BR","@id":"https:\/\/radiolifefm.com.br\/noticias\/#\/schema\/logo\/image\/","url":"https:\/\/static.radiolifefm.com.br\/noticias\/wp-content\/uploads\/2019\/10\/logo-lifefm.png","contentUrl":"https:\/\/static.radiolifefm.com.br\/noticias\/wp-content\/uploads\/2019\/10\/logo-lifefm.png","width":196,"height":47,"caption":"R\u00e1dio Life FM"},"image":{"@id":"https:\/\/radiolifefm.com.br\/noticias\/#\/schema\/logo\/image\/"},"sameAs":["https:\/\/www.facebook.com\/radiolifefm\/","https:\/\/www.instagram.com\/life1079fm\/"]},{"@type":"Person","@id":"https:\/\/radiolifefm.com.br\/noticias\/#\/schema\/person\/6339b9fac59d12b071dec680d7375d87","name":"ritanery","image":{"@type":"ImageObject","inLanguage":"pt-BR","@id":"https:\/\/secure.gravatar.com\/avatar\/0e37bb19071f47c0b8a23f62a903df117c5a0e75f65a0c2901562f97cd41cf86?s=96&d=mm&r=g","url":"https:\/\/secure.gravatar.com\/avatar\/0e37bb19071f47c0b8a23f62a903df117c5a0e75f65a0c2901562f97cd41cf86?s=96&d=mm&r=g","contentUrl":"https:\/\/secure.gravatar.com\/avatar\/0e37bb19071f47c0b8a23f62a903df117c5a0e75f65a0c2901562f97cd41cf86?s=96&d=mm&r=g","caption":"ritanery"}}]}},"amp_enabled":true,"_links":{"self":[{"href":"https:\/\/radiolifefm.com.br\/noticias\/wp-json\/wp\/v2\/posts\/74494","targetHints":{"allow":["GET"]}}],"collection":[{"href":"https:\/\/radiolifefm.com.br\/noticias\/wp-json\/wp\/v2\/posts"}],"about":[{"href":"https:\/\/radiolifefm.com.br\/noticias\/wp-json\/wp\/v2\/types\/post"}],"author":[{"embeddable":true,"href":"https:\/\/radiolifefm.com.br\/noticias\/wp-json\/wp\/v2\/users\/13"}],"replies":[{"embeddable":true,"href":"https:\/\/radiolifefm.com.br\/noticias\/wp-json\/wp\/v2\/comments?post=74494"}],"version-history":[{"count":1,"href":"https:\/\/radiolifefm.com.br\/noticias\/wp-json\/wp\/v2\/posts\/74494\/revisions"}],"predecessor-version":[{"id":74495,"href":"https:\/\/radiolifefm.com.br\/noticias\/wp-json\/wp\/v2\/posts\/74494\/revisions\/74495"}],"wp:featuredmedia":[{"embeddable":true,"href":"https:\/\/radiolifefm.com.br\/noticias\/wp-json\/wp\/v2\/media\/51988"}],"wp:attachment":[{"href":"https:\/\/radiolifefm.com.br\/noticias\/wp-json\/wp\/v2\/media?parent=74494"}],"wp:term":[{"taxonomy":"category","embeddable":true,"href":"https:\/\/radiolifefm.com.br\/noticias\/wp-json\/wp\/v2\/categories?post=74494"},{"taxonomy":"post_tag","embeddable":true,"href":"https:\/\/radiolifefm.com.br\/noticias\/wp-json\/wp\/v2\/tags?post=74494"}],"curies":[{"name":"wp","href":"https:\/\/api.w.org\/{rel}","templated":true}]}}