{"id":74381,"date":"2023-07-28T08:16:49","date_gmt":"2023-07-28T11:16:49","guid":{"rendered":"https:\/\/radiolifefm.com.br\/noticias\/?p=74381"},"modified":"2026-03-25T05:04:02","modified_gmt":"2026-03-25T08:04:02","slug":"contradicoes-entre-reflexao-e-abismo-secular-2","status":"publish","type":"post","link":"https:\/\/radiolifefm.com.br\/noticias\/contradicoes-entre-reflexao-e-abismo-secular-2\/","title":{"rendered":"CONTRADI\u00c7\u00d5ES ENTRE REFLEX\u00c3O E ABISMO SECULAR&#8230;"},"content":{"rendered":"<div id=\"fb-root\"><\/div>\n<p>&nbsp;<\/p>\n<p><em>\u00a0<\/em><\/p>\n<p><em>\u201c&#8230; n\u00e3o preciso que me digam onde nasce o sol, porque bate l\u00e1 meu cora\u00e7\u00e3o&#8230;\u201d (Belchior)<\/em><\/p>\n<p><strong>S\u00e9rgio Barbosa (*)<\/strong><\/p>\n<p>&nbsp;<\/p>\n<p>As pessoas ficam sempre esperando pelas respostas de algu\u00e9m para um entendimento a mais em suas vidas terrenas, por\u00e9m, como sempre, as coisas mudam de uma hora para outra sem pedir licen\u00e7a para isto ou aquilo, determinando novos rumos para uma ou mais vidas&#8230;<\/p>\n<p>O momento exige cuidado para muitas pessoas neste contexto plural em tempo de p\u00f3s-globaliza\u00e7\u00e3o, assim, o mundo caminha para um abismo calado que espera o inusitado em n\u00edvel mundial&#8230;<\/p>\n<p>As discuss\u00f5es sobre temas afins aos interesses coletivos deixam a desejar para os interessados em geral, desta forma, tudo pode acontecer para os dois lados de uma mesma moeda de troca&#8230;<\/p>\n<p>O social est\u00e1 cada vez mais sendo colocado abaixo das prioridades essenciais para a sobreviv\u00eancia humana neste cen\u00e1rio apocal\u00edptico, por isto ou aquilo, o mundo terreno anda mal das pernas neste novo tempo.<\/p>\n<p>A morte faz parte do cotidiano de uma forma ou de outra, deixando um rastro de solid\u00e3o para o mundo dos vivos em meio aos olhares do outro lado, quando as velas ainda est\u00e3o acesas para sinalizar o caminho sem volta daquele que um dia esteve neste planeta&#8230;<\/p>\n<p>O conhecimento est\u00e1 levando as pessoas para uma reflex\u00e3o acima das suas for\u00e7as como um inferno dentro do para\u00edso terrestre, bem como, alimentando o ser humano com as sobras daquela guerra sem vencedor, neste caso, uma vit\u00f3ria com muitas est\u00f3rias de um mesmo conflito secular&#8230;<\/p>\n<p>As lembran\u00e7as chegam para um presente sem passado, todavia, pode ser que um talvez possa resolver o confronto dos dois lados, pelo visto fica o n\u00e3o dito nesta confus\u00e3o sem contexto celestial para os anjos do inferno astral&#8230;<\/p>\n<p>A melancolia continua com a sua proposta de sempre, determinando para ambos os casos quem assume as mentiras de uma \u00fanica verdade numa conex\u00e3o visando o infinito da cruz sem a espada do colonizador&#8230;<\/p>\n<p>As estradas, bem como, as portas do tempo est\u00e3o abertas para a vaidade do homem frente \u00e0s luzes do futuro, nada pode deter o avan\u00e7o da tecnologia neste cen\u00e1rio glocal, do global para o local&#8230;<\/p>\n<p>Ainda, existem os pseudos donos disto ou daquilo, ou seja, aquelas pessoas que se colocam acima do bem ou do mal para o exerc\u00edcio do poder no comando deste ou daquele jornal para intimidar por meio de den\u00fancias evasivas ou sensacionalistas&#8230;<\/p>\n<p>As interroga\u00e7\u00f5es continuam as mesmas do in\u00edcio deste mundo, pode ser o que &#8220;nada ser\u00e1 como antes&#8221;, tal qual o poeta do s\u00e9culo passado em terras tupiniquins, por\u00e9m, pelo certo ou pelo errado, fica a impress\u00e3o do presente sem passado em tempo de p\u00f3s-globaliza\u00e7\u00e3o organizacional&#8230;<\/p>\n<p>QUEM SOBREVIVER VAI SABER&#8230;<\/p>\n<p><strong><em>_______________________________________<\/em><\/strong><\/p>\n<p><strong><em>(*) jornalista diplomado.<\/em><\/strong><\/p>\n<p><strong><em>e-mail: <\/em><\/strong><a href=\"mailto:barbosa.sebar@gmail.com\"><strong><em>barbosa.sebar@gmail.com<\/em><\/strong><\/a><\/p>\n","protected":false},"excerpt":{"rendered":"<p>&nbsp; \u00a0 \u201c&#8230; n\u00e3o preciso que me digam onde nasce o sol, porque bate l\u00e1 meu cora\u00e7\u00e3o&#8230;\u201d (Belchior) S\u00e9rgio Barbosa (*) &nbsp; As pessoas ficam sempre esperando pelas respostas de algu\u00e9m para um entendimento a mais em suas vidas terrenas, por\u00e9m, como sempre, as coisas mudam de uma hora para outra sem pedir licen\u00e7a para [&hellip;]<\/p>\n","protected":false},"author":13,"featured_media":51988,"comment_status":"closed","ping_status":"open","sticky":false,"template":"","format":"standard","meta":{"_acf_changed":false,"_exactmetrics_skip_tracking":false,"_exactmetrics_sitenote_active":false,"_exactmetrics_sitenote_note":"","_exactmetrics_sitenote_category":0,"footnotes":""},"categories":[59],"tags":[],"class_list":["post-74381","post","type-post","status-publish","format-standard","has-post-thumbnail","hentry","category-opiniao"],"acf":[],"yoast_head":"<!-- This site is optimized with the Yoast SEO plugin v27.2 - https:\/\/yoast.com\/product\/yoast-seo-wordpress\/ -->\n<title>CONTRADI\u00c7\u00d5ES ENTRE REFLEX\u00c3O E ABISMO SECULAR... - R\u00e1dio Life FM<\/title>\n<meta name=\"robots\" content=\"index, follow, max-snippet:-1, max-image-preview:large, max-video-preview:-1\" \/>\n<link rel=\"canonical\" href=\"https:\/\/radiolifefm.com.br\/noticias\/contradicoes-entre-reflexao-e-abismo-secular-2\/\" \/>\n<meta property=\"og:locale\" content=\"pt_BR\" \/>\n<meta property=\"og:type\" content=\"article\" \/>\n<meta property=\"og:title\" content=\"CONTRADI\u00c7\u00d5ES ENTRE REFLEX\u00c3O E ABISMO SECULAR... - R\u00e1dio Life FM\" \/>\n<meta property=\"og:description\" content=\"&nbsp; \u00a0 \u201c&#8230; n\u00e3o preciso que me digam onde nasce o sol, porque bate l\u00e1 meu cora\u00e7\u00e3o&#8230;\u201d (Belchior) S\u00e9rgio Barbosa (*) &nbsp; As pessoas ficam sempre esperando pelas respostas de algu\u00e9m para um entendimento a mais em suas vidas terrenas, por\u00e9m, como sempre, as coisas mudam de uma hora para outra sem pedir licen\u00e7a para [&hellip;]\" \/>\n<meta property=\"og:url\" content=\"https:\/\/radiolifefm.com.br\/noticias\/contradicoes-entre-reflexao-e-abismo-secular-2\/\" \/>\n<meta property=\"og:site_name\" content=\"R\u00e1dio Life FM\" \/>\n<meta property=\"article:publisher\" content=\"https:\/\/www.facebook.com\/radiolifefm\/\" \/>\n<meta property=\"article:published_time\" content=\"2023-07-28T11:16:49+00:00\" \/>\n<meta property=\"article:modified_time\" content=\"2026-03-25T08:04:02+00:00\" \/>\n<meta property=\"og:image\" content=\"https:\/\/radiolifefm.com.br\/noticias\/wp-content\/uploads\/2022\/04\/WhatsApp-Image-2022-04-10-at-18.43.02.jpeg\" \/>\n\t<meta property=\"og:image:width\" content=\"972\" \/>\n\t<meta property=\"og:image:height\" content=\"1296\" \/>\n\t<meta property=\"og:image:type\" content=\"image\/jpeg\" \/>\n<meta name=\"author\" content=\"ritanery\" \/>\n<meta name=\"twitter:card\" content=\"summary_large_image\" \/>\n<meta name=\"twitter:label1\" content=\"Escrito por\" \/>\n\t<meta name=\"twitter:data1\" content=\"ritanery\" \/>\n\t<meta name=\"twitter:label2\" content=\"Est. tempo de leitura\" \/>\n\t<meta name=\"twitter:data2\" content=\"3 minutos\" \/>\n<script type=\"application\/ld+json\" class=\"yoast-schema-graph\">{\"@context\":\"https:\/\/schema.org\",\"@graph\":[{\"@type\":\"Article\",\"@id\":\"https:\/\/radiolifefm.com.br\/noticias\/contradicoes-entre-reflexao-e-abismo-secular-2\/#article\",\"isPartOf\":{\"@id\":\"https:\/\/radiolifefm.com.br\/noticias\/contradicoes-entre-reflexao-e-abismo-secular-2\/\"},\"author\":{\"name\":\"ritanery\",\"@id\":\"https:\/\/radiolifefm.com.br\/noticias\/#\/schema\/person\/6339b9fac59d12b071dec680d7375d87\"},\"headline\":\"CONTRADI\u00c7\u00d5ES ENTRE REFLEX\u00c3O E ABISMO SECULAR&#8230;\",\"datePublished\":\"2023-07-28T11:16:49+00:00\",\"dateModified\":\"2026-03-25T08:04:02+00:00\",\"mainEntityOfPage\":{\"@id\":\"https:\/\/radiolifefm.com.br\/noticias\/contradicoes-entre-reflexao-e-abismo-secular-2\/\"},\"wordCount\":497,\"publisher\":{\"@id\":\"https:\/\/radiolifefm.com.br\/noticias\/#organization\"},\"image\":{\"@id\":\"https:\/\/radiolifefm.com.br\/noticias\/contradicoes-entre-reflexao-e-abismo-secular-2\/#primaryimage\"},\"thumbnailUrl\":\"https:\/\/radiolifefm.com.br\/noticias\/wp-content\/uploads\/2022\/04\/WhatsApp-Image-2022-04-10-at-18.43.02.jpeg\",\"articleSection\":[\"Opini\u00e3o\"],\"inLanguage\":\"pt-BR\"},{\"@type\":\"WebPage\",\"@id\":\"https:\/\/radiolifefm.com.br\/noticias\/contradicoes-entre-reflexao-e-abismo-secular-2\/\",\"url\":\"https:\/\/radiolifefm.com.br\/noticias\/contradicoes-entre-reflexao-e-abismo-secular-2\/\",\"name\":\"CONTRADI\u00c7\u00d5ES ENTRE REFLEX\u00c3O E ABISMO SECULAR... - R\u00e1dio Life FM\",\"isPartOf\":{\"@id\":\"https:\/\/radiolifefm.com.br\/noticias\/#website\"},\"primaryImageOfPage\":{\"@id\":\"https:\/\/radiolifefm.com.br\/noticias\/contradicoes-entre-reflexao-e-abismo-secular-2\/#primaryimage\"},\"image\":{\"@id\":\"https:\/\/radiolifefm.com.br\/noticias\/contradicoes-entre-reflexao-e-abismo-secular-2\/#primaryimage\"},\"thumbnailUrl\":\"https:\/\/radiolifefm.com.br\/noticias\/wp-content\/uploads\/2022\/04\/WhatsApp-Image-2022-04-10-at-18.43.02.jpeg\",\"datePublished\":\"2023-07-28T11:16:49+00:00\",\"dateModified\":\"2026-03-25T08:04:02+00:00\",\"breadcrumb\":{\"@id\":\"https:\/\/radiolifefm.com.br\/noticias\/contradicoes-entre-reflexao-e-abismo-secular-2\/#breadcrumb\"},\"inLanguage\":\"pt-BR\",\"potentialAction\":[{\"@type\":\"ReadAction\",\"target\":[\"https:\/\/radiolifefm.com.br\/noticias\/contradicoes-entre-reflexao-e-abismo-secular-2\/\"]}]},{\"@type\":\"ImageObject\",\"inLanguage\":\"pt-BR\",\"@id\":\"https:\/\/radiolifefm.com.br\/noticias\/contradicoes-entre-reflexao-e-abismo-secular-2\/#primaryimage\",\"url\":\"https:\/\/radiolifefm.com.br\/noticias\/wp-content\/uploads\/2022\/04\/WhatsApp-Image-2022-04-10-at-18.43.02.jpeg\",\"contentUrl\":\"https:\/\/radiolifefm.com.br\/noticias\/wp-content\/uploads\/2022\/04\/WhatsApp-Image-2022-04-10-at-18.43.02.jpeg\",\"width\":972,\"height\":1296,\"caption\":\"S\u00e9rgio Barbosa\"},{\"@type\":\"BreadcrumbList\",\"@id\":\"https:\/\/radiolifefm.com.br\/noticias\/contradicoes-entre-reflexao-e-abismo-secular-2\/#breadcrumb\",\"itemListElement\":[{\"@type\":\"ListItem\",\"position\":1,\"name\":\"In\u00edcio\",\"item\":\"https:\/\/radiolifefm.com.br\/noticias\/\"},{\"@type\":\"ListItem\",\"position\":2,\"name\":\"CONTRADI\u00c7\u00d5ES ENTRE REFLEX\u00c3O E ABISMO SECULAR&#8230;\"}]},{\"@type\":\"WebSite\",\"@id\":\"https:\/\/radiolifefm.com.br\/noticias\/#website\",\"url\":\"https:\/\/radiolifefm.com.br\/noticias\/\",\"name\":\"R\u00e1dio Life FM\",\"description\":\"O Portal de Not\u00edcias de Adamantina\",\"publisher\":{\"@id\":\"https:\/\/radiolifefm.com.br\/noticias\/#organization\"},\"alternateName\":\"Life FM\",\"potentialAction\":[{\"@type\":\"SearchAction\",\"target\":{\"@type\":\"EntryPoint\",\"urlTemplate\":\"https:\/\/radiolifefm.com.br\/noticias\/?s={search_term_string}\"},\"query-input\":{\"@type\":\"PropertyValueSpecification\",\"valueRequired\":true,\"valueName\":\"search_term_string\"}}],\"inLanguage\":\"pt-BR\"},{\"@type\":\"Organization\",\"@id\":\"https:\/\/radiolifefm.com.br\/noticias\/#organization\",\"name\":\"R\u00e1dio Life FM\",\"alternateName\":\"Life FM\",\"url\":\"https:\/\/radiolifefm.com.br\/noticias\/\",\"logo\":{\"@type\":\"ImageObject\",\"inLanguage\":\"pt-BR\",\"@id\":\"https:\/\/radiolifefm.com.br\/noticias\/#\/schema\/logo\/image\/\",\"url\":\"https:\/\/static.radiolifefm.com.br\/noticias\/wp-content\/uploads\/2019\/10\/logo-lifefm.png\",\"contentUrl\":\"https:\/\/static.radiolifefm.com.br\/noticias\/wp-content\/uploads\/2019\/10\/logo-lifefm.png\",\"width\":196,\"height\":47,\"caption\":\"R\u00e1dio Life FM\"},\"image\":{\"@id\":\"https:\/\/radiolifefm.com.br\/noticias\/#\/schema\/logo\/image\/\"},\"sameAs\":[\"https:\/\/www.facebook.com\/radiolifefm\/\",\"https:\/\/www.instagram.com\/life1079fm\/\"]},{\"@type\":\"Person\",\"@id\":\"https:\/\/radiolifefm.com.br\/noticias\/#\/schema\/person\/6339b9fac59d12b071dec680d7375d87\",\"name\":\"ritanery\",\"image\":{\"@type\":\"ImageObject\",\"inLanguage\":\"pt-BR\",\"@id\":\"https:\/\/secure.gravatar.com\/avatar\/0e37bb19071f47c0b8a23f62a903df117c5a0e75f65a0c2901562f97cd41cf86?s=96&d=mm&r=g\",\"url\":\"https:\/\/secure.gravatar.com\/avatar\/0e37bb19071f47c0b8a23f62a903df117c5a0e75f65a0c2901562f97cd41cf86?s=96&d=mm&r=g\",\"contentUrl\":\"https:\/\/secure.gravatar.com\/avatar\/0e37bb19071f47c0b8a23f62a903df117c5a0e75f65a0c2901562f97cd41cf86?s=96&d=mm&r=g\",\"caption\":\"ritanery\"}}]}<\/script>\n<!-- \/ Yoast SEO plugin. -->","yoast_head_json":{"title":"CONTRADI\u00c7\u00d5ES ENTRE REFLEX\u00c3O E ABISMO SECULAR... - R\u00e1dio Life FM","robots":{"index":"index","follow":"follow","max-snippet":"max-snippet:-1","max-image-preview":"max-image-preview:large","max-video-preview":"max-video-preview:-1"},"canonical":"https:\/\/radiolifefm.com.br\/noticias\/contradicoes-entre-reflexao-e-abismo-secular-2\/","og_locale":"pt_BR","og_type":"article","og_title":"CONTRADI\u00c7\u00d5ES ENTRE REFLEX\u00c3O E ABISMO SECULAR... - R\u00e1dio Life FM","og_description":"&nbsp; \u00a0 \u201c&#8230; n\u00e3o preciso que me digam onde nasce o sol, porque bate l\u00e1 meu cora\u00e7\u00e3o&#8230;\u201d (Belchior) S\u00e9rgio Barbosa (*) &nbsp; As pessoas ficam sempre esperando pelas respostas de algu\u00e9m para um entendimento a mais em suas vidas terrenas, por\u00e9m, como sempre, as coisas mudam de uma hora para outra sem pedir licen\u00e7a para [&hellip;]","og_url":"https:\/\/radiolifefm.com.br\/noticias\/contradicoes-entre-reflexao-e-abismo-secular-2\/","og_site_name":"R\u00e1dio Life FM","article_publisher":"https:\/\/www.facebook.com\/radiolifefm\/","article_published_time":"2023-07-28T11:16:49+00:00","article_modified_time":"2026-03-25T08:04:02+00:00","og_image":[{"width":972,"height":1296,"url":"https:\/\/radiolifefm.com.br\/noticias\/wp-content\/uploads\/2022\/04\/WhatsApp-Image-2022-04-10-at-18.43.02.jpeg","type":"image\/jpeg"}],"author":"ritanery","twitter_card":"summary_large_image","twitter_misc":{"Escrito por":"ritanery","Est. tempo de leitura":"3 minutos"},"schema":{"@context":"https:\/\/schema.org","@graph":[{"@type":"Article","@id":"https:\/\/radiolifefm.com.br\/noticias\/contradicoes-entre-reflexao-e-abismo-secular-2\/#article","isPartOf":{"@id":"https:\/\/radiolifefm.com.br\/noticias\/contradicoes-entre-reflexao-e-abismo-secular-2\/"},"author":{"name":"ritanery","@id":"https:\/\/radiolifefm.com.br\/noticias\/#\/schema\/person\/6339b9fac59d12b071dec680d7375d87"},"headline":"CONTRADI\u00c7\u00d5ES ENTRE REFLEX\u00c3O E ABISMO SECULAR&#8230;","datePublished":"2023-07-28T11:16:49+00:00","dateModified":"2026-03-25T08:04:02+00:00","mainEntityOfPage":{"@id":"https:\/\/radiolifefm.com.br\/noticias\/contradicoes-entre-reflexao-e-abismo-secular-2\/"},"wordCount":497,"publisher":{"@id":"https:\/\/radiolifefm.com.br\/noticias\/#organization"},"image":{"@id":"https:\/\/radiolifefm.com.br\/noticias\/contradicoes-entre-reflexao-e-abismo-secular-2\/#primaryimage"},"thumbnailUrl":"https:\/\/radiolifefm.com.br\/noticias\/wp-content\/uploads\/2022\/04\/WhatsApp-Image-2022-04-10-at-18.43.02.jpeg","articleSection":["Opini\u00e3o"],"inLanguage":"pt-BR"},{"@type":"WebPage","@id":"https:\/\/radiolifefm.com.br\/noticias\/contradicoes-entre-reflexao-e-abismo-secular-2\/","url":"https:\/\/radiolifefm.com.br\/noticias\/contradicoes-entre-reflexao-e-abismo-secular-2\/","name":"CONTRADI\u00c7\u00d5ES ENTRE REFLEX\u00c3O E ABISMO SECULAR... - R\u00e1dio Life FM","isPartOf":{"@id":"https:\/\/radiolifefm.com.br\/noticias\/#website"},"primaryImageOfPage":{"@id":"https:\/\/radiolifefm.com.br\/noticias\/contradicoes-entre-reflexao-e-abismo-secular-2\/#primaryimage"},"image":{"@id":"https:\/\/radiolifefm.com.br\/noticias\/contradicoes-entre-reflexao-e-abismo-secular-2\/#primaryimage"},"thumbnailUrl":"https:\/\/radiolifefm.com.br\/noticias\/wp-content\/uploads\/2022\/04\/WhatsApp-Image-2022-04-10-at-18.43.02.jpeg","datePublished":"2023-07-28T11:16:49+00:00","dateModified":"2026-03-25T08:04:02+00:00","breadcrumb":{"@id":"https:\/\/radiolifefm.com.br\/noticias\/contradicoes-entre-reflexao-e-abismo-secular-2\/#breadcrumb"},"inLanguage":"pt-BR","potentialAction":[{"@type":"ReadAction","target":["https:\/\/radiolifefm.com.br\/noticias\/contradicoes-entre-reflexao-e-abismo-secular-2\/"]}]},{"@type":"ImageObject","inLanguage":"pt-BR","@id":"https:\/\/radiolifefm.com.br\/noticias\/contradicoes-entre-reflexao-e-abismo-secular-2\/#primaryimage","url":"https:\/\/radiolifefm.com.br\/noticias\/wp-content\/uploads\/2022\/04\/WhatsApp-Image-2022-04-10-at-18.43.02.jpeg","contentUrl":"https:\/\/radiolifefm.com.br\/noticias\/wp-content\/uploads\/2022\/04\/WhatsApp-Image-2022-04-10-at-18.43.02.jpeg","width":972,"height":1296,"caption":"S\u00e9rgio Barbosa"},{"@type":"BreadcrumbList","@id":"https:\/\/radiolifefm.com.br\/noticias\/contradicoes-entre-reflexao-e-abismo-secular-2\/#breadcrumb","itemListElement":[{"@type":"ListItem","position":1,"name":"In\u00edcio","item":"https:\/\/radiolifefm.com.br\/noticias\/"},{"@type":"ListItem","position":2,"name":"CONTRADI\u00c7\u00d5ES ENTRE REFLEX\u00c3O E ABISMO SECULAR&#8230;"}]},{"@type":"WebSite","@id":"https:\/\/radiolifefm.com.br\/noticias\/#website","url":"https:\/\/radiolifefm.com.br\/noticias\/","name":"R\u00e1dio Life FM","description":"O Portal de Not\u00edcias de Adamantina","publisher":{"@id":"https:\/\/radiolifefm.com.br\/noticias\/#organization"},"alternateName":"Life FM","potentialAction":[{"@type":"SearchAction","target":{"@type":"EntryPoint","urlTemplate":"https:\/\/radiolifefm.com.br\/noticias\/?s={search_term_string}"},"query-input":{"@type":"PropertyValueSpecification","valueRequired":true,"valueName":"search_term_string"}}],"inLanguage":"pt-BR"},{"@type":"Organization","@id":"https:\/\/radiolifefm.com.br\/noticias\/#organization","name":"R\u00e1dio Life FM","alternateName":"Life FM","url":"https:\/\/radiolifefm.com.br\/noticias\/","logo":{"@type":"ImageObject","inLanguage":"pt-BR","@id":"https:\/\/radiolifefm.com.br\/noticias\/#\/schema\/logo\/image\/","url":"https:\/\/static.radiolifefm.com.br\/noticias\/wp-content\/uploads\/2019\/10\/logo-lifefm.png","contentUrl":"https:\/\/static.radiolifefm.com.br\/noticias\/wp-content\/uploads\/2019\/10\/logo-lifefm.png","width":196,"height":47,"caption":"R\u00e1dio Life FM"},"image":{"@id":"https:\/\/radiolifefm.com.br\/noticias\/#\/schema\/logo\/image\/"},"sameAs":["https:\/\/www.facebook.com\/radiolifefm\/","https:\/\/www.instagram.com\/life1079fm\/"]},{"@type":"Person","@id":"https:\/\/radiolifefm.com.br\/noticias\/#\/schema\/person\/6339b9fac59d12b071dec680d7375d87","name":"ritanery","image":{"@type":"ImageObject","inLanguage":"pt-BR","@id":"https:\/\/secure.gravatar.com\/avatar\/0e37bb19071f47c0b8a23f62a903df117c5a0e75f65a0c2901562f97cd41cf86?s=96&d=mm&r=g","url":"https:\/\/secure.gravatar.com\/avatar\/0e37bb19071f47c0b8a23f62a903df117c5a0e75f65a0c2901562f97cd41cf86?s=96&d=mm&r=g","contentUrl":"https:\/\/secure.gravatar.com\/avatar\/0e37bb19071f47c0b8a23f62a903df117c5a0e75f65a0c2901562f97cd41cf86?s=96&d=mm&r=g","caption":"ritanery"}}]}},"amp_enabled":true,"_links":{"self":[{"href":"https:\/\/radiolifefm.com.br\/noticias\/wp-json\/wp\/v2\/posts\/74381","targetHints":{"allow":["GET"]}}],"collection":[{"href":"https:\/\/radiolifefm.com.br\/noticias\/wp-json\/wp\/v2\/posts"}],"about":[{"href":"https:\/\/radiolifefm.com.br\/noticias\/wp-json\/wp\/v2\/types\/post"}],"author":[{"embeddable":true,"href":"https:\/\/radiolifefm.com.br\/noticias\/wp-json\/wp\/v2\/users\/13"}],"replies":[{"embeddable":true,"href":"https:\/\/radiolifefm.com.br\/noticias\/wp-json\/wp\/v2\/comments?post=74381"}],"version-history":[{"count":3,"href":"https:\/\/radiolifefm.com.br\/noticias\/wp-json\/wp\/v2\/posts\/74381\/revisions"}],"predecessor-version":[{"id":74407,"href":"https:\/\/radiolifefm.com.br\/noticias\/wp-json\/wp\/v2\/posts\/74381\/revisions\/74407"}],"wp:featuredmedia":[{"embeddable":true,"href":"https:\/\/radiolifefm.com.br\/noticias\/wp-json\/wp\/v2\/media\/51988"}],"wp:attachment":[{"href":"https:\/\/radiolifefm.com.br\/noticias\/wp-json\/wp\/v2\/media?parent=74381"}],"wp:term":[{"taxonomy":"category","embeddable":true,"href":"https:\/\/radiolifefm.com.br\/noticias\/wp-json\/wp\/v2\/categories?post=74381"},{"taxonomy":"post_tag","embeddable":true,"href":"https:\/\/radiolifefm.com.br\/noticias\/wp-json\/wp\/v2\/tags?post=74381"}],"curies":[{"name":"wp","href":"https:\/\/api.w.org\/{rel}","templated":true}]}}