{"id":74299,"date":"2023-07-26T07:56:29","date_gmt":"2023-07-26T10:56:29","guid":{"rendered":"https:\/\/radiolifefm.com.br\/noticias\/?p=74299"},"modified":"2026-04-15T12:51:40","modified_gmt":"2026-04-15T15:51:40","slug":"em-algum-lugar-na-memoria-do-outro-tempo-do-tempo-deste-tempo","status":"publish","type":"post","link":"https:\/\/radiolifefm.com.br\/noticias\/em-algum-lugar-na-memoria-do-outro-tempo-do-tempo-deste-tempo\/","title":{"rendered":"Em algum lugar na mem\u00f3ria do outro tempo do tempo deste tempo&#8230;"},"content":{"rendered":"<div id=\"fb-root\"><\/div>\n<p>\u201cO meu passado \u00e9 tudo quanto n\u00e3o consegui ser. Nem as sensa\u00e7\u00f5es de momentos idos me s\u00e3o saudosas: o que se sente exige o momento; passado este, h\u00e1 um virar de p\u00e1gina e a hist\u00f3ria continua, mas n\u00e3o o texto.\u201d (Fernando Pessoa)<\/p>\n<p>&nbsp;<\/p>\n<p>Para todos\/as que estiveram neste outro tempo do tempo, dedico!<\/p>\n<p>&nbsp;<\/p>\n<p>By seb@r.<\/p>\n<p>&nbsp;<\/p>\n<p>Os anos passam e muita coisa fica perdida em meio ao passado desta ou daquela pessoa, ainda mais neste contexto universal que \u00e9 a m\u00fasica, uma arte em meio as muitas formas de uma mesma arte para o homem e seu tempo&#8230;<\/p>\n<p>Dizem que \u201crecordar \u00e9 viver\u201d, portanto, as pessoas buscam para si algum tipo de recorda\u00e7\u00e3o, por\u00e9m, muitas preferem o anonimato, talvez&#8230; quem sabe&#8230; esquecer algu\u00e9m que ficou perdido\/a em algum lugar da mem\u00f3ria&#8230;<\/p>\n<p>De qualquer forma, tudo poder ser uma mesma forma para o homem e suas nostalgias do outro tempo, quando, as pessoas procuram se encontrar por meio dos sonhos de uma juventude perdidas em suas pr\u00f3prias contradi\u00e7\u00f5es frente ao momento sublime da arte pela arte&#8230;<\/p>\n<p>O melhor deste contexto, talvez seja saber viver com esta mesma arte musical, deixando de lado as contradi\u00e7\u00f5es da \u00e9poca em foco, por\u00e9m, mesmo assim, o homem, ainda se perde em si mesmo, talvez, pela falta de mem\u00f3ria coletiva, desativa pela perspectiva individual do ser humano e o contexto inanimado do cotidiano&#8230;<\/p>\n<p>Os anos 60 foram para muitos o in\u00edcio de um fim sem o meio, considerando os acontecimentos desta d\u00e9cada em \u00e1reas determinantes para a juventude em busca do outro lado pelo mesmo lado dos mortais&#8230;<\/p>\n<p>Assim, surgiram diversos movimentos de contesta\u00e7\u00e3o para demonstrar a sociedade em n\u00edvel mundial as inquieta\u00e7\u00f5es dos jovens desta d\u00e9cada cativante e contra tudo que representava o \u201csenso comum\u201d do p\u00f3s-guerra, mediada pelos anos 50 e sufocada pelos conflitos do homem contra o homem&#8230;<\/p>\n<p>Pode-se tentar chegar a um determinando lugar por meio da m\u00fasica e seu tempo, para isto ser poss\u00edvel, \u00e9 preciso, antes de tudo, fazer uma viagem pela hist\u00f3ria musical pelas d\u00e9cadas de ouro do Rock and Roll, ou seja, o in\u00edcio, os anos 50, o meio, os anos 60 e o quase fim de tudo, os anos 70!<\/p>\n<p>Entre as muitas cidades que recebiam os jovens para atos de rebeldia frente aos acontecimentos dos anos 60, a cidade californiana de SAN FRANCISCO era considerada a capital do movimento \u201cpaz e amor\u201d, tamb\u00e9m, conhecido como \u201cfa\u00e7a amor, n\u00e3o fa\u00e7a a guerra\u201d&#8230;<\/p>\n<p>Foram anos e anos de muitas transforma\u00e7\u00f5es al\u00e9m do cen\u00e1rio musical em territ\u00f3rio demarcado do \u201cTio Sam\u201d, haja vista, as prioridades do governo naquele tempo em meio as guerras patrocinadas pelos governantes para um dom\u00ednio a mais do outro lado do planeta terra&#8230;<\/p>\n<p>A d\u00e9cada de 60 ficou conhecida nos EUA-Estados Unidos da Am\u00e9rica, pelo menos no quesito musical, como a \u201cBritish Invasion\u201d, a saber: \u201cInvas\u00e3o Brit\u00e2nica\u201d no cen\u00e1rio art\u00edstico musical com propostas al\u00e9m da imagina\u00e7\u00e3o da juventude na terra do \u201cTio Sam\u201d&#8230;<\/p>\n<p>Destaques para, a saber: \u201cManfred Mann, The Animals, The Hollies, Procol Harum, Peter and Gordon, Yardbirds whit Jimmy Page, Joe Cocker, The Kinks, Gerry and The Pacemakers, Trafic e outros&#8230;<\/p>\n<p>Como resposta a tal invas\u00e3o, a cidade de San Francisco promoveu v\u00e1rios encontros em seu territ\u00f3rio musical, apresentando art\u00edsticas que souberam superar tais diverg\u00eancias com os brit\u00e2nicos, entre os quais: Van Morrisson, Santana, Janis Joplin &amp; Big Brother and The Holding Company, Country Joe &amp; The Fish, The Grateful Dead, The Stevie Miller Band e outros&#8230;<\/p>\n<p>Portanto, a d\u00e9cada de 60 foi a marca registrada destas transforma\u00e7\u00f5es para uma juventude em ebuli\u00e7\u00e3o, por\u00e9m, no final dos anos 60 muitas coisas aconteceram e o sonho foi indo embora para outro tempo, colocando os jovens num outro tempo, agora, os anos 70&#8230;<\/p>\n<p>Tal reflex\u00e3o fica para uma outra oportunidade, talvez, quando o homem e a mulher forem pe\u00e7as de uma mesma engrenagem por meio da denominada revolu\u00e7\u00e3o sexual, que aconteceu, tamb\u00e9m, na d\u00e9cada de 60&#8230;<\/p>\n<p>S\u00d3 MESMO QUEM ESTEVE NESTE TEMPO DO TEMPO PODE SABER ISTO E MAIS AQUILO, AINDA, SEM MAIS E COM MUITO MENOS&#8230;<\/p>\n","protected":false},"excerpt":{"rendered":"<p>\u201cO meu passado \u00e9 tudo quanto n\u00e3o consegui ser. Nem as sensa\u00e7\u00f5es de momentos idos me s\u00e3o saudosas: o que se sente exige o momento; passado este, h\u00e1 um virar de p\u00e1gina e a hist\u00f3ria continua, mas n\u00e3o o texto.\u201d (Fernando Pessoa) &nbsp; Para todos\/as que estiveram neste outro tempo do tempo, dedico! &nbsp; By [&hellip;]<\/p>\n","protected":false},"author":13,"featured_media":51988,"comment_status":"closed","ping_status":"open","sticky":false,"template":"","format":"standard","meta":{"_acf_changed":false,"_exactmetrics_skip_tracking":false,"_exactmetrics_sitenote_active":false,"_exactmetrics_sitenote_note":"","_exactmetrics_sitenote_category":0,"footnotes":""},"categories":[59],"tags":[],"class_list":["post-74299","post","type-post","status-publish","format-standard","has-post-thumbnail","hentry","category-opiniao"],"acf":[],"yoast_head":"<!-- This site is optimized with the Yoast SEO plugin v27.2 - https:\/\/yoast.com\/product\/yoast-seo-wordpress\/ -->\n<title>Em algum lugar na mem\u00f3ria do outro tempo do tempo deste tempo... - R\u00e1dio Life FM<\/title>\n<meta name=\"robots\" content=\"index, follow, max-snippet:-1, max-image-preview:large, max-video-preview:-1\" \/>\n<link rel=\"canonical\" href=\"https:\/\/radiolifefm.com.br\/noticias\/em-algum-lugar-na-memoria-do-outro-tempo-do-tempo-deste-tempo\/\" \/>\n<meta property=\"og:locale\" content=\"pt_BR\" \/>\n<meta property=\"og:type\" content=\"article\" \/>\n<meta property=\"og:title\" content=\"Em algum lugar na mem\u00f3ria do outro tempo do tempo deste tempo... - R\u00e1dio Life FM\" \/>\n<meta property=\"og:description\" content=\"\u201cO meu passado \u00e9 tudo quanto n\u00e3o consegui ser. Nem as sensa\u00e7\u00f5es de momentos idos me s\u00e3o saudosas: o que se sente exige o momento; passado este, h\u00e1 um virar de p\u00e1gina e a hist\u00f3ria continua, mas n\u00e3o o texto.\u201d (Fernando Pessoa) &nbsp; Para todos\/as que estiveram neste outro tempo do tempo, dedico! &nbsp; By [&hellip;]\" \/>\n<meta property=\"og:url\" content=\"https:\/\/radiolifefm.com.br\/noticias\/em-algum-lugar-na-memoria-do-outro-tempo-do-tempo-deste-tempo\/\" \/>\n<meta property=\"og:site_name\" content=\"R\u00e1dio Life FM\" \/>\n<meta property=\"article:publisher\" content=\"https:\/\/www.facebook.com\/radiolifefm\/\" \/>\n<meta property=\"article:published_time\" content=\"2023-07-26T10:56:29+00:00\" \/>\n<meta property=\"article:modified_time\" content=\"2026-04-15T15:51:40+00:00\" \/>\n<meta property=\"og:image\" content=\"https:\/\/radiolifefm.com.br\/noticias\/wp-content\/uploads\/2022\/04\/WhatsApp-Image-2022-04-10-at-18.43.02.jpeg\" \/>\n\t<meta property=\"og:image:width\" content=\"972\" \/>\n\t<meta property=\"og:image:height\" content=\"1296\" \/>\n\t<meta property=\"og:image:type\" content=\"image\/jpeg\" \/>\n<meta name=\"author\" content=\"ritanery\" \/>\n<meta name=\"twitter:card\" content=\"summary_large_image\" \/>\n<meta name=\"twitter:label1\" content=\"Escrito por\" \/>\n\t<meta name=\"twitter:data1\" content=\"ritanery\" \/>\n\t<meta name=\"twitter:label2\" content=\"Est. tempo de leitura\" \/>\n\t<meta name=\"twitter:data2\" content=\"4 minutos\" \/>\n<script type=\"application\/ld+json\" class=\"yoast-schema-graph\">{\"@context\":\"https:\/\/schema.org\",\"@graph\":[{\"@type\":\"Article\",\"@id\":\"https:\/\/radiolifefm.com.br\/noticias\/em-algum-lugar-na-memoria-do-outro-tempo-do-tempo-deste-tempo\/#article\",\"isPartOf\":{\"@id\":\"https:\/\/radiolifefm.com.br\/noticias\/em-algum-lugar-na-memoria-do-outro-tempo-do-tempo-deste-tempo\/\"},\"author\":{\"name\":\"ritanery\",\"@id\":\"https:\/\/radiolifefm.com.br\/noticias\/#\/schema\/person\/6339b9fac59d12b071dec680d7375d87\"},\"headline\":\"Em algum lugar na mem\u00f3ria do outro tempo do tempo deste tempo&#8230;\",\"datePublished\":\"2023-07-26T10:56:29+00:00\",\"dateModified\":\"2026-04-15T15:51:40+00:00\",\"mainEntityOfPage\":{\"@id\":\"https:\/\/radiolifefm.com.br\/noticias\/em-algum-lugar-na-memoria-do-outro-tempo-do-tempo-deste-tempo\/\"},\"wordCount\":734,\"publisher\":{\"@id\":\"https:\/\/radiolifefm.com.br\/noticias\/#organization\"},\"image\":{\"@id\":\"https:\/\/radiolifefm.com.br\/noticias\/em-algum-lugar-na-memoria-do-outro-tempo-do-tempo-deste-tempo\/#primaryimage\"},\"thumbnailUrl\":\"https:\/\/radiolifefm.com.br\/noticias\/wp-content\/uploads\/2022\/04\/WhatsApp-Image-2022-04-10-at-18.43.02.jpeg\",\"articleSection\":[\"Opini\u00e3o\"],\"inLanguage\":\"pt-BR\"},{\"@type\":\"WebPage\",\"@id\":\"https:\/\/radiolifefm.com.br\/noticias\/em-algum-lugar-na-memoria-do-outro-tempo-do-tempo-deste-tempo\/\",\"url\":\"https:\/\/radiolifefm.com.br\/noticias\/em-algum-lugar-na-memoria-do-outro-tempo-do-tempo-deste-tempo\/\",\"name\":\"Em algum lugar na mem\u00f3ria do outro tempo do tempo deste tempo... - R\u00e1dio Life FM\",\"isPartOf\":{\"@id\":\"https:\/\/radiolifefm.com.br\/noticias\/#website\"},\"primaryImageOfPage\":{\"@id\":\"https:\/\/radiolifefm.com.br\/noticias\/em-algum-lugar-na-memoria-do-outro-tempo-do-tempo-deste-tempo\/#primaryimage\"},\"image\":{\"@id\":\"https:\/\/radiolifefm.com.br\/noticias\/em-algum-lugar-na-memoria-do-outro-tempo-do-tempo-deste-tempo\/#primaryimage\"},\"thumbnailUrl\":\"https:\/\/radiolifefm.com.br\/noticias\/wp-content\/uploads\/2022\/04\/WhatsApp-Image-2022-04-10-at-18.43.02.jpeg\",\"datePublished\":\"2023-07-26T10:56:29+00:00\",\"dateModified\":\"2026-04-15T15:51:40+00:00\",\"breadcrumb\":{\"@id\":\"https:\/\/radiolifefm.com.br\/noticias\/em-algum-lugar-na-memoria-do-outro-tempo-do-tempo-deste-tempo\/#breadcrumb\"},\"inLanguage\":\"pt-BR\",\"potentialAction\":[{\"@type\":\"ReadAction\",\"target\":[\"https:\/\/radiolifefm.com.br\/noticias\/em-algum-lugar-na-memoria-do-outro-tempo-do-tempo-deste-tempo\/\"]}]},{\"@type\":\"ImageObject\",\"inLanguage\":\"pt-BR\",\"@id\":\"https:\/\/radiolifefm.com.br\/noticias\/em-algum-lugar-na-memoria-do-outro-tempo-do-tempo-deste-tempo\/#primaryimage\",\"url\":\"https:\/\/radiolifefm.com.br\/noticias\/wp-content\/uploads\/2022\/04\/WhatsApp-Image-2022-04-10-at-18.43.02.jpeg\",\"contentUrl\":\"https:\/\/radiolifefm.com.br\/noticias\/wp-content\/uploads\/2022\/04\/WhatsApp-Image-2022-04-10-at-18.43.02.jpeg\",\"width\":972,\"height\":1296,\"caption\":\"S\u00e9rgio Barbosa\"},{\"@type\":\"BreadcrumbList\",\"@id\":\"https:\/\/radiolifefm.com.br\/noticias\/em-algum-lugar-na-memoria-do-outro-tempo-do-tempo-deste-tempo\/#breadcrumb\",\"itemListElement\":[{\"@type\":\"ListItem\",\"position\":1,\"name\":\"In\u00edcio\",\"item\":\"https:\/\/radiolifefm.com.br\/noticias\/\"},{\"@type\":\"ListItem\",\"position\":2,\"name\":\"Em algum lugar na mem\u00f3ria do outro tempo do tempo deste tempo&#8230;\"}]},{\"@type\":\"WebSite\",\"@id\":\"https:\/\/radiolifefm.com.br\/noticias\/#website\",\"url\":\"https:\/\/radiolifefm.com.br\/noticias\/\",\"name\":\"R\u00e1dio Life FM\",\"description\":\"O Portal de Not\u00edcias de Adamantina\",\"publisher\":{\"@id\":\"https:\/\/radiolifefm.com.br\/noticias\/#organization\"},\"alternateName\":\"Life FM\",\"potentialAction\":[{\"@type\":\"SearchAction\",\"target\":{\"@type\":\"EntryPoint\",\"urlTemplate\":\"https:\/\/radiolifefm.com.br\/noticias\/?s={search_term_string}\"},\"query-input\":{\"@type\":\"PropertyValueSpecification\",\"valueRequired\":true,\"valueName\":\"search_term_string\"}}],\"inLanguage\":\"pt-BR\"},{\"@type\":\"Organization\",\"@id\":\"https:\/\/radiolifefm.com.br\/noticias\/#organization\",\"name\":\"R\u00e1dio Life FM\",\"alternateName\":\"Life FM\",\"url\":\"https:\/\/radiolifefm.com.br\/noticias\/\",\"logo\":{\"@type\":\"ImageObject\",\"inLanguage\":\"pt-BR\",\"@id\":\"https:\/\/radiolifefm.com.br\/noticias\/#\/schema\/logo\/image\/\",\"url\":\"https:\/\/static.radiolifefm.com.br\/noticias\/wp-content\/uploads\/2019\/10\/logo-lifefm.png\",\"contentUrl\":\"https:\/\/static.radiolifefm.com.br\/noticias\/wp-content\/uploads\/2019\/10\/logo-lifefm.png\",\"width\":196,\"height\":47,\"caption\":\"R\u00e1dio Life FM\"},\"image\":{\"@id\":\"https:\/\/radiolifefm.com.br\/noticias\/#\/schema\/logo\/image\/\"},\"sameAs\":[\"https:\/\/www.facebook.com\/radiolifefm\/\",\"https:\/\/www.instagram.com\/life1079fm\/\"]},{\"@type\":\"Person\",\"@id\":\"https:\/\/radiolifefm.com.br\/noticias\/#\/schema\/person\/6339b9fac59d12b071dec680d7375d87\",\"name\":\"ritanery\",\"image\":{\"@type\":\"ImageObject\",\"inLanguage\":\"pt-BR\",\"@id\":\"https:\/\/secure.gravatar.com\/avatar\/0e37bb19071f47c0b8a23f62a903df117c5a0e75f65a0c2901562f97cd41cf86?s=96&d=mm&r=g\",\"url\":\"https:\/\/secure.gravatar.com\/avatar\/0e37bb19071f47c0b8a23f62a903df117c5a0e75f65a0c2901562f97cd41cf86?s=96&d=mm&r=g\",\"contentUrl\":\"https:\/\/secure.gravatar.com\/avatar\/0e37bb19071f47c0b8a23f62a903df117c5a0e75f65a0c2901562f97cd41cf86?s=96&d=mm&r=g\",\"caption\":\"ritanery\"}}]}<\/script>\n<!-- \/ Yoast SEO plugin. -->","yoast_head_json":{"title":"Em algum lugar na mem\u00f3ria do outro tempo do tempo deste tempo... - R\u00e1dio Life FM","robots":{"index":"index","follow":"follow","max-snippet":"max-snippet:-1","max-image-preview":"max-image-preview:large","max-video-preview":"max-video-preview:-1"},"canonical":"https:\/\/radiolifefm.com.br\/noticias\/em-algum-lugar-na-memoria-do-outro-tempo-do-tempo-deste-tempo\/","og_locale":"pt_BR","og_type":"article","og_title":"Em algum lugar na mem\u00f3ria do outro tempo do tempo deste tempo... - R\u00e1dio Life FM","og_description":"\u201cO meu passado \u00e9 tudo quanto n\u00e3o consegui ser. Nem as sensa\u00e7\u00f5es de momentos idos me s\u00e3o saudosas: o que se sente exige o momento; passado este, h\u00e1 um virar de p\u00e1gina e a hist\u00f3ria continua, mas n\u00e3o o texto.\u201d (Fernando Pessoa) &nbsp; Para todos\/as que estiveram neste outro tempo do tempo, dedico! &nbsp; By [&hellip;]","og_url":"https:\/\/radiolifefm.com.br\/noticias\/em-algum-lugar-na-memoria-do-outro-tempo-do-tempo-deste-tempo\/","og_site_name":"R\u00e1dio Life FM","article_publisher":"https:\/\/www.facebook.com\/radiolifefm\/","article_published_time":"2023-07-26T10:56:29+00:00","article_modified_time":"2026-04-15T15:51:40+00:00","og_image":[{"width":972,"height":1296,"url":"https:\/\/radiolifefm.com.br\/noticias\/wp-content\/uploads\/2022\/04\/WhatsApp-Image-2022-04-10-at-18.43.02.jpeg","type":"image\/jpeg"}],"author":"ritanery","twitter_card":"summary_large_image","twitter_misc":{"Escrito por":"ritanery","Est. tempo de leitura":"4 minutos"},"schema":{"@context":"https:\/\/schema.org","@graph":[{"@type":"Article","@id":"https:\/\/radiolifefm.com.br\/noticias\/em-algum-lugar-na-memoria-do-outro-tempo-do-tempo-deste-tempo\/#article","isPartOf":{"@id":"https:\/\/radiolifefm.com.br\/noticias\/em-algum-lugar-na-memoria-do-outro-tempo-do-tempo-deste-tempo\/"},"author":{"name":"ritanery","@id":"https:\/\/radiolifefm.com.br\/noticias\/#\/schema\/person\/6339b9fac59d12b071dec680d7375d87"},"headline":"Em algum lugar na mem\u00f3ria do outro tempo do tempo deste tempo&#8230;","datePublished":"2023-07-26T10:56:29+00:00","dateModified":"2026-04-15T15:51:40+00:00","mainEntityOfPage":{"@id":"https:\/\/radiolifefm.com.br\/noticias\/em-algum-lugar-na-memoria-do-outro-tempo-do-tempo-deste-tempo\/"},"wordCount":734,"publisher":{"@id":"https:\/\/radiolifefm.com.br\/noticias\/#organization"},"image":{"@id":"https:\/\/radiolifefm.com.br\/noticias\/em-algum-lugar-na-memoria-do-outro-tempo-do-tempo-deste-tempo\/#primaryimage"},"thumbnailUrl":"https:\/\/radiolifefm.com.br\/noticias\/wp-content\/uploads\/2022\/04\/WhatsApp-Image-2022-04-10-at-18.43.02.jpeg","articleSection":["Opini\u00e3o"],"inLanguage":"pt-BR"},{"@type":"WebPage","@id":"https:\/\/radiolifefm.com.br\/noticias\/em-algum-lugar-na-memoria-do-outro-tempo-do-tempo-deste-tempo\/","url":"https:\/\/radiolifefm.com.br\/noticias\/em-algum-lugar-na-memoria-do-outro-tempo-do-tempo-deste-tempo\/","name":"Em algum lugar na mem\u00f3ria do outro tempo do tempo deste tempo... - R\u00e1dio Life FM","isPartOf":{"@id":"https:\/\/radiolifefm.com.br\/noticias\/#website"},"primaryImageOfPage":{"@id":"https:\/\/radiolifefm.com.br\/noticias\/em-algum-lugar-na-memoria-do-outro-tempo-do-tempo-deste-tempo\/#primaryimage"},"image":{"@id":"https:\/\/radiolifefm.com.br\/noticias\/em-algum-lugar-na-memoria-do-outro-tempo-do-tempo-deste-tempo\/#primaryimage"},"thumbnailUrl":"https:\/\/radiolifefm.com.br\/noticias\/wp-content\/uploads\/2022\/04\/WhatsApp-Image-2022-04-10-at-18.43.02.jpeg","datePublished":"2023-07-26T10:56:29+00:00","dateModified":"2026-04-15T15:51:40+00:00","breadcrumb":{"@id":"https:\/\/radiolifefm.com.br\/noticias\/em-algum-lugar-na-memoria-do-outro-tempo-do-tempo-deste-tempo\/#breadcrumb"},"inLanguage":"pt-BR","potentialAction":[{"@type":"ReadAction","target":["https:\/\/radiolifefm.com.br\/noticias\/em-algum-lugar-na-memoria-do-outro-tempo-do-tempo-deste-tempo\/"]}]},{"@type":"ImageObject","inLanguage":"pt-BR","@id":"https:\/\/radiolifefm.com.br\/noticias\/em-algum-lugar-na-memoria-do-outro-tempo-do-tempo-deste-tempo\/#primaryimage","url":"https:\/\/radiolifefm.com.br\/noticias\/wp-content\/uploads\/2022\/04\/WhatsApp-Image-2022-04-10-at-18.43.02.jpeg","contentUrl":"https:\/\/radiolifefm.com.br\/noticias\/wp-content\/uploads\/2022\/04\/WhatsApp-Image-2022-04-10-at-18.43.02.jpeg","width":972,"height":1296,"caption":"S\u00e9rgio Barbosa"},{"@type":"BreadcrumbList","@id":"https:\/\/radiolifefm.com.br\/noticias\/em-algum-lugar-na-memoria-do-outro-tempo-do-tempo-deste-tempo\/#breadcrumb","itemListElement":[{"@type":"ListItem","position":1,"name":"In\u00edcio","item":"https:\/\/radiolifefm.com.br\/noticias\/"},{"@type":"ListItem","position":2,"name":"Em algum lugar na mem\u00f3ria do outro tempo do tempo deste tempo&#8230;"}]},{"@type":"WebSite","@id":"https:\/\/radiolifefm.com.br\/noticias\/#website","url":"https:\/\/radiolifefm.com.br\/noticias\/","name":"R\u00e1dio Life FM","description":"O Portal de Not\u00edcias de Adamantina","publisher":{"@id":"https:\/\/radiolifefm.com.br\/noticias\/#organization"},"alternateName":"Life FM","potentialAction":[{"@type":"SearchAction","target":{"@type":"EntryPoint","urlTemplate":"https:\/\/radiolifefm.com.br\/noticias\/?s={search_term_string}"},"query-input":{"@type":"PropertyValueSpecification","valueRequired":true,"valueName":"search_term_string"}}],"inLanguage":"pt-BR"},{"@type":"Organization","@id":"https:\/\/radiolifefm.com.br\/noticias\/#organization","name":"R\u00e1dio Life FM","alternateName":"Life FM","url":"https:\/\/radiolifefm.com.br\/noticias\/","logo":{"@type":"ImageObject","inLanguage":"pt-BR","@id":"https:\/\/radiolifefm.com.br\/noticias\/#\/schema\/logo\/image\/","url":"https:\/\/static.radiolifefm.com.br\/noticias\/wp-content\/uploads\/2019\/10\/logo-lifefm.png","contentUrl":"https:\/\/static.radiolifefm.com.br\/noticias\/wp-content\/uploads\/2019\/10\/logo-lifefm.png","width":196,"height":47,"caption":"R\u00e1dio Life FM"},"image":{"@id":"https:\/\/radiolifefm.com.br\/noticias\/#\/schema\/logo\/image\/"},"sameAs":["https:\/\/www.facebook.com\/radiolifefm\/","https:\/\/www.instagram.com\/life1079fm\/"]},{"@type":"Person","@id":"https:\/\/radiolifefm.com.br\/noticias\/#\/schema\/person\/6339b9fac59d12b071dec680d7375d87","name":"ritanery","image":{"@type":"ImageObject","inLanguage":"pt-BR","@id":"https:\/\/secure.gravatar.com\/avatar\/0e37bb19071f47c0b8a23f62a903df117c5a0e75f65a0c2901562f97cd41cf86?s=96&d=mm&r=g","url":"https:\/\/secure.gravatar.com\/avatar\/0e37bb19071f47c0b8a23f62a903df117c5a0e75f65a0c2901562f97cd41cf86?s=96&d=mm&r=g","contentUrl":"https:\/\/secure.gravatar.com\/avatar\/0e37bb19071f47c0b8a23f62a903df117c5a0e75f65a0c2901562f97cd41cf86?s=96&d=mm&r=g","caption":"ritanery"}}]}},"amp_enabled":true,"_links":{"self":[{"href":"https:\/\/radiolifefm.com.br\/noticias\/wp-json\/wp\/v2\/posts\/74299","targetHints":{"allow":["GET"]}}],"collection":[{"href":"https:\/\/radiolifefm.com.br\/noticias\/wp-json\/wp\/v2\/posts"}],"about":[{"href":"https:\/\/radiolifefm.com.br\/noticias\/wp-json\/wp\/v2\/types\/post"}],"author":[{"embeddable":true,"href":"https:\/\/radiolifefm.com.br\/noticias\/wp-json\/wp\/v2\/users\/13"}],"replies":[{"embeddable":true,"href":"https:\/\/radiolifefm.com.br\/noticias\/wp-json\/wp\/v2\/comments?post=74299"}],"version-history":[{"count":1,"href":"https:\/\/radiolifefm.com.br\/noticias\/wp-json\/wp\/v2\/posts\/74299\/revisions"}],"predecessor-version":[{"id":74300,"href":"https:\/\/radiolifefm.com.br\/noticias\/wp-json\/wp\/v2\/posts\/74299\/revisions\/74300"}],"wp:featuredmedia":[{"embeddable":true,"href":"https:\/\/radiolifefm.com.br\/noticias\/wp-json\/wp\/v2\/media\/51988"}],"wp:attachment":[{"href":"https:\/\/radiolifefm.com.br\/noticias\/wp-json\/wp\/v2\/media?parent=74299"}],"wp:term":[{"taxonomy":"category","embeddable":true,"href":"https:\/\/radiolifefm.com.br\/noticias\/wp-json\/wp\/v2\/categories?post=74299"},{"taxonomy":"post_tag","embeddable":true,"href":"https:\/\/radiolifefm.com.br\/noticias\/wp-json\/wp\/v2\/tags?post=74299"}],"curies":[{"name":"wp","href":"https:\/\/api.w.org\/{rel}","templated":true}]}}