{"id":74110,"date":"2023-07-21T08:03:54","date_gmt":"2023-07-21T11:03:54","guid":{"rendered":"https:\/\/radiolifefm.com.br\/noticias\/?p=74110"},"modified":"2025-10-07T13:28:30","modified_gmt":"2025-10-07T16:28:30","slug":"novo-tempo-novo-para-a-provincia-do-faz-de-conta-2","status":"publish","type":"post","link":"https:\/\/radiolifefm.com.br\/noticias\/novo-tempo-novo-para-a-provincia-do-faz-de-conta-2\/","title":{"rendered":"NOVO TEMPO NOVO PARA A PROV\u00cdNCIA DO FAZ DE CONTA&#8230;"},"content":{"rendered":"<div id=\"fb-root\"><\/div>\n<p>\u201cQuando eu for, um dia desses,<br \/>\nPoeira ou folha levada<br \/>\nNo vento da madrugada,<br \/>\nSerei um pouco do nada<br \/>\nInvis\u00edvel, delicioso<\/p>\n<p>Que faz com que o teu ar<br \/>\nPare\u00e7a mais um olhar,<br \/>\nSuave mist\u00e9rio amoroso,<br \/>\nCidade de meu andar<br \/>\n(Deste j\u00e1 t\u00e3o longo andar!)<\/p>\n<p>E talvez de meu repouso&#8230;\u201d<\/p>\n<p><strong><em>(<\/em><\/strong><a href=\"https:\/\/www.pensador.com\/autor\/mario_quintana\/\"><strong><em>Mario Quintana<\/em><\/strong><\/a><strong><em>)<\/em><\/strong><\/p>\n<p><strong><em>S\u00e9rgio Barbosa (*)<\/em><\/strong><\/p>\n<p>Confesso que depois de quase 25 anos morando e vivendo em terras provincianas, ainda, em meio aos muitos desencontros deste NOVO TEMPO NOVO tem proporcionado muitas idas com poucas vindas para o meu lado deste mesmo lado&#8230;<\/p>\n<p>Entendo que todos de um jeito ou de outro, ainda, independente de estar deste ou do outro lado na PROV\u00cdNCIA, pode de um jeito ou de outro registrar isto ou aquilo, ainda mais entre os ocasos de um talvez e ponto quase final&#8230;<\/p>\n<p>Por isso e mais aquilo, estou sempre tentando superar os obst\u00e1culos para um olhar mais a frente deste TEMPO NOVO TEMPO, por\u00e9m, nem sempre se pode acreditar que isto ou aquilo pode fazer a diferen\u00e7a em terras provincianas&#8230;<\/p>\n<p>Ainda, escrever um texto na \u201cprimeira pessoa\u201d torna as coisas mais pr\u00f3ximas, talvez, distantes por um lado ou do outro lado, por isso, a melhor alternativa \u00e9 usar e abusar das \u201cironias\u201d ou \u201cpalavras cifradas\u201d\u00a0 para evitar o confronto com este ou aquele lado de um mesmo lado&#8230;<\/p>\n<p>Al\u00e9m do mais ou de menos, como sempre, depende de cada leitor ou leitora, cada qual deve entender o conte\u00fado do seu jeito de ser, ainda, se poss\u00edvel, estar em conex\u00e3o com o texto e assim por diante&#8230;<\/p>\n<p>Tamb\u00e9m, escrever alguma coisa desta mesma coisa na \u201cterceira pessoa\u201d pode trazer muitas perguntas para raras respostas disto ou daquilo, portanto, de um jeito ou de outro, deve-se tentar registrar as palavras para muitos desencontros sobre este TEMPO NOVO TEMPO para a PROV\u00cdNCIA DE ADAMANTINA&#8230;<\/p>\n<p>Depois de quase duas d\u00e9cadas deste lado, acredito que se pode tentar entender os processos e procedimentos que ocorrem em diversas \u00e1reas e ponto quase final&#8230;<\/p>\n<p>Faz alguns anos participei como \u201cCoordenador Editorial\u201d de uma publica\u00e7\u00e3o comemorativa do \u201cAnivers\u00e1rio da Prov\u00edncia\u201d, portanto, fiquei conhecendo muitas faces hist\u00f3ricas desta cidade, bem como, fatos \u201cn\u00e3o oficiais\u201d que ocorreram no outro tempo, entretanto, tais ocorr\u00eancias n\u00e3o eram registradas por causa disto ou daquilo&#8230;<\/p>\n<p>Na atual conjuntura em n\u00edvel nacional, pode-se tentar levantar algumas possibilidades para o momento atual da PROV\u00cdNCIA, haja vista o contexto \u201cregiocal\u201d, ou seja, do regional para o local em tempo de p\u00f3s-globaliza\u00e7\u00e3o midi\u00e1tica&#8230;<\/p>\n<p>A quest\u00e3o em pauta, ou seja, \u201cas cr\u00edticas\u201d nem sempre s\u00e3o bem recebidas pelo poder em nome do poder com o poder, portanto, \u201ctodo cuidado \u00e9 pouco\u201d nestas quest\u00f5es, isso sem escrever que \u201c\u00e9 melhor prevenir do que remediar\u201d&#8230;<\/p>\n<p>De um jeito ou de outro, a maioria das pessoas apreciam comemorar alguma coisa, ainda mais um anivers\u00e1rio para um olhar al\u00e9m do presente em busca do futuro, entretanto, n\u00e3o se pode esconder o passado&#8230;<\/p>\n<p>Existem muitas PROVINCIAS neste PA\u00cdS DO FAZ DE CONTA que se colocam como um LIVRO ABERTO, POR\u00c9M, ESCONDEM A CAPA ou pior, colocam por debaixo de algum tapete sem mais e sem menos&#8230;<\/p>\n<p>Afinal de contas s\u00e3o 70 ANOS marcando presen\u00e7a na Regi\u00e3o da \u201cNova\u201d ALTA PAULISTA para muitas hist\u00f3rias por meio das mem\u00f3rias dos\/as pioneiros\/as que naquele outro tempo fincaram os \u201cp\u00e9s\u201d em terras provincianas em busca dos \u201csonhos e utopias\u201d&#8230;<\/p>\n<p>AVE PROV\u00cdNCIA DE ADAMANTINA!<\/p>\n<p><strong><em>_____________________________<\/em><\/strong><\/p>\n<p><strong><em>(*) jornalista diplomado.<\/em><\/strong><\/p>\n<p><strong><em>e-mail: <\/em><\/strong><a href=\"mailto:barbosa.sebar@gmail.com\"><strong><em>barbosa.sebar@gmail.com<\/em><\/strong><\/a><\/p>\n<p>&nbsp;<\/p>\n","protected":false},"excerpt":{"rendered":"<p>\u201cQuando eu for, um dia desses, Poeira ou folha levada No vento da madrugada, Serei um pouco do nada Invis\u00edvel, delicioso Que faz com que o teu ar Pare\u00e7a mais um olhar, Suave mist\u00e9rio amoroso, Cidade de meu andar (Deste j\u00e1 t\u00e3o longo andar!) E talvez de meu repouso&#8230;\u201d (Mario Quintana) S\u00e9rgio Barbosa (*) Confesso [&hellip;]<\/p>\n","protected":false},"author":13,"featured_media":51988,"comment_status":"closed","ping_status":"open","sticky":false,"template":"","format":"standard","meta":{"_acf_changed":false,"_exactmetrics_skip_tracking":false,"_exactmetrics_sitenote_active":false,"_exactmetrics_sitenote_note":"","_exactmetrics_sitenote_category":0,"footnotes":""},"categories":[59],"tags":[],"class_list":["post-74110","post","type-post","status-publish","format-standard","has-post-thumbnail","hentry","category-opiniao"],"acf":[],"yoast_head":"<!-- This site is optimized with the Yoast SEO plugin v27.2 - https:\/\/yoast.com\/product\/yoast-seo-wordpress\/ -->\n<title>NOVO TEMPO NOVO PARA A PROV\u00cdNCIA DO FAZ DE CONTA... - R\u00e1dio Life FM<\/title>\n<meta name=\"robots\" content=\"index, follow, max-snippet:-1, max-image-preview:large, max-video-preview:-1\" \/>\n<link rel=\"canonical\" href=\"https:\/\/radiolifefm.com.br\/noticias\/novo-tempo-novo-para-a-provincia-do-faz-de-conta-2\/\" \/>\n<meta property=\"og:locale\" content=\"pt_BR\" \/>\n<meta property=\"og:type\" content=\"article\" \/>\n<meta property=\"og:title\" content=\"NOVO TEMPO NOVO PARA A PROV\u00cdNCIA DO FAZ DE CONTA... - R\u00e1dio Life FM\" \/>\n<meta property=\"og:description\" content=\"\u201cQuando eu for, um dia desses, Poeira ou folha levada No vento da madrugada, Serei um pouco do nada Invis\u00edvel, delicioso Que faz com que o teu ar Pare\u00e7a mais um olhar, Suave mist\u00e9rio amoroso, Cidade de meu andar (Deste j\u00e1 t\u00e3o longo andar!) E talvez de meu repouso&#8230;\u201d (Mario Quintana) S\u00e9rgio Barbosa (*) Confesso [&hellip;]\" \/>\n<meta property=\"og:url\" content=\"https:\/\/radiolifefm.com.br\/noticias\/novo-tempo-novo-para-a-provincia-do-faz-de-conta-2\/\" \/>\n<meta property=\"og:site_name\" content=\"R\u00e1dio Life FM\" \/>\n<meta property=\"article:publisher\" content=\"https:\/\/www.facebook.com\/radiolifefm\/\" \/>\n<meta property=\"article:published_time\" content=\"2023-07-21T11:03:54+00:00\" \/>\n<meta property=\"article:modified_time\" content=\"2025-10-07T16:28:30+00:00\" \/>\n<meta property=\"og:image\" content=\"https:\/\/static.radiolifefm.com.br\/noticias\/wp-content\/uploads\/2022\/04\/WhatsApp-Image-2022-04-10-at-18.43.02.jpeg\" \/>\n\t<meta property=\"og:image:width\" content=\"972\" \/>\n\t<meta property=\"og:image:height\" content=\"1296\" \/>\n\t<meta property=\"og:image:type\" content=\"image\/jpeg\" \/>\n<meta name=\"author\" content=\"ritanery\" \/>\n<meta name=\"twitter:card\" content=\"summary_large_image\" \/>\n<meta name=\"twitter:label1\" content=\"Escrito por\" \/>\n\t<meta name=\"twitter:data1\" content=\"ritanery\" \/>\n\t<meta name=\"twitter:label2\" content=\"Est. tempo de leitura\" \/>\n\t<meta name=\"twitter:data2\" content=\"4 minutos\" \/>\n<script type=\"application\/ld+json\" class=\"yoast-schema-graph\">{\"@context\":\"https:\/\/schema.org\",\"@graph\":[{\"@type\":\"Article\",\"@id\":\"https:\/\/radiolifefm.com.br\/noticias\/novo-tempo-novo-para-a-provincia-do-faz-de-conta-2\/#article\",\"isPartOf\":{\"@id\":\"https:\/\/radiolifefm.com.br\/noticias\/novo-tempo-novo-para-a-provincia-do-faz-de-conta-2\/\"},\"author\":{\"name\":\"ritanery\",\"@id\":\"https:\/\/radiolifefm.com.br\/noticias\/#\/schema\/person\/6339b9fac59d12b071dec680d7375d87\"},\"headline\":\"NOVO TEMPO NOVO PARA A PROV\u00cdNCIA DO FAZ DE CONTA&#8230;\",\"datePublished\":\"2023-07-21T11:03:54+00:00\",\"dateModified\":\"2025-10-07T16:28:30+00:00\",\"mainEntityOfPage\":{\"@id\":\"https:\/\/radiolifefm.com.br\/noticias\/novo-tempo-novo-para-a-provincia-do-faz-de-conta-2\/\"},\"wordCount\":617,\"publisher\":{\"@id\":\"https:\/\/radiolifefm.com.br\/noticias\/#organization\"},\"image\":{\"@id\":\"https:\/\/radiolifefm.com.br\/noticias\/novo-tempo-novo-para-a-provincia-do-faz-de-conta-2\/#primaryimage\"},\"thumbnailUrl\":\"https:\/\/radiolifefm.com.br\/noticias\/wp-content\/uploads\/2022\/04\/WhatsApp-Image-2022-04-10-at-18.43.02.jpeg\",\"articleSection\":[\"Opini\u00e3o\"],\"inLanguage\":\"pt-BR\"},{\"@type\":\"WebPage\",\"@id\":\"https:\/\/radiolifefm.com.br\/noticias\/novo-tempo-novo-para-a-provincia-do-faz-de-conta-2\/\",\"url\":\"https:\/\/radiolifefm.com.br\/noticias\/novo-tempo-novo-para-a-provincia-do-faz-de-conta-2\/\",\"name\":\"NOVO TEMPO NOVO PARA A PROV\u00cdNCIA DO FAZ DE CONTA... - R\u00e1dio Life FM\",\"isPartOf\":{\"@id\":\"https:\/\/radiolifefm.com.br\/noticias\/#website\"},\"primaryImageOfPage\":{\"@id\":\"https:\/\/radiolifefm.com.br\/noticias\/novo-tempo-novo-para-a-provincia-do-faz-de-conta-2\/#primaryimage\"},\"image\":{\"@id\":\"https:\/\/radiolifefm.com.br\/noticias\/novo-tempo-novo-para-a-provincia-do-faz-de-conta-2\/#primaryimage\"},\"thumbnailUrl\":\"https:\/\/radiolifefm.com.br\/noticias\/wp-content\/uploads\/2022\/04\/WhatsApp-Image-2022-04-10-at-18.43.02.jpeg\",\"datePublished\":\"2023-07-21T11:03:54+00:00\",\"dateModified\":\"2025-10-07T16:28:30+00:00\",\"breadcrumb\":{\"@id\":\"https:\/\/radiolifefm.com.br\/noticias\/novo-tempo-novo-para-a-provincia-do-faz-de-conta-2\/#breadcrumb\"},\"inLanguage\":\"pt-BR\",\"potentialAction\":[{\"@type\":\"ReadAction\",\"target\":[\"https:\/\/radiolifefm.com.br\/noticias\/novo-tempo-novo-para-a-provincia-do-faz-de-conta-2\/\"]}]},{\"@type\":\"ImageObject\",\"inLanguage\":\"pt-BR\",\"@id\":\"https:\/\/radiolifefm.com.br\/noticias\/novo-tempo-novo-para-a-provincia-do-faz-de-conta-2\/#primaryimage\",\"url\":\"https:\/\/radiolifefm.com.br\/noticias\/wp-content\/uploads\/2022\/04\/WhatsApp-Image-2022-04-10-at-18.43.02.jpeg\",\"contentUrl\":\"https:\/\/radiolifefm.com.br\/noticias\/wp-content\/uploads\/2022\/04\/WhatsApp-Image-2022-04-10-at-18.43.02.jpeg\",\"width\":972,\"height\":1296,\"caption\":\"S\u00e9rgio Barbosa\"},{\"@type\":\"BreadcrumbList\",\"@id\":\"https:\/\/radiolifefm.com.br\/noticias\/novo-tempo-novo-para-a-provincia-do-faz-de-conta-2\/#breadcrumb\",\"itemListElement\":[{\"@type\":\"ListItem\",\"position\":1,\"name\":\"In\u00edcio\",\"item\":\"https:\/\/radiolifefm.com.br\/noticias\/\"},{\"@type\":\"ListItem\",\"position\":2,\"name\":\"NOVO TEMPO NOVO PARA A PROV\u00cdNCIA DO FAZ DE CONTA&#8230;\"}]},{\"@type\":\"WebSite\",\"@id\":\"https:\/\/radiolifefm.com.br\/noticias\/#website\",\"url\":\"https:\/\/radiolifefm.com.br\/noticias\/\",\"name\":\"R\u00e1dio Life FM\",\"description\":\"O Portal de Not\u00edcias de Adamantina\",\"publisher\":{\"@id\":\"https:\/\/radiolifefm.com.br\/noticias\/#organization\"},\"alternateName\":\"Life FM\",\"potentialAction\":[{\"@type\":\"SearchAction\",\"target\":{\"@type\":\"EntryPoint\",\"urlTemplate\":\"https:\/\/radiolifefm.com.br\/noticias\/?s={search_term_string}\"},\"query-input\":{\"@type\":\"PropertyValueSpecification\",\"valueRequired\":true,\"valueName\":\"search_term_string\"}}],\"inLanguage\":\"pt-BR\"},{\"@type\":\"Organization\",\"@id\":\"https:\/\/radiolifefm.com.br\/noticias\/#organization\",\"name\":\"R\u00e1dio Life FM\",\"alternateName\":\"Life FM\",\"url\":\"https:\/\/radiolifefm.com.br\/noticias\/\",\"logo\":{\"@type\":\"ImageObject\",\"inLanguage\":\"pt-BR\",\"@id\":\"https:\/\/radiolifefm.com.br\/noticias\/#\/schema\/logo\/image\/\",\"url\":\"https:\/\/static.radiolifefm.com.br\/noticias\/wp-content\/uploads\/2019\/10\/logo-lifefm.png\",\"contentUrl\":\"https:\/\/static.radiolifefm.com.br\/noticias\/wp-content\/uploads\/2019\/10\/logo-lifefm.png\",\"width\":196,\"height\":47,\"caption\":\"R\u00e1dio Life FM\"},\"image\":{\"@id\":\"https:\/\/radiolifefm.com.br\/noticias\/#\/schema\/logo\/image\/\"},\"sameAs\":[\"https:\/\/www.facebook.com\/radiolifefm\/\",\"https:\/\/www.instagram.com\/life1079fm\/\"]},{\"@type\":\"Person\",\"@id\":\"https:\/\/radiolifefm.com.br\/noticias\/#\/schema\/person\/6339b9fac59d12b071dec680d7375d87\",\"name\":\"ritanery\",\"image\":{\"@type\":\"ImageObject\",\"inLanguage\":\"pt-BR\",\"@id\":\"https:\/\/secure.gravatar.com\/avatar\/0e37bb19071f47c0b8a23f62a903df117c5a0e75f65a0c2901562f97cd41cf86?s=96&d=mm&r=g\",\"url\":\"https:\/\/secure.gravatar.com\/avatar\/0e37bb19071f47c0b8a23f62a903df117c5a0e75f65a0c2901562f97cd41cf86?s=96&d=mm&r=g\",\"contentUrl\":\"https:\/\/secure.gravatar.com\/avatar\/0e37bb19071f47c0b8a23f62a903df117c5a0e75f65a0c2901562f97cd41cf86?s=96&d=mm&r=g\",\"caption\":\"ritanery\"}}]}<\/script>\n<!-- \/ Yoast SEO plugin. -->","yoast_head_json":{"title":"NOVO TEMPO NOVO PARA A PROV\u00cdNCIA DO FAZ DE CONTA... - R\u00e1dio Life FM","robots":{"index":"index","follow":"follow","max-snippet":"max-snippet:-1","max-image-preview":"max-image-preview:large","max-video-preview":"max-video-preview:-1"},"canonical":"https:\/\/radiolifefm.com.br\/noticias\/novo-tempo-novo-para-a-provincia-do-faz-de-conta-2\/","og_locale":"pt_BR","og_type":"article","og_title":"NOVO TEMPO NOVO PARA A PROV\u00cdNCIA DO FAZ DE CONTA... - R\u00e1dio Life FM","og_description":"\u201cQuando eu for, um dia desses, Poeira ou folha levada No vento da madrugada, Serei um pouco do nada Invis\u00edvel, delicioso Que faz com que o teu ar Pare\u00e7a mais um olhar, Suave mist\u00e9rio amoroso, Cidade de meu andar (Deste j\u00e1 t\u00e3o longo andar!) E talvez de meu repouso&#8230;\u201d (Mario Quintana) S\u00e9rgio Barbosa (*) Confesso [&hellip;]","og_url":"https:\/\/radiolifefm.com.br\/noticias\/novo-tempo-novo-para-a-provincia-do-faz-de-conta-2\/","og_site_name":"R\u00e1dio Life FM","article_publisher":"https:\/\/www.facebook.com\/radiolifefm\/","article_published_time":"2023-07-21T11:03:54+00:00","article_modified_time":"2025-10-07T16:28:30+00:00","og_image":[{"width":972,"height":1296,"url":"https:\/\/static.radiolifefm.com.br\/noticias\/wp-content\/uploads\/2022\/04\/WhatsApp-Image-2022-04-10-at-18.43.02.jpeg","type":"image\/jpeg"}],"author":"ritanery","twitter_card":"summary_large_image","twitter_misc":{"Escrito por":"ritanery","Est. tempo de leitura":"4 minutos"},"schema":{"@context":"https:\/\/schema.org","@graph":[{"@type":"Article","@id":"https:\/\/radiolifefm.com.br\/noticias\/novo-tempo-novo-para-a-provincia-do-faz-de-conta-2\/#article","isPartOf":{"@id":"https:\/\/radiolifefm.com.br\/noticias\/novo-tempo-novo-para-a-provincia-do-faz-de-conta-2\/"},"author":{"name":"ritanery","@id":"https:\/\/radiolifefm.com.br\/noticias\/#\/schema\/person\/6339b9fac59d12b071dec680d7375d87"},"headline":"NOVO TEMPO NOVO PARA A PROV\u00cdNCIA DO FAZ DE CONTA&#8230;","datePublished":"2023-07-21T11:03:54+00:00","dateModified":"2025-10-07T16:28:30+00:00","mainEntityOfPage":{"@id":"https:\/\/radiolifefm.com.br\/noticias\/novo-tempo-novo-para-a-provincia-do-faz-de-conta-2\/"},"wordCount":617,"publisher":{"@id":"https:\/\/radiolifefm.com.br\/noticias\/#organization"},"image":{"@id":"https:\/\/radiolifefm.com.br\/noticias\/novo-tempo-novo-para-a-provincia-do-faz-de-conta-2\/#primaryimage"},"thumbnailUrl":"https:\/\/radiolifefm.com.br\/noticias\/wp-content\/uploads\/2022\/04\/WhatsApp-Image-2022-04-10-at-18.43.02.jpeg","articleSection":["Opini\u00e3o"],"inLanguage":"pt-BR"},{"@type":"WebPage","@id":"https:\/\/radiolifefm.com.br\/noticias\/novo-tempo-novo-para-a-provincia-do-faz-de-conta-2\/","url":"https:\/\/radiolifefm.com.br\/noticias\/novo-tempo-novo-para-a-provincia-do-faz-de-conta-2\/","name":"NOVO TEMPO NOVO PARA A PROV\u00cdNCIA DO FAZ DE CONTA... - R\u00e1dio Life FM","isPartOf":{"@id":"https:\/\/radiolifefm.com.br\/noticias\/#website"},"primaryImageOfPage":{"@id":"https:\/\/radiolifefm.com.br\/noticias\/novo-tempo-novo-para-a-provincia-do-faz-de-conta-2\/#primaryimage"},"image":{"@id":"https:\/\/radiolifefm.com.br\/noticias\/novo-tempo-novo-para-a-provincia-do-faz-de-conta-2\/#primaryimage"},"thumbnailUrl":"https:\/\/radiolifefm.com.br\/noticias\/wp-content\/uploads\/2022\/04\/WhatsApp-Image-2022-04-10-at-18.43.02.jpeg","datePublished":"2023-07-21T11:03:54+00:00","dateModified":"2025-10-07T16:28:30+00:00","breadcrumb":{"@id":"https:\/\/radiolifefm.com.br\/noticias\/novo-tempo-novo-para-a-provincia-do-faz-de-conta-2\/#breadcrumb"},"inLanguage":"pt-BR","potentialAction":[{"@type":"ReadAction","target":["https:\/\/radiolifefm.com.br\/noticias\/novo-tempo-novo-para-a-provincia-do-faz-de-conta-2\/"]}]},{"@type":"ImageObject","inLanguage":"pt-BR","@id":"https:\/\/radiolifefm.com.br\/noticias\/novo-tempo-novo-para-a-provincia-do-faz-de-conta-2\/#primaryimage","url":"https:\/\/radiolifefm.com.br\/noticias\/wp-content\/uploads\/2022\/04\/WhatsApp-Image-2022-04-10-at-18.43.02.jpeg","contentUrl":"https:\/\/radiolifefm.com.br\/noticias\/wp-content\/uploads\/2022\/04\/WhatsApp-Image-2022-04-10-at-18.43.02.jpeg","width":972,"height":1296,"caption":"S\u00e9rgio Barbosa"},{"@type":"BreadcrumbList","@id":"https:\/\/radiolifefm.com.br\/noticias\/novo-tempo-novo-para-a-provincia-do-faz-de-conta-2\/#breadcrumb","itemListElement":[{"@type":"ListItem","position":1,"name":"In\u00edcio","item":"https:\/\/radiolifefm.com.br\/noticias\/"},{"@type":"ListItem","position":2,"name":"NOVO TEMPO NOVO PARA A PROV\u00cdNCIA DO FAZ DE CONTA&#8230;"}]},{"@type":"WebSite","@id":"https:\/\/radiolifefm.com.br\/noticias\/#website","url":"https:\/\/radiolifefm.com.br\/noticias\/","name":"R\u00e1dio Life FM","description":"O Portal de Not\u00edcias de Adamantina","publisher":{"@id":"https:\/\/radiolifefm.com.br\/noticias\/#organization"},"alternateName":"Life FM","potentialAction":[{"@type":"SearchAction","target":{"@type":"EntryPoint","urlTemplate":"https:\/\/radiolifefm.com.br\/noticias\/?s={search_term_string}"},"query-input":{"@type":"PropertyValueSpecification","valueRequired":true,"valueName":"search_term_string"}}],"inLanguage":"pt-BR"},{"@type":"Organization","@id":"https:\/\/radiolifefm.com.br\/noticias\/#organization","name":"R\u00e1dio Life FM","alternateName":"Life FM","url":"https:\/\/radiolifefm.com.br\/noticias\/","logo":{"@type":"ImageObject","inLanguage":"pt-BR","@id":"https:\/\/radiolifefm.com.br\/noticias\/#\/schema\/logo\/image\/","url":"https:\/\/static.radiolifefm.com.br\/noticias\/wp-content\/uploads\/2019\/10\/logo-lifefm.png","contentUrl":"https:\/\/static.radiolifefm.com.br\/noticias\/wp-content\/uploads\/2019\/10\/logo-lifefm.png","width":196,"height":47,"caption":"R\u00e1dio Life FM"},"image":{"@id":"https:\/\/radiolifefm.com.br\/noticias\/#\/schema\/logo\/image\/"},"sameAs":["https:\/\/www.facebook.com\/radiolifefm\/","https:\/\/www.instagram.com\/life1079fm\/"]},{"@type":"Person","@id":"https:\/\/radiolifefm.com.br\/noticias\/#\/schema\/person\/6339b9fac59d12b071dec680d7375d87","name":"ritanery","image":{"@type":"ImageObject","inLanguage":"pt-BR","@id":"https:\/\/secure.gravatar.com\/avatar\/0e37bb19071f47c0b8a23f62a903df117c5a0e75f65a0c2901562f97cd41cf86?s=96&d=mm&r=g","url":"https:\/\/secure.gravatar.com\/avatar\/0e37bb19071f47c0b8a23f62a903df117c5a0e75f65a0c2901562f97cd41cf86?s=96&d=mm&r=g","contentUrl":"https:\/\/secure.gravatar.com\/avatar\/0e37bb19071f47c0b8a23f62a903df117c5a0e75f65a0c2901562f97cd41cf86?s=96&d=mm&r=g","caption":"ritanery"}}]}},"amp_enabled":true,"_links":{"self":[{"href":"https:\/\/radiolifefm.com.br\/noticias\/wp-json\/wp\/v2\/posts\/74110","targetHints":{"allow":["GET"]}}],"collection":[{"href":"https:\/\/radiolifefm.com.br\/noticias\/wp-json\/wp\/v2\/posts"}],"about":[{"href":"https:\/\/radiolifefm.com.br\/noticias\/wp-json\/wp\/v2\/types\/post"}],"author":[{"embeddable":true,"href":"https:\/\/radiolifefm.com.br\/noticias\/wp-json\/wp\/v2\/users\/13"}],"replies":[{"embeddable":true,"href":"https:\/\/radiolifefm.com.br\/noticias\/wp-json\/wp\/v2\/comments?post=74110"}],"version-history":[{"count":1,"href":"https:\/\/radiolifefm.com.br\/noticias\/wp-json\/wp\/v2\/posts\/74110\/revisions"}],"predecessor-version":[{"id":74111,"href":"https:\/\/radiolifefm.com.br\/noticias\/wp-json\/wp\/v2\/posts\/74110\/revisions\/74111"}],"wp:featuredmedia":[{"embeddable":true,"href":"https:\/\/radiolifefm.com.br\/noticias\/wp-json\/wp\/v2\/media\/51988"}],"wp:attachment":[{"href":"https:\/\/radiolifefm.com.br\/noticias\/wp-json\/wp\/v2\/media?parent=74110"}],"wp:term":[{"taxonomy":"category","embeddable":true,"href":"https:\/\/radiolifefm.com.br\/noticias\/wp-json\/wp\/v2\/categories?post=74110"},{"taxonomy":"post_tag","embeddable":true,"href":"https:\/\/radiolifefm.com.br\/noticias\/wp-json\/wp\/v2\/tags?post=74110"}],"curies":[{"name":"wp","href":"https:\/\/api.w.org\/{rel}","templated":true}]}}