{"id":73997,"date":"2023-07-19T07:30:00","date_gmt":"2023-07-19T10:30:00","guid":{"rendered":"https:\/\/radiolifefm.com.br\/noticias\/?p=73997"},"modified":"2025-12-15T20:10:56","modified_gmt":"2025-12-15T23:10:56","slug":"neste-mesmo-tempo-do-seu-tempo-esta-o-tempo-do-tempo","status":"publish","type":"post","link":"https:\/\/radiolifefm.com.br\/noticias\/neste-mesmo-tempo-do-seu-tempo-esta-o-tempo-do-tempo\/","title":{"rendered":"neste mesmo TEMPO do seu TEMPO est\u00e1 o TEMPO do TEMPO&#8230;"},"content":{"rendered":"<div id=\"fb-root\"><\/div>\n<p><strong><em>\u00a0\u201cPerder tempo em aprender coisas que n\u00e3o interessam, priva-nos de descobrir coisas interessantes.\u201d (<\/em><\/strong><a href=\"https:\/\/www.pensador.com\/autor\/carlos_drummond_de_andrade\/\"><strong><em>Carlos Drummond de Andrade<\/em><\/strong><\/a><strong><em>)<\/em><\/strong><\/p>\n<p>&nbsp;<\/p>\n<p><strong>S\u00e9rgio Barbosa (*)<\/strong><\/p>\n<p><strong><em>Ao GABRIEL, dedico! <\/em><\/strong><\/p>\n<p>todos est\u00e3o no mesmo TEMPO deste TEMPO em busca do outro TEMPO do TEMPO&#8230; portanto, cada qual do seu jeito de ser e estar sabe onde est\u00e1 o TEMPO do seu TEMPO e ponto quase final&#8230; nada do que se perdeu neste mesmo TEMPO pode ser maior do que o TEMPO e tudo fica no mesmo TEMPO deste TEMPO&#8230; se tudo ficar neste TEMPO, talvez exista um outro olhar sobre aquele TEMPO que ficou nos sonhos de um TEMPO silencioso&#8230; de que adianta ficar na espera deste TEMPO se tudo continua no mesmo lugar que era do outro TEMPO&#8230; nada se espera dos que partiram em busca das perdas que ficaram do outro lado do TEMPO, assim, s\u00f3 quem ficou sabe o que o TEMPO espera deste mesmo TEMPO&#8230; suas utopias continuam deixando de lado o TEMPO que era aquele mesmo TEMPO do TEMPO&#8230; todavia, como ser diante deste cen\u00e1rio onde apenas o TEMPO determina um \u00fanico olhar al\u00e9m do seu TEMPO que era aquele outro TEMPO&#8230; tamb\u00e9m, os desejos continuam buscando um TEMPO que n\u00e3o existe mais neste mesmo TEMPO que era apenas um detalhe do TEMPO&#8230; a mesmice de sempre est\u00e1 mais perto do que nunca deste TEMPO, por\u00e9m, apenas voc\u00ea pode determinar qual vai ser o caminho do seu TEMPO sem o TEMPO do TEMPO&#8230; querer descobrir o sentido deste TEMPO est\u00e1 al\u00e9m das suas for\u00e7as terrenas, haja vista que a \u00fanica alternativa neste TEMPO est\u00e1 com voc\u00ea neste momento sublime que apenas o TEMPO pode determinar sem muitas contradi\u00e7\u00f5es&#8230; de que adianta descobrir as respostas deste TEMPO se voc\u00ea n\u00e3o sabe onde procurar as d\u00favidas do seu TEMPO que continua sendo apenas um TEMPO neste mesmo TEMPO do TEMPO&#8230; tais interroga\u00e7\u00f5es est\u00e3o atrapalhando suas exclama\u00e7\u00f5es sobre a exist\u00eancia do seu TEMPO neste mesmo TEMPO que continua sendo o mesmo TEMPO do TEMPO&#8230; n\u00e3o se pode esquecer que apenas voc\u00ea est\u00e1 perdido neste TEMPO do seu TEMPO, caso contr\u00e1rio, nada do que existe pode determinar a exist\u00eancia deste TEMPO que voc\u00ea acredita ser o TEMPO do seu TEMPO&#8230; al\u00e9m disto ou daquilo, todas as verdades est\u00e3o naquele TEMPO que ficou perdido no TEMPO que era apenas um TEMPO deste mesmo TEMPO sem o TEMPO&#8230; desse jeito de querer o que n\u00e3o se pode ter sobre o TEMPO que era um outro TEMPO deste mesmo TEMPO, talvez, possa apresentar um outro cen\u00e1rio para aquele TEMPO que n\u00e3o existe mais&#8230; tal qual as suas mentiras sobre este mesmo TEMPO que n\u00e3o est\u00e1 mais neste lado do universo para um desencontro com o TEMPO do TEMPO&#8230; s\u00f3 voc\u00ea pode saber qual \u00e9 o TEMPO deste TEMPO, mesmo assim, nada do que se pensa est\u00e1 de acordo com a realidade de um TEMPO que se perdeu no outro TEMPO do TEMPO&#8230; portanto, se voc\u00ea entende deste TEMPO sem desejar entrar neste TEMPO que se perdeu naquele outro TEMPO, pode-se imaginar que n\u00e3o existe tais contradi\u00e7\u00f5es existenciais sobre o TEMPO do TEMPO&#8230; das profundezas daquele abismo do TEMPO, ainda, deve-se registrar que s\u00f3 voc\u00ea sabe onde encontrar a sua utopia do TEMPO que continua sendo o TEMPO do seu TEMPO sem o TEMPO que se perdeu do outro lado deste mesmo TEMPO&#8230;<\/p>\n<p>QUE VOC\u00ca POSSA ENCONTRAR O TEMPO QUE \u00c9 O TEMPO DO SEU TEMPO NESTE TEMPO&#8230;<\/p>\n<p>&nbsp;<\/p>\n<p><strong>(*) jornalista diplomado.<\/strong><\/p>\n<p><strong>e-mail: <\/strong><a href=\"mailto:barbosa.sebar@gmail.com\"><strong>barbosa.sebar@gmail.com<\/strong><\/a><\/p>\n<p>&nbsp;<\/p>\n<p>&nbsp;<\/p>\n<p>&nbsp;<\/p>\n","protected":false},"excerpt":{"rendered":"<p>\u00a0\u201cPerder tempo em aprender coisas que n\u00e3o interessam, priva-nos de descobrir coisas interessantes.\u201d (Carlos Drummond de Andrade) &nbsp; S\u00e9rgio Barbosa (*) Ao GABRIEL, dedico! todos est\u00e3o no mesmo TEMPO deste TEMPO em busca do outro TEMPO do TEMPO&#8230; portanto, cada qual do seu jeito de ser e estar sabe onde est\u00e1 o TEMPO do seu [&hellip;]<\/p>\n","protected":false},"author":13,"featured_media":51988,"comment_status":"closed","ping_status":"open","sticky":false,"template":"","format":"standard","meta":{"_acf_changed":false,"_exactmetrics_skip_tracking":false,"_exactmetrics_sitenote_active":false,"_exactmetrics_sitenote_note":"","_exactmetrics_sitenote_category":0,"footnotes":""},"categories":[59],"tags":[],"class_list":["post-73997","post","type-post","status-publish","format-standard","has-post-thumbnail","hentry","category-opiniao"],"acf":[],"yoast_head":"<!-- This site is optimized with the Yoast SEO plugin v27.2 - https:\/\/yoast.com\/product\/yoast-seo-wordpress\/ -->\n<title>neste mesmo TEMPO do seu TEMPO est\u00e1 o TEMPO do TEMPO... - R\u00e1dio Life FM<\/title>\n<meta name=\"robots\" content=\"index, follow, max-snippet:-1, max-image-preview:large, max-video-preview:-1\" \/>\n<link rel=\"canonical\" href=\"https:\/\/radiolifefm.com.br\/noticias\/neste-mesmo-tempo-do-seu-tempo-esta-o-tempo-do-tempo\/\" \/>\n<meta property=\"og:locale\" content=\"pt_BR\" \/>\n<meta property=\"og:type\" content=\"article\" \/>\n<meta property=\"og:title\" content=\"neste mesmo TEMPO do seu TEMPO est\u00e1 o TEMPO do TEMPO... - R\u00e1dio Life FM\" \/>\n<meta property=\"og:description\" content=\"\u00a0\u201cPerder tempo em aprender coisas que n\u00e3o interessam, priva-nos de descobrir coisas interessantes.\u201d (Carlos Drummond de Andrade) &nbsp; S\u00e9rgio Barbosa (*) Ao GABRIEL, dedico! todos est\u00e3o no mesmo TEMPO deste TEMPO em busca do outro TEMPO do TEMPO&#8230; portanto, cada qual do seu jeito de ser e estar sabe onde est\u00e1 o TEMPO do seu [&hellip;]\" \/>\n<meta property=\"og:url\" content=\"https:\/\/radiolifefm.com.br\/noticias\/neste-mesmo-tempo-do-seu-tempo-esta-o-tempo-do-tempo\/\" \/>\n<meta property=\"og:site_name\" content=\"R\u00e1dio Life FM\" \/>\n<meta property=\"article:publisher\" content=\"https:\/\/www.facebook.com\/radiolifefm\/\" \/>\n<meta property=\"article:published_time\" content=\"2023-07-19T10:30:00+00:00\" \/>\n<meta property=\"article:modified_time\" content=\"2025-12-15T23:10:56+00:00\" \/>\n<meta property=\"og:image\" content=\"https:\/\/radiolifefm.com.br\/noticias\/wp-content\/uploads\/2022\/04\/WhatsApp-Image-2022-04-10-at-18.43.02.jpeg\" \/>\n\t<meta property=\"og:image:width\" content=\"972\" \/>\n\t<meta property=\"og:image:height\" content=\"1296\" \/>\n\t<meta property=\"og:image:type\" content=\"image\/jpeg\" \/>\n<meta name=\"author\" content=\"ritanery\" \/>\n<meta name=\"twitter:card\" content=\"summary_large_image\" \/>\n<meta name=\"twitter:label1\" content=\"Escrito por\" \/>\n\t<meta name=\"twitter:data1\" content=\"ritanery\" \/>\n\t<meta name=\"twitter:label2\" content=\"Est. tempo de leitura\" \/>\n\t<meta name=\"twitter:data2\" content=\"4 minutos\" \/>\n<script type=\"application\/ld+json\" class=\"yoast-schema-graph\">{\"@context\":\"https:\/\/schema.org\",\"@graph\":[{\"@type\":\"Article\",\"@id\":\"https:\/\/radiolifefm.com.br\/noticias\/neste-mesmo-tempo-do-seu-tempo-esta-o-tempo-do-tempo\/#article\",\"isPartOf\":{\"@id\":\"https:\/\/radiolifefm.com.br\/noticias\/neste-mesmo-tempo-do-seu-tempo-esta-o-tempo-do-tempo\/\"},\"author\":{\"name\":\"ritanery\",\"@id\":\"https:\/\/radiolifefm.com.br\/noticias\/#\/schema\/person\/6339b9fac59d12b071dec680d7375d87\"},\"headline\":\"neste mesmo TEMPO do seu TEMPO est\u00e1 o TEMPO do TEMPO&#8230;\",\"datePublished\":\"2023-07-19T10:30:00+00:00\",\"dateModified\":\"2025-12-15T23:10:56+00:00\",\"mainEntityOfPage\":{\"@id\":\"https:\/\/radiolifefm.com.br\/noticias\/neste-mesmo-tempo-do-seu-tempo-esta-o-tempo-do-tempo\/\"},\"wordCount\":616,\"publisher\":{\"@id\":\"https:\/\/radiolifefm.com.br\/noticias\/#organization\"},\"image\":{\"@id\":\"https:\/\/radiolifefm.com.br\/noticias\/neste-mesmo-tempo-do-seu-tempo-esta-o-tempo-do-tempo\/#primaryimage\"},\"thumbnailUrl\":\"https:\/\/radiolifefm.com.br\/noticias\/wp-content\/uploads\/2022\/04\/WhatsApp-Image-2022-04-10-at-18.43.02.jpeg\",\"articleSection\":[\"Opini\u00e3o\"],\"inLanguage\":\"pt-BR\"},{\"@type\":\"WebPage\",\"@id\":\"https:\/\/radiolifefm.com.br\/noticias\/neste-mesmo-tempo-do-seu-tempo-esta-o-tempo-do-tempo\/\",\"url\":\"https:\/\/radiolifefm.com.br\/noticias\/neste-mesmo-tempo-do-seu-tempo-esta-o-tempo-do-tempo\/\",\"name\":\"neste mesmo TEMPO do seu TEMPO est\u00e1 o TEMPO do TEMPO... - R\u00e1dio Life FM\",\"isPartOf\":{\"@id\":\"https:\/\/radiolifefm.com.br\/noticias\/#website\"},\"primaryImageOfPage\":{\"@id\":\"https:\/\/radiolifefm.com.br\/noticias\/neste-mesmo-tempo-do-seu-tempo-esta-o-tempo-do-tempo\/#primaryimage\"},\"image\":{\"@id\":\"https:\/\/radiolifefm.com.br\/noticias\/neste-mesmo-tempo-do-seu-tempo-esta-o-tempo-do-tempo\/#primaryimage\"},\"thumbnailUrl\":\"https:\/\/radiolifefm.com.br\/noticias\/wp-content\/uploads\/2022\/04\/WhatsApp-Image-2022-04-10-at-18.43.02.jpeg\",\"datePublished\":\"2023-07-19T10:30:00+00:00\",\"dateModified\":\"2025-12-15T23:10:56+00:00\",\"breadcrumb\":{\"@id\":\"https:\/\/radiolifefm.com.br\/noticias\/neste-mesmo-tempo-do-seu-tempo-esta-o-tempo-do-tempo\/#breadcrumb\"},\"inLanguage\":\"pt-BR\",\"potentialAction\":[{\"@type\":\"ReadAction\",\"target\":[\"https:\/\/radiolifefm.com.br\/noticias\/neste-mesmo-tempo-do-seu-tempo-esta-o-tempo-do-tempo\/\"]}]},{\"@type\":\"ImageObject\",\"inLanguage\":\"pt-BR\",\"@id\":\"https:\/\/radiolifefm.com.br\/noticias\/neste-mesmo-tempo-do-seu-tempo-esta-o-tempo-do-tempo\/#primaryimage\",\"url\":\"https:\/\/radiolifefm.com.br\/noticias\/wp-content\/uploads\/2022\/04\/WhatsApp-Image-2022-04-10-at-18.43.02.jpeg\",\"contentUrl\":\"https:\/\/radiolifefm.com.br\/noticias\/wp-content\/uploads\/2022\/04\/WhatsApp-Image-2022-04-10-at-18.43.02.jpeg\",\"width\":972,\"height\":1296,\"caption\":\"S\u00e9rgio Barbosa\"},{\"@type\":\"BreadcrumbList\",\"@id\":\"https:\/\/radiolifefm.com.br\/noticias\/neste-mesmo-tempo-do-seu-tempo-esta-o-tempo-do-tempo\/#breadcrumb\",\"itemListElement\":[{\"@type\":\"ListItem\",\"position\":1,\"name\":\"In\u00edcio\",\"item\":\"https:\/\/radiolifefm.com.br\/noticias\/\"},{\"@type\":\"ListItem\",\"position\":2,\"name\":\"neste mesmo TEMPO do seu TEMPO est\u00e1 o TEMPO do TEMPO&#8230;\"}]},{\"@type\":\"WebSite\",\"@id\":\"https:\/\/radiolifefm.com.br\/noticias\/#website\",\"url\":\"https:\/\/radiolifefm.com.br\/noticias\/\",\"name\":\"R\u00e1dio Life FM\",\"description\":\"O Portal de Not\u00edcias de Adamantina\",\"publisher\":{\"@id\":\"https:\/\/radiolifefm.com.br\/noticias\/#organization\"},\"alternateName\":\"Life FM\",\"potentialAction\":[{\"@type\":\"SearchAction\",\"target\":{\"@type\":\"EntryPoint\",\"urlTemplate\":\"https:\/\/radiolifefm.com.br\/noticias\/?s={search_term_string}\"},\"query-input\":{\"@type\":\"PropertyValueSpecification\",\"valueRequired\":true,\"valueName\":\"search_term_string\"}}],\"inLanguage\":\"pt-BR\"},{\"@type\":\"Organization\",\"@id\":\"https:\/\/radiolifefm.com.br\/noticias\/#organization\",\"name\":\"R\u00e1dio Life FM\",\"alternateName\":\"Life FM\",\"url\":\"https:\/\/radiolifefm.com.br\/noticias\/\",\"logo\":{\"@type\":\"ImageObject\",\"inLanguage\":\"pt-BR\",\"@id\":\"https:\/\/radiolifefm.com.br\/noticias\/#\/schema\/logo\/image\/\",\"url\":\"https:\/\/static.radiolifefm.com.br\/noticias\/wp-content\/uploads\/2019\/10\/logo-lifefm.png\",\"contentUrl\":\"https:\/\/static.radiolifefm.com.br\/noticias\/wp-content\/uploads\/2019\/10\/logo-lifefm.png\",\"width\":196,\"height\":47,\"caption\":\"R\u00e1dio Life FM\"},\"image\":{\"@id\":\"https:\/\/radiolifefm.com.br\/noticias\/#\/schema\/logo\/image\/\"},\"sameAs\":[\"https:\/\/www.facebook.com\/radiolifefm\/\",\"https:\/\/www.instagram.com\/life1079fm\/\"]},{\"@type\":\"Person\",\"@id\":\"https:\/\/radiolifefm.com.br\/noticias\/#\/schema\/person\/6339b9fac59d12b071dec680d7375d87\",\"name\":\"ritanery\",\"image\":{\"@type\":\"ImageObject\",\"inLanguage\":\"pt-BR\",\"@id\":\"https:\/\/secure.gravatar.com\/avatar\/0e37bb19071f47c0b8a23f62a903df117c5a0e75f65a0c2901562f97cd41cf86?s=96&d=mm&r=g\",\"url\":\"https:\/\/secure.gravatar.com\/avatar\/0e37bb19071f47c0b8a23f62a903df117c5a0e75f65a0c2901562f97cd41cf86?s=96&d=mm&r=g\",\"contentUrl\":\"https:\/\/secure.gravatar.com\/avatar\/0e37bb19071f47c0b8a23f62a903df117c5a0e75f65a0c2901562f97cd41cf86?s=96&d=mm&r=g\",\"caption\":\"ritanery\"}}]}<\/script>\n<!-- \/ Yoast SEO plugin. -->","yoast_head_json":{"title":"neste mesmo TEMPO do seu TEMPO est\u00e1 o TEMPO do TEMPO... - R\u00e1dio Life FM","robots":{"index":"index","follow":"follow","max-snippet":"max-snippet:-1","max-image-preview":"max-image-preview:large","max-video-preview":"max-video-preview:-1"},"canonical":"https:\/\/radiolifefm.com.br\/noticias\/neste-mesmo-tempo-do-seu-tempo-esta-o-tempo-do-tempo\/","og_locale":"pt_BR","og_type":"article","og_title":"neste mesmo TEMPO do seu TEMPO est\u00e1 o TEMPO do TEMPO... - R\u00e1dio Life FM","og_description":"\u00a0\u201cPerder tempo em aprender coisas que n\u00e3o interessam, priva-nos de descobrir coisas interessantes.\u201d (Carlos Drummond de Andrade) &nbsp; S\u00e9rgio Barbosa (*) Ao GABRIEL, dedico! todos est\u00e3o no mesmo TEMPO deste TEMPO em busca do outro TEMPO do TEMPO&#8230; portanto, cada qual do seu jeito de ser e estar sabe onde est\u00e1 o TEMPO do seu [&hellip;]","og_url":"https:\/\/radiolifefm.com.br\/noticias\/neste-mesmo-tempo-do-seu-tempo-esta-o-tempo-do-tempo\/","og_site_name":"R\u00e1dio Life FM","article_publisher":"https:\/\/www.facebook.com\/radiolifefm\/","article_published_time":"2023-07-19T10:30:00+00:00","article_modified_time":"2025-12-15T23:10:56+00:00","og_image":[{"width":972,"height":1296,"url":"https:\/\/radiolifefm.com.br\/noticias\/wp-content\/uploads\/2022\/04\/WhatsApp-Image-2022-04-10-at-18.43.02.jpeg","type":"image\/jpeg"}],"author":"ritanery","twitter_card":"summary_large_image","twitter_misc":{"Escrito por":"ritanery","Est. tempo de leitura":"4 minutos"},"schema":{"@context":"https:\/\/schema.org","@graph":[{"@type":"Article","@id":"https:\/\/radiolifefm.com.br\/noticias\/neste-mesmo-tempo-do-seu-tempo-esta-o-tempo-do-tempo\/#article","isPartOf":{"@id":"https:\/\/radiolifefm.com.br\/noticias\/neste-mesmo-tempo-do-seu-tempo-esta-o-tempo-do-tempo\/"},"author":{"name":"ritanery","@id":"https:\/\/radiolifefm.com.br\/noticias\/#\/schema\/person\/6339b9fac59d12b071dec680d7375d87"},"headline":"neste mesmo TEMPO do seu TEMPO est\u00e1 o TEMPO do TEMPO&#8230;","datePublished":"2023-07-19T10:30:00+00:00","dateModified":"2025-12-15T23:10:56+00:00","mainEntityOfPage":{"@id":"https:\/\/radiolifefm.com.br\/noticias\/neste-mesmo-tempo-do-seu-tempo-esta-o-tempo-do-tempo\/"},"wordCount":616,"publisher":{"@id":"https:\/\/radiolifefm.com.br\/noticias\/#organization"},"image":{"@id":"https:\/\/radiolifefm.com.br\/noticias\/neste-mesmo-tempo-do-seu-tempo-esta-o-tempo-do-tempo\/#primaryimage"},"thumbnailUrl":"https:\/\/radiolifefm.com.br\/noticias\/wp-content\/uploads\/2022\/04\/WhatsApp-Image-2022-04-10-at-18.43.02.jpeg","articleSection":["Opini\u00e3o"],"inLanguage":"pt-BR"},{"@type":"WebPage","@id":"https:\/\/radiolifefm.com.br\/noticias\/neste-mesmo-tempo-do-seu-tempo-esta-o-tempo-do-tempo\/","url":"https:\/\/radiolifefm.com.br\/noticias\/neste-mesmo-tempo-do-seu-tempo-esta-o-tempo-do-tempo\/","name":"neste mesmo TEMPO do seu TEMPO est\u00e1 o TEMPO do TEMPO... - R\u00e1dio Life FM","isPartOf":{"@id":"https:\/\/radiolifefm.com.br\/noticias\/#website"},"primaryImageOfPage":{"@id":"https:\/\/radiolifefm.com.br\/noticias\/neste-mesmo-tempo-do-seu-tempo-esta-o-tempo-do-tempo\/#primaryimage"},"image":{"@id":"https:\/\/radiolifefm.com.br\/noticias\/neste-mesmo-tempo-do-seu-tempo-esta-o-tempo-do-tempo\/#primaryimage"},"thumbnailUrl":"https:\/\/radiolifefm.com.br\/noticias\/wp-content\/uploads\/2022\/04\/WhatsApp-Image-2022-04-10-at-18.43.02.jpeg","datePublished":"2023-07-19T10:30:00+00:00","dateModified":"2025-12-15T23:10:56+00:00","breadcrumb":{"@id":"https:\/\/radiolifefm.com.br\/noticias\/neste-mesmo-tempo-do-seu-tempo-esta-o-tempo-do-tempo\/#breadcrumb"},"inLanguage":"pt-BR","potentialAction":[{"@type":"ReadAction","target":["https:\/\/radiolifefm.com.br\/noticias\/neste-mesmo-tempo-do-seu-tempo-esta-o-tempo-do-tempo\/"]}]},{"@type":"ImageObject","inLanguage":"pt-BR","@id":"https:\/\/radiolifefm.com.br\/noticias\/neste-mesmo-tempo-do-seu-tempo-esta-o-tempo-do-tempo\/#primaryimage","url":"https:\/\/radiolifefm.com.br\/noticias\/wp-content\/uploads\/2022\/04\/WhatsApp-Image-2022-04-10-at-18.43.02.jpeg","contentUrl":"https:\/\/radiolifefm.com.br\/noticias\/wp-content\/uploads\/2022\/04\/WhatsApp-Image-2022-04-10-at-18.43.02.jpeg","width":972,"height":1296,"caption":"S\u00e9rgio Barbosa"},{"@type":"BreadcrumbList","@id":"https:\/\/radiolifefm.com.br\/noticias\/neste-mesmo-tempo-do-seu-tempo-esta-o-tempo-do-tempo\/#breadcrumb","itemListElement":[{"@type":"ListItem","position":1,"name":"In\u00edcio","item":"https:\/\/radiolifefm.com.br\/noticias\/"},{"@type":"ListItem","position":2,"name":"neste mesmo TEMPO do seu TEMPO est\u00e1 o TEMPO do TEMPO&#8230;"}]},{"@type":"WebSite","@id":"https:\/\/radiolifefm.com.br\/noticias\/#website","url":"https:\/\/radiolifefm.com.br\/noticias\/","name":"R\u00e1dio Life FM","description":"O Portal de Not\u00edcias de Adamantina","publisher":{"@id":"https:\/\/radiolifefm.com.br\/noticias\/#organization"},"alternateName":"Life FM","potentialAction":[{"@type":"SearchAction","target":{"@type":"EntryPoint","urlTemplate":"https:\/\/radiolifefm.com.br\/noticias\/?s={search_term_string}"},"query-input":{"@type":"PropertyValueSpecification","valueRequired":true,"valueName":"search_term_string"}}],"inLanguage":"pt-BR"},{"@type":"Organization","@id":"https:\/\/radiolifefm.com.br\/noticias\/#organization","name":"R\u00e1dio Life FM","alternateName":"Life FM","url":"https:\/\/radiolifefm.com.br\/noticias\/","logo":{"@type":"ImageObject","inLanguage":"pt-BR","@id":"https:\/\/radiolifefm.com.br\/noticias\/#\/schema\/logo\/image\/","url":"https:\/\/static.radiolifefm.com.br\/noticias\/wp-content\/uploads\/2019\/10\/logo-lifefm.png","contentUrl":"https:\/\/static.radiolifefm.com.br\/noticias\/wp-content\/uploads\/2019\/10\/logo-lifefm.png","width":196,"height":47,"caption":"R\u00e1dio Life FM"},"image":{"@id":"https:\/\/radiolifefm.com.br\/noticias\/#\/schema\/logo\/image\/"},"sameAs":["https:\/\/www.facebook.com\/radiolifefm\/","https:\/\/www.instagram.com\/life1079fm\/"]},{"@type":"Person","@id":"https:\/\/radiolifefm.com.br\/noticias\/#\/schema\/person\/6339b9fac59d12b071dec680d7375d87","name":"ritanery","image":{"@type":"ImageObject","inLanguage":"pt-BR","@id":"https:\/\/secure.gravatar.com\/avatar\/0e37bb19071f47c0b8a23f62a903df117c5a0e75f65a0c2901562f97cd41cf86?s=96&d=mm&r=g","url":"https:\/\/secure.gravatar.com\/avatar\/0e37bb19071f47c0b8a23f62a903df117c5a0e75f65a0c2901562f97cd41cf86?s=96&d=mm&r=g","contentUrl":"https:\/\/secure.gravatar.com\/avatar\/0e37bb19071f47c0b8a23f62a903df117c5a0e75f65a0c2901562f97cd41cf86?s=96&d=mm&r=g","caption":"ritanery"}}]}},"amp_enabled":true,"_links":{"self":[{"href":"https:\/\/radiolifefm.com.br\/noticias\/wp-json\/wp\/v2\/posts\/73997","targetHints":{"allow":["GET"]}}],"collection":[{"href":"https:\/\/radiolifefm.com.br\/noticias\/wp-json\/wp\/v2\/posts"}],"about":[{"href":"https:\/\/radiolifefm.com.br\/noticias\/wp-json\/wp\/v2\/types\/post"}],"author":[{"embeddable":true,"href":"https:\/\/radiolifefm.com.br\/noticias\/wp-json\/wp\/v2\/users\/13"}],"replies":[{"embeddable":true,"href":"https:\/\/radiolifefm.com.br\/noticias\/wp-json\/wp\/v2\/comments?post=73997"}],"version-history":[{"count":1,"href":"https:\/\/radiolifefm.com.br\/noticias\/wp-json\/wp\/v2\/posts\/73997\/revisions"}],"predecessor-version":[{"id":73998,"href":"https:\/\/radiolifefm.com.br\/noticias\/wp-json\/wp\/v2\/posts\/73997\/revisions\/73998"}],"wp:featuredmedia":[{"embeddable":true,"href":"https:\/\/radiolifefm.com.br\/noticias\/wp-json\/wp\/v2\/media\/51988"}],"wp:attachment":[{"href":"https:\/\/radiolifefm.com.br\/noticias\/wp-json\/wp\/v2\/media?parent=73997"}],"wp:term":[{"taxonomy":"category","embeddable":true,"href":"https:\/\/radiolifefm.com.br\/noticias\/wp-json\/wp\/v2\/categories?post=73997"},{"taxonomy":"post_tag","embeddable":true,"href":"https:\/\/radiolifefm.com.br\/noticias\/wp-json\/wp\/v2\/tags?post=73997"}],"curies":[{"name":"wp","href":"https:\/\/api.w.org\/{rel}","templated":true}]}}