{"id":73820,"date":"2023-07-14T08:13:08","date_gmt":"2023-07-14T11:13:08","guid":{"rendered":"https:\/\/radiolifefm.com.br\/noticias\/?p=73820"},"modified":"2026-04-26T23:21:04","modified_gmt":"2026-04-27T02:21:04","slug":"em-meio-aos-desencontros-com-a-politica-provinciana","status":"publish","type":"post","link":"https:\/\/radiolifefm.com.br\/noticias\/em-meio-aos-desencontros-com-a-politica-provinciana\/","title":{"rendered":"EM MEIO AOS DESENCONTROS COM A POL\u00cdTICA PROVINCIANA&#8230;"},"content":{"rendered":"<div id=\"fb-root\"><\/div>\n<p><em>\u00a0\u201cEstive em muitos lugares, por\u00e9m, s\u00f3 me encontrei em mim mesmo&#8230;\u201d<\/em><\/p>\n<p><em>(John Ono Lennon)<\/em><\/p>\n<p>&nbsp;<\/p>\n<p><strong><em>S\u00e9rgio Barbosa (*)<\/em><\/strong><\/p>\n<p>&nbsp;<\/p>\n<p>Nestes \u00faltimos dias, quase sempre, os desencontros acontecem de um lado ou de outro, afinal de contas, dizem pelas esquinas de uma prov\u00edncia qualquer que \u201cmuita \u00e1gua, ainda vai rolar por debaixo da ponte\u201d como diz um velho dito popular&#8230;<\/p>\n<p>Quem disse isto ou aquilo sobre o tudo e o nada para ficar de bem com um ou mais lados de um mesmo grupo, pode ficar sem mais e sem menos neste denominado fogo cruzado, al\u00e9m do mais, as palavras continuam fazendo seus estragos em todos os cantos provincianos do poder pelo poder com o poder sem o poder com o poder&#8230;<\/p>\n<p>No cen\u00e1rio, como se escreveu um dia destes, mais parece um picadeiro circense, neste caso, pelo lado pejorativo da pauta, tendo em vista as trocas nada simb\u00f3licas existentes neste meio camuflado pelos encontros perdidos nas mesas de uma padaria ou at\u00e9 mesmo, em salas mal localizadas para os desacordos em busca do andar de cima ou de baixo&#8230;<\/p>\n<p>Neste caso, depende sempre do olhar de cada eleitor\/a desavisado\/a do jogo dos pol\u00edticos de sempre, ou seja, a moeda de troca continua com a mesma proposta do outro tempo, \u201ctoma l\u00e1, da c\u00e1\u201d&#8230;<\/p>\n<p>Os ditos cujos ficam perambulando pelos cantos provincianos em busca dos acordos velados pela escurid\u00e3o do descaso sem fim, quando num sil\u00eancio qualquer, perdem-se o encanto do passado pelo jogo do presente sem futuro&#8230;<\/p>\n<p>Muitos c\u00e3es ladram pelo osso perdido para os lobos do poder centralizador de cima, outros se calam pela compra deste ou daquele cargo p\u00fablico, at\u00e9 mesmo no outro lado da esquina, neste caso, algumas quadras rua acima de um olhar de \u201cGrande Irm\u00e3o\u201d&#8230;<\/p>\n<p>O debate n\u00e3o existe neste contexto singular para a pluralidade provinciana, mesmo assim, melhor ficar com \u201cuma ave na m\u00e3o do que duas voando\u201d, pelo sim e muito pelo n\u00e3o, deve-se ficar sempre em estado de alerta como bom escoteiro neste jogo al\u00e9m da prov\u00edncia menor ou maior depende sempre do olhar do leitor ou leitora&#8230;<\/p>\n<p>O mal existe pela inexist\u00eancia do bem, por\u00e9m, o mau do mal pode acabar com o mal do mau e ambos se transformarem numa esp\u00e9cie de estudo cient\u00edfica para o mundo acad\u00eamico, haja vista as necessidades da ci\u00eancia dos resultados pr\u00e1ticos executados fora do laborat\u00f3rio provincial&#8230;<\/p>\n<p>\u00c8 bom ficar atento aos bueiros da prov\u00edncia, nestes locais de f\u00e1cil acesso para roedores em potencial do alheio, existem muitas op\u00e7\u00f5es de escolha para o mesmo fim, quando todos partem rumo ao estrelato p\u00fablico por meio do legislativo ou executivo, deixando de lado o judici\u00e1rio, afinal de contas, deste lado, a deusa \u00e9 surda, muda e cega&#8230;<\/p>\n<p>QUEM SOBREVIVER VAI SABER&#8230;<\/p>\n<p><strong><em>___________________________________<\/em><\/strong><\/p>\n<p><strong><em>(*) Jornalista diplomado.<\/em><\/strong><\/p>\n<p><strong><em>e-mail: <a href=\"mailto:barbosa.sebar@gmail.com\">barbosa.sebar@gmail.com<\/a><\/em><\/strong><\/p>\n","protected":false},"excerpt":{"rendered":"<p>\u00a0\u201cEstive em muitos lugares, por\u00e9m, s\u00f3 me encontrei em mim mesmo&#8230;\u201d (John Ono Lennon) &nbsp; S\u00e9rgio Barbosa (*) &nbsp; Nestes \u00faltimos dias, quase sempre, os desencontros acontecem de um lado ou de outro, afinal de contas, dizem pelas esquinas de uma prov\u00edncia qualquer que \u201cmuita \u00e1gua, ainda vai rolar por debaixo da ponte\u201d como diz [&hellip;]<\/p>\n","protected":false},"author":13,"featured_media":51988,"comment_status":"closed","ping_status":"open","sticky":false,"template":"","format":"standard","meta":{"_acf_changed":false,"_exactmetrics_skip_tracking":false,"_exactmetrics_sitenote_active":false,"_exactmetrics_sitenote_note":"","_exactmetrics_sitenote_category":0,"footnotes":""},"categories":[59],"tags":[],"class_list":["post-73820","post","type-post","status-publish","format-standard","has-post-thumbnail","hentry","category-opiniao"],"acf":[],"yoast_head":"<!-- This site is optimized with the Yoast SEO plugin v27.2 - https:\/\/yoast.com\/product\/yoast-seo-wordpress\/ -->\n<title>EM MEIO AOS DESENCONTROS COM A POL\u00cdTICA PROVINCIANA... - R\u00e1dio Life FM<\/title>\n<meta name=\"robots\" content=\"index, follow, max-snippet:-1, max-image-preview:large, max-video-preview:-1\" \/>\n<link rel=\"canonical\" href=\"https:\/\/radiolifefm.com.br\/noticias\/em-meio-aos-desencontros-com-a-politica-provinciana\/\" \/>\n<meta property=\"og:locale\" content=\"pt_BR\" \/>\n<meta property=\"og:type\" content=\"article\" \/>\n<meta property=\"og:title\" content=\"EM MEIO AOS DESENCONTROS COM A POL\u00cdTICA PROVINCIANA... - R\u00e1dio Life FM\" \/>\n<meta property=\"og:description\" content=\"\u00a0\u201cEstive em muitos lugares, por\u00e9m, s\u00f3 me encontrei em mim mesmo&#8230;\u201d (John Ono Lennon) &nbsp; S\u00e9rgio Barbosa (*) &nbsp; Nestes \u00faltimos dias, quase sempre, os desencontros acontecem de um lado ou de outro, afinal de contas, dizem pelas esquinas de uma prov\u00edncia qualquer que \u201cmuita \u00e1gua, ainda vai rolar por debaixo da ponte\u201d como diz [&hellip;]\" \/>\n<meta property=\"og:url\" content=\"https:\/\/radiolifefm.com.br\/noticias\/em-meio-aos-desencontros-com-a-politica-provinciana\/\" \/>\n<meta property=\"og:site_name\" content=\"R\u00e1dio Life FM\" \/>\n<meta property=\"article:publisher\" content=\"https:\/\/www.facebook.com\/radiolifefm\/\" \/>\n<meta property=\"article:published_time\" content=\"2023-07-14T11:13:08+00:00\" \/>\n<meta property=\"article:modified_time\" content=\"2026-04-27T02:21:04+00:00\" \/>\n<meta property=\"og:image\" content=\"https:\/\/radiolifefm.com.br\/noticias\/wp-content\/uploads\/2022\/04\/WhatsApp-Image-2022-04-10-at-18.43.02.jpeg\" \/>\n\t<meta property=\"og:image:width\" content=\"972\" \/>\n\t<meta property=\"og:image:height\" content=\"1296\" \/>\n\t<meta property=\"og:image:type\" content=\"image\/jpeg\" \/>\n<meta name=\"author\" content=\"ritanery\" \/>\n<meta name=\"twitter:card\" content=\"summary_large_image\" \/>\n<meta name=\"twitter:label1\" content=\"Escrito por\" \/>\n\t<meta name=\"twitter:data1\" content=\"ritanery\" \/>\n\t<meta name=\"twitter:label2\" content=\"Est. tempo de leitura\" \/>\n\t<meta name=\"twitter:data2\" content=\"3 minutos\" \/>\n<script type=\"application\/ld+json\" class=\"yoast-schema-graph\">{\"@context\":\"https:\/\/schema.org\",\"@graph\":[{\"@type\":\"Article\",\"@id\":\"https:\/\/radiolifefm.com.br\/noticias\/em-meio-aos-desencontros-com-a-politica-provinciana\/#article\",\"isPartOf\":{\"@id\":\"https:\/\/radiolifefm.com.br\/noticias\/em-meio-aos-desencontros-com-a-politica-provinciana\/\"},\"author\":{\"name\":\"ritanery\",\"@id\":\"https:\/\/radiolifefm.com.br\/noticias\/#\/schema\/person\/6339b9fac59d12b071dec680d7375d87\"},\"headline\":\"EM MEIO AOS DESENCONTROS COM A POL\u00cdTICA PROVINCIANA&#8230;\",\"datePublished\":\"2023-07-14T11:13:08+00:00\",\"dateModified\":\"2026-04-27T02:21:04+00:00\",\"mainEntityOfPage\":{\"@id\":\"https:\/\/radiolifefm.com.br\/noticias\/em-meio-aos-desencontros-com-a-politica-provinciana\/\"},\"wordCount\":499,\"publisher\":{\"@id\":\"https:\/\/radiolifefm.com.br\/noticias\/#organization\"},\"image\":{\"@id\":\"https:\/\/radiolifefm.com.br\/noticias\/em-meio-aos-desencontros-com-a-politica-provinciana\/#primaryimage\"},\"thumbnailUrl\":\"https:\/\/radiolifefm.com.br\/noticias\/wp-content\/uploads\/2022\/04\/WhatsApp-Image-2022-04-10-at-18.43.02.jpeg\",\"articleSection\":[\"Opini\u00e3o\"],\"inLanguage\":\"pt-BR\"},{\"@type\":\"WebPage\",\"@id\":\"https:\/\/radiolifefm.com.br\/noticias\/em-meio-aos-desencontros-com-a-politica-provinciana\/\",\"url\":\"https:\/\/radiolifefm.com.br\/noticias\/em-meio-aos-desencontros-com-a-politica-provinciana\/\",\"name\":\"EM MEIO AOS DESENCONTROS COM A POL\u00cdTICA PROVINCIANA... - R\u00e1dio Life FM\",\"isPartOf\":{\"@id\":\"https:\/\/radiolifefm.com.br\/noticias\/#website\"},\"primaryImageOfPage\":{\"@id\":\"https:\/\/radiolifefm.com.br\/noticias\/em-meio-aos-desencontros-com-a-politica-provinciana\/#primaryimage\"},\"image\":{\"@id\":\"https:\/\/radiolifefm.com.br\/noticias\/em-meio-aos-desencontros-com-a-politica-provinciana\/#primaryimage\"},\"thumbnailUrl\":\"https:\/\/radiolifefm.com.br\/noticias\/wp-content\/uploads\/2022\/04\/WhatsApp-Image-2022-04-10-at-18.43.02.jpeg\",\"datePublished\":\"2023-07-14T11:13:08+00:00\",\"dateModified\":\"2026-04-27T02:21:04+00:00\",\"breadcrumb\":{\"@id\":\"https:\/\/radiolifefm.com.br\/noticias\/em-meio-aos-desencontros-com-a-politica-provinciana\/#breadcrumb\"},\"inLanguage\":\"pt-BR\",\"potentialAction\":[{\"@type\":\"ReadAction\",\"target\":[\"https:\/\/radiolifefm.com.br\/noticias\/em-meio-aos-desencontros-com-a-politica-provinciana\/\"]}]},{\"@type\":\"ImageObject\",\"inLanguage\":\"pt-BR\",\"@id\":\"https:\/\/radiolifefm.com.br\/noticias\/em-meio-aos-desencontros-com-a-politica-provinciana\/#primaryimage\",\"url\":\"https:\/\/radiolifefm.com.br\/noticias\/wp-content\/uploads\/2022\/04\/WhatsApp-Image-2022-04-10-at-18.43.02.jpeg\",\"contentUrl\":\"https:\/\/radiolifefm.com.br\/noticias\/wp-content\/uploads\/2022\/04\/WhatsApp-Image-2022-04-10-at-18.43.02.jpeg\",\"width\":972,\"height\":1296,\"caption\":\"S\u00e9rgio Barbosa\"},{\"@type\":\"BreadcrumbList\",\"@id\":\"https:\/\/radiolifefm.com.br\/noticias\/em-meio-aos-desencontros-com-a-politica-provinciana\/#breadcrumb\",\"itemListElement\":[{\"@type\":\"ListItem\",\"position\":1,\"name\":\"In\u00edcio\",\"item\":\"https:\/\/radiolifefm.com.br\/noticias\/\"},{\"@type\":\"ListItem\",\"position\":2,\"name\":\"EM MEIO AOS DESENCONTROS COM A POL\u00cdTICA PROVINCIANA&#8230;\"}]},{\"@type\":\"WebSite\",\"@id\":\"https:\/\/radiolifefm.com.br\/noticias\/#website\",\"url\":\"https:\/\/radiolifefm.com.br\/noticias\/\",\"name\":\"R\u00e1dio Life FM\",\"description\":\"O Portal de Not\u00edcias de Adamantina\",\"publisher\":{\"@id\":\"https:\/\/radiolifefm.com.br\/noticias\/#organization\"},\"alternateName\":\"Life FM\",\"potentialAction\":[{\"@type\":\"SearchAction\",\"target\":{\"@type\":\"EntryPoint\",\"urlTemplate\":\"https:\/\/radiolifefm.com.br\/noticias\/?s={search_term_string}\"},\"query-input\":{\"@type\":\"PropertyValueSpecification\",\"valueRequired\":true,\"valueName\":\"search_term_string\"}}],\"inLanguage\":\"pt-BR\"},{\"@type\":\"Organization\",\"@id\":\"https:\/\/radiolifefm.com.br\/noticias\/#organization\",\"name\":\"R\u00e1dio Life FM\",\"alternateName\":\"Life FM\",\"url\":\"https:\/\/radiolifefm.com.br\/noticias\/\",\"logo\":{\"@type\":\"ImageObject\",\"inLanguage\":\"pt-BR\",\"@id\":\"https:\/\/radiolifefm.com.br\/noticias\/#\/schema\/logo\/image\/\",\"url\":\"https:\/\/static.radiolifefm.com.br\/noticias\/wp-content\/uploads\/2019\/10\/logo-lifefm.png\",\"contentUrl\":\"https:\/\/static.radiolifefm.com.br\/noticias\/wp-content\/uploads\/2019\/10\/logo-lifefm.png\",\"width\":196,\"height\":47,\"caption\":\"R\u00e1dio Life FM\"},\"image\":{\"@id\":\"https:\/\/radiolifefm.com.br\/noticias\/#\/schema\/logo\/image\/\"},\"sameAs\":[\"https:\/\/www.facebook.com\/radiolifefm\/\",\"https:\/\/www.instagram.com\/life1079fm\/\"]},{\"@type\":\"Person\",\"@id\":\"https:\/\/radiolifefm.com.br\/noticias\/#\/schema\/person\/6339b9fac59d12b071dec680d7375d87\",\"name\":\"ritanery\",\"image\":{\"@type\":\"ImageObject\",\"inLanguage\":\"pt-BR\",\"@id\":\"https:\/\/secure.gravatar.com\/avatar\/0e37bb19071f47c0b8a23f62a903df117c5a0e75f65a0c2901562f97cd41cf86?s=96&d=mm&r=g\",\"url\":\"https:\/\/secure.gravatar.com\/avatar\/0e37bb19071f47c0b8a23f62a903df117c5a0e75f65a0c2901562f97cd41cf86?s=96&d=mm&r=g\",\"contentUrl\":\"https:\/\/secure.gravatar.com\/avatar\/0e37bb19071f47c0b8a23f62a903df117c5a0e75f65a0c2901562f97cd41cf86?s=96&d=mm&r=g\",\"caption\":\"ritanery\"}}]}<\/script>\n<!-- \/ Yoast SEO plugin. -->","yoast_head_json":{"title":"EM MEIO AOS DESENCONTROS COM A POL\u00cdTICA PROVINCIANA... - R\u00e1dio Life FM","robots":{"index":"index","follow":"follow","max-snippet":"max-snippet:-1","max-image-preview":"max-image-preview:large","max-video-preview":"max-video-preview:-1"},"canonical":"https:\/\/radiolifefm.com.br\/noticias\/em-meio-aos-desencontros-com-a-politica-provinciana\/","og_locale":"pt_BR","og_type":"article","og_title":"EM MEIO AOS DESENCONTROS COM A POL\u00cdTICA PROVINCIANA... - R\u00e1dio Life FM","og_description":"\u00a0\u201cEstive em muitos lugares, por\u00e9m, s\u00f3 me encontrei em mim mesmo&#8230;\u201d (John Ono Lennon) &nbsp; S\u00e9rgio Barbosa (*) &nbsp; Nestes \u00faltimos dias, quase sempre, os desencontros acontecem de um lado ou de outro, afinal de contas, dizem pelas esquinas de uma prov\u00edncia qualquer que \u201cmuita \u00e1gua, ainda vai rolar por debaixo da ponte\u201d como diz [&hellip;]","og_url":"https:\/\/radiolifefm.com.br\/noticias\/em-meio-aos-desencontros-com-a-politica-provinciana\/","og_site_name":"R\u00e1dio Life FM","article_publisher":"https:\/\/www.facebook.com\/radiolifefm\/","article_published_time":"2023-07-14T11:13:08+00:00","article_modified_time":"2026-04-27T02:21:04+00:00","og_image":[{"width":972,"height":1296,"url":"https:\/\/radiolifefm.com.br\/noticias\/wp-content\/uploads\/2022\/04\/WhatsApp-Image-2022-04-10-at-18.43.02.jpeg","type":"image\/jpeg"}],"author":"ritanery","twitter_card":"summary_large_image","twitter_misc":{"Escrito por":"ritanery","Est. tempo de leitura":"3 minutos"},"schema":{"@context":"https:\/\/schema.org","@graph":[{"@type":"Article","@id":"https:\/\/radiolifefm.com.br\/noticias\/em-meio-aos-desencontros-com-a-politica-provinciana\/#article","isPartOf":{"@id":"https:\/\/radiolifefm.com.br\/noticias\/em-meio-aos-desencontros-com-a-politica-provinciana\/"},"author":{"name":"ritanery","@id":"https:\/\/radiolifefm.com.br\/noticias\/#\/schema\/person\/6339b9fac59d12b071dec680d7375d87"},"headline":"EM MEIO AOS DESENCONTROS COM A POL\u00cdTICA PROVINCIANA&#8230;","datePublished":"2023-07-14T11:13:08+00:00","dateModified":"2026-04-27T02:21:04+00:00","mainEntityOfPage":{"@id":"https:\/\/radiolifefm.com.br\/noticias\/em-meio-aos-desencontros-com-a-politica-provinciana\/"},"wordCount":499,"publisher":{"@id":"https:\/\/radiolifefm.com.br\/noticias\/#organization"},"image":{"@id":"https:\/\/radiolifefm.com.br\/noticias\/em-meio-aos-desencontros-com-a-politica-provinciana\/#primaryimage"},"thumbnailUrl":"https:\/\/radiolifefm.com.br\/noticias\/wp-content\/uploads\/2022\/04\/WhatsApp-Image-2022-04-10-at-18.43.02.jpeg","articleSection":["Opini\u00e3o"],"inLanguage":"pt-BR"},{"@type":"WebPage","@id":"https:\/\/radiolifefm.com.br\/noticias\/em-meio-aos-desencontros-com-a-politica-provinciana\/","url":"https:\/\/radiolifefm.com.br\/noticias\/em-meio-aos-desencontros-com-a-politica-provinciana\/","name":"EM MEIO AOS DESENCONTROS COM A POL\u00cdTICA PROVINCIANA... - R\u00e1dio Life FM","isPartOf":{"@id":"https:\/\/radiolifefm.com.br\/noticias\/#website"},"primaryImageOfPage":{"@id":"https:\/\/radiolifefm.com.br\/noticias\/em-meio-aos-desencontros-com-a-politica-provinciana\/#primaryimage"},"image":{"@id":"https:\/\/radiolifefm.com.br\/noticias\/em-meio-aos-desencontros-com-a-politica-provinciana\/#primaryimage"},"thumbnailUrl":"https:\/\/radiolifefm.com.br\/noticias\/wp-content\/uploads\/2022\/04\/WhatsApp-Image-2022-04-10-at-18.43.02.jpeg","datePublished":"2023-07-14T11:13:08+00:00","dateModified":"2026-04-27T02:21:04+00:00","breadcrumb":{"@id":"https:\/\/radiolifefm.com.br\/noticias\/em-meio-aos-desencontros-com-a-politica-provinciana\/#breadcrumb"},"inLanguage":"pt-BR","potentialAction":[{"@type":"ReadAction","target":["https:\/\/radiolifefm.com.br\/noticias\/em-meio-aos-desencontros-com-a-politica-provinciana\/"]}]},{"@type":"ImageObject","inLanguage":"pt-BR","@id":"https:\/\/radiolifefm.com.br\/noticias\/em-meio-aos-desencontros-com-a-politica-provinciana\/#primaryimage","url":"https:\/\/radiolifefm.com.br\/noticias\/wp-content\/uploads\/2022\/04\/WhatsApp-Image-2022-04-10-at-18.43.02.jpeg","contentUrl":"https:\/\/radiolifefm.com.br\/noticias\/wp-content\/uploads\/2022\/04\/WhatsApp-Image-2022-04-10-at-18.43.02.jpeg","width":972,"height":1296,"caption":"S\u00e9rgio Barbosa"},{"@type":"BreadcrumbList","@id":"https:\/\/radiolifefm.com.br\/noticias\/em-meio-aos-desencontros-com-a-politica-provinciana\/#breadcrumb","itemListElement":[{"@type":"ListItem","position":1,"name":"In\u00edcio","item":"https:\/\/radiolifefm.com.br\/noticias\/"},{"@type":"ListItem","position":2,"name":"EM MEIO AOS DESENCONTROS COM A POL\u00cdTICA PROVINCIANA&#8230;"}]},{"@type":"WebSite","@id":"https:\/\/radiolifefm.com.br\/noticias\/#website","url":"https:\/\/radiolifefm.com.br\/noticias\/","name":"R\u00e1dio Life FM","description":"O Portal de Not\u00edcias de Adamantina","publisher":{"@id":"https:\/\/radiolifefm.com.br\/noticias\/#organization"},"alternateName":"Life FM","potentialAction":[{"@type":"SearchAction","target":{"@type":"EntryPoint","urlTemplate":"https:\/\/radiolifefm.com.br\/noticias\/?s={search_term_string}"},"query-input":{"@type":"PropertyValueSpecification","valueRequired":true,"valueName":"search_term_string"}}],"inLanguage":"pt-BR"},{"@type":"Organization","@id":"https:\/\/radiolifefm.com.br\/noticias\/#organization","name":"R\u00e1dio Life FM","alternateName":"Life FM","url":"https:\/\/radiolifefm.com.br\/noticias\/","logo":{"@type":"ImageObject","inLanguage":"pt-BR","@id":"https:\/\/radiolifefm.com.br\/noticias\/#\/schema\/logo\/image\/","url":"https:\/\/static.radiolifefm.com.br\/noticias\/wp-content\/uploads\/2019\/10\/logo-lifefm.png","contentUrl":"https:\/\/static.radiolifefm.com.br\/noticias\/wp-content\/uploads\/2019\/10\/logo-lifefm.png","width":196,"height":47,"caption":"R\u00e1dio Life FM"},"image":{"@id":"https:\/\/radiolifefm.com.br\/noticias\/#\/schema\/logo\/image\/"},"sameAs":["https:\/\/www.facebook.com\/radiolifefm\/","https:\/\/www.instagram.com\/life1079fm\/"]},{"@type":"Person","@id":"https:\/\/radiolifefm.com.br\/noticias\/#\/schema\/person\/6339b9fac59d12b071dec680d7375d87","name":"ritanery","image":{"@type":"ImageObject","inLanguage":"pt-BR","@id":"https:\/\/secure.gravatar.com\/avatar\/0e37bb19071f47c0b8a23f62a903df117c5a0e75f65a0c2901562f97cd41cf86?s=96&d=mm&r=g","url":"https:\/\/secure.gravatar.com\/avatar\/0e37bb19071f47c0b8a23f62a903df117c5a0e75f65a0c2901562f97cd41cf86?s=96&d=mm&r=g","contentUrl":"https:\/\/secure.gravatar.com\/avatar\/0e37bb19071f47c0b8a23f62a903df117c5a0e75f65a0c2901562f97cd41cf86?s=96&d=mm&r=g","caption":"ritanery"}}]}},"amp_enabled":true,"_links":{"self":[{"href":"https:\/\/radiolifefm.com.br\/noticias\/wp-json\/wp\/v2\/posts\/73820","targetHints":{"allow":["GET"]}}],"collection":[{"href":"https:\/\/radiolifefm.com.br\/noticias\/wp-json\/wp\/v2\/posts"}],"about":[{"href":"https:\/\/radiolifefm.com.br\/noticias\/wp-json\/wp\/v2\/types\/post"}],"author":[{"embeddable":true,"href":"https:\/\/radiolifefm.com.br\/noticias\/wp-json\/wp\/v2\/users\/13"}],"replies":[{"embeddable":true,"href":"https:\/\/radiolifefm.com.br\/noticias\/wp-json\/wp\/v2\/comments?post=73820"}],"version-history":[{"count":1,"href":"https:\/\/radiolifefm.com.br\/noticias\/wp-json\/wp\/v2\/posts\/73820\/revisions"}],"predecessor-version":[{"id":73821,"href":"https:\/\/radiolifefm.com.br\/noticias\/wp-json\/wp\/v2\/posts\/73820\/revisions\/73821"}],"wp:featuredmedia":[{"embeddable":true,"href":"https:\/\/radiolifefm.com.br\/noticias\/wp-json\/wp\/v2\/media\/51988"}],"wp:attachment":[{"href":"https:\/\/radiolifefm.com.br\/noticias\/wp-json\/wp\/v2\/media?parent=73820"}],"wp:term":[{"taxonomy":"category","embeddable":true,"href":"https:\/\/radiolifefm.com.br\/noticias\/wp-json\/wp\/v2\/categories?post=73820"},{"taxonomy":"post_tag","embeddable":true,"href":"https:\/\/radiolifefm.com.br\/noticias\/wp-json\/wp\/v2\/tags?post=73820"}],"curies":[{"name":"wp","href":"https:\/\/api.w.org\/{rel}","templated":true}]}}