{"id":73484,"date":"2023-07-07T08:26:09","date_gmt":"2023-07-07T11:26:09","guid":{"rendered":"https:\/\/radiolifefm.com.br\/noticias\/?p=73484"},"modified":"2026-04-08T12:56:27","modified_gmt":"2026-04-08T15:56:27","slug":"em-tempo-de-arraia-na-fisioclinica-das-paredes-alvas","status":"publish","type":"post","link":"https:\/\/radiolifefm.com.br\/noticias\/em-tempo-de-arraia-na-fisioclinica-das-paredes-alvas\/","title":{"rendered":"Em tempo de Arrai\u00e1 na FISIOCL\u00cdNICA das PAREDES ALVAS&#8230;"},"content":{"rendered":"<div id=\"fb-root\"><\/div>\n<p><strong><em>\u00a0\u201cValor tem que ser percebido, consciente, explicado, vis\u00edvel. Precisamos refor\u00e7ar os indicadores de resultados da assist\u00eancia fisioterap\u00eautica e mostrar o resultado alcan\u00e7ado. Isso deve ser consciente!&#8221; (<\/em><\/strong><a href=\"https:\/\/www.pensador.com\/autor\/luciana_bilitario\/\"><strong><em>Luciana Bilit\u00e1rio<\/em><\/strong><\/a><strong><em>)<\/em><\/strong><\/p>\n<p><strong><em>\u00a0<\/em><\/strong><\/p>\n<p><strong><em>Para ESTAGI\u00c1RIOS\/AS da FISIOCL\u00cdNICA, dedico!<\/em><\/strong><\/p>\n<p><strong><em>\u00a0<\/em><\/strong><\/p>\n<p><strong>S\u00e9rgio Barbosa (*)<\/strong><\/p>\n<p>O m\u00eas de JUNHO est\u00e1 na sua \u00faltima semana, por\u00e9m, ainda, existem muitas IDAS e VINDAS com as denominadas e amadas FESTAS JUNINAS, assim, cada qual sabe pra onde IR sem pensar em VOLTAR&#8230;<\/p>\n<p>Tamb\u00e9m, n\u00e3o se pode deixar de lado que tais DESENCONTROS com o lado JUNINO ou JUNINA, depende sempre de cada lado de um mesmo lado, faz parte do CALEND\u00c1RIO CAIPIRA para muitas DAN\u00c7AS\/QUADRILHA, FOGOS, FOGUEIRA, M\u00daSICA, BOLOS, SALGADOS, PIPOCA, ALGOD\u00c3O DOCE \u00a0e outros COMES com muitos BEBES&#8230;<\/p>\n<p>Neste CEN\u00c1RIO, na semana passada QUARTA-FEIRA, ocorreu o TRADICIONAL encontro do meio do ano da FISIOCL\u00cdNICA das PAREDES ALVAS, isso mesmo, o famoso ARRAI\u00c1 com participa\u00e7\u00e3o ativa dos PACIENTES, atendimentos nas diversas \u00e1reas da CL\u00cdNICA, bem como, DOCENTES, ORIENTADORES\/AS DE EST\u00c1GIO, SUPERVISORES\/AS, ESTAGI\u00c1RIOS\/AS e convidados\/as em geral&#8230;<\/p>\n<p>Tais atividades fazem parte de um jeito ou de outro, das ETAPAS que envolvem o ATENDIMENTO COMUNIT\u00c1RIO que a FISICOL\u00cdNICA vem prestando faz anos e anos, portanto, o ARRAI\u00c1 proporciona muito mais do que uma CONFRATERNIZA\u00c7\u00c3O, haja vista que o AMBIENTE fica mais DIVERTIDO para todos\/as que est\u00e3o no local para muitas atividades JUNINAS&#8230;<\/p>\n<p>Foram momentos de muita ALEGRIA e descontra\u00e7\u00e3o para os\/as PACIENTES e EQUIPE DA FISIOCL\u00cdNICA, tais iniciativas s\u00e3o necess\u00e1rias para muitas APROXIMA\u00c7\u00d5ES entre aqueles\/as que est\u00e3o envolvidos\/as nos diversos PROCESSOS DE RECUPERA\u00c7\u00c3O mediados pela CL\u00cdNICA&#8230;<\/p>\n<p>Tamb\u00e9m, o ARRAI\u00c1 marcou o encerramento das ATIVIDADES desenvolvidas neste SEMESTRE LETIVO, assim, os\/as ESTAGI\u00c1RIOS\/AS que s\u00e3o discentes do curso de FISIOTERAPIA entram de F\u00c9RIAS MERECIDAS, bem como, todos\/as os\/as PACIENTES, todavia, estes devem ter em conta a necessidade de seguir todas as ORIENTA\u00c7\u00d5ES da EQUIPE para o per\u00edodo que estiverem em suas casas sem as idas e vindas para a FISICOL\u00cdNICA&#8230;<\/p>\n<p>No caso em especial dos DOCENTES das PAREDES ALVAS, os mesmos entram em RECESSO ACAD\u00caMICO, entretanto, os\/as ORIENTADORES\/AS de EST\u00c1GIO permanecem com o APOIO para ATENDIMENTO EMERGENCIAL neste per\u00edodo&#8230;<\/p>\n<p>Mais uma vez, faz-se necess\u00e1rio REGISTRAR a proposta PEDAG\u00d3GICA da FISIOCL\u00cdNICA com atividades em diversas \u00e1reas, tais como: CARDIORRESPIRAT\u00d3RIA, GERONTOLOGIA, HIDROTERAPIA, NEUROTERAPIA e ORTOPEDIA para a COMUNIDADE em n\u00edvel REGIOCAL, ou seja, do REGIONAL para o LOCAL em TEMPO de p\u00f3s-globaliza\u00e7\u00e3o da SA\u00daDE&#8230;<\/p>\n<p>AVE EQUIPE DA FISIOCL\u00cdNICA!<\/p>\n<p>AVE ESTAGI\u00c1RIOS\/AS!<\/p>\n<p><strong>______________________________________<\/strong><\/p>\n<p><strong>(*) <em>S\u00e9rgio Barbosa (seb@r)<\/em>, paciente da FISIOCL\u00cdNICA desde fevereiro de 2.019, ainda, atualmente na CARDIORRESPIRAT\u00d3RIA, por\u00e9m, esteve como PACIENTE na ORTOPEDIA e GERONTOLOGIA&#8230;<\/strong><\/p>\n<p><strong>e-mail: <\/strong><a href=\"mailto:barbosa.sebar@gmail.com\"><strong>barbosa.sebar@gmail.com<\/strong><\/a><\/p>\n<p>&nbsp;<\/p>\n","protected":false},"excerpt":{"rendered":"<p>\u00a0\u201cValor tem que ser percebido, consciente, explicado, vis\u00edvel. Precisamos refor\u00e7ar os indicadores de resultados da assist\u00eancia fisioterap\u00eautica e mostrar o resultado alcan\u00e7ado. Isso deve ser consciente!&#8221; (Luciana Bilit\u00e1rio) \u00a0 Para ESTAGI\u00c1RIOS\/AS da FISIOCL\u00cdNICA, dedico! \u00a0 S\u00e9rgio Barbosa (*) O m\u00eas de JUNHO est\u00e1 na sua \u00faltima semana, por\u00e9m, ainda, existem muitas IDAS e VINDAS com [&hellip;]<\/p>\n","protected":false},"author":13,"featured_media":51988,"comment_status":"closed","ping_status":"open","sticky":false,"template":"","format":"standard","meta":{"_acf_changed":false,"_exactmetrics_skip_tracking":false,"_exactmetrics_sitenote_active":false,"_exactmetrics_sitenote_note":"","_exactmetrics_sitenote_category":0,"footnotes":""},"categories":[59],"tags":[],"class_list":["post-73484","post","type-post","status-publish","format-standard","has-post-thumbnail","hentry","category-opiniao"],"acf":[],"yoast_head":"<!-- This site is optimized with the Yoast SEO plugin v27.2 - https:\/\/yoast.com\/product\/yoast-seo-wordpress\/ -->\n<title>Em tempo de Arrai\u00e1 na FISIOCL\u00cdNICA das PAREDES ALVAS... - R\u00e1dio Life FM<\/title>\n<meta name=\"robots\" content=\"index, follow, max-snippet:-1, max-image-preview:large, max-video-preview:-1\" \/>\n<link rel=\"canonical\" href=\"https:\/\/radiolifefm.com.br\/noticias\/em-tempo-de-arraia-na-fisioclinica-das-paredes-alvas\/\" \/>\n<meta property=\"og:locale\" content=\"pt_BR\" \/>\n<meta property=\"og:type\" content=\"article\" \/>\n<meta property=\"og:title\" content=\"Em tempo de Arrai\u00e1 na FISIOCL\u00cdNICA das PAREDES ALVAS... - R\u00e1dio Life FM\" \/>\n<meta property=\"og:description\" content=\"\u00a0\u201cValor tem que ser percebido, consciente, explicado, vis\u00edvel. Precisamos refor\u00e7ar os indicadores de resultados da assist\u00eancia fisioterap\u00eautica e mostrar o resultado alcan\u00e7ado. Isso deve ser consciente!&#8221; (Luciana Bilit\u00e1rio) \u00a0 Para ESTAGI\u00c1RIOS\/AS da FISIOCL\u00cdNICA, dedico! \u00a0 S\u00e9rgio Barbosa (*) O m\u00eas de JUNHO est\u00e1 na sua \u00faltima semana, por\u00e9m, ainda, existem muitas IDAS e VINDAS com [&hellip;]\" \/>\n<meta property=\"og:url\" content=\"https:\/\/radiolifefm.com.br\/noticias\/em-tempo-de-arraia-na-fisioclinica-das-paredes-alvas\/\" \/>\n<meta property=\"og:site_name\" content=\"R\u00e1dio Life FM\" \/>\n<meta property=\"article:publisher\" content=\"https:\/\/www.facebook.com\/radiolifefm\/\" \/>\n<meta property=\"article:published_time\" content=\"2023-07-07T11:26:09+00:00\" \/>\n<meta property=\"article:modified_time\" content=\"2026-04-08T15:56:27+00:00\" \/>\n<meta property=\"og:image\" content=\"https:\/\/radiolifefm.com.br\/noticias\/wp-content\/uploads\/2022\/04\/WhatsApp-Image-2022-04-10-at-18.43.02.jpeg\" \/>\n\t<meta property=\"og:image:width\" content=\"972\" \/>\n\t<meta property=\"og:image:height\" content=\"1296\" \/>\n\t<meta property=\"og:image:type\" content=\"image\/jpeg\" \/>\n<meta name=\"author\" content=\"ritanery\" \/>\n<meta name=\"twitter:card\" content=\"summary_large_image\" \/>\n<meta name=\"twitter:label1\" content=\"Escrito por\" \/>\n\t<meta name=\"twitter:data1\" content=\"ritanery\" \/>\n\t<meta name=\"twitter:label2\" content=\"Est. tempo de leitura\" \/>\n\t<meta name=\"twitter:data2\" content=\"3 minutos\" \/>\n<script type=\"application\/ld+json\" class=\"yoast-schema-graph\">{\"@context\":\"https:\/\/schema.org\",\"@graph\":[{\"@type\":\"Article\",\"@id\":\"https:\/\/radiolifefm.com.br\/noticias\/em-tempo-de-arraia-na-fisioclinica-das-paredes-alvas\/#article\",\"isPartOf\":{\"@id\":\"https:\/\/radiolifefm.com.br\/noticias\/em-tempo-de-arraia-na-fisioclinica-das-paredes-alvas\/\"},\"author\":{\"name\":\"ritanery\",\"@id\":\"https:\/\/radiolifefm.com.br\/noticias\/#\/schema\/person\/6339b9fac59d12b071dec680d7375d87\"},\"headline\":\"Em tempo de Arrai\u00e1 na FISIOCL\u00cdNICA das PAREDES ALVAS&#8230;\",\"datePublished\":\"2023-07-07T11:26:09+00:00\",\"dateModified\":\"2026-04-08T15:56:27+00:00\",\"mainEntityOfPage\":{\"@id\":\"https:\/\/radiolifefm.com.br\/noticias\/em-tempo-de-arraia-na-fisioclinica-das-paredes-alvas\/\"},\"wordCount\":505,\"publisher\":{\"@id\":\"https:\/\/radiolifefm.com.br\/noticias\/#organization\"},\"image\":{\"@id\":\"https:\/\/radiolifefm.com.br\/noticias\/em-tempo-de-arraia-na-fisioclinica-das-paredes-alvas\/#primaryimage\"},\"thumbnailUrl\":\"https:\/\/radiolifefm.com.br\/noticias\/wp-content\/uploads\/2022\/04\/WhatsApp-Image-2022-04-10-at-18.43.02.jpeg\",\"articleSection\":[\"Opini\u00e3o\"],\"inLanguage\":\"pt-BR\"},{\"@type\":\"WebPage\",\"@id\":\"https:\/\/radiolifefm.com.br\/noticias\/em-tempo-de-arraia-na-fisioclinica-das-paredes-alvas\/\",\"url\":\"https:\/\/radiolifefm.com.br\/noticias\/em-tempo-de-arraia-na-fisioclinica-das-paredes-alvas\/\",\"name\":\"Em tempo de Arrai\u00e1 na FISIOCL\u00cdNICA das PAREDES ALVAS... - R\u00e1dio Life FM\",\"isPartOf\":{\"@id\":\"https:\/\/radiolifefm.com.br\/noticias\/#website\"},\"primaryImageOfPage\":{\"@id\":\"https:\/\/radiolifefm.com.br\/noticias\/em-tempo-de-arraia-na-fisioclinica-das-paredes-alvas\/#primaryimage\"},\"image\":{\"@id\":\"https:\/\/radiolifefm.com.br\/noticias\/em-tempo-de-arraia-na-fisioclinica-das-paredes-alvas\/#primaryimage\"},\"thumbnailUrl\":\"https:\/\/radiolifefm.com.br\/noticias\/wp-content\/uploads\/2022\/04\/WhatsApp-Image-2022-04-10-at-18.43.02.jpeg\",\"datePublished\":\"2023-07-07T11:26:09+00:00\",\"dateModified\":\"2026-04-08T15:56:27+00:00\",\"breadcrumb\":{\"@id\":\"https:\/\/radiolifefm.com.br\/noticias\/em-tempo-de-arraia-na-fisioclinica-das-paredes-alvas\/#breadcrumb\"},\"inLanguage\":\"pt-BR\",\"potentialAction\":[{\"@type\":\"ReadAction\",\"target\":[\"https:\/\/radiolifefm.com.br\/noticias\/em-tempo-de-arraia-na-fisioclinica-das-paredes-alvas\/\"]}]},{\"@type\":\"ImageObject\",\"inLanguage\":\"pt-BR\",\"@id\":\"https:\/\/radiolifefm.com.br\/noticias\/em-tempo-de-arraia-na-fisioclinica-das-paredes-alvas\/#primaryimage\",\"url\":\"https:\/\/radiolifefm.com.br\/noticias\/wp-content\/uploads\/2022\/04\/WhatsApp-Image-2022-04-10-at-18.43.02.jpeg\",\"contentUrl\":\"https:\/\/radiolifefm.com.br\/noticias\/wp-content\/uploads\/2022\/04\/WhatsApp-Image-2022-04-10-at-18.43.02.jpeg\",\"width\":972,\"height\":1296,\"caption\":\"S\u00e9rgio Barbosa\"},{\"@type\":\"BreadcrumbList\",\"@id\":\"https:\/\/radiolifefm.com.br\/noticias\/em-tempo-de-arraia-na-fisioclinica-das-paredes-alvas\/#breadcrumb\",\"itemListElement\":[{\"@type\":\"ListItem\",\"position\":1,\"name\":\"In\u00edcio\",\"item\":\"https:\/\/radiolifefm.com.br\/noticias\/\"},{\"@type\":\"ListItem\",\"position\":2,\"name\":\"Em tempo de Arrai\u00e1 na FISIOCL\u00cdNICA das PAREDES ALVAS&#8230;\"}]},{\"@type\":\"WebSite\",\"@id\":\"https:\/\/radiolifefm.com.br\/noticias\/#website\",\"url\":\"https:\/\/radiolifefm.com.br\/noticias\/\",\"name\":\"R\u00e1dio Life FM\",\"description\":\"O Portal de Not\u00edcias de Adamantina\",\"publisher\":{\"@id\":\"https:\/\/radiolifefm.com.br\/noticias\/#organization\"},\"alternateName\":\"Life FM\",\"potentialAction\":[{\"@type\":\"SearchAction\",\"target\":{\"@type\":\"EntryPoint\",\"urlTemplate\":\"https:\/\/radiolifefm.com.br\/noticias\/?s={search_term_string}\"},\"query-input\":{\"@type\":\"PropertyValueSpecification\",\"valueRequired\":true,\"valueName\":\"search_term_string\"}}],\"inLanguage\":\"pt-BR\"},{\"@type\":\"Organization\",\"@id\":\"https:\/\/radiolifefm.com.br\/noticias\/#organization\",\"name\":\"R\u00e1dio Life FM\",\"alternateName\":\"Life FM\",\"url\":\"https:\/\/radiolifefm.com.br\/noticias\/\",\"logo\":{\"@type\":\"ImageObject\",\"inLanguage\":\"pt-BR\",\"@id\":\"https:\/\/radiolifefm.com.br\/noticias\/#\/schema\/logo\/image\/\",\"url\":\"https:\/\/static.radiolifefm.com.br\/noticias\/wp-content\/uploads\/2019\/10\/logo-lifefm.png\",\"contentUrl\":\"https:\/\/static.radiolifefm.com.br\/noticias\/wp-content\/uploads\/2019\/10\/logo-lifefm.png\",\"width\":196,\"height\":47,\"caption\":\"R\u00e1dio Life FM\"},\"image\":{\"@id\":\"https:\/\/radiolifefm.com.br\/noticias\/#\/schema\/logo\/image\/\"},\"sameAs\":[\"https:\/\/www.facebook.com\/radiolifefm\/\",\"https:\/\/www.instagram.com\/life1079fm\/\"]},{\"@type\":\"Person\",\"@id\":\"https:\/\/radiolifefm.com.br\/noticias\/#\/schema\/person\/6339b9fac59d12b071dec680d7375d87\",\"name\":\"ritanery\",\"image\":{\"@type\":\"ImageObject\",\"inLanguage\":\"pt-BR\",\"@id\":\"https:\/\/secure.gravatar.com\/avatar\/0e37bb19071f47c0b8a23f62a903df117c5a0e75f65a0c2901562f97cd41cf86?s=96&d=mm&r=g\",\"url\":\"https:\/\/secure.gravatar.com\/avatar\/0e37bb19071f47c0b8a23f62a903df117c5a0e75f65a0c2901562f97cd41cf86?s=96&d=mm&r=g\",\"contentUrl\":\"https:\/\/secure.gravatar.com\/avatar\/0e37bb19071f47c0b8a23f62a903df117c5a0e75f65a0c2901562f97cd41cf86?s=96&d=mm&r=g\",\"caption\":\"ritanery\"}}]}<\/script>\n<!-- \/ Yoast SEO plugin. -->","yoast_head_json":{"title":"Em tempo de Arrai\u00e1 na FISIOCL\u00cdNICA das PAREDES ALVAS... - R\u00e1dio Life FM","robots":{"index":"index","follow":"follow","max-snippet":"max-snippet:-1","max-image-preview":"max-image-preview:large","max-video-preview":"max-video-preview:-1"},"canonical":"https:\/\/radiolifefm.com.br\/noticias\/em-tempo-de-arraia-na-fisioclinica-das-paredes-alvas\/","og_locale":"pt_BR","og_type":"article","og_title":"Em tempo de Arrai\u00e1 na FISIOCL\u00cdNICA das PAREDES ALVAS... - R\u00e1dio Life FM","og_description":"\u00a0\u201cValor tem que ser percebido, consciente, explicado, vis\u00edvel. Precisamos refor\u00e7ar os indicadores de resultados da assist\u00eancia fisioterap\u00eautica e mostrar o resultado alcan\u00e7ado. Isso deve ser consciente!&#8221; (Luciana Bilit\u00e1rio) \u00a0 Para ESTAGI\u00c1RIOS\/AS da FISIOCL\u00cdNICA, dedico! \u00a0 S\u00e9rgio Barbosa (*) O m\u00eas de JUNHO est\u00e1 na sua \u00faltima semana, por\u00e9m, ainda, existem muitas IDAS e VINDAS com [&hellip;]","og_url":"https:\/\/radiolifefm.com.br\/noticias\/em-tempo-de-arraia-na-fisioclinica-das-paredes-alvas\/","og_site_name":"R\u00e1dio Life FM","article_publisher":"https:\/\/www.facebook.com\/radiolifefm\/","article_published_time":"2023-07-07T11:26:09+00:00","article_modified_time":"2026-04-08T15:56:27+00:00","og_image":[{"width":972,"height":1296,"url":"https:\/\/radiolifefm.com.br\/noticias\/wp-content\/uploads\/2022\/04\/WhatsApp-Image-2022-04-10-at-18.43.02.jpeg","type":"image\/jpeg"}],"author":"ritanery","twitter_card":"summary_large_image","twitter_misc":{"Escrito por":"ritanery","Est. tempo de leitura":"3 minutos"},"schema":{"@context":"https:\/\/schema.org","@graph":[{"@type":"Article","@id":"https:\/\/radiolifefm.com.br\/noticias\/em-tempo-de-arraia-na-fisioclinica-das-paredes-alvas\/#article","isPartOf":{"@id":"https:\/\/radiolifefm.com.br\/noticias\/em-tempo-de-arraia-na-fisioclinica-das-paredes-alvas\/"},"author":{"name":"ritanery","@id":"https:\/\/radiolifefm.com.br\/noticias\/#\/schema\/person\/6339b9fac59d12b071dec680d7375d87"},"headline":"Em tempo de Arrai\u00e1 na FISIOCL\u00cdNICA das PAREDES ALVAS&#8230;","datePublished":"2023-07-07T11:26:09+00:00","dateModified":"2026-04-08T15:56:27+00:00","mainEntityOfPage":{"@id":"https:\/\/radiolifefm.com.br\/noticias\/em-tempo-de-arraia-na-fisioclinica-das-paredes-alvas\/"},"wordCount":505,"publisher":{"@id":"https:\/\/radiolifefm.com.br\/noticias\/#organization"},"image":{"@id":"https:\/\/radiolifefm.com.br\/noticias\/em-tempo-de-arraia-na-fisioclinica-das-paredes-alvas\/#primaryimage"},"thumbnailUrl":"https:\/\/radiolifefm.com.br\/noticias\/wp-content\/uploads\/2022\/04\/WhatsApp-Image-2022-04-10-at-18.43.02.jpeg","articleSection":["Opini\u00e3o"],"inLanguage":"pt-BR"},{"@type":"WebPage","@id":"https:\/\/radiolifefm.com.br\/noticias\/em-tempo-de-arraia-na-fisioclinica-das-paredes-alvas\/","url":"https:\/\/radiolifefm.com.br\/noticias\/em-tempo-de-arraia-na-fisioclinica-das-paredes-alvas\/","name":"Em tempo de Arrai\u00e1 na FISIOCL\u00cdNICA das PAREDES ALVAS... - R\u00e1dio Life FM","isPartOf":{"@id":"https:\/\/radiolifefm.com.br\/noticias\/#website"},"primaryImageOfPage":{"@id":"https:\/\/radiolifefm.com.br\/noticias\/em-tempo-de-arraia-na-fisioclinica-das-paredes-alvas\/#primaryimage"},"image":{"@id":"https:\/\/radiolifefm.com.br\/noticias\/em-tempo-de-arraia-na-fisioclinica-das-paredes-alvas\/#primaryimage"},"thumbnailUrl":"https:\/\/radiolifefm.com.br\/noticias\/wp-content\/uploads\/2022\/04\/WhatsApp-Image-2022-04-10-at-18.43.02.jpeg","datePublished":"2023-07-07T11:26:09+00:00","dateModified":"2026-04-08T15:56:27+00:00","breadcrumb":{"@id":"https:\/\/radiolifefm.com.br\/noticias\/em-tempo-de-arraia-na-fisioclinica-das-paredes-alvas\/#breadcrumb"},"inLanguage":"pt-BR","potentialAction":[{"@type":"ReadAction","target":["https:\/\/radiolifefm.com.br\/noticias\/em-tempo-de-arraia-na-fisioclinica-das-paredes-alvas\/"]}]},{"@type":"ImageObject","inLanguage":"pt-BR","@id":"https:\/\/radiolifefm.com.br\/noticias\/em-tempo-de-arraia-na-fisioclinica-das-paredes-alvas\/#primaryimage","url":"https:\/\/radiolifefm.com.br\/noticias\/wp-content\/uploads\/2022\/04\/WhatsApp-Image-2022-04-10-at-18.43.02.jpeg","contentUrl":"https:\/\/radiolifefm.com.br\/noticias\/wp-content\/uploads\/2022\/04\/WhatsApp-Image-2022-04-10-at-18.43.02.jpeg","width":972,"height":1296,"caption":"S\u00e9rgio Barbosa"},{"@type":"BreadcrumbList","@id":"https:\/\/radiolifefm.com.br\/noticias\/em-tempo-de-arraia-na-fisioclinica-das-paredes-alvas\/#breadcrumb","itemListElement":[{"@type":"ListItem","position":1,"name":"In\u00edcio","item":"https:\/\/radiolifefm.com.br\/noticias\/"},{"@type":"ListItem","position":2,"name":"Em tempo de Arrai\u00e1 na FISIOCL\u00cdNICA das PAREDES ALVAS&#8230;"}]},{"@type":"WebSite","@id":"https:\/\/radiolifefm.com.br\/noticias\/#website","url":"https:\/\/radiolifefm.com.br\/noticias\/","name":"R\u00e1dio Life FM","description":"O Portal de Not\u00edcias de Adamantina","publisher":{"@id":"https:\/\/radiolifefm.com.br\/noticias\/#organization"},"alternateName":"Life FM","potentialAction":[{"@type":"SearchAction","target":{"@type":"EntryPoint","urlTemplate":"https:\/\/radiolifefm.com.br\/noticias\/?s={search_term_string}"},"query-input":{"@type":"PropertyValueSpecification","valueRequired":true,"valueName":"search_term_string"}}],"inLanguage":"pt-BR"},{"@type":"Organization","@id":"https:\/\/radiolifefm.com.br\/noticias\/#organization","name":"R\u00e1dio Life FM","alternateName":"Life FM","url":"https:\/\/radiolifefm.com.br\/noticias\/","logo":{"@type":"ImageObject","inLanguage":"pt-BR","@id":"https:\/\/radiolifefm.com.br\/noticias\/#\/schema\/logo\/image\/","url":"https:\/\/static.radiolifefm.com.br\/noticias\/wp-content\/uploads\/2019\/10\/logo-lifefm.png","contentUrl":"https:\/\/static.radiolifefm.com.br\/noticias\/wp-content\/uploads\/2019\/10\/logo-lifefm.png","width":196,"height":47,"caption":"R\u00e1dio Life FM"},"image":{"@id":"https:\/\/radiolifefm.com.br\/noticias\/#\/schema\/logo\/image\/"},"sameAs":["https:\/\/www.facebook.com\/radiolifefm\/","https:\/\/www.instagram.com\/life1079fm\/"]},{"@type":"Person","@id":"https:\/\/radiolifefm.com.br\/noticias\/#\/schema\/person\/6339b9fac59d12b071dec680d7375d87","name":"ritanery","image":{"@type":"ImageObject","inLanguage":"pt-BR","@id":"https:\/\/secure.gravatar.com\/avatar\/0e37bb19071f47c0b8a23f62a903df117c5a0e75f65a0c2901562f97cd41cf86?s=96&d=mm&r=g","url":"https:\/\/secure.gravatar.com\/avatar\/0e37bb19071f47c0b8a23f62a903df117c5a0e75f65a0c2901562f97cd41cf86?s=96&d=mm&r=g","contentUrl":"https:\/\/secure.gravatar.com\/avatar\/0e37bb19071f47c0b8a23f62a903df117c5a0e75f65a0c2901562f97cd41cf86?s=96&d=mm&r=g","caption":"ritanery"}}]}},"amp_enabled":true,"_links":{"self":[{"href":"https:\/\/radiolifefm.com.br\/noticias\/wp-json\/wp\/v2\/posts\/73484","targetHints":{"allow":["GET"]}}],"collection":[{"href":"https:\/\/radiolifefm.com.br\/noticias\/wp-json\/wp\/v2\/posts"}],"about":[{"href":"https:\/\/radiolifefm.com.br\/noticias\/wp-json\/wp\/v2\/types\/post"}],"author":[{"embeddable":true,"href":"https:\/\/radiolifefm.com.br\/noticias\/wp-json\/wp\/v2\/users\/13"}],"replies":[{"embeddable":true,"href":"https:\/\/radiolifefm.com.br\/noticias\/wp-json\/wp\/v2\/comments?post=73484"}],"version-history":[{"count":1,"href":"https:\/\/radiolifefm.com.br\/noticias\/wp-json\/wp\/v2\/posts\/73484\/revisions"}],"predecessor-version":[{"id":73485,"href":"https:\/\/radiolifefm.com.br\/noticias\/wp-json\/wp\/v2\/posts\/73484\/revisions\/73485"}],"wp:featuredmedia":[{"embeddable":true,"href":"https:\/\/radiolifefm.com.br\/noticias\/wp-json\/wp\/v2\/media\/51988"}],"wp:attachment":[{"href":"https:\/\/radiolifefm.com.br\/noticias\/wp-json\/wp\/v2\/media?parent=73484"}],"wp:term":[{"taxonomy":"category","embeddable":true,"href":"https:\/\/radiolifefm.com.br\/noticias\/wp-json\/wp\/v2\/categories?post=73484"},{"taxonomy":"post_tag","embeddable":true,"href":"https:\/\/radiolifefm.com.br\/noticias\/wp-json\/wp\/v2\/tags?post=73484"}],"curies":[{"name":"wp","href":"https:\/\/api.w.org\/{rel}","templated":true}]}}