{"id":73393,"date":"2023-07-05T08:38:38","date_gmt":"2023-07-05T11:38:38","guid":{"rendered":"https:\/\/radiolifefm.com.br\/noticias\/?p=73393"},"modified":"2026-04-03T02:05:31","modified_gmt":"2026-04-03T05:05:31","slug":"eu-nao-sabia-que-era-tao-longe","status":"publish","type":"post","link":"https:\/\/radiolifefm.com.br\/noticias\/eu-nao-sabia-que-era-tao-longe\/","title":{"rendered":"\u201cEu n\u00e3o sabia que era t\u00e3o longe!\u201d (*)"},"content":{"rendered":"<div id=\"fb-root\"><\/div>\n<p>&nbsp;<\/p>\n<p><strong><em>\u00a0\u201cO conhecimento \u00e9 uma aventura em aberto. O que significa que aquilo que saberemos amanh\u00e3 \u00e9 algo que desconhecemos hoje; e esse algo pode mudar as verdades de ontem.\u201d (<\/em><\/strong><a href=\"https:\/\/www.pensador.com\/autor\/karl_popper\/\"><strong><em>Karl Popper<\/em><\/strong><\/a><strong><em>)<\/em><\/strong><\/p>\n<p>&nbsp;<\/p>\n<p><strong><em>Ao escritor, OSNI FERRARI, dedico!<\/em><\/strong><\/p>\n<p><strong>S\u00e9rgio Barbosa (**)<\/strong><\/p>\n<p>Confesso que depois de ler este livro, ou seja, EU N\u00c3O SABIA QUE ERA T\u00c3O LONGE do escritor OSNI FERRARI, 2\u00aa. Edi\u00e7\u00e3o e editado pelo MUSEU M\u00c1RIO FAVA de Bariri, SP, ainda, uma INDICA\u00c7\u00c3O do amigo de sempre, LONDRINA e retirado da sua BIBLIOTECA PARTICULAR&#8230;<\/p>\n<p>Ent\u00e3o LEITORES\/AS, posso atestar que os RELATOS que o livro trazem para este TEMPO NOVO TEMPO, tendo em vista que tais fatos ocorreram entre os anos de 1.928 e 1.938, portanto, foram uma D\u00c9CADA de idas e vindas pelo cen\u00e1rio das TR\u00caS AM\u00c9RICAS em busca da realiza\u00e7\u00e3o de um SONHO por meio das muitas AVENTURAS dignas de serem denominadas de EPOPEIAS e ponto quase final&#8230;<\/p>\n<p>Uma realiza\u00e7\u00e3o que coloca tais fatos em n\u00edvel de IGUALDADE com outros DESBRAVADORES do MUNDO, n\u00e3o pretendo citar nomes neste caso em especial, por\u00e9m, espero que este TEXTO possa servir de apoio para que outros\/as CURIOSOS\/AS entrem neste contexto registrado no LIVRO para muitas aproxima\u00e7\u00f5es e REVER\u00caNCIAS aos PIONEIROS daquele outro TEMPO DO TEMPO&#8230;<\/p>\n<p>Foram 3 NOMES que deveriam constar nos ANAIS HIST\u00d3RICOS da MEM\u00d3RIA deste Pa\u00eds quando se trata de NOVAS CONQUISTAS em nome de IDEAIS que visam a PROMO\u00c7\u00c3O da UNIDADE PAN-AMERICANA&#8230;<\/p>\n<p>N\u00e3o se trata de entrar no M\u00c9RITO IDEOL\u00d3GICO em nome desta ou daquele REGIME ou BANDEIRA, todavia, os nomes do BRASIL e de S\u00c3O PAULO, estiveram neste contexto por uma d\u00e9cada de VIAGENS destes HOMENS que se colocaram acima de TUDO e de TODOS\/AS em busca de um ideal coletivo&#8230;<\/p>\n<p>Como diz a frase, a saber: A C\u00c9SAR O QUE DE C\u00c9SAR, ainda, A QUEM HONRA, HONRA!, registra-se neste artigo os nomes de LE\u00d4NIDAS BORGES DE OLIVEIRA (1903-1965\/Tenente do Ex\u00e9rcito e Comandante da Expedi\u00e7\u00e3o); FRANCISCO LOPES DA CRUZ (1903-1966\/Engenheiro e Observador) e M\u00c1RIO FAVA (1907-2000\/Mec\u00e2nico)&#8230;<\/p>\n<p>No caso especifico do M\u00c1RIO, deve-se considerar que o mesmo foi muito mais do que um T\u00c9CNICO nesta EXPEDI\u00c7\u00c3O, pois, esteve sempre atendo aos movimentos desta EPOPEIA como TESTEMUNHA OCULAR dos fatos que ocorreram com os outros dois companheiros de viagem&#8230;<\/p>\n<p>At\u00e9 onde estou recordando aqui com outros FATOS registrados pela HIST\u00d3RIA do BRASIL, ainda, deste per\u00edodo que est\u00e1 nas p\u00e1ginas do LIVRO em pauta, pode-se considerar que tais PIONEIROS n\u00e3o fazem parte destas PESQUISAS, bem como, de MONOGRAFIAS, DISSERTA\u00c7\u00d5ES e TESES na \u00e1rea ACAD\u00caMICA&#8230;<\/p>\n<p>Pode ser que exista alguma PESQUISA PERDIDA deste ou do outro lado sobre a EPOPEIA PAN AMERICANA que ocorreu entre os anos de 1.928 e 1.938, haja vista que tudo \u00e9 poss\u00edvel em meio aos desencontros com a MEM\u00d3RIA HIST\u00d3RICA em terras BRASILIS&#8230;<\/p>\n<p>Pra tentar finalizar o que n\u00e3o tem como FECHAR, deve-se destacar que tal EPOPEIA foi realizada com DOIS ve\u00edculos da marca FORD, ou seja, o \u201cBRASIL\u201d, Modelo \u201cT\u201d-1918 e o S\u00c3O PAULO, Modelo \u201cT\u201d-1.925, desta forma, apenas tais registros demonstram que naquele outro TEMPO DO TEMPO, os TR\u00caS PIONEIROS, estavam muito al\u00e9m os LIMITES em todas as \u00e1reas, ainda, em n\u00edvel MUNDIAL&#8230;<\/p>\n<p>Ah! Recomendo o LIVRO com todas as p\u00e1ginas dignas de um REGISTRO HIST\u00d3RICO como se fosse muitas ATAS, al\u00e9m das dezenas de FOTOS que comprovam os ENCONTROS promovidos e realizados neste per\u00edodo de quem marcou presen\u00e7a de um jeito outro&#8230;<\/p>\n<p>No cap\u00edtulo XVIII, \u201cNicar\u00e1gua- Sandino e momento Hist\u00f3rico (p\u00e1ginas 158-167), est\u00e1 registrado diversos fatos hist\u00f3ricos que LE\u00d4NIDAS, LOPES DA CRUZ e M\u00c1RIO, presenciaram como TESTEMUNHAS OCULARES das ARMADILHAS promovidas com a marca registrada dos EUA&#8230;<\/p>\n<p>AVE TENENTE LE\u00d4NIDAS BORGES DE OLIVEIRA!<\/p>\n<p>AVE ENGENHEIRO FRANCISCO LOPES DA CRUZ!<\/p>\n<p>AVE MEC\u00c2NICO M\u00c1RIOI FAVA!<\/p>\n<p><strong><em>____________________________________<\/em><\/strong><\/p>\n<p><strong><em>(*) T\u00edtulo do livro e frase de autoria de M\u00e1rio Fava (Mec\u00e2nico).<\/em><\/strong><\/p>\n<p><strong><em>(**) jornalista diplomado e pesquisador da C\u00e1tedra UNESCO\/UMESP de Comunica\u00e7\u00e3o para o Desenvolvimento Regional.<\/em><\/strong><\/p>\n<p><strong><em>e-mail: <\/em><\/strong><a href=\"mailto:barbosa.sebar@gmail.com\"><strong><em>barbosa.sebar@gmail.com<\/em><\/strong><\/a><\/p>\n<p>&nbsp;<\/p>\n<p>&nbsp;<\/p>\n","protected":false},"excerpt":{"rendered":"<p>&nbsp; \u00a0\u201cO conhecimento \u00e9 uma aventura em aberto. O que significa que aquilo que saberemos amanh\u00e3 \u00e9 algo que desconhecemos hoje; e esse algo pode mudar as verdades de ontem.\u201d (Karl Popper) &nbsp; Ao escritor, OSNI FERRARI, dedico! S\u00e9rgio Barbosa (**) Confesso que depois de ler este livro, ou seja, EU N\u00c3O SABIA QUE ERA [&hellip;]<\/p>\n","protected":false},"author":13,"featured_media":51988,"comment_status":"closed","ping_status":"open","sticky":false,"template":"","format":"standard","meta":{"_acf_changed":false,"_exactmetrics_skip_tracking":false,"_exactmetrics_sitenote_active":false,"_exactmetrics_sitenote_note":"","_exactmetrics_sitenote_category":0,"footnotes":""},"categories":[59],"tags":[],"class_list":["post-73393","post","type-post","status-publish","format-standard","has-post-thumbnail","hentry","category-opiniao"],"acf":[],"yoast_head":"<!-- This site is optimized with the Yoast SEO plugin v27.2 - https:\/\/yoast.com\/product\/yoast-seo-wordpress\/ -->\n<title>\u201cEu n\u00e3o sabia que era t\u00e3o longe!\u201d (*) - R\u00e1dio Life FM<\/title>\n<meta name=\"robots\" content=\"index, follow, max-snippet:-1, max-image-preview:large, max-video-preview:-1\" \/>\n<link rel=\"canonical\" href=\"https:\/\/radiolifefm.com.br\/noticias\/eu-nao-sabia-que-era-tao-longe\/\" \/>\n<meta property=\"og:locale\" content=\"pt_BR\" \/>\n<meta property=\"og:type\" content=\"article\" \/>\n<meta property=\"og:title\" content=\"\u201cEu n\u00e3o sabia que era t\u00e3o longe!\u201d (*) - R\u00e1dio Life FM\" \/>\n<meta property=\"og:description\" content=\"&nbsp; \u00a0\u201cO conhecimento \u00e9 uma aventura em aberto. O que significa que aquilo que saberemos amanh\u00e3 \u00e9 algo que desconhecemos hoje; e esse algo pode mudar as verdades de ontem.\u201d (Karl Popper) &nbsp; Ao escritor, OSNI FERRARI, dedico! S\u00e9rgio Barbosa (**) Confesso que depois de ler este livro, ou seja, EU N\u00c3O SABIA QUE ERA [&hellip;]\" \/>\n<meta property=\"og:url\" content=\"https:\/\/radiolifefm.com.br\/noticias\/eu-nao-sabia-que-era-tao-longe\/\" \/>\n<meta property=\"og:site_name\" content=\"R\u00e1dio Life FM\" \/>\n<meta property=\"article:publisher\" content=\"https:\/\/www.facebook.com\/radiolifefm\/\" \/>\n<meta property=\"article:published_time\" content=\"2023-07-05T11:38:38+00:00\" \/>\n<meta property=\"article:modified_time\" content=\"2026-04-03T05:05:31+00:00\" \/>\n<meta property=\"og:image\" content=\"https:\/\/radiolifefm.com.br\/noticias\/wp-content\/uploads\/2022\/04\/WhatsApp-Image-2022-04-10-at-18.43.02.jpeg\" \/>\n\t<meta property=\"og:image:width\" content=\"972\" \/>\n\t<meta property=\"og:image:height\" content=\"1296\" \/>\n\t<meta property=\"og:image:type\" content=\"image\/jpeg\" \/>\n<meta name=\"author\" content=\"ritanery\" \/>\n<meta name=\"twitter:card\" content=\"summary_large_image\" \/>\n<meta name=\"twitter:label1\" content=\"Escrito por\" \/>\n\t<meta name=\"twitter:data1\" content=\"ritanery\" \/>\n\t<meta name=\"twitter:label2\" content=\"Est. tempo de leitura\" \/>\n\t<meta name=\"twitter:data2\" content=\"4 minutos\" \/>\n<script type=\"application\/ld+json\" class=\"yoast-schema-graph\">{\"@context\":\"https:\/\/schema.org\",\"@graph\":[{\"@type\":\"Article\",\"@id\":\"https:\/\/radiolifefm.com.br\/noticias\/eu-nao-sabia-que-era-tao-longe\/#article\",\"isPartOf\":{\"@id\":\"https:\/\/radiolifefm.com.br\/noticias\/eu-nao-sabia-que-era-tao-longe\/\"},\"author\":{\"name\":\"ritanery\",\"@id\":\"https:\/\/radiolifefm.com.br\/noticias\/#\/schema\/person\/6339b9fac59d12b071dec680d7375d87\"},\"headline\":\"\u201cEu n\u00e3o sabia que era t\u00e3o longe!\u201d (*)\",\"datePublished\":\"2023-07-05T11:38:38+00:00\",\"dateModified\":\"2026-04-03T05:05:31+00:00\",\"mainEntityOfPage\":{\"@id\":\"https:\/\/radiolifefm.com.br\/noticias\/eu-nao-sabia-que-era-tao-longe\/\"},\"wordCount\":723,\"publisher\":{\"@id\":\"https:\/\/radiolifefm.com.br\/noticias\/#organization\"},\"image\":{\"@id\":\"https:\/\/radiolifefm.com.br\/noticias\/eu-nao-sabia-que-era-tao-longe\/#primaryimage\"},\"thumbnailUrl\":\"https:\/\/radiolifefm.com.br\/noticias\/wp-content\/uploads\/2022\/04\/WhatsApp-Image-2022-04-10-at-18.43.02.jpeg\",\"articleSection\":[\"Opini\u00e3o\"],\"inLanguage\":\"pt-BR\"},{\"@type\":\"WebPage\",\"@id\":\"https:\/\/radiolifefm.com.br\/noticias\/eu-nao-sabia-que-era-tao-longe\/\",\"url\":\"https:\/\/radiolifefm.com.br\/noticias\/eu-nao-sabia-que-era-tao-longe\/\",\"name\":\"\u201cEu n\u00e3o sabia que era t\u00e3o longe!\u201d (*) - R\u00e1dio Life FM\",\"isPartOf\":{\"@id\":\"https:\/\/radiolifefm.com.br\/noticias\/#website\"},\"primaryImageOfPage\":{\"@id\":\"https:\/\/radiolifefm.com.br\/noticias\/eu-nao-sabia-que-era-tao-longe\/#primaryimage\"},\"image\":{\"@id\":\"https:\/\/radiolifefm.com.br\/noticias\/eu-nao-sabia-que-era-tao-longe\/#primaryimage\"},\"thumbnailUrl\":\"https:\/\/radiolifefm.com.br\/noticias\/wp-content\/uploads\/2022\/04\/WhatsApp-Image-2022-04-10-at-18.43.02.jpeg\",\"datePublished\":\"2023-07-05T11:38:38+00:00\",\"dateModified\":\"2026-04-03T05:05:31+00:00\",\"breadcrumb\":{\"@id\":\"https:\/\/radiolifefm.com.br\/noticias\/eu-nao-sabia-que-era-tao-longe\/#breadcrumb\"},\"inLanguage\":\"pt-BR\",\"potentialAction\":[{\"@type\":\"ReadAction\",\"target\":[\"https:\/\/radiolifefm.com.br\/noticias\/eu-nao-sabia-que-era-tao-longe\/\"]}]},{\"@type\":\"ImageObject\",\"inLanguage\":\"pt-BR\",\"@id\":\"https:\/\/radiolifefm.com.br\/noticias\/eu-nao-sabia-que-era-tao-longe\/#primaryimage\",\"url\":\"https:\/\/radiolifefm.com.br\/noticias\/wp-content\/uploads\/2022\/04\/WhatsApp-Image-2022-04-10-at-18.43.02.jpeg\",\"contentUrl\":\"https:\/\/radiolifefm.com.br\/noticias\/wp-content\/uploads\/2022\/04\/WhatsApp-Image-2022-04-10-at-18.43.02.jpeg\",\"width\":972,\"height\":1296,\"caption\":\"S\u00e9rgio Barbosa\"},{\"@type\":\"BreadcrumbList\",\"@id\":\"https:\/\/radiolifefm.com.br\/noticias\/eu-nao-sabia-que-era-tao-longe\/#breadcrumb\",\"itemListElement\":[{\"@type\":\"ListItem\",\"position\":1,\"name\":\"In\u00edcio\",\"item\":\"https:\/\/radiolifefm.com.br\/noticias\/\"},{\"@type\":\"ListItem\",\"position\":2,\"name\":\"\u201cEu n\u00e3o sabia que era t\u00e3o longe!\u201d (*)\"}]},{\"@type\":\"WebSite\",\"@id\":\"https:\/\/radiolifefm.com.br\/noticias\/#website\",\"url\":\"https:\/\/radiolifefm.com.br\/noticias\/\",\"name\":\"R\u00e1dio Life FM\",\"description\":\"O Portal de Not\u00edcias de Adamantina\",\"publisher\":{\"@id\":\"https:\/\/radiolifefm.com.br\/noticias\/#organization\"},\"alternateName\":\"Life FM\",\"potentialAction\":[{\"@type\":\"SearchAction\",\"target\":{\"@type\":\"EntryPoint\",\"urlTemplate\":\"https:\/\/radiolifefm.com.br\/noticias\/?s={search_term_string}\"},\"query-input\":{\"@type\":\"PropertyValueSpecification\",\"valueRequired\":true,\"valueName\":\"search_term_string\"}}],\"inLanguage\":\"pt-BR\"},{\"@type\":\"Organization\",\"@id\":\"https:\/\/radiolifefm.com.br\/noticias\/#organization\",\"name\":\"R\u00e1dio Life FM\",\"alternateName\":\"Life FM\",\"url\":\"https:\/\/radiolifefm.com.br\/noticias\/\",\"logo\":{\"@type\":\"ImageObject\",\"inLanguage\":\"pt-BR\",\"@id\":\"https:\/\/radiolifefm.com.br\/noticias\/#\/schema\/logo\/image\/\",\"url\":\"https:\/\/static.radiolifefm.com.br\/noticias\/wp-content\/uploads\/2019\/10\/logo-lifefm.png\",\"contentUrl\":\"https:\/\/static.radiolifefm.com.br\/noticias\/wp-content\/uploads\/2019\/10\/logo-lifefm.png\",\"width\":196,\"height\":47,\"caption\":\"R\u00e1dio Life FM\"},\"image\":{\"@id\":\"https:\/\/radiolifefm.com.br\/noticias\/#\/schema\/logo\/image\/\"},\"sameAs\":[\"https:\/\/www.facebook.com\/radiolifefm\/\",\"https:\/\/www.instagram.com\/life1079fm\/\"]},{\"@type\":\"Person\",\"@id\":\"https:\/\/radiolifefm.com.br\/noticias\/#\/schema\/person\/6339b9fac59d12b071dec680d7375d87\",\"name\":\"ritanery\",\"image\":{\"@type\":\"ImageObject\",\"inLanguage\":\"pt-BR\",\"@id\":\"https:\/\/secure.gravatar.com\/avatar\/0e37bb19071f47c0b8a23f62a903df117c5a0e75f65a0c2901562f97cd41cf86?s=96&d=mm&r=g\",\"url\":\"https:\/\/secure.gravatar.com\/avatar\/0e37bb19071f47c0b8a23f62a903df117c5a0e75f65a0c2901562f97cd41cf86?s=96&d=mm&r=g\",\"contentUrl\":\"https:\/\/secure.gravatar.com\/avatar\/0e37bb19071f47c0b8a23f62a903df117c5a0e75f65a0c2901562f97cd41cf86?s=96&d=mm&r=g\",\"caption\":\"ritanery\"}}]}<\/script>\n<!-- \/ Yoast SEO plugin. -->","yoast_head_json":{"title":"\u201cEu n\u00e3o sabia que era t\u00e3o longe!\u201d (*) - R\u00e1dio Life FM","robots":{"index":"index","follow":"follow","max-snippet":"max-snippet:-1","max-image-preview":"max-image-preview:large","max-video-preview":"max-video-preview:-1"},"canonical":"https:\/\/radiolifefm.com.br\/noticias\/eu-nao-sabia-que-era-tao-longe\/","og_locale":"pt_BR","og_type":"article","og_title":"\u201cEu n\u00e3o sabia que era t\u00e3o longe!\u201d (*) - R\u00e1dio Life FM","og_description":"&nbsp; \u00a0\u201cO conhecimento \u00e9 uma aventura em aberto. O que significa que aquilo que saberemos amanh\u00e3 \u00e9 algo que desconhecemos hoje; e esse algo pode mudar as verdades de ontem.\u201d (Karl Popper) &nbsp; Ao escritor, OSNI FERRARI, dedico! S\u00e9rgio Barbosa (**) Confesso que depois de ler este livro, ou seja, EU N\u00c3O SABIA QUE ERA [&hellip;]","og_url":"https:\/\/radiolifefm.com.br\/noticias\/eu-nao-sabia-que-era-tao-longe\/","og_site_name":"R\u00e1dio Life FM","article_publisher":"https:\/\/www.facebook.com\/radiolifefm\/","article_published_time":"2023-07-05T11:38:38+00:00","article_modified_time":"2026-04-03T05:05:31+00:00","og_image":[{"width":972,"height":1296,"url":"https:\/\/radiolifefm.com.br\/noticias\/wp-content\/uploads\/2022\/04\/WhatsApp-Image-2022-04-10-at-18.43.02.jpeg","type":"image\/jpeg"}],"author":"ritanery","twitter_card":"summary_large_image","twitter_misc":{"Escrito por":"ritanery","Est. tempo de leitura":"4 minutos"},"schema":{"@context":"https:\/\/schema.org","@graph":[{"@type":"Article","@id":"https:\/\/radiolifefm.com.br\/noticias\/eu-nao-sabia-que-era-tao-longe\/#article","isPartOf":{"@id":"https:\/\/radiolifefm.com.br\/noticias\/eu-nao-sabia-que-era-tao-longe\/"},"author":{"name":"ritanery","@id":"https:\/\/radiolifefm.com.br\/noticias\/#\/schema\/person\/6339b9fac59d12b071dec680d7375d87"},"headline":"\u201cEu n\u00e3o sabia que era t\u00e3o longe!\u201d (*)","datePublished":"2023-07-05T11:38:38+00:00","dateModified":"2026-04-03T05:05:31+00:00","mainEntityOfPage":{"@id":"https:\/\/radiolifefm.com.br\/noticias\/eu-nao-sabia-que-era-tao-longe\/"},"wordCount":723,"publisher":{"@id":"https:\/\/radiolifefm.com.br\/noticias\/#organization"},"image":{"@id":"https:\/\/radiolifefm.com.br\/noticias\/eu-nao-sabia-que-era-tao-longe\/#primaryimage"},"thumbnailUrl":"https:\/\/radiolifefm.com.br\/noticias\/wp-content\/uploads\/2022\/04\/WhatsApp-Image-2022-04-10-at-18.43.02.jpeg","articleSection":["Opini\u00e3o"],"inLanguage":"pt-BR"},{"@type":"WebPage","@id":"https:\/\/radiolifefm.com.br\/noticias\/eu-nao-sabia-que-era-tao-longe\/","url":"https:\/\/radiolifefm.com.br\/noticias\/eu-nao-sabia-que-era-tao-longe\/","name":"\u201cEu n\u00e3o sabia que era t\u00e3o longe!\u201d (*) - R\u00e1dio Life FM","isPartOf":{"@id":"https:\/\/radiolifefm.com.br\/noticias\/#website"},"primaryImageOfPage":{"@id":"https:\/\/radiolifefm.com.br\/noticias\/eu-nao-sabia-que-era-tao-longe\/#primaryimage"},"image":{"@id":"https:\/\/radiolifefm.com.br\/noticias\/eu-nao-sabia-que-era-tao-longe\/#primaryimage"},"thumbnailUrl":"https:\/\/radiolifefm.com.br\/noticias\/wp-content\/uploads\/2022\/04\/WhatsApp-Image-2022-04-10-at-18.43.02.jpeg","datePublished":"2023-07-05T11:38:38+00:00","dateModified":"2026-04-03T05:05:31+00:00","breadcrumb":{"@id":"https:\/\/radiolifefm.com.br\/noticias\/eu-nao-sabia-que-era-tao-longe\/#breadcrumb"},"inLanguage":"pt-BR","potentialAction":[{"@type":"ReadAction","target":["https:\/\/radiolifefm.com.br\/noticias\/eu-nao-sabia-que-era-tao-longe\/"]}]},{"@type":"ImageObject","inLanguage":"pt-BR","@id":"https:\/\/radiolifefm.com.br\/noticias\/eu-nao-sabia-que-era-tao-longe\/#primaryimage","url":"https:\/\/radiolifefm.com.br\/noticias\/wp-content\/uploads\/2022\/04\/WhatsApp-Image-2022-04-10-at-18.43.02.jpeg","contentUrl":"https:\/\/radiolifefm.com.br\/noticias\/wp-content\/uploads\/2022\/04\/WhatsApp-Image-2022-04-10-at-18.43.02.jpeg","width":972,"height":1296,"caption":"S\u00e9rgio Barbosa"},{"@type":"BreadcrumbList","@id":"https:\/\/radiolifefm.com.br\/noticias\/eu-nao-sabia-que-era-tao-longe\/#breadcrumb","itemListElement":[{"@type":"ListItem","position":1,"name":"In\u00edcio","item":"https:\/\/radiolifefm.com.br\/noticias\/"},{"@type":"ListItem","position":2,"name":"\u201cEu n\u00e3o sabia que era t\u00e3o longe!\u201d (*)"}]},{"@type":"WebSite","@id":"https:\/\/radiolifefm.com.br\/noticias\/#website","url":"https:\/\/radiolifefm.com.br\/noticias\/","name":"R\u00e1dio Life FM","description":"O Portal de Not\u00edcias de Adamantina","publisher":{"@id":"https:\/\/radiolifefm.com.br\/noticias\/#organization"},"alternateName":"Life FM","potentialAction":[{"@type":"SearchAction","target":{"@type":"EntryPoint","urlTemplate":"https:\/\/radiolifefm.com.br\/noticias\/?s={search_term_string}"},"query-input":{"@type":"PropertyValueSpecification","valueRequired":true,"valueName":"search_term_string"}}],"inLanguage":"pt-BR"},{"@type":"Organization","@id":"https:\/\/radiolifefm.com.br\/noticias\/#organization","name":"R\u00e1dio Life FM","alternateName":"Life FM","url":"https:\/\/radiolifefm.com.br\/noticias\/","logo":{"@type":"ImageObject","inLanguage":"pt-BR","@id":"https:\/\/radiolifefm.com.br\/noticias\/#\/schema\/logo\/image\/","url":"https:\/\/static.radiolifefm.com.br\/noticias\/wp-content\/uploads\/2019\/10\/logo-lifefm.png","contentUrl":"https:\/\/static.radiolifefm.com.br\/noticias\/wp-content\/uploads\/2019\/10\/logo-lifefm.png","width":196,"height":47,"caption":"R\u00e1dio Life FM"},"image":{"@id":"https:\/\/radiolifefm.com.br\/noticias\/#\/schema\/logo\/image\/"},"sameAs":["https:\/\/www.facebook.com\/radiolifefm\/","https:\/\/www.instagram.com\/life1079fm\/"]},{"@type":"Person","@id":"https:\/\/radiolifefm.com.br\/noticias\/#\/schema\/person\/6339b9fac59d12b071dec680d7375d87","name":"ritanery","image":{"@type":"ImageObject","inLanguage":"pt-BR","@id":"https:\/\/secure.gravatar.com\/avatar\/0e37bb19071f47c0b8a23f62a903df117c5a0e75f65a0c2901562f97cd41cf86?s=96&d=mm&r=g","url":"https:\/\/secure.gravatar.com\/avatar\/0e37bb19071f47c0b8a23f62a903df117c5a0e75f65a0c2901562f97cd41cf86?s=96&d=mm&r=g","contentUrl":"https:\/\/secure.gravatar.com\/avatar\/0e37bb19071f47c0b8a23f62a903df117c5a0e75f65a0c2901562f97cd41cf86?s=96&d=mm&r=g","caption":"ritanery"}}]}},"amp_enabled":true,"_links":{"self":[{"href":"https:\/\/radiolifefm.com.br\/noticias\/wp-json\/wp\/v2\/posts\/73393","targetHints":{"allow":["GET"]}}],"collection":[{"href":"https:\/\/radiolifefm.com.br\/noticias\/wp-json\/wp\/v2\/posts"}],"about":[{"href":"https:\/\/radiolifefm.com.br\/noticias\/wp-json\/wp\/v2\/types\/post"}],"author":[{"embeddable":true,"href":"https:\/\/radiolifefm.com.br\/noticias\/wp-json\/wp\/v2\/users\/13"}],"replies":[{"embeddable":true,"href":"https:\/\/radiolifefm.com.br\/noticias\/wp-json\/wp\/v2\/comments?post=73393"}],"version-history":[{"count":1,"href":"https:\/\/radiolifefm.com.br\/noticias\/wp-json\/wp\/v2\/posts\/73393\/revisions"}],"predecessor-version":[{"id":73394,"href":"https:\/\/radiolifefm.com.br\/noticias\/wp-json\/wp\/v2\/posts\/73393\/revisions\/73394"}],"wp:featuredmedia":[{"embeddable":true,"href":"https:\/\/radiolifefm.com.br\/noticias\/wp-json\/wp\/v2\/media\/51988"}],"wp:attachment":[{"href":"https:\/\/radiolifefm.com.br\/noticias\/wp-json\/wp\/v2\/media?parent=73393"}],"wp:term":[{"taxonomy":"category","embeddable":true,"href":"https:\/\/radiolifefm.com.br\/noticias\/wp-json\/wp\/v2\/categories?post=73393"},{"taxonomy":"post_tag","embeddable":true,"href":"https:\/\/radiolifefm.com.br\/noticias\/wp-json\/wp\/v2\/tags?post=73393"}],"curies":[{"name":"wp","href":"https:\/\/api.w.org\/{rel}","templated":true}]}}