{"id":72999,"date":"2023-06-28T08:11:03","date_gmt":"2023-06-28T11:11:03","guid":{"rendered":"https:\/\/radiolifefm.com.br\/noticias\/?p=72999"},"modified":"2026-03-04T20:38:30","modified_gmt":"2026-03-04T23:38:30","slug":"recordacoes-ferroviarias-de-ourinhos-sp","status":"publish","type":"post","link":"https:\/\/radiolifefm.com.br\/noticias\/recordacoes-ferroviarias-de-ourinhos-sp\/","title":{"rendered":"Recorda\u00e7\u00f5es Ferrovi\u00e1rias de Ourinhos-SP&#8230;"},"content":{"rendered":"<div id=\"fb-root\"><\/div>\n<p><em>&#8220;A juventude \u00e9 o tempo de alcan\u00e7ar a sabedoria, assim como a velhice \u00e9 o tempo de pratic\u00e1-la&#8221; (Rousseau)<\/em><\/p>\n<p><strong><em>Aos Ferrovi\u00e1rios de Ourinhos, dedico!<\/em><\/strong><\/p>\n<p><strong>S\u00e9rgio Barbosa (*)<\/strong><\/p>\n<p>De acordo com o Livro da Sabedoria, &#8220;tudo \u00e9 vaidade&#8221;, por\u00e9m, recordar o passado pode trazer muitos desencontros com o tempo deste mesmo tempo para um outro tempo do tempo neste tempo&#8230;<\/p>\n<p>Assim, quando era apenas um menino na minha cidade natal, Ourinhos, pode-se afirmar que &#8220;era feliz e n\u00e3o sabia&#8230;&#8221;, mesmo assim, as recorda\u00e7\u00f5es daquele tempo traz o passado para o presente, talvez, como disse o analista, &#8220;sintoma da idade&#8221;&#8230;<\/p>\n<p>Mas, o pensado do outro tempo afirmou: &#8220;penso, logo existo&#8221;, desta forma em meio a desinforma\u00e7\u00e3o quanto ao futuro pr\u00f3ximo, pode-se buscar no passado aquilo que se perdeu no presente sem futuro&#8230;<\/p>\n<p>Por exemplo, quando fico\u00a0 acompanhando na m\u00eddia em geral com ru\u00eddos espec\u00edficos deste e do outro lado sobre &#8220;a volta da ferrovia&#8221; nestes lados perdidos do interior do interior do interior paulista&#8230;<\/p>\n<p>Meu saudoso Pai, &#8220;Basti\u00e3o Barbosa&#8221;, era ferrovi\u00e1rio, se n\u00e3o me engano, foram quase 31 anos trabalhando, primeiro na RVPSC-Rede de Via\u00e7\u00e3o Paran\u00e1 &#8211; Santa Catarina, depois, RFFSA-Rede ferrovi\u00e1ria Federal S\/A em Ourinhos&#8230;<\/p>\n<p>Meu Av\u00f3, &#8220;Antonio Francisco Barbosa&#8221;, pai do meu pai, tamb\u00e9m, era ferrovi\u00e1rio desta mesma empresa, bem como, meus tios, &#8220;Antonio Francisco Barbosa Filho&#8221; e &#8220;Nelson Barbosa&#8221;, todos se aposentaram como ferrovi\u00e1rios, ainda, meu irm\u00e3o mais velho, Celso Francisco Barbosa&#8230;<\/p>\n<p>Desta fam\u00edlia de ferrovi\u00e1rios, lembro que foram muitas as conversas sobre fatos que ocorreram por causa disto ou daquilo nas idas e vindas para o \u201ctrabalho\u201d nas Linhas ferrovi\u00e1rias em Ourinhos e regi\u00e3o&#8230;<\/p>\n<p>Neste cen\u00e1rio &#8220;in memoriam&#8221;, tendo em vista que todos os nomes registrados neste texto j\u00e1 embarcaram para o outro lado do tempo sem o tempo, acredito que o debate sobre o retorno da ferrovia nestes lados de &#8220;bitola larga&#8221;, n\u00e3o passam de fantasias, ainda, que buscam trazer o fantasma deste patrim\u00f4nio que &#8220;quase n\u00e3o existe mais&#8221;, tendo em vista as decis\u00f5es pol\u00edticas que acabaram com a malha ferrovi\u00e1ria do &#8220;Pa\u00eds do faz de conta&#8230;&#8221; por meio da famosa \u201cPrivataria tucana\u201d&#8230;<\/p>\n<p>Que o esp\u00edrito desta irmandade dos ferrovi\u00e1rios ourinhenses, bem como, destes lados da regi\u00e3o denominada de \u201cAlta Paulista\u201d, possam aben\u00e7oar os novos desafios para a ferrovia deste novo tempo novo, todavia, o passado continua mais presente no que nunca, talvez, com a esperan\u00e7a de que no futuro, talvez, as pr\u00f3ximas gera\u00e7\u00f5es possam ouvir o &#8220;apito do trem&#8221;&#8230;<\/p>\n<p>Ave Antonio Francisco Barbosa, Sebasti\u00e3o Francisco Barbosa, Celso Francisco Barbosa, Ant\u00f4nio Francisco Barbosa Filho e Nelson Barbosa (in memoriam&#8221;)!<\/p>\n<p><strong><em>________________________________<\/em><\/strong><\/p>\n<p><strong><em>(*) jornalista diplomado.<\/em><\/strong><\/p>\n<p><strong><em>e-mail: <\/em><\/strong><a href=\"mailto:barbosa@gmail.com\"><strong><em>barbosa@gmail.com<\/em><\/strong><\/a><\/p>\n<p>&nbsp;<\/p>\n","protected":false},"excerpt":{"rendered":"<p>&#8220;A juventude \u00e9 o tempo de alcan\u00e7ar a sabedoria, assim como a velhice \u00e9 o tempo de pratic\u00e1-la&#8221; (Rousseau) Aos Ferrovi\u00e1rios de Ourinhos, dedico! S\u00e9rgio Barbosa (*) De acordo com o Livro da Sabedoria, &#8220;tudo \u00e9 vaidade&#8221;, por\u00e9m, recordar o passado pode trazer muitos desencontros com o tempo deste mesmo tempo para um outro tempo [&hellip;]<\/p>\n","protected":false},"author":13,"featured_media":51988,"comment_status":"closed","ping_status":"open","sticky":false,"template":"","format":"standard","meta":{"_acf_changed":false,"_exactmetrics_skip_tracking":false,"_exactmetrics_sitenote_active":false,"_exactmetrics_sitenote_note":"","_exactmetrics_sitenote_category":0,"footnotes":""},"categories":[59],"tags":[],"class_list":["post-72999","post","type-post","status-publish","format-standard","has-post-thumbnail","hentry","category-opiniao"],"acf":[],"yoast_head":"<!-- This site is optimized with the Yoast SEO plugin v27.2 - https:\/\/yoast.com\/product\/yoast-seo-wordpress\/ -->\n<title>Recorda\u00e7\u00f5es Ferrovi\u00e1rias de Ourinhos-SP... - R\u00e1dio Life FM<\/title>\n<meta name=\"robots\" content=\"index, follow, max-snippet:-1, max-image-preview:large, max-video-preview:-1\" \/>\n<link rel=\"canonical\" href=\"https:\/\/radiolifefm.com.br\/noticias\/recordacoes-ferroviarias-de-ourinhos-sp\/\" \/>\n<meta property=\"og:locale\" content=\"pt_BR\" \/>\n<meta property=\"og:type\" content=\"article\" \/>\n<meta property=\"og:title\" content=\"Recorda\u00e7\u00f5es Ferrovi\u00e1rias de Ourinhos-SP... - R\u00e1dio Life FM\" \/>\n<meta property=\"og:description\" content=\"&#8220;A juventude \u00e9 o tempo de alcan\u00e7ar a sabedoria, assim como a velhice \u00e9 o tempo de pratic\u00e1-la&#8221; (Rousseau) Aos Ferrovi\u00e1rios de Ourinhos, dedico! S\u00e9rgio Barbosa (*) De acordo com o Livro da Sabedoria, &#8220;tudo \u00e9 vaidade&#8221;, por\u00e9m, recordar o passado pode trazer muitos desencontros com o tempo deste mesmo tempo para um outro tempo [&hellip;]\" \/>\n<meta property=\"og:url\" content=\"https:\/\/radiolifefm.com.br\/noticias\/recordacoes-ferroviarias-de-ourinhos-sp\/\" \/>\n<meta property=\"og:site_name\" content=\"R\u00e1dio Life FM\" \/>\n<meta property=\"article:publisher\" content=\"https:\/\/www.facebook.com\/radiolifefm\/\" \/>\n<meta property=\"article:published_time\" content=\"2023-06-28T11:11:03+00:00\" \/>\n<meta property=\"article:modified_time\" content=\"2026-03-04T23:38:30+00:00\" \/>\n<meta property=\"og:image\" content=\"https:\/\/radiolifefm.com.br\/noticias\/wp-content\/uploads\/2022\/04\/WhatsApp-Image-2022-04-10-at-18.43.02.jpeg\" \/>\n\t<meta property=\"og:image:width\" content=\"972\" \/>\n\t<meta property=\"og:image:height\" content=\"1296\" \/>\n\t<meta property=\"og:image:type\" content=\"image\/jpeg\" \/>\n<meta name=\"author\" content=\"ritanery\" \/>\n<meta name=\"twitter:card\" content=\"summary_large_image\" \/>\n<meta name=\"twitter:label1\" content=\"Escrito por\" \/>\n\t<meta name=\"twitter:data1\" content=\"ritanery\" \/>\n\t<meta name=\"twitter:label2\" content=\"Est. tempo de leitura\" \/>\n\t<meta name=\"twitter:data2\" content=\"3 minutos\" \/>\n<script type=\"application\/ld+json\" class=\"yoast-schema-graph\">{\"@context\":\"https:\/\/schema.org\",\"@graph\":[{\"@type\":\"Article\",\"@id\":\"https:\/\/radiolifefm.com.br\/noticias\/recordacoes-ferroviarias-de-ourinhos-sp\/#article\",\"isPartOf\":{\"@id\":\"https:\/\/radiolifefm.com.br\/noticias\/recordacoes-ferroviarias-de-ourinhos-sp\/\"},\"author\":{\"name\":\"ritanery\",\"@id\":\"https:\/\/radiolifefm.com.br\/noticias\/#\/schema\/person\/6339b9fac59d12b071dec680d7375d87\"},\"headline\":\"Recorda\u00e7\u00f5es Ferrovi\u00e1rias de Ourinhos-SP&#8230;\",\"datePublished\":\"2023-06-28T11:11:03+00:00\",\"dateModified\":\"2026-03-04T23:38:30+00:00\",\"mainEntityOfPage\":{\"@id\":\"https:\/\/radiolifefm.com.br\/noticias\/recordacoes-ferroviarias-de-ourinhos-sp\/\"},\"wordCount\":473,\"publisher\":{\"@id\":\"https:\/\/radiolifefm.com.br\/noticias\/#organization\"},\"image\":{\"@id\":\"https:\/\/radiolifefm.com.br\/noticias\/recordacoes-ferroviarias-de-ourinhos-sp\/#primaryimage\"},\"thumbnailUrl\":\"https:\/\/radiolifefm.com.br\/noticias\/wp-content\/uploads\/2022\/04\/WhatsApp-Image-2022-04-10-at-18.43.02.jpeg\",\"articleSection\":[\"Opini\u00e3o\"],\"inLanguage\":\"pt-BR\"},{\"@type\":\"WebPage\",\"@id\":\"https:\/\/radiolifefm.com.br\/noticias\/recordacoes-ferroviarias-de-ourinhos-sp\/\",\"url\":\"https:\/\/radiolifefm.com.br\/noticias\/recordacoes-ferroviarias-de-ourinhos-sp\/\",\"name\":\"Recorda\u00e7\u00f5es Ferrovi\u00e1rias de Ourinhos-SP... - R\u00e1dio Life FM\",\"isPartOf\":{\"@id\":\"https:\/\/radiolifefm.com.br\/noticias\/#website\"},\"primaryImageOfPage\":{\"@id\":\"https:\/\/radiolifefm.com.br\/noticias\/recordacoes-ferroviarias-de-ourinhos-sp\/#primaryimage\"},\"image\":{\"@id\":\"https:\/\/radiolifefm.com.br\/noticias\/recordacoes-ferroviarias-de-ourinhos-sp\/#primaryimage\"},\"thumbnailUrl\":\"https:\/\/radiolifefm.com.br\/noticias\/wp-content\/uploads\/2022\/04\/WhatsApp-Image-2022-04-10-at-18.43.02.jpeg\",\"datePublished\":\"2023-06-28T11:11:03+00:00\",\"dateModified\":\"2026-03-04T23:38:30+00:00\",\"breadcrumb\":{\"@id\":\"https:\/\/radiolifefm.com.br\/noticias\/recordacoes-ferroviarias-de-ourinhos-sp\/#breadcrumb\"},\"inLanguage\":\"pt-BR\",\"potentialAction\":[{\"@type\":\"ReadAction\",\"target\":[\"https:\/\/radiolifefm.com.br\/noticias\/recordacoes-ferroviarias-de-ourinhos-sp\/\"]}]},{\"@type\":\"ImageObject\",\"inLanguage\":\"pt-BR\",\"@id\":\"https:\/\/radiolifefm.com.br\/noticias\/recordacoes-ferroviarias-de-ourinhos-sp\/#primaryimage\",\"url\":\"https:\/\/radiolifefm.com.br\/noticias\/wp-content\/uploads\/2022\/04\/WhatsApp-Image-2022-04-10-at-18.43.02.jpeg\",\"contentUrl\":\"https:\/\/radiolifefm.com.br\/noticias\/wp-content\/uploads\/2022\/04\/WhatsApp-Image-2022-04-10-at-18.43.02.jpeg\",\"width\":972,\"height\":1296,\"caption\":\"S\u00e9rgio Barbosa\"},{\"@type\":\"BreadcrumbList\",\"@id\":\"https:\/\/radiolifefm.com.br\/noticias\/recordacoes-ferroviarias-de-ourinhos-sp\/#breadcrumb\",\"itemListElement\":[{\"@type\":\"ListItem\",\"position\":1,\"name\":\"In\u00edcio\",\"item\":\"https:\/\/radiolifefm.com.br\/noticias\/\"},{\"@type\":\"ListItem\",\"position\":2,\"name\":\"Recorda\u00e7\u00f5es Ferrovi\u00e1rias de Ourinhos-SP&#8230;\"}]},{\"@type\":\"WebSite\",\"@id\":\"https:\/\/radiolifefm.com.br\/noticias\/#website\",\"url\":\"https:\/\/radiolifefm.com.br\/noticias\/\",\"name\":\"R\u00e1dio Life FM\",\"description\":\"O Portal de Not\u00edcias de Adamantina\",\"publisher\":{\"@id\":\"https:\/\/radiolifefm.com.br\/noticias\/#organization\"},\"alternateName\":\"Life FM\",\"potentialAction\":[{\"@type\":\"SearchAction\",\"target\":{\"@type\":\"EntryPoint\",\"urlTemplate\":\"https:\/\/radiolifefm.com.br\/noticias\/?s={search_term_string}\"},\"query-input\":{\"@type\":\"PropertyValueSpecification\",\"valueRequired\":true,\"valueName\":\"search_term_string\"}}],\"inLanguage\":\"pt-BR\"},{\"@type\":\"Organization\",\"@id\":\"https:\/\/radiolifefm.com.br\/noticias\/#organization\",\"name\":\"R\u00e1dio Life FM\",\"alternateName\":\"Life FM\",\"url\":\"https:\/\/radiolifefm.com.br\/noticias\/\",\"logo\":{\"@type\":\"ImageObject\",\"inLanguage\":\"pt-BR\",\"@id\":\"https:\/\/radiolifefm.com.br\/noticias\/#\/schema\/logo\/image\/\",\"url\":\"https:\/\/static.radiolifefm.com.br\/noticias\/wp-content\/uploads\/2019\/10\/logo-lifefm.png\",\"contentUrl\":\"https:\/\/static.radiolifefm.com.br\/noticias\/wp-content\/uploads\/2019\/10\/logo-lifefm.png\",\"width\":196,\"height\":47,\"caption\":\"R\u00e1dio Life FM\"},\"image\":{\"@id\":\"https:\/\/radiolifefm.com.br\/noticias\/#\/schema\/logo\/image\/\"},\"sameAs\":[\"https:\/\/www.facebook.com\/radiolifefm\/\",\"https:\/\/www.instagram.com\/life1079fm\/\"]},{\"@type\":\"Person\",\"@id\":\"https:\/\/radiolifefm.com.br\/noticias\/#\/schema\/person\/6339b9fac59d12b071dec680d7375d87\",\"name\":\"ritanery\",\"image\":{\"@type\":\"ImageObject\",\"inLanguage\":\"pt-BR\",\"@id\":\"https:\/\/secure.gravatar.com\/avatar\/0e37bb19071f47c0b8a23f62a903df117c5a0e75f65a0c2901562f97cd41cf86?s=96&d=mm&r=g\",\"url\":\"https:\/\/secure.gravatar.com\/avatar\/0e37bb19071f47c0b8a23f62a903df117c5a0e75f65a0c2901562f97cd41cf86?s=96&d=mm&r=g\",\"contentUrl\":\"https:\/\/secure.gravatar.com\/avatar\/0e37bb19071f47c0b8a23f62a903df117c5a0e75f65a0c2901562f97cd41cf86?s=96&d=mm&r=g\",\"caption\":\"ritanery\"}}]}<\/script>\n<!-- \/ Yoast SEO plugin. -->","yoast_head_json":{"title":"Recorda\u00e7\u00f5es Ferrovi\u00e1rias de Ourinhos-SP... - R\u00e1dio Life FM","robots":{"index":"index","follow":"follow","max-snippet":"max-snippet:-1","max-image-preview":"max-image-preview:large","max-video-preview":"max-video-preview:-1"},"canonical":"https:\/\/radiolifefm.com.br\/noticias\/recordacoes-ferroviarias-de-ourinhos-sp\/","og_locale":"pt_BR","og_type":"article","og_title":"Recorda\u00e7\u00f5es Ferrovi\u00e1rias de Ourinhos-SP... - R\u00e1dio Life FM","og_description":"&#8220;A juventude \u00e9 o tempo de alcan\u00e7ar a sabedoria, assim como a velhice \u00e9 o tempo de pratic\u00e1-la&#8221; (Rousseau) Aos Ferrovi\u00e1rios de Ourinhos, dedico! S\u00e9rgio Barbosa (*) De acordo com o Livro da Sabedoria, &#8220;tudo \u00e9 vaidade&#8221;, por\u00e9m, recordar o passado pode trazer muitos desencontros com o tempo deste mesmo tempo para um outro tempo [&hellip;]","og_url":"https:\/\/radiolifefm.com.br\/noticias\/recordacoes-ferroviarias-de-ourinhos-sp\/","og_site_name":"R\u00e1dio Life FM","article_publisher":"https:\/\/www.facebook.com\/radiolifefm\/","article_published_time":"2023-06-28T11:11:03+00:00","article_modified_time":"2026-03-04T23:38:30+00:00","og_image":[{"width":972,"height":1296,"url":"https:\/\/radiolifefm.com.br\/noticias\/wp-content\/uploads\/2022\/04\/WhatsApp-Image-2022-04-10-at-18.43.02.jpeg","type":"image\/jpeg"}],"author":"ritanery","twitter_card":"summary_large_image","twitter_misc":{"Escrito por":"ritanery","Est. tempo de leitura":"3 minutos"},"schema":{"@context":"https:\/\/schema.org","@graph":[{"@type":"Article","@id":"https:\/\/radiolifefm.com.br\/noticias\/recordacoes-ferroviarias-de-ourinhos-sp\/#article","isPartOf":{"@id":"https:\/\/radiolifefm.com.br\/noticias\/recordacoes-ferroviarias-de-ourinhos-sp\/"},"author":{"name":"ritanery","@id":"https:\/\/radiolifefm.com.br\/noticias\/#\/schema\/person\/6339b9fac59d12b071dec680d7375d87"},"headline":"Recorda\u00e7\u00f5es Ferrovi\u00e1rias de Ourinhos-SP&#8230;","datePublished":"2023-06-28T11:11:03+00:00","dateModified":"2026-03-04T23:38:30+00:00","mainEntityOfPage":{"@id":"https:\/\/radiolifefm.com.br\/noticias\/recordacoes-ferroviarias-de-ourinhos-sp\/"},"wordCount":473,"publisher":{"@id":"https:\/\/radiolifefm.com.br\/noticias\/#organization"},"image":{"@id":"https:\/\/radiolifefm.com.br\/noticias\/recordacoes-ferroviarias-de-ourinhos-sp\/#primaryimage"},"thumbnailUrl":"https:\/\/radiolifefm.com.br\/noticias\/wp-content\/uploads\/2022\/04\/WhatsApp-Image-2022-04-10-at-18.43.02.jpeg","articleSection":["Opini\u00e3o"],"inLanguage":"pt-BR"},{"@type":"WebPage","@id":"https:\/\/radiolifefm.com.br\/noticias\/recordacoes-ferroviarias-de-ourinhos-sp\/","url":"https:\/\/radiolifefm.com.br\/noticias\/recordacoes-ferroviarias-de-ourinhos-sp\/","name":"Recorda\u00e7\u00f5es Ferrovi\u00e1rias de Ourinhos-SP... - R\u00e1dio Life FM","isPartOf":{"@id":"https:\/\/radiolifefm.com.br\/noticias\/#website"},"primaryImageOfPage":{"@id":"https:\/\/radiolifefm.com.br\/noticias\/recordacoes-ferroviarias-de-ourinhos-sp\/#primaryimage"},"image":{"@id":"https:\/\/radiolifefm.com.br\/noticias\/recordacoes-ferroviarias-de-ourinhos-sp\/#primaryimage"},"thumbnailUrl":"https:\/\/radiolifefm.com.br\/noticias\/wp-content\/uploads\/2022\/04\/WhatsApp-Image-2022-04-10-at-18.43.02.jpeg","datePublished":"2023-06-28T11:11:03+00:00","dateModified":"2026-03-04T23:38:30+00:00","breadcrumb":{"@id":"https:\/\/radiolifefm.com.br\/noticias\/recordacoes-ferroviarias-de-ourinhos-sp\/#breadcrumb"},"inLanguage":"pt-BR","potentialAction":[{"@type":"ReadAction","target":["https:\/\/radiolifefm.com.br\/noticias\/recordacoes-ferroviarias-de-ourinhos-sp\/"]}]},{"@type":"ImageObject","inLanguage":"pt-BR","@id":"https:\/\/radiolifefm.com.br\/noticias\/recordacoes-ferroviarias-de-ourinhos-sp\/#primaryimage","url":"https:\/\/radiolifefm.com.br\/noticias\/wp-content\/uploads\/2022\/04\/WhatsApp-Image-2022-04-10-at-18.43.02.jpeg","contentUrl":"https:\/\/radiolifefm.com.br\/noticias\/wp-content\/uploads\/2022\/04\/WhatsApp-Image-2022-04-10-at-18.43.02.jpeg","width":972,"height":1296,"caption":"S\u00e9rgio Barbosa"},{"@type":"BreadcrumbList","@id":"https:\/\/radiolifefm.com.br\/noticias\/recordacoes-ferroviarias-de-ourinhos-sp\/#breadcrumb","itemListElement":[{"@type":"ListItem","position":1,"name":"In\u00edcio","item":"https:\/\/radiolifefm.com.br\/noticias\/"},{"@type":"ListItem","position":2,"name":"Recorda\u00e7\u00f5es Ferrovi\u00e1rias de Ourinhos-SP&#8230;"}]},{"@type":"WebSite","@id":"https:\/\/radiolifefm.com.br\/noticias\/#website","url":"https:\/\/radiolifefm.com.br\/noticias\/","name":"R\u00e1dio Life FM","description":"O Portal de Not\u00edcias de Adamantina","publisher":{"@id":"https:\/\/radiolifefm.com.br\/noticias\/#organization"},"alternateName":"Life FM","potentialAction":[{"@type":"SearchAction","target":{"@type":"EntryPoint","urlTemplate":"https:\/\/radiolifefm.com.br\/noticias\/?s={search_term_string}"},"query-input":{"@type":"PropertyValueSpecification","valueRequired":true,"valueName":"search_term_string"}}],"inLanguage":"pt-BR"},{"@type":"Organization","@id":"https:\/\/radiolifefm.com.br\/noticias\/#organization","name":"R\u00e1dio Life FM","alternateName":"Life FM","url":"https:\/\/radiolifefm.com.br\/noticias\/","logo":{"@type":"ImageObject","inLanguage":"pt-BR","@id":"https:\/\/radiolifefm.com.br\/noticias\/#\/schema\/logo\/image\/","url":"https:\/\/static.radiolifefm.com.br\/noticias\/wp-content\/uploads\/2019\/10\/logo-lifefm.png","contentUrl":"https:\/\/static.radiolifefm.com.br\/noticias\/wp-content\/uploads\/2019\/10\/logo-lifefm.png","width":196,"height":47,"caption":"R\u00e1dio Life FM"},"image":{"@id":"https:\/\/radiolifefm.com.br\/noticias\/#\/schema\/logo\/image\/"},"sameAs":["https:\/\/www.facebook.com\/radiolifefm\/","https:\/\/www.instagram.com\/life1079fm\/"]},{"@type":"Person","@id":"https:\/\/radiolifefm.com.br\/noticias\/#\/schema\/person\/6339b9fac59d12b071dec680d7375d87","name":"ritanery","image":{"@type":"ImageObject","inLanguage":"pt-BR","@id":"https:\/\/secure.gravatar.com\/avatar\/0e37bb19071f47c0b8a23f62a903df117c5a0e75f65a0c2901562f97cd41cf86?s=96&d=mm&r=g","url":"https:\/\/secure.gravatar.com\/avatar\/0e37bb19071f47c0b8a23f62a903df117c5a0e75f65a0c2901562f97cd41cf86?s=96&d=mm&r=g","contentUrl":"https:\/\/secure.gravatar.com\/avatar\/0e37bb19071f47c0b8a23f62a903df117c5a0e75f65a0c2901562f97cd41cf86?s=96&d=mm&r=g","caption":"ritanery"}}]}},"amp_enabled":true,"_links":{"self":[{"href":"https:\/\/radiolifefm.com.br\/noticias\/wp-json\/wp\/v2\/posts\/72999","targetHints":{"allow":["GET"]}}],"collection":[{"href":"https:\/\/radiolifefm.com.br\/noticias\/wp-json\/wp\/v2\/posts"}],"about":[{"href":"https:\/\/radiolifefm.com.br\/noticias\/wp-json\/wp\/v2\/types\/post"}],"author":[{"embeddable":true,"href":"https:\/\/radiolifefm.com.br\/noticias\/wp-json\/wp\/v2\/users\/13"}],"replies":[{"embeddable":true,"href":"https:\/\/radiolifefm.com.br\/noticias\/wp-json\/wp\/v2\/comments?post=72999"}],"version-history":[{"count":1,"href":"https:\/\/radiolifefm.com.br\/noticias\/wp-json\/wp\/v2\/posts\/72999\/revisions"}],"predecessor-version":[{"id":73000,"href":"https:\/\/radiolifefm.com.br\/noticias\/wp-json\/wp\/v2\/posts\/72999\/revisions\/73000"}],"wp:featuredmedia":[{"embeddable":true,"href":"https:\/\/radiolifefm.com.br\/noticias\/wp-json\/wp\/v2\/media\/51988"}],"wp:attachment":[{"href":"https:\/\/radiolifefm.com.br\/noticias\/wp-json\/wp\/v2\/media?parent=72999"}],"wp:term":[{"taxonomy":"category","embeddable":true,"href":"https:\/\/radiolifefm.com.br\/noticias\/wp-json\/wp\/v2\/categories?post=72999"},{"taxonomy":"post_tag","embeddable":true,"href":"https:\/\/radiolifefm.com.br\/noticias\/wp-json\/wp\/v2\/tags?post=72999"}],"curies":[{"name":"wp","href":"https:\/\/api.w.org\/{rel}","templated":true}]}}