{"id":72759,"date":"2023-06-26T07:59:47","date_gmt":"2023-06-26T10:59:47","guid":{"rendered":"https:\/\/radiolifefm.com.br\/noticias\/?p=72759"},"modified":"2025-12-10T12:01:49","modified_gmt":"2025-12-10T15:01:49","slug":"midia-provinciana-uma-reflexao","status":"publish","type":"post","link":"https:\/\/radiolifefm.com.br\/noticias\/midia-provinciana-uma-reflexao\/","title":{"rendered":"M\u00cdDIA PROVINCIANA: UMA REFLEX\u00c3O!"},"content":{"rendered":"<div id=\"fb-root\"><\/div>\n<p>&nbsp;<\/p>\n<p>\u201c\u00c9 provinciano, mas Provinciano do bom, aquele que est\u00e1 nos h\u00e1bitos do seu meio, que sente as realidades, as necessidades do seu meio. Esse sente as excel\u00eancias da prov\u00edncia. N\u00e3o tem vergonha da Prov\u00edncia- tem \u00e9 orgulho!\u201d (Manuel Bandeira)<\/p>\n<p>&nbsp;<\/p>\n<p><strong><em>S\u00e9rgio Barbosa (*)<\/em><\/strong><\/p>\n<p>&nbsp;<\/p>\n<p>Depois, dizem, do \u201cvendaval vem a bonanza\u201d, assim, ap\u00f3s as elei\u00e7\u00f5es em terras provincianas as coisas ainda est\u00e3o longe de um final feliz, at\u00e9 mesmo, para os eleitos pelo voto popular em tempo de democracia com suas MENTES MED\u00cdOCRES&#8230;<\/p>\n<p>Neste caso espec\u00edfico, a m\u00eddia tem proporcionado um \u201cshow de babaquices\u201d em temas afins aos seus interesses particulares, deixando de lado, como sempre, a comunidade local e regional em tempo de P\u00d3S-GLOBALIZA\u00c7\u00c3O MIDI\u00c1TICA&#8230;<\/p>\n<p>A camuflagem midi\u00e1tica \u00e9 a proposta di\u00e1ria veiculada pela m\u00eddia ao seu p\u00fablico alvo, criando condi\u00e7\u00f5es pr\u00e9-fabricadas como afirmou o pensador do outro e deste tempo, Noam Chomsky, quando escreveu sobre o denominado \u201cconsenso fabricado\u201d, desta forma, tudo fica na mesmice de sempre, atendendo neste caso, apenas aos interesses desta ou daquela m\u00eddia neste TEMPO NOVO TEMPO&#8230;<\/p>\n<p>O tempo, afirmou outro pensador do outro tempo, \u201c\u00e9 o senhor da raz\u00e3o\u201d, assim, cada qual, deve ser o juiz frente \u00e0s not\u00edcias veiculadas pela m\u00eddia local e regional, portanto, o receptor deve saber separar o \u201cjoio do trigo\u201d, por\u00e9m, nesta pauta, o jornalista, diga-se de passagem, profissional diplomado, fica sempre com o \u201cjoio\u201d e n\u00e3o com o trigo.<\/p>\n<p>Debateu-se no passado, a cria\u00e7\u00e3o ou n\u00e3o do CFJ-Conselho Federal de Jornalismo, por\u00e9m, muitos <em>precaretas<\/em>, isso \u00e9, uma jun\u00e7\u00e3o de \u201cprec\u00e1rios com picaretas\u201d, bem como, APOIO dos denominados GRANDES VE\u00cdCULOS de IMPRENSA em n\u00edvel nacional, movimentos e outros contr\u00e1rios CFJ e ponto quase final&#8230;<\/p>\n<p>Por\u00e9m, faz-se necess\u00e1rio a REFLEX\u00c3O CR\u00cdTICA como primeiro passo visando a tomada de posi\u00e7\u00e3o no mercado de trabalho, ainda mais quando o Pa\u00eds do faz de conta continua PATINANDO em suas pr\u00f3prias contradi\u00e7\u00f5es em n\u00edvel glocal, do global para o local&#8230;<\/p>\n<p>A PROV\u00cdNCIA DO FAZ DE CONTA n\u00e3o \u00e9 a mesma depois das elei\u00e7\u00f5es que ocorreram no ano passado, tendo em vista que as denominadas MENTES MED\u00cdOCRES , al\u00e9m do PIN\u00d3QUIO PROVINCIANOS e sua cambada de ALOPRADOS\/AS, se colocam acima do BEM e do MAL, talvez, mais para os lados do BOM e do MAU&#8230;<\/p>\n<p>Portanto, faz-se necess\u00e1rio estar em conex\u00e3o com as mudan\u00e7as no Pa\u00eds do faz de conta p\u00f3s-elei\u00e7\u00f5es para todos\/as os\/as ELEITOS\/AS nas \u00e1reas FEDERAL e ESTADUAL, todavia, na esfera PROVINCIANA, ou seja, MUNICIPAL, tudo indica que muita \u00c1GUA, ainda, vai passar nesta PONTE DOS ACORDOS nada SIMB\u00d3LICOS&#8230;<\/p>\n<p>A profissionaliza\u00e7\u00e3o da m\u00eddia deve ser pautada pela cr\u00edtica frente aos FATOS do momento, n\u00e3o se pode PRESSIONAR isto ou aquilo, ainda, deixar que o mesmo seja levado pelo sabor das neuroses do MERCADO ORGANIZACIONAL, assim, tudo acaba ficando no tal DITO pelo N\u00c3O DITO&#8230;<\/p>\n<p>Entendo que a forma\u00e7\u00e3o acad\u00eamica \u00e9 necess\u00e1ria para uma reflex\u00e3o midi\u00e1tica contempor\u00e2nea, ou seja, n\u00e3o se pode mais ficar em compasso de espera, quem sabe, esperando pela P\u00d3S-GLOBALIZA\u00c7\u00c3O em tempo de IA-INTELIG\u00caNCIA ARTIFICIAL, desta forma, a quest\u00e3o em pauta \u00e9 a seguinte nesta PROV\u00b4NCIA DO FAZ DE CONTA, a saber: COMO FAZER PARA ESTAR MARCANDO PRESEN\u00c7A NESTE NOVO TEMPO NOVO?<\/p>\n<p>QUEM SOBREVIVER VAI SABER&#8230;<\/p>\n<p><em>______________________________<\/em><\/p>\n<p><em>(*) Jornalista diplomado.<\/em><\/p>\n<p><em>e-mail: <a href=\"mailto:barbosa.sebar@gmai.com\">barbosa.sebar@gmai.com<\/a><\/em><\/p>\n<p>&nbsp;<\/p>\n<p>&nbsp;<\/p>\n","protected":false},"excerpt":{"rendered":"<p>&nbsp; \u201c\u00c9 provinciano, mas Provinciano do bom, aquele que est\u00e1 nos h\u00e1bitos do seu meio, que sente as realidades, as necessidades do seu meio. Esse sente as excel\u00eancias da prov\u00edncia. N\u00e3o tem vergonha da Prov\u00edncia- tem \u00e9 orgulho!\u201d (Manuel Bandeira) &nbsp; S\u00e9rgio Barbosa (*) &nbsp; Depois, dizem, do \u201cvendaval vem a bonanza\u201d, assim, ap\u00f3s as [&hellip;]<\/p>\n","protected":false},"author":13,"featured_media":51988,"comment_status":"closed","ping_status":"open","sticky":false,"template":"","format":"standard","meta":{"_acf_changed":false,"_exactmetrics_skip_tracking":false,"_exactmetrics_sitenote_active":false,"_exactmetrics_sitenote_note":"","_exactmetrics_sitenote_category":0,"footnotes":""},"categories":[59],"tags":[],"class_list":["post-72759","post","type-post","status-publish","format-standard","has-post-thumbnail","hentry","category-opiniao"],"acf":[],"yoast_head":"<!-- This site is optimized with the Yoast SEO plugin v27.2 - https:\/\/yoast.com\/product\/yoast-seo-wordpress\/ -->\n<title>M\u00cdDIA PROVINCIANA: UMA REFLEX\u00c3O! - R\u00e1dio Life FM<\/title>\n<meta name=\"robots\" content=\"index, follow, max-snippet:-1, max-image-preview:large, max-video-preview:-1\" \/>\n<link rel=\"canonical\" href=\"https:\/\/radiolifefm.com.br\/noticias\/midia-provinciana-uma-reflexao\/\" \/>\n<meta property=\"og:locale\" content=\"pt_BR\" \/>\n<meta property=\"og:type\" content=\"article\" \/>\n<meta property=\"og:title\" content=\"M\u00cdDIA PROVINCIANA: UMA REFLEX\u00c3O! - R\u00e1dio Life FM\" \/>\n<meta property=\"og:description\" content=\"&nbsp; \u201c\u00c9 provinciano, mas Provinciano do bom, aquele que est\u00e1 nos h\u00e1bitos do seu meio, que sente as realidades, as necessidades do seu meio. Esse sente as excel\u00eancias da prov\u00edncia. N\u00e3o tem vergonha da Prov\u00edncia- tem \u00e9 orgulho!\u201d (Manuel Bandeira) &nbsp; S\u00e9rgio Barbosa (*) &nbsp; Depois, dizem, do \u201cvendaval vem a bonanza\u201d, assim, ap\u00f3s as [&hellip;]\" \/>\n<meta property=\"og:url\" content=\"https:\/\/radiolifefm.com.br\/noticias\/midia-provinciana-uma-reflexao\/\" \/>\n<meta property=\"og:site_name\" content=\"R\u00e1dio Life FM\" \/>\n<meta property=\"article:publisher\" content=\"https:\/\/www.facebook.com\/radiolifefm\/\" \/>\n<meta property=\"article:published_time\" content=\"2023-06-26T10:59:47+00:00\" \/>\n<meta property=\"article:modified_time\" content=\"2025-12-10T15:01:49+00:00\" \/>\n<meta property=\"og:image\" content=\"https:\/\/radiolifefm.com.br\/noticias\/wp-content\/uploads\/2022\/04\/WhatsApp-Image-2022-04-10-at-18.43.02.jpeg\" \/>\n\t<meta property=\"og:image:width\" content=\"972\" \/>\n\t<meta property=\"og:image:height\" content=\"1296\" \/>\n\t<meta property=\"og:image:type\" content=\"image\/jpeg\" \/>\n<meta name=\"author\" content=\"ritanery\" \/>\n<meta name=\"twitter:card\" content=\"summary_large_image\" \/>\n<meta name=\"twitter:label1\" content=\"Escrito por\" \/>\n\t<meta name=\"twitter:data1\" content=\"ritanery\" \/>\n\t<meta name=\"twitter:label2\" content=\"Est. tempo de leitura\" \/>\n\t<meta name=\"twitter:data2\" content=\"3 minutos\" \/>\n<script type=\"application\/ld+json\" class=\"yoast-schema-graph\">{\"@context\":\"https:\/\/schema.org\",\"@graph\":[{\"@type\":\"Article\",\"@id\":\"https:\/\/radiolifefm.com.br\/noticias\/midia-provinciana-uma-reflexao\/#article\",\"isPartOf\":{\"@id\":\"https:\/\/radiolifefm.com.br\/noticias\/midia-provinciana-uma-reflexao\/\"},\"author\":{\"name\":\"ritanery\",\"@id\":\"https:\/\/radiolifefm.com.br\/noticias\/#\/schema\/person\/6339b9fac59d12b071dec680d7375d87\"},\"headline\":\"M\u00cdDIA PROVINCIANA: UMA REFLEX\u00c3O!\",\"datePublished\":\"2023-06-26T10:59:47+00:00\",\"dateModified\":\"2025-12-10T15:01:49+00:00\",\"mainEntityOfPage\":{\"@id\":\"https:\/\/radiolifefm.com.br\/noticias\/midia-provinciana-uma-reflexao\/\"},\"wordCount\":611,\"publisher\":{\"@id\":\"https:\/\/radiolifefm.com.br\/noticias\/#organization\"},\"image\":{\"@id\":\"https:\/\/radiolifefm.com.br\/noticias\/midia-provinciana-uma-reflexao\/#primaryimage\"},\"thumbnailUrl\":\"https:\/\/radiolifefm.com.br\/noticias\/wp-content\/uploads\/2022\/04\/WhatsApp-Image-2022-04-10-at-18.43.02.jpeg\",\"articleSection\":[\"Opini\u00e3o\"],\"inLanguage\":\"pt-BR\"},{\"@type\":\"WebPage\",\"@id\":\"https:\/\/radiolifefm.com.br\/noticias\/midia-provinciana-uma-reflexao\/\",\"url\":\"https:\/\/radiolifefm.com.br\/noticias\/midia-provinciana-uma-reflexao\/\",\"name\":\"M\u00cdDIA PROVINCIANA: UMA REFLEX\u00c3O! - R\u00e1dio Life FM\",\"isPartOf\":{\"@id\":\"https:\/\/radiolifefm.com.br\/noticias\/#website\"},\"primaryImageOfPage\":{\"@id\":\"https:\/\/radiolifefm.com.br\/noticias\/midia-provinciana-uma-reflexao\/#primaryimage\"},\"image\":{\"@id\":\"https:\/\/radiolifefm.com.br\/noticias\/midia-provinciana-uma-reflexao\/#primaryimage\"},\"thumbnailUrl\":\"https:\/\/radiolifefm.com.br\/noticias\/wp-content\/uploads\/2022\/04\/WhatsApp-Image-2022-04-10-at-18.43.02.jpeg\",\"datePublished\":\"2023-06-26T10:59:47+00:00\",\"dateModified\":\"2025-12-10T15:01:49+00:00\",\"breadcrumb\":{\"@id\":\"https:\/\/radiolifefm.com.br\/noticias\/midia-provinciana-uma-reflexao\/#breadcrumb\"},\"inLanguage\":\"pt-BR\",\"potentialAction\":[{\"@type\":\"ReadAction\",\"target\":[\"https:\/\/radiolifefm.com.br\/noticias\/midia-provinciana-uma-reflexao\/\"]}]},{\"@type\":\"ImageObject\",\"inLanguage\":\"pt-BR\",\"@id\":\"https:\/\/radiolifefm.com.br\/noticias\/midia-provinciana-uma-reflexao\/#primaryimage\",\"url\":\"https:\/\/radiolifefm.com.br\/noticias\/wp-content\/uploads\/2022\/04\/WhatsApp-Image-2022-04-10-at-18.43.02.jpeg\",\"contentUrl\":\"https:\/\/radiolifefm.com.br\/noticias\/wp-content\/uploads\/2022\/04\/WhatsApp-Image-2022-04-10-at-18.43.02.jpeg\",\"width\":972,\"height\":1296,\"caption\":\"S\u00e9rgio Barbosa\"},{\"@type\":\"BreadcrumbList\",\"@id\":\"https:\/\/radiolifefm.com.br\/noticias\/midia-provinciana-uma-reflexao\/#breadcrumb\",\"itemListElement\":[{\"@type\":\"ListItem\",\"position\":1,\"name\":\"In\u00edcio\",\"item\":\"https:\/\/radiolifefm.com.br\/noticias\/\"},{\"@type\":\"ListItem\",\"position\":2,\"name\":\"M\u00cdDIA PROVINCIANA: UMA REFLEX\u00c3O!\"}]},{\"@type\":\"WebSite\",\"@id\":\"https:\/\/radiolifefm.com.br\/noticias\/#website\",\"url\":\"https:\/\/radiolifefm.com.br\/noticias\/\",\"name\":\"R\u00e1dio Life FM\",\"description\":\"O Portal de Not\u00edcias de Adamantina\",\"publisher\":{\"@id\":\"https:\/\/radiolifefm.com.br\/noticias\/#organization\"},\"alternateName\":\"Life FM\",\"potentialAction\":[{\"@type\":\"SearchAction\",\"target\":{\"@type\":\"EntryPoint\",\"urlTemplate\":\"https:\/\/radiolifefm.com.br\/noticias\/?s={search_term_string}\"},\"query-input\":{\"@type\":\"PropertyValueSpecification\",\"valueRequired\":true,\"valueName\":\"search_term_string\"}}],\"inLanguage\":\"pt-BR\"},{\"@type\":\"Organization\",\"@id\":\"https:\/\/radiolifefm.com.br\/noticias\/#organization\",\"name\":\"R\u00e1dio Life FM\",\"alternateName\":\"Life FM\",\"url\":\"https:\/\/radiolifefm.com.br\/noticias\/\",\"logo\":{\"@type\":\"ImageObject\",\"inLanguage\":\"pt-BR\",\"@id\":\"https:\/\/radiolifefm.com.br\/noticias\/#\/schema\/logo\/image\/\",\"url\":\"https:\/\/static.radiolifefm.com.br\/noticias\/wp-content\/uploads\/2019\/10\/logo-lifefm.png\",\"contentUrl\":\"https:\/\/static.radiolifefm.com.br\/noticias\/wp-content\/uploads\/2019\/10\/logo-lifefm.png\",\"width\":196,\"height\":47,\"caption\":\"R\u00e1dio Life FM\"},\"image\":{\"@id\":\"https:\/\/radiolifefm.com.br\/noticias\/#\/schema\/logo\/image\/\"},\"sameAs\":[\"https:\/\/www.facebook.com\/radiolifefm\/\",\"https:\/\/www.instagram.com\/life1079fm\/\"]},{\"@type\":\"Person\",\"@id\":\"https:\/\/radiolifefm.com.br\/noticias\/#\/schema\/person\/6339b9fac59d12b071dec680d7375d87\",\"name\":\"ritanery\",\"image\":{\"@type\":\"ImageObject\",\"inLanguage\":\"pt-BR\",\"@id\":\"https:\/\/secure.gravatar.com\/avatar\/0e37bb19071f47c0b8a23f62a903df117c5a0e75f65a0c2901562f97cd41cf86?s=96&d=mm&r=g\",\"url\":\"https:\/\/secure.gravatar.com\/avatar\/0e37bb19071f47c0b8a23f62a903df117c5a0e75f65a0c2901562f97cd41cf86?s=96&d=mm&r=g\",\"contentUrl\":\"https:\/\/secure.gravatar.com\/avatar\/0e37bb19071f47c0b8a23f62a903df117c5a0e75f65a0c2901562f97cd41cf86?s=96&d=mm&r=g\",\"caption\":\"ritanery\"}}]}<\/script>\n<!-- \/ Yoast SEO plugin. -->","yoast_head_json":{"title":"M\u00cdDIA PROVINCIANA: UMA REFLEX\u00c3O! - R\u00e1dio Life FM","robots":{"index":"index","follow":"follow","max-snippet":"max-snippet:-1","max-image-preview":"max-image-preview:large","max-video-preview":"max-video-preview:-1"},"canonical":"https:\/\/radiolifefm.com.br\/noticias\/midia-provinciana-uma-reflexao\/","og_locale":"pt_BR","og_type":"article","og_title":"M\u00cdDIA PROVINCIANA: UMA REFLEX\u00c3O! - R\u00e1dio Life FM","og_description":"&nbsp; \u201c\u00c9 provinciano, mas Provinciano do bom, aquele que est\u00e1 nos h\u00e1bitos do seu meio, que sente as realidades, as necessidades do seu meio. Esse sente as excel\u00eancias da prov\u00edncia. N\u00e3o tem vergonha da Prov\u00edncia- tem \u00e9 orgulho!\u201d (Manuel Bandeira) &nbsp; S\u00e9rgio Barbosa (*) &nbsp; Depois, dizem, do \u201cvendaval vem a bonanza\u201d, assim, ap\u00f3s as [&hellip;]","og_url":"https:\/\/radiolifefm.com.br\/noticias\/midia-provinciana-uma-reflexao\/","og_site_name":"R\u00e1dio Life FM","article_publisher":"https:\/\/www.facebook.com\/radiolifefm\/","article_published_time":"2023-06-26T10:59:47+00:00","article_modified_time":"2025-12-10T15:01:49+00:00","og_image":[{"width":972,"height":1296,"url":"https:\/\/radiolifefm.com.br\/noticias\/wp-content\/uploads\/2022\/04\/WhatsApp-Image-2022-04-10-at-18.43.02.jpeg","type":"image\/jpeg"}],"author":"ritanery","twitter_card":"summary_large_image","twitter_misc":{"Escrito por":"ritanery","Est. tempo de leitura":"3 minutos"},"schema":{"@context":"https:\/\/schema.org","@graph":[{"@type":"Article","@id":"https:\/\/radiolifefm.com.br\/noticias\/midia-provinciana-uma-reflexao\/#article","isPartOf":{"@id":"https:\/\/radiolifefm.com.br\/noticias\/midia-provinciana-uma-reflexao\/"},"author":{"name":"ritanery","@id":"https:\/\/radiolifefm.com.br\/noticias\/#\/schema\/person\/6339b9fac59d12b071dec680d7375d87"},"headline":"M\u00cdDIA PROVINCIANA: UMA REFLEX\u00c3O!","datePublished":"2023-06-26T10:59:47+00:00","dateModified":"2025-12-10T15:01:49+00:00","mainEntityOfPage":{"@id":"https:\/\/radiolifefm.com.br\/noticias\/midia-provinciana-uma-reflexao\/"},"wordCount":611,"publisher":{"@id":"https:\/\/radiolifefm.com.br\/noticias\/#organization"},"image":{"@id":"https:\/\/radiolifefm.com.br\/noticias\/midia-provinciana-uma-reflexao\/#primaryimage"},"thumbnailUrl":"https:\/\/radiolifefm.com.br\/noticias\/wp-content\/uploads\/2022\/04\/WhatsApp-Image-2022-04-10-at-18.43.02.jpeg","articleSection":["Opini\u00e3o"],"inLanguage":"pt-BR"},{"@type":"WebPage","@id":"https:\/\/radiolifefm.com.br\/noticias\/midia-provinciana-uma-reflexao\/","url":"https:\/\/radiolifefm.com.br\/noticias\/midia-provinciana-uma-reflexao\/","name":"M\u00cdDIA PROVINCIANA: UMA REFLEX\u00c3O! - R\u00e1dio Life FM","isPartOf":{"@id":"https:\/\/radiolifefm.com.br\/noticias\/#website"},"primaryImageOfPage":{"@id":"https:\/\/radiolifefm.com.br\/noticias\/midia-provinciana-uma-reflexao\/#primaryimage"},"image":{"@id":"https:\/\/radiolifefm.com.br\/noticias\/midia-provinciana-uma-reflexao\/#primaryimage"},"thumbnailUrl":"https:\/\/radiolifefm.com.br\/noticias\/wp-content\/uploads\/2022\/04\/WhatsApp-Image-2022-04-10-at-18.43.02.jpeg","datePublished":"2023-06-26T10:59:47+00:00","dateModified":"2025-12-10T15:01:49+00:00","breadcrumb":{"@id":"https:\/\/radiolifefm.com.br\/noticias\/midia-provinciana-uma-reflexao\/#breadcrumb"},"inLanguage":"pt-BR","potentialAction":[{"@type":"ReadAction","target":["https:\/\/radiolifefm.com.br\/noticias\/midia-provinciana-uma-reflexao\/"]}]},{"@type":"ImageObject","inLanguage":"pt-BR","@id":"https:\/\/radiolifefm.com.br\/noticias\/midia-provinciana-uma-reflexao\/#primaryimage","url":"https:\/\/radiolifefm.com.br\/noticias\/wp-content\/uploads\/2022\/04\/WhatsApp-Image-2022-04-10-at-18.43.02.jpeg","contentUrl":"https:\/\/radiolifefm.com.br\/noticias\/wp-content\/uploads\/2022\/04\/WhatsApp-Image-2022-04-10-at-18.43.02.jpeg","width":972,"height":1296,"caption":"S\u00e9rgio Barbosa"},{"@type":"BreadcrumbList","@id":"https:\/\/radiolifefm.com.br\/noticias\/midia-provinciana-uma-reflexao\/#breadcrumb","itemListElement":[{"@type":"ListItem","position":1,"name":"In\u00edcio","item":"https:\/\/radiolifefm.com.br\/noticias\/"},{"@type":"ListItem","position":2,"name":"M\u00cdDIA PROVINCIANA: UMA REFLEX\u00c3O!"}]},{"@type":"WebSite","@id":"https:\/\/radiolifefm.com.br\/noticias\/#website","url":"https:\/\/radiolifefm.com.br\/noticias\/","name":"R\u00e1dio Life FM","description":"O Portal de Not\u00edcias de Adamantina","publisher":{"@id":"https:\/\/radiolifefm.com.br\/noticias\/#organization"},"alternateName":"Life FM","potentialAction":[{"@type":"SearchAction","target":{"@type":"EntryPoint","urlTemplate":"https:\/\/radiolifefm.com.br\/noticias\/?s={search_term_string}"},"query-input":{"@type":"PropertyValueSpecification","valueRequired":true,"valueName":"search_term_string"}}],"inLanguage":"pt-BR"},{"@type":"Organization","@id":"https:\/\/radiolifefm.com.br\/noticias\/#organization","name":"R\u00e1dio Life FM","alternateName":"Life FM","url":"https:\/\/radiolifefm.com.br\/noticias\/","logo":{"@type":"ImageObject","inLanguage":"pt-BR","@id":"https:\/\/radiolifefm.com.br\/noticias\/#\/schema\/logo\/image\/","url":"https:\/\/static.radiolifefm.com.br\/noticias\/wp-content\/uploads\/2019\/10\/logo-lifefm.png","contentUrl":"https:\/\/static.radiolifefm.com.br\/noticias\/wp-content\/uploads\/2019\/10\/logo-lifefm.png","width":196,"height":47,"caption":"R\u00e1dio Life FM"},"image":{"@id":"https:\/\/radiolifefm.com.br\/noticias\/#\/schema\/logo\/image\/"},"sameAs":["https:\/\/www.facebook.com\/radiolifefm\/","https:\/\/www.instagram.com\/life1079fm\/"]},{"@type":"Person","@id":"https:\/\/radiolifefm.com.br\/noticias\/#\/schema\/person\/6339b9fac59d12b071dec680d7375d87","name":"ritanery","image":{"@type":"ImageObject","inLanguage":"pt-BR","@id":"https:\/\/secure.gravatar.com\/avatar\/0e37bb19071f47c0b8a23f62a903df117c5a0e75f65a0c2901562f97cd41cf86?s=96&d=mm&r=g","url":"https:\/\/secure.gravatar.com\/avatar\/0e37bb19071f47c0b8a23f62a903df117c5a0e75f65a0c2901562f97cd41cf86?s=96&d=mm&r=g","contentUrl":"https:\/\/secure.gravatar.com\/avatar\/0e37bb19071f47c0b8a23f62a903df117c5a0e75f65a0c2901562f97cd41cf86?s=96&d=mm&r=g","caption":"ritanery"}}]}},"amp_enabled":true,"_links":{"self":[{"href":"https:\/\/radiolifefm.com.br\/noticias\/wp-json\/wp\/v2\/posts\/72759","targetHints":{"allow":["GET"]}}],"collection":[{"href":"https:\/\/radiolifefm.com.br\/noticias\/wp-json\/wp\/v2\/posts"}],"about":[{"href":"https:\/\/radiolifefm.com.br\/noticias\/wp-json\/wp\/v2\/types\/post"}],"author":[{"embeddable":true,"href":"https:\/\/radiolifefm.com.br\/noticias\/wp-json\/wp\/v2\/users\/13"}],"replies":[{"embeddable":true,"href":"https:\/\/radiolifefm.com.br\/noticias\/wp-json\/wp\/v2\/comments?post=72759"}],"version-history":[{"count":1,"href":"https:\/\/radiolifefm.com.br\/noticias\/wp-json\/wp\/v2\/posts\/72759\/revisions"}],"predecessor-version":[{"id":72760,"href":"https:\/\/radiolifefm.com.br\/noticias\/wp-json\/wp\/v2\/posts\/72759\/revisions\/72760"}],"wp:featuredmedia":[{"embeddable":true,"href":"https:\/\/radiolifefm.com.br\/noticias\/wp-json\/wp\/v2\/media\/51988"}],"wp:attachment":[{"href":"https:\/\/radiolifefm.com.br\/noticias\/wp-json\/wp\/v2\/media?parent=72759"}],"wp:term":[{"taxonomy":"category","embeddable":true,"href":"https:\/\/radiolifefm.com.br\/noticias\/wp-json\/wp\/v2\/categories?post=72759"},{"taxonomy":"post_tag","embeddable":true,"href":"https:\/\/radiolifefm.com.br\/noticias\/wp-json\/wp\/v2\/tags?post=72759"}],"curies":[{"name":"wp","href":"https:\/\/api.w.org\/{rel}","templated":true}]}}