{"id":71949,"date":"2023-06-14T08:17:18","date_gmt":"2023-06-14T11:17:18","guid":{"rendered":"https:\/\/radiolifefm.com.br\/noticias\/?p=71949"},"modified":"2025-12-15T02:01:49","modified_gmt":"2025-12-15T05:01:49","slug":"no-presente-com-saudades-do-passado","status":"publish","type":"post","link":"https:\/\/radiolifefm.com.br\/noticias\/no-presente-com-saudades-do-passado\/","title":{"rendered":"NO PRESENTE COM SAUDADES DO PASSADO&#8230;"},"content":{"rendered":"<div id=\"fb-root\"><\/div>\n<p>&nbsp;<\/p>\n<p><em>\u00a0<\/em><\/p>\n<p><em>\u201c&#8230; n\u00e3o preciso que me digam onde nasce o sol, porque bate l\u00e1 meu cora\u00e7\u00e3o&#8230;\u201d (Belchior)<\/em><\/p>\n<p><strong><em>\u00a0<\/em><\/strong><\/p>\n<p><strong><em>S\u00e9rgio Barbosa (*)<\/em><\/strong><\/p>\n<p>&nbsp;<\/p>\n<p>Faz mais ou menos uns 2 meses, estive alguns dias em minha cidade natal, Ourinhos, localizada na divisa com o estado do Paran\u00e1 (norte)&#8230;<\/p>\n<p>Foram momentos maravilhosos com familiares e alguns amigos dos velhos e bons tempos, isso nos saudosos anos 70, quando tudo era apenas um detalhe e nada mais para aqueles meninos sonhadores do interior paulista&#8230;<\/p>\n<p>Neste encontro com o passado em meio ao presente, percebe-se que o tempo continua implac\u00e1vel com as pessoas e o contexto em que as mesmas vivem e muitas sobrevivem em total desconforto para um olhar distante e perdido em suas pr\u00f3prias contradi\u00e7\u00f5es humanas&#8230;<\/p>\n<p>A cidade cresceu e muitos nestes \u00faltimos anos, criando condi\u00e7\u00f5es para um outro modo de viver e deixar a vida levar de uma maneira simples e complexa ao mesmo tempo para os\/as ourinhenses&#8230;<\/p>\n<p>Os amigos de outrora est\u00e3o em outra agora, quem sabe, tentando levar as coisas da melhor forma poss\u00edvel, tendo em vista as necessidades de novo tempo que chega com a p\u00f3s-globaliza\u00e7\u00e3o midi\u00e1tica, ainda, mediada pela tal IA- Intelig\u00eancia Artificial&#8230;<\/p>\n<p>Os dias em terras provincianas, isso mesmo caro leitor, minha cidade natal, como tantas outras do Pa\u00eds do faz de conta n\u00e3o passa de uma prov\u00edncia qualquer, ainda, tendo problemas id\u00eanticos \u00e0s demais cidades do interior do interior paulista&#8230;<\/p>\n<p>Assim passaram os dias em meio aos desencontros de um encontro sem mais e sem menos, jogando conversa foram como dizem os homens simples de uma cidade qualquer&#8230;<\/p>\n<p>Por\u00e9m, o olhar frente \u00e0s mudan\u00e7as na terra natal sempre deixa marcas pelas estradas de uma viagem sem volta pelo passado de um tempo calado&#8230;<\/p>\n<p>As lembran\u00e7as ficam em nosso interior como recompensa pelos momentos vividos nesta prov\u00edncia ourinhense, entretanto, novos desafios s\u00e3o colocados em nosso caminho como forma de preserva\u00e7\u00e3o da simplicidade caipira neste contexto glocal, do global para o local&#8230;<\/p>\n<p>Fica, como sempre, a saudade do passado de um presente com futuro, claro, tudo muda disse o pensador do outro tempo, assim, o melhor \u00e9 levar a vida sem perder as ra\u00edzes do que se foi um dia, quando tudo era apenas um detalhe e nada mais em meio ao tudo de menos&#8230;<\/p>\n<p><em>__________________________________<\/em><\/p>\n<p><em>(*) Jornalista diplomado e PROVINCIANO da cidade de OURINHOS, SP&#8230;<\/em><\/p>\n<p><em>E-mail: barbosa.<a href=\"mailto:sebar@gmail.com\">sebar@gmail.com<\/a><\/em><\/p>\n<p>&nbsp;<\/p>\n","protected":false},"excerpt":{"rendered":"<p>&nbsp; \u00a0 \u201c&#8230; n\u00e3o preciso que me digam onde nasce o sol, porque bate l\u00e1 meu cora\u00e7\u00e3o&#8230;\u201d (Belchior) \u00a0 S\u00e9rgio Barbosa (*) &nbsp; Faz mais ou menos uns 2 meses, estive alguns dias em minha cidade natal, Ourinhos, localizada na divisa com o estado do Paran\u00e1 (norte)&#8230; Foram momentos maravilhosos com familiares e alguns amigos [&hellip;]<\/p>\n","protected":false},"author":13,"featured_media":51988,"comment_status":"closed","ping_status":"open","sticky":false,"template":"","format":"standard","meta":{"_acf_changed":false,"_exactmetrics_skip_tracking":false,"_exactmetrics_sitenote_active":false,"_exactmetrics_sitenote_note":"","_exactmetrics_sitenote_category":0,"footnotes":""},"categories":[59],"tags":[],"class_list":["post-71949","post","type-post","status-publish","format-standard","has-post-thumbnail","hentry","category-opiniao"],"acf":[],"yoast_head":"<!-- This site is optimized with the Yoast SEO plugin v27.2 - https:\/\/yoast.com\/product\/yoast-seo-wordpress\/ -->\n<title>NO PRESENTE COM SAUDADES DO PASSADO... - R\u00e1dio Life FM<\/title>\n<meta name=\"robots\" content=\"index, follow, max-snippet:-1, max-image-preview:large, max-video-preview:-1\" \/>\n<link rel=\"canonical\" href=\"https:\/\/radiolifefm.com.br\/noticias\/no-presente-com-saudades-do-passado\/\" \/>\n<meta property=\"og:locale\" content=\"pt_BR\" \/>\n<meta property=\"og:type\" content=\"article\" \/>\n<meta property=\"og:title\" content=\"NO PRESENTE COM SAUDADES DO PASSADO... - R\u00e1dio Life FM\" \/>\n<meta property=\"og:description\" content=\"&nbsp; \u00a0 \u201c&#8230; n\u00e3o preciso que me digam onde nasce o sol, porque bate l\u00e1 meu cora\u00e7\u00e3o&#8230;\u201d (Belchior) \u00a0 S\u00e9rgio Barbosa (*) &nbsp; Faz mais ou menos uns 2 meses, estive alguns dias em minha cidade natal, Ourinhos, localizada na divisa com o estado do Paran\u00e1 (norte)&#8230; Foram momentos maravilhosos com familiares e alguns amigos [&hellip;]\" \/>\n<meta property=\"og:url\" content=\"https:\/\/radiolifefm.com.br\/noticias\/no-presente-com-saudades-do-passado\/\" \/>\n<meta property=\"og:site_name\" content=\"R\u00e1dio Life FM\" \/>\n<meta property=\"article:publisher\" content=\"https:\/\/www.facebook.com\/radiolifefm\/\" \/>\n<meta property=\"article:published_time\" content=\"2023-06-14T11:17:18+00:00\" \/>\n<meta property=\"article:modified_time\" content=\"2025-12-15T05:01:49+00:00\" \/>\n<meta property=\"og:image\" content=\"https:\/\/radiolifefm.com.br\/noticias\/wp-content\/uploads\/2022\/04\/WhatsApp-Image-2022-04-10-at-18.43.02.jpeg\" \/>\n\t<meta property=\"og:image:width\" content=\"972\" \/>\n\t<meta property=\"og:image:height\" content=\"1296\" \/>\n\t<meta property=\"og:image:type\" content=\"image\/jpeg\" \/>\n<meta name=\"author\" content=\"ritanery\" \/>\n<meta name=\"twitter:card\" content=\"summary_large_image\" \/>\n<meta name=\"twitter:label1\" content=\"Escrito por\" \/>\n\t<meta name=\"twitter:data1\" content=\"ritanery\" \/>\n\t<meta name=\"twitter:label2\" content=\"Est. tempo de leitura\" \/>\n\t<meta name=\"twitter:data2\" content=\"3 minutos\" \/>\n<script type=\"application\/ld+json\" class=\"yoast-schema-graph\">{\"@context\":\"https:\/\/schema.org\",\"@graph\":[{\"@type\":\"Article\",\"@id\":\"https:\/\/radiolifefm.com.br\/noticias\/no-presente-com-saudades-do-passado\/#article\",\"isPartOf\":{\"@id\":\"https:\/\/radiolifefm.com.br\/noticias\/no-presente-com-saudades-do-passado\/\"},\"author\":{\"name\":\"ritanery\",\"@id\":\"https:\/\/radiolifefm.com.br\/noticias\/#\/schema\/person\/6339b9fac59d12b071dec680d7375d87\"},\"headline\":\"NO PRESENTE COM SAUDADES DO PASSADO&#8230;\",\"datePublished\":\"2023-06-14T11:17:18+00:00\",\"dateModified\":\"2025-12-15T05:01:49+00:00\",\"mainEntityOfPage\":{\"@id\":\"https:\/\/radiolifefm.com.br\/noticias\/no-presente-com-saudades-do-passado\/\"},\"wordCount\":417,\"publisher\":{\"@id\":\"https:\/\/radiolifefm.com.br\/noticias\/#organization\"},\"image\":{\"@id\":\"https:\/\/radiolifefm.com.br\/noticias\/no-presente-com-saudades-do-passado\/#primaryimage\"},\"thumbnailUrl\":\"https:\/\/radiolifefm.com.br\/noticias\/wp-content\/uploads\/2022\/04\/WhatsApp-Image-2022-04-10-at-18.43.02.jpeg\",\"articleSection\":[\"Opini\u00e3o\"],\"inLanguage\":\"pt-BR\"},{\"@type\":\"WebPage\",\"@id\":\"https:\/\/radiolifefm.com.br\/noticias\/no-presente-com-saudades-do-passado\/\",\"url\":\"https:\/\/radiolifefm.com.br\/noticias\/no-presente-com-saudades-do-passado\/\",\"name\":\"NO PRESENTE COM SAUDADES DO PASSADO... - R\u00e1dio Life FM\",\"isPartOf\":{\"@id\":\"https:\/\/radiolifefm.com.br\/noticias\/#website\"},\"primaryImageOfPage\":{\"@id\":\"https:\/\/radiolifefm.com.br\/noticias\/no-presente-com-saudades-do-passado\/#primaryimage\"},\"image\":{\"@id\":\"https:\/\/radiolifefm.com.br\/noticias\/no-presente-com-saudades-do-passado\/#primaryimage\"},\"thumbnailUrl\":\"https:\/\/radiolifefm.com.br\/noticias\/wp-content\/uploads\/2022\/04\/WhatsApp-Image-2022-04-10-at-18.43.02.jpeg\",\"datePublished\":\"2023-06-14T11:17:18+00:00\",\"dateModified\":\"2025-12-15T05:01:49+00:00\",\"breadcrumb\":{\"@id\":\"https:\/\/radiolifefm.com.br\/noticias\/no-presente-com-saudades-do-passado\/#breadcrumb\"},\"inLanguage\":\"pt-BR\",\"potentialAction\":[{\"@type\":\"ReadAction\",\"target\":[\"https:\/\/radiolifefm.com.br\/noticias\/no-presente-com-saudades-do-passado\/\"]}]},{\"@type\":\"ImageObject\",\"inLanguage\":\"pt-BR\",\"@id\":\"https:\/\/radiolifefm.com.br\/noticias\/no-presente-com-saudades-do-passado\/#primaryimage\",\"url\":\"https:\/\/radiolifefm.com.br\/noticias\/wp-content\/uploads\/2022\/04\/WhatsApp-Image-2022-04-10-at-18.43.02.jpeg\",\"contentUrl\":\"https:\/\/radiolifefm.com.br\/noticias\/wp-content\/uploads\/2022\/04\/WhatsApp-Image-2022-04-10-at-18.43.02.jpeg\",\"width\":972,\"height\":1296,\"caption\":\"S\u00e9rgio Barbosa\"},{\"@type\":\"BreadcrumbList\",\"@id\":\"https:\/\/radiolifefm.com.br\/noticias\/no-presente-com-saudades-do-passado\/#breadcrumb\",\"itemListElement\":[{\"@type\":\"ListItem\",\"position\":1,\"name\":\"In\u00edcio\",\"item\":\"https:\/\/radiolifefm.com.br\/noticias\/\"},{\"@type\":\"ListItem\",\"position\":2,\"name\":\"NO PRESENTE COM SAUDADES DO PASSADO&#8230;\"}]},{\"@type\":\"WebSite\",\"@id\":\"https:\/\/radiolifefm.com.br\/noticias\/#website\",\"url\":\"https:\/\/radiolifefm.com.br\/noticias\/\",\"name\":\"R\u00e1dio Life FM\",\"description\":\"O Portal de Not\u00edcias de Adamantina\",\"publisher\":{\"@id\":\"https:\/\/radiolifefm.com.br\/noticias\/#organization\"},\"alternateName\":\"Life FM\",\"potentialAction\":[{\"@type\":\"SearchAction\",\"target\":{\"@type\":\"EntryPoint\",\"urlTemplate\":\"https:\/\/radiolifefm.com.br\/noticias\/?s={search_term_string}\"},\"query-input\":{\"@type\":\"PropertyValueSpecification\",\"valueRequired\":true,\"valueName\":\"search_term_string\"}}],\"inLanguage\":\"pt-BR\"},{\"@type\":\"Organization\",\"@id\":\"https:\/\/radiolifefm.com.br\/noticias\/#organization\",\"name\":\"R\u00e1dio Life FM\",\"alternateName\":\"Life FM\",\"url\":\"https:\/\/radiolifefm.com.br\/noticias\/\",\"logo\":{\"@type\":\"ImageObject\",\"inLanguage\":\"pt-BR\",\"@id\":\"https:\/\/radiolifefm.com.br\/noticias\/#\/schema\/logo\/image\/\",\"url\":\"https:\/\/static.radiolifefm.com.br\/noticias\/wp-content\/uploads\/2019\/10\/logo-lifefm.png\",\"contentUrl\":\"https:\/\/static.radiolifefm.com.br\/noticias\/wp-content\/uploads\/2019\/10\/logo-lifefm.png\",\"width\":196,\"height\":47,\"caption\":\"R\u00e1dio Life FM\"},\"image\":{\"@id\":\"https:\/\/radiolifefm.com.br\/noticias\/#\/schema\/logo\/image\/\"},\"sameAs\":[\"https:\/\/www.facebook.com\/radiolifefm\/\",\"https:\/\/www.instagram.com\/life1079fm\/\"]},{\"@type\":\"Person\",\"@id\":\"https:\/\/radiolifefm.com.br\/noticias\/#\/schema\/person\/6339b9fac59d12b071dec680d7375d87\",\"name\":\"ritanery\",\"image\":{\"@type\":\"ImageObject\",\"inLanguage\":\"pt-BR\",\"@id\":\"https:\/\/secure.gravatar.com\/avatar\/0e37bb19071f47c0b8a23f62a903df117c5a0e75f65a0c2901562f97cd41cf86?s=96&d=mm&r=g\",\"url\":\"https:\/\/secure.gravatar.com\/avatar\/0e37bb19071f47c0b8a23f62a903df117c5a0e75f65a0c2901562f97cd41cf86?s=96&d=mm&r=g\",\"contentUrl\":\"https:\/\/secure.gravatar.com\/avatar\/0e37bb19071f47c0b8a23f62a903df117c5a0e75f65a0c2901562f97cd41cf86?s=96&d=mm&r=g\",\"caption\":\"ritanery\"}}]}<\/script>\n<!-- \/ Yoast SEO plugin. -->","yoast_head_json":{"title":"NO PRESENTE COM SAUDADES DO PASSADO... - R\u00e1dio Life FM","robots":{"index":"index","follow":"follow","max-snippet":"max-snippet:-1","max-image-preview":"max-image-preview:large","max-video-preview":"max-video-preview:-1"},"canonical":"https:\/\/radiolifefm.com.br\/noticias\/no-presente-com-saudades-do-passado\/","og_locale":"pt_BR","og_type":"article","og_title":"NO PRESENTE COM SAUDADES DO PASSADO... - R\u00e1dio Life FM","og_description":"&nbsp; \u00a0 \u201c&#8230; n\u00e3o preciso que me digam onde nasce o sol, porque bate l\u00e1 meu cora\u00e7\u00e3o&#8230;\u201d (Belchior) \u00a0 S\u00e9rgio Barbosa (*) &nbsp; Faz mais ou menos uns 2 meses, estive alguns dias em minha cidade natal, Ourinhos, localizada na divisa com o estado do Paran\u00e1 (norte)&#8230; Foram momentos maravilhosos com familiares e alguns amigos [&hellip;]","og_url":"https:\/\/radiolifefm.com.br\/noticias\/no-presente-com-saudades-do-passado\/","og_site_name":"R\u00e1dio Life FM","article_publisher":"https:\/\/www.facebook.com\/radiolifefm\/","article_published_time":"2023-06-14T11:17:18+00:00","article_modified_time":"2025-12-15T05:01:49+00:00","og_image":[{"width":972,"height":1296,"url":"https:\/\/radiolifefm.com.br\/noticias\/wp-content\/uploads\/2022\/04\/WhatsApp-Image-2022-04-10-at-18.43.02.jpeg","type":"image\/jpeg"}],"author":"ritanery","twitter_card":"summary_large_image","twitter_misc":{"Escrito por":"ritanery","Est. tempo de leitura":"3 minutos"},"schema":{"@context":"https:\/\/schema.org","@graph":[{"@type":"Article","@id":"https:\/\/radiolifefm.com.br\/noticias\/no-presente-com-saudades-do-passado\/#article","isPartOf":{"@id":"https:\/\/radiolifefm.com.br\/noticias\/no-presente-com-saudades-do-passado\/"},"author":{"name":"ritanery","@id":"https:\/\/radiolifefm.com.br\/noticias\/#\/schema\/person\/6339b9fac59d12b071dec680d7375d87"},"headline":"NO PRESENTE COM SAUDADES DO PASSADO&#8230;","datePublished":"2023-06-14T11:17:18+00:00","dateModified":"2025-12-15T05:01:49+00:00","mainEntityOfPage":{"@id":"https:\/\/radiolifefm.com.br\/noticias\/no-presente-com-saudades-do-passado\/"},"wordCount":417,"publisher":{"@id":"https:\/\/radiolifefm.com.br\/noticias\/#organization"},"image":{"@id":"https:\/\/radiolifefm.com.br\/noticias\/no-presente-com-saudades-do-passado\/#primaryimage"},"thumbnailUrl":"https:\/\/radiolifefm.com.br\/noticias\/wp-content\/uploads\/2022\/04\/WhatsApp-Image-2022-04-10-at-18.43.02.jpeg","articleSection":["Opini\u00e3o"],"inLanguage":"pt-BR"},{"@type":"WebPage","@id":"https:\/\/radiolifefm.com.br\/noticias\/no-presente-com-saudades-do-passado\/","url":"https:\/\/radiolifefm.com.br\/noticias\/no-presente-com-saudades-do-passado\/","name":"NO PRESENTE COM SAUDADES DO PASSADO... - R\u00e1dio Life FM","isPartOf":{"@id":"https:\/\/radiolifefm.com.br\/noticias\/#website"},"primaryImageOfPage":{"@id":"https:\/\/radiolifefm.com.br\/noticias\/no-presente-com-saudades-do-passado\/#primaryimage"},"image":{"@id":"https:\/\/radiolifefm.com.br\/noticias\/no-presente-com-saudades-do-passado\/#primaryimage"},"thumbnailUrl":"https:\/\/radiolifefm.com.br\/noticias\/wp-content\/uploads\/2022\/04\/WhatsApp-Image-2022-04-10-at-18.43.02.jpeg","datePublished":"2023-06-14T11:17:18+00:00","dateModified":"2025-12-15T05:01:49+00:00","breadcrumb":{"@id":"https:\/\/radiolifefm.com.br\/noticias\/no-presente-com-saudades-do-passado\/#breadcrumb"},"inLanguage":"pt-BR","potentialAction":[{"@type":"ReadAction","target":["https:\/\/radiolifefm.com.br\/noticias\/no-presente-com-saudades-do-passado\/"]}]},{"@type":"ImageObject","inLanguage":"pt-BR","@id":"https:\/\/radiolifefm.com.br\/noticias\/no-presente-com-saudades-do-passado\/#primaryimage","url":"https:\/\/radiolifefm.com.br\/noticias\/wp-content\/uploads\/2022\/04\/WhatsApp-Image-2022-04-10-at-18.43.02.jpeg","contentUrl":"https:\/\/radiolifefm.com.br\/noticias\/wp-content\/uploads\/2022\/04\/WhatsApp-Image-2022-04-10-at-18.43.02.jpeg","width":972,"height":1296,"caption":"S\u00e9rgio Barbosa"},{"@type":"BreadcrumbList","@id":"https:\/\/radiolifefm.com.br\/noticias\/no-presente-com-saudades-do-passado\/#breadcrumb","itemListElement":[{"@type":"ListItem","position":1,"name":"In\u00edcio","item":"https:\/\/radiolifefm.com.br\/noticias\/"},{"@type":"ListItem","position":2,"name":"NO PRESENTE COM SAUDADES DO PASSADO&#8230;"}]},{"@type":"WebSite","@id":"https:\/\/radiolifefm.com.br\/noticias\/#website","url":"https:\/\/radiolifefm.com.br\/noticias\/","name":"R\u00e1dio Life FM","description":"O Portal de Not\u00edcias de Adamantina","publisher":{"@id":"https:\/\/radiolifefm.com.br\/noticias\/#organization"},"alternateName":"Life FM","potentialAction":[{"@type":"SearchAction","target":{"@type":"EntryPoint","urlTemplate":"https:\/\/radiolifefm.com.br\/noticias\/?s={search_term_string}"},"query-input":{"@type":"PropertyValueSpecification","valueRequired":true,"valueName":"search_term_string"}}],"inLanguage":"pt-BR"},{"@type":"Organization","@id":"https:\/\/radiolifefm.com.br\/noticias\/#organization","name":"R\u00e1dio Life FM","alternateName":"Life FM","url":"https:\/\/radiolifefm.com.br\/noticias\/","logo":{"@type":"ImageObject","inLanguage":"pt-BR","@id":"https:\/\/radiolifefm.com.br\/noticias\/#\/schema\/logo\/image\/","url":"https:\/\/static.radiolifefm.com.br\/noticias\/wp-content\/uploads\/2019\/10\/logo-lifefm.png","contentUrl":"https:\/\/static.radiolifefm.com.br\/noticias\/wp-content\/uploads\/2019\/10\/logo-lifefm.png","width":196,"height":47,"caption":"R\u00e1dio Life FM"},"image":{"@id":"https:\/\/radiolifefm.com.br\/noticias\/#\/schema\/logo\/image\/"},"sameAs":["https:\/\/www.facebook.com\/radiolifefm\/","https:\/\/www.instagram.com\/life1079fm\/"]},{"@type":"Person","@id":"https:\/\/radiolifefm.com.br\/noticias\/#\/schema\/person\/6339b9fac59d12b071dec680d7375d87","name":"ritanery","image":{"@type":"ImageObject","inLanguage":"pt-BR","@id":"https:\/\/secure.gravatar.com\/avatar\/0e37bb19071f47c0b8a23f62a903df117c5a0e75f65a0c2901562f97cd41cf86?s=96&d=mm&r=g","url":"https:\/\/secure.gravatar.com\/avatar\/0e37bb19071f47c0b8a23f62a903df117c5a0e75f65a0c2901562f97cd41cf86?s=96&d=mm&r=g","contentUrl":"https:\/\/secure.gravatar.com\/avatar\/0e37bb19071f47c0b8a23f62a903df117c5a0e75f65a0c2901562f97cd41cf86?s=96&d=mm&r=g","caption":"ritanery"}}]}},"amp_enabled":true,"_links":{"self":[{"href":"https:\/\/radiolifefm.com.br\/noticias\/wp-json\/wp\/v2\/posts\/71949","targetHints":{"allow":["GET"]}}],"collection":[{"href":"https:\/\/radiolifefm.com.br\/noticias\/wp-json\/wp\/v2\/posts"}],"about":[{"href":"https:\/\/radiolifefm.com.br\/noticias\/wp-json\/wp\/v2\/types\/post"}],"author":[{"embeddable":true,"href":"https:\/\/radiolifefm.com.br\/noticias\/wp-json\/wp\/v2\/users\/13"}],"replies":[{"embeddable":true,"href":"https:\/\/radiolifefm.com.br\/noticias\/wp-json\/wp\/v2\/comments?post=71949"}],"version-history":[{"count":1,"href":"https:\/\/radiolifefm.com.br\/noticias\/wp-json\/wp\/v2\/posts\/71949\/revisions"}],"predecessor-version":[{"id":71950,"href":"https:\/\/radiolifefm.com.br\/noticias\/wp-json\/wp\/v2\/posts\/71949\/revisions\/71950"}],"wp:featuredmedia":[{"embeddable":true,"href":"https:\/\/radiolifefm.com.br\/noticias\/wp-json\/wp\/v2\/media\/51988"}],"wp:attachment":[{"href":"https:\/\/radiolifefm.com.br\/noticias\/wp-json\/wp\/v2\/media?parent=71949"}],"wp:term":[{"taxonomy":"category","embeddable":true,"href":"https:\/\/radiolifefm.com.br\/noticias\/wp-json\/wp\/v2\/categories?post=71949"},{"taxonomy":"post_tag","embeddable":true,"href":"https:\/\/radiolifefm.com.br\/noticias\/wp-json\/wp\/v2\/tags?post=71949"}],"curies":[{"name":"wp","href":"https:\/\/api.w.org\/{rel}","templated":true}]}}