{"id":71905,"date":"2023-06-12T08:05:05","date_gmt":"2023-06-12T11:05:05","guid":{"rendered":"https:\/\/radiolifefm.com.br\/noticias\/?p=71905"},"modified":"2025-12-10T13:52:21","modified_gmt":"2025-12-10T16:52:21","slug":"midia-provincia-paredes-alvas-e-quinto-andar","status":"publish","type":"post","link":"https:\/\/radiolifefm.com.br\/noticias\/midia-provincia-paredes-alvas-e-quinto-andar\/","title":{"rendered":"M\u00cdDIA, PROV\u00cdNCIA, PAREDES ALVAS E QUINTO ANDAR&#8230;"},"content":{"rendered":"<div id=\"fb-root\"><\/div>\n<p><em>\u00a0<\/em><\/p>\n<p><em>\u201cTr\u00eas jornais me fazem mais medo do que cem mil baionetas.\u201d (Napole\u00e3o Bonaparte)<\/em><\/p>\n<p>&nbsp;<\/p>\n<p><strong><em>S\u00e9rgio Barbosa (*)<\/em><\/strong><\/p>\n<p>&nbsp;<\/p>\n<p>A m\u00eddia provinciana continua trazendo, como sempre, muitas informa\u00e7\u00f5es desencontradas sobre isto e mais aquilo, claro, tamb\u00e9m, com o famoso \u201crabo preso\u201d com este ou aquele PODER em busca do PODER com o PODER, ainda, \u201cgr\u00e3o em gr\u00e3o a galinha enche o papo\u201d&#8230;<\/p>\n<p>Muitos continuam se escondendo dos holofotes, preferem os bastidores da briga pelo poder p\u00fablico municipal em tempo de p\u00f3s-globaliza\u00e7\u00e3o, quem sabe, tentando dar o famoso golpe em plena pra\u00e7a p\u00fablica que pode ser na REGIAO CENTRAL, tendo em vista as tais ESCOLHAS sobre isto ou aquilo em tempo de MENTES MED\u00cdOCRES PROVINCIANAS&#8230;<\/p>\n<p>Na semana passada, bem como, nestes dias, veicularam diversas \u201cmensagens\u201d por meio desta ou daquela \u201cplataforma digital\u201d, informa\u00e7\u00f5es desencontradas com aquelas famosas LICITA\u00c7\u00d5ES um tanto quanto SUSPEITAS quanto a esta ou aquela compra, por exemplo, SALGADOS ESPECIAIS de um lado, ainda, VALORES MONET\u00c1RIOS para esta ou aquela atividade nos lados das PAREDES ALVAS&#8230;<\/p>\n<p>Do outro lado do PODER P\u00daBLICO, ou seja, da GEST\u00c3O PINOQUIANA e sua turma de ALOPRADOS\/AS, informa\u00e7\u00f5es publicadas no tal PORTAL DA TRANSPAR\u00caNCIA com algumas COMPRAS um tanto quanto \u201cdiferente\u201d quanto ao PRODUTO, bem como, aquela DAN\u00c7A DAS CADEIRAS sem muitas EXPLICA\u00c7\u00d5ES , neste caso, ficam os RUMORES sobre isto ou aquilo, ainda, sem mais e sem menos&#8230;<\/p>\n<p>Pra variar, a M\u00cdDIA PROVINCIANA acaba sendo sufocada pelos interesses NADA OCULTOS sobre tais FATOS e assim por diante, todavia, como diz o outro dito popular que afirma, a saber: NADA COMO UM DIA DEPOIS DO OUTRO&#8230;<\/p>\n<p>Tamb\u00e9m, deve-se registrar que naquele outro lado de um mesmo lado (sic), ou seja, pelas IDAS e VINDAS desta ou daquele LICITA\u00c7\u00c3O um tanto quanto DIFERENTE quanto as tais CONTRATA\u00c7\u00d5ES e COMPRAS, pode-se destacar que existem alguns DESENCONTROS nas PAREDES ALVAS a tal TRANSPARAR\u00caNCIA e ponto quase final&#8230;<\/p>\n<p>O complicado para a comunidade LOCAL, neste caso, quando a m\u00eddia esconde do\/a leitor\/a o lado escuro da podrid\u00e3o ou ent\u00e3o, do mau uso do dinheiro p\u00fablico, acaba se comprometendo com os donos das muitas verdades em meio \u00e0s mentiras dos cargos em um jogo de esconde-esconde, ainda, para uma fuga a mais em plena luz do dia e o pior, utilizando nestes OCASOS DE UM TALVEZ, o discurso de sempre e na maioria das vezes, acobertados pela falsidade da M\u00cdDIA PROVINCIANA&#8230;<\/p>\n<p>A no\u00e7\u00e3o do que \u00e9 certo pode parecer errado e vice-versa em terras provincianas, ainda mais quando os rumores continuam fazendo e desfazendo nomes com pretens\u00f5es eleitorais no pr\u00f3ximo ano&#8230;<\/p>\n<p>Tamb\u00e9m, a HIST\u00d3RIA n\u00e3o \u00e9 mais a mesma e pode se apresentar como mais uma EST\u00d3RIA neste TEMPO NOVO TEMPO, portanto, o compromisso com a cidadania deixa de existir, isso \u00e9, se realmente existiu um dia para os\/as PROVINCIANOS\/AS&#8230;<\/p>\n<p>O momento \u00e9 para uma reflex\u00e3o sobre o papel da m\u00eddia LOCAL frente aos acontecimentos do momento, entretanto, muitos preferem fazer como a avestruz em situa\u00e7\u00e3o de risco, ou seja, \u201cenfiar a cabe\u00e7a num buraco qualquer\u201d e deixar tudo para o outro lado, tamb\u00e9m, sempre aparece algu\u00e9m ou alguns para tocar a bola do meio de campo para frente, claro, buscando o gol como objetivo de vit\u00f3ria num jogo de vida e de morte como o atual CEN\u00c1RIO desta PROV\u00cdNCIA DO FAZ DE CONTA&#8230;<\/p>\n<p>QUEM SOBREVIVER VAI SABER&#8230;<\/p>\n<p><strong><em>__________________________________________<\/em><\/strong><\/p>\n<p><strong><em>(*) Jornalista diplomado.<\/em><\/strong><\/p>\n<p><strong><em>e-mail: barbosa.<a href=\"mailto:sebar@gmail.com\">sebar@gmail.com<\/a><\/em><\/strong><\/p>\n<p>&nbsp;<\/p>\n","protected":false},"excerpt":{"rendered":"<p>\u00a0 \u201cTr\u00eas jornais me fazem mais medo do que cem mil baionetas.\u201d (Napole\u00e3o Bonaparte) &nbsp; S\u00e9rgio Barbosa (*) &nbsp; A m\u00eddia provinciana continua trazendo, como sempre, muitas informa\u00e7\u00f5es desencontradas sobre isto e mais aquilo, claro, tamb\u00e9m, com o famoso \u201crabo preso\u201d com este ou aquele PODER em busca do PODER com o PODER, ainda, \u201cgr\u00e3o [&hellip;]<\/p>\n","protected":false},"author":13,"featured_media":51988,"comment_status":"closed","ping_status":"open","sticky":false,"template":"","format":"standard","meta":{"_acf_changed":false,"_exactmetrics_skip_tracking":false,"_exactmetrics_sitenote_active":false,"_exactmetrics_sitenote_note":"","_exactmetrics_sitenote_category":0,"footnotes":""},"categories":[59],"tags":[],"class_list":["post-71905","post","type-post","status-publish","format-standard","has-post-thumbnail","hentry","category-opiniao"],"acf":[],"yoast_head":"<!-- This site is optimized with the Yoast SEO plugin v27.2 - https:\/\/yoast.com\/product\/yoast-seo-wordpress\/ -->\n<title>M\u00cdDIA, PROV\u00cdNCIA, PAREDES ALVAS E QUINTO ANDAR... - R\u00e1dio Life FM<\/title>\n<meta name=\"robots\" content=\"index, follow, max-snippet:-1, max-image-preview:large, max-video-preview:-1\" \/>\n<link rel=\"canonical\" href=\"https:\/\/radiolifefm.com.br\/noticias\/midia-provincia-paredes-alvas-e-quinto-andar\/\" \/>\n<meta property=\"og:locale\" content=\"pt_BR\" \/>\n<meta property=\"og:type\" content=\"article\" \/>\n<meta property=\"og:title\" content=\"M\u00cdDIA, PROV\u00cdNCIA, PAREDES ALVAS E QUINTO ANDAR... - R\u00e1dio Life FM\" \/>\n<meta property=\"og:description\" content=\"\u00a0 \u201cTr\u00eas jornais me fazem mais medo do que cem mil baionetas.\u201d (Napole\u00e3o Bonaparte) &nbsp; S\u00e9rgio Barbosa (*) &nbsp; A m\u00eddia provinciana continua trazendo, como sempre, muitas informa\u00e7\u00f5es desencontradas sobre isto e mais aquilo, claro, tamb\u00e9m, com o famoso \u201crabo preso\u201d com este ou aquele PODER em busca do PODER com o PODER, ainda, \u201cgr\u00e3o [&hellip;]\" \/>\n<meta property=\"og:url\" content=\"https:\/\/radiolifefm.com.br\/noticias\/midia-provincia-paredes-alvas-e-quinto-andar\/\" \/>\n<meta property=\"og:site_name\" content=\"R\u00e1dio Life FM\" \/>\n<meta property=\"article:publisher\" content=\"https:\/\/www.facebook.com\/radiolifefm\/\" \/>\n<meta property=\"article:published_time\" content=\"2023-06-12T11:05:05+00:00\" \/>\n<meta property=\"article:modified_time\" content=\"2025-12-10T16:52:21+00:00\" \/>\n<meta property=\"og:image\" content=\"https:\/\/radiolifefm.com.br\/noticias\/wp-content\/uploads\/2022\/04\/WhatsApp-Image-2022-04-10-at-18.43.02.jpeg\" \/>\n\t<meta property=\"og:image:width\" content=\"972\" \/>\n\t<meta property=\"og:image:height\" content=\"1296\" \/>\n\t<meta property=\"og:image:type\" content=\"image\/jpeg\" \/>\n<meta name=\"author\" content=\"ritanery\" \/>\n<meta name=\"twitter:card\" content=\"summary_large_image\" \/>\n<meta name=\"twitter:label1\" content=\"Escrito por\" \/>\n\t<meta name=\"twitter:data1\" content=\"ritanery\" \/>\n\t<meta name=\"twitter:label2\" content=\"Est. tempo de leitura\" \/>\n\t<meta name=\"twitter:data2\" content=\"4 minutos\" \/>\n<script type=\"application\/ld+json\" class=\"yoast-schema-graph\">{\"@context\":\"https:\/\/schema.org\",\"@graph\":[{\"@type\":\"Article\",\"@id\":\"https:\/\/radiolifefm.com.br\/noticias\/midia-provincia-paredes-alvas-e-quinto-andar\/#article\",\"isPartOf\":{\"@id\":\"https:\/\/radiolifefm.com.br\/noticias\/midia-provincia-paredes-alvas-e-quinto-andar\/\"},\"author\":{\"name\":\"ritanery\",\"@id\":\"https:\/\/radiolifefm.com.br\/noticias\/#\/schema\/person\/6339b9fac59d12b071dec680d7375d87\"},\"headline\":\"M\u00cdDIA, PROV\u00cdNCIA, PAREDES ALVAS E QUINTO ANDAR&#8230;\",\"datePublished\":\"2023-06-12T11:05:05+00:00\",\"dateModified\":\"2025-12-10T16:52:21+00:00\",\"mainEntityOfPage\":{\"@id\":\"https:\/\/radiolifefm.com.br\/noticias\/midia-provincia-paredes-alvas-e-quinto-andar\/\"},\"wordCount\":613,\"publisher\":{\"@id\":\"https:\/\/radiolifefm.com.br\/noticias\/#organization\"},\"image\":{\"@id\":\"https:\/\/radiolifefm.com.br\/noticias\/midia-provincia-paredes-alvas-e-quinto-andar\/#primaryimage\"},\"thumbnailUrl\":\"https:\/\/radiolifefm.com.br\/noticias\/wp-content\/uploads\/2022\/04\/WhatsApp-Image-2022-04-10-at-18.43.02.jpeg\",\"articleSection\":[\"Opini\u00e3o\"],\"inLanguage\":\"pt-BR\"},{\"@type\":\"WebPage\",\"@id\":\"https:\/\/radiolifefm.com.br\/noticias\/midia-provincia-paredes-alvas-e-quinto-andar\/\",\"url\":\"https:\/\/radiolifefm.com.br\/noticias\/midia-provincia-paredes-alvas-e-quinto-andar\/\",\"name\":\"M\u00cdDIA, PROV\u00cdNCIA, PAREDES ALVAS E QUINTO ANDAR... - R\u00e1dio Life FM\",\"isPartOf\":{\"@id\":\"https:\/\/radiolifefm.com.br\/noticias\/#website\"},\"primaryImageOfPage\":{\"@id\":\"https:\/\/radiolifefm.com.br\/noticias\/midia-provincia-paredes-alvas-e-quinto-andar\/#primaryimage\"},\"image\":{\"@id\":\"https:\/\/radiolifefm.com.br\/noticias\/midia-provincia-paredes-alvas-e-quinto-andar\/#primaryimage\"},\"thumbnailUrl\":\"https:\/\/radiolifefm.com.br\/noticias\/wp-content\/uploads\/2022\/04\/WhatsApp-Image-2022-04-10-at-18.43.02.jpeg\",\"datePublished\":\"2023-06-12T11:05:05+00:00\",\"dateModified\":\"2025-12-10T16:52:21+00:00\",\"breadcrumb\":{\"@id\":\"https:\/\/radiolifefm.com.br\/noticias\/midia-provincia-paredes-alvas-e-quinto-andar\/#breadcrumb\"},\"inLanguage\":\"pt-BR\",\"potentialAction\":[{\"@type\":\"ReadAction\",\"target\":[\"https:\/\/radiolifefm.com.br\/noticias\/midia-provincia-paredes-alvas-e-quinto-andar\/\"]}]},{\"@type\":\"ImageObject\",\"inLanguage\":\"pt-BR\",\"@id\":\"https:\/\/radiolifefm.com.br\/noticias\/midia-provincia-paredes-alvas-e-quinto-andar\/#primaryimage\",\"url\":\"https:\/\/radiolifefm.com.br\/noticias\/wp-content\/uploads\/2022\/04\/WhatsApp-Image-2022-04-10-at-18.43.02.jpeg\",\"contentUrl\":\"https:\/\/radiolifefm.com.br\/noticias\/wp-content\/uploads\/2022\/04\/WhatsApp-Image-2022-04-10-at-18.43.02.jpeg\",\"width\":972,\"height\":1296,\"caption\":\"S\u00e9rgio Barbosa\"},{\"@type\":\"BreadcrumbList\",\"@id\":\"https:\/\/radiolifefm.com.br\/noticias\/midia-provincia-paredes-alvas-e-quinto-andar\/#breadcrumb\",\"itemListElement\":[{\"@type\":\"ListItem\",\"position\":1,\"name\":\"In\u00edcio\",\"item\":\"https:\/\/radiolifefm.com.br\/noticias\/\"},{\"@type\":\"ListItem\",\"position\":2,\"name\":\"M\u00cdDIA, PROV\u00cdNCIA, PAREDES ALVAS E QUINTO ANDAR&#8230;\"}]},{\"@type\":\"WebSite\",\"@id\":\"https:\/\/radiolifefm.com.br\/noticias\/#website\",\"url\":\"https:\/\/radiolifefm.com.br\/noticias\/\",\"name\":\"R\u00e1dio Life FM\",\"description\":\"O Portal de Not\u00edcias de Adamantina\",\"publisher\":{\"@id\":\"https:\/\/radiolifefm.com.br\/noticias\/#organization\"},\"alternateName\":\"Life FM\",\"potentialAction\":[{\"@type\":\"SearchAction\",\"target\":{\"@type\":\"EntryPoint\",\"urlTemplate\":\"https:\/\/radiolifefm.com.br\/noticias\/?s={search_term_string}\"},\"query-input\":{\"@type\":\"PropertyValueSpecification\",\"valueRequired\":true,\"valueName\":\"search_term_string\"}}],\"inLanguage\":\"pt-BR\"},{\"@type\":\"Organization\",\"@id\":\"https:\/\/radiolifefm.com.br\/noticias\/#organization\",\"name\":\"R\u00e1dio Life FM\",\"alternateName\":\"Life FM\",\"url\":\"https:\/\/radiolifefm.com.br\/noticias\/\",\"logo\":{\"@type\":\"ImageObject\",\"inLanguage\":\"pt-BR\",\"@id\":\"https:\/\/radiolifefm.com.br\/noticias\/#\/schema\/logo\/image\/\",\"url\":\"https:\/\/static.radiolifefm.com.br\/noticias\/wp-content\/uploads\/2019\/10\/logo-lifefm.png\",\"contentUrl\":\"https:\/\/static.radiolifefm.com.br\/noticias\/wp-content\/uploads\/2019\/10\/logo-lifefm.png\",\"width\":196,\"height\":47,\"caption\":\"R\u00e1dio Life FM\"},\"image\":{\"@id\":\"https:\/\/radiolifefm.com.br\/noticias\/#\/schema\/logo\/image\/\"},\"sameAs\":[\"https:\/\/www.facebook.com\/radiolifefm\/\",\"https:\/\/www.instagram.com\/life1079fm\/\"]},{\"@type\":\"Person\",\"@id\":\"https:\/\/radiolifefm.com.br\/noticias\/#\/schema\/person\/6339b9fac59d12b071dec680d7375d87\",\"name\":\"ritanery\",\"image\":{\"@type\":\"ImageObject\",\"inLanguage\":\"pt-BR\",\"@id\":\"https:\/\/secure.gravatar.com\/avatar\/0e37bb19071f47c0b8a23f62a903df117c5a0e75f65a0c2901562f97cd41cf86?s=96&d=mm&r=g\",\"url\":\"https:\/\/secure.gravatar.com\/avatar\/0e37bb19071f47c0b8a23f62a903df117c5a0e75f65a0c2901562f97cd41cf86?s=96&d=mm&r=g\",\"contentUrl\":\"https:\/\/secure.gravatar.com\/avatar\/0e37bb19071f47c0b8a23f62a903df117c5a0e75f65a0c2901562f97cd41cf86?s=96&d=mm&r=g\",\"caption\":\"ritanery\"}}]}<\/script>\n<!-- \/ Yoast SEO plugin. -->","yoast_head_json":{"title":"M\u00cdDIA, PROV\u00cdNCIA, PAREDES ALVAS E QUINTO ANDAR... - R\u00e1dio Life FM","robots":{"index":"index","follow":"follow","max-snippet":"max-snippet:-1","max-image-preview":"max-image-preview:large","max-video-preview":"max-video-preview:-1"},"canonical":"https:\/\/radiolifefm.com.br\/noticias\/midia-provincia-paredes-alvas-e-quinto-andar\/","og_locale":"pt_BR","og_type":"article","og_title":"M\u00cdDIA, PROV\u00cdNCIA, PAREDES ALVAS E QUINTO ANDAR... - R\u00e1dio Life FM","og_description":"\u00a0 \u201cTr\u00eas jornais me fazem mais medo do que cem mil baionetas.\u201d (Napole\u00e3o Bonaparte) &nbsp; S\u00e9rgio Barbosa (*) &nbsp; A m\u00eddia provinciana continua trazendo, como sempre, muitas informa\u00e7\u00f5es desencontradas sobre isto e mais aquilo, claro, tamb\u00e9m, com o famoso \u201crabo preso\u201d com este ou aquele PODER em busca do PODER com o PODER, ainda, \u201cgr\u00e3o [&hellip;]","og_url":"https:\/\/radiolifefm.com.br\/noticias\/midia-provincia-paredes-alvas-e-quinto-andar\/","og_site_name":"R\u00e1dio Life FM","article_publisher":"https:\/\/www.facebook.com\/radiolifefm\/","article_published_time":"2023-06-12T11:05:05+00:00","article_modified_time":"2025-12-10T16:52:21+00:00","og_image":[{"width":972,"height":1296,"url":"https:\/\/radiolifefm.com.br\/noticias\/wp-content\/uploads\/2022\/04\/WhatsApp-Image-2022-04-10-at-18.43.02.jpeg","type":"image\/jpeg"}],"author":"ritanery","twitter_card":"summary_large_image","twitter_misc":{"Escrito por":"ritanery","Est. tempo de leitura":"4 minutos"},"schema":{"@context":"https:\/\/schema.org","@graph":[{"@type":"Article","@id":"https:\/\/radiolifefm.com.br\/noticias\/midia-provincia-paredes-alvas-e-quinto-andar\/#article","isPartOf":{"@id":"https:\/\/radiolifefm.com.br\/noticias\/midia-provincia-paredes-alvas-e-quinto-andar\/"},"author":{"name":"ritanery","@id":"https:\/\/radiolifefm.com.br\/noticias\/#\/schema\/person\/6339b9fac59d12b071dec680d7375d87"},"headline":"M\u00cdDIA, PROV\u00cdNCIA, PAREDES ALVAS E QUINTO ANDAR&#8230;","datePublished":"2023-06-12T11:05:05+00:00","dateModified":"2025-12-10T16:52:21+00:00","mainEntityOfPage":{"@id":"https:\/\/radiolifefm.com.br\/noticias\/midia-provincia-paredes-alvas-e-quinto-andar\/"},"wordCount":613,"publisher":{"@id":"https:\/\/radiolifefm.com.br\/noticias\/#organization"},"image":{"@id":"https:\/\/radiolifefm.com.br\/noticias\/midia-provincia-paredes-alvas-e-quinto-andar\/#primaryimage"},"thumbnailUrl":"https:\/\/radiolifefm.com.br\/noticias\/wp-content\/uploads\/2022\/04\/WhatsApp-Image-2022-04-10-at-18.43.02.jpeg","articleSection":["Opini\u00e3o"],"inLanguage":"pt-BR"},{"@type":"WebPage","@id":"https:\/\/radiolifefm.com.br\/noticias\/midia-provincia-paredes-alvas-e-quinto-andar\/","url":"https:\/\/radiolifefm.com.br\/noticias\/midia-provincia-paredes-alvas-e-quinto-andar\/","name":"M\u00cdDIA, PROV\u00cdNCIA, PAREDES ALVAS E QUINTO ANDAR... - R\u00e1dio Life FM","isPartOf":{"@id":"https:\/\/radiolifefm.com.br\/noticias\/#website"},"primaryImageOfPage":{"@id":"https:\/\/radiolifefm.com.br\/noticias\/midia-provincia-paredes-alvas-e-quinto-andar\/#primaryimage"},"image":{"@id":"https:\/\/radiolifefm.com.br\/noticias\/midia-provincia-paredes-alvas-e-quinto-andar\/#primaryimage"},"thumbnailUrl":"https:\/\/radiolifefm.com.br\/noticias\/wp-content\/uploads\/2022\/04\/WhatsApp-Image-2022-04-10-at-18.43.02.jpeg","datePublished":"2023-06-12T11:05:05+00:00","dateModified":"2025-12-10T16:52:21+00:00","breadcrumb":{"@id":"https:\/\/radiolifefm.com.br\/noticias\/midia-provincia-paredes-alvas-e-quinto-andar\/#breadcrumb"},"inLanguage":"pt-BR","potentialAction":[{"@type":"ReadAction","target":["https:\/\/radiolifefm.com.br\/noticias\/midia-provincia-paredes-alvas-e-quinto-andar\/"]}]},{"@type":"ImageObject","inLanguage":"pt-BR","@id":"https:\/\/radiolifefm.com.br\/noticias\/midia-provincia-paredes-alvas-e-quinto-andar\/#primaryimage","url":"https:\/\/radiolifefm.com.br\/noticias\/wp-content\/uploads\/2022\/04\/WhatsApp-Image-2022-04-10-at-18.43.02.jpeg","contentUrl":"https:\/\/radiolifefm.com.br\/noticias\/wp-content\/uploads\/2022\/04\/WhatsApp-Image-2022-04-10-at-18.43.02.jpeg","width":972,"height":1296,"caption":"S\u00e9rgio Barbosa"},{"@type":"BreadcrumbList","@id":"https:\/\/radiolifefm.com.br\/noticias\/midia-provincia-paredes-alvas-e-quinto-andar\/#breadcrumb","itemListElement":[{"@type":"ListItem","position":1,"name":"In\u00edcio","item":"https:\/\/radiolifefm.com.br\/noticias\/"},{"@type":"ListItem","position":2,"name":"M\u00cdDIA, PROV\u00cdNCIA, PAREDES ALVAS E QUINTO ANDAR&#8230;"}]},{"@type":"WebSite","@id":"https:\/\/radiolifefm.com.br\/noticias\/#website","url":"https:\/\/radiolifefm.com.br\/noticias\/","name":"R\u00e1dio Life FM","description":"O Portal de Not\u00edcias de Adamantina","publisher":{"@id":"https:\/\/radiolifefm.com.br\/noticias\/#organization"},"alternateName":"Life FM","potentialAction":[{"@type":"SearchAction","target":{"@type":"EntryPoint","urlTemplate":"https:\/\/radiolifefm.com.br\/noticias\/?s={search_term_string}"},"query-input":{"@type":"PropertyValueSpecification","valueRequired":true,"valueName":"search_term_string"}}],"inLanguage":"pt-BR"},{"@type":"Organization","@id":"https:\/\/radiolifefm.com.br\/noticias\/#organization","name":"R\u00e1dio Life FM","alternateName":"Life FM","url":"https:\/\/radiolifefm.com.br\/noticias\/","logo":{"@type":"ImageObject","inLanguage":"pt-BR","@id":"https:\/\/radiolifefm.com.br\/noticias\/#\/schema\/logo\/image\/","url":"https:\/\/static.radiolifefm.com.br\/noticias\/wp-content\/uploads\/2019\/10\/logo-lifefm.png","contentUrl":"https:\/\/static.radiolifefm.com.br\/noticias\/wp-content\/uploads\/2019\/10\/logo-lifefm.png","width":196,"height":47,"caption":"R\u00e1dio Life FM"},"image":{"@id":"https:\/\/radiolifefm.com.br\/noticias\/#\/schema\/logo\/image\/"},"sameAs":["https:\/\/www.facebook.com\/radiolifefm\/","https:\/\/www.instagram.com\/life1079fm\/"]},{"@type":"Person","@id":"https:\/\/radiolifefm.com.br\/noticias\/#\/schema\/person\/6339b9fac59d12b071dec680d7375d87","name":"ritanery","image":{"@type":"ImageObject","inLanguage":"pt-BR","@id":"https:\/\/secure.gravatar.com\/avatar\/0e37bb19071f47c0b8a23f62a903df117c5a0e75f65a0c2901562f97cd41cf86?s=96&d=mm&r=g","url":"https:\/\/secure.gravatar.com\/avatar\/0e37bb19071f47c0b8a23f62a903df117c5a0e75f65a0c2901562f97cd41cf86?s=96&d=mm&r=g","contentUrl":"https:\/\/secure.gravatar.com\/avatar\/0e37bb19071f47c0b8a23f62a903df117c5a0e75f65a0c2901562f97cd41cf86?s=96&d=mm&r=g","caption":"ritanery"}}]}},"amp_enabled":true,"_links":{"self":[{"href":"https:\/\/radiolifefm.com.br\/noticias\/wp-json\/wp\/v2\/posts\/71905","targetHints":{"allow":["GET"]}}],"collection":[{"href":"https:\/\/radiolifefm.com.br\/noticias\/wp-json\/wp\/v2\/posts"}],"about":[{"href":"https:\/\/radiolifefm.com.br\/noticias\/wp-json\/wp\/v2\/types\/post"}],"author":[{"embeddable":true,"href":"https:\/\/radiolifefm.com.br\/noticias\/wp-json\/wp\/v2\/users\/13"}],"replies":[{"embeddable":true,"href":"https:\/\/radiolifefm.com.br\/noticias\/wp-json\/wp\/v2\/comments?post=71905"}],"version-history":[{"count":1,"href":"https:\/\/radiolifefm.com.br\/noticias\/wp-json\/wp\/v2\/posts\/71905\/revisions"}],"predecessor-version":[{"id":71906,"href":"https:\/\/radiolifefm.com.br\/noticias\/wp-json\/wp\/v2\/posts\/71905\/revisions\/71906"}],"wp:featuredmedia":[{"embeddable":true,"href":"https:\/\/radiolifefm.com.br\/noticias\/wp-json\/wp\/v2\/media\/51988"}],"wp:attachment":[{"href":"https:\/\/radiolifefm.com.br\/noticias\/wp-json\/wp\/v2\/media?parent=71905"}],"wp:term":[{"taxonomy":"category","embeddable":true,"href":"https:\/\/radiolifefm.com.br\/noticias\/wp-json\/wp\/v2\/categories?post=71905"},{"taxonomy":"post_tag","embeddable":true,"href":"https:\/\/radiolifefm.com.br\/noticias\/wp-json\/wp\/v2\/tags?post=71905"}],"curies":[{"name":"wp","href":"https:\/\/api.w.org\/{rel}","templated":true}]}}