{"id":71776,"date":"2023-06-09T07:55:33","date_gmt":"2023-06-09T10:55:33","guid":{"rendered":"https:\/\/radiolifefm.com.br\/noticias\/?p=71776"},"modified":"2026-03-28T20:26:36","modified_gmt":"2026-03-28T23:26:36","slug":"america-latina-geopolitica-e-populismo-do-tio-sam","status":"publish","type":"post","link":"https:\/\/radiolifefm.com.br\/noticias\/america-latina-geopolitica-e-populismo-do-tio-sam\/","title":{"rendered":"AM\u00c9RICA LATINA: GEOPOL\u00cdTICA E POPULISMO DO TIO SAM&#8230;"},"content":{"rendered":"<div id=\"fb-root\"><\/div>\n<p>&nbsp;<\/p>\n<p><em>\u201cHasta la Victoria siempre!\u201d (Che Guevara)<\/em><\/p>\n<p>&nbsp;<\/p>\n<p><strong><em>S\u00e9rgio Barbosa (*)<\/em><\/strong><\/p>\n<p>&nbsp;<\/p>\n<p>A Hist\u00f3ria desta \u201cNuestra Latinoam\u00e9rica\u201d vem desde os idos tempos da sua invas\u00e3o pelos espanh\u00f3is e portugueses nos velhos tempos das conquistas al\u00e9m mar dos imp\u00e9rios em pauta, por\u00e9m, cada qual, soube como levar a bandeira da cruz e da espada afins aos seus objetivos como conquistadores do novo mundo novo&#8230;<\/p>\n<p>S\u00e3o s\u00e9culos que separam uma ou mais Am\u00e9ricas de uma mesma Am\u00e9rica, portanto, para uma reflex\u00e3o sobre a denominada \u201cAm\u00e9rica Latina\u201d passa pela \u00f3tica de um tempo quando o importante era avan\u00e7ar para al\u00e9m mar em busca das novas conquistas para um desencontro com a proposta do homem e seu tempo&#8230;<\/p>\n<p>N\u00e3o se podem deixar de lado as variantes sobre tais descobertas, neste caso, quando levadas a \u201cferro, fogo e cruz\u201d pelos enviados de \u201cS\u00e3o Sebasti\u00e3o\u201d em nome das coroas espanhola e portuguesa, bravos conquistadores de uma \u201cTerra sem Males\u201d&#8230;<\/p>\n<p>Foram s\u00e9culos de uma invas\u00e3o planejada pela minoria em nome de uma maioria desavisada, neste caso, como sempre, o poder em busca do poder pelo poder sem o poder, no entanto, as bandeiras delimitam o espa\u00e7o geogr\u00e1fico pelo tempo do tempo, assim mesmo, nem tudo acontece por acaso para a civiliza\u00e7\u00e3o&#8230;<\/p>\n<p>Os estudos sobre tais descobertas est\u00e3o em compasso de espera para novas op\u00f5es para um pesquisador mais atento aos detalhes de carta perdida num ba\u00fa do passado, todavia, pode-se levar em considera\u00e7\u00e3o a Hist\u00f3ria da Am\u00e9rica Latina sob a perspectiva da teoria cr\u00edtica frente \u00e0 manipula\u00e7\u00e3o de uma Est\u00f3ria sobre a Hist\u00f3ria&#8230;<\/p>\n<p>Neste contexto plural para os denominados latino-americanos e suas varia\u00e7\u00f5es gen\u00e9ticas num cen\u00e1rio de p\u00f3s-modernidade, deve-se levar em considera\u00e7\u00e3o os estudos da geopol\u00edtica em n\u00edvel internacional para uma reflex\u00e3o frente \u00e0s mudan\u00e7as em n\u00edvel glocal, ou seja, do global para o local&#8230;<\/p>\n<p>As mudan\u00e7as, por exemplo, ocorridas neste ou daquele PA\u00cdS LATNOAMIERCANO, ou seja, quando existem muitos desencontros por tr\u00e1s das movimenta\u00e7\u00f5es em nome disto ou daquilo, ainda, quase sempre MEDIADAS e PATROCINADAS pelo TIO SAM (EUA) em nome dos seus INTERESSES ECN\u00d4MICOS&#8230;<\/p>\n<p>Tais epis\u00f3dios demonstram, mais uma vez, que a Hist\u00f3ria desta \u201cNuestra Latinoam\u00e9rica\u201d \u00e9 c\u00edclica, isso \u00e9, se repete sem mais e sem menos, deixando os cr\u00edticos de plant\u00e3o em estado de alerta permanente frente aos processos democr\u00e1ticos outorgados em nome de um populismo descontextualizado para este TEMPO NOVO TEMPO&#8230;<\/p>\n<p>Neste caso em quest\u00e3o, fica apenas uma pergunta feita pelos especialistas em geopol\u00edtica mundial, tamb\u00e9m, quando entra em cena, os profissionais que atuam na \u00e1rea das Rela\u00e7\u00f5es Exteriores, a saber: AM\u00c9RICA PARA OS AMERICANOS, ou seja, para os ESTADOS UNIDOS DA AM\u00c9RICA&#8230;<\/p>\n<p><strong><em>_________________________________________________<\/em><\/strong><\/p>\n<p><strong><em>(*) Jornalista diplomado.<\/em><\/strong><\/p>\n<p><strong><em>e-mail: <a href=\"mailto:barbosa.sebar@gmail.com\">barbosa.sebar@gmail.com<\/a><\/em><\/strong><\/p>\n","protected":false},"excerpt":{"rendered":"<p>&nbsp; \u201cHasta la Victoria siempre!\u201d (Che Guevara) &nbsp; S\u00e9rgio Barbosa (*) &nbsp; A Hist\u00f3ria desta \u201cNuestra Latinoam\u00e9rica\u201d vem desde os idos tempos da sua invas\u00e3o pelos espanh\u00f3is e portugueses nos velhos tempos das conquistas al\u00e9m mar dos imp\u00e9rios em pauta, por\u00e9m, cada qual, soube como levar a bandeira da cruz e da espada afins aos [&hellip;]<\/p>\n","protected":false},"author":13,"featured_media":51988,"comment_status":"closed","ping_status":"open","sticky":false,"template":"","format":"standard","meta":{"_acf_changed":false,"_exactmetrics_skip_tracking":false,"_exactmetrics_sitenote_active":false,"_exactmetrics_sitenote_note":"","_exactmetrics_sitenote_category":0,"footnotes":""},"categories":[59],"tags":[],"class_list":["post-71776","post","type-post","status-publish","format-standard","has-post-thumbnail","hentry","category-opiniao"],"acf":[],"yoast_head":"<!-- This site is optimized with the Yoast SEO plugin v27.2 - https:\/\/yoast.com\/product\/yoast-seo-wordpress\/ -->\n<title>AM\u00c9RICA LATINA: GEOPOL\u00cdTICA E POPULISMO DO TIO SAM... - R\u00e1dio Life FM<\/title>\n<meta name=\"robots\" content=\"index, follow, max-snippet:-1, max-image-preview:large, max-video-preview:-1\" \/>\n<link rel=\"canonical\" href=\"https:\/\/radiolifefm.com.br\/noticias\/america-latina-geopolitica-e-populismo-do-tio-sam\/\" \/>\n<meta property=\"og:locale\" content=\"pt_BR\" \/>\n<meta property=\"og:type\" content=\"article\" \/>\n<meta property=\"og:title\" content=\"AM\u00c9RICA LATINA: GEOPOL\u00cdTICA E POPULISMO DO TIO SAM... - R\u00e1dio Life FM\" \/>\n<meta property=\"og:description\" content=\"&nbsp; \u201cHasta la Victoria siempre!\u201d (Che Guevara) &nbsp; S\u00e9rgio Barbosa (*) &nbsp; A Hist\u00f3ria desta \u201cNuestra Latinoam\u00e9rica\u201d vem desde os idos tempos da sua invas\u00e3o pelos espanh\u00f3is e portugueses nos velhos tempos das conquistas al\u00e9m mar dos imp\u00e9rios em pauta, por\u00e9m, cada qual, soube como levar a bandeira da cruz e da espada afins aos [&hellip;]\" \/>\n<meta property=\"og:url\" content=\"https:\/\/radiolifefm.com.br\/noticias\/america-latina-geopolitica-e-populismo-do-tio-sam\/\" \/>\n<meta property=\"og:site_name\" content=\"R\u00e1dio Life FM\" \/>\n<meta property=\"article:publisher\" content=\"https:\/\/www.facebook.com\/radiolifefm\/\" \/>\n<meta property=\"article:published_time\" content=\"2023-06-09T10:55:33+00:00\" \/>\n<meta property=\"article:modified_time\" content=\"2026-03-28T23:26:36+00:00\" \/>\n<meta property=\"og:image\" content=\"https:\/\/radiolifefm.com.br\/noticias\/wp-content\/uploads\/2022\/04\/WhatsApp-Image-2022-04-10-at-18.43.02.jpeg\" \/>\n\t<meta property=\"og:image:width\" content=\"972\" \/>\n\t<meta property=\"og:image:height\" content=\"1296\" \/>\n\t<meta property=\"og:image:type\" content=\"image\/jpeg\" \/>\n<meta name=\"author\" content=\"ritanery\" \/>\n<meta name=\"twitter:card\" content=\"summary_large_image\" \/>\n<meta name=\"twitter:label1\" content=\"Escrito por\" \/>\n\t<meta name=\"twitter:data1\" content=\"ritanery\" \/>\n\t<meta name=\"twitter:label2\" content=\"Est. tempo de leitura\" \/>\n\t<meta name=\"twitter:data2\" content=\"3 minutos\" \/>\n<script type=\"application\/ld+json\" class=\"yoast-schema-graph\">{\"@context\":\"https:\/\/schema.org\",\"@graph\":[{\"@type\":\"Article\",\"@id\":\"https:\/\/radiolifefm.com.br\/noticias\/america-latina-geopolitica-e-populismo-do-tio-sam\/#article\",\"isPartOf\":{\"@id\":\"https:\/\/radiolifefm.com.br\/noticias\/america-latina-geopolitica-e-populismo-do-tio-sam\/\"},\"author\":{\"name\":\"ritanery\",\"@id\":\"https:\/\/radiolifefm.com.br\/noticias\/#\/schema\/person\/6339b9fac59d12b071dec680d7375d87\"},\"headline\":\"AM\u00c9RICA LATINA: GEOPOL\u00cdTICA E POPULISMO DO TIO SAM&#8230;\",\"datePublished\":\"2023-06-09T10:55:33+00:00\",\"dateModified\":\"2026-03-28T23:26:36+00:00\",\"mainEntityOfPage\":{\"@id\":\"https:\/\/radiolifefm.com.br\/noticias\/america-latina-geopolitica-e-populismo-do-tio-sam\/\"},\"wordCount\":504,\"publisher\":{\"@id\":\"https:\/\/radiolifefm.com.br\/noticias\/#organization\"},\"image\":{\"@id\":\"https:\/\/radiolifefm.com.br\/noticias\/america-latina-geopolitica-e-populismo-do-tio-sam\/#primaryimage\"},\"thumbnailUrl\":\"https:\/\/radiolifefm.com.br\/noticias\/wp-content\/uploads\/2022\/04\/WhatsApp-Image-2022-04-10-at-18.43.02.jpeg\",\"articleSection\":[\"Opini\u00e3o\"],\"inLanguage\":\"pt-BR\"},{\"@type\":\"WebPage\",\"@id\":\"https:\/\/radiolifefm.com.br\/noticias\/america-latina-geopolitica-e-populismo-do-tio-sam\/\",\"url\":\"https:\/\/radiolifefm.com.br\/noticias\/america-latina-geopolitica-e-populismo-do-tio-sam\/\",\"name\":\"AM\u00c9RICA LATINA: GEOPOL\u00cdTICA E POPULISMO DO TIO SAM... - R\u00e1dio Life FM\",\"isPartOf\":{\"@id\":\"https:\/\/radiolifefm.com.br\/noticias\/#website\"},\"primaryImageOfPage\":{\"@id\":\"https:\/\/radiolifefm.com.br\/noticias\/america-latina-geopolitica-e-populismo-do-tio-sam\/#primaryimage\"},\"image\":{\"@id\":\"https:\/\/radiolifefm.com.br\/noticias\/america-latina-geopolitica-e-populismo-do-tio-sam\/#primaryimage\"},\"thumbnailUrl\":\"https:\/\/radiolifefm.com.br\/noticias\/wp-content\/uploads\/2022\/04\/WhatsApp-Image-2022-04-10-at-18.43.02.jpeg\",\"datePublished\":\"2023-06-09T10:55:33+00:00\",\"dateModified\":\"2026-03-28T23:26:36+00:00\",\"breadcrumb\":{\"@id\":\"https:\/\/radiolifefm.com.br\/noticias\/america-latina-geopolitica-e-populismo-do-tio-sam\/#breadcrumb\"},\"inLanguage\":\"pt-BR\",\"potentialAction\":[{\"@type\":\"ReadAction\",\"target\":[\"https:\/\/radiolifefm.com.br\/noticias\/america-latina-geopolitica-e-populismo-do-tio-sam\/\"]}]},{\"@type\":\"ImageObject\",\"inLanguage\":\"pt-BR\",\"@id\":\"https:\/\/radiolifefm.com.br\/noticias\/america-latina-geopolitica-e-populismo-do-tio-sam\/#primaryimage\",\"url\":\"https:\/\/radiolifefm.com.br\/noticias\/wp-content\/uploads\/2022\/04\/WhatsApp-Image-2022-04-10-at-18.43.02.jpeg\",\"contentUrl\":\"https:\/\/radiolifefm.com.br\/noticias\/wp-content\/uploads\/2022\/04\/WhatsApp-Image-2022-04-10-at-18.43.02.jpeg\",\"width\":972,\"height\":1296,\"caption\":\"S\u00e9rgio Barbosa\"},{\"@type\":\"BreadcrumbList\",\"@id\":\"https:\/\/radiolifefm.com.br\/noticias\/america-latina-geopolitica-e-populismo-do-tio-sam\/#breadcrumb\",\"itemListElement\":[{\"@type\":\"ListItem\",\"position\":1,\"name\":\"In\u00edcio\",\"item\":\"https:\/\/radiolifefm.com.br\/noticias\/\"},{\"@type\":\"ListItem\",\"position\":2,\"name\":\"AM\u00c9RICA LATINA: GEOPOL\u00cdTICA E POPULISMO DO TIO SAM&#8230;\"}]},{\"@type\":\"WebSite\",\"@id\":\"https:\/\/radiolifefm.com.br\/noticias\/#website\",\"url\":\"https:\/\/radiolifefm.com.br\/noticias\/\",\"name\":\"R\u00e1dio Life FM\",\"description\":\"O Portal de Not\u00edcias de Adamantina\",\"publisher\":{\"@id\":\"https:\/\/radiolifefm.com.br\/noticias\/#organization\"},\"alternateName\":\"Life FM\",\"potentialAction\":[{\"@type\":\"SearchAction\",\"target\":{\"@type\":\"EntryPoint\",\"urlTemplate\":\"https:\/\/radiolifefm.com.br\/noticias\/?s={search_term_string}\"},\"query-input\":{\"@type\":\"PropertyValueSpecification\",\"valueRequired\":true,\"valueName\":\"search_term_string\"}}],\"inLanguage\":\"pt-BR\"},{\"@type\":\"Organization\",\"@id\":\"https:\/\/radiolifefm.com.br\/noticias\/#organization\",\"name\":\"R\u00e1dio Life FM\",\"alternateName\":\"Life FM\",\"url\":\"https:\/\/radiolifefm.com.br\/noticias\/\",\"logo\":{\"@type\":\"ImageObject\",\"inLanguage\":\"pt-BR\",\"@id\":\"https:\/\/radiolifefm.com.br\/noticias\/#\/schema\/logo\/image\/\",\"url\":\"https:\/\/static.radiolifefm.com.br\/noticias\/wp-content\/uploads\/2019\/10\/logo-lifefm.png\",\"contentUrl\":\"https:\/\/static.radiolifefm.com.br\/noticias\/wp-content\/uploads\/2019\/10\/logo-lifefm.png\",\"width\":196,\"height\":47,\"caption\":\"R\u00e1dio Life FM\"},\"image\":{\"@id\":\"https:\/\/radiolifefm.com.br\/noticias\/#\/schema\/logo\/image\/\"},\"sameAs\":[\"https:\/\/www.facebook.com\/radiolifefm\/\",\"https:\/\/www.instagram.com\/life1079fm\/\"]},{\"@type\":\"Person\",\"@id\":\"https:\/\/radiolifefm.com.br\/noticias\/#\/schema\/person\/6339b9fac59d12b071dec680d7375d87\",\"name\":\"ritanery\",\"image\":{\"@type\":\"ImageObject\",\"inLanguage\":\"pt-BR\",\"@id\":\"https:\/\/secure.gravatar.com\/avatar\/0e37bb19071f47c0b8a23f62a903df117c5a0e75f65a0c2901562f97cd41cf86?s=96&d=mm&r=g\",\"url\":\"https:\/\/secure.gravatar.com\/avatar\/0e37bb19071f47c0b8a23f62a903df117c5a0e75f65a0c2901562f97cd41cf86?s=96&d=mm&r=g\",\"contentUrl\":\"https:\/\/secure.gravatar.com\/avatar\/0e37bb19071f47c0b8a23f62a903df117c5a0e75f65a0c2901562f97cd41cf86?s=96&d=mm&r=g\",\"caption\":\"ritanery\"}}]}<\/script>\n<!-- \/ Yoast SEO plugin. -->","yoast_head_json":{"title":"AM\u00c9RICA LATINA: GEOPOL\u00cdTICA E POPULISMO DO TIO SAM... - R\u00e1dio Life FM","robots":{"index":"index","follow":"follow","max-snippet":"max-snippet:-1","max-image-preview":"max-image-preview:large","max-video-preview":"max-video-preview:-1"},"canonical":"https:\/\/radiolifefm.com.br\/noticias\/america-latina-geopolitica-e-populismo-do-tio-sam\/","og_locale":"pt_BR","og_type":"article","og_title":"AM\u00c9RICA LATINA: GEOPOL\u00cdTICA E POPULISMO DO TIO SAM... - R\u00e1dio Life FM","og_description":"&nbsp; \u201cHasta la Victoria siempre!\u201d (Che Guevara) &nbsp; S\u00e9rgio Barbosa (*) &nbsp; A Hist\u00f3ria desta \u201cNuestra Latinoam\u00e9rica\u201d vem desde os idos tempos da sua invas\u00e3o pelos espanh\u00f3is e portugueses nos velhos tempos das conquistas al\u00e9m mar dos imp\u00e9rios em pauta, por\u00e9m, cada qual, soube como levar a bandeira da cruz e da espada afins aos [&hellip;]","og_url":"https:\/\/radiolifefm.com.br\/noticias\/america-latina-geopolitica-e-populismo-do-tio-sam\/","og_site_name":"R\u00e1dio Life FM","article_publisher":"https:\/\/www.facebook.com\/radiolifefm\/","article_published_time":"2023-06-09T10:55:33+00:00","article_modified_time":"2026-03-28T23:26:36+00:00","og_image":[{"width":972,"height":1296,"url":"https:\/\/radiolifefm.com.br\/noticias\/wp-content\/uploads\/2022\/04\/WhatsApp-Image-2022-04-10-at-18.43.02.jpeg","type":"image\/jpeg"}],"author":"ritanery","twitter_card":"summary_large_image","twitter_misc":{"Escrito por":"ritanery","Est. tempo de leitura":"3 minutos"},"schema":{"@context":"https:\/\/schema.org","@graph":[{"@type":"Article","@id":"https:\/\/radiolifefm.com.br\/noticias\/america-latina-geopolitica-e-populismo-do-tio-sam\/#article","isPartOf":{"@id":"https:\/\/radiolifefm.com.br\/noticias\/america-latina-geopolitica-e-populismo-do-tio-sam\/"},"author":{"name":"ritanery","@id":"https:\/\/radiolifefm.com.br\/noticias\/#\/schema\/person\/6339b9fac59d12b071dec680d7375d87"},"headline":"AM\u00c9RICA LATINA: GEOPOL\u00cdTICA E POPULISMO DO TIO SAM&#8230;","datePublished":"2023-06-09T10:55:33+00:00","dateModified":"2026-03-28T23:26:36+00:00","mainEntityOfPage":{"@id":"https:\/\/radiolifefm.com.br\/noticias\/america-latina-geopolitica-e-populismo-do-tio-sam\/"},"wordCount":504,"publisher":{"@id":"https:\/\/radiolifefm.com.br\/noticias\/#organization"},"image":{"@id":"https:\/\/radiolifefm.com.br\/noticias\/america-latina-geopolitica-e-populismo-do-tio-sam\/#primaryimage"},"thumbnailUrl":"https:\/\/radiolifefm.com.br\/noticias\/wp-content\/uploads\/2022\/04\/WhatsApp-Image-2022-04-10-at-18.43.02.jpeg","articleSection":["Opini\u00e3o"],"inLanguage":"pt-BR"},{"@type":"WebPage","@id":"https:\/\/radiolifefm.com.br\/noticias\/america-latina-geopolitica-e-populismo-do-tio-sam\/","url":"https:\/\/radiolifefm.com.br\/noticias\/america-latina-geopolitica-e-populismo-do-tio-sam\/","name":"AM\u00c9RICA LATINA: GEOPOL\u00cdTICA E POPULISMO DO TIO SAM... - R\u00e1dio Life FM","isPartOf":{"@id":"https:\/\/radiolifefm.com.br\/noticias\/#website"},"primaryImageOfPage":{"@id":"https:\/\/radiolifefm.com.br\/noticias\/america-latina-geopolitica-e-populismo-do-tio-sam\/#primaryimage"},"image":{"@id":"https:\/\/radiolifefm.com.br\/noticias\/america-latina-geopolitica-e-populismo-do-tio-sam\/#primaryimage"},"thumbnailUrl":"https:\/\/radiolifefm.com.br\/noticias\/wp-content\/uploads\/2022\/04\/WhatsApp-Image-2022-04-10-at-18.43.02.jpeg","datePublished":"2023-06-09T10:55:33+00:00","dateModified":"2026-03-28T23:26:36+00:00","breadcrumb":{"@id":"https:\/\/radiolifefm.com.br\/noticias\/america-latina-geopolitica-e-populismo-do-tio-sam\/#breadcrumb"},"inLanguage":"pt-BR","potentialAction":[{"@type":"ReadAction","target":["https:\/\/radiolifefm.com.br\/noticias\/america-latina-geopolitica-e-populismo-do-tio-sam\/"]}]},{"@type":"ImageObject","inLanguage":"pt-BR","@id":"https:\/\/radiolifefm.com.br\/noticias\/america-latina-geopolitica-e-populismo-do-tio-sam\/#primaryimage","url":"https:\/\/radiolifefm.com.br\/noticias\/wp-content\/uploads\/2022\/04\/WhatsApp-Image-2022-04-10-at-18.43.02.jpeg","contentUrl":"https:\/\/radiolifefm.com.br\/noticias\/wp-content\/uploads\/2022\/04\/WhatsApp-Image-2022-04-10-at-18.43.02.jpeg","width":972,"height":1296,"caption":"S\u00e9rgio Barbosa"},{"@type":"BreadcrumbList","@id":"https:\/\/radiolifefm.com.br\/noticias\/america-latina-geopolitica-e-populismo-do-tio-sam\/#breadcrumb","itemListElement":[{"@type":"ListItem","position":1,"name":"In\u00edcio","item":"https:\/\/radiolifefm.com.br\/noticias\/"},{"@type":"ListItem","position":2,"name":"AM\u00c9RICA LATINA: GEOPOL\u00cdTICA E POPULISMO DO TIO SAM&#8230;"}]},{"@type":"WebSite","@id":"https:\/\/radiolifefm.com.br\/noticias\/#website","url":"https:\/\/radiolifefm.com.br\/noticias\/","name":"R\u00e1dio Life FM","description":"O Portal de Not\u00edcias de Adamantina","publisher":{"@id":"https:\/\/radiolifefm.com.br\/noticias\/#organization"},"alternateName":"Life FM","potentialAction":[{"@type":"SearchAction","target":{"@type":"EntryPoint","urlTemplate":"https:\/\/radiolifefm.com.br\/noticias\/?s={search_term_string}"},"query-input":{"@type":"PropertyValueSpecification","valueRequired":true,"valueName":"search_term_string"}}],"inLanguage":"pt-BR"},{"@type":"Organization","@id":"https:\/\/radiolifefm.com.br\/noticias\/#organization","name":"R\u00e1dio Life FM","alternateName":"Life FM","url":"https:\/\/radiolifefm.com.br\/noticias\/","logo":{"@type":"ImageObject","inLanguage":"pt-BR","@id":"https:\/\/radiolifefm.com.br\/noticias\/#\/schema\/logo\/image\/","url":"https:\/\/static.radiolifefm.com.br\/noticias\/wp-content\/uploads\/2019\/10\/logo-lifefm.png","contentUrl":"https:\/\/static.radiolifefm.com.br\/noticias\/wp-content\/uploads\/2019\/10\/logo-lifefm.png","width":196,"height":47,"caption":"R\u00e1dio Life FM"},"image":{"@id":"https:\/\/radiolifefm.com.br\/noticias\/#\/schema\/logo\/image\/"},"sameAs":["https:\/\/www.facebook.com\/radiolifefm\/","https:\/\/www.instagram.com\/life1079fm\/"]},{"@type":"Person","@id":"https:\/\/radiolifefm.com.br\/noticias\/#\/schema\/person\/6339b9fac59d12b071dec680d7375d87","name":"ritanery","image":{"@type":"ImageObject","inLanguage":"pt-BR","@id":"https:\/\/secure.gravatar.com\/avatar\/0e37bb19071f47c0b8a23f62a903df117c5a0e75f65a0c2901562f97cd41cf86?s=96&d=mm&r=g","url":"https:\/\/secure.gravatar.com\/avatar\/0e37bb19071f47c0b8a23f62a903df117c5a0e75f65a0c2901562f97cd41cf86?s=96&d=mm&r=g","contentUrl":"https:\/\/secure.gravatar.com\/avatar\/0e37bb19071f47c0b8a23f62a903df117c5a0e75f65a0c2901562f97cd41cf86?s=96&d=mm&r=g","caption":"ritanery"}}]}},"amp_enabled":true,"_links":{"self":[{"href":"https:\/\/radiolifefm.com.br\/noticias\/wp-json\/wp\/v2\/posts\/71776","targetHints":{"allow":["GET"]}}],"collection":[{"href":"https:\/\/radiolifefm.com.br\/noticias\/wp-json\/wp\/v2\/posts"}],"about":[{"href":"https:\/\/radiolifefm.com.br\/noticias\/wp-json\/wp\/v2\/types\/post"}],"author":[{"embeddable":true,"href":"https:\/\/radiolifefm.com.br\/noticias\/wp-json\/wp\/v2\/users\/13"}],"replies":[{"embeddable":true,"href":"https:\/\/radiolifefm.com.br\/noticias\/wp-json\/wp\/v2\/comments?post=71776"}],"version-history":[{"count":1,"href":"https:\/\/radiolifefm.com.br\/noticias\/wp-json\/wp\/v2\/posts\/71776\/revisions"}],"predecessor-version":[{"id":71777,"href":"https:\/\/radiolifefm.com.br\/noticias\/wp-json\/wp\/v2\/posts\/71776\/revisions\/71777"}],"wp:featuredmedia":[{"embeddable":true,"href":"https:\/\/radiolifefm.com.br\/noticias\/wp-json\/wp\/v2\/media\/51988"}],"wp:attachment":[{"href":"https:\/\/radiolifefm.com.br\/noticias\/wp-json\/wp\/v2\/media?parent=71776"}],"wp:term":[{"taxonomy":"category","embeddable":true,"href":"https:\/\/radiolifefm.com.br\/noticias\/wp-json\/wp\/v2\/categories?post=71776"},{"taxonomy":"post_tag","embeddable":true,"href":"https:\/\/radiolifefm.com.br\/noticias\/wp-json\/wp\/v2\/tags?post=71776"}],"curies":[{"name":"wp","href":"https:\/\/api.w.org\/{rel}","templated":true}]}}