{"id":71668,"date":"2023-06-07T07:55:33","date_gmt":"2023-06-07T10:55:33","guid":{"rendered":"https:\/\/radiolifefm.com.br\/noticias\/?p=71668"},"modified":"2026-03-28T02:14:04","modified_gmt":"2026-03-28T05:14:04","slug":"picaretas-em-tempo-de-pos-globalizacao-organizacional","status":"publish","type":"post","link":"https:\/\/radiolifefm.com.br\/noticias\/picaretas-em-tempo-de-pos-globalizacao-organizacional\/","title":{"rendered":"PICARETAS EM TEMPO DE P\u00d3S-GLOBALIZA\u00c7\u00c3O ORGANIZACIONAL&#8230;"},"content":{"rendered":"<div id=\"fb-root\"><\/div>\n<p><strong><em>\u00a0\u201cA C\u00e9sar o que \u00e9 de C\u00e9sar\u201d<\/em><\/strong><em> (B\u00edblia)<\/em><\/p>\n<p><strong>H\u00e1 pessoas que choram por saber que as rosas t\u00eam espinhos; h\u00e1 outras que gargalham de alegria por saber que os espinhos t\u00eam rosas. (Conf\u00facio) <\/strong><strong><em>Dispon\u00edvel em: &lt;<a href=\"https:\/\/dicionariocriativo.com.br\/citacoes\/picareta\/citacoes\/agudeza\">https:\/\/dicionariocriativo.com.br\/citacoes\/picareta\/citacoes\/agudeza<\/a>&gt;. Acesso em: 06\/06\/2023.<\/em><\/strong><\/p>\n<p>&nbsp;<\/p>\n<p><strong>S\u00e9rgio Barbosa (*)<\/strong><\/p>\n<p>&nbsp;<\/p>\n<p>O mercado de trabalho est\u00e1 cava vez mais disputado pelos profissionais diplomados nos cursos afins aos OBJETIVOS DO MERCADO, tendo em vista e famosa LEI da OFERTA e da PROCURA&#8230;<\/p>\n<p>Assim, cada qual e de acordo com o interesse INDIVIDUAL, busca estar cada vez mais EFETIVO em tempo de IA- INTELIG\u00caNCIA ARTIFICIAL, tentando desta forma, marcar presen\u00e7a por meio da QUALIFICA\u00c7\u00c3O ACAD\u00caMICA em busca do ESPA\u00c7O PROFISSIONAL em diversas \u00e1reas mediadas pelo MERCADO ORGANIZACIONAL&#8230;<\/p>\n<p>Entretanto, deve-se destacar que o atual GOVERNO continua buscando novas possibilidades para que o PA\u00cdS DO FAZ DE CONTA, tendo em vista os \u00faltimos SEIS ANOS de RETROCESSO em todas as \u00e1reas afins aos interesses da COMUNIDADE em n\u00edvel GLOCAL, ou seja, do GLOBAL para o LOCAL&#8230;<\/p>\n<p>Neste CEN\u00c1RIO em que se encontra o MERCADO em n\u00edvel ORGANIZACIONAL, deve-se destacar a presen\u00e7a dos famigerados PICARETAS DE PLANT\u00c3O, tendo em vista que essa TURMA DE ALOPRADOS, est\u00e3o mais ou menos em todas as ATIVIDADES que envolvem as ORGANIZA\u00c7\u00d5ES&#8230;<\/p>\n<p>Portanto, mesmo com tantas EXIG\u00caNCIAS quanto aos aspectos PROFISSIONAIS, isso \u00e9, considerando a FORMA\u00c7\u00c3O ACAD\u00caMICA em todas as etapas com GRADUA\u00c7\u00c3O e P\u00d3S-GRADUA\u00c7\u00c3O (lato-sensu e scrito-sensu), ainda, sem deixar de lado a EXPERI\u00caNCIA PROFISSIONAL, pode-se registrar que o MERCADO ORGANIZACIONAL est\u00e1 al\u00e9m destas EXIG\u00caNCIAS e ponto quase final&#8230;<\/p>\n<p>Tem uma outra frase que pode refor\u00e7ar tais considera\u00e7\u00f5es quanto ao sistema ECON\u00d4MICO patrocinado o idolatrado pelo CAPITALISMO e mediado pelo LIBERALISMO que diz o seguinte, a saber: EU ERA FELIZ E N\u00c3O SABIA, isso \u00e9, depende sempre de que lado a CORDA vai ficar frouxa ou apertar de vez&#8230;<\/p>\n<p>Voltando aos tais PICARETAS DE PLANT\u00c3O, ou seja, aqueles\/as DITOS SEM CUJOS, tamb\u00e9m, denominados de PROFISSIONAIS em nome disto ou daquilo, dependendo sempre do CEN\u00c1RIO LOCAL e com a mesma proposta de sempre, isso \u00e9, ENGANAR&#8230; ENROLAR&#8230; FALSIFICAR&#8230; MENTIR&#8230; PROMETER&#8230;<\/p>\n<p>\u00c9 preciso estar atento \u00e0s novas exig\u00eancias da P\u00d3S-GLOBALIZA\u00c7\u00c3O ORGANIZACIONAL, tendo em vista que HOJE faz-se necess\u00e1rio estar inserido neste CONTEXTO PLURAL para o MERCADO em tempo de IA&#8230;<\/p>\n<p>QUEM SOBREVIVER VAI SABER&#8230;<\/p>\n<p><strong><em>_________________________________________________<\/em><\/strong><\/p>\n<p><strong><em>(*) Jornalista diplomado.<\/em><\/strong><\/p>\n<p><strong><em>e-mail: barbosa.sebar@gmail.com<\/em><\/strong><\/p>\n<p><strong>\u00a0<\/strong><\/p>\n<p>&nbsp;<\/p>\n","protected":false},"excerpt":{"rendered":"<p>\u00a0\u201cA C\u00e9sar o que \u00e9 de C\u00e9sar\u201d (B\u00edblia) H\u00e1 pessoas que choram por saber que as rosas t\u00eam espinhos; h\u00e1 outras que gargalham de alegria por saber que os espinhos t\u00eam rosas. (Conf\u00facio) Dispon\u00edvel em: &lt;https:\/\/dicionariocriativo.com.br\/citacoes\/picareta\/citacoes\/agudeza&gt;. Acesso em: 06\/06\/2023. &nbsp; S\u00e9rgio Barbosa (*) &nbsp; O mercado de trabalho est\u00e1 cava vez mais disputado pelos profissionais [&hellip;]<\/p>\n","protected":false},"author":13,"featured_media":51988,"comment_status":"closed","ping_status":"open","sticky":false,"template":"","format":"standard","meta":{"_acf_changed":false,"_exactmetrics_skip_tracking":false,"_exactmetrics_sitenote_active":false,"_exactmetrics_sitenote_note":"","_exactmetrics_sitenote_category":0,"footnotes":""},"categories":[59],"tags":[],"class_list":["post-71668","post","type-post","status-publish","format-standard","has-post-thumbnail","hentry","category-opiniao"],"acf":[],"yoast_head":"<!-- This site is optimized with the Yoast SEO plugin v27.2 - https:\/\/yoast.com\/product\/yoast-seo-wordpress\/ -->\n<title>PICARETAS EM TEMPO DE P\u00d3S-GLOBALIZA\u00c7\u00c3O ORGANIZACIONAL... - R\u00e1dio Life FM<\/title>\n<meta name=\"robots\" content=\"index, follow, max-snippet:-1, max-image-preview:large, max-video-preview:-1\" \/>\n<link rel=\"canonical\" href=\"https:\/\/radiolifefm.com.br\/noticias\/picaretas-em-tempo-de-pos-globalizacao-organizacional\/\" \/>\n<meta property=\"og:locale\" content=\"pt_BR\" \/>\n<meta property=\"og:type\" content=\"article\" \/>\n<meta property=\"og:title\" content=\"PICARETAS EM TEMPO DE P\u00d3S-GLOBALIZA\u00c7\u00c3O ORGANIZACIONAL... - R\u00e1dio Life FM\" \/>\n<meta property=\"og:description\" content=\"\u00a0\u201cA C\u00e9sar o que \u00e9 de C\u00e9sar\u201d (B\u00edblia) H\u00e1 pessoas que choram por saber que as rosas t\u00eam espinhos; h\u00e1 outras que gargalham de alegria por saber que os espinhos t\u00eam rosas. (Conf\u00facio) Dispon\u00edvel em: &lt;https:\/\/dicionariocriativo.com.br\/citacoes\/picareta\/citacoes\/agudeza&gt;. Acesso em: 06\/06\/2023. &nbsp; S\u00e9rgio Barbosa (*) &nbsp; O mercado de trabalho est\u00e1 cava vez mais disputado pelos profissionais [&hellip;]\" \/>\n<meta property=\"og:url\" content=\"https:\/\/radiolifefm.com.br\/noticias\/picaretas-em-tempo-de-pos-globalizacao-organizacional\/\" \/>\n<meta property=\"og:site_name\" content=\"R\u00e1dio Life FM\" \/>\n<meta property=\"article:publisher\" content=\"https:\/\/www.facebook.com\/radiolifefm\/\" \/>\n<meta property=\"article:published_time\" content=\"2023-06-07T10:55:33+00:00\" \/>\n<meta property=\"article:modified_time\" content=\"2026-03-28T05:14:04+00:00\" \/>\n<meta property=\"og:image\" content=\"https:\/\/radiolifefm.com.br\/noticias\/wp-content\/uploads\/2022\/04\/WhatsApp-Image-2022-04-10-at-18.43.02.jpeg\" \/>\n\t<meta property=\"og:image:width\" content=\"972\" \/>\n\t<meta property=\"og:image:height\" content=\"1296\" \/>\n\t<meta property=\"og:image:type\" content=\"image\/jpeg\" \/>\n<meta name=\"author\" content=\"ritanery\" \/>\n<meta name=\"twitter:card\" content=\"summary_large_image\" \/>\n<meta name=\"twitter:label1\" content=\"Escrito por\" \/>\n\t<meta name=\"twitter:data1\" content=\"ritanery\" \/>\n\t<meta name=\"twitter:label2\" content=\"Est. tempo de leitura\" \/>\n\t<meta name=\"twitter:data2\" content=\"3 minutos\" \/>\n<script type=\"application\/ld+json\" class=\"yoast-schema-graph\">{\"@context\":\"https:\/\/schema.org\",\"@graph\":[{\"@type\":\"Article\",\"@id\":\"https:\/\/radiolifefm.com.br\/noticias\/picaretas-em-tempo-de-pos-globalizacao-organizacional\/#article\",\"isPartOf\":{\"@id\":\"https:\/\/radiolifefm.com.br\/noticias\/picaretas-em-tempo-de-pos-globalizacao-organizacional\/\"},\"author\":{\"name\":\"ritanery\",\"@id\":\"https:\/\/radiolifefm.com.br\/noticias\/#\/schema\/person\/6339b9fac59d12b071dec680d7375d87\"},\"headline\":\"PICARETAS EM TEMPO DE P\u00d3S-GLOBALIZA\u00c7\u00c3O ORGANIZACIONAL&#8230;\",\"datePublished\":\"2023-06-07T10:55:33+00:00\",\"dateModified\":\"2026-03-28T05:14:04+00:00\",\"mainEntityOfPage\":{\"@id\":\"https:\/\/radiolifefm.com.br\/noticias\/picaretas-em-tempo-de-pos-globalizacao-organizacional\/\"},\"wordCount\":436,\"publisher\":{\"@id\":\"https:\/\/radiolifefm.com.br\/noticias\/#organization\"},\"image\":{\"@id\":\"https:\/\/radiolifefm.com.br\/noticias\/picaretas-em-tempo-de-pos-globalizacao-organizacional\/#primaryimage\"},\"thumbnailUrl\":\"https:\/\/radiolifefm.com.br\/noticias\/wp-content\/uploads\/2022\/04\/WhatsApp-Image-2022-04-10-at-18.43.02.jpeg\",\"articleSection\":[\"Opini\u00e3o\"],\"inLanguage\":\"pt-BR\"},{\"@type\":\"WebPage\",\"@id\":\"https:\/\/radiolifefm.com.br\/noticias\/picaretas-em-tempo-de-pos-globalizacao-organizacional\/\",\"url\":\"https:\/\/radiolifefm.com.br\/noticias\/picaretas-em-tempo-de-pos-globalizacao-organizacional\/\",\"name\":\"PICARETAS EM TEMPO DE P\u00d3S-GLOBALIZA\u00c7\u00c3O ORGANIZACIONAL... - R\u00e1dio Life FM\",\"isPartOf\":{\"@id\":\"https:\/\/radiolifefm.com.br\/noticias\/#website\"},\"primaryImageOfPage\":{\"@id\":\"https:\/\/radiolifefm.com.br\/noticias\/picaretas-em-tempo-de-pos-globalizacao-organizacional\/#primaryimage\"},\"image\":{\"@id\":\"https:\/\/radiolifefm.com.br\/noticias\/picaretas-em-tempo-de-pos-globalizacao-organizacional\/#primaryimage\"},\"thumbnailUrl\":\"https:\/\/radiolifefm.com.br\/noticias\/wp-content\/uploads\/2022\/04\/WhatsApp-Image-2022-04-10-at-18.43.02.jpeg\",\"datePublished\":\"2023-06-07T10:55:33+00:00\",\"dateModified\":\"2026-03-28T05:14:04+00:00\",\"breadcrumb\":{\"@id\":\"https:\/\/radiolifefm.com.br\/noticias\/picaretas-em-tempo-de-pos-globalizacao-organizacional\/#breadcrumb\"},\"inLanguage\":\"pt-BR\",\"potentialAction\":[{\"@type\":\"ReadAction\",\"target\":[\"https:\/\/radiolifefm.com.br\/noticias\/picaretas-em-tempo-de-pos-globalizacao-organizacional\/\"]}]},{\"@type\":\"ImageObject\",\"inLanguage\":\"pt-BR\",\"@id\":\"https:\/\/radiolifefm.com.br\/noticias\/picaretas-em-tempo-de-pos-globalizacao-organizacional\/#primaryimage\",\"url\":\"https:\/\/radiolifefm.com.br\/noticias\/wp-content\/uploads\/2022\/04\/WhatsApp-Image-2022-04-10-at-18.43.02.jpeg\",\"contentUrl\":\"https:\/\/radiolifefm.com.br\/noticias\/wp-content\/uploads\/2022\/04\/WhatsApp-Image-2022-04-10-at-18.43.02.jpeg\",\"width\":972,\"height\":1296,\"caption\":\"S\u00e9rgio Barbosa\"},{\"@type\":\"BreadcrumbList\",\"@id\":\"https:\/\/radiolifefm.com.br\/noticias\/picaretas-em-tempo-de-pos-globalizacao-organizacional\/#breadcrumb\",\"itemListElement\":[{\"@type\":\"ListItem\",\"position\":1,\"name\":\"In\u00edcio\",\"item\":\"https:\/\/radiolifefm.com.br\/noticias\/\"},{\"@type\":\"ListItem\",\"position\":2,\"name\":\"PICARETAS EM TEMPO DE P\u00d3S-GLOBALIZA\u00c7\u00c3O ORGANIZACIONAL&#8230;\"}]},{\"@type\":\"WebSite\",\"@id\":\"https:\/\/radiolifefm.com.br\/noticias\/#website\",\"url\":\"https:\/\/radiolifefm.com.br\/noticias\/\",\"name\":\"R\u00e1dio Life FM\",\"description\":\"O Portal de Not\u00edcias de Adamantina\",\"publisher\":{\"@id\":\"https:\/\/radiolifefm.com.br\/noticias\/#organization\"},\"alternateName\":\"Life FM\",\"potentialAction\":[{\"@type\":\"SearchAction\",\"target\":{\"@type\":\"EntryPoint\",\"urlTemplate\":\"https:\/\/radiolifefm.com.br\/noticias\/?s={search_term_string}\"},\"query-input\":{\"@type\":\"PropertyValueSpecification\",\"valueRequired\":true,\"valueName\":\"search_term_string\"}}],\"inLanguage\":\"pt-BR\"},{\"@type\":\"Organization\",\"@id\":\"https:\/\/radiolifefm.com.br\/noticias\/#organization\",\"name\":\"R\u00e1dio Life FM\",\"alternateName\":\"Life FM\",\"url\":\"https:\/\/radiolifefm.com.br\/noticias\/\",\"logo\":{\"@type\":\"ImageObject\",\"inLanguage\":\"pt-BR\",\"@id\":\"https:\/\/radiolifefm.com.br\/noticias\/#\/schema\/logo\/image\/\",\"url\":\"https:\/\/static.radiolifefm.com.br\/noticias\/wp-content\/uploads\/2019\/10\/logo-lifefm.png\",\"contentUrl\":\"https:\/\/static.radiolifefm.com.br\/noticias\/wp-content\/uploads\/2019\/10\/logo-lifefm.png\",\"width\":196,\"height\":47,\"caption\":\"R\u00e1dio Life FM\"},\"image\":{\"@id\":\"https:\/\/radiolifefm.com.br\/noticias\/#\/schema\/logo\/image\/\"},\"sameAs\":[\"https:\/\/www.facebook.com\/radiolifefm\/\",\"https:\/\/www.instagram.com\/life1079fm\/\"]},{\"@type\":\"Person\",\"@id\":\"https:\/\/radiolifefm.com.br\/noticias\/#\/schema\/person\/6339b9fac59d12b071dec680d7375d87\",\"name\":\"ritanery\",\"image\":{\"@type\":\"ImageObject\",\"inLanguage\":\"pt-BR\",\"@id\":\"https:\/\/secure.gravatar.com\/avatar\/0e37bb19071f47c0b8a23f62a903df117c5a0e75f65a0c2901562f97cd41cf86?s=96&d=mm&r=g\",\"url\":\"https:\/\/secure.gravatar.com\/avatar\/0e37bb19071f47c0b8a23f62a903df117c5a0e75f65a0c2901562f97cd41cf86?s=96&d=mm&r=g\",\"contentUrl\":\"https:\/\/secure.gravatar.com\/avatar\/0e37bb19071f47c0b8a23f62a903df117c5a0e75f65a0c2901562f97cd41cf86?s=96&d=mm&r=g\",\"caption\":\"ritanery\"}}]}<\/script>\n<!-- \/ Yoast SEO plugin. -->","yoast_head_json":{"title":"PICARETAS EM TEMPO DE P\u00d3S-GLOBALIZA\u00c7\u00c3O ORGANIZACIONAL... - R\u00e1dio Life FM","robots":{"index":"index","follow":"follow","max-snippet":"max-snippet:-1","max-image-preview":"max-image-preview:large","max-video-preview":"max-video-preview:-1"},"canonical":"https:\/\/radiolifefm.com.br\/noticias\/picaretas-em-tempo-de-pos-globalizacao-organizacional\/","og_locale":"pt_BR","og_type":"article","og_title":"PICARETAS EM TEMPO DE P\u00d3S-GLOBALIZA\u00c7\u00c3O ORGANIZACIONAL... - R\u00e1dio Life FM","og_description":"\u00a0\u201cA C\u00e9sar o que \u00e9 de C\u00e9sar\u201d (B\u00edblia) H\u00e1 pessoas que choram por saber que as rosas t\u00eam espinhos; h\u00e1 outras que gargalham de alegria por saber que os espinhos t\u00eam rosas. (Conf\u00facio) Dispon\u00edvel em: &lt;https:\/\/dicionariocriativo.com.br\/citacoes\/picareta\/citacoes\/agudeza&gt;. Acesso em: 06\/06\/2023. &nbsp; S\u00e9rgio Barbosa (*) &nbsp; O mercado de trabalho est\u00e1 cava vez mais disputado pelos profissionais [&hellip;]","og_url":"https:\/\/radiolifefm.com.br\/noticias\/picaretas-em-tempo-de-pos-globalizacao-organizacional\/","og_site_name":"R\u00e1dio Life FM","article_publisher":"https:\/\/www.facebook.com\/radiolifefm\/","article_published_time":"2023-06-07T10:55:33+00:00","article_modified_time":"2026-03-28T05:14:04+00:00","og_image":[{"width":972,"height":1296,"url":"https:\/\/radiolifefm.com.br\/noticias\/wp-content\/uploads\/2022\/04\/WhatsApp-Image-2022-04-10-at-18.43.02.jpeg","type":"image\/jpeg"}],"author":"ritanery","twitter_card":"summary_large_image","twitter_misc":{"Escrito por":"ritanery","Est. tempo de leitura":"3 minutos"},"schema":{"@context":"https:\/\/schema.org","@graph":[{"@type":"Article","@id":"https:\/\/radiolifefm.com.br\/noticias\/picaretas-em-tempo-de-pos-globalizacao-organizacional\/#article","isPartOf":{"@id":"https:\/\/radiolifefm.com.br\/noticias\/picaretas-em-tempo-de-pos-globalizacao-organizacional\/"},"author":{"name":"ritanery","@id":"https:\/\/radiolifefm.com.br\/noticias\/#\/schema\/person\/6339b9fac59d12b071dec680d7375d87"},"headline":"PICARETAS EM TEMPO DE P\u00d3S-GLOBALIZA\u00c7\u00c3O ORGANIZACIONAL&#8230;","datePublished":"2023-06-07T10:55:33+00:00","dateModified":"2026-03-28T05:14:04+00:00","mainEntityOfPage":{"@id":"https:\/\/radiolifefm.com.br\/noticias\/picaretas-em-tempo-de-pos-globalizacao-organizacional\/"},"wordCount":436,"publisher":{"@id":"https:\/\/radiolifefm.com.br\/noticias\/#organization"},"image":{"@id":"https:\/\/radiolifefm.com.br\/noticias\/picaretas-em-tempo-de-pos-globalizacao-organizacional\/#primaryimage"},"thumbnailUrl":"https:\/\/radiolifefm.com.br\/noticias\/wp-content\/uploads\/2022\/04\/WhatsApp-Image-2022-04-10-at-18.43.02.jpeg","articleSection":["Opini\u00e3o"],"inLanguage":"pt-BR"},{"@type":"WebPage","@id":"https:\/\/radiolifefm.com.br\/noticias\/picaretas-em-tempo-de-pos-globalizacao-organizacional\/","url":"https:\/\/radiolifefm.com.br\/noticias\/picaretas-em-tempo-de-pos-globalizacao-organizacional\/","name":"PICARETAS EM TEMPO DE P\u00d3S-GLOBALIZA\u00c7\u00c3O ORGANIZACIONAL... - R\u00e1dio Life FM","isPartOf":{"@id":"https:\/\/radiolifefm.com.br\/noticias\/#website"},"primaryImageOfPage":{"@id":"https:\/\/radiolifefm.com.br\/noticias\/picaretas-em-tempo-de-pos-globalizacao-organizacional\/#primaryimage"},"image":{"@id":"https:\/\/radiolifefm.com.br\/noticias\/picaretas-em-tempo-de-pos-globalizacao-organizacional\/#primaryimage"},"thumbnailUrl":"https:\/\/radiolifefm.com.br\/noticias\/wp-content\/uploads\/2022\/04\/WhatsApp-Image-2022-04-10-at-18.43.02.jpeg","datePublished":"2023-06-07T10:55:33+00:00","dateModified":"2026-03-28T05:14:04+00:00","breadcrumb":{"@id":"https:\/\/radiolifefm.com.br\/noticias\/picaretas-em-tempo-de-pos-globalizacao-organizacional\/#breadcrumb"},"inLanguage":"pt-BR","potentialAction":[{"@type":"ReadAction","target":["https:\/\/radiolifefm.com.br\/noticias\/picaretas-em-tempo-de-pos-globalizacao-organizacional\/"]}]},{"@type":"ImageObject","inLanguage":"pt-BR","@id":"https:\/\/radiolifefm.com.br\/noticias\/picaretas-em-tempo-de-pos-globalizacao-organizacional\/#primaryimage","url":"https:\/\/radiolifefm.com.br\/noticias\/wp-content\/uploads\/2022\/04\/WhatsApp-Image-2022-04-10-at-18.43.02.jpeg","contentUrl":"https:\/\/radiolifefm.com.br\/noticias\/wp-content\/uploads\/2022\/04\/WhatsApp-Image-2022-04-10-at-18.43.02.jpeg","width":972,"height":1296,"caption":"S\u00e9rgio Barbosa"},{"@type":"BreadcrumbList","@id":"https:\/\/radiolifefm.com.br\/noticias\/picaretas-em-tempo-de-pos-globalizacao-organizacional\/#breadcrumb","itemListElement":[{"@type":"ListItem","position":1,"name":"In\u00edcio","item":"https:\/\/radiolifefm.com.br\/noticias\/"},{"@type":"ListItem","position":2,"name":"PICARETAS EM TEMPO DE P\u00d3S-GLOBALIZA\u00c7\u00c3O ORGANIZACIONAL&#8230;"}]},{"@type":"WebSite","@id":"https:\/\/radiolifefm.com.br\/noticias\/#website","url":"https:\/\/radiolifefm.com.br\/noticias\/","name":"R\u00e1dio Life FM","description":"O Portal de Not\u00edcias de Adamantina","publisher":{"@id":"https:\/\/radiolifefm.com.br\/noticias\/#organization"},"alternateName":"Life FM","potentialAction":[{"@type":"SearchAction","target":{"@type":"EntryPoint","urlTemplate":"https:\/\/radiolifefm.com.br\/noticias\/?s={search_term_string}"},"query-input":{"@type":"PropertyValueSpecification","valueRequired":true,"valueName":"search_term_string"}}],"inLanguage":"pt-BR"},{"@type":"Organization","@id":"https:\/\/radiolifefm.com.br\/noticias\/#organization","name":"R\u00e1dio Life FM","alternateName":"Life FM","url":"https:\/\/radiolifefm.com.br\/noticias\/","logo":{"@type":"ImageObject","inLanguage":"pt-BR","@id":"https:\/\/radiolifefm.com.br\/noticias\/#\/schema\/logo\/image\/","url":"https:\/\/static.radiolifefm.com.br\/noticias\/wp-content\/uploads\/2019\/10\/logo-lifefm.png","contentUrl":"https:\/\/static.radiolifefm.com.br\/noticias\/wp-content\/uploads\/2019\/10\/logo-lifefm.png","width":196,"height":47,"caption":"R\u00e1dio Life FM"},"image":{"@id":"https:\/\/radiolifefm.com.br\/noticias\/#\/schema\/logo\/image\/"},"sameAs":["https:\/\/www.facebook.com\/radiolifefm\/","https:\/\/www.instagram.com\/life1079fm\/"]},{"@type":"Person","@id":"https:\/\/radiolifefm.com.br\/noticias\/#\/schema\/person\/6339b9fac59d12b071dec680d7375d87","name":"ritanery","image":{"@type":"ImageObject","inLanguage":"pt-BR","@id":"https:\/\/secure.gravatar.com\/avatar\/0e37bb19071f47c0b8a23f62a903df117c5a0e75f65a0c2901562f97cd41cf86?s=96&d=mm&r=g","url":"https:\/\/secure.gravatar.com\/avatar\/0e37bb19071f47c0b8a23f62a903df117c5a0e75f65a0c2901562f97cd41cf86?s=96&d=mm&r=g","contentUrl":"https:\/\/secure.gravatar.com\/avatar\/0e37bb19071f47c0b8a23f62a903df117c5a0e75f65a0c2901562f97cd41cf86?s=96&d=mm&r=g","caption":"ritanery"}}]}},"amp_enabled":true,"_links":{"self":[{"href":"https:\/\/radiolifefm.com.br\/noticias\/wp-json\/wp\/v2\/posts\/71668","targetHints":{"allow":["GET"]}}],"collection":[{"href":"https:\/\/radiolifefm.com.br\/noticias\/wp-json\/wp\/v2\/posts"}],"about":[{"href":"https:\/\/radiolifefm.com.br\/noticias\/wp-json\/wp\/v2\/types\/post"}],"author":[{"embeddable":true,"href":"https:\/\/radiolifefm.com.br\/noticias\/wp-json\/wp\/v2\/users\/13"}],"replies":[{"embeddable":true,"href":"https:\/\/radiolifefm.com.br\/noticias\/wp-json\/wp\/v2\/comments?post=71668"}],"version-history":[{"count":1,"href":"https:\/\/radiolifefm.com.br\/noticias\/wp-json\/wp\/v2\/posts\/71668\/revisions"}],"predecessor-version":[{"id":71669,"href":"https:\/\/radiolifefm.com.br\/noticias\/wp-json\/wp\/v2\/posts\/71668\/revisions\/71669"}],"wp:featuredmedia":[{"embeddable":true,"href":"https:\/\/radiolifefm.com.br\/noticias\/wp-json\/wp\/v2\/media\/51988"}],"wp:attachment":[{"href":"https:\/\/radiolifefm.com.br\/noticias\/wp-json\/wp\/v2\/media?parent=71668"}],"wp:term":[{"taxonomy":"category","embeddable":true,"href":"https:\/\/radiolifefm.com.br\/noticias\/wp-json\/wp\/v2\/categories?post=71668"},{"taxonomy":"post_tag","embeddable":true,"href":"https:\/\/radiolifefm.com.br\/noticias\/wp-json\/wp\/v2\/tags?post=71668"}],"curies":[{"name":"wp","href":"https:\/\/api.w.org\/{rel}","templated":true}]}}