{"id":71506,"date":"2023-06-05T08:08:35","date_gmt":"2023-06-05T11:08:35","guid":{"rendered":"https:\/\/radiolifefm.com.br\/noticias\/?p=71506"},"modified":"2025-10-07T19:32:28","modified_gmt":"2025-10-07T22:32:28","slug":"da-serie-era-uma-vez-uma-provincia-do-faz-de-conta","status":"publish","type":"post","link":"https:\/\/radiolifefm.com.br\/noticias\/da-serie-era-uma-vez-uma-provincia-do-faz-de-conta\/","title":{"rendered":"Da s\u00e9rie, ERA UMA VEZ UMA PROV\u00cdNCIA DO FAZ DE CONTA&#8230;"},"content":{"rendered":"<div id=\"fb-root\"><\/div>\n<p>&nbsp;<\/p>\n<p>&nbsp;<\/p>\n<p><strong><em>\u00a0\u201cVia de regra, os problemas da gest\u00e3o p\u00fablica est\u00e3o relacionados \u00e0 incompet\u00eancia, \u00e0 neglig\u00eancia ou \u00e0 m\u00e1-f\u00e9 de agentes que se apoiam na burocracia para explicar a sua incapacidade para legitimar o que a letra fria da legalidade n\u00e3o justifica.\u201d (<\/em><\/strong><a href=\"https:\/\/www.pensador.com\/autor\/general_paulo_chagas\/\"><strong><em>General Paulo Chagas<\/em><\/strong><\/a><strong><em>)<\/em><\/strong><\/p>\n<p><strong><em>\u00a0<\/em><\/strong><\/p>\n<p><strong>S\u00e9rgio Barbosa (*)<\/strong><\/p>\n<p>Como afirma aquele dito popular, NADA COMO UM DIA DEPOIS DO OUTRO, ainda, se poss\u00edvel, COM UMA NOITE NO MEIO, bem como, talvez com INS\u00d4NIA&#8230;<\/p>\n<p>Naquela tal COLETIVA DE IMPRENSA patrocinada pela GEST\u00c3O PINOQUIANA, ou seja, pra EXALTAR os tais 93% de APROVA\u00c7\u00c3O (sic) do GOVERNO, registram para todos\/as que ali marcaram presen\u00e7a, isso \u00e9, a IMPRENSA PROVINCIANA, diversos DESENCONTROS com um outra GEST\u00c3O MUNICIPAL, fatos do PASSADO recente e ponto quase final&#8230;<\/p>\n<p>Por\u00e9m, pelos fatos que est\u00e3o ocorrendo nesta semana, parece que o PASSADO est\u00e1 no PRESENTE desta GEST\u00c3O e assim por diante, haja vista que pode ser aquilo que nunca foi e assim por diante&#8230;<\/p>\n<p>Entretanto, PIN\u00d3QUIO \u00e9 criatura do GEPETO, todavia, neste caso que envolve o CEN\u00c1RIO PROVINCIANO, pode-se afirmar que CRIATURA e CRIADOR s\u00e3o farinhas do mesmo saco de ALOPRADOS\/AS&#8230;<\/p>\n<p>Tudo indica que muita \u00c1GUA, ainda, pode passar deste e do outro lado da PONTE PINOQUIANA, assim, cada qual com suas escolhas em tempo de MENTES MED\u00cdOCRES, tendo em vista que a maioria s\u00e3o TELEGUIADAS pelo COISO que continua sendo aquela COISA de sempre&#8230;<\/p>\n<p>N\u00e3o se pode deixar de lado aquela ilustra\u00e7\u00e3o b\u00edblica das 30 MOEDAS DE OURO, tendo em vista que nesta PROV\u00cdNCIA DO FAZ DE CONTA, ainda, prevalece a m\u00e1xima do GENOCIDA, a saber: DEUS, P\u00c1TRIA E FAM\u00cdLIA&#8230;<\/p>\n<p>No mais em meio ao tudo de menos nesta GEST\u00c3O PINOQUIANA, considerando que o tal GRUPO de APOIO do outro tempo do tempo, n\u00e3o est\u00e1 mais a fim de BANCAR o PIN\u00d3QUIO local e muito menos, o seu FILHOTE de araque&#8230;<\/p>\n<p>Entendo que do outro lado, neste caso em especial, das PAREDES ALVAS, a atual gest\u00e3o, deveria ter executado no in\u00edcio do mandato, uma AUDITORIA dos \u00faltimos DEZ ANOS em n\u00edvel ORGANIZACIONAL, tendo em vista que de PUREZA naqueles lados, apenas as tais PAREDES ALVAS&#8230;<\/p>\n<p>Mas, como afirma aquele outro dito popular, a saber: SE VOC\u00ca PENSA QUE T\u00c1 RUIM, PODE PIORAR, ainda, deve-se aprender com os ERROS do passado, todavia, pelo andar da carruagem PINOQUINA, registra-se outro dito pelo n\u00e3o dito entre os ocasos de um talvez, tal qual aquele que diz, MUDAM AS MOSCAS, MAS A M&#8230; \u00c9 SEMPRE A MESMA&#8230;<\/p>\n<p>QUEM SOBREVIVER VAI SABER&#8230;<\/p>\n<p><strong><sup>____________________________<\/sup><\/strong><\/p>\n<p><strong><sup>(*) jornalista diplomado.<\/sup><\/strong><\/p>\n<p><strong><sup>e-mail: <\/sup><\/strong><a href=\"mailto:barbosa.sebar@gmail.com\"><strong><sup>barbosa.sebar@gmail.com<\/sup><\/strong><\/a><\/p>\n","protected":false},"excerpt":{"rendered":"<p>&nbsp; &nbsp; \u00a0\u201cVia de regra, os problemas da gest\u00e3o p\u00fablica est\u00e3o relacionados \u00e0 incompet\u00eancia, \u00e0 neglig\u00eancia ou \u00e0 m\u00e1-f\u00e9 de agentes que se apoiam na burocracia para explicar a sua incapacidade para legitimar o que a letra fria da legalidade n\u00e3o justifica.\u201d (General Paulo Chagas) \u00a0 S\u00e9rgio Barbosa (*) Como afirma aquele dito popular, NADA [&hellip;]<\/p>\n","protected":false},"author":13,"featured_media":51988,"comment_status":"closed","ping_status":"open","sticky":false,"template":"","format":"standard","meta":{"_acf_changed":false,"_exactmetrics_skip_tracking":false,"_exactmetrics_sitenote_active":false,"_exactmetrics_sitenote_note":"","_exactmetrics_sitenote_category":0,"footnotes":""},"categories":[59],"tags":[],"class_list":["post-71506","post","type-post","status-publish","format-standard","has-post-thumbnail","hentry","category-opiniao"],"acf":[],"yoast_head":"<!-- This site is optimized with the Yoast SEO plugin v27.2 - https:\/\/yoast.com\/product\/yoast-seo-wordpress\/ -->\n<title>Da s\u00e9rie, ERA UMA VEZ UMA PROV\u00cdNCIA DO FAZ DE CONTA... - R\u00e1dio Life FM<\/title>\n<meta name=\"robots\" content=\"index, follow, max-snippet:-1, max-image-preview:large, max-video-preview:-1\" \/>\n<link rel=\"canonical\" href=\"https:\/\/radiolifefm.com.br\/noticias\/da-serie-era-uma-vez-uma-provincia-do-faz-de-conta\/\" \/>\n<meta property=\"og:locale\" content=\"pt_BR\" \/>\n<meta property=\"og:type\" content=\"article\" \/>\n<meta property=\"og:title\" content=\"Da s\u00e9rie, ERA UMA VEZ UMA PROV\u00cdNCIA DO FAZ DE CONTA... - R\u00e1dio Life FM\" \/>\n<meta property=\"og:description\" content=\"&nbsp; &nbsp; \u00a0\u201cVia de regra, os problemas da gest\u00e3o p\u00fablica est\u00e3o relacionados \u00e0 incompet\u00eancia, \u00e0 neglig\u00eancia ou \u00e0 m\u00e1-f\u00e9 de agentes que se apoiam na burocracia para explicar a sua incapacidade para legitimar o que a letra fria da legalidade n\u00e3o justifica.\u201d (General Paulo Chagas) \u00a0 S\u00e9rgio Barbosa (*) Como afirma aquele dito popular, NADA [&hellip;]\" \/>\n<meta property=\"og:url\" content=\"https:\/\/radiolifefm.com.br\/noticias\/da-serie-era-uma-vez-uma-provincia-do-faz-de-conta\/\" \/>\n<meta property=\"og:site_name\" content=\"R\u00e1dio Life FM\" \/>\n<meta property=\"article:publisher\" content=\"https:\/\/www.facebook.com\/radiolifefm\/\" \/>\n<meta property=\"article:published_time\" content=\"2023-06-05T11:08:35+00:00\" \/>\n<meta property=\"article:modified_time\" content=\"2025-10-07T22:32:28+00:00\" \/>\n<meta property=\"og:image\" content=\"https:\/\/static.radiolifefm.com.br\/noticias\/wp-content\/uploads\/2022\/04\/WhatsApp-Image-2022-04-10-at-18.43.02.jpeg\" \/>\n\t<meta property=\"og:image:width\" content=\"972\" \/>\n\t<meta property=\"og:image:height\" content=\"1296\" \/>\n\t<meta property=\"og:image:type\" content=\"image\/jpeg\" \/>\n<meta name=\"author\" content=\"ritanery\" \/>\n<meta name=\"twitter:card\" content=\"summary_large_image\" \/>\n<meta name=\"twitter:label1\" content=\"Escrito por\" \/>\n\t<meta name=\"twitter:data1\" content=\"ritanery\" \/>\n\t<meta name=\"twitter:label2\" content=\"Est. tempo de leitura\" \/>\n\t<meta name=\"twitter:data2\" content=\"3 minutos\" \/>\n<script type=\"application\/ld+json\" class=\"yoast-schema-graph\">{\"@context\":\"https:\/\/schema.org\",\"@graph\":[{\"@type\":\"Article\",\"@id\":\"https:\/\/radiolifefm.com.br\/noticias\/da-serie-era-uma-vez-uma-provincia-do-faz-de-conta\/#article\",\"isPartOf\":{\"@id\":\"https:\/\/radiolifefm.com.br\/noticias\/da-serie-era-uma-vez-uma-provincia-do-faz-de-conta\/\"},\"author\":{\"name\":\"ritanery\",\"@id\":\"https:\/\/radiolifefm.com.br\/noticias\/#\/schema\/person\/6339b9fac59d12b071dec680d7375d87\"},\"headline\":\"Da s\u00e9rie, ERA UMA VEZ UMA PROV\u00cdNCIA DO FAZ DE CONTA&#8230;\",\"datePublished\":\"2023-06-05T11:08:35+00:00\",\"dateModified\":\"2025-10-07T22:32:28+00:00\",\"mainEntityOfPage\":{\"@id\":\"https:\/\/radiolifefm.com.br\/noticias\/da-serie-era-uma-vez-uma-provincia-do-faz-de-conta\/\"},\"wordCount\":458,\"publisher\":{\"@id\":\"https:\/\/radiolifefm.com.br\/noticias\/#organization\"},\"image\":{\"@id\":\"https:\/\/radiolifefm.com.br\/noticias\/da-serie-era-uma-vez-uma-provincia-do-faz-de-conta\/#primaryimage\"},\"thumbnailUrl\":\"https:\/\/radiolifefm.com.br\/noticias\/wp-content\/uploads\/2022\/04\/WhatsApp-Image-2022-04-10-at-18.43.02.jpeg\",\"articleSection\":[\"Opini\u00e3o\"],\"inLanguage\":\"pt-BR\"},{\"@type\":\"WebPage\",\"@id\":\"https:\/\/radiolifefm.com.br\/noticias\/da-serie-era-uma-vez-uma-provincia-do-faz-de-conta\/\",\"url\":\"https:\/\/radiolifefm.com.br\/noticias\/da-serie-era-uma-vez-uma-provincia-do-faz-de-conta\/\",\"name\":\"Da s\u00e9rie, ERA UMA VEZ UMA PROV\u00cdNCIA DO FAZ DE CONTA... - R\u00e1dio Life FM\",\"isPartOf\":{\"@id\":\"https:\/\/radiolifefm.com.br\/noticias\/#website\"},\"primaryImageOfPage\":{\"@id\":\"https:\/\/radiolifefm.com.br\/noticias\/da-serie-era-uma-vez-uma-provincia-do-faz-de-conta\/#primaryimage\"},\"image\":{\"@id\":\"https:\/\/radiolifefm.com.br\/noticias\/da-serie-era-uma-vez-uma-provincia-do-faz-de-conta\/#primaryimage\"},\"thumbnailUrl\":\"https:\/\/radiolifefm.com.br\/noticias\/wp-content\/uploads\/2022\/04\/WhatsApp-Image-2022-04-10-at-18.43.02.jpeg\",\"datePublished\":\"2023-06-05T11:08:35+00:00\",\"dateModified\":\"2025-10-07T22:32:28+00:00\",\"breadcrumb\":{\"@id\":\"https:\/\/radiolifefm.com.br\/noticias\/da-serie-era-uma-vez-uma-provincia-do-faz-de-conta\/#breadcrumb\"},\"inLanguage\":\"pt-BR\",\"potentialAction\":[{\"@type\":\"ReadAction\",\"target\":[\"https:\/\/radiolifefm.com.br\/noticias\/da-serie-era-uma-vez-uma-provincia-do-faz-de-conta\/\"]}]},{\"@type\":\"ImageObject\",\"inLanguage\":\"pt-BR\",\"@id\":\"https:\/\/radiolifefm.com.br\/noticias\/da-serie-era-uma-vez-uma-provincia-do-faz-de-conta\/#primaryimage\",\"url\":\"https:\/\/radiolifefm.com.br\/noticias\/wp-content\/uploads\/2022\/04\/WhatsApp-Image-2022-04-10-at-18.43.02.jpeg\",\"contentUrl\":\"https:\/\/radiolifefm.com.br\/noticias\/wp-content\/uploads\/2022\/04\/WhatsApp-Image-2022-04-10-at-18.43.02.jpeg\",\"width\":972,\"height\":1296,\"caption\":\"S\u00e9rgio Barbosa\"},{\"@type\":\"BreadcrumbList\",\"@id\":\"https:\/\/radiolifefm.com.br\/noticias\/da-serie-era-uma-vez-uma-provincia-do-faz-de-conta\/#breadcrumb\",\"itemListElement\":[{\"@type\":\"ListItem\",\"position\":1,\"name\":\"In\u00edcio\",\"item\":\"https:\/\/radiolifefm.com.br\/noticias\/\"},{\"@type\":\"ListItem\",\"position\":2,\"name\":\"Da s\u00e9rie, ERA UMA VEZ UMA PROV\u00cdNCIA DO FAZ DE CONTA&#8230;\"}]},{\"@type\":\"WebSite\",\"@id\":\"https:\/\/radiolifefm.com.br\/noticias\/#website\",\"url\":\"https:\/\/radiolifefm.com.br\/noticias\/\",\"name\":\"R\u00e1dio Life FM\",\"description\":\"O Portal de Not\u00edcias de Adamantina\",\"publisher\":{\"@id\":\"https:\/\/radiolifefm.com.br\/noticias\/#organization\"},\"alternateName\":\"Life FM\",\"potentialAction\":[{\"@type\":\"SearchAction\",\"target\":{\"@type\":\"EntryPoint\",\"urlTemplate\":\"https:\/\/radiolifefm.com.br\/noticias\/?s={search_term_string}\"},\"query-input\":{\"@type\":\"PropertyValueSpecification\",\"valueRequired\":true,\"valueName\":\"search_term_string\"}}],\"inLanguage\":\"pt-BR\"},{\"@type\":\"Organization\",\"@id\":\"https:\/\/radiolifefm.com.br\/noticias\/#organization\",\"name\":\"R\u00e1dio Life FM\",\"alternateName\":\"Life FM\",\"url\":\"https:\/\/radiolifefm.com.br\/noticias\/\",\"logo\":{\"@type\":\"ImageObject\",\"inLanguage\":\"pt-BR\",\"@id\":\"https:\/\/radiolifefm.com.br\/noticias\/#\/schema\/logo\/image\/\",\"url\":\"https:\/\/static.radiolifefm.com.br\/noticias\/wp-content\/uploads\/2019\/10\/logo-lifefm.png\",\"contentUrl\":\"https:\/\/static.radiolifefm.com.br\/noticias\/wp-content\/uploads\/2019\/10\/logo-lifefm.png\",\"width\":196,\"height\":47,\"caption\":\"R\u00e1dio Life FM\"},\"image\":{\"@id\":\"https:\/\/radiolifefm.com.br\/noticias\/#\/schema\/logo\/image\/\"},\"sameAs\":[\"https:\/\/www.facebook.com\/radiolifefm\/\",\"https:\/\/www.instagram.com\/life1079fm\/\"]},{\"@type\":\"Person\",\"@id\":\"https:\/\/radiolifefm.com.br\/noticias\/#\/schema\/person\/6339b9fac59d12b071dec680d7375d87\",\"name\":\"ritanery\",\"image\":{\"@type\":\"ImageObject\",\"inLanguage\":\"pt-BR\",\"@id\":\"https:\/\/secure.gravatar.com\/avatar\/0e37bb19071f47c0b8a23f62a903df117c5a0e75f65a0c2901562f97cd41cf86?s=96&d=mm&r=g\",\"url\":\"https:\/\/secure.gravatar.com\/avatar\/0e37bb19071f47c0b8a23f62a903df117c5a0e75f65a0c2901562f97cd41cf86?s=96&d=mm&r=g\",\"contentUrl\":\"https:\/\/secure.gravatar.com\/avatar\/0e37bb19071f47c0b8a23f62a903df117c5a0e75f65a0c2901562f97cd41cf86?s=96&d=mm&r=g\",\"caption\":\"ritanery\"}}]}<\/script>\n<!-- \/ Yoast SEO plugin. -->","yoast_head_json":{"title":"Da s\u00e9rie, ERA UMA VEZ UMA PROV\u00cdNCIA DO FAZ DE CONTA... - R\u00e1dio Life FM","robots":{"index":"index","follow":"follow","max-snippet":"max-snippet:-1","max-image-preview":"max-image-preview:large","max-video-preview":"max-video-preview:-1"},"canonical":"https:\/\/radiolifefm.com.br\/noticias\/da-serie-era-uma-vez-uma-provincia-do-faz-de-conta\/","og_locale":"pt_BR","og_type":"article","og_title":"Da s\u00e9rie, ERA UMA VEZ UMA PROV\u00cdNCIA DO FAZ DE CONTA... - R\u00e1dio Life FM","og_description":"&nbsp; &nbsp; \u00a0\u201cVia de regra, os problemas da gest\u00e3o p\u00fablica est\u00e3o relacionados \u00e0 incompet\u00eancia, \u00e0 neglig\u00eancia ou \u00e0 m\u00e1-f\u00e9 de agentes que se apoiam na burocracia para explicar a sua incapacidade para legitimar o que a letra fria da legalidade n\u00e3o justifica.\u201d (General Paulo Chagas) \u00a0 S\u00e9rgio Barbosa (*) Como afirma aquele dito popular, NADA [&hellip;]","og_url":"https:\/\/radiolifefm.com.br\/noticias\/da-serie-era-uma-vez-uma-provincia-do-faz-de-conta\/","og_site_name":"R\u00e1dio Life FM","article_publisher":"https:\/\/www.facebook.com\/radiolifefm\/","article_published_time":"2023-06-05T11:08:35+00:00","article_modified_time":"2025-10-07T22:32:28+00:00","og_image":[{"width":972,"height":1296,"url":"https:\/\/static.radiolifefm.com.br\/noticias\/wp-content\/uploads\/2022\/04\/WhatsApp-Image-2022-04-10-at-18.43.02.jpeg","type":"image\/jpeg"}],"author":"ritanery","twitter_card":"summary_large_image","twitter_misc":{"Escrito por":"ritanery","Est. tempo de leitura":"3 minutos"},"schema":{"@context":"https:\/\/schema.org","@graph":[{"@type":"Article","@id":"https:\/\/radiolifefm.com.br\/noticias\/da-serie-era-uma-vez-uma-provincia-do-faz-de-conta\/#article","isPartOf":{"@id":"https:\/\/radiolifefm.com.br\/noticias\/da-serie-era-uma-vez-uma-provincia-do-faz-de-conta\/"},"author":{"name":"ritanery","@id":"https:\/\/radiolifefm.com.br\/noticias\/#\/schema\/person\/6339b9fac59d12b071dec680d7375d87"},"headline":"Da s\u00e9rie, ERA UMA VEZ UMA PROV\u00cdNCIA DO FAZ DE CONTA&#8230;","datePublished":"2023-06-05T11:08:35+00:00","dateModified":"2025-10-07T22:32:28+00:00","mainEntityOfPage":{"@id":"https:\/\/radiolifefm.com.br\/noticias\/da-serie-era-uma-vez-uma-provincia-do-faz-de-conta\/"},"wordCount":458,"publisher":{"@id":"https:\/\/radiolifefm.com.br\/noticias\/#organization"},"image":{"@id":"https:\/\/radiolifefm.com.br\/noticias\/da-serie-era-uma-vez-uma-provincia-do-faz-de-conta\/#primaryimage"},"thumbnailUrl":"https:\/\/radiolifefm.com.br\/noticias\/wp-content\/uploads\/2022\/04\/WhatsApp-Image-2022-04-10-at-18.43.02.jpeg","articleSection":["Opini\u00e3o"],"inLanguage":"pt-BR"},{"@type":"WebPage","@id":"https:\/\/radiolifefm.com.br\/noticias\/da-serie-era-uma-vez-uma-provincia-do-faz-de-conta\/","url":"https:\/\/radiolifefm.com.br\/noticias\/da-serie-era-uma-vez-uma-provincia-do-faz-de-conta\/","name":"Da s\u00e9rie, ERA UMA VEZ UMA PROV\u00cdNCIA DO FAZ DE CONTA... - R\u00e1dio Life FM","isPartOf":{"@id":"https:\/\/radiolifefm.com.br\/noticias\/#website"},"primaryImageOfPage":{"@id":"https:\/\/radiolifefm.com.br\/noticias\/da-serie-era-uma-vez-uma-provincia-do-faz-de-conta\/#primaryimage"},"image":{"@id":"https:\/\/radiolifefm.com.br\/noticias\/da-serie-era-uma-vez-uma-provincia-do-faz-de-conta\/#primaryimage"},"thumbnailUrl":"https:\/\/radiolifefm.com.br\/noticias\/wp-content\/uploads\/2022\/04\/WhatsApp-Image-2022-04-10-at-18.43.02.jpeg","datePublished":"2023-06-05T11:08:35+00:00","dateModified":"2025-10-07T22:32:28+00:00","breadcrumb":{"@id":"https:\/\/radiolifefm.com.br\/noticias\/da-serie-era-uma-vez-uma-provincia-do-faz-de-conta\/#breadcrumb"},"inLanguage":"pt-BR","potentialAction":[{"@type":"ReadAction","target":["https:\/\/radiolifefm.com.br\/noticias\/da-serie-era-uma-vez-uma-provincia-do-faz-de-conta\/"]}]},{"@type":"ImageObject","inLanguage":"pt-BR","@id":"https:\/\/radiolifefm.com.br\/noticias\/da-serie-era-uma-vez-uma-provincia-do-faz-de-conta\/#primaryimage","url":"https:\/\/radiolifefm.com.br\/noticias\/wp-content\/uploads\/2022\/04\/WhatsApp-Image-2022-04-10-at-18.43.02.jpeg","contentUrl":"https:\/\/radiolifefm.com.br\/noticias\/wp-content\/uploads\/2022\/04\/WhatsApp-Image-2022-04-10-at-18.43.02.jpeg","width":972,"height":1296,"caption":"S\u00e9rgio Barbosa"},{"@type":"BreadcrumbList","@id":"https:\/\/radiolifefm.com.br\/noticias\/da-serie-era-uma-vez-uma-provincia-do-faz-de-conta\/#breadcrumb","itemListElement":[{"@type":"ListItem","position":1,"name":"In\u00edcio","item":"https:\/\/radiolifefm.com.br\/noticias\/"},{"@type":"ListItem","position":2,"name":"Da s\u00e9rie, ERA UMA VEZ UMA PROV\u00cdNCIA DO FAZ DE CONTA&#8230;"}]},{"@type":"WebSite","@id":"https:\/\/radiolifefm.com.br\/noticias\/#website","url":"https:\/\/radiolifefm.com.br\/noticias\/","name":"R\u00e1dio Life FM","description":"O Portal de Not\u00edcias de Adamantina","publisher":{"@id":"https:\/\/radiolifefm.com.br\/noticias\/#organization"},"alternateName":"Life FM","potentialAction":[{"@type":"SearchAction","target":{"@type":"EntryPoint","urlTemplate":"https:\/\/radiolifefm.com.br\/noticias\/?s={search_term_string}"},"query-input":{"@type":"PropertyValueSpecification","valueRequired":true,"valueName":"search_term_string"}}],"inLanguage":"pt-BR"},{"@type":"Organization","@id":"https:\/\/radiolifefm.com.br\/noticias\/#organization","name":"R\u00e1dio Life FM","alternateName":"Life FM","url":"https:\/\/radiolifefm.com.br\/noticias\/","logo":{"@type":"ImageObject","inLanguage":"pt-BR","@id":"https:\/\/radiolifefm.com.br\/noticias\/#\/schema\/logo\/image\/","url":"https:\/\/static.radiolifefm.com.br\/noticias\/wp-content\/uploads\/2019\/10\/logo-lifefm.png","contentUrl":"https:\/\/static.radiolifefm.com.br\/noticias\/wp-content\/uploads\/2019\/10\/logo-lifefm.png","width":196,"height":47,"caption":"R\u00e1dio Life FM"},"image":{"@id":"https:\/\/radiolifefm.com.br\/noticias\/#\/schema\/logo\/image\/"},"sameAs":["https:\/\/www.facebook.com\/radiolifefm\/","https:\/\/www.instagram.com\/life1079fm\/"]},{"@type":"Person","@id":"https:\/\/radiolifefm.com.br\/noticias\/#\/schema\/person\/6339b9fac59d12b071dec680d7375d87","name":"ritanery","image":{"@type":"ImageObject","inLanguage":"pt-BR","@id":"https:\/\/secure.gravatar.com\/avatar\/0e37bb19071f47c0b8a23f62a903df117c5a0e75f65a0c2901562f97cd41cf86?s=96&d=mm&r=g","url":"https:\/\/secure.gravatar.com\/avatar\/0e37bb19071f47c0b8a23f62a903df117c5a0e75f65a0c2901562f97cd41cf86?s=96&d=mm&r=g","contentUrl":"https:\/\/secure.gravatar.com\/avatar\/0e37bb19071f47c0b8a23f62a903df117c5a0e75f65a0c2901562f97cd41cf86?s=96&d=mm&r=g","caption":"ritanery"}}]}},"amp_enabled":true,"_links":{"self":[{"href":"https:\/\/radiolifefm.com.br\/noticias\/wp-json\/wp\/v2\/posts\/71506","targetHints":{"allow":["GET"]}}],"collection":[{"href":"https:\/\/radiolifefm.com.br\/noticias\/wp-json\/wp\/v2\/posts"}],"about":[{"href":"https:\/\/radiolifefm.com.br\/noticias\/wp-json\/wp\/v2\/types\/post"}],"author":[{"embeddable":true,"href":"https:\/\/radiolifefm.com.br\/noticias\/wp-json\/wp\/v2\/users\/13"}],"replies":[{"embeddable":true,"href":"https:\/\/radiolifefm.com.br\/noticias\/wp-json\/wp\/v2\/comments?post=71506"}],"version-history":[{"count":1,"href":"https:\/\/radiolifefm.com.br\/noticias\/wp-json\/wp\/v2\/posts\/71506\/revisions"}],"predecessor-version":[{"id":71507,"href":"https:\/\/radiolifefm.com.br\/noticias\/wp-json\/wp\/v2\/posts\/71506\/revisions\/71507"}],"wp:featuredmedia":[{"embeddable":true,"href":"https:\/\/radiolifefm.com.br\/noticias\/wp-json\/wp\/v2\/media\/51988"}],"wp:attachment":[{"href":"https:\/\/radiolifefm.com.br\/noticias\/wp-json\/wp\/v2\/media?parent=71506"}],"wp:term":[{"taxonomy":"category","embeddable":true,"href":"https:\/\/radiolifefm.com.br\/noticias\/wp-json\/wp\/v2\/categories?post=71506"},{"taxonomy":"post_tag","embeddable":true,"href":"https:\/\/radiolifefm.com.br\/noticias\/wp-json\/wp\/v2\/tags?post=71506"}],"curies":[{"name":"wp","href":"https:\/\/api.w.org\/{rel}","templated":true}]}}