{"id":71423,"date":"2023-06-02T07:50:42","date_gmt":"2023-06-02T10:50:42","guid":{"rendered":"https:\/\/radiolifefm.com.br\/noticias\/?p=71423"},"modified":"2026-04-07T20:02:22","modified_gmt":"2026-04-07T23:02:22","slug":"requiem-para-a-morte-com-aviso-de-validade-2","status":"publish","type":"post","link":"https:\/\/radiolifefm.com.br\/noticias\/requiem-para-a-morte-com-aviso-de-validade-2\/","title":{"rendered":"REQUIEM PARA A MORTE COM AVISO DE VALIDADE&#8230; ."},"content":{"rendered":"<div id=\"fb-root\"><\/div>\n<p><em>\u00a0\u201cAos 12 era apenas um anjo do p\u00f3. Aos 13 abra\u00e7ou a hero\u00edna. Aos 14 come\u00e7ou a freq\u00fcentar as ruas&#8230;\u201d<\/em><\/p>\n<p><em>(in DVD \u201cEU, CHRISTIANE F.\u201d\/Spectra Nova)<\/em><\/p>\n<p>&nbsp;<\/p>\n<p><strong><em>S\u00e9rgio Barbosa (*)<\/em><\/strong><\/p>\n<p>&nbsp;<\/p>\n<p>Nesta \u00faltima semana, depois de muitos anos, acabei assistindo diversos filmes dos bons e velhos tempos, entre os quais, \u201cEU, CHRISTIANE F.: 13 ANOS, DROGADA E PROSTITU\u00cdDA\u201d, produ\u00e7\u00e3o cinematogr\u00e1fica alem\u00e3 dos anos 70 que marcou diversas gera\u00e7\u00f5es em n\u00edvel mundial&#8230;<\/p>\n<p>Na hermen\u00eautica da vida, nem sempre a utopia torna-se realidade, ainda mais nos caminhos patrocinados pelas drogas e seus efeitos nas pessoas, neste caso em especial, quando se trata de adolescentes em meio aos desencontros com os novos desafios do seu tempo.<\/p>\n<p>O filme citado, mesmo depois de tr\u00eas d\u00e9cadas do seu lan\u00e7amento, torna-se um marco do contexto atual, claro, registra-se neste cen\u00e1rio, as marcas dos anos passados desde o final dos anos 70 numa cidade alem\u00e3 secular, por\u00e9m, o problema das drogas continua presente em todos os cantos do planeta&#8230;<\/p>\n<p>Os cr\u00edticos de plant\u00e3o neste assunto, afirma que o narcotr\u00e1fico pode ser considerado o denominado \u201cquinto poder\u201d institucionalizado, refor\u00e7ando, ainda, como o mais poderoso de todos os demais poderes, a saber: executivo, legislativo, judici\u00e1rio e m\u00eddia&#8230;<\/p>\n<p>As drogas est\u00e3o marcando presen\u00e7a em todos os n\u00edveis sociais, assim, faz-se necess\u00e1rio estar em alerta contra a invas\u00e3o por meio das trocas entre o pagamento e a depend\u00eancia, tamb\u00e9m, gerando na maioria das vezes, conflitos familiares sem perspectivas para ambos os lados nesta tens\u00e3o causada pela droga&#8230;<\/p>\n<p>A preven\u00e7\u00e3o \u00e9 a defesa mais acertada para a sociedade, portanto, as pol\u00edticas p\u00fablicas devem apresentar propostas coerentes com os problemas causados pelo consumo das drogas, bem como, por meio do tr\u00e1fico dos produtos il\u00edcitos que avan\u00e7am sem controle efetivo em busca das novas rotas do lucro em nome da depend\u00eancia social&#8230;<\/p>\n<p>Retornando ao filme, pode-se afirmar que \u201cEU, CHRISTIANE F.\u201d, ainda marca presen\u00e7a com sua mensagem baseada em fatos reais que aconteceram na cidade alem\u00e3 de Berlin nos anos 70 como ressaca dos anos 60 que levantava \u00e0 bandeira hippie em nome da \u201cPAZ, AMOR, DROGAS E ROCK\u00b4N AND ROLL\u201d&#8230;<\/p>\n<p>Tamb\u00e9m, deve-se registrar a excelente TRILHA MUSICAL do filme com o eterno CAMALE\u00c3O DO ROCK, isso mesmo, DAVID BOWIE (in memoriam) que fez a diferen\u00e7a do in\u00edcio ao final da produ\u00e7\u00e3o, ainda, apareceu AO VIVO em um show no decorrer do filme para del\u00edrio dos f\u00e3s daquele outro tempo do tempo&#8230;<\/p>\n<p>&nbsp;<\/p>\n<p><strong><em>_________________________________________<\/em><\/strong><\/p>\n<p><strong><em>(*) Jornalista diplomado.<\/em><\/strong><\/p>\n<p><strong><em>e-mail: <a href=\"mailto:barbosa.sebar@gmail.com\">barbosa.sebar@gmail.com<\/a><\/em><\/strong><\/p>\n<p><em>\u00a0<\/em><\/p>\n","protected":false},"excerpt":{"rendered":"<p>\u00a0\u201cAos 12 era apenas um anjo do p\u00f3. Aos 13 abra\u00e7ou a hero\u00edna. Aos 14 come\u00e7ou a freq\u00fcentar as ruas&#8230;\u201d (in DVD \u201cEU, CHRISTIANE F.\u201d\/Spectra Nova) &nbsp; S\u00e9rgio Barbosa (*) &nbsp; Nesta \u00faltima semana, depois de muitos anos, acabei assistindo diversos filmes dos bons e velhos tempos, entre os quais, \u201cEU, CHRISTIANE F.: 13 ANOS, [&hellip;]<\/p>\n","protected":false},"author":13,"featured_media":51988,"comment_status":"closed","ping_status":"open","sticky":false,"template":"","format":"standard","meta":{"_acf_changed":false,"_exactmetrics_skip_tracking":false,"_exactmetrics_sitenote_active":false,"_exactmetrics_sitenote_note":"","_exactmetrics_sitenote_category":0,"footnotes":""},"categories":[59],"tags":[],"class_list":["post-71423","post","type-post","status-publish","format-standard","has-post-thumbnail","hentry","category-opiniao"],"acf":[],"yoast_head":"<!-- This site is optimized with the Yoast SEO plugin v27.2 - https:\/\/yoast.com\/product\/yoast-seo-wordpress\/ -->\n<title>REQUIEM PARA A MORTE COM AVISO DE VALIDADE... . - R\u00e1dio Life FM<\/title>\n<meta name=\"robots\" content=\"index, follow, max-snippet:-1, max-image-preview:large, max-video-preview:-1\" \/>\n<link rel=\"canonical\" href=\"https:\/\/radiolifefm.com.br\/noticias\/requiem-para-a-morte-com-aviso-de-validade-2\/\" \/>\n<meta property=\"og:locale\" content=\"pt_BR\" \/>\n<meta property=\"og:type\" content=\"article\" \/>\n<meta property=\"og:title\" content=\"REQUIEM PARA A MORTE COM AVISO DE VALIDADE... . - R\u00e1dio Life FM\" \/>\n<meta property=\"og:description\" content=\"\u00a0\u201cAos 12 era apenas um anjo do p\u00f3. Aos 13 abra\u00e7ou a hero\u00edna. Aos 14 come\u00e7ou a freq\u00fcentar as ruas&#8230;\u201d (in DVD \u201cEU, CHRISTIANE F.\u201d\/Spectra Nova) &nbsp; S\u00e9rgio Barbosa (*) &nbsp; Nesta \u00faltima semana, depois de muitos anos, acabei assistindo diversos filmes dos bons e velhos tempos, entre os quais, \u201cEU, CHRISTIANE F.: 13 ANOS, [&hellip;]\" \/>\n<meta property=\"og:url\" content=\"https:\/\/radiolifefm.com.br\/noticias\/requiem-para-a-morte-com-aviso-de-validade-2\/\" \/>\n<meta property=\"og:site_name\" content=\"R\u00e1dio Life FM\" \/>\n<meta property=\"article:publisher\" content=\"https:\/\/www.facebook.com\/radiolifefm\/\" \/>\n<meta property=\"article:published_time\" content=\"2023-06-02T10:50:42+00:00\" \/>\n<meta property=\"article:modified_time\" content=\"2026-04-07T23:02:22+00:00\" \/>\n<meta property=\"og:image\" content=\"https:\/\/radiolifefm.com.br\/noticias\/wp-content\/uploads\/2022\/04\/WhatsApp-Image-2022-04-10-at-18.43.02.jpeg\" \/>\n\t<meta property=\"og:image:width\" content=\"972\" \/>\n\t<meta property=\"og:image:height\" content=\"1296\" \/>\n\t<meta property=\"og:image:type\" content=\"image\/jpeg\" \/>\n<meta name=\"author\" content=\"ritanery\" \/>\n<meta name=\"twitter:card\" content=\"summary_large_image\" \/>\n<meta name=\"twitter:label1\" content=\"Escrito por\" \/>\n\t<meta name=\"twitter:data1\" content=\"ritanery\" \/>\n\t<meta name=\"twitter:label2\" content=\"Est. tempo de leitura\" \/>\n\t<meta name=\"twitter:data2\" content=\"3 minutos\" \/>\n<script type=\"application\/ld+json\" class=\"yoast-schema-graph\">{\"@context\":\"https:\/\/schema.org\",\"@graph\":[{\"@type\":\"Article\",\"@id\":\"https:\/\/radiolifefm.com.br\/noticias\/requiem-para-a-morte-com-aviso-de-validade-2\/#article\",\"isPartOf\":{\"@id\":\"https:\/\/radiolifefm.com.br\/noticias\/requiem-para-a-morte-com-aviso-de-validade-2\/\"},\"author\":{\"name\":\"ritanery\",\"@id\":\"https:\/\/radiolifefm.com.br\/noticias\/#\/schema\/person\/6339b9fac59d12b071dec680d7375d87\"},\"headline\":\"REQUIEM PARA A MORTE COM AVISO DE VALIDADE&#8230; .\",\"datePublished\":\"2023-06-02T10:50:42+00:00\",\"dateModified\":\"2026-04-07T23:02:22+00:00\",\"mainEntityOfPage\":{\"@id\":\"https:\/\/radiolifefm.com.br\/noticias\/requiem-para-a-morte-com-aviso-de-validade-2\/\"},\"wordCount\":450,\"publisher\":{\"@id\":\"https:\/\/radiolifefm.com.br\/noticias\/#organization\"},\"image\":{\"@id\":\"https:\/\/radiolifefm.com.br\/noticias\/requiem-para-a-morte-com-aviso-de-validade-2\/#primaryimage\"},\"thumbnailUrl\":\"https:\/\/radiolifefm.com.br\/noticias\/wp-content\/uploads\/2022\/04\/WhatsApp-Image-2022-04-10-at-18.43.02.jpeg\",\"articleSection\":[\"Opini\u00e3o\"],\"inLanguage\":\"pt-BR\"},{\"@type\":\"WebPage\",\"@id\":\"https:\/\/radiolifefm.com.br\/noticias\/requiem-para-a-morte-com-aviso-de-validade-2\/\",\"url\":\"https:\/\/radiolifefm.com.br\/noticias\/requiem-para-a-morte-com-aviso-de-validade-2\/\",\"name\":\"REQUIEM PARA A MORTE COM AVISO DE VALIDADE... . - R\u00e1dio Life FM\",\"isPartOf\":{\"@id\":\"https:\/\/radiolifefm.com.br\/noticias\/#website\"},\"primaryImageOfPage\":{\"@id\":\"https:\/\/radiolifefm.com.br\/noticias\/requiem-para-a-morte-com-aviso-de-validade-2\/#primaryimage\"},\"image\":{\"@id\":\"https:\/\/radiolifefm.com.br\/noticias\/requiem-para-a-morte-com-aviso-de-validade-2\/#primaryimage\"},\"thumbnailUrl\":\"https:\/\/radiolifefm.com.br\/noticias\/wp-content\/uploads\/2022\/04\/WhatsApp-Image-2022-04-10-at-18.43.02.jpeg\",\"datePublished\":\"2023-06-02T10:50:42+00:00\",\"dateModified\":\"2026-04-07T23:02:22+00:00\",\"breadcrumb\":{\"@id\":\"https:\/\/radiolifefm.com.br\/noticias\/requiem-para-a-morte-com-aviso-de-validade-2\/#breadcrumb\"},\"inLanguage\":\"pt-BR\",\"potentialAction\":[{\"@type\":\"ReadAction\",\"target\":[\"https:\/\/radiolifefm.com.br\/noticias\/requiem-para-a-morte-com-aviso-de-validade-2\/\"]}]},{\"@type\":\"ImageObject\",\"inLanguage\":\"pt-BR\",\"@id\":\"https:\/\/radiolifefm.com.br\/noticias\/requiem-para-a-morte-com-aviso-de-validade-2\/#primaryimage\",\"url\":\"https:\/\/radiolifefm.com.br\/noticias\/wp-content\/uploads\/2022\/04\/WhatsApp-Image-2022-04-10-at-18.43.02.jpeg\",\"contentUrl\":\"https:\/\/radiolifefm.com.br\/noticias\/wp-content\/uploads\/2022\/04\/WhatsApp-Image-2022-04-10-at-18.43.02.jpeg\",\"width\":972,\"height\":1296,\"caption\":\"S\u00e9rgio Barbosa\"},{\"@type\":\"BreadcrumbList\",\"@id\":\"https:\/\/radiolifefm.com.br\/noticias\/requiem-para-a-morte-com-aviso-de-validade-2\/#breadcrumb\",\"itemListElement\":[{\"@type\":\"ListItem\",\"position\":1,\"name\":\"In\u00edcio\",\"item\":\"https:\/\/radiolifefm.com.br\/noticias\/\"},{\"@type\":\"ListItem\",\"position\":2,\"name\":\"REQUIEM PARA A MORTE COM AVISO DE VALIDADE&#8230; .\"}]},{\"@type\":\"WebSite\",\"@id\":\"https:\/\/radiolifefm.com.br\/noticias\/#website\",\"url\":\"https:\/\/radiolifefm.com.br\/noticias\/\",\"name\":\"R\u00e1dio Life FM\",\"description\":\"O Portal de Not\u00edcias de Adamantina\",\"publisher\":{\"@id\":\"https:\/\/radiolifefm.com.br\/noticias\/#organization\"},\"alternateName\":\"Life FM\",\"potentialAction\":[{\"@type\":\"SearchAction\",\"target\":{\"@type\":\"EntryPoint\",\"urlTemplate\":\"https:\/\/radiolifefm.com.br\/noticias\/?s={search_term_string}\"},\"query-input\":{\"@type\":\"PropertyValueSpecification\",\"valueRequired\":true,\"valueName\":\"search_term_string\"}}],\"inLanguage\":\"pt-BR\"},{\"@type\":\"Organization\",\"@id\":\"https:\/\/radiolifefm.com.br\/noticias\/#organization\",\"name\":\"R\u00e1dio Life FM\",\"alternateName\":\"Life FM\",\"url\":\"https:\/\/radiolifefm.com.br\/noticias\/\",\"logo\":{\"@type\":\"ImageObject\",\"inLanguage\":\"pt-BR\",\"@id\":\"https:\/\/radiolifefm.com.br\/noticias\/#\/schema\/logo\/image\/\",\"url\":\"https:\/\/static.radiolifefm.com.br\/noticias\/wp-content\/uploads\/2019\/10\/logo-lifefm.png\",\"contentUrl\":\"https:\/\/static.radiolifefm.com.br\/noticias\/wp-content\/uploads\/2019\/10\/logo-lifefm.png\",\"width\":196,\"height\":47,\"caption\":\"R\u00e1dio Life FM\"},\"image\":{\"@id\":\"https:\/\/radiolifefm.com.br\/noticias\/#\/schema\/logo\/image\/\"},\"sameAs\":[\"https:\/\/www.facebook.com\/radiolifefm\/\",\"https:\/\/www.instagram.com\/life1079fm\/\"]},{\"@type\":\"Person\",\"@id\":\"https:\/\/radiolifefm.com.br\/noticias\/#\/schema\/person\/6339b9fac59d12b071dec680d7375d87\",\"name\":\"ritanery\",\"image\":{\"@type\":\"ImageObject\",\"inLanguage\":\"pt-BR\",\"@id\":\"https:\/\/secure.gravatar.com\/avatar\/0e37bb19071f47c0b8a23f62a903df117c5a0e75f65a0c2901562f97cd41cf86?s=96&d=mm&r=g\",\"url\":\"https:\/\/secure.gravatar.com\/avatar\/0e37bb19071f47c0b8a23f62a903df117c5a0e75f65a0c2901562f97cd41cf86?s=96&d=mm&r=g\",\"contentUrl\":\"https:\/\/secure.gravatar.com\/avatar\/0e37bb19071f47c0b8a23f62a903df117c5a0e75f65a0c2901562f97cd41cf86?s=96&d=mm&r=g\",\"caption\":\"ritanery\"}}]}<\/script>\n<!-- \/ Yoast SEO plugin. -->","yoast_head_json":{"title":"REQUIEM PARA A MORTE COM AVISO DE VALIDADE... . - R\u00e1dio Life FM","robots":{"index":"index","follow":"follow","max-snippet":"max-snippet:-1","max-image-preview":"max-image-preview:large","max-video-preview":"max-video-preview:-1"},"canonical":"https:\/\/radiolifefm.com.br\/noticias\/requiem-para-a-morte-com-aviso-de-validade-2\/","og_locale":"pt_BR","og_type":"article","og_title":"REQUIEM PARA A MORTE COM AVISO DE VALIDADE... . - R\u00e1dio Life FM","og_description":"\u00a0\u201cAos 12 era apenas um anjo do p\u00f3. Aos 13 abra\u00e7ou a hero\u00edna. Aos 14 come\u00e7ou a freq\u00fcentar as ruas&#8230;\u201d (in DVD \u201cEU, CHRISTIANE F.\u201d\/Spectra Nova) &nbsp; S\u00e9rgio Barbosa (*) &nbsp; Nesta \u00faltima semana, depois de muitos anos, acabei assistindo diversos filmes dos bons e velhos tempos, entre os quais, \u201cEU, CHRISTIANE F.: 13 ANOS, [&hellip;]","og_url":"https:\/\/radiolifefm.com.br\/noticias\/requiem-para-a-morte-com-aviso-de-validade-2\/","og_site_name":"R\u00e1dio Life FM","article_publisher":"https:\/\/www.facebook.com\/radiolifefm\/","article_published_time":"2023-06-02T10:50:42+00:00","article_modified_time":"2026-04-07T23:02:22+00:00","og_image":[{"width":972,"height":1296,"url":"https:\/\/radiolifefm.com.br\/noticias\/wp-content\/uploads\/2022\/04\/WhatsApp-Image-2022-04-10-at-18.43.02.jpeg","type":"image\/jpeg"}],"author":"ritanery","twitter_card":"summary_large_image","twitter_misc":{"Escrito por":"ritanery","Est. tempo de leitura":"3 minutos"},"schema":{"@context":"https:\/\/schema.org","@graph":[{"@type":"Article","@id":"https:\/\/radiolifefm.com.br\/noticias\/requiem-para-a-morte-com-aviso-de-validade-2\/#article","isPartOf":{"@id":"https:\/\/radiolifefm.com.br\/noticias\/requiem-para-a-morte-com-aviso-de-validade-2\/"},"author":{"name":"ritanery","@id":"https:\/\/radiolifefm.com.br\/noticias\/#\/schema\/person\/6339b9fac59d12b071dec680d7375d87"},"headline":"REQUIEM PARA A MORTE COM AVISO DE VALIDADE&#8230; .","datePublished":"2023-06-02T10:50:42+00:00","dateModified":"2026-04-07T23:02:22+00:00","mainEntityOfPage":{"@id":"https:\/\/radiolifefm.com.br\/noticias\/requiem-para-a-morte-com-aviso-de-validade-2\/"},"wordCount":450,"publisher":{"@id":"https:\/\/radiolifefm.com.br\/noticias\/#organization"},"image":{"@id":"https:\/\/radiolifefm.com.br\/noticias\/requiem-para-a-morte-com-aviso-de-validade-2\/#primaryimage"},"thumbnailUrl":"https:\/\/radiolifefm.com.br\/noticias\/wp-content\/uploads\/2022\/04\/WhatsApp-Image-2022-04-10-at-18.43.02.jpeg","articleSection":["Opini\u00e3o"],"inLanguage":"pt-BR"},{"@type":"WebPage","@id":"https:\/\/radiolifefm.com.br\/noticias\/requiem-para-a-morte-com-aviso-de-validade-2\/","url":"https:\/\/radiolifefm.com.br\/noticias\/requiem-para-a-morte-com-aviso-de-validade-2\/","name":"REQUIEM PARA A MORTE COM AVISO DE VALIDADE... . - R\u00e1dio Life FM","isPartOf":{"@id":"https:\/\/radiolifefm.com.br\/noticias\/#website"},"primaryImageOfPage":{"@id":"https:\/\/radiolifefm.com.br\/noticias\/requiem-para-a-morte-com-aviso-de-validade-2\/#primaryimage"},"image":{"@id":"https:\/\/radiolifefm.com.br\/noticias\/requiem-para-a-morte-com-aviso-de-validade-2\/#primaryimage"},"thumbnailUrl":"https:\/\/radiolifefm.com.br\/noticias\/wp-content\/uploads\/2022\/04\/WhatsApp-Image-2022-04-10-at-18.43.02.jpeg","datePublished":"2023-06-02T10:50:42+00:00","dateModified":"2026-04-07T23:02:22+00:00","breadcrumb":{"@id":"https:\/\/radiolifefm.com.br\/noticias\/requiem-para-a-morte-com-aviso-de-validade-2\/#breadcrumb"},"inLanguage":"pt-BR","potentialAction":[{"@type":"ReadAction","target":["https:\/\/radiolifefm.com.br\/noticias\/requiem-para-a-morte-com-aviso-de-validade-2\/"]}]},{"@type":"ImageObject","inLanguage":"pt-BR","@id":"https:\/\/radiolifefm.com.br\/noticias\/requiem-para-a-morte-com-aviso-de-validade-2\/#primaryimage","url":"https:\/\/radiolifefm.com.br\/noticias\/wp-content\/uploads\/2022\/04\/WhatsApp-Image-2022-04-10-at-18.43.02.jpeg","contentUrl":"https:\/\/radiolifefm.com.br\/noticias\/wp-content\/uploads\/2022\/04\/WhatsApp-Image-2022-04-10-at-18.43.02.jpeg","width":972,"height":1296,"caption":"S\u00e9rgio Barbosa"},{"@type":"BreadcrumbList","@id":"https:\/\/radiolifefm.com.br\/noticias\/requiem-para-a-morte-com-aviso-de-validade-2\/#breadcrumb","itemListElement":[{"@type":"ListItem","position":1,"name":"In\u00edcio","item":"https:\/\/radiolifefm.com.br\/noticias\/"},{"@type":"ListItem","position":2,"name":"REQUIEM PARA A MORTE COM AVISO DE VALIDADE&#8230; ."}]},{"@type":"WebSite","@id":"https:\/\/radiolifefm.com.br\/noticias\/#website","url":"https:\/\/radiolifefm.com.br\/noticias\/","name":"R\u00e1dio Life FM","description":"O Portal de Not\u00edcias de Adamantina","publisher":{"@id":"https:\/\/radiolifefm.com.br\/noticias\/#organization"},"alternateName":"Life FM","potentialAction":[{"@type":"SearchAction","target":{"@type":"EntryPoint","urlTemplate":"https:\/\/radiolifefm.com.br\/noticias\/?s={search_term_string}"},"query-input":{"@type":"PropertyValueSpecification","valueRequired":true,"valueName":"search_term_string"}}],"inLanguage":"pt-BR"},{"@type":"Organization","@id":"https:\/\/radiolifefm.com.br\/noticias\/#organization","name":"R\u00e1dio Life FM","alternateName":"Life FM","url":"https:\/\/radiolifefm.com.br\/noticias\/","logo":{"@type":"ImageObject","inLanguage":"pt-BR","@id":"https:\/\/radiolifefm.com.br\/noticias\/#\/schema\/logo\/image\/","url":"https:\/\/static.radiolifefm.com.br\/noticias\/wp-content\/uploads\/2019\/10\/logo-lifefm.png","contentUrl":"https:\/\/static.radiolifefm.com.br\/noticias\/wp-content\/uploads\/2019\/10\/logo-lifefm.png","width":196,"height":47,"caption":"R\u00e1dio Life FM"},"image":{"@id":"https:\/\/radiolifefm.com.br\/noticias\/#\/schema\/logo\/image\/"},"sameAs":["https:\/\/www.facebook.com\/radiolifefm\/","https:\/\/www.instagram.com\/life1079fm\/"]},{"@type":"Person","@id":"https:\/\/radiolifefm.com.br\/noticias\/#\/schema\/person\/6339b9fac59d12b071dec680d7375d87","name":"ritanery","image":{"@type":"ImageObject","inLanguage":"pt-BR","@id":"https:\/\/secure.gravatar.com\/avatar\/0e37bb19071f47c0b8a23f62a903df117c5a0e75f65a0c2901562f97cd41cf86?s=96&d=mm&r=g","url":"https:\/\/secure.gravatar.com\/avatar\/0e37bb19071f47c0b8a23f62a903df117c5a0e75f65a0c2901562f97cd41cf86?s=96&d=mm&r=g","contentUrl":"https:\/\/secure.gravatar.com\/avatar\/0e37bb19071f47c0b8a23f62a903df117c5a0e75f65a0c2901562f97cd41cf86?s=96&d=mm&r=g","caption":"ritanery"}}]}},"amp_enabled":true,"_links":{"self":[{"href":"https:\/\/radiolifefm.com.br\/noticias\/wp-json\/wp\/v2\/posts\/71423","targetHints":{"allow":["GET"]}}],"collection":[{"href":"https:\/\/radiolifefm.com.br\/noticias\/wp-json\/wp\/v2\/posts"}],"about":[{"href":"https:\/\/radiolifefm.com.br\/noticias\/wp-json\/wp\/v2\/types\/post"}],"author":[{"embeddable":true,"href":"https:\/\/radiolifefm.com.br\/noticias\/wp-json\/wp\/v2\/users\/13"}],"replies":[{"embeddable":true,"href":"https:\/\/radiolifefm.com.br\/noticias\/wp-json\/wp\/v2\/comments?post=71423"}],"version-history":[{"count":1,"href":"https:\/\/radiolifefm.com.br\/noticias\/wp-json\/wp\/v2\/posts\/71423\/revisions"}],"predecessor-version":[{"id":71424,"href":"https:\/\/radiolifefm.com.br\/noticias\/wp-json\/wp\/v2\/posts\/71423\/revisions\/71424"}],"wp:featuredmedia":[{"embeddable":true,"href":"https:\/\/radiolifefm.com.br\/noticias\/wp-json\/wp\/v2\/media\/51988"}],"wp:attachment":[{"href":"https:\/\/radiolifefm.com.br\/noticias\/wp-json\/wp\/v2\/media?parent=71423"}],"wp:term":[{"taxonomy":"category","embeddable":true,"href":"https:\/\/radiolifefm.com.br\/noticias\/wp-json\/wp\/v2\/categories?post=71423"},{"taxonomy":"post_tag","embeddable":true,"href":"https:\/\/radiolifefm.com.br\/noticias\/wp-json\/wp\/v2\/tags?post=71423"}],"curies":[{"name":"wp","href":"https:\/\/api.w.org\/{rel}","templated":true}]}}