{"id":71135,"date":"2023-05-29T08:07:42","date_gmt":"2023-05-29T11:07:42","guid":{"rendered":"https:\/\/radiolifefm.com.br\/noticias\/?p=71135"},"modified":"2026-03-23T07:52:37","modified_gmt":"2026-03-23T10:52:37","slug":"nas-promessas-provincianas-do-passado","status":"publish","type":"post","link":"https:\/\/radiolifefm.com.br\/noticias\/nas-promessas-provincianas-do-passado\/","title":{"rendered":"Nas promessas PROVINCIANAS do passado&#8230;"},"content":{"rendered":"<div id=\"fb-root\"><\/div>\n<p><strong><em>\u201cOs que se encantam com a pr\u00e1tica sem a ci\u00eancia s\u00e3o como os timoneiros que entram no navio sem tim\u00e3o nem b\u00fassola, nunca tendo certeza do seu destino.\u201d (<\/em><\/strong><a href=\"https:\/\/www.pensador.com\/autor\/leonardo_da_vinci\/\"><strong><em>Leonardo da Vinci<\/em><\/strong><\/a><strong><em>)<\/em><\/strong><\/p>\n<p><strong><em>\u00a0<\/em><\/strong><\/p>\n<p><strong>S\u00e9rgio Barbosa (*)<\/strong><\/p>\n<p>Como sempre, ainda, pelo andar das IDAS e VINDAS do PIN\u00d3QUIO PROVINCIANO com sua turma de ALOPRADOS\/AS, que a MESMICE deve continuar para muitas TENTATIVAS de emplacar como CANDIDATO, o dito cujo, ou seja, o FILHOTE como herdeiro (sic) pol\u00edtico&#8230;<\/p>\n<p>Tamb\u00e9m, aquela tal PESQUISA dos 93% disto e daquilo quanto ao GOVERNO PINOQUIANO, por\u00e9m, pode-se registrar que muita \u00c1GUA, ainda, vai passar deste e do outro lado da tal PONTE, isso \u00e9, se a mesma, ainda, estiver de VENTO EM POPA&#8230;<\/p>\n<p>O momento \u00e9 para muitos DESENCONTROS em todas as \u00e1reas do MERCADO em n\u00edvel GLOCAL, ou seja, do GLOBAL para o LOCAL em tempo de P\u00d3S-GLOBALIZA\u00c7\u00c3O ORGANIZACIONAL&#8230;<\/p>\n<p>N\u00e3o se pode deixar de lado que os PROBLEMAS existem de um jeito ou de outro no caso desta PROV\u00cdNCIA DO FAZ DE CONTA, todavia, o CEN\u00c1RIO continua quase o mesmo do outro TEMPO que era apenas um TEMPO sem o TEMPO&#8230;<\/p>\n<p>Portanto, apenas quem est\u00e1 neste CONTEXTO pode saber disto ou daquilo quanto a GEST\u00c3O PINOQUIANA, haja vista que o tal GRUPO de APOIO est\u00e1 mais pra l\u00e1 do que pra c\u00e1&#8230;<\/p>\n<p>Al\u00e9m do mais em meio ao tudo de menos, FOR\u00c7AS NADA OCULTAS continuam circulando pelas ESQUINAS PROVINCIANAS e cafeterias deste e do outro lado, assim, TODO CUIDADO \u00c9 POUCO para todos os lados de um mesmo lado&#8230;<\/p>\n<p>N\u00e3o se pode esquecer daquela outra CAMBADA, ou seja, dos\/as PATRIOT\u00c1RIOS\/AS PROVINCIANOS\/AS com suas propostas de IDIOT\u00c1RIOS\/AS, mesmo assim, espera-se que as BANDEIRAS VERMELHAS retornem para ASSOMBRAR a turma da DIREITA VOLVER&#8230;<\/p>\n<p>O interessante \u00e9 que essa TURMA que continua tentando TRAZER o PASSADO para o PRESENTE sem FUTURO, ficam com suas FAKE NEWS em nome das suas BANDEIRAS e CAMISAS nas cores VERDE E AMARELA, por\u00e9m, o que seria destas ESCOLHAS, se todos\/as gostassem do VERMELHO?<\/p>\n<p>N\u00e3o tem como usar e abusar da IRONIA nestes OCASOS de um TALVEZ\u00a0 e PONTO QUASE FINAL, pois, como diz aquele outro dito popular, CADA LOUCO\/A COM SUA MANIA&#8230;<\/p>\n<p>O momento continua mais interessante do que nunca para aqueles\/as pessoas que est\u00e3o sempre com as ORELHAS EM P\u00c9 como afirma o outro dito pelo n\u00e3o dito, por isso e sem aquilo, NADA PODE SER COMO FOI NO PASSADO desta PROV\u00cdNCIA DO FAZ DE CONTA&#8230;<\/p>\n<p>Se bem que tem aquela M\u00c1XIMA da PUBLICIDADE que afirma, a saber: NADA SE CRIA, TUDO SE COPIA&#8230;<\/p>\n<p>QUEM SOBREVIVER VAI SABER&#8230;<\/p>\n<p><strong>____________________________<\/strong><\/p>\n<p><strong>(*) jornalista diplomado.<\/strong><\/p>\n<p><strong>e-mail: <\/strong><a href=\"mailto:barbosa.sebar@gmail.com\"><strong>barbosa.sebar@gmail.com<\/strong><\/a><\/p>\n<p>&nbsp;<\/p>\n<p>&nbsp;<\/p>\n","protected":false},"excerpt":{"rendered":"<p>\u201cOs que se encantam com a pr\u00e1tica sem a ci\u00eancia s\u00e3o como os timoneiros que entram no navio sem tim\u00e3o nem b\u00fassola, nunca tendo certeza do seu destino.\u201d (Leonardo da Vinci) \u00a0 S\u00e9rgio Barbosa (*) Como sempre, ainda, pelo andar das IDAS e VINDAS do PIN\u00d3QUIO PROVINCIANO com sua turma de ALOPRADOS\/AS, que a MESMICE [&hellip;]<\/p>\n","protected":false},"author":13,"featured_media":51988,"comment_status":"closed","ping_status":"open","sticky":false,"template":"","format":"standard","meta":{"_acf_changed":false,"_exactmetrics_skip_tracking":false,"_exactmetrics_sitenote_active":false,"_exactmetrics_sitenote_note":"","_exactmetrics_sitenote_category":0,"footnotes":""},"categories":[59],"tags":[],"class_list":["post-71135","post","type-post","status-publish","format-standard","has-post-thumbnail","hentry","category-opiniao"],"acf":[],"yoast_head":"<!-- This site is optimized with the Yoast SEO plugin v27.2 - https:\/\/yoast.com\/product\/yoast-seo-wordpress\/ -->\n<title>Nas promessas PROVINCIANAS do passado... - R\u00e1dio Life FM<\/title>\n<meta name=\"robots\" content=\"index, follow, max-snippet:-1, max-image-preview:large, max-video-preview:-1\" \/>\n<link rel=\"canonical\" href=\"https:\/\/radiolifefm.com.br\/noticias\/nas-promessas-provincianas-do-passado\/\" \/>\n<meta property=\"og:locale\" content=\"pt_BR\" \/>\n<meta property=\"og:type\" content=\"article\" \/>\n<meta property=\"og:title\" content=\"Nas promessas PROVINCIANAS do passado... - R\u00e1dio Life FM\" \/>\n<meta property=\"og:description\" content=\"\u201cOs que se encantam com a pr\u00e1tica sem a ci\u00eancia s\u00e3o como os timoneiros que entram no navio sem tim\u00e3o nem b\u00fassola, nunca tendo certeza do seu destino.\u201d (Leonardo da Vinci) \u00a0 S\u00e9rgio Barbosa (*) Como sempre, ainda, pelo andar das IDAS e VINDAS do PIN\u00d3QUIO PROVINCIANO com sua turma de ALOPRADOS\/AS, que a MESMICE [&hellip;]\" \/>\n<meta property=\"og:url\" content=\"https:\/\/radiolifefm.com.br\/noticias\/nas-promessas-provincianas-do-passado\/\" \/>\n<meta property=\"og:site_name\" content=\"R\u00e1dio Life FM\" \/>\n<meta property=\"article:publisher\" content=\"https:\/\/www.facebook.com\/radiolifefm\/\" \/>\n<meta property=\"article:published_time\" content=\"2023-05-29T11:07:42+00:00\" \/>\n<meta property=\"article:modified_time\" content=\"2026-03-23T10:52:37+00:00\" \/>\n<meta property=\"og:image\" content=\"https:\/\/radiolifefm.com.br\/noticias\/wp-content\/uploads\/2022\/04\/WhatsApp-Image-2022-04-10-at-18.43.02.jpeg\" \/>\n\t<meta property=\"og:image:width\" content=\"972\" \/>\n\t<meta property=\"og:image:height\" content=\"1296\" \/>\n\t<meta property=\"og:image:type\" content=\"image\/jpeg\" \/>\n<meta name=\"author\" content=\"ritanery\" \/>\n<meta name=\"twitter:card\" content=\"summary_large_image\" \/>\n<meta name=\"twitter:label1\" content=\"Escrito por\" \/>\n\t<meta name=\"twitter:data1\" content=\"ritanery\" \/>\n\t<meta name=\"twitter:label2\" content=\"Est. tempo de leitura\" \/>\n\t<meta name=\"twitter:data2\" content=\"3 minutos\" \/>\n<script type=\"application\/ld+json\" class=\"yoast-schema-graph\">{\"@context\":\"https:\/\/schema.org\",\"@graph\":[{\"@type\":\"Article\",\"@id\":\"https:\/\/radiolifefm.com.br\/noticias\/nas-promessas-provincianas-do-passado\/#article\",\"isPartOf\":{\"@id\":\"https:\/\/radiolifefm.com.br\/noticias\/nas-promessas-provincianas-do-passado\/\"},\"author\":{\"name\":\"ritanery\",\"@id\":\"https:\/\/radiolifefm.com.br\/noticias\/#\/schema\/person\/6339b9fac59d12b071dec680d7375d87\"},\"headline\":\"Nas promessas PROVINCIANAS do passado&#8230;\",\"datePublished\":\"2023-05-29T11:07:42+00:00\",\"dateModified\":\"2026-03-23T10:52:37+00:00\",\"mainEntityOfPage\":{\"@id\":\"https:\/\/radiolifefm.com.br\/noticias\/nas-promessas-provincianas-do-passado\/\"},\"wordCount\":469,\"publisher\":{\"@id\":\"https:\/\/radiolifefm.com.br\/noticias\/#organization\"},\"image\":{\"@id\":\"https:\/\/radiolifefm.com.br\/noticias\/nas-promessas-provincianas-do-passado\/#primaryimage\"},\"thumbnailUrl\":\"https:\/\/radiolifefm.com.br\/noticias\/wp-content\/uploads\/2022\/04\/WhatsApp-Image-2022-04-10-at-18.43.02.jpeg\",\"articleSection\":[\"Opini\u00e3o\"],\"inLanguage\":\"pt-BR\"},{\"@type\":\"WebPage\",\"@id\":\"https:\/\/radiolifefm.com.br\/noticias\/nas-promessas-provincianas-do-passado\/\",\"url\":\"https:\/\/radiolifefm.com.br\/noticias\/nas-promessas-provincianas-do-passado\/\",\"name\":\"Nas promessas PROVINCIANAS do passado... - R\u00e1dio Life FM\",\"isPartOf\":{\"@id\":\"https:\/\/radiolifefm.com.br\/noticias\/#website\"},\"primaryImageOfPage\":{\"@id\":\"https:\/\/radiolifefm.com.br\/noticias\/nas-promessas-provincianas-do-passado\/#primaryimage\"},\"image\":{\"@id\":\"https:\/\/radiolifefm.com.br\/noticias\/nas-promessas-provincianas-do-passado\/#primaryimage\"},\"thumbnailUrl\":\"https:\/\/radiolifefm.com.br\/noticias\/wp-content\/uploads\/2022\/04\/WhatsApp-Image-2022-04-10-at-18.43.02.jpeg\",\"datePublished\":\"2023-05-29T11:07:42+00:00\",\"dateModified\":\"2026-03-23T10:52:37+00:00\",\"breadcrumb\":{\"@id\":\"https:\/\/radiolifefm.com.br\/noticias\/nas-promessas-provincianas-do-passado\/#breadcrumb\"},\"inLanguage\":\"pt-BR\",\"potentialAction\":[{\"@type\":\"ReadAction\",\"target\":[\"https:\/\/radiolifefm.com.br\/noticias\/nas-promessas-provincianas-do-passado\/\"]}]},{\"@type\":\"ImageObject\",\"inLanguage\":\"pt-BR\",\"@id\":\"https:\/\/radiolifefm.com.br\/noticias\/nas-promessas-provincianas-do-passado\/#primaryimage\",\"url\":\"https:\/\/radiolifefm.com.br\/noticias\/wp-content\/uploads\/2022\/04\/WhatsApp-Image-2022-04-10-at-18.43.02.jpeg\",\"contentUrl\":\"https:\/\/radiolifefm.com.br\/noticias\/wp-content\/uploads\/2022\/04\/WhatsApp-Image-2022-04-10-at-18.43.02.jpeg\",\"width\":972,\"height\":1296,\"caption\":\"S\u00e9rgio Barbosa\"},{\"@type\":\"BreadcrumbList\",\"@id\":\"https:\/\/radiolifefm.com.br\/noticias\/nas-promessas-provincianas-do-passado\/#breadcrumb\",\"itemListElement\":[{\"@type\":\"ListItem\",\"position\":1,\"name\":\"In\u00edcio\",\"item\":\"https:\/\/radiolifefm.com.br\/noticias\/\"},{\"@type\":\"ListItem\",\"position\":2,\"name\":\"Nas promessas PROVINCIANAS do passado&#8230;\"}]},{\"@type\":\"WebSite\",\"@id\":\"https:\/\/radiolifefm.com.br\/noticias\/#website\",\"url\":\"https:\/\/radiolifefm.com.br\/noticias\/\",\"name\":\"R\u00e1dio Life FM\",\"description\":\"O Portal de Not\u00edcias de Adamantina\",\"publisher\":{\"@id\":\"https:\/\/radiolifefm.com.br\/noticias\/#organization\"},\"alternateName\":\"Life FM\",\"potentialAction\":[{\"@type\":\"SearchAction\",\"target\":{\"@type\":\"EntryPoint\",\"urlTemplate\":\"https:\/\/radiolifefm.com.br\/noticias\/?s={search_term_string}\"},\"query-input\":{\"@type\":\"PropertyValueSpecification\",\"valueRequired\":true,\"valueName\":\"search_term_string\"}}],\"inLanguage\":\"pt-BR\"},{\"@type\":\"Organization\",\"@id\":\"https:\/\/radiolifefm.com.br\/noticias\/#organization\",\"name\":\"R\u00e1dio Life FM\",\"alternateName\":\"Life FM\",\"url\":\"https:\/\/radiolifefm.com.br\/noticias\/\",\"logo\":{\"@type\":\"ImageObject\",\"inLanguage\":\"pt-BR\",\"@id\":\"https:\/\/radiolifefm.com.br\/noticias\/#\/schema\/logo\/image\/\",\"url\":\"https:\/\/static.radiolifefm.com.br\/noticias\/wp-content\/uploads\/2019\/10\/logo-lifefm.png\",\"contentUrl\":\"https:\/\/static.radiolifefm.com.br\/noticias\/wp-content\/uploads\/2019\/10\/logo-lifefm.png\",\"width\":196,\"height\":47,\"caption\":\"R\u00e1dio Life FM\"},\"image\":{\"@id\":\"https:\/\/radiolifefm.com.br\/noticias\/#\/schema\/logo\/image\/\"},\"sameAs\":[\"https:\/\/www.facebook.com\/radiolifefm\/\",\"https:\/\/www.instagram.com\/life1079fm\/\"]},{\"@type\":\"Person\",\"@id\":\"https:\/\/radiolifefm.com.br\/noticias\/#\/schema\/person\/6339b9fac59d12b071dec680d7375d87\",\"name\":\"ritanery\",\"image\":{\"@type\":\"ImageObject\",\"inLanguage\":\"pt-BR\",\"@id\":\"https:\/\/secure.gravatar.com\/avatar\/0e37bb19071f47c0b8a23f62a903df117c5a0e75f65a0c2901562f97cd41cf86?s=96&d=mm&r=g\",\"url\":\"https:\/\/secure.gravatar.com\/avatar\/0e37bb19071f47c0b8a23f62a903df117c5a0e75f65a0c2901562f97cd41cf86?s=96&d=mm&r=g\",\"contentUrl\":\"https:\/\/secure.gravatar.com\/avatar\/0e37bb19071f47c0b8a23f62a903df117c5a0e75f65a0c2901562f97cd41cf86?s=96&d=mm&r=g\",\"caption\":\"ritanery\"}}]}<\/script>\n<!-- \/ Yoast SEO plugin. -->","yoast_head_json":{"title":"Nas promessas PROVINCIANAS do passado... - R\u00e1dio Life FM","robots":{"index":"index","follow":"follow","max-snippet":"max-snippet:-1","max-image-preview":"max-image-preview:large","max-video-preview":"max-video-preview:-1"},"canonical":"https:\/\/radiolifefm.com.br\/noticias\/nas-promessas-provincianas-do-passado\/","og_locale":"pt_BR","og_type":"article","og_title":"Nas promessas PROVINCIANAS do passado... - R\u00e1dio Life FM","og_description":"\u201cOs que se encantam com a pr\u00e1tica sem a ci\u00eancia s\u00e3o como os timoneiros que entram no navio sem tim\u00e3o nem b\u00fassola, nunca tendo certeza do seu destino.\u201d (Leonardo da Vinci) \u00a0 S\u00e9rgio Barbosa (*) Como sempre, ainda, pelo andar das IDAS e VINDAS do PIN\u00d3QUIO PROVINCIANO com sua turma de ALOPRADOS\/AS, que a MESMICE [&hellip;]","og_url":"https:\/\/radiolifefm.com.br\/noticias\/nas-promessas-provincianas-do-passado\/","og_site_name":"R\u00e1dio Life FM","article_publisher":"https:\/\/www.facebook.com\/radiolifefm\/","article_published_time":"2023-05-29T11:07:42+00:00","article_modified_time":"2026-03-23T10:52:37+00:00","og_image":[{"width":972,"height":1296,"url":"https:\/\/radiolifefm.com.br\/noticias\/wp-content\/uploads\/2022\/04\/WhatsApp-Image-2022-04-10-at-18.43.02.jpeg","type":"image\/jpeg"}],"author":"ritanery","twitter_card":"summary_large_image","twitter_misc":{"Escrito por":"ritanery","Est. tempo de leitura":"3 minutos"},"schema":{"@context":"https:\/\/schema.org","@graph":[{"@type":"Article","@id":"https:\/\/radiolifefm.com.br\/noticias\/nas-promessas-provincianas-do-passado\/#article","isPartOf":{"@id":"https:\/\/radiolifefm.com.br\/noticias\/nas-promessas-provincianas-do-passado\/"},"author":{"name":"ritanery","@id":"https:\/\/radiolifefm.com.br\/noticias\/#\/schema\/person\/6339b9fac59d12b071dec680d7375d87"},"headline":"Nas promessas PROVINCIANAS do passado&#8230;","datePublished":"2023-05-29T11:07:42+00:00","dateModified":"2026-03-23T10:52:37+00:00","mainEntityOfPage":{"@id":"https:\/\/radiolifefm.com.br\/noticias\/nas-promessas-provincianas-do-passado\/"},"wordCount":469,"publisher":{"@id":"https:\/\/radiolifefm.com.br\/noticias\/#organization"},"image":{"@id":"https:\/\/radiolifefm.com.br\/noticias\/nas-promessas-provincianas-do-passado\/#primaryimage"},"thumbnailUrl":"https:\/\/radiolifefm.com.br\/noticias\/wp-content\/uploads\/2022\/04\/WhatsApp-Image-2022-04-10-at-18.43.02.jpeg","articleSection":["Opini\u00e3o"],"inLanguage":"pt-BR"},{"@type":"WebPage","@id":"https:\/\/radiolifefm.com.br\/noticias\/nas-promessas-provincianas-do-passado\/","url":"https:\/\/radiolifefm.com.br\/noticias\/nas-promessas-provincianas-do-passado\/","name":"Nas promessas PROVINCIANAS do passado... - R\u00e1dio Life FM","isPartOf":{"@id":"https:\/\/radiolifefm.com.br\/noticias\/#website"},"primaryImageOfPage":{"@id":"https:\/\/radiolifefm.com.br\/noticias\/nas-promessas-provincianas-do-passado\/#primaryimage"},"image":{"@id":"https:\/\/radiolifefm.com.br\/noticias\/nas-promessas-provincianas-do-passado\/#primaryimage"},"thumbnailUrl":"https:\/\/radiolifefm.com.br\/noticias\/wp-content\/uploads\/2022\/04\/WhatsApp-Image-2022-04-10-at-18.43.02.jpeg","datePublished":"2023-05-29T11:07:42+00:00","dateModified":"2026-03-23T10:52:37+00:00","breadcrumb":{"@id":"https:\/\/radiolifefm.com.br\/noticias\/nas-promessas-provincianas-do-passado\/#breadcrumb"},"inLanguage":"pt-BR","potentialAction":[{"@type":"ReadAction","target":["https:\/\/radiolifefm.com.br\/noticias\/nas-promessas-provincianas-do-passado\/"]}]},{"@type":"ImageObject","inLanguage":"pt-BR","@id":"https:\/\/radiolifefm.com.br\/noticias\/nas-promessas-provincianas-do-passado\/#primaryimage","url":"https:\/\/radiolifefm.com.br\/noticias\/wp-content\/uploads\/2022\/04\/WhatsApp-Image-2022-04-10-at-18.43.02.jpeg","contentUrl":"https:\/\/radiolifefm.com.br\/noticias\/wp-content\/uploads\/2022\/04\/WhatsApp-Image-2022-04-10-at-18.43.02.jpeg","width":972,"height":1296,"caption":"S\u00e9rgio Barbosa"},{"@type":"BreadcrumbList","@id":"https:\/\/radiolifefm.com.br\/noticias\/nas-promessas-provincianas-do-passado\/#breadcrumb","itemListElement":[{"@type":"ListItem","position":1,"name":"In\u00edcio","item":"https:\/\/radiolifefm.com.br\/noticias\/"},{"@type":"ListItem","position":2,"name":"Nas promessas PROVINCIANAS do passado&#8230;"}]},{"@type":"WebSite","@id":"https:\/\/radiolifefm.com.br\/noticias\/#website","url":"https:\/\/radiolifefm.com.br\/noticias\/","name":"R\u00e1dio Life FM","description":"O Portal de Not\u00edcias de Adamantina","publisher":{"@id":"https:\/\/radiolifefm.com.br\/noticias\/#organization"},"alternateName":"Life FM","potentialAction":[{"@type":"SearchAction","target":{"@type":"EntryPoint","urlTemplate":"https:\/\/radiolifefm.com.br\/noticias\/?s={search_term_string}"},"query-input":{"@type":"PropertyValueSpecification","valueRequired":true,"valueName":"search_term_string"}}],"inLanguage":"pt-BR"},{"@type":"Organization","@id":"https:\/\/radiolifefm.com.br\/noticias\/#organization","name":"R\u00e1dio Life FM","alternateName":"Life FM","url":"https:\/\/radiolifefm.com.br\/noticias\/","logo":{"@type":"ImageObject","inLanguage":"pt-BR","@id":"https:\/\/radiolifefm.com.br\/noticias\/#\/schema\/logo\/image\/","url":"https:\/\/static.radiolifefm.com.br\/noticias\/wp-content\/uploads\/2019\/10\/logo-lifefm.png","contentUrl":"https:\/\/static.radiolifefm.com.br\/noticias\/wp-content\/uploads\/2019\/10\/logo-lifefm.png","width":196,"height":47,"caption":"R\u00e1dio Life FM"},"image":{"@id":"https:\/\/radiolifefm.com.br\/noticias\/#\/schema\/logo\/image\/"},"sameAs":["https:\/\/www.facebook.com\/radiolifefm\/","https:\/\/www.instagram.com\/life1079fm\/"]},{"@type":"Person","@id":"https:\/\/radiolifefm.com.br\/noticias\/#\/schema\/person\/6339b9fac59d12b071dec680d7375d87","name":"ritanery","image":{"@type":"ImageObject","inLanguage":"pt-BR","@id":"https:\/\/secure.gravatar.com\/avatar\/0e37bb19071f47c0b8a23f62a903df117c5a0e75f65a0c2901562f97cd41cf86?s=96&d=mm&r=g","url":"https:\/\/secure.gravatar.com\/avatar\/0e37bb19071f47c0b8a23f62a903df117c5a0e75f65a0c2901562f97cd41cf86?s=96&d=mm&r=g","contentUrl":"https:\/\/secure.gravatar.com\/avatar\/0e37bb19071f47c0b8a23f62a903df117c5a0e75f65a0c2901562f97cd41cf86?s=96&d=mm&r=g","caption":"ritanery"}}]}},"amp_enabled":true,"_links":{"self":[{"href":"https:\/\/radiolifefm.com.br\/noticias\/wp-json\/wp\/v2\/posts\/71135","targetHints":{"allow":["GET"]}}],"collection":[{"href":"https:\/\/radiolifefm.com.br\/noticias\/wp-json\/wp\/v2\/posts"}],"about":[{"href":"https:\/\/radiolifefm.com.br\/noticias\/wp-json\/wp\/v2\/types\/post"}],"author":[{"embeddable":true,"href":"https:\/\/radiolifefm.com.br\/noticias\/wp-json\/wp\/v2\/users\/13"}],"replies":[{"embeddable":true,"href":"https:\/\/radiolifefm.com.br\/noticias\/wp-json\/wp\/v2\/comments?post=71135"}],"version-history":[{"count":1,"href":"https:\/\/radiolifefm.com.br\/noticias\/wp-json\/wp\/v2\/posts\/71135\/revisions"}],"predecessor-version":[{"id":71136,"href":"https:\/\/radiolifefm.com.br\/noticias\/wp-json\/wp\/v2\/posts\/71135\/revisions\/71136"}],"wp:featuredmedia":[{"embeddable":true,"href":"https:\/\/radiolifefm.com.br\/noticias\/wp-json\/wp\/v2\/media\/51988"}],"wp:attachment":[{"href":"https:\/\/radiolifefm.com.br\/noticias\/wp-json\/wp\/v2\/media?parent=71135"}],"wp:term":[{"taxonomy":"category","embeddable":true,"href":"https:\/\/radiolifefm.com.br\/noticias\/wp-json\/wp\/v2\/categories?post=71135"},{"taxonomy":"post_tag","embeddable":true,"href":"https:\/\/radiolifefm.com.br\/noticias\/wp-json\/wp\/v2\/tags?post=71135"}],"curies":[{"name":"wp","href":"https:\/\/api.w.org\/{rel}","templated":true}]}}