{"id":70621,"date":"2023-05-22T07:52:41","date_gmt":"2023-05-22T10:52:41","guid":{"rendered":"https:\/\/radiolifefm.com.br\/noticias\/?p=70621"},"modified":"2025-10-07T07:03:10","modified_gmt":"2025-10-07T10:03:10","slug":"provincia-direita-volver-pesquisa-e-marajas","status":"publish","type":"post","link":"https:\/\/radiolifefm.com.br\/noticias\/provincia-direita-volver-pesquisa-e-marajas\/","title":{"rendered":"Prov\u00edncia, \u201cdireita volver\u201d, pesquisa e Maraj\u00e1s&#8230;"},"content":{"rendered":"<div id=\"fb-root\"><\/div>\n<p><strong><em>\u201cPrivatizaram sua vida, seu trabalho, sua hora de amar e seu direito de pensar. \u00c9 da empresa privada o seu passo em frente, seu p\u00e3o e seu sal\u00e1rio. E agora n\u00e3o contente querem privatizar o conhecimento, a sabedoria, o pensamento, que s\u00f3 \u00e0 humanidade pertence.\u201c(Bertolt Brecht\/1898\u20131956) &#8211; <\/em><\/strong><strong><em>Fonte: https:\/\/citacoes.in\/topicos\/salario\/<\/em><\/strong><\/p>\n<p><strong>S\u00e9rgio Barbosa (*)<\/strong><\/p>\n<p>S\u00e3o tantos os tais DESENCONTROS que as PAUTAS acabam ficando sem mais e com muito menos, tendo em vista que o CEN\u00c1RIO por aqui est\u00e1 al\u00e9m do que se espera disto ou aquilo, ainda mais com tantas MENTES MED\u00cdOCRES em todos os cantos provincianos&#8230;<\/p>\n<p>Ent\u00e3o, agora, mais do que nunca, ainda, pra PIORAR e nunca MELHORAR, diga-se de passagem, se bem que tais fatos ocorrem desde que quando desembarque de MALA E CUIA nesta PROV\u00cdNCIA DO FAZ DE CONTA em 1.999&#8230;<\/p>\n<p>Portanto, eis que surge como se fossem excelentes ARTICULADORES\/AS aquela cambada dos PATRIOT\u00c1RIOS\/AS e travestidos de IDIOT\u00c1RIOS\/AS provincianos\/as, agora, como se fossem os\/as SALVADORES\/AS em nome dos BONS COSTUMES e ponto quase final&#8230;<\/p>\n<p>Neste meio tempo do tempo, surgiu a tal PESQUISA DE MERCADO (sic) sobre o GOVERNO PINOQUIANO com sua turma de ALOPRADOS\/AS no apoio, todavia, deve-se registrar aquela famosa frase do escritor Nelson Rodrigues, a saber: TODA UNAMIDADE \u00c9 BURRA (93%)&#8230;<\/p>\n<p>Mesmo assim, existem aqueles\/as DITOS SEM CUJOS que est\u00e3o sempre querendo ser MAIOR do que tudo e todos\/as, haja vista os interesses existentes quanto as ELEI\u00c7\u00d5ES no pr\u00f3ximo ano para o EXECUTIVO e LEGISLATIVO provinciano&#8230;<\/p>\n<p>Ainda, ficar colocando fatos do PASSADO na atual conjuntura para JUSTIFICAR isto ou aquilo, pode ser um TIRO NO P\u00c9, bem como, sem saber qual o P\u00daBLICO ALVO a ser comunicado destes fatos um tanto quanto INUSITADOS, pode ser, tamb\u00e9m, uma JOGADA SEM MESTRE&#8230;<\/p>\n<p>Outra coisa destas COISAS, isso \u00e9, a COMUNIDADE PROVINCIANA deveria entrar em SINTONIA com os denominados PORTAIS DA TRANSPAR\u00caNCIA que as institui\u00e7\u00f5es p\u00fablicas colocam nos respectivos SITES para consulta popular&#8230;<\/p>\n<p>Nestes ocasos relacionados com tais PORTAIS, est\u00e3o todos\/as os\/as colaboradores\/as e outras informa\u00e7\u00f5es para todos\/as consultarem sem problemas, inclusive, os RENDIMENTOS dos\/as TRABALHADORES\/AS em geral&#8230;<\/p>\n<p>Posso ATESTAR que analisando o CEN\u00c1RIO SALARIAL desta PROV\u00cdNCIA DO FAZ DE CONTA em todas as \u00e1reas do MERCADO, existem CIFRAS ($$$) nestes PORTAIS que est\u00e3o al\u00e9m dos LIMITES que s\u00e3o imposi\u00e7\u00f5es mediadas pelas condi\u00e7\u00f5es econ\u00f4micas das ORGANIZA\u00c7\u00d5ES&#8230;<\/p>\n<p>Portanto, afirmo e REAFIRMO, nada melhor do que um DIA DEPOIS DO OUTRO nesta PROV\u00cdNCIA DO FAZ DE CONTA em meio as MENTES MED\u00cdOCRES que continuam circulando em nome da P\u00c1TRIA, DEUS E FAM\u00cdLIA&#8230;<\/p>\n<p>Pra n\u00e3o esquecer, PERDERAM MAN\u00c9S!<\/p>\n<p>QUEM SOBREVIVER VAI SABER&#8230;<\/p>\n<p><strong><em>____________________________<\/em><\/strong><\/p>\n<p><strong><em>(*) jornalista diplomado.<\/em><\/strong><\/p>\n<p><strong><em>e-mail: <\/em><\/strong><a href=\"mailto:barbosa.sebar@gmail.com\"><strong><em>barbosa.sebar@gmail.com<\/em><\/strong><\/a><\/p>\n<p>&nbsp;<\/p>\n","protected":false},"excerpt":{"rendered":"<p>\u201cPrivatizaram sua vida, seu trabalho, sua hora de amar e seu direito de pensar. \u00c9 da empresa privada o seu passo em frente, seu p\u00e3o e seu sal\u00e1rio. E agora n\u00e3o contente querem privatizar o conhecimento, a sabedoria, o pensamento, que s\u00f3 \u00e0 humanidade pertence.\u201c(Bertolt Brecht\/1898\u20131956) &#8211; Fonte: https:\/\/citacoes.in\/topicos\/salario\/ S\u00e9rgio Barbosa (*) S\u00e3o tantos os [&hellip;]<\/p>\n","protected":false},"author":13,"featured_media":51988,"comment_status":"closed","ping_status":"open","sticky":false,"template":"","format":"standard","meta":{"_acf_changed":false,"_exactmetrics_skip_tracking":false,"_exactmetrics_sitenote_active":false,"_exactmetrics_sitenote_note":"","_exactmetrics_sitenote_category":0,"footnotes":""},"categories":[59],"tags":[],"class_list":["post-70621","post","type-post","status-publish","format-standard","has-post-thumbnail","hentry","category-opiniao"],"acf":[],"yoast_head":"<!-- This site is optimized with the Yoast SEO plugin v27.2 - https:\/\/yoast.com\/product\/yoast-seo-wordpress\/ -->\n<title>Prov\u00edncia, \u201cdireita volver\u201d, pesquisa e Maraj\u00e1s... - R\u00e1dio Life FM<\/title>\n<meta name=\"robots\" content=\"index, follow, max-snippet:-1, max-image-preview:large, max-video-preview:-1\" \/>\n<link rel=\"canonical\" href=\"https:\/\/radiolifefm.com.br\/noticias\/provincia-direita-volver-pesquisa-e-marajas\/\" \/>\n<meta property=\"og:locale\" content=\"pt_BR\" \/>\n<meta property=\"og:type\" content=\"article\" \/>\n<meta property=\"og:title\" content=\"Prov\u00edncia, \u201cdireita volver\u201d, pesquisa e Maraj\u00e1s... - R\u00e1dio Life FM\" \/>\n<meta property=\"og:description\" content=\"\u201cPrivatizaram sua vida, seu trabalho, sua hora de amar e seu direito de pensar. \u00c9 da empresa privada o seu passo em frente, seu p\u00e3o e seu sal\u00e1rio. E agora n\u00e3o contente querem privatizar o conhecimento, a sabedoria, o pensamento, que s\u00f3 \u00e0 humanidade pertence.\u201c(Bertolt Brecht\/1898\u20131956) &#8211; Fonte: https:\/\/citacoes.in\/topicos\/salario\/ S\u00e9rgio Barbosa (*) S\u00e3o tantos os [&hellip;]\" \/>\n<meta property=\"og:url\" content=\"https:\/\/radiolifefm.com.br\/noticias\/provincia-direita-volver-pesquisa-e-marajas\/\" \/>\n<meta property=\"og:site_name\" content=\"R\u00e1dio Life FM\" \/>\n<meta property=\"article:publisher\" content=\"https:\/\/www.facebook.com\/radiolifefm\/\" \/>\n<meta property=\"article:published_time\" content=\"2023-05-22T10:52:41+00:00\" \/>\n<meta property=\"article:modified_time\" content=\"2025-10-07T10:03:10+00:00\" \/>\n<meta property=\"og:image\" content=\"https:\/\/static.radiolifefm.com.br\/noticias\/wp-content\/uploads\/2022\/04\/WhatsApp-Image-2022-04-10-at-18.43.02.jpeg\" \/>\n\t<meta property=\"og:image:width\" content=\"972\" \/>\n\t<meta property=\"og:image:height\" content=\"1296\" \/>\n\t<meta property=\"og:image:type\" content=\"image\/jpeg\" \/>\n<meta name=\"author\" content=\"ritanery\" \/>\n<meta name=\"twitter:card\" content=\"summary_large_image\" \/>\n<meta name=\"twitter:label1\" content=\"Escrito por\" \/>\n\t<meta name=\"twitter:data1\" content=\"ritanery\" \/>\n\t<meta name=\"twitter:label2\" content=\"Est. tempo de leitura\" \/>\n\t<meta name=\"twitter:data2\" content=\"3 minutos\" \/>\n<script type=\"application\/ld+json\" class=\"yoast-schema-graph\">{\"@context\":\"https:\/\/schema.org\",\"@graph\":[{\"@type\":\"Article\",\"@id\":\"https:\/\/radiolifefm.com.br\/noticias\/provincia-direita-volver-pesquisa-e-marajas\/#article\",\"isPartOf\":{\"@id\":\"https:\/\/radiolifefm.com.br\/noticias\/provincia-direita-volver-pesquisa-e-marajas\/\"},\"author\":{\"name\":\"ritanery\",\"@id\":\"https:\/\/radiolifefm.com.br\/noticias\/#\/schema\/person\/6339b9fac59d12b071dec680d7375d87\"},\"headline\":\"Prov\u00edncia, \u201cdireita volver\u201d, pesquisa e Maraj\u00e1s&#8230;\",\"datePublished\":\"2023-05-22T10:52:41+00:00\",\"dateModified\":\"2025-10-07T10:03:10+00:00\",\"mainEntityOfPage\":{\"@id\":\"https:\/\/radiolifefm.com.br\/noticias\/provincia-direita-volver-pesquisa-e-marajas\/\"},\"wordCount\":486,\"publisher\":{\"@id\":\"https:\/\/radiolifefm.com.br\/noticias\/#organization\"},\"image\":{\"@id\":\"https:\/\/radiolifefm.com.br\/noticias\/provincia-direita-volver-pesquisa-e-marajas\/#primaryimage\"},\"thumbnailUrl\":\"https:\/\/radiolifefm.com.br\/noticias\/wp-content\/uploads\/2022\/04\/WhatsApp-Image-2022-04-10-at-18.43.02.jpeg\",\"articleSection\":[\"Opini\u00e3o\"],\"inLanguage\":\"pt-BR\"},{\"@type\":\"WebPage\",\"@id\":\"https:\/\/radiolifefm.com.br\/noticias\/provincia-direita-volver-pesquisa-e-marajas\/\",\"url\":\"https:\/\/radiolifefm.com.br\/noticias\/provincia-direita-volver-pesquisa-e-marajas\/\",\"name\":\"Prov\u00edncia, \u201cdireita volver\u201d, pesquisa e Maraj\u00e1s... - R\u00e1dio Life FM\",\"isPartOf\":{\"@id\":\"https:\/\/radiolifefm.com.br\/noticias\/#website\"},\"primaryImageOfPage\":{\"@id\":\"https:\/\/radiolifefm.com.br\/noticias\/provincia-direita-volver-pesquisa-e-marajas\/#primaryimage\"},\"image\":{\"@id\":\"https:\/\/radiolifefm.com.br\/noticias\/provincia-direita-volver-pesquisa-e-marajas\/#primaryimage\"},\"thumbnailUrl\":\"https:\/\/radiolifefm.com.br\/noticias\/wp-content\/uploads\/2022\/04\/WhatsApp-Image-2022-04-10-at-18.43.02.jpeg\",\"datePublished\":\"2023-05-22T10:52:41+00:00\",\"dateModified\":\"2025-10-07T10:03:10+00:00\",\"breadcrumb\":{\"@id\":\"https:\/\/radiolifefm.com.br\/noticias\/provincia-direita-volver-pesquisa-e-marajas\/#breadcrumb\"},\"inLanguage\":\"pt-BR\",\"potentialAction\":[{\"@type\":\"ReadAction\",\"target\":[\"https:\/\/radiolifefm.com.br\/noticias\/provincia-direita-volver-pesquisa-e-marajas\/\"]}]},{\"@type\":\"ImageObject\",\"inLanguage\":\"pt-BR\",\"@id\":\"https:\/\/radiolifefm.com.br\/noticias\/provincia-direita-volver-pesquisa-e-marajas\/#primaryimage\",\"url\":\"https:\/\/radiolifefm.com.br\/noticias\/wp-content\/uploads\/2022\/04\/WhatsApp-Image-2022-04-10-at-18.43.02.jpeg\",\"contentUrl\":\"https:\/\/radiolifefm.com.br\/noticias\/wp-content\/uploads\/2022\/04\/WhatsApp-Image-2022-04-10-at-18.43.02.jpeg\",\"width\":972,\"height\":1296,\"caption\":\"S\u00e9rgio Barbosa\"},{\"@type\":\"BreadcrumbList\",\"@id\":\"https:\/\/radiolifefm.com.br\/noticias\/provincia-direita-volver-pesquisa-e-marajas\/#breadcrumb\",\"itemListElement\":[{\"@type\":\"ListItem\",\"position\":1,\"name\":\"In\u00edcio\",\"item\":\"https:\/\/radiolifefm.com.br\/noticias\/\"},{\"@type\":\"ListItem\",\"position\":2,\"name\":\"Prov\u00edncia, \u201cdireita volver\u201d, pesquisa e Maraj\u00e1s&#8230;\"}]},{\"@type\":\"WebSite\",\"@id\":\"https:\/\/radiolifefm.com.br\/noticias\/#website\",\"url\":\"https:\/\/radiolifefm.com.br\/noticias\/\",\"name\":\"R\u00e1dio Life FM\",\"description\":\"O Portal de Not\u00edcias de Adamantina\",\"publisher\":{\"@id\":\"https:\/\/radiolifefm.com.br\/noticias\/#organization\"},\"alternateName\":\"Life FM\",\"potentialAction\":[{\"@type\":\"SearchAction\",\"target\":{\"@type\":\"EntryPoint\",\"urlTemplate\":\"https:\/\/radiolifefm.com.br\/noticias\/?s={search_term_string}\"},\"query-input\":{\"@type\":\"PropertyValueSpecification\",\"valueRequired\":true,\"valueName\":\"search_term_string\"}}],\"inLanguage\":\"pt-BR\"},{\"@type\":\"Organization\",\"@id\":\"https:\/\/radiolifefm.com.br\/noticias\/#organization\",\"name\":\"R\u00e1dio Life FM\",\"alternateName\":\"Life FM\",\"url\":\"https:\/\/radiolifefm.com.br\/noticias\/\",\"logo\":{\"@type\":\"ImageObject\",\"inLanguage\":\"pt-BR\",\"@id\":\"https:\/\/radiolifefm.com.br\/noticias\/#\/schema\/logo\/image\/\",\"url\":\"https:\/\/static.radiolifefm.com.br\/noticias\/wp-content\/uploads\/2019\/10\/logo-lifefm.png\",\"contentUrl\":\"https:\/\/static.radiolifefm.com.br\/noticias\/wp-content\/uploads\/2019\/10\/logo-lifefm.png\",\"width\":196,\"height\":47,\"caption\":\"R\u00e1dio Life FM\"},\"image\":{\"@id\":\"https:\/\/radiolifefm.com.br\/noticias\/#\/schema\/logo\/image\/\"},\"sameAs\":[\"https:\/\/www.facebook.com\/radiolifefm\/\",\"https:\/\/www.instagram.com\/life1079fm\/\"]},{\"@type\":\"Person\",\"@id\":\"https:\/\/radiolifefm.com.br\/noticias\/#\/schema\/person\/6339b9fac59d12b071dec680d7375d87\",\"name\":\"ritanery\",\"image\":{\"@type\":\"ImageObject\",\"inLanguage\":\"pt-BR\",\"@id\":\"https:\/\/secure.gravatar.com\/avatar\/0e37bb19071f47c0b8a23f62a903df117c5a0e75f65a0c2901562f97cd41cf86?s=96&d=mm&r=g\",\"url\":\"https:\/\/secure.gravatar.com\/avatar\/0e37bb19071f47c0b8a23f62a903df117c5a0e75f65a0c2901562f97cd41cf86?s=96&d=mm&r=g\",\"contentUrl\":\"https:\/\/secure.gravatar.com\/avatar\/0e37bb19071f47c0b8a23f62a903df117c5a0e75f65a0c2901562f97cd41cf86?s=96&d=mm&r=g\",\"caption\":\"ritanery\"}}]}<\/script>\n<!-- \/ Yoast SEO plugin. -->","yoast_head_json":{"title":"Prov\u00edncia, \u201cdireita volver\u201d, pesquisa e Maraj\u00e1s... - R\u00e1dio Life FM","robots":{"index":"index","follow":"follow","max-snippet":"max-snippet:-1","max-image-preview":"max-image-preview:large","max-video-preview":"max-video-preview:-1"},"canonical":"https:\/\/radiolifefm.com.br\/noticias\/provincia-direita-volver-pesquisa-e-marajas\/","og_locale":"pt_BR","og_type":"article","og_title":"Prov\u00edncia, \u201cdireita volver\u201d, pesquisa e Maraj\u00e1s... - R\u00e1dio Life FM","og_description":"\u201cPrivatizaram sua vida, seu trabalho, sua hora de amar e seu direito de pensar. \u00c9 da empresa privada o seu passo em frente, seu p\u00e3o e seu sal\u00e1rio. E agora n\u00e3o contente querem privatizar o conhecimento, a sabedoria, o pensamento, que s\u00f3 \u00e0 humanidade pertence.\u201c(Bertolt Brecht\/1898\u20131956) &#8211; Fonte: https:\/\/citacoes.in\/topicos\/salario\/ S\u00e9rgio Barbosa (*) S\u00e3o tantos os [&hellip;]","og_url":"https:\/\/radiolifefm.com.br\/noticias\/provincia-direita-volver-pesquisa-e-marajas\/","og_site_name":"R\u00e1dio Life FM","article_publisher":"https:\/\/www.facebook.com\/radiolifefm\/","article_published_time":"2023-05-22T10:52:41+00:00","article_modified_time":"2025-10-07T10:03:10+00:00","og_image":[{"width":972,"height":1296,"url":"https:\/\/static.radiolifefm.com.br\/noticias\/wp-content\/uploads\/2022\/04\/WhatsApp-Image-2022-04-10-at-18.43.02.jpeg","type":"image\/jpeg"}],"author":"ritanery","twitter_card":"summary_large_image","twitter_misc":{"Escrito por":"ritanery","Est. tempo de leitura":"3 minutos"},"schema":{"@context":"https:\/\/schema.org","@graph":[{"@type":"Article","@id":"https:\/\/radiolifefm.com.br\/noticias\/provincia-direita-volver-pesquisa-e-marajas\/#article","isPartOf":{"@id":"https:\/\/radiolifefm.com.br\/noticias\/provincia-direita-volver-pesquisa-e-marajas\/"},"author":{"name":"ritanery","@id":"https:\/\/radiolifefm.com.br\/noticias\/#\/schema\/person\/6339b9fac59d12b071dec680d7375d87"},"headline":"Prov\u00edncia, \u201cdireita volver\u201d, pesquisa e Maraj\u00e1s&#8230;","datePublished":"2023-05-22T10:52:41+00:00","dateModified":"2025-10-07T10:03:10+00:00","mainEntityOfPage":{"@id":"https:\/\/radiolifefm.com.br\/noticias\/provincia-direita-volver-pesquisa-e-marajas\/"},"wordCount":486,"publisher":{"@id":"https:\/\/radiolifefm.com.br\/noticias\/#organization"},"image":{"@id":"https:\/\/radiolifefm.com.br\/noticias\/provincia-direita-volver-pesquisa-e-marajas\/#primaryimage"},"thumbnailUrl":"https:\/\/radiolifefm.com.br\/noticias\/wp-content\/uploads\/2022\/04\/WhatsApp-Image-2022-04-10-at-18.43.02.jpeg","articleSection":["Opini\u00e3o"],"inLanguage":"pt-BR"},{"@type":"WebPage","@id":"https:\/\/radiolifefm.com.br\/noticias\/provincia-direita-volver-pesquisa-e-marajas\/","url":"https:\/\/radiolifefm.com.br\/noticias\/provincia-direita-volver-pesquisa-e-marajas\/","name":"Prov\u00edncia, \u201cdireita volver\u201d, pesquisa e Maraj\u00e1s... - R\u00e1dio Life FM","isPartOf":{"@id":"https:\/\/radiolifefm.com.br\/noticias\/#website"},"primaryImageOfPage":{"@id":"https:\/\/radiolifefm.com.br\/noticias\/provincia-direita-volver-pesquisa-e-marajas\/#primaryimage"},"image":{"@id":"https:\/\/radiolifefm.com.br\/noticias\/provincia-direita-volver-pesquisa-e-marajas\/#primaryimage"},"thumbnailUrl":"https:\/\/radiolifefm.com.br\/noticias\/wp-content\/uploads\/2022\/04\/WhatsApp-Image-2022-04-10-at-18.43.02.jpeg","datePublished":"2023-05-22T10:52:41+00:00","dateModified":"2025-10-07T10:03:10+00:00","breadcrumb":{"@id":"https:\/\/radiolifefm.com.br\/noticias\/provincia-direita-volver-pesquisa-e-marajas\/#breadcrumb"},"inLanguage":"pt-BR","potentialAction":[{"@type":"ReadAction","target":["https:\/\/radiolifefm.com.br\/noticias\/provincia-direita-volver-pesquisa-e-marajas\/"]}]},{"@type":"ImageObject","inLanguage":"pt-BR","@id":"https:\/\/radiolifefm.com.br\/noticias\/provincia-direita-volver-pesquisa-e-marajas\/#primaryimage","url":"https:\/\/radiolifefm.com.br\/noticias\/wp-content\/uploads\/2022\/04\/WhatsApp-Image-2022-04-10-at-18.43.02.jpeg","contentUrl":"https:\/\/radiolifefm.com.br\/noticias\/wp-content\/uploads\/2022\/04\/WhatsApp-Image-2022-04-10-at-18.43.02.jpeg","width":972,"height":1296,"caption":"S\u00e9rgio Barbosa"},{"@type":"BreadcrumbList","@id":"https:\/\/radiolifefm.com.br\/noticias\/provincia-direita-volver-pesquisa-e-marajas\/#breadcrumb","itemListElement":[{"@type":"ListItem","position":1,"name":"In\u00edcio","item":"https:\/\/radiolifefm.com.br\/noticias\/"},{"@type":"ListItem","position":2,"name":"Prov\u00edncia, \u201cdireita volver\u201d, pesquisa e Maraj\u00e1s&#8230;"}]},{"@type":"WebSite","@id":"https:\/\/radiolifefm.com.br\/noticias\/#website","url":"https:\/\/radiolifefm.com.br\/noticias\/","name":"R\u00e1dio Life FM","description":"O Portal de Not\u00edcias de Adamantina","publisher":{"@id":"https:\/\/radiolifefm.com.br\/noticias\/#organization"},"alternateName":"Life FM","potentialAction":[{"@type":"SearchAction","target":{"@type":"EntryPoint","urlTemplate":"https:\/\/radiolifefm.com.br\/noticias\/?s={search_term_string}"},"query-input":{"@type":"PropertyValueSpecification","valueRequired":true,"valueName":"search_term_string"}}],"inLanguage":"pt-BR"},{"@type":"Organization","@id":"https:\/\/radiolifefm.com.br\/noticias\/#organization","name":"R\u00e1dio Life FM","alternateName":"Life FM","url":"https:\/\/radiolifefm.com.br\/noticias\/","logo":{"@type":"ImageObject","inLanguage":"pt-BR","@id":"https:\/\/radiolifefm.com.br\/noticias\/#\/schema\/logo\/image\/","url":"https:\/\/static.radiolifefm.com.br\/noticias\/wp-content\/uploads\/2019\/10\/logo-lifefm.png","contentUrl":"https:\/\/static.radiolifefm.com.br\/noticias\/wp-content\/uploads\/2019\/10\/logo-lifefm.png","width":196,"height":47,"caption":"R\u00e1dio Life FM"},"image":{"@id":"https:\/\/radiolifefm.com.br\/noticias\/#\/schema\/logo\/image\/"},"sameAs":["https:\/\/www.facebook.com\/radiolifefm\/","https:\/\/www.instagram.com\/life1079fm\/"]},{"@type":"Person","@id":"https:\/\/radiolifefm.com.br\/noticias\/#\/schema\/person\/6339b9fac59d12b071dec680d7375d87","name":"ritanery","image":{"@type":"ImageObject","inLanguage":"pt-BR","@id":"https:\/\/secure.gravatar.com\/avatar\/0e37bb19071f47c0b8a23f62a903df117c5a0e75f65a0c2901562f97cd41cf86?s=96&d=mm&r=g","url":"https:\/\/secure.gravatar.com\/avatar\/0e37bb19071f47c0b8a23f62a903df117c5a0e75f65a0c2901562f97cd41cf86?s=96&d=mm&r=g","contentUrl":"https:\/\/secure.gravatar.com\/avatar\/0e37bb19071f47c0b8a23f62a903df117c5a0e75f65a0c2901562f97cd41cf86?s=96&d=mm&r=g","caption":"ritanery"}}]}},"amp_enabled":true,"_links":{"self":[{"href":"https:\/\/radiolifefm.com.br\/noticias\/wp-json\/wp\/v2\/posts\/70621","targetHints":{"allow":["GET"]}}],"collection":[{"href":"https:\/\/radiolifefm.com.br\/noticias\/wp-json\/wp\/v2\/posts"}],"about":[{"href":"https:\/\/radiolifefm.com.br\/noticias\/wp-json\/wp\/v2\/types\/post"}],"author":[{"embeddable":true,"href":"https:\/\/radiolifefm.com.br\/noticias\/wp-json\/wp\/v2\/users\/13"}],"replies":[{"embeddable":true,"href":"https:\/\/radiolifefm.com.br\/noticias\/wp-json\/wp\/v2\/comments?post=70621"}],"version-history":[{"count":1,"href":"https:\/\/radiolifefm.com.br\/noticias\/wp-json\/wp\/v2\/posts\/70621\/revisions"}],"predecessor-version":[{"id":70622,"href":"https:\/\/radiolifefm.com.br\/noticias\/wp-json\/wp\/v2\/posts\/70621\/revisions\/70622"}],"wp:featuredmedia":[{"embeddable":true,"href":"https:\/\/radiolifefm.com.br\/noticias\/wp-json\/wp\/v2\/media\/51988"}],"wp:attachment":[{"href":"https:\/\/radiolifefm.com.br\/noticias\/wp-json\/wp\/v2\/media?parent=70621"}],"wp:term":[{"taxonomy":"category","embeddable":true,"href":"https:\/\/radiolifefm.com.br\/noticias\/wp-json\/wp\/v2\/categories?post=70621"},{"taxonomy":"post_tag","embeddable":true,"href":"https:\/\/radiolifefm.com.br\/noticias\/wp-json\/wp\/v2\/tags?post=70621"}],"curies":[{"name":"wp","href":"https:\/\/api.w.org\/{rel}","templated":true}]}}