{"id":70468,"date":"2023-05-19T08:20:33","date_gmt":"2023-05-19T11:20:33","guid":{"rendered":"https:\/\/radiolifefm.com.br\/noticias\/?p=70468"},"modified":"2026-04-08T00:25:07","modified_gmt":"2026-04-08T03:25:07","slug":"tempo-para-o-tempo-sem-o-tempo","status":"publish","type":"post","link":"https:\/\/radiolifefm.com.br\/noticias\/tempo-para-o-tempo-sem-o-tempo\/","title":{"rendered":"TEMPO PARA O TEMPO SEM O TEMPO&#8230;"},"content":{"rendered":"<div id=\"fb-root\"><\/div>\n<p><em>\u201cA verdadeira afei\u00e7\u00e3o na longa aus\u00eancia se prova\u201d (Cam\u00f5es)<\/em><\/p>\n<p>&nbsp;<\/p>\n<p><strong>S\u00e9rgio Barbosa (*)<\/strong><\/p>\n<p>&nbsp;<\/p>\n<p>As denominadas lendas do outro tempo est\u00e3o presentes em todos os lugares deste e do outro tempo, determinando por meio das palavras um desencontro em meio aos encontros de um mesmo tempo deste tempo sem o tempo&#8230;<\/p>\n<p>Assim, as par\u00e1bolas do cristianismo, tamb\u00e9m, de acordo com sua proposta religiosa para um passado sem presente, por\u00e9m, traz para si a chama de uma verdade esquecida pelos homens, tamb\u00e9m, pelas mulheres&#8230;<\/p>\n<p>Neste caso, a met\u00e1fora acaba prevalecendo para dar aquele toque a mais na mensagem efetiva de um tempo sem o tempo, assim mesmo, cada tempo tem o tempo deste tempo determinado para ficar com o tempo sem o tempo&#8230;<\/p>\n<p>O leitor ou leitora pode estar sem tempo neste momento, entretanto, o tal do tempo n\u00e3o existe sem o tempo em compasso de espera para o outro tempo, neste caso, tudo pode acontecer para o tempo daquele tempo do tempo&#8230;<\/p>\n<p>Desejar um tempo para si pode significar ficar sem o tempo deste mesmo tempo, mas isto \u00e9 uma outra coisa que o tempo n\u00e3o pode oferecer aos interessados em ter tempo sem tempo&#8230;<\/p>\n<p>Portanto, o tempo que se perde com o tempo pode ficar sem tempo, entretanto, com o tempo tudo pode mudar de lado, deixando que o tempo fique com este mesmo tempo para um outro tempo que se perdeu no tempo sem o tempo&#8230;<\/p>\n<p>Claro, tudo se transforma neste meio tempo, afinal de contas, o homem, bem como, a mulher, busca-se um outro tempo para o desencontro do eu para um olhar frente ao tempo daquele tempo para o tempo&#8230;<\/p>\n<p>Neste momento, o planeta terra tenta encontrar o seu tempo no universo estelar, deixando que o infinito resolva da melhor forma poss\u00edvel quanto tempo falta para o fim do mundo em tempo de p\u00f3s-globaliza\u00e7\u00e3o midi\u00e1tica&#8230;<\/p>\n<p>Nada contra o tempo do tempo, apenas um contratempo para deixar as escuras o outro lado do tempo, portanto, cada qual, atesta que o tempo resolve sem deixar respostas para as muitas perguntas do tempo para o tempo deste tempo&#8230;<\/p>\n<p>As alegrias, dizem, chegam com o tempo do tempo, por\u00e9m, as tristezas podem atrapalhar o tempo sem o tempo em um momento solene, quando tudo pode acontecer, sem tempo para o tempo, ou at\u00e9 mesmo, com tempo deste tempo para se dar um tempo com o tempo do outro tempo&#8230;<\/p>\n<p>Pode-se pensar no futuro sem o presente, isso acontece quando o tempo que \u00e9 o tempo, se torna passado de um mesmo tempo perdido no tempo, deixando de lado a preocupa\u00e7\u00e3o com a reflex\u00e3o sobre o tempo em busca do outro tempo&#8230;<\/p>\n<p>Ent\u00e3o, meu caro leitor ou leitora, o que pode ser o tempo do seu tempo para uma reflex\u00e3o sobre ter tempo sem tempo, ainda, em um contexto silencioso pelas marcas de um outro tempo que se perdeu no tempo daquele tempo outro tempo que era apenas um tempo&#8230;<\/p>\n<p><strong><em>___________________________________<\/em><\/strong><\/p>\n<p><strong><em>(*) Jornalista diplomado.<\/em><\/strong><\/p>\n<p><strong><em>E-Mail: barbosa.<a href=\"mailto:sebar@gmail.com%20\">sebar@gmail.com <\/a><\/em><\/strong><\/p>\n<p><strong>\u00a0<\/strong><\/p>\n","protected":false},"excerpt":{"rendered":"<p>\u201cA verdadeira afei\u00e7\u00e3o na longa aus\u00eancia se prova\u201d (Cam\u00f5es) &nbsp; S\u00e9rgio Barbosa (*) &nbsp; As denominadas lendas do outro tempo est\u00e3o presentes em todos os lugares deste e do outro tempo, determinando por meio das palavras um desencontro em meio aos encontros de um mesmo tempo deste tempo sem o tempo&#8230; Assim, as par\u00e1bolas do [&hellip;]<\/p>\n","protected":false},"author":13,"featured_media":51988,"comment_status":"closed","ping_status":"open","sticky":false,"template":"","format":"standard","meta":{"_acf_changed":false,"_exactmetrics_skip_tracking":false,"_exactmetrics_sitenote_active":false,"_exactmetrics_sitenote_note":"","_exactmetrics_sitenote_category":0,"footnotes":""},"categories":[59],"tags":[],"class_list":["post-70468","post","type-post","status-publish","format-standard","has-post-thumbnail","hentry","category-opiniao"],"acf":[],"yoast_head":"<!-- This site is optimized with the Yoast SEO plugin v27.2 - https:\/\/yoast.com\/product\/yoast-seo-wordpress\/ -->\n<title>TEMPO PARA O TEMPO SEM O TEMPO... - R\u00e1dio Life FM<\/title>\n<meta name=\"robots\" content=\"index, follow, max-snippet:-1, max-image-preview:large, max-video-preview:-1\" \/>\n<link rel=\"canonical\" href=\"https:\/\/radiolifefm.com.br\/noticias\/tempo-para-o-tempo-sem-o-tempo\/\" \/>\n<meta property=\"og:locale\" content=\"pt_BR\" \/>\n<meta property=\"og:type\" content=\"article\" \/>\n<meta property=\"og:title\" content=\"TEMPO PARA O TEMPO SEM O TEMPO... - R\u00e1dio Life FM\" \/>\n<meta property=\"og:description\" content=\"\u201cA verdadeira afei\u00e7\u00e3o na longa aus\u00eancia se prova\u201d (Cam\u00f5es) &nbsp; S\u00e9rgio Barbosa (*) &nbsp; As denominadas lendas do outro tempo est\u00e3o presentes em todos os lugares deste e do outro tempo, determinando por meio das palavras um desencontro em meio aos encontros de um mesmo tempo deste tempo sem o tempo&#8230; Assim, as par\u00e1bolas do [&hellip;]\" \/>\n<meta property=\"og:url\" content=\"https:\/\/radiolifefm.com.br\/noticias\/tempo-para-o-tempo-sem-o-tempo\/\" \/>\n<meta property=\"og:site_name\" content=\"R\u00e1dio Life FM\" \/>\n<meta property=\"article:publisher\" content=\"https:\/\/www.facebook.com\/radiolifefm\/\" \/>\n<meta property=\"article:published_time\" content=\"2023-05-19T11:20:33+00:00\" \/>\n<meta property=\"article:modified_time\" content=\"2026-04-08T03:25:07+00:00\" \/>\n<meta property=\"og:image\" content=\"https:\/\/radiolifefm.com.br\/noticias\/wp-content\/uploads\/2022\/04\/WhatsApp-Image-2022-04-10-at-18.43.02.jpeg\" \/>\n\t<meta property=\"og:image:width\" content=\"972\" \/>\n\t<meta property=\"og:image:height\" content=\"1296\" \/>\n\t<meta property=\"og:image:type\" content=\"image\/jpeg\" \/>\n<meta name=\"author\" content=\"ritanery\" \/>\n<meta name=\"twitter:card\" content=\"summary_large_image\" \/>\n<meta name=\"twitter:label1\" content=\"Escrito por\" \/>\n\t<meta name=\"twitter:data1\" content=\"ritanery\" \/>\n\t<meta name=\"twitter:label2\" content=\"Est. tempo de leitura\" \/>\n\t<meta name=\"twitter:data2\" content=\"3 minutos\" \/>\n<script type=\"application\/ld+json\" class=\"yoast-schema-graph\">{\"@context\":\"https:\/\/schema.org\",\"@graph\":[{\"@type\":\"Article\",\"@id\":\"https:\/\/radiolifefm.com.br\/noticias\/tempo-para-o-tempo-sem-o-tempo\/#article\",\"isPartOf\":{\"@id\":\"https:\/\/radiolifefm.com.br\/noticias\/tempo-para-o-tempo-sem-o-tempo\/\"},\"author\":{\"name\":\"ritanery\",\"@id\":\"https:\/\/radiolifefm.com.br\/noticias\/#\/schema\/person\/6339b9fac59d12b071dec680d7375d87\"},\"headline\":\"TEMPO PARA O TEMPO SEM O TEMPO&#8230;\",\"datePublished\":\"2023-05-19T11:20:33+00:00\",\"dateModified\":\"2026-04-08T03:25:07+00:00\",\"mainEntityOfPage\":{\"@id\":\"https:\/\/radiolifefm.com.br\/noticias\/tempo-para-o-tempo-sem-o-tempo\/\"},\"wordCount\":521,\"publisher\":{\"@id\":\"https:\/\/radiolifefm.com.br\/noticias\/#organization\"},\"image\":{\"@id\":\"https:\/\/radiolifefm.com.br\/noticias\/tempo-para-o-tempo-sem-o-tempo\/#primaryimage\"},\"thumbnailUrl\":\"https:\/\/radiolifefm.com.br\/noticias\/wp-content\/uploads\/2022\/04\/WhatsApp-Image-2022-04-10-at-18.43.02.jpeg\",\"articleSection\":[\"Opini\u00e3o\"],\"inLanguage\":\"pt-BR\"},{\"@type\":\"WebPage\",\"@id\":\"https:\/\/radiolifefm.com.br\/noticias\/tempo-para-o-tempo-sem-o-tempo\/\",\"url\":\"https:\/\/radiolifefm.com.br\/noticias\/tempo-para-o-tempo-sem-o-tempo\/\",\"name\":\"TEMPO PARA O TEMPO SEM O TEMPO... - R\u00e1dio Life FM\",\"isPartOf\":{\"@id\":\"https:\/\/radiolifefm.com.br\/noticias\/#website\"},\"primaryImageOfPage\":{\"@id\":\"https:\/\/radiolifefm.com.br\/noticias\/tempo-para-o-tempo-sem-o-tempo\/#primaryimage\"},\"image\":{\"@id\":\"https:\/\/radiolifefm.com.br\/noticias\/tempo-para-o-tempo-sem-o-tempo\/#primaryimage\"},\"thumbnailUrl\":\"https:\/\/radiolifefm.com.br\/noticias\/wp-content\/uploads\/2022\/04\/WhatsApp-Image-2022-04-10-at-18.43.02.jpeg\",\"datePublished\":\"2023-05-19T11:20:33+00:00\",\"dateModified\":\"2026-04-08T03:25:07+00:00\",\"breadcrumb\":{\"@id\":\"https:\/\/radiolifefm.com.br\/noticias\/tempo-para-o-tempo-sem-o-tempo\/#breadcrumb\"},\"inLanguage\":\"pt-BR\",\"potentialAction\":[{\"@type\":\"ReadAction\",\"target\":[\"https:\/\/radiolifefm.com.br\/noticias\/tempo-para-o-tempo-sem-o-tempo\/\"]}]},{\"@type\":\"ImageObject\",\"inLanguage\":\"pt-BR\",\"@id\":\"https:\/\/radiolifefm.com.br\/noticias\/tempo-para-o-tempo-sem-o-tempo\/#primaryimage\",\"url\":\"https:\/\/radiolifefm.com.br\/noticias\/wp-content\/uploads\/2022\/04\/WhatsApp-Image-2022-04-10-at-18.43.02.jpeg\",\"contentUrl\":\"https:\/\/radiolifefm.com.br\/noticias\/wp-content\/uploads\/2022\/04\/WhatsApp-Image-2022-04-10-at-18.43.02.jpeg\",\"width\":972,\"height\":1296,\"caption\":\"S\u00e9rgio Barbosa\"},{\"@type\":\"BreadcrumbList\",\"@id\":\"https:\/\/radiolifefm.com.br\/noticias\/tempo-para-o-tempo-sem-o-tempo\/#breadcrumb\",\"itemListElement\":[{\"@type\":\"ListItem\",\"position\":1,\"name\":\"In\u00edcio\",\"item\":\"https:\/\/radiolifefm.com.br\/noticias\/\"},{\"@type\":\"ListItem\",\"position\":2,\"name\":\"TEMPO PARA O TEMPO SEM O TEMPO&#8230;\"}]},{\"@type\":\"WebSite\",\"@id\":\"https:\/\/radiolifefm.com.br\/noticias\/#website\",\"url\":\"https:\/\/radiolifefm.com.br\/noticias\/\",\"name\":\"R\u00e1dio Life FM\",\"description\":\"O Portal de Not\u00edcias de Adamantina\",\"publisher\":{\"@id\":\"https:\/\/radiolifefm.com.br\/noticias\/#organization\"},\"alternateName\":\"Life FM\",\"potentialAction\":[{\"@type\":\"SearchAction\",\"target\":{\"@type\":\"EntryPoint\",\"urlTemplate\":\"https:\/\/radiolifefm.com.br\/noticias\/?s={search_term_string}\"},\"query-input\":{\"@type\":\"PropertyValueSpecification\",\"valueRequired\":true,\"valueName\":\"search_term_string\"}}],\"inLanguage\":\"pt-BR\"},{\"@type\":\"Organization\",\"@id\":\"https:\/\/radiolifefm.com.br\/noticias\/#organization\",\"name\":\"R\u00e1dio Life FM\",\"alternateName\":\"Life FM\",\"url\":\"https:\/\/radiolifefm.com.br\/noticias\/\",\"logo\":{\"@type\":\"ImageObject\",\"inLanguage\":\"pt-BR\",\"@id\":\"https:\/\/radiolifefm.com.br\/noticias\/#\/schema\/logo\/image\/\",\"url\":\"https:\/\/static.radiolifefm.com.br\/noticias\/wp-content\/uploads\/2019\/10\/logo-lifefm.png\",\"contentUrl\":\"https:\/\/static.radiolifefm.com.br\/noticias\/wp-content\/uploads\/2019\/10\/logo-lifefm.png\",\"width\":196,\"height\":47,\"caption\":\"R\u00e1dio Life FM\"},\"image\":{\"@id\":\"https:\/\/radiolifefm.com.br\/noticias\/#\/schema\/logo\/image\/\"},\"sameAs\":[\"https:\/\/www.facebook.com\/radiolifefm\/\",\"https:\/\/www.instagram.com\/life1079fm\/\"]},{\"@type\":\"Person\",\"@id\":\"https:\/\/radiolifefm.com.br\/noticias\/#\/schema\/person\/6339b9fac59d12b071dec680d7375d87\",\"name\":\"ritanery\",\"image\":{\"@type\":\"ImageObject\",\"inLanguage\":\"pt-BR\",\"@id\":\"https:\/\/secure.gravatar.com\/avatar\/0e37bb19071f47c0b8a23f62a903df117c5a0e75f65a0c2901562f97cd41cf86?s=96&d=mm&r=g\",\"url\":\"https:\/\/secure.gravatar.com\/avatar\/0e37bb19071f47c0b8a23f62a903df117c5a0e75f65a0c2901562f97cd41cf86?s=96&d=mm&r=g\",\"contentUrl\":\"https:\/\/secure.gravatar.com\/avatar\/0e37bb19071f47c0b8a23f62a903df117c5a0e75f65a0c2901562f97cd41cf86?s=96&d=mm&r=g\",\"caption\":\"ritanery\"}}]}<\/script>\n<!-- \/ Yoast SEO plugin. -->","yoast_head_json":{"title":"TEMPO PARA O TEMPO SEM O TEMPO... - R\u00e1dio Life FM","robots":{"index":"index","follow":"follow","max-snippet":"max-snippet:-1","max-image-preview":"max-image-preview:large","max-video-preview":"max-video-preview:-1"},"canonical":"https:\/\/radiolifefm.com.br\/noticias\/tempo-para-o-tempo-sem-o-tempo\/","og_locale":"pt_BR","og_type":"article","og_title":"TEMPO PARA O TEMPO SEM O TEMPO... - R\u00e1dio Life FM","og_description":"\u201cA verdadeira afei\u00e7\u00e3o na longa aus\u00eancia se prova\u201d (Cam\u00f5es) &nbsp; S\u00e9rgio Barbosa (*) &nbsp; As denominadas lendas do outro tempo est\u00e3o presentes em todos os lugares deste e do outro tempo, determinando por meio das palavras um desencontro em meio aos encontros de um mesmo tempo deste tempo sem o tempo&#8230; Assim, as par\u00e1bolas do [&hellip;]","og_url":"https:\/\/radiolifefm.com.br\/noticias\/tempo-para-o-tempo-sem-o-tempo\/","og_site_name":"R\u00e1dio Life FM","article_publisher":"https:\/\/www.facebook.com\/radiolifefm\/","article_published_time":"2023-05-19T11:20:33+00:00","article_modified_time":"2026-04-08T03:25:07+00:00","og_image":[{"width":972,"height":1296,"url":"https:\/\/radiolifefm.com.br\/noticias\/wp-content\/uploads\/2022\/04\/WhatsApp-Image-2022-04-10-at-18.43.02.jpeg","type":"image\/jpeg"}],"author":"ritanery","twitter_card":"summary_large_image","twitter_misc":{"Escrito por":"ritanery","Est. tempo de leitura":"3 minutos"},"schema":{"@context":"https:\/\/schema.org","@graph":[{"@type":"Article","@id":"https:\/\/radiolifefm.com.br\/noticias\/tempo-para-o-tempo-sem-o-tempo\/#article","isPartOf":{"@id":"https:\/\/radiolifefm.com.br\/noticias\/tempo-para-o-tempo-sem-o-tempo\/"},"author":{"name":"ritanery","@id":"https:\/\/radiolifefm.com.br\/noticias\/#\/schema\/person\/6339b9fac59d12b071dec680d7375d87"},"headline":"TEMPO PARA O TEMPO SEM O TEMPO&#8230;","datePublished":"2023-05-19T11:20:33+00:00","dateModified":"2026-04-08T03:25:07+00:00","mainEntityOfPage":{"@id":"https:\/\/radiolifefm.com.br\/noticias\/tempo-para-o-tempo-sem-o-tempo\/"},"wordCount":521,"publisher":{"@id":"https:\/\/radiolifefm.com.br\/noticias\/#organization"},"image":{"@id":"https:\/\/radiolifefm.com.br\/noticias\/tempo-para-o-tempo-sem-o-tempo\/#primaryimage"},"thumbnailUrl":"https:\/\/radiolifefm.com.br\/noticias\/wp-content\/uploads\/2022\/04\/WhatsApp-Image-2022-04-10-at-18.43.02.jpeg","articleSection":["Opini\u00e3o"],"inLanguage":"pt-BR"},{"@type":"WebPage","@id":"https:\/\/radiolifefm.com.br\/noticias\/tempo-para-o-tempo-sem-o-tempo\/","url":"https:\/\/radiolifefm.com.br\/noticias\/tempo-para-o-tempo-sem-o-tempo\/","name":"TEMPO PARA O TEMPO SEM O TEMPO... - R\u00e1dio Life FM","isPartOf":{"@id":"https:\/\/radiolifefm.com.br\/noticias\/#website"},"primaryImageOfPage":{"@id":"https:\/\/radiolifefm.com.br\/noticias\/tempo-para-o-tempo-sem-o-tempo\/#primaryimage"},"image":{"@id":"https:\/\/radiolifefm.com.br\/noticias\/tempo-para-o-tempo-sem-o-tempo\/#primaryimage"},"thumbnailUrl":"https:\/\/radiolifefm.com.br\/noticias\/wp-content\/uploads\/2022\/04\/WhatsApp-Image-2022-04-10-at-18.43.02.jpeg","datePublished":"2023-05-19T11:20:33+00:00","dateModified":"2026-04-08T03:25:07+00:00","breadcrumb":{"@id":"https:\/\/radiolifefm.com.br\/noticias\/tempo-para-o-tempo-sem-o-tempo\/#breadcrumb"},"inLanguage":"pt-BR","potentialAction":[{"@type":"ReadAction","target":["https:\/\/radiolifefm.com.br\/noticias\/tempo-para-o-tempo-sem-o-tempo\/"]}]},{"@type":"ImageObject","inLanguage":"pt-BR","@id":"https:\/\/radiolifefm.com.br\/noticias\/tempo-para-o-tempo-sem-o-tempo\/#primaryimage","url":"https:\/\/radiolifefm.com.br\/noticias\/wp-content\/uploads\/2022\/04\/WhatsApp-Image-2022-04-10-at-18.43.02.jpeg","contentUrl":"https:\/\/radiolifefm.com.br\/noticias\/wp-content\/uploads\/2022\/04\/WhatsApp-Image-2022-04-10-at-18.43.02.jpeg","width":972,"height":1296,"caption":"S\u00e9rgio Barbosa"},{"@type":"BreadcrumbList","@id":"https:\/\/radiolifefm.com.br\/noticias\/tempo-para-o-tempo-sem-o-tempo\/#breadcrumb","itemListElement":[{"@type":"ListItem","position":1,"name":"In\u00edcio","item":"https:\/\/radiolifefm.com.br\/noticias\/"},{"@type":"ListItem","position":2,"name":"TEMPO PARA O TEMPO SEM O TEMPO&#8230;"}]},{"@type":"WebSite","@id":"https:\/\/radiolifefm.com.br\/noticias\/#website","url":"https:\/\/radiolifefm.com.br\/noticias\/","name":"R\u00e1dio Life FM","description":"O Portal de Not\u00edcias de Adamantina","publisher":{"@id":"https:\/\/radiolifefm.com.br\/noticias\/#organization"},"alternateName":"Life FM","potentialAction":[{"@type":"SearchAction","target":{"@type":"EntryPoint","urlTemplate":"https:\/\/radiolifefm.com.br\/noticias\/?s={search_term_string}"},"query-input":{"@type":"PropertyValueSpecification","valueRequired":true,"valueName":"search_term_string"}}],"inLanguage":"pt-BR"},{"@type":"Organization","@id":"https:\/\/radiolifefm.com.br\/noticias\/#organization","name":"R\u00e1dio Life FM","alternateName":"Life FM","url":"https:\/\/radiolifefm.com.br\/noticias\/","logo":{"@type":"ImageObject","inLanguage":"pt-BR","@id":"https:\/\/radiolifefm.com.br\/noticias\/#\/schema\/logo\/image\/","url":"https:\/\/static.radiolifefm.com.br\/noticias\/wp-content\/uploads\/2019\/10\/logo-lifefm.png","contentUrl":"https:\/\/static.radiolifefm.com.br\/noticias\/wp-content\/uploads\/2019\/10\/logo-lifefm.png","width":196,"height":47,"caption":"R\u00e1dio Life FM"},"image":{"@id":"https:\/\/radiolifefm.com.br\/noticias\/#\/schema\/logo\/image\/"},"sameAs":["https:\/\/www.facebook.com\/radiolifefm\/","https:\/\/www.instagram.com\/life1079fm\/"]},{"@type":"Person","@id":"https:\/\/radiolifefm.com.br\/noticias\/#\/schema\/person\/6339b9fac59d12b071dec680d7375d87","name":"ritanery","image":{"@type":"ImageObject","inLanguage":"pt-BR","@id":"https:\/\/secure.gravatar.com\/avatar\/0e37bb19071f47c0b8a23f62a903df117c5a0e75f65a0c2901562f97cd41cf86?s=96&d=mm&r=g","url":"https:\/\/secure.gravatar.com\/avatar\/0e37bb19071f47c0b8a23f62a903df117c5a0e75f65a0c2901562f97cd41cf86?s=96&d=mm&r=g","contentUrl":"https:\/\/secure.gravatar.com\/avatar\/0e37bb19071f47c0b8a23f62a903df117c5a0e75f65a0c2901562f97cd41cf86?s=96&d=mm&r=g","caption":"ritanery"}}]}},"amp_enabled":true,"_links":{"self":[{"href":"https:\/\/radiolifefm.com.br\/noticias\/wp-json\/wp\/v2\/posts\/70468","targetHints":{"allow":["GET"]}}],"collection":[{"href":"https:\/\/radiolifefm.com.br\/noticias\/wp-json\/wp\/v2\/posts"}],"about":[{"href":"https:\/\/radiolifefm.com.br\/noticias\/wp-json\/wp\/v2\/types\/post"}],"author":[{"embeddable":true,"href":"https:\/\/radiolifefm.com.br\/noticias\/wp-json\/wp\/v2\/users\/13"}],"replies":[{"embeddable":true,"href":"https:\/\/radiolifefm.com.br\/noticias\/wp-json\/wp\/v2\/comments?post=70468"}],"version-history":[{"count":1,"href":"https:\/\/radiolifefm.com.br\/noticias\/wp-json\/wp\/v2\/posts\/70468\/revisions"}],"predecessor-version":[{"id":70469,"href":"https:\/\/radiolifefm.com.br\/noticias\/wp-json\/wp\/v2\/posts\/70468\/revisions\/70469"}],"wp:featuredmedia":[{"embeddable":true,"href":"https:\/\/radiolifefm.com.br\/noticias\/wp-json\/wp\/v2\/media\/51988"}],"wp:attachment":[{"href":"https:\/\/radiolifefm.com.br\/noticias\/wp-json\/wp\/v2\/media?parent=70468"}],"wp:term":[{"taxonomy":"category","embeddable":true,"href":"https:\/\/radiolifefm.com.br\/noticias\/wp-json\/wp\/v2\/categories?post=70468"},{"taxonomy":"post_tag","embeddable":true,"href":"https:\/\/radiolifefm.com.br\/noticias\/wp-json\/wp\/v2\/tags?post=70468"}],"curies":[{"name":"wp","href":"https:\/\/api.w.org\/{rel}","templated":true}]}}