{"id":70384,"date":"2023-05-17T08:09:45","date_gmt":"2023-05-17T11:09:45","guid":{"rendered":"https:\/\/radiolifefm.com.br\/noticias\/?p=70384"},"modified":"2026-04-06T17:10:04","modified_gmt":"2026-04-06T20:10:04","slug":"nem-bandido-nem-mocinho-muito-pelo-contrario","status":"publish","type":"post","link":"https:\/\/radiolifefm.com.br\/noticias\/nem-bandido-nem-mocinho-muito-pelo-contrario\/","title":{"rendered":"NEM BANDIDO&#8230; NEM MOCINHO&#8230; MUITO PELO CONTR\u00c1RIO&#8230;"},"content":{"rendered":"<div id=\"fb-root\"><\/div>\n<p><em>\u00a0<\/em><\/p>\n<p><strong><em>\u201cSe m\u00e9dico pensa que \u00e9 Deus, jornalista tem certeza!\u201d. <\/em><\/strong><\/p>\n<p><em>\u00a0<\/em><\/p>\n<p><strong><em>S\u00e9rgio Barbosa (*)<\/em><\/strong><\/p>\n<p>&nbsp;<\/p>\n<p>Dizem que o \u201cJornalista\u201d est\u00e1 sempre entre dois lados, ou melhor, entre fogos cruzados, ainda mais neste novo tempo novo, bem como, quando existem tantos desencontros em nome disto ou daquilo&#8230;<\/p>\n<p>Neste cen\u00e1rio do \u201cjeitinho\u201d, pode-se pensar em muitas sa\u00eddas de emerg\u00eancia para um mesmo problema, alias, o de sempre em terras provincianas, afinal de contas, os mesmos n\u00e3o desistem de ficar na contra-m\u00e3o de um mesmo pseudopoder, ainda, sacramentalizado pela injusti\u00e7a da justi\u00e7a que afirma ser \u201ccega, surda e muda\u201d&#8230;<\/p>\n<p>Numa \u00fanica mentira, muitas verdades sobre o senso comum da mesmice de sempre, al\u00e9m do mais, o contexto continua o mesmo de sempre para o formador de opini\u00e3o tupiniquim em tempo de p\u00f3s-globaliza\u00e7\u00e3o midi\u00e1tica&#8230;<\/p>\n<p>A mensagem continua sem emissor para um receptor desligado da tomada de uma parede branca e sem sentido neste universo sem estrelas para brilhar, afinal de contas, pudera, o c\u00f3digo continua sem decodificador para um olhar mais \u00e0 frente desta ou daquela comunica\u00e7\u00e3o sem social&#8230;<\/p>\n<p>A m\u00eddia \u00e9 a mesma de sempre para aquele receptor al\u00e9m da cr\u00edtica sobre o bem e o mal numa sociedade viciada pelos mandantes de um crime quase perfeito, de acordo com aquela manchete sensacionalista naquele jornaleco ultrapassado pelas correntes alheias numa pris\u00e3o censurada pela vontade do poder central&#8230;<\/p>\n<p>Quando aconteceu?<\/p>\n<p>Boa pergunta disse o outro lado da quest\u00e3o, pelo jeito a dial\u00e9tica ser\u00e1 eterna enquanto durar o processo midi\u00e1tico neste caso, entretanto, onde est\u00e1 a v\u00edtima deste processo kafcaniano e incoerente segundo as testemunhas oculares de um rep\u00f3rter perdido nas contradi\u00e7\u00f5es jornal\u00edsticas&#8230;<\/p>\n<p>A fonte, sempre aparece sem aparecer na sua totalidade infeliz para demonstrar que o jornalista tupiniquim faz a diferen\u00e7a neste jogo sem vencedor, apenas um placar sem n\u00fameros para justificar a press\u00e3o da torcida sem bandeiras&#8230;<\/p>\n<p>Como aconteceu?<\/p>\n<p>S\u00f3 sei que nada sei afirmou o pensador do outro tempo, assim mesmo, ficou a margem do procedimento interno, deixando de lado, as propostas externas e desqualificadas do editor sem registro profissional perante o minist\u00e9rio p\u00fablico de um tribunal sem justi\u00e7a&#8230;<\/p>\n<p>Onde aconteceu?<\/p>\n<p>N\u00e3o se sabe a origem desta den\u00fancia indevida para o editor sem chefe daquele jornal, por\u00e9m, o editor sem assistente entendeu a mensagem, todavia, n\u00e3o compreendeu a mesma no seu aporte redatorial e sem revis\u00e3o gramatical&#8230;<\/p>\n<p>Para qu\u00ea?<\/p>\n<p>Tamb\u00e9m, com tantas perguntas deste rep\u00f3rter tudo pode acontecer para os entrevistados de um mesmo momento secular, assim, dizem os profetas da m\u00eddia viciada pelas drogas do presente sem futuro&#8230;<\/p>\n<p>Quem?<\/p>\n<p>Isso n\u00e3o era um fator determinante para os filhos sem pauta, haja vista que os focas ficaram a ver navios numa reda\u00e7\u00e3o sem editor e muito menos um redator-assistente para dar a bronca de sempre, neste caso, o jornalista preferiu ficar com o joio e deixar o trigo para os med\u00edocres da pauta&#8230;<\/p>\n<p><strong><em>______________________________________<\/em><\/strong><\/p>\n<p><strong><em>(*) Bacharel em Comunica\u00e7\u00e3o Social com habilita\u00e7\u00e3o em Jornalismo pela FCS\/IMS (1,983) e Jornalista diplomado- MTb No. 16.772\/SP (1.986).<\/em><\/strong><\/p>\n<p><strong><em>e-mail: <a href=\"mailto:barbosa.sebar@gmail.com\">barbosa.sebar@gmail.com<\/a><\/em><\/strong><\/p>\n","protected":false},"excerpt":{"rendered":"<p>\u00a0 \u201cSe m\u00e9dico pensa que \u00e9 Deus, jornalista tem certeza!\u201d. \u00a0 S\u00e9rgio Barbosa (*) &nbsp; Dizem que o \u201cJornalista\u201d est\u00e1 sempre entre dois lados, ou melhor, entre fogos cruzados, ainda mais neste novo tempo novo, bem como, quando existem tantos desencontros em nome disto ou daquilo&#8230; Neste cen\u00e1rio do \u201cjeitinho\u201d, pode-se pensar em muitas sa\u00eddas [&hellip;]<\/p>\n","protected":false},"author":13,"featured_media":51988,"comment_status":"closed","ping_status":"open","sticky":false,"template":"","format":"standard","meta":{"_acf_changed":false,"_exactmetrics_skip_tracking":false,"_exactmetrics_sitenote_active":false,"_exactmetrics_sitenote_note":"","_exactmetrics_sitenote_category":0,"footnotes":""},"categories":[59],"tags":[],"class_list":["post-70384","post","type-post","status-publish","format-standard","has-post-thumbnail","hentry","category-opiniao"],"acf":[],"yoast_head":"<!-- This site is optimized with the Yoast SEO plugin v27.2 - https:\/\/yoast.com\/product\/yoast-seo-wordpress\/ -->\n<title>NEM BANDIDO... NEM MOCINHO... MUITO PELO CONTR\u00c1RIO... - R\u00e1dio Life FM<\/title>\n<meta name=\"robots\" content=\"index, follow, max-snippet:-1, max-image-preview:large, max-video-preview:-1\" \/>\n<link rel=\"canonical\" href=\"https:\/\/radiolifefm.com.br\/noticias\/nem-bandido-nem-mocinho-muito-pelo-contrario\/\" \/>\n<meta property=\"og:locale\" content=\"pt_BR\" \/>\n<meta property=\"og:type\" content=\"article\" \/>\n<meta property=\"og:title\" content=\"NEM BANDIDO... NEM MOCINHO... MUITO PELO CONTR\u00c1RIO... - R\u00e1dio Life FM\" \/>\n<meta property=\"og:description\" content=\"\u00a0 \u201cSe m\u00e9dico pensa que \u00e9 Deus, jornalista tem certeza!\u201d. \u00a0 S\u00e9rgio Barbosa (*) &nbsp; Dizem que o \u201cJornalista\u201d est\u00e1 sempre entre dois lados, ou melhor, entre fogos cruzados, ainda mais neste novo tempo novo, bem como, quando existem tantos desencontros em nome disto ou daquilo&#8230; Neste cen\u00e1rio do \u201cjeitinho\u201d, pode-se pensar em muitas sa\u00eddas [&hellip;]\" \/>\n<meta property=\"og:url\" content=\"https:\/\/radiolifefm.com.br\/noticias\/nem-bandido-nem-mocinho-muito-pelo-contrario\/\" \/>\n<meta property=\"og:site_name\" content=\"R\u00e1dio Life FM\" \/>\n<meta property=\"article:publisher\" content=\"https:\/\/www.facebook.com\/radiolifefm\/\" \/>\n<meta property=\"article:published_time\" content=\"2023-05-17T11:09:45+00:00\" \/>\n<meta property=\"article:modified_time\" content=\"2026-04-06T20:10:04+00:00\" \/>\n<meta property=\"og:image\" content=\"https:\/\/radiolifefm.com.br\/noticias\/wp-content\/uploads\/2022\/04\/WhatsApp-Image-2022-04-10-at-18.43.02.jpeg\" \/>\n\t<meta property=\"og:image:width\" content=\"972\" \/>\n\t<meta property=\"og:image:height\" content=\"1296\" \/>\n\t<meta property=\"og:image:type\" content=\"image\/jpeg\" \/>\n<meta name=\"author\" content=\"ritanery\" \/>\n<meta name=\"twitter:card\" content=\"summary_large_image\" \/>\n<meta name=\"twitter:label1\" content=\"Escrito por\" \/>\n\t<meta name=\"twitter:data1\" content=\"ritanery\" \/>\n\t<meta name=\"twitter:label2\" content=\"Est. tempo de leitura\" \/>\n\t<meta name=\"twitter:data2\" content=\"3 minutos\" \/>\n<script type=\"application\/ld+json\" class=\"yoast-schema-graph\">{\"@context\":\"https:\/\/schema.org\",\"@graph\":[{\"@type\":\"Article\",\"@id\":\"https:\/\/radiolifefm.com.br\/noticias\/nem-bandido-nem-mocinho-muito-pelo-contrario\/#article\",\"isPartOf\":{\"@id\":\"https:\/\/radiolifefm.com.br\/noticias\/nem-bandido-nem-mocinho-muito-pelo-contrario\/\"},\"author\":{\"name\":\"ritanery\",\"@id\":\"https:\/\/radiolifefm.com.br\/noticias\/#\/schema\/person\/6339b9fac59d12b071dec680d7375d87\"},\"headline\":\"NEM BANDIDO&#8230; NEM MOCINHO&#8230; MUITO PELO CONTR\u00c1RIO&#8230;\",\"datePublished\":\"2023-05-17T11:09:45+00:00\",\"dateModified\":\"2026-04-06T20:10:04+00:00\",\"mainEntityOfPage\":{\"@id\":\"https:\/\/radiolifefm.com.br\/noticias\/nem-bandido-nem-mocinho-muito-pelo-contrario\/\"},\"wordCount\":541,\"publisher\":{\"@id\":\"https:\/\/radiolifefm.com.br\/noticias\/#organization\"},\"image\":{\"@id\":\"https:\/\/radiolifefm.com.br\/noticias\/nem-bandido-nem-mocinho-muito-pelo-contrario\/#primaryimage\"},\"thumbnailUrl\":\"https:\/\/radiolifefm.com.br\/noticias\/wp-content\/uploads\/2022\/04\/WhatsApp-Image-2022-04-10-at-18.43.02.jpeg\",\"articleSection\":[\"Opini\u00e3o\"],\"inLanguage\":\"pt-BR\"},{\"@type\":\"WebPage\",\"@id\":\"https:\/\/radiolifefm.com.br\/noticias\/nem-bandido-nem-mocinho-muito-pelo-contrario\/\",\"url\":\"https:\/\/radiolifefm.com.br\/noticias\/nem-bandido-nem-mocinho-muito-pelo-contrario\/\",\"name\":\"NEM BANDIDO... NEM MOCINHO... MUITO PELO CONTR\u00c1RIO... - R\u00e1dio Life FM\",\"isPartOf\":{\"@id\":\"https:\/\/radiolifefm.com.br\/noticias\/#website\"},\"primaryImageOfPage\":{\"@id\":\"https:\/\/radiolifefm.com.br\/noticias\/nem-bandido-nem-mocinho-muito-pelo-contrario\/#primaryimage\"},\"image\":{\"@id\":\"https:\/\/radiolifefm.com.br\/noticias\/nem-bandido-nem-mocinho-muito-pelo-contrario\/#primaryimage\"},\"thumbnailUrl\":\"https:\/\/radiolifefm.com.br\/noticias\/wp-content\/uploads\/2022\/04\/WhatsApp-Image-2022-04-10-at-18.43.02.jpeg\",\"datePublished\":\"2023-05-17T11:09:45+00:00\",\"dateModified\":\"2026-04-06T20:10:04+00:00\",\"breadcrumb\":{\"@id\":\"https:\/\/radiolifefm.com.br\/noticias\/nem-bandido-nem-mocinho-muito-pelo-contrario\/#breadcrumb\"},\"inLanguage\":\"pt-BR\",\"potentialAction\":[{\"@type\":\"ReadAction\",\"target\":[\"https:\/\/radiolifefm.com.br\/noticias\/nem-bandido-nem-mocinho-muito-pelo-contrario\/\"]}]},{\"@type\":\"ImageObject\",\"inLanguage\":\"pt-BR\",\"@id\":\"https:\/\/radiolifefm.com.br\/noticias\/nem-bandido-nem-mocinho-muito-pelo-contrario\/#primaryimage\",\"url\":\"https:\/\/radiolifefm.com.br\/noticias\/wp-content\/uploads\/2022\/04\/WhatsApp-Image-2022-04-10-at-18.43.02.jpeg\",\"contentUrl\":\"https:\/\/radiolifefm.com.br\/noticias\/wp-content\/uploads\/2022\/04\/WhatsApp-Image-2022-04-10-at-18.43.02.jpeg\",\"width\":972,\"height\":1296,\"caption\":\"S\u00e9rgio Barbosa\"},{\"@type\":\"BreadcrumbList\",\"@id\":\"https:\/\/radiolifefm.com.br\/noticias\/nem-bandido-nem-mocinho-muito-pelo-contrario\/#breadcrumb\",\"itemListElement\":[{\"@type\":\"ListItem\",\"position\":1,\"name\":\"In\u00edcio\",\"item\":\"https:\/\/radiolifefm.com.br\/noticias\/\"},{\"@type\":\"ListItem\",\"position\":2,\"name\":\"NEM BANDIDO&#8230; NEM MOCINHO&#8230; MUITO PELO CONTR\u00c1RIO&#8230;\"}]},{\"@type\":\"WebSite\",\"@id\":\"https:\/\/radiolifefm.com.br\/noticias\/#website\",\"url\":\"https:\/\/radiolifefm.com.br\/noticias\/\",\"name\":\"R\u00e1dio Life FM\",\"description\":\"O Portal de Not\u00edcias de Adamantina\",\"publisher\":{\"@id\":\"https:\/\/radiolifefm.com.br\/noticias\/#organization\"},\"alternateName\":\"Life FM\",\"potentialAction\":[{\"@type\":\"SearchAction\",\"target\":{\"@type\":\"EntryPoint\",\"urlTemplate\":\"https:\/\/radiolifefm.com.br\/noticias\/?s={search_term_string}\"},\"query-input\":{\"@type\":\"PropertyValueSpecification\",\"valueRequired\":true,\"valueName\":\"search_term_string\"}}],\"inLanguage\":\"pt-BR\"},{\"@type\":\"Organization\",\"@id\":\"https:\/\/radiolifefm.com.br\/noticias\/#organization\",\"name\":\"R\u00e1dio Life FM\",\"alternateName\":\"Life FM\",\"url\":\"https:\/\/radiolifefm.com.br\/noticias\/\",\"logo\":{\"@type\":\"ImageObject\",\"inLanguage\":\"pt-BR\",\"@id\":\"https:\/\/radiolifefm.com.br\/noticias\/#\/schema\/logo\/image\/\",\"url\":\"https:\/\/static.radiolifefm.com.br\/noticias\/wp-content\/uploads\/2019\/10\/logo-lifefm.png\",\"contentUrl\":\"https:\/\/static.radiolifefm.com.br\/noticias\/wp-content\/uploads\/2019\/10\/logo-lifefm.png\",\"width\":196,\"height\":47,\"caption\":\"R\u00e1dio Life FM\"},\"image\":{\"@id\":\"https:\/\/radiolifefm.com.br\/noticias\/#\/schema\/logo\/image\/\"},\"sameAs\":[\"https:\/\/www.facebook.com\/radiolifefm\/\",\"https:\/\/www.instagram.com\/life1079fm\/\"]},{\"@type\":\"Person\",\"@id\":\"https:\/\/radiolifefm.com.br\/noticias\/#\/schema\/person\/6339b9fac59d12b071dec680d7375d87\",\"name\":\"ritanery\",\"image\":{\"@type\":\"ImageObject\",\"inLanguage\":\"pt-BR\",\"@id\":\"https:\/\/secure.gravatar.com\/avatar\/0e37bb19071f47c0b8a23f62a903df117c5a0e75f65a0c2901562f97cd41cf86?s=96&d=mm&r=g\",\"url\":\"https:\/\/secure.gravatar.com\/avatar\/0e37bb19071f47c0b8a23f62a903df117c5a0e75f65a0c2901562f97cd41cf86?s=96&d=mm&r=g\",\"contentUrl\":\"https:\/\/secure.gravatar.com\/avatar\/0e37bb19071f47c0b8a23f62a903df117c5a0e75f65a0c2901562f97cd41cf86?s=96&d=mm&r=g\",\"caption\":\"ritanery\"}}]}<\/script>\n<!-- \/ Yoast SEO plugin. -->","yoast_head_json":{"title":"NEM BANDIDO... NEM MOCINHO... MUITO PELO CONTR\u00c1RIO... - R\u00e1dio Life FM","robots":{"index":"index","follow":"follow","max-snippet":"max-snippet:-1","max-image-preview":"max-image-preview:large","max-video-preview":"max-video-preview:-1"},"canonical":"https:\/\/radiolifefm.com.br\/noticias\/nem-bandido-nem-mocinho-muito-pelo-contrario\/","og_locale":"pt_BR","og_type":"article","og_title":"NEM BANDIDO... NEM MOCINHO... MUITO PELO CONTR\u00c1RIO... - R\u00e1dio Life FM","og_description":"\u00a0 \u201cSe m\u00e9dico pensa que \u00e9 Deus, jornalista tem certeza!\u201d. \u00a0 S\u00e9rgio Barbosa (*) &nbsp; Dizem que o \u201cJornalista\u201d est\u00e1 sempre entre dois lados, ou melhor, entre fogos cruzados, ainda mais neste novo tempo novo, bem como, quando existem tantos desencontros em nome disto ou daquilo&#8230; Neste cen\u00e1rio do \u201cjeitinho\u201d, pode-se pensar em muitas sa\u00eddas [&hellip;]","og_url":"https:\/\/radiolifefm.com.br\/noticias\/nem-bandido-nem-mocinho-muito-pelo-contrario\/","og_site_name":"R\u00e1dio Life FM","article_publisher":"https:\/\/www.facebook.com\/radiolifefm\/","article_published_time":"2023-05-17T11:09:45+00:00","article_modified_time":"2026-04-06T20:10:04+00:00","og_image":[{"width":972,"height":1296,"url":"https:\/\/radiolifefm.com.br\/noticias\/wp-content\/uploads\/2022\/04\/WhatsApp-Image-2022-04-10-at-18.43.02.jpeg","type":"image\/jpeg"}],"author":"ritanery","twitter_card":"summary_large_image","twitter_misc":{"Escrito por":"ritanery","Est. tempo de leitura":"3 minutos"},"schema":{"@context":"https:\/\/schema.org","@graph":[{"@type":"Article","@id":"https:\/\/radiolifefm.com.br\/noticias\/nem-bandido-nem-mocinho-muito-pelo-contrario\/#article","isPartOf":{"@id":"https:\/\/radiolifefm.com.br\/noticias\/nem-bandido-nem-mocinho-muito-pelo-contrario\/"},"author":{"name":"ritanery","@id":"https:\/\/radiolifefm.com.br\/noticias\/#\/schema\/person\/6339b9fac59d12b071dec680d7375d87"},"headline":"NEM BANDIDO&#8230; NEM MOCINHO&#8230; MUITO PELO CONTR\u00c1RIO&#8230;","datePublished":"2023-05-17T11:09:45+00:00","dateModified":"2026-04-06T20:10:04+00:00","mainEntityOfPage":{"@id":"https:\/\/radiolifefm.com.br\/noticias\/nem-bandido-nem-mocinho-muito-pelo-contrario\/"},"wordCount":541,"publisher":{"@id":"https:\/\/radiolifefm.com.br\/noticias\/#organization"},"image":{"@id":"https:\/\/radiolifefm.com.br\/noticias\/nem-bandido-nem-mocinho-muito-pelo-contrario\/#primaryimage"},"thumbnailUrl":"https:\/\/radiolifefm.com.br\/noticias\/wp-content\/uploads\/2022\/04\/WhatsApp-Image-2022-04-10-at-18.43.02.jpeg","articleSection":["Opini\u00e3o"],"inLanguage":"pt-BR"},{"@type":"WebPage","@id":"https:\/\/radiolifefm.com.br\/noticias\/nem-bandido-nem-mocinho-muito-pelo-contrario\/","url":"https:\/\/radiolifefm.com.br\/noticias\/nem-bandido-nem-mocinho-muito-pelo-contrario\/","name":"NEM BANDIDO... NEM MOCINHO... MUITO PELO CONTR\u00c1RIO... - R\u00e1dio Life FM","isPartOf":{"@id":"https:\/\/radiolifefm.com.br\/noticias\/#website"},"primaryImageOfPage":{"@id":"https:\/\/radiolifefm.com.br\/noticias\/nem-bandido-nem-mocinho-muito-pelo-contrario\/#primaryimage"},"image":{"@id":"https:\/\/radiolifefm.com.br\/noticias\/nem-bandido-nem-mocinho-muito-pelo-contrario\/#primaryimage"},"thumbnailUrl":"https:\/\/radiolifefm.com.br\/noticias\/wp-content\/uploads\/2022\/04\/WhatsApp-Image-2022-04-10-at-18.43.02.jpeg","datePublished":"2023-05-17T11:09:45+00:00","dateModified":"2026-04-06T20:10:04+00:00","breadcrumb":{"@id":"https:\/\/radiolifefm.com.br\/noticias\/nem-bandido-nem-mocinho-muito-pelo-contrario\/#breadcrumb"},"inLanguage":"pt-BR","potentialAction":[{"@type":"ReadAction","target":["https:\/\/radiolifefm.com.br\/noticias\/nem-bandido-nem-mocinho-muito-pelo-contrario\/"]}]},{"@type":"ImageObject","inLanguage":"pt-BR","@id":"https:\/\/radiolifefm.com.br\/noticias\/nem-bandido-nem-mocinho-muito-pelo-contrario\/#primaryimage","url":"https:\/\/radiolifefm.com.br\/noticias\/wp-content\/uploads\/2022\/04\/WhatsApp-Image-2022-04-10-at-18.43.02.jpeg","contentUrl":"https:\/\/radiolifefm.com.br\/noticias\/wp-content\/uploads\/2022\/04\/WhatsApp-Image-2022-04-10-at-18.43.02.jpeg","width":972,"height":1296,"caption":"S\u00e9rgio Barbosa"},{"@type":"BreadcrumbList","@id":"https:\/\/radiolifefm.com.br\/noticias\/nem-bandido-nem-mocinho-muito-pelo-contrario\/#breadcrumb","itemListElement":[{"@type":"ListItem","position":1,"name":"In\u00edcio","item":"https:\/\/radiolifefm.com.br\/noticias\/"},{"@type":"ListItem","position":2,"name":"NEM BANDIDO&#8230; NEM MOCINHO&#8230; MUITO PELO CONTR\u00c1RIO&#8230;"}]},{"@type":"WebSite","@id":"https:\/\/radiolifefm.com.br\/noticias\/#website","url":"https:\/\/radiolifefm.com.br\/noticias\/","name":"R\u00e1dio Life FM","description":"O Portal de Not\u00edcias de Adamantina","publisher":{"@id":"https:\/\/radiolifefm.com.br\/noticias\/#organization"},"alternateName":"Life FM","potentialAction":[{"@type":"SearchAction","target":{"@type":"EntryPoint","urlTemplate":"https:\/\/radiolifefm.com.br\/noticias\/?s={search_term_string}"},"query-input":{"@type":"PropertyValueSpecification","valueRequired":true,"valueName":"search_term_string"}}],"inLanguage":"pt-BR"},{"@type":"Organization","@id":"https:\/\/radiolifefm.com.br\/noticias\/#organization","name":"R\u00e1dio Life FM","alternateName":"Life FM","url":"https:\/\/radiolifefm.com.br\/noticias\/","logo":{"@type":"ImageObject","inLanguage":"pt-BR","@id":"https:\/\/radiolifefm.com.br\/noticias\/#\/schema\/logo\/image\/","url":"https:\/\/static.radiolifefm.com.br\/noticias\/wp-content\/uploads\/2019\/10\/logo-lifefm.png","contentUrl":"https:\/\/static.radiolifefm.com.br\/noticias\/wp-content\/uploads\/2019\/10\/logo-lifefm.png","width":196,"height":47,"caption":"R\u00e1dio Life FM"},"image":{"@id":"https:\/\/radiolifefm.com.br\/noticias\/#\/schema\/logo\/image\/"},"sameAs":["https:\/\/www.facebook.com\/radiolifefm\/","https:\/\/www.instagram.com\/life1079fm\/"]},{"@type":"Person","@id":"https:\/\/radiolifefm.com.br\/noticias\/#\/schema\/person\/6339b9fac59d12b071dec680d7375d87","name":"ritanery","image":{"@type":"ImageObject","inLanguage":"pt-BR","@id":"https:\/\/secure.gravatar.com\/avatar\/0e37bb19071f47c0b8a23f62a903df117c5a0e75f65a0c2901562f97cd41cf86?s=96&d=mm&r=g","url":"https:\/\/secure.gravatar.com\/avatar\/0e37bb19071f47c0b8a23f62a903df117c5a0e75f65a0c2901562f97cd41cf86?s=96&d=mm&r=g","contentUrl":"https:\/\/secure.gravatar.com\/avatar\/0e37bb19071f47c0b8a23f62a903df117c5a0e75f65a0c2901562f97cd41cf86?s=96&d=mm&r=g","caption":"ritanery"}}]}},"amp_enabled":true,"_links":{"self":[{"href":"https:\/\/radiolifefm.com.br\/noticias\/wp-json\/wp\/v2\/posts\/70384","targetHints":{"allow":["GET"]}}],"collection":[{"href":"https:\/\/radiolifefm.com.br\/noticias\/wp-json\/wp\/v2\/posts"}],"about":[{"href":"https:\/\/radiolifefm.com.br\/noticias\/wp-json\/wp\/v2\/types\/post"}],"author":[{"embeddable":true,"href":"https:\/\/radiolifefm.com.br\/noticias\/wp-json\/wp\/v2\/users\/13"}],"replies":[{"embeddable":true,"href":"https:\/\/radiolifefm.com.br\/noticias\/wp-json\/wp\/v2\/comments?post=70384"}],"version-history":[{"count":1,"href":"https:\/\/radiolifefm.com.br\/noticias\/wp-json\/wp\/v2\/posts\/70384\/revisions"}],"predecessor-version":[{"id":70385,"href":"https:\/\/radiolifefm.com.br\/noticias\/wp-json\/wp\/v2\/posts\/70384\/revisions\/70385"}],"wp:featuredmedia":[{"embeddable":true,"href":"https:\/\/radiolifefm.com.br\/noticias\/wp-json\/wp\/v2\/media\/51988"}],"wp:attachment":[{"href":"https:\/\/radiolifefm.com.br\/noticias\/wp-json\/wp\/v2\/media?parent=70384"}],"wp:term":[{"taxonomy":"category","embeddable":true,"href":"https:\/\/radiolifefm.com.br\/noticias\/wp-json\/wp\/v2\/categories?post=70384"},{"taxonomy":"post_tag","embeddable":true,"href":"https:\/\/radiolifefm.com.br\/noticias\/wp-json\/wp\/v2\/tags?post=70384"}],"curies":[{"name":"wp","href":"https:\/\/api.w.org\/{rel}","templated":true}]}}