{"id":70038,"date":"2023-05-12T08:31:27","date_gmt":"2023-05-12T11:31:27","guid":{"rendered":"https:\/\/radiolifefm.com.br\/noticias\/?p=70038"},"modified":"2025-04-04T07:52:49","modified_gmt":"2025-04-04T10:52:49","slug":"mentes-mediocres-cidade-provincia-e-lide-no-jornalismo-2","status":"publish","type":"post","link":"https:\/\/radiolifefm.com.br\/noticias\/mentes-mediocres-cidade-provincia-e-lide-no-jornalismo-2\/","title":{"rendered":"MENTES MED\u00cdOCRES, CIDADE, PROV\u00cdNCIA E \u201cLIDE\u201d NO JORNALISMO&#8230;"},"content":{"rendered":"<div id=\"fb-root\"><\/div>\n<p><em>\u00a0\u201cSabe de uma coisa, est\u00e1 cidade, al\u00e9m de ser uma prov\u00edncia como voc\u00ea diz e afirma em seus artigos, tem mente bovina\u201d (GJP).<\/em><\/p>\n<p>&nbsp;<\/p>\n<p><strong><em>S\u00e9rgio Barbosa (*)<\/em><\/strong><\/p>\n<p>&nbsp;<\/p>\n<p>&nbsp;<\/p>\n<p>Muitos acusam este articulista de tratar a cidade de Adamantina como \u201cProv\u00edncia\u201d, por\u00e9m, basta uma pesquisa em qualquer dicion\u00e1rio da L\u00edngua Portuguesa, se poss\u00edvel, no denominado \u201cPAI DOS BURROS E DAS MULAS\u201d para ler que tal palavra possui diversas variantes ling\u00fc\u00edsticas, entre as quais, o significado de CIDADE!<\/p>\n<p>O que acontece em muitos casos nesta cidade, s\u00e3o os desencontros entre ru\u00eddos e c\u00f3digos, nestes casos, quando a palavra utilizada no texto estiver relacionada com \u201cru\u00eddo\u201d deve ser entendida no contexto da \u201cinforma\u00e7\u00e3o\u201d, no caso de ser um \u201cc\u00f3digo\u201d, dever\u00e1 ser interpretada por meio do \u201cdecodificador\u201d, agora, quando a palavra for mediada pela \u201cironia\u201d, neste contexto plural, pode-se buscar o aux\u00edlio das mentes bovinas espalhadas pela prov\u00edncia local, talvez, num cen\u00e1rio regional para um entendimento p\u00f3s-provinciano em tempo de p\u00f3s-globaliza\u00e7\u00e3o midi\u00e1tica&#8230;<\/p>\n<p>As MENTES MED\u00cdOCRES, segundo um pesquisador local, est\u00e1 presente em todos os cantos provincianos, se bem que, alguns desavisados se colocam fora deste foco, nada contra os IDIOT\u00c1RIOS\/AS, mas, como sempre, \u201ctodo cuidado \u00e9 pouco\u201d com o andor nas esquinas mal iluminadas de uma prov\u00edncia enciumada&#8230;<\/p>\n<p>Bem como, carente de bons articulistas para uma reflex\u00e3o te\u00f3rico-cr\u00edtica frente aos problemas relacionados com a infra-estrutura f\u00edsica e humana em \u00e1reas afins aos interesses da comunidade provinciana&#8230;<\/p>\n<p>O poder p\u00fablico nas esferas municipal, estadual e federal, quase nunca, atende as necessidades b\u00e1sicas desta comunidade, ainda, em tempo de elei\u00e7\u00e3o para os diversos cargos legislativos em aberto, bem como, para as cadeiras do executivo estadual e federal, aproximam os desafetos do outro tempo em busca de uma coliga\u00e7\u00e3o mediada pelos interesses escusos das trocas do poder pelo poder&#8230;<\/p>\n<p>Assim, denominar a cidade de ADAMANTINA como uma \u201cprov\u00edncia\u201d atende aos interesses espec\u00edficos e n\u00e3o pejorativos, isto e mais aquilo vem ocorrendo desde quando aqui aportei no s\u00e9culo passado em busca dos novos desafios de um final de d\u00e9cada, talvez, fugindo do movimento da grande prov\u00edncia de S\u00c3O BERNARDO DO CAMPO, ABCDM PAULISTA&#8230;<\/p>\n<p>Segundo outro pesquisador provinciano, do \u201costracismo para ser algu\u00e9m na multid\u00e3o destas plagas, como dizem os ga\u00fachos, at\u00e9 mesmo, para estes pampas do faroeste paulista&#8230;\u201d<\/p>\n<p>Portanto, falam e contestam as palavras deste ou daquele articulista neste ou naquele SITE\/PORTAL semanal, por\u00e9m, escrever algo sobre alguma coisa n\u00e3o \u00e9 tarefa f\u00e1cil, al\u00e9m do mais, n\u00e3o existe uma cartilha que ensina o in\u00edcio, o meio e muito menos, o fim deste ou daquele artigo opinativo e outros&#8230;<\/p>\n<p>As denominadas teorias do jornalismo extrapolam tais quest\u00f5es pelas indaga\u00e7\u00f5es do \u201clide\u201d, ou seja, pode representar o \u201csenso comum\u201d, ainda, pode-se sair pelo outro lado, neste caso, com o \u201clide invertido\u201d, talvez, um \u201clide misto\u201d para confundir o receptor desta ou daquela m\u00eddia em pauta&#8230;<\/p>\n<p>Ah! Sim, \u201cmentes med\u00edocres provincianas\u201d, neste ocasos de um talvez, \u00a0representam o que existem de MAL A PIOR em uma prov\u00edncia perdida em n\u00edvel estadual, todavia, pode ser em n\u00edvel de \u201cPa\u00eds do faz de conta\u201d&#8230;<\/p>\n<p>QUEM VIVER VAI SABER&#8230;<\/p>\n<p><strong><em>__________________________________<\/em><\/strong><\/p>\n<p><strong><em>(*) jornalista diplomado.<\/em><\/strong><\/p>\n<p><strong><em>e-mail: <\/em><\/strong><a href=\"mailto:barbosa.sebar@gmail.com\"><strong><em>barbosa.sebar@gmail.com<\/em><\/strong><\/a><\/p>\n","protected":false},"excerpt":{"rendered":"<p>\u00a0\u201cSabe de uma coisa, est\u00e1 cidade, al\u00e9m de ser uma prov\u00edncia como voc\u00ea diz e afirma em seus artigos, tem mente bovina\u201d (GJP). &nbsp; S\u00e9rgio Barbosa (*) &nbsp; &nbsp; Muitos acusam este articulista de tratar a cidade de Adamantina como \u201cProv\u00edncia\u201d, por\u00e9m, basta uma pesquisa em qualquer dicion\u00e1rio da L\u00edngua Portuguesa, se poss\u00edvel, no denominado [&hellip;]<\/p>\n","protected":false},"author":13,"featured_media":51988,"comment_status":"closed","ping_status":"open","sticky":false,"template":"","format":"standard","meta":{"_acf_changed":false,"_exactmetrics_skip_tracking":false,"_exactmetrics_sitenote_active":false,"_exactmetrics_sitenote_note":"","_exactmetrics_sitenote_category":0,"footnotes":""},"categories":[59],"tags":[],"class_list":["post-70038","post","type-post","status-publish","format-standard","has-post-thumbnail","hentry","category-opiniao"],"acf":[],"yoast_head":"<!-- This site is optimized with the Yoast SEO plugin v27.2 - https:\/\/yoast.com\/product\/yoast-seo-wordpress\/ -->\n<title>MENTES MED\u00cdOCRES, CIDADE, PROV\u00cdNCIA E \u201cLIDE\u201d NO JORNALISMO... - R\u00e1dio Life FM<\/title>\n<meta name=\"robots\" content=\"index, follow, max-snippet:-1, max-image-preview:large, max-video-preview:-1\" \/>\n<link rel=\"canonical\" href=\"https:\/\/radiolifefm.com.br\/noticias\/mentes-mediocres-cidade-provincia-e-lide-no-jornalismo-2\/\" \/>\n<meta property=\"og:locale\" content=\"pt_BR\" \/>\n<meta property=\"og:type\" content=\"article\" \/>\n<meta property=\"og:title\" content=\"MENTES MED\u00cdOCRES, CIDADE, PROV\u00cdNCIA E \u201cLIDE\u201d NO JORNALISMO... - R\u00e1dio Life FM\" \/>\n<meta property=\"og:description\" content=\"\u00a0\u201cSabe de uma coisa, est\u00e1 cidade, al\u00e9m de ser uma prov\u00edncia como voc\u00ea diz e afirma em seus artigos, tem mente bovina\u201d (GJP). &nbsp; S\u00e9rgio Barbosa (*) &nbsp; &nbsp; Muitos acusam este articulista de tratar a cidade de Adamantina como \u201cProv\u00edncia\u201d, por\u00e9m, basta uma pesquisa em qualquer dicion\u00e1rio da L\u00edngua Portuguesa, se poss\u00edvel, no denominado [&hellip;]\" \/>\n<meta property=\"og:url\" content=\"https:\/\/radiolifefm.com.br\/noticias\/mentes-mediocres-cidade-provincia-e-lide-no-jornalismo-2\/\" \/>\n<meta property=\"og:site_name\" content=\"R\u00e1dio Life FM\" \/>\n<meta property=\"article:publisher\" content=\"https:\/\/www.facebook.com\/radiolifefm\/\" \/>\n<meta property=\"article:published_time\" content=\"2023-05-12T11:31:27+00:00\" \/>\n<meta property=\"article:modified_time\" content=\"2025-04-04T10:52:49+00:00\" \/>\n<meta property=\"og:image\" content=\"https:\/\/static.radiolifefm.com.br\/noticias\/wp-content\/uploads\/2022\/04\/WhatsApp-Image-2022-04-10-at-18.43.02.jpeg\" \/>\n\t<meta property=\"og:image:width\" content=\"972\" \/>\n\t<meta property=\"og:image:height\" content=\"1296\" \/>\n\t<meta property=\"og:image:type\" content=\"image\/jpeg\" \/>\n<meta name=\"author\" content=\"ritanery\" \/>\n<meta name=\"twitter:card\" content=\"summary_large_image\" \/>\n<meta name=\"twitter:label1\" content=\"Escrito por\" \/>\n\t<meta name=\"twitter:data1\" content=\"ritanery\" \/>\n\t<meta name=\"twitter:label2\" content=\"Est. tempo de leitura\" \/>\n\t<meta name=\"twitter:data2\" content=\"3 minutos\" \/>\n<script type=\"application\/ld+json\" class=\"yoast-schema-graph\">{\"@context\":\"https:\/\/schema.org\",\"@graph\":[{\"@type\":\"Article\",\"@id\":\"https:\/\/radiolifefm.com.br\/noticias\/mentes-mediocres-cidade-provincia-e-lide-no-jornalismo-2\/#article\",\"isPartOf\":{\"@id\":\"https:\/\/radiolifefm.com.br\/noticias\/mentes-mediocres-cidade-provincia-e-lide-no-jornalismo-2\/\"},\"author\":{\"name\":\"ritanery\",\"@id\":\"https:\/\/radiolifefm.com.br\/noticias\/#\/schema\/person\/6339b9fac59d12b071dec680d7375d87\"},\"headline\":\"MENTES MED\u00cdOCRES, CIDADE, PROV\u00cdNCIA E \u201cLIDE\u201d NO JORNALISMO&#8230;\",\"datePublished\":\"2023-05-12T11:31:27+00:00\",\"dateModified\":\"2025-04-04T10:52:49+00:00\",\"mainEntityOfPage\":{\"@id\":\"https:\/\/radiolifefm.com.br\/noticias\/mentes-mediocres-cidade-provincia-e-lide-no-jornalismo-2\/\"},\"wordCount\":579,\"publisher\":{\"@id\":\"https:\/\/radiolifefm.com.br\/noticias\/#organization\"},\"image\":{\"@id\":\"https:\/\/radiolifefm.com.br\/noticias\/mentes-mediocres-cidade-provincia-e-lide-no-jornalismo-2\/#primaryimage\"},\"thumbnailUrl\":\"https:\/\/radiolifefm.com.br\/noticias\/wp-content\/uploads\/2022\/04\/WhatsApp-Image-2022-04-10-at-18.43.02.jpeg\",\"articleSection\":[\"Opini\u00e3o\"],\"inLanguage\":\"pt-BR\"},{\"@type\":\"WebPage\",\"@id\":\"https:\/\/radiolifefm.com.br\/noticias\/mentes-mediocres-cidade-provincia-e-lide-no-jornalismo-2\/\",\"url\":\"https:\/\/radiolifefm.com.br\/noticias\/mentes-mediocres-cidade-provincia-e-lide-no-jornalismo-2\/\",\"name\":\"MENTES MED\u00cdOCRES, CIDADE, PROV\u00cdNCIA E \u201cLIDE\u201d NO JORNALISMO... - R\u00e1dio Life FM\",\"isPartOf\":{\"@id\":\"https:\/\/radiolifefm.com.br\/noticias\/#website\"},\"primaryImageOfPage\":{\"@id\":\"https:\/\/radiolifefm.com.br\/noticias\/mentes-mediocres-cidade-provincia-e-lide-no-jornalismo-2\/#primaryimage\"},\"image\":{\"@id\":\"https:\/\/radiolifefm.com.br\/noticias\/mentes-mediocres-cidade-provincia-e-lide-no-jornalismo-2\/#primaryimage\"},\"thumbnailUrl\":\"https:\/\/radiolifefm.com.br\/noticias\/wp-content\/uploads\/2022\/04\/WhatsApp-Image-2022-04-10-at-18.43.02.jpeg\",\"datePublished\":\"2023-05-12T11:31:27+00:00\",\"dateModified\":\"2025-04-04T10:52:49+00:00\",\"breadcrumb\":{\"@id\":\"https:\/\/radiolifefm.com.br\/noticias\/mentes-mediocres-cidade-provincia-e-lide-no-jornalismo-2\/#breadcrumb\"},\"inLanguage\":\"pt-BR\",\"potentialAction\":[{\"@type\":\"ReadAction\",\"target\":[\"https:\/\/radiolifefm.com.br\/noticias\/mentes-mediocres-cidade-provincia-e-lide-no-jornalismo-2\/\"]}]},{\"@type\":\"ImageObject\",\"inLanguage\":\"pt-BR\",\"@id\":\"https:\/\/radiolifefm.com.br\/noticias\/mentes-mediocres-cidade-provincia-e-lide-no-jornalismo-2\/#primaryimage\",\"url\":\"https:\/\/radiolifefm.com.br\/noticias\/wp-content\/uploads\/2022\/04\/WhatsApp-Image-2022-04-10-at-18.43.02.jpeg\",\"contentUrl\":\"https:\/\/radiolifefm.com.br\/noticias\/wp-content\/uploads\/2022\/04\/WhatsApp-Image-2022-04-10-at-18.43.02.jpeg\",\"width\":972,\"height\":1296,\"caption\":\"S\u00e9rgio Barbosa\"},{\"@type\":\"BreadcrumbList\",\"@id\":\"https:\/\/radiolifefm.com.br\/noticias\/mentes-mediocres-cidade-provincia-e-lide-no-jornalismo-2\/#breadcrumb\",\"itemListElement\":[{\"@type\":\"ListItem\",\"position\":1,\"name\":\"In\u00edcio\",\"item\":\"https:\/\/radiolifefm.com.br\/noticias\/\"},{\"@type\":\"ListItem\",\"position\":2,\"name\":\"MENTES MED\u00cdOCRES, CIDADE, PROV\u00cdNCIA E \u201cLIDE\u201d NO JORNALISMO&#8230;\"}]},{\"@type\":\"WebSite\",\"@id\":\"https:\/\/radiolifefm.com.br\/noticias\/#website\",\"url\":\"https:\/\/radiolifefm.com.br\/noticias\/\",\"name\":\"R\u00e1dio Life FM\",\"description\":\"O Portal de Not\u00edcias de Adamantina\",\"publisher\":{\"@id\":\"https:\/\/radiolifefm.com.br\/noticias\/#organization\"},\"alternateName\":\"Life FM\",\"potentialAction\":[{\"@type\":\"SearchAction\",\"target\":{\"@type\":\"EntryPoint\",\"urlTemplate\":\"https:\/\/radiolifefm.com.br\/noticias\/?s={search_term_string}\"},\"query-input\":{\"@type\":\"PropertyValueSpecification\",\"valueRequired\":true,\"valueName\":\"search_term_string\"}}],\"inLanguage\":\"pt-BR\"},{\"@type\":\"Organization\",\"@id\":\"https:\/\/radiolifefm.com.br\/noticias\/#organization\",\"name\":\"R\u00e1dio Life FM\",\"alternateName\":\"Life FM\",\"url\":\"https:\/\/radiolifefm.com.br\/noticias\/\",\"logo\":{\"@type\":\"ImageObject\",\"inLanguage\":\"pt-BR\",\"@id\":\"https:\/\/radiolifefm.com.br\/noticias\/#\/schema\/logo\/image\/\",\"url\":\"https:\/\/static.radiolifefm.com.br\/noticias\/wp-content\/uploads\/2019\/10\/logo-lifefm.png\",\"contentUrl\":\"https:\/\/static.radiolifefm.com.br\/noticias\/wp-content\/uploads\/2019\/10\/logo-lifefm.png\",\"width\":196,\"height\":47,\"caption\":\"R\u00e1dio Life FM\"},\"image\":{\"@id\":\"https:\/\/radiolifefm.com.br\/noticias\/#\/schema\/logo\/image\/\"},\"sameAs\":[\"https:\/\/www.facebook.com\/radiolifefm\/\",\"https:\/\/www.instagram.com\/life1079fm\/\"]},{\"@type\":\"Person\",\"@id\":\"https:\/\/radiolifefm.com.br\/noticias\/#\/schema\/person\/6339b9fac59d12b071dec680d7375d87\",\"name\":\"ritanery\",\"image\":{\"@type\":\"ImageObject\",\"inLanguage\":\"pt-BR\",\"@id\":\"https:\/\/secure.gravatar.com\/avatar\/0e37bb19071f47c0b8a23f62a903df117c5a0e75f65a0c2901562f97cd41cf86?s=96&d=mm&r=g\",\"url\":\"https:\/\/secure.gravatar.com\/avatar\/0e37bb19071f47c0b8a23f62a903df117c5a0e75f65a0c2901562f97cd41cf86?s=96&d=mm&r=g\",\"contentUrl\":\"https:\/\/secure.gravatar.com\/avatar\/0e37bb19071f47c0b8a23f62a903df117c5a0e75f65a0c2901562f97cd41cf86?s=96&d=mm&r=g\",\"caption\":\"ritanery\"}}]}<\/script>\n<!-- \/ Yoast SEO plugin. -->","yoast_head_json":{"title":"MENTES MED\u00cdOCRES, CIDADE, PROV\u00cdNCIA E \u201cLIDE\u201d NO JORNALISMO... - R\u00e1dio Life FM","robots":{"index":"index","follow":"follow","max-snippet":"max-snippet:-1","max-image-preview":"max-image-preview:large","max-video-preview":"max-video-preview:-1"},"canonical":"https:\/\/radiolifefm.com.br\/noticias\/mentes-mediocres-cidade-provincia-e-lide-no-jornalismo-2\/","og_locale":"pt_BR","og_type":"article","og_title":"MENTES MED\u00cdOCRES, CIDADE, PROV\u00cdNCIA E \u201cLIDE\u201d NO JORNALISMO... - R\u00e1dio Life FM","og_description":"\u00a0\u201cSabe de uma coisa, est\u00e1 cidade, al\u00e9m de ser uma prov\u00edncia como voc\u00ea diz e afirma em seus artigos, tem mente bovina\u201d (GJP). &nbsp; S\u00e9rgio Barbosa (*) &nbsp; &nbsp; Muitos acusam este articulista de tratar a cidade de Adamantina como \u201cProv\u00edncia\u201d, por\u00e9m, basta uma pesquisa em qualquer dicion\u00e1rio da L\u00edngua Portuguesa, se poss\u00edvel, no denominado [&hellip;]","og_url":"https:\/\/radiolifefm.com.br\/noticias\/mentes-mediocres-cidade-provincia-e-lide-no-jornalismo-2\/","og_site_name":"R\u00e1dio Life FM","article_publisher":"https:\/\/www.facebook.com\/radiolifefm\/","article_published_time":"2023-05-12T11:31:27+00:00","article_modified_time":"2025-04-04T10:52:49+00:00","og_image":[{"width":972,"height":1296,"url":"https:\/\/static.radiolifefm.com.br\/noticias\/wp-content\/uploads\/2022\/04\/WhatsApp-Image-2022-04-10-at-18.43.02.jpeg","type":"image\/jpeg"}],"author":"ritanery","twitter_card":"summary_large_image","twitter_misc":{"Escrito por":"ritanery","Est. tempo de leitura":"3 minutos"},"schema":{"@context":"https:\/\/schema.org","@graph":[{"@type":"Article","@id":"https:\/\/radiolifefm.com.br\/noticias\/mentes-mediocres-cidade-provincia-e-lide-no-jornalismo-2\/#article","isPartOf":{"@id":"https:\/\/radiolifefm.com.br\/noticias\/mentes-mediocres-cidade-provincia-e-lide-no-jornalismo-2\/"},"author":{"name":"ritanery","@id":"https:\/\/radiolifefm.com.br\/noticias\/#\/schema\/person\/6339b9fac59d12b071dec680d7375d87"},"headline":"MENTES MED\u00cdOCRES, CIDADE, PROV\u00cdNCIA E \u201cLIDE\u201d NO JORNALISMO&#8230;","datePublished":"2023-05-12T11:31:27+00:00","dateModified":"2025-04-04T10:52:49+00:00","mainEntityOfPage":{"@id":"https:\/\/radiolifefm.com.br\/noticias\/mentes-mediocres-cidade-provincia-e-lide-no-jornalismo-2\/"},"wordCount":579,"publisher":{"@id":"https:\/\/radiolifefm.com.br\/noticias\/#organization"},"image":{"@id":"https:\/\/radiolifefm.com.br\/noticias\/mentes-mediocres-cidade-provincia-e-lide-no-jornalismo-2\/#primaryimage"},"thumbnailUrl":"https:\/\/radiolifefm.com.br\/noticias\/wp-content\/uploads\/2022\/04\/WhatsApp-Image-2022-04-10-at-18.43.02.jpeg","articleSection":["Opini\u00e3o"],"inLanguage":"pt-BR"},{"@type":"WebPage","@id":"https:\/\/radiolifefm.com.br\/noticias\/mentes-mediocres-cidade-provincia-e-lide-no-jornalismo-2\/","url":"https:\/\/radiolifefm.com.br\/noticias\/mentes-mediocres-cidade-provincia-e-lide-no-jornalismo-2\/","name":"MENTES MED\u00cdOCRES, CIDADE, PROV\u00cdNCIA E \u201cLIDE\u201d NO JORNALISMO... - R\u00e1dio Life FM","isPartOf":{"@id":"https:\/\/radiolifefm.com.br\/noticias\/#website"},"primaryImageOfPage":{"@id":"https:\/\/radiolifefm.com.br\/noticias\/mentes-mediocres-cidade-provincia-e-lide-no-jornalismo-2\/#primaryimage"},"image":{"@id":"https:\/\/radiolifefm.com.br\/noticias\/mentes-mediocres-cidade-provincia-e-lide-no-jornalismo-2\/#primaryimage"},"thumbnailUrl":"https:\/\/radiolifefm.com.br\/noticias\/wp-content\/uploads\/2022\/04\/WhatsApp-Image-2022-04-10-at-18.43.02.jpeg","datePublished":"2023-05-12T11:31:27+00:00","dateModified":"2025-04-04T10:52:49+00:00","breadcrumb":{"@id":"https:\/\/radiolifefm.com.br\/noticias\/mentes-mediocres-cidade-provincia-e-lide-no-jornalismo-2\/#breadcrumb"},"inLanguage":"pt-BR","potentialAction":[{"@type":"ReadAction","target":["https:\/\/radiolifefm.com.br\/noticias\/mentes-mediocres-cidade-provincia-e-lide-no-jornalismo-2\/"]}]},{"@type":"ImageObject","inLanguage":"pt-BR","@id":"https:\/\/radiolifefm.com.br\/noticias\/mentes-mediocres-cidade-provincia-e-lide-no-jornalismo-2\/#primaryimage","url":"https:\/\/radiolifefm.com.br\/noticias\/wp-content\/uploads\/2022\/04\/WhatsApp-Image-2022-04-10-at-18.43.02.jpeg","contentUrl":"https:\/\/radiolifefm.com.br\/noticias\/wp-content\/uploads\/2022\/04\/WhatsApp-Image-2022-04-10-at-18.43.02.jpeg","width":972,"height":1296,"caption":"S\u00e9rgio Barbosa"},{"@type":"BreadcrumbList","@id":"https:\/\/radiolifefm.com.br\/noticias\/mentes-mediocres-cidade-provincia-e-lide-no-jornalismo-2\/#breadcrumb","itemListElement":[{"@type":"ListItem","position":1,"name":"In\u00edcio","item":"https:\/\/radiolifefm.com.br\/noticias\/"},{"@type":"ListItem","position":2,"name":"MENTES MED\u00cdOCRES, CIDADE, PROV\u00cdNCIA E \u201cLIDE\u201d NO JORNALISMO&#8230;"}]},{"@type":"WebSite","@id":"https:\/\/radiolifefm.com.br\/noticias\/#website","url":"https:\/\/radiolifefm.com.br\/noticias\/","name":"R\u00e1dio Life FM","description":"O Portal de Not\u00edcias de Adamantina","publisher":{"@id":"https:\/\/radiolifefm.com.br\/noticias\/#organization"},"alternateName":"Life FM","potentialAction":[{"@type":"SearchAction","target":{"@type":"EntryPoint","urlTemplate":"https:\/\/radiolifefm.com.br\/noticias\/?s={search_term_string}"},"query-input":{"@type":"PropertyValueSpecification","valueRequired":true,"valueName":"search_term_string"}}],"inLanguage":"pt-BR"},{"@type":"Organization","@id":"https:\/\/radiolifefm.com.br\/noticias\/#organization","name":"R\u00e1dio Life FM","alternateName":"Life FM","url":"https:\/\/radiolifefm.com.br\/noticias\/","logo":{"@type":"ImageObject","inLanguage":"pt-BR","@id":"https:\/\/radiolifefm.com.br\/noticias\/#\/schema\/logo\/image\/","url":"https:\/\/static.radiolifefm.com.br\/noticias\/wp-content\/uploads\/2019\/10\/logo-lifefm.png","contentUrl":"https:\/\/static.radiolifefm.com.br\/noticias\/wp-content\/uploads\/2019\/10\/logo-lifefm.png","width":196,"height":47,"caption":"R\u00e1dio Life FM"},"image":{"@id":"https:\/\/radiolifefm.com.br\/noticias\/#\/schema\/logo\/image\/"},"sameAs":["https:\/\/www.facebook.com\/radiolifefm\/","https:\/\/www.instagram.com\/life1079fm\/"]},{"@type":"Person","@id":"https:\/\/radiolifefm.com.br\/noticias\/#\/schema\/person\/6339b9fac59d12b071dec680d7375d87","name":"ritanery","image":{"@type":"ImageObject","inLanguage":"pt-BR","@id":"https:\/\/secure.gravatar.com\/avatar\/0e37bb19071f47c0b8a23f62a903df117c5a0e75f65a0c2901562f97cd41cf86?s=96&d=mm&r=g","url":"https:\/\/secure.gravatar.com\/avatar\/0e37bb19071f47c0b8a23f62a903df117c5a0e75f65a0c2901562f97cd41cf86?s=96&d=mm&r=g","contentUrl":"https:\/\/secure.gravatar.com\/avatar\/0e37bb19071f47c0b8a23f62a903df117c5a0e75f65a0c2901562f97cd41cf86?s=96&d=mm&r=g","caption":"ritanery"}}]}},"amp_enabled":true,"_links":{"self":[{"href":"https:\/\/radiolifefm.com.br\/noticias\/wp-json\/wp\/v2\/posts\/70038","targetHints":{"allow":["GET"]}}],"collection":[{"href":"https:\/\/radiolifefm.com.br\/noticias\/wp-json\/wp\/v2\/posts"}],"about":[{"href":"https:\/\/radiolifefm.com.br\/noticias\/wp-json\/wp\/v2\/types\/post"}],"author":[{"embeddable":true,"href":"https:\/\/radiolifefm.com.br\/noticias\/wp-json\/wp\/v2\/users\/13"}],"replies":[{"embeddable":true,"href":"https:\/\/radiolifefm.com.br\/noticias\/wp-json\/wp\/v2\/comments?post=70038"}],"version-history":[{"count":1,"href":"https:\/\/radiolifefm.com.br\/noticias\/wp-json\/wp\/v2\/posts\/70038\/revisions"}],"predecessor-version":[{"id":70039,"href":"https:\/\/radiolifefm.com.br\/noticias\/wp-json\/wp\/v2\/posts\/70038\/revisions\/70039"}],"wp:featuredmedia":[{"embeddable":true,"href":"https:\/\/radiolifefm.com.br\/noticias\/wp-json\/wp\/v2\/media\/51988"}],"wp:attachment":[{"href":"https:\/\/radiolifefm.com.br\/noticias\/wp-json\/wp\/v2\/media?parent=70038"}],"wp:term":[{"taxonomy":"category","embeddable":true,"href":"https:\/\/radiolifefm.com.br\/noticias\/wp-json\/wp\/v2\/categories?post=70038"},{"taxonomy":"post_tag","embeddable":true,"href":"https:\/\/radiolifefm.com.br\/noticias\/wp-json\/wp\/v2\/tags?post=70038"}],"curies":[{"name":"wp","href":"https:\/\/api.w.org\/{rel}","templated":true}]}}