{"id":69833,"date":"2023-05-10T08:16:00","date_gmt":"2023-05-10T11:16:00","guid":{"rendered":"https:\/\/radiolifefm.com.br\/noticias\/?p=69833"},"modified":"2026-04-09T22:03:39","modified_gmt":"2026-04-10T01:03:39","slug":"midia-regional-jornal-diario-do-oeste-o-adamantinense-de-sempre","status":"publish","type":"post","link":"https:\/\/radiolifefm.com.br\/noticias\/midia-regional-jornal-diario-do-oeste-o-adamantinense-de-sempre\/","title":{"rendered":"M\u00cdDIA REGIONAL: Jornal \u201cDI\u00c1RIO DO OESTE\u201d- \u201cO ADAMANTINENSE DE SEMPRE&#8230;\u201d"},"content":{"rendered":"<div id=\"fb-root\"><\/div>\n<p><em>\u00a0<\/em><\/p>\n<p><em>\u201c Tu \u00e9s o arquiteto do teu pr\u00f3prio destino. Trabalha, espera e ousa\u201d. (Wilcox)<\/em><\/p>\n<p><strong><em>Ao Lucas Ara\u00fajo, dedico!<\/em><\/strong><\/p>\n<p>&nbsp;<\/p>\n<p><strong><em>S\u00e9rgio Barbosa (*)<\/em><\/strong><\/p>\n<p>&nbsp;<\/p>\n<p>Os anos passam e as pessoas continuam, quase sempre, com a mesma sensa\u00e7\u00e3o frente \u00e0s mudan\u00e7as que ocorrem em suas vidas neste novo tempo, todavia, \u00e9 necess\u00e1rio estar, mais do que nunca, em conex\u00e3o com os acontecimentos em n\u00edvel glocal, ou seja, do global para o local&#8230;<\/p>\n<p>Desenvolver atividades na \u00e1rea local neste cen\u00e1rio conturbado pelas mensagens adversas ao meio, bem como, pelas turbul\u00eancias econ\u00f4micas dos \u00faltimos anos no \u201cPa\u00eds do faz de conta\u201d deixa algumas \u00e1reas em estado de alerta constante perante as incertezas do per\u00edodo&#8230;<\/p>\n<p>Por\u00e9m, um ve\u00edculo de comunica\u00e7\u00e3o impressa local, ou seja, de Adamantina, conta com mais de 6 d\u00e9cadas de atividades na comunidade local, desta forma, o jornal \u201cDi\u00e1rio do Oeste\u201d, tamb\u00e9m, saudado pelos \u201cantigos leitores\u201d como \u201cO Adamantinense\u201d, neste caso, \u201cde sempre\u201d, merece destaque como \u201cm\u00eddia impressa\u201d em tempo de p\u00f3s-globaliza\u00e7\u00e3o midi\u00e1tica&#8230;<\/p>\n<p>As propostas visando estar em conex\u00e3o com as mudan\u00e7as deste novo tempo novo, exigem desafios em todas as \u00e1reas afins aos objetivos da m\u00eddia impressa regional, desta forma, \u00e9 necess\u00e1rio estar em estado de alerta com a profissionaliza\u00e7\u00e3o do mercado organizacional&#8230;<\/p>\n<p>Manter um ve\u00edculo de comunica\u00e7\u00e3o com uma proposta di\u00e1ria significa apostar em sua credibilidade junto \u00e0 comunidade local, bem como, buscar um novo espa\u00e7o fora deste contexto, neste caso, deve-se estar em sintonia com as novas exig\u00eancias que chegam com o \u00a0avan\u00e7o da tecnologia por meio das denominadas Plataformas digitais&#8230;<\/p>\n<p>O jornal \u201cDi\u00e1rio do Oeste\u201d tem procurado, de acordo com a sua proposta editorial, manter um di\u00e1logo di\u00e1rio com os adamantinenses, trazendo em suas p\u00e1ginas, diversas informa\u00e7\u00f5es em \u00e1reas espec\u00edficas, priorizando, por\u00e9m, o local como fonte para os leitores em busca da not\u00edcia e ponto quase final&#8230;<\/p>\n<p>Al\u00e9m desta proposta, o jornal em pauta, disp\u00f5e do seu parque gr\u00e1fico para a impress\u00e3o do mesmo, ainda, disponibilizando a estrutura funcional para a operacionaliza\u00e7\u00e3o de impress\u00e3o de outros jornais, revistas, folhetos etc&#8230;<\/p>\n<p>A estrutura funcional do jornal \u201cDi\u00e1rio do Oeste\u201d atende, de certa forma, a proposta editorial do ve\u00edculo, ainda, como \u201cm\u00eddia impressa\u201d, tamb\u00e9m, apresentando aos leitores diversas possibilidades por meio da \u201cinforma\u00e7\u00e3o\u201d nos quesitos relacionados com a proposta dos g\u00eaneros jornal\u00edsticos&#8230;<\/p>\n<p>A efetiva\u00e7\u00e3o da proposta por meio da veicula\u00e7\u00e3o de um \u201cEditorial\u201d em suas p\u00e1ginas, isso vem ocorrendo faz alguns anos, proporciona ao \u201cjornal\u201d um outro n\u00edvel, ou seja, ser reconhecido no mercado editorial como \u201copinativo\u201d, portanto, pode-se afirmar que a comunidade adamantinense em uma perspectiva regional, proporciona aos leitores e leitoras uma op\u00e7\u00e3o al\u00e9m do denominado \u201csenso comum\u201d&#8230;<\/p>\n<p>Por\u00e9m, tempo ao tempo para o jornal \u201cDi\u00e1rio do Oeste\u201d, todavia, as experi\u00eancias nestas cinco d\u00e9cadas devem marcar presen\u00e7a por meio das media\u00e7\u00f5es editoriais que est\u00e3o conectadas com os novos sistemas patrocinados pelas Redes Sociais e suas plataformas digitais que est\u00e3o al\u00e9m da p\u00f3s-globaliza\u00e7\u00e3o midi\u00e1tica&#8230;<\/p>\n<p>AVE Jornal DI\u00c1RIO DO OESTE!<\/p>\n<p>\u201cO Adamantinense de sempre\u201d!<\/p>\n<p>&nbsp;<\/p>\n<p>&nbsp;<\/p>\n<p><strong><em>__________________________________________________<\/em><\/strong><\/p>\n<p><strong><em>(*) Bacharel em Comunica\u00e7\u00e3o Social pelo IMS- Instituto Metodista de Ensino Superior (1.983); Jornalista Diplomado (1.986); Mestre em Ci\u00eancias da Religi\u00e3o\/Sociologia da Religi\u00e3o pela UMESP- Universidade Metodista de S\u00e3o Paulo (1.997) e Pesquisador da C\u00e1tedra UNESCO\/UMESP de Comunica\u00e7\u00e3o para o Desenvolvimento Regional.<\/em><\/strong><\/p>\n<p><strong><em>E-mail: <a href=\"mailto:barbosa.sebar@gmail.com\">barbosa.sebar@gmail.com<\/a><\/em><\/strong><\/p>\n","protected":false},"excerpt":{"rendered":"<p>\u00a0 \u201c Tu \u00e9s o arquiteto do teu pr\u00f3prio destino. Trabalha, espera e ousa\u201d. (Wilcox) Ao Lucas Ara\u00fajo, dedico! &nbsp; S\u00e9rgio Barbosa (*) &nbsp; Os anos passam e as pessoas continuam, quase sempre, com a mesma sensa\u00e7\u00e3o frente \u00e0s mudan\u00e7as que ocorrem em suas vidas neste novo tempo, todavia, \u00e9 necess\u00e1rio estar, mais do que [&hellip;]<\/p>\n","protected":false},"author":13,"featured_media":51988,"comment_status":"closed","ping_status":"open","sticky":false,"template":"","format":"standard","meta":{"_acf_changed":false,"_exactmetrics_skip_tracking":false,"_exactmetrics_sitenote_active":false,"_exactmetrics_sitenote_note":"","_exactmetrics_sitenote_category":0,"footnotes":""},"categories":[59],"tags":[],"class_list":["post-69833","post","type-post","status-publish","format-standard","has-post-thumbnail","hentry","category-opiniao"],"acf":[],"yoast_head":"<!-- This site is optimized with the Yoast SEO plugin v27.2 - https:\/\/yoast.com\/product\/yoast-seo-wordpress\/ -->\n<title>M\u00cdDIA REGIONAL: Jornal \u201cDI\u00c1RIO DO OESTE\u201d- \u201cO ADAMANTINENSE DE SEMPRE...\u201d - R\u00e1dio Life FM<\/title>\n<meta name=\"robots\" content=\"index, follow, max-snippet:-1, max-image-preview:large, max-video-preview:-1\" \/>\n<link rel=\"canonical\" href=\"https:\/\/radiolifefm.com.br\/noticias\/midia-regional-jornal-diario-do-oeste-o-adamantinense-de-sempre\/\" \/>\n<meta property=\"og:locale\" content=\"pt_BR\" \/>\n<meta property=\"og:type\" content=\"article\" \/>\n<meta property=\"og:title\" content=\"M\u00cdDIA REGIONAL: Jornal \u201cDI\u00c1RIO DO OESTE\u201d- \u201cO ADAMANTINENSE DE SEMPRE...\u201d - R\u00e1dio Life FM\" \/>\n<meta property=\"og:description\" content=\"\u00a0 \u201c Tu \u00e9s o arquiteto do teu pr\u00f3prio destino. Trabalha, espera e ousa\u201d. (Wilcox) Ao Lucas Ara\u00fajo, dedico! &nbsp; S\u00e9rgio Barbosa (*) &nbsp; Os anos passam e as pessoas continuam, quase sempre, com a mesma sensa\u00e7\u00e3o frente \u00e0s mudan\u00e7as que ocorrem em suas vidas neste novo tempo, todavia, \u00e9 necess\u00e1rio estar, mais do que [&hellip;]\" \/>\n<meta property=\"og:url\" content=\"https:\/\/radiolifefm.com.br\/noticias\/midia-regional-jornal-diario-do-oeste-o-adamantinense-de-sempre\/\" \/>\n<meta property=\"og:site_name\" content=\"R\u00e1dio Life FM\" \/>\n<meta property=\"article:publisher\" content=\"https:\/\/www.facebook.com\/radiolifefm\/\" \/>\n<meta property=\"article:published_time\" content=\"2023-05-10T11:16:00+00:00\" \/>\n<meta property=\"article:modified_time\" content=\"2026-04-10T01:03:39+00:00\" \/>\n<meta property=\"og:image\" content=\"https:\/\/radiolifefm.com.br\/noticias\/wp-content\/uploads\/2022\/04\/WhatsApp-Image-2022-04-10-at-18.43.02.jpeg\" \/>\n\t<meta property=\"og:image:width\" content=\"972\" \/>\n\t<meta property=\"og:image:height\" content=\"1296\" \/>\n\t<meta property=\"og:image:type\" content=\"image\/jpeg\" \/>\n<meta name=\"author\" content=\"ritanery\" \/>\n<meta name=\"twitter:card\" content=\"summary_large_image\" \/>\n<meta name=\"twitter:label1\" content=\"Escrito por\" \/>\n\t<meta name=\"twitter:data1\" content=\"ritanery\" \/>\n\t<meta name=\"twitter:label2\" content=\"Est. tempo de leitura\" \/>\n\t<meta name=\"twitter:data2\" content=\"3 minutos\" \/>\n<script type=\"application\/ld+json\" class=\"yoast-schema-graph\">{\"@context\":\"https:\/\/schema.org\",\"@graph\":[{\"@type\":\"Article\",\"@id\":\"https:\/\/radiolifefm.com.br\/noticias\/midia-regional-jornal-diario-do-oeste-o-adamantinense-de-sempre\/#article\",\"isPartOf\":{\"@id\":\"https:\/\/radiolifefm.com.br\/noticias\/midia-regional-jornal-diario-do-oeste-o-adamantinense-de-sempre\/\"},\"author\":{\"name\":\"ritanery\",\"@id\":\"https:\/\/radiolifefm.com.br\/noticias\/#\/schema\/person\/6339b9fac59d12b071dec680d7375d87\"},\"headline\":\"M\u00cdDIA REGIONAL: Jornal \u201cDI\u00c1RIO DO OESTE\u201d- \u201cO ADAMANTINENSE DE SEMPRE&#8230;\u201d\",\"datePublished\":\"2023-05-10T11:16:00+00:00\",\"dateModified\":\"2026-04-10T01:03:39+00:00\",\"mainEntityOfPage\":{\"@id\":\"https:\/\/radiolifefm.com.br\/noticias\/midia-regional-jornal-diario-do-oeste-o-adamantinense-de-sempre\/\"},\"wordCount\":619,\"publisher\":{\"@id\":\"https:\/\/radiolifefm.com.br\/noticias\/#organization\"},\"image\":{\"@id\":\"https:\/\/radiolifefm.com.br\/noticias\/midia-regional-jornal-diario-do-oeste-o-adamantinense-de-sempre\/#primaryimage\"},\"thumbnailUrl\":\"https:\/\/radiolifefm.com.br\/noticias\/wp-content\/uploads\/2022\/04\/WhatsApp-Image-2022-04-10-at-18.43.02.jpeg\",\"articleSection\":[\"Opini\u00e3o\"],\"inLanguage\":\"pt-BR\"},{\"@type\":\"WebPage\",\"@id\":\"https:\/\/radiolifefm.com.br\/noticias\/midia-regional-jornal-diario-do-oeste-o-adamantinense-de-sempre\/\",\"url\":\"https:\/\/radiolifefm.com.br\/noticias\/midia-regional-jornal-diario-do-oeste-o-adamantinense-de-sempre\/\",\"name\":\"M\u00cdDIA REGIONAL: Jornal \u201cDI\u00c1RIO DO OESTE\u201d- \u201cO ADAMANTINENSE DE SEMPRE...\u201d - R\u00e1dio Life FM\",\"isPartOf\":{\"@id\":\"https:\/\/radiolifefm.com.br\/noticias\/#website\"},\"primaryImageOfPage\":{\"@id\":\"https:\/\/radiolifefm.com.br\/noticias\/midia-regional-jornal-diario-do-oeste-o-adamantinense-de-sempre\/#primaryimage\"},\"image\":{\"@id\":\"https:\/\/radiolifefm.com.br\/noticias\/midia-regional-jornal-diario-do-oeste-o-adamantinense-de-sempre\/#primaryimage\"},\"thumbnailUrl\":\"https:\/\/radiolifefm.com.br\/noticias\/wp-content\/uploads\/2022\/04\/WhatsApp-Image-2022-04-10-at-18.43.02.jpeg\",\"datePublished\":\"2023-05-10T11:16:00+00:00\",\"dateModified\":\"2026-04-10T01:03:39+00:00\",\"breadcrumb\":{\"@id\":\"https:\/\/radiolifefm.com.br\/noticias\/midia-regional-jornal-diario-do-oeste-o-adamantinense-de-sempre\/#breadcrumb\"},\"inLanguage\":\"pt-BR\",\"potentialAction\":[{\"@type\":\"ReadAction\",\"target\":[\"https:\/\/radiolifefm.com.br\/noticias\/midia-regional-jornal-diario-do-oeste-o-adamantinense-de-sempre\/\"]}]},{\"@type\":\"ImageObject\",\"inLanguage\":\"pt-BR\",\"@id\":\"https:\/\/radiolifefm.com.br\/noticias\/midia-regional-jornal-diario-do-oeste-o-adamantinense-de-sempre\/#primaryimage\",\"url\":\"https:\/\/radiolifefm.com.br\/noticias\/wp-content\/uploads\/2022\/04\/WhatsApp-Image-2022-04-10-at-18.43.02.jpeg\",\"contentUrl\":\"https:\/\/radiolifefm.com.br\/noticias\/wp-content\/uploads\/2022\/04\/WhatsApp-Image-2022-04-10-at-18.43.02.jpeg\",\"width\":972,\"height\":1296,\"caption\":\"S\u00e9rgio Barbosa\"},{\"@type\":\"BreadcrumbList\",\"@id\":\"https:\/\/radiolifefm.com.br\/noticias\/midia-regional-jornal-diario-do-oeste-o-adamantinense-de-sempre\/#breadcrumb\",\"itemListElement\":[{\"@type\":\"ListItem\",\"position\":1,\"name\":\"In\u00edcio\",\"item\":\"https:\/\/radiolifefm.com.br\/noticias\/\"},{\"@type\":\"ListItem\",\"position\":2,\"name\":\"M\u00cdDIA REGIONAL: Jornal \u201cDI\u00c1RIO DO OESTE\u201d- \u201cO ADAMANTINENSE DE SEMPRE&#8230;\u201d\"}]},{\"@type\":\"WebSite\",\"@id\":\"https:\/\/radiolifefm.com.br\/noticias\/#website\",\"url\":\"https:\/\/radiolifefm.com.br\/noticias\/\",\"name\":\"R\u00e1dio Life FM\",\"description\":\"O Portal de Not\u00edcias de Adamantina\",\"publisher\":{\"@id\":\"https:\/\/radiolifefm.com.br\/noticias\/#organization\"},\"alternateName\":\"Life FM\",\"potentialAction\":[{\"@type\":\"SearchAction\",\"target\":{\"@type\":\"EntryPoint\",\"urlTemplate\":\"https:\/\/radiolifefm.com.br\/noticias\/?s={search_term_string}\"},\"query-input\":{\"@type\":\"PropertyValueSpecification\",\"valueRequired\":true,\"valueName\":\"search_term_string\"}}],\"inLanguage\":\"pt-BR\"},{\"@type\":\"Organization\",\"@id\":\"https:\/\/radiolifefm.com.br\/noticias\/#organization\",\"name\":\"R\u00e1dio Life FM\",\"alternateName\":\"Life FM\",\"url\":\"https:\/\/radiolifefm.com.br\/noticias\/\",\"logo\":{\"@type\":\"ImageObject\",\"inLanguage\":\"pt-BR\",\"@id\":\"https:\/\/radiolifefm.com.br\/noticias\/#\/schema\/logo\/image\/\",\"url\":\"https:\/\/static.radiolifefm.com.br\/noticias\/wp-content\/uploads\/2019\/10\/logo-lifefm.png\",\"contentUrl\":\"https:\/\/static.radiolifefm.com.br\/noticias\/wp-content\/uploads\/2019\/10\/logo-lifefm.png\",\"width\":196,\"height\":47,\"caption\":\"R\u00e1dio Life FM\"},\"image\":{\"@id\":\"https:\/\/radiolifefm.com.br\/noticias\/#\/schema\/logo\/image\/\"},\"sameAs\":[\"https:\/\/www.facebook.com\/radiolifefm\/\",\"https:\/\/www.instagram.com\/life1079fm\/\"]},{\"@type\":\"Person\",\"@id\":\"https:\/\/radiolifefm.com.br\/noticias\/#\/schema\/person\/6339b9fac59d12b071dec680d7375d87\",\"name\":\"ritanery\",\"image\":{\"@type\":\"ImageObject\",\"inLanguage\":\"pt-BR\",\"@id\":\"https:\/\/secure.gravatar.com\/avatar\/0e37bb19071f47c0b8a23f62a903df117c5a0e75f65a0c2901562f97cd41cf86?s=96&d=mm&r=g\",\"url\":\"https:\/\/secure.gravatar.com\/avatar\/0e37bb19071f47c0b8a23f62a903df117c5a0e75f65a0c2901562f97cd41cf86?s=96&d=mm&r=g\",\"contentUrl\":\"https:\/\/secure.gravatar.com\/avatar\/0e37bb19071f47c0b8a23f62a903df117c5a0e75f65a0c2901562f97cd41cf86?s=96&d=mm&r=g\",\"caption\":\"ritanery\"}}]}<\/script>\n<!-- \/ Yoast SEO plugin. -->","yoast_head_json":{"title":"M\u00cdDIA REGIONAL: Jornal \u201cDI\u00c1RIO DO OESTE\u201d- \u201cO ADAMANTINENSE DE SEMPRE...\u201d - R\u00e1dio Life FM","robots":{"index":"index","follow":"follow","max-snippet":"max-snippet:-1","max-image-preview":"max-image-preview:large","max-video-preview":"max-video-preview:-1"},"canonical":"https:\/\/radiolifefm.com.br\/noticias\/midia-regional-jornal-diario-do-oeste-o-adamantinense-de-sempre\/","og_locale":"pt_BR","og_type":"article","og_title":"M\u00cdDIA REGIONAL: Jornal \u201cDI\u00c1RIO DO OESTE\u201d- \u201cO ADAMANTINENSE DE SEMPRE...\u201d - R\u00e1dio Life FM","og_description":"\u00a0 \u201c Tu \u00e9s o arquiteto do teu pr\u00f3prio destino. Trabalha, espera e ousa\u201d. (Wilcox) Ao Lucas Ara\u00fajo, dedico! &nbsp; S\u00e9rgio Barbosa (*) &nbsp; Os anos passam e as pessoas continuam, quase sempre, com a mesma sensa\u00e7\u00e3o frente \u00e0s mudan\u00e7as que ocorrem em suas vidas neste novo tempo, todavia, \u00e9 necess\u00e1rio estar, mais do que [&hellip;]","og_url":"https:\/\/radiolifefm.com.br\/noticias\/midia-regional-jornal-diario-do-oeste-o-adamantinense-de-sempre\/","og_site_name":"R\u00e1dio Life FM","article_publisher":"https:\/\/www.facebook.com\/radiolifefm\/","article_published_time":"2023-05-10T11:16:00+00:00","article_modified_time":"2026-04-10T01:03:39+00:00","og_image":[{"width":972,"height":1296,"url":"https:\/\/radiolifefm.com.br\/noticias\/wp-content\/uploads\/2022\/04\/WhatsApp-Image-2022-04-10-at-18.43.02.jpeg","type":"image\/jpeg"}],"author":"ritanery","twitter_card":"summary_large_image","twitter_misc":{"Escrito por":"ritanery","Est. tempo de leitura":"3 minutos"},"schema":{"@context":"https:\/\/schema.org","@graph":[{"@type":"Article","@id":"https:\/\/radiolifefm.com.br\/noticias\/midia-regional-jornal-diario-do-oeste-o-adamantinense-de-sempre\/#article","isPartOf":{"@id":"https:\/\/radiolifefm.com.br\/noticias\/midia-regional-jornal-diario-do-oeste-o-adamantinense-de-sempre\/"},"author":{"name":"ritanery","@id":"https:\/\/radiolifefm.com.br\/noticias\/#\/schema\/person\/6339b9fac59d12b071dec680d7375d87"},"headline":"M\u00cdDIA REGIONAL: Jornal \u201cDI\u00c1RIO DO OESTE\u201d- \u201cO ADAMANTINENSE DE SEMPRE&#8230;\u201d","datePublished":"2023-05-10T11:16:00+00:00","dateModified":"2026-04-10T01:03:39+00:00","mainEntityOfPage":{"@id":"https:\/\/radiolifefm.com.br\/noticias\/midia-regional-jornal-diario-do-oeste-o-adamantinense-de-sempre\/"},"wordCount":619,"publisher":{"@id":"https:\/\/radiolifefm.com.br\/noticias\/#organization"},"image":{"@id":"https:\/\/radiolifefm.com.br\/noticias\/midia-regional-jornal-diario-do-oeste-o-adamantinense-de-sempre\/#primaryimage"},"thumbnailUrl":"https:\/\/radiolifefm.com.br\/noticias\/wp-content\/uploads\/2022\/04\/WhatsApp-Image-2022-04-10-at-18.43.02.jpeg","articleSection":["Opini\u00e3o"],"inLanguage":"pt-BR"},{"@type":"WebPage","@id":"https:\/\/radiolifefm.com.br\/noticias\/midia-regional-jornal-diario-do-oeste-o-adamantinense-de-sempre\/","url":"https:\/\/radiolifefm.com.br\/noticias\/midia-regional-jornal-diario-do-oeste-o-adamantinense-de-sempre\/","name":"M\u00cdDIA REGIONAL: Jornal \u201cDI\u00c1RIO DO OESTE\u201d- \u201cO ADAMANTINENSE DE SEMPRE...\u201d - R\u00e1dio Life FM","isPartOf":{"@id":"https:\/\/radiolifefm.com.br\/noticias\/#website"},"primaryImageOfPage":{"@id":"https:\/\/radiolifefm.com.br\/noticias\/midia-regional-jornal-diario-do-oeste-o-adamantinense-de-sempre\/#primaryimage"},"image":{"@id":"https:\/\/radiolifefm.com.br\/noticias\/midia-regional-jornal-diario-do-oeste-o-adamantinense-de-sempre\/#primaryimage"},"thumbnailUrl":"https:\/\/radiolifefm.com.br\/noticias\/wp-content\/uploads\/2022\/04\/WhatsApp-Image-2022-04-10-at-18.43.02.jpeg","datePublished":"2023-05-10T11:16:00+00:00","dateModified":"2026-04-10T01:03:39+00:00","breadcrumb":{"@id":"https:\/\/radiolifefm.com.br\/noticias\/midia-regional-jornal-diario-do-oeste-o-adamantinense-de-sempre\/#breadcrumb"},"inLanguage":"pt-BR","potentialAction":[{"@type":"ReadAction","target":["https:\/\/radiolifefm.com.br\/noticias\/midia-regional-jornal-diario-do-oeste-o-adamantinense-de-sempre\/"]}]},{"@type":"ImageObject","inLanguage":"pt-BR","@id":"https:\/\/radiolifefm.com.br\/noticias\/midia-regional-jornal-diario-do-oeste-o-adamantinense-de-sempre\/#primaryimage","url":"https:\/\/radiolifefm.com.br\/noticias\/wp-content\/uploads\/2022\/04\/WhatsApp-Image-2022-04-10-at-18.43.02.jpeg","contentUrl":"https:\/\/radiolifefm.com.br\/noticias\/wp-content\/uploads\/2022\/04\/WhatsApp-Image-2022-04-10-at-18.43.02.jpeg","width":972,"height":1296,"caption":"S\u00e9rgio Barbosa"},{"@type":"BreadcrumbList","@id":"https:\/\/radiolifefm.com.br\/noticias\/midia-regional-jornal-diario-do-oeste-o-adamantinense-de-sempre\/#breadcrumb","itemListElement":[{"@type":"ListItem","position":1,"name":"In\u00edcio","item":"https:\/\/radiolifefm.com.br\/noticias\/"},{"@type":"ListItem","position":2,"name":"M\u00cdDIA REGIONAL: Jornal \u201cDI\u00c1RIO DO OESTE\u201d- \u201cO ADAMANTINENSE DE SEMPRE&#8230;\u201d"}]},{"@type":"WebSite","@id":"https:\/\/radiolifefm.com.br\/noticias\/#website","url":"https:\/\/radiolifefm.com.br\/noticias\/","name":"R\u00e1dio Life FM","description":"O Portal de Not\u00edcias de Adamantina","publisher":{"@id":"https:\/\/radiolifefm.com.br\/noticias\/#organization"},"alternateName":"Life FM","potentialAction":[{"@type":"SearchAction","target":{"@type":"EntryPoint","urlTemplate":"https:\/\/radiolifefm.com.br\/noticias\/?s={search_term_string}"},"query-input":{"@type":"PropertyValueSpecification","valueRequired":true,"valueName":"search_term_string"}}],"inLanguage":"pt-BR"},{"@type":"Organization","@id":"https:\/\/radiolifefm.com.br\/noticias\/#organization","name":"R\u00e1dio Life FM","alternateName":"Life FM","url":"https:\/\/radiolifefm.com.br\/noticias\/","logo":{"@type":"ImageObject","inLanguage":"pt-BR","@id":"https:\/\/radiolifefm.com.br\/noticias\/#\/schema\/logo\/image\/","url":"https:\/\/static.radiolifefm.com.br\/noticias\/wp-content\/uploads\/2019\/10\/logo-lifefm.png","contentUrl":"https:\/\/static.radiolifefm.com.br\/noticias\/wp-content\/uploads\/2019\/10\/logo-lifefm.png","width":196,"height":47,"caption":"R\u00e1dio Life FM"},"image":{"@id":"https:\/\/radiolifefm.com.br\/noticias\/#\/schema\/logo\/image\/"},"sameAs":["https:\/\/www.facebook.com\/radiolifefm\/","https:\/\/www.instagram.com\/life1079fm\/"]},{"@type":"Person","@id":"https:\/\/radiolifefm.com.br\/noticias\/#\/schema\/person\/6339b9fac59d12b071dec680d7375d87","name":"ritanery","image":{"@type":"ImageObject","inLanguage":"pt-BR","@id":"https:\/\/secure.gravatar.com\/avatar\/0e37bb19071f47c0b8a23f62a903df117c5a0e75f65a0c2901562f97cd41cf86?s=96&d=mm&r=g","url":"https:\/\/secure.gravatar.com\/avatar\/0e37bb19071f47c0b8a23f62a903df117c5a0e75f65a0c2901562f97cd41cf86?s=96&d=mm&r=g","contentUrl":"https:\/\/secure.gravatar.com\/avatar\/0e37bb19071f47c0b8a23f62a903df117c5a0e75f65a0c2901562f97cd41cf86?s=96&d=mm&r=g","caption":"ritanery"}}]}},"amp_enabled":true,"_links":{"self":[{"href":"https:\/\/radiolifefm.com.br\/noticias\/wp-json\/wp\/v2\/posts\/69833","targetHints":{"allow":["GET"]}}],"collection":[{"href":"https:\/\/radiolifefm.com.br\/noticias\/wp-json\/wp\/v2\/posts"}],"about":[{"href":"https:\/\/radiolifefm.com.br\/noticias\/wp-json\/wp\/v2\/types\/post"}],"author":[{"embeddable":true,"href":"https:\/\/radiolifefm.com.br\/noticias\/wp-json\/wp\/v2\/users\/13"}],"replies":[{"embeddable":true,"href":"https:\/\/radiolifefm.com.br\/noticias\/wp-json\/wp\/v2\/comments?post=69833"}],"version-history":[{"count":1,"href":"https:\/\/radiolifefm.com.br\/noticias\/wp-json\/wp\/v2\/posts\/69833\/revisions"}],"predecessor-version":[{"id":69834,"href":"https:\/\/radiolifefm.com.br\/noticias\/wp-json\/wp\/v2\/posts\/69833\/revisions\/69834"}],"wp:featuredmedia":[{"embeddable":true,"href":"https:\/\/radiolifefm.com.br\/noticias\/wp-json\/wp\/v2\/media\/51988"}],"wp:attachment":[{"href":"https:\/\/radiolifefm.com.br\/noticias\/wp-json\/wp\/v2\/media?parent=69833"}],"wp:term":[{"taxonomy":"category","embeddable":true,"href":"https:\/\/radiolifefm.com.br\/noticias\/wp-json\/wp\/v2\/categories?post=69833"},{"taxonomy":"post_tag","embeddable":true,"href":"https:\/\/radiolifefm.com.br\/noticias\/wp-json\/wp\/v2\/tags?post=69833"}],"curies":[{"name":"wp","href":"https:\/\/api.w.org\/{rel}","templated":true}]}}