{"id":69689,"date":"2023-05-08T08:01:18","date_gmt":"2023-05-08T11:01:18","guid":{"rendered":"https:\/\/radiolifefm.com.br\/noticias\/?p=69689"},"modified":"2026-03-28T10:34:28","modified_gmt":"2026-03-28T13:34:28","slug":"provincia-do-faz-de-conta-e-aloprados-as","status":"publish","type":"post","link":"https:\/\/radiolifefm.com.br\/noticias\/provincia-do-faz-de-conta-e-aloprados-as\/","title":{"rendered":"Prov\u00edncia do faz de conta e ALOPRADOS\/AS&#8230;"},"content":{"rendered":"<div id=\"fb-root\"><\/div>\n<p>&nbsp;<\/p>\n<p><strong><em>\u00a0\u201c\u00c9 melhor calar-se e deixar que as pessoas pensem que voc\u00ea \u00e9 um idiota do que falar e acabar com a d\u00favida.\u201d (<\/em><\/strong><a href=\"https:\/\/www.pensador.com\/autor\/maurice_switzer\/\"><strong><em>Maurice Switzer<\/em><\/strong><\/a><strong><em>)<\/em><\/strong><\/p>\n<p><strong>\u00a0<\/strong><\/p>\n<p><strong>S\u00e9rgio Barbosa (*)<\/strong><\/p>\n<p>Isso mesmo caro leitor ou leitora, tudo indica que a tal GEST\u00c3O do PIN\u00d3QUIO PROVINCIANO continua mais firma do que nunca com os\/as ALOPRADOS\/AS de sempre em todas as \u00e1reas, uns mais e outros menos, por\u00e9m, como diz o dito popular, TODOS\/AS FARINHA DO MESMO SACO&#8230;<\/p>\n<p>Portanto, al\u00e9m da EPIDEMIA DA DENGUE nos quatro cantos PROVINCIANOS, existem outros desencontros, ainda, pendentes das PROMESSAS DE CAMPANHA e assim por diante&#8230;<\/p>\n<p>Por isso e mais aquilo, a COMUNIDADE PROVINCIANA deve estar atenta aos DESMANDOS deste PIN\u00d3QUIO que acredita estar sempre acima de TUDO e de TODO\/AS&#8230;<\/p>\n<p>Por\u00e9m, o TEMPO continua sendo, como afirmou o pensador, O SENHOR DA RAZ\u00c3O, se bem que a maioria deste lado VOTOU no GENOCIDA, ou seja, aquele que foi RESPONS\u00c1VEL com sua CAMBADA DE MED\u00cdORES pela morte de mais de 700 MIL pessoas de todas as idades no per\u00edodo da PANDEMIA&#8230;<\/p>\n<p>Desta forma, trata-se de uma PROV\u00cdNCIA DO FAZ DE CONTA com MENTES MED\u00cdOCRES, tendo em vista que os votos que o COISO recebeu por aqui nas \u00faltimas elei\u00e7\u00f5es realizadas e ponto quase final&#8230;<\/p>\n<p>Al\u00e9m do mais em meio ao tudo de menos, CADA PROV\u00cdNCIA tem o governo que merece, ainda, de um jeito ou de outro, assim, n\u00e3o se pode esperar muito quanto as REA\u00c7\u00d5ES CONTR\u00c1RIAS aos desmandos do PIN\u00d3QUIO PROVINCIANO&#8230;<\/p>\n<p>E tem mais, pelo visto e n\u00e3o visto, depende sempre de que lado VOC\u00ca est\u00e1 neste momento, TODO CUIDADO \u00c9 POUCO com os famigerados FAKE NEWS que circulam deste e do outro lado, todavia, espera-se que o contato, a saber: <a href=\"mailto:denuncia@mj.gov.br\">denuncia@mj.gov.br<\/a> continue recebendo mais e mais den\u00fancias dos PATRIOT\u00c1RIOS\/AS PROVINCIANOS\/AS&#8230;<\/p>\n<p>Tamb\u00e9m, n\u00e3o se pode deixar de lado aquela eterna frase, ou seja, PERDERAM MAN\u00c9S!<\/p>\n<p>Ah! Ainda, pra PIORAR MAIS E MAIS, tem este GOVERNO ESTADUAL com sua turma de ALOPRADOS\/AS em nome dos interesses de sempre, haja vista que os PAULISTAS deste interior com seu FALSO CONSERVADORISMO e MORALISMO MED\u00cdOCRE, votaram e escolheram aquele que esteve do lado do GENOCIDA&#8230;<\/p>\n<p>O cen\u00e1rio atual continua mais complicado do que nunca para todos\/as aqueles que est\u00e3o em conex\u00e3o com a REFLEX\u00c3O CR\u00cdTICA, por\u00e9m, trata-se da MINORIA que tenta sobreviver nesta PROV\u00cdNCIA DO FAZ DE CONTA&#8230;<\/p>\n<p>Pra finalizar o que n\u00e3o tem como FECHAR, ainda, tem aquela turma de IDIOT\u00c1RIOS\/AS PROVINCIANOS\/AS da DIREITA VOLVER&#8230;<\/p>\n<p>QUEM SOBREVIVER VAI SABER&#8230;<\/p>\n<p><strong>____________________________<\/strong><\/p>\n<p><strong>(*) jornalista diplomado.<\/strong><\/p>\n<p><strong>e-mail: <\/strong><a href=\"mailto:barbosa.sebar@gmail.com\"><strong>barbosa.sebar@gmail.com<\/strong><\/a><\/p>\n<p>&nbsp;<\/p>\n","protected":false},"excerpt":{"rendered":"<p>&nbsp; \u00a0\u201c\u00c9 melhor calar-se e deixar que as pessoas pensem que voc\u00ea \u00e9 um idiota do que falar e acabar com a d\u00favida.\u201d (Maurice Switzer) \u00a0 S\u00e9rgio Barbosa (*) Isso mesmo caro leitor ou leitora, tudo indica que a tal GEST\u00c3O do PIN\u00d3QUIO PROVINCIANO continua mais firma do que nunca com os\/as ALOPRADOS\/AS de sempre [&hellip;]<\/p>\n","protected":false},"author":13,"featured_media":51988,"comment_status":"closed","ping_status":"open","sticky":false,"template":"","format":"standard","meta":{"_acf_changed":false,"_exactmetrics_skip_tracking":false,"_exactmetrics_sitenote_active":false,"_exactmetrics_sitenote_note":"","_exactmetrics_sitenote_category":0,"footnotes":""},"categories":[59],"tags":[],"class_list":["post-69689","post","type-post","status-publish","format-standard","has-post-thumbnail","hentry","category-opiniao"],"acf":[],"yoast_head":"<!-- This site is optimized with the Yoast SEO plugin v27.2 - https:\/\/yoast.com\/product\/yoast-seo-wordpress\/ -->\n<title>Prov\u00edncia do faz de conta e ALOPRADOS\/AS... - R\u00e1dio Life FM<\/title>\n<meta name=\"robots\" content=\"index, follow, max-snippet:-1, max-image-preview:large, max-video-preview:-1\" \/>\n<link rel=\"canonical\" href=\"https:\/\/radiolifefm.com.br\/noticias\/provincia-do-faz-de-conta-e-aloprados-as\/\" \/>\n<meta property=\"og:locale\" content=\"pt_BR\" \/>\n<meta property=\"og:type\" content=\"article\" \/>\n<meta property=\"og:title\" content=\"Prov\u00edncia do faz de conta e ALOPRADOS\/AS... - R\u00e1dio Life FM\" \/>\n<meta property=\"og:description\" content=\"&nbsp; \u00a0\u201c\u00c9 melhor calar-se e deixar que as pessoas pensem que voc\u00ea \u00e9 um idiota do que falar e acabar com a d\u00favida.\u201d (Maurice Switzer) \u00a0 S\u00e9rgio Barbosa (*) Isso mesmo caro leitor ou leitora, tudo indica que a tal GEST\u00c3O do PIN\u00d3QUIO PROVINCIANO continua mais firma do que nunca com os\/as ALOPRADOS\/AS de sempre [&hellip;]\" \/>\n<meta property=\"og:url\" content=\"https:\/\/radiolifefm.com.br\/noticias\/provincia-do-faz-de-conta-e-aloprados-as\/\" \/>\n<meta property=\"og:site_name\" content=\"R\u00e1dio Life FM\" \/>\n<meta property=\"article:publisher\" content=\"https:\/\/www.facebook.com\/radiolifefm\/\" \/>\n<meta property=\"article:published_time\" content=\"2023-05-08T11:01:18+00:00\" \/>\n<meta property=\"article:modified_time\" content=\"2026-03-28T13:34:28+00:00\" \/>\n<meta property=\"og:image\" content=\"https:\/\/radiolifefm.com.br\/noticias\/wp-content\/uploads\/2022\/04\/WhatsApp-Image-2022-04-10-at-18.43.02.jpeg\" \/>\n\t<meta property=\"og:image:width\" content=\"972\" \/>\n\t<meta property=\"og:image:height\" content=\"1296\" \/>\n\t<meta property=\"og:image:type\" content=\"image\/jpeg\" \/>\n<meta name=\"author\" content=\"ritanery\" \/>\n<meta name=\"twitter:card\" content=\"summary_large_image\" \/>\n<meta name=\"twitter:label1\" content=\"Escrito por\" \/>\n\t<meta name=\"twitter:data1\" content=\"ritanery\" \/>\n\t<meta name=\"twitter:label2\" content=\"Est. tempo de leitura\" \/>\n\t<meta name=\"twitter:data2\" content=\"3 minutos\" \/>\n<script type=\"application\/ld+json\" class=\"yoast-schema-graph\">{\"@context\":\"https:\/\/schema.org\",\"@graph\":[{\"@type\":\"Article\",\"@id\":\"https:\/\/radiolifefm.com.br\/noticias\/provincia-do-faz-de-conta-e-aloprados-as\/#article\",\"isPartOf\":{\"@id\":\"https:\/\/radiolifefm.com.br\/noticias\/provincia-do-faz-de-conta-e-aloprados-as\/\"},\"author\":{\"name\":\"ritanery\",\"@id\":\"https:\/\/radiolifefm.com.br\/noticias\/#\/schema\/person\/6339b9fac59d12b071dec680d7375d87\"},\"headline\":\"Prov\u00edncia do faz de conta e ALOPRADOS\/AS&#8230;\",\"datePublished\":\"2023-05-08T11:01:18+00:00\",\"dateModified\":\"2026-03-28T13:34:28+00:00\",\"mainEntityOfPage\":{\"@id\":\"https:\/\/radiolifefm.com.br\/noticias\/provincia-do-faz-de-conta-e-aloprados-as\/\"},\"wordCount\":470,\"publisher\":{\"@id\":\"https:\/\/radiolifefm.com.br\/noticias\/#organization\"},\"image\":{\"@id\":\"https:\/\/radiolifefm.com.br\/noticias\/provincia-do-faz-de-conta-e-aloprados-as\/#primaryimage\"},\"thumbnailUrl\":\"https:\/\/radiolifefm.com.br\/noticias\/wp-content\/uploads\/2022\/04\/WhatsApp-Image-2022-04-10-at-18.43.02.jpeg\",\"articleSection\":[\"Opini\u00e3o\"],\"inLanguage\":\"pt-BR\"},{\"@type\":\"WebPage\",\"@id\":\"https:\/\/radiolifefm.com.br\/noticias\/provincia-do-faz-de-conta-e-aloprados-as\/\",\"url\":\"https:\/\/radiolifefm.com.br\/noticias\/provincia-do-faz-de-conta-e-aloprados-as\/\",\"name\":\"Prov\u00edncia do faz de conta e ALOPRADOS\/AS... - R\u00e1dio Life FM\",\"isPartOf\":{\"@id\":\"https:\/\/radiolifefm.com.br\/noticias\/#website\"},\"primaryImageOfPage\":{\"@id\":\"https:\/\/radiolifefm.com.br\/noticias\/provincia-do-faz-de-conta-e-aloprados-as\/#primaryimage\"},\"image\":{\"@id\":\"https:\/\/radiolifefm.com.br\/noticias\/provincia-do-faz-de-conta-e-aloprados-as\/#primaryimage\"},\"thumbnailUrl\":\"https:\/\/radiolifefm.com.br\/noticias\/wp-content\/uploads\/2022\/04\/WhatsApp-Image-2022-04-10-at-18.43.02.jpeg\",\"datePublished\":\"2023-05-08T11:01:18+00:00\",\"dateModified\":\"2026-03-28T13:34:28+00:00\",\"breadcrumb\":{\"@id\":\"https:\/\/radiolifefm.com.br\/noticias\/provincia-do-faz-de-conta-e-aloprados-as\/#breadcrumb\"},\"inLanguage\":\"pt-BR\",\"potentialAction\":[{\"@type\":\"ReadAction\",\"target\":[\"https:\/\/radiolifefm.com.br\/noticias\/provincia-do-faz-de-conta-e-aloprados-as\/\"]}]},{\"@type\":\"ImageObject\",\"inLanguage\":\"pt-BR\",\"@id\":\"https:\/\/radiolifefm.com.br\/noticias\/provincia-do-faz-de-conta-e-aloprados-as\/#primaryimage\",\"url\":\"https:\/\/radiolifefm.com.br\/noticias\/wp-content\/uploads\/2022\/04\/WhatsApp-Image-2022-04-10-at-18.43.02.jpeg\",\"contentUrl\":\"https:\/\/radiolifefm.com.br\/noticias\/wp-content\/uploads\/2022\/04\/WhatsApp-Image-2022-04-10-at-18.43.02.jpeg\",\"width\":972,\"height\":1296,\"caption\":\"S\u00e9rgio Barbosa\"},{\"@type\":\"BreadcrumbList\",\"@id\":\"https:\/\/radiolifefm.com.br\/noticias\/provincia-do-faz-de-conta-e-aloprados-as\/#breadcrumb\",\"itemListElement\":[{\"@type\":\"ListItem\",\"position\":1,\"name\":\"In\u00edcio\",\"item\":\"https:\/\/radiolifefm.com.br\/noticias\/\"},{\"@type\":\"ListItem\",\"position\":2,\"name\":\"Prov\u00edncia do faz de conta e ALOPRADOS\/AS&#8230;\"}]},{\"@type\":\"WebSite\",\"@id\":\"https:\/\/radiolifefm.com.br\/noticias\/#website\",\"url\":\"https:\/\/radiolifefm.com.br\/noticias\/\",\"name\":\"R\u00e1dio Life FM\",\"description\":\"O Portal de Not\u00edcias de Adamantina\",\"publisher\":{\"@id\":\"https:\/\/radiolifefm.com.br\/noticias\/#organization\"},\"alternateName\":\"Life FM\",\"potentialAction\":[{\"@type\":\"SearchAction\",\"target\":{\"@type\":\"EntryPoint\",\"urlTemplate\":\"https:\/\/radiolifefm.com.br\/noticias\/?s={search_term_string}\"},\"query-input\":{\"@type\":\"PropertyValueSpecification\",\"valueRequired\":true,\"valueName\":\"search_term_string\"}}],\"inLanguage\":\"pt-BR\"},{\"@type\":\"Organization\",\"@id\":\"https:\/\/radiolifefm.com.br\/noticias\/#organization\",\"name\":\"R\u00e1dio Life FM\",\"alternateName\":\"Life FM\",\"url\":\"https:\/\/radiolifefm.com.br\/noticias\/\",\"logo\":{\"@type\":\"ImageObject\",\"inLanguage\":\"pt-BR\",\"@id\":\"https:\/\/radiolifefm.com.br\/noticias\/#\/schema\/logo\/image\/\",\"url\":\"https:\/\/static.radiolifefm.com.br\/noticias\/wp-content\/uploads\/2019\/10\/logo-lifefm.png\",\"contentUrl\":\"https:\/\/static.radiolifefm.com.br\/noticias\/wp-content\/uploads\/2019\/10\/logo-lifefm.png\",\"width\":196,\"height\":47,\"caption\":\"R\u00e1dio Life FM\"},\"image\":{\"@id\":\"https:\/\/radiolifefm.com.br\/noticias\/#\/schema\/logo\/image\/\"},\"sameAs\":[\"https:\/\/www.facebook.com\/radiolifefm\/\",\"https:\/\/www.instagram.com\/life1079fm\/\"]},{\"@type\":\"Person\",\"@id\":\"https:\/\/radiolifefm.com.br\/noticias\/#\/schema\/person\/6339b9fac59d12b071dec680d7375d87\",\"name\":\"ritanery\",\"image\":{\"@type\":\"ImageObject\",\"inLanguage\":\"pt-BR\",\"@id\":\"https:\/\/secure.gravatar.com\/avatar\/0e37bb19071f47c0b8a23f62a903df117c5a0e75f65a0c2901562f97cd41cf86?s=96&d=mm&r=g\",\"url\":\"https:\/\/secure.gravatar.com\/avatar\/0e37bb19071f47c0b8a23f62a903df117c5a0e75f65a0c2901562f97cd41cf86?s=96&d=mm&r=g\",\"contentUrl\":\"https:\/\/secure.gravatar.com\/avatar\/0e37bb19071f47c0b8a23f62a903df117c5a0e75f65a0c2901562f97cd41cf86?s=96&d=mm&r=g\",\"caption\":\"ritanery\"}}]}<\/script>\n<!-- \/ Yoast SEO plugin. -->","yoast_head_json":{"title":"Prov\u00edncia do faz de conta e ALOPRADOS\/AS... - R\u00e1dio Life FM","robots":{"index":"index","follow":"follow","max-snippet":"max-snippet:-1","max-image-preview":"max-image-preview:large","max-video-preview":"max-video-preview:-1"},"canonical":"https:\/\/radiolifefm.com.br\/noticias\/provincia-do-faz-de-conta-e-aloprados-as\/","og_locale":"pt_BR","og_type":"article","og_title":"Prov\u00edncia do faz de conta e ALOPRADOS\/AS... - R\u00e1dio Life FM","og_description":"&nbsp; \u00a0\u201c\u00c9 melhor calar-se e deixar que as pessoas pensem que voc\u00ea \u00e9 um idiota do que falar e acabar com a d\u00favida.\u201d (Maurice Switzer) \u00a0 S\u00e9rgio Barbosa (*) Isso mesmo caro leitor ou leitora, tudo indica que a tal GEST\u00c3O do PIN\u00d3QUIO PROVINCIANO continua mais firma do que nunca com os\/as ALOPRADOS\/AS de sempre [&hellip;]","og_url":"https:\/\/radiolifefm.com.br\/noticias\/provincia-do-faz-de-conta-e-aloprados-as\/","og_site_name":"R\u00e1dio Life FM","article_publisher":"https:\/\/www.facebook.com\/radiolifefm\/","article_published_time":"2023-05-08T11:01:18+00:00","article_modified_time":"2026-03-28T13:34:28+00:00","og_image":[{"width":972,"height":1296,"url":"https:\/\/radiolifefm.com.br\/noticias\/wp-content\/uploads\/2022\/04\/WhatsApp-Image-2022-04-10-at-18.43.02.jpeg","type":"image\/jpeg"}],"author":"ritanery","twitter_card":"summary_large_image","twitter_misc":{"Escrito por":"ritanery","Est. tempo de leitura":"3 minutos"},"schema":{"@context":"https:\/\/schema.org","@graph":[{"@type":"Article","@id":"https:\/\/radiolifefm.com.br\/noticias\/provincia-do-faz-de-conta-e-aloprados-as\/#article","isPartOf":{"@id":"https:\/\/radiolifefm.com.br\/noticias\/provincia-do-faz-de-conta-e-aloprados-as\/"},"author":{"name":"ritanery","@id":"https:\/\/radiolifefm.com.br\/noticias\/#\/schema\/person\/6339b9fac59d12b071dec680d7375d87"},"headline":"Prov\u00edncia do faz de conta e ALOPRADOS\/AS&#8230;","datePublished":"2023-05-08T11:01:18+00:00","dateModified":"2026-03-28T13:34:28+00:00","mainEntityOfPage":{"@id":"https:\/\/radiolifefm.com.br\/noticias\/provincia-do-faz-de-conta-e-aloprados-as\/"},"wordCount":470,"publisher":{"@id":"https:\/\/radiolifefm.com.br\/noticias\/#organization"},"image":{"@id":"https:\/\/radiolifefm.com.br\/noticias\/provincia-do-faz-de-conta-e-aloprados-as\/#primaryimage"},"thumbnailUrl":"https:\/\/radiolifefm.com.br\/noticias\/wp-content\/uploads\/2022\/04\/WhatsApp-Image-2022-04-10-at-18.43.02.jpeg","articleSection":["Opini\u00e3o"],"inLanguage":"pt-BR"},{"@type":"WebPage","@id":"https:\/\/radiolifefm.com.br\/noticias\/provincia-do-faz-de-conta-e-aloprados-as\/","url":"https:\/\/radiolifefm.com.br\/noticias\/provincia-do-faz-de-conta-e-aloprados-as\/","name":"Prov\u00edncia do faz de conta e ALOPRADOS\/AS... - R\u00e1dio Life FM","isPartOf":{"@id":"https:\/\/radiolifefm.com.br\/noticias\/#website"},"primaryImageOfPage":{"@id":"https:\/\/radiolifefm.com.br\/noticias\/provincia-do-faz-de-conta-e-aloprados-as\/#primaryimage"},"image":{"@id":"https:\/\/radiolifefm.com.br\/noticias\/provincia-do-faz-de-conta-e-aloprados-as\/#primaryimage"},"thumbnailUrl":"https:\/\/radiolifefm.com.br\/noticias\/wp-content\/uploads\/2022\/04\/WhatsApp-Image-2022-04-10-at-18.43.02.jpeg","datePublished":"2023-05-08T11:01:18+00:00","dateModified":"2026-03-28T13:34:28+00:00","breadcrumb":{"@id":"https:\/\/radiolifefm.com.br\/noticias\/provincia-do-faz-de-conta-e-aloprados-as\/#breadcrumb"},"inLanguage":"pt-BR","potentialAction":[{"@type":"ReadAction","target":["https:\/\/radiolifefm.com.br\/noticias\/provincia-do-faz-de-conta-e-aloprados-as\/"]}]},{"@type":"ImageObject","inLanguage":"pt-BR","@id":"https:\/\/radiolifefm.com.br\/noticias\/provincia-do-faz-de-conta-e-aloprados-as\/#primaryimage","url":"https:\/\/radiolifefm.com.br\/noticias\/wp-content\/uploads\/2022\/04\/WhatsApp-Image-2022-04-10-at-18.43.02.jpeg","contentUrl":"https:\/\/radiolifefm.com.br\/noticias\/wp-content\/uploads\/2022\/04\/WhatsApp-Image-2022-04-10-at-18.43.02.jpeg","width":972,"height":1296,"caption":"S\u00e9rgio Barbosa"},{"@type":"BreadcrumbList","@id":"https:\/\/radiolifefm.com.br\/noticias\/provincia-do-faz-de-conta-e-aloprados-as\/#breadcrumb","itemListElement":[{"@type":"ListItem","position":1,"name":"In\u00edcio","item":"https:\/\/radiolifefm.com.br\/noticias\/"},{"@type":"ListItem","position":2,"name":"Prov\u00edncia do faz de conta e ALOPRADOS\/AS&#8230;"}]},{"@type":"WebSite","@id":"https:\/\/radiolifefm.com.br\/noticias\/#website","url":"https:\/\/radiolifefm.com.br\/noticias\/","name":"R\u00e1dio Life FM","description":"O Portal de Not\u00edcias de Adamantina","publisher":{"@id":"https:\/\/radiolifefm.com.br\/noticias\/#organization"},"alternateName":"Life FM","potentialAction":[{"@type":"SearchAction","target":{"@type":"EntryPoint","urlTemplate":"https:\/\/radiolifefm.com.br\/noticias\/?s={search_term_string}"},"query-input":{"@type":"PropertyValueSpecification","valueRequired":true,"valueName":"search_term_string"}}],"inLanguage":"pt-BR"},{"@type":"Organization","@id":"https:\/\/radiolifefm.com.br\/noticias\/#organization","name":"R\u00e1dio Life FM","alternateName":"Life FM","url":"https:\/\/radiolifefm.com.br\/noticias\/","logo":{"@type":"ImageObject","inLanguage":"pt-BR","@id":"https:\/\/radiolifefm.com.br\/noticias\/#\/schema\/logo\/image\/","url":"https:\/\/static.radiolifefm.com.br\/noticias\/wp-content\/uploads\/2019\/10\/logo-lifefm.png","contentUrl":"https:\/\/static.radiolifefm.com.br\/noticias\/wp-content\/uploads\/2019\/10\/logo-lifefm.png","width":196,"height":47,"caption":"R\u00e1dio Life FM"},"image":{"@id":"https:\/\/radiolifefm.com.br\/noticias\/#\/schema\/logo\/image\/"},"sameAs":["https:\/\/www.facebook.com\/radiolifefm\/","https:\/\/www.instagram.com\/life1079fm\/"]},{"@type":"Person","@id":"https:\/\/radiolifefm.com.br\/noticias\/#\/schema\/person\/6339b9fac59d12b071dec680d7375d87","name":"ritanery","image":{"@type":"ImageObject","inLanguage":"pt-BR","@id":"https:\/\/secure.gravatar.com\/avatar\/0e37bb19071f47c0b8a23f62a903df117c5a0e75f65a0c2901562f97cd41cf86?s=96&d=mm&r=g","url":"https:\/\/secure.gravatar.com\/avatar\/0e37bb19071f47c0b8a23f62a903df117c5a0e75f65a0c2901562f97cd41cf86?s=96&d=mm&r=g","contentUrl":"https:\/\/secure.gravatar.com\/avatar\/0e37bb19071f47c0b8a23f62a903df117c5a0e75f65a0c2901562f97cd41cf86?s=96&d=mm&r=g","caption":"ritanery"}}]}},"amp_enabled":true,"_links":{"self":[{"href":"https:\/\/radiolifefm.com.br\/noticias\/wp-json\/wp\/v2\/posts\/69689","targetHints":{"allow":["GET"]}}],"collection":[{"href":"https:\/\/radiolifefm.com.br\/noticias\/wp-json\/wp\/v2\/posts"}],"about":[{"href":"https:\/\/radiolifefm.com.br\/noticias\/wp-json\/wp\/v2\/types\/post"}],"author":[{"embeddable":true,"href":"https:\/\/radiolifefm.com.br\/noticias\/wp-json\/wp\/v2\/users\/13"}],"replies":[{"embeddable":true,"href":"https:\/\/radiolifefm.com.br\/noticias\/wp-json\/wp\/v2\/comments?post=69689"}],"version-history":[{"count":1,"href":"https:\/\/radiolifefm.com.br\/noticias\/wp-json\/wp\/v2\/posts\/69689\/revisions"}],"predecessor-version":[{"id":69690,"href":"https:\/\/radiolifefm.com.br\/noticias\/wp-json\/wp\/v2\/posts\/69689\/revisions\/69690"}],"wp:featuredmedia":[{"embeddable":true,"href":"https:\/\/radiolifefm.com.br\/noticias\/wp-json\/wp\/v2\/media\/51988"}],"wp:attachment":[{"href":"https:\/\/radiolifefm.com.br\/noticias\/wp-json\/wp\/v2\/media?parent=69689"}],"wp:term":[{"taxonomy":"category","embeddable":true,"href":"https:\/\/radiolifefm.com.br\/noticias\/wp-json\/wp\/v2\/categories?post=69689"},{"taxonomy":"post_tag","embeddable":true,"href":"https:\/\/radiolifefm.com.br\/noticias\/wp-json\/wp\/v2\/tags?post=69689"}],"curies":[{"name":"wp","href":"https:\/\/api.w.org\/{rel}","templated":true}]}}