{"id":69413,"date":"2023-05-03T08:04:16","date_gmt":"2023-05-03T11:04:16","guid":{"rendered":"https:\/\/radiolifefm.com.br\/noticias\/?p=69413"},"modified":"2026-04-18T22:47:54","modified_gmt":"2026-04-19T01:47:54","slug":"midia-digital-e-pos-globalizacao-em-nivel-glocal","status":"publish","type":"post","link":"https:\/\/radiolifefm.com.br\/noticias\/midia-digital-e-pos-globalizacao-em-nivel-glocal\/","title":{"rendered":"M\u00cdDIA DIGITAL E P\u00d3S-GLOBALIZA\u00c7\u00c3O EM N\u00cdVEL \u201cGLOCAL\u201d&#8230;"},"content":{"rendered":"<div id=\"fb-root\"><\/div>\n<p><strong>\u00a0<\/strong><\/p>\n<p><strong><em>\u201cAcredito que o desenvolvimento pleno da intelig\u00eancia artificial poderia significar o fim da ra\u00e7a humana.\u201d (<a href=\"https:\/\/www.pensador.com\/autor\/stephen_hawking\/\">Stephen Hawking<\/a>)<\/em><\/strong><\/p>\n<p><strong><em>\u00a0<\/em><\/strong><\/p>\n<p><strong><em>\u201cA nova onda de intelig\u00eancia artificial n\u00e3o nos traz propriamente a intelig\u00eancia, mas um componente cr\u00edtico dela: a previs\u00e3o.\u201d (<a href=\"https:\/\/www.pensador.com\/autor\/ajay_agrawal\/\">Ajay Agrawal<\/a>)<\/em><\/strong><\/p>\n<p><strong>\u00a0<\/strong><\/p>\n<p><strong>\u00a0<\/strong><\/p>\n<p><strong>S\u00e9rgio Barbosa (*)<\/strong><\/p>\n<p>&nbsp;<\/p>\n<p>N\u00e3o se pode deixar de registrar que o PLANETA M\u00cdDIA est\u00e1 em constante transforma\u00e7\u00e3o em todas as \u00e1reas do MERCADO ORGANIZACIONAL, desta forma, faz-se necess\u00e1rio estar CONECTADO com os denominados PROCESOS MIDI\u00c1TICOS neste TEMPO NOVO TEMPO&#8230;<\/p>\n<p>\u00c9 importante saber disto e mais aquilo dos FATOS em meio aos BOATOS ou vice-versa, al\u00e9m do mais em meio ao tudo de menos, TODO CUIDADO \u00c9 POUCO com as famigeradas FAKE NEWS em n\u00edvel GLOCAL, ou seja, do GLOBAL para o LOCAL&#8230;<\/p>\n<p>Tal qual o que ocorre de um lado, bem como, do outro lado, pode ser que seja tudo do mesmo lado e ponto quase final, portanto, cada qual deve buscar a INFORMA\u00c7\u00c3O de acordo com os FATOS REGISTRADOS e\u00a0 confirmados pelas FONTES CONFI\u00c1VEIS&#8230;<\/p>\n<p>O MUNDO \u00c9 UMA ALDEIA GLOBAL, como afirmou o mago da m\u00eddia no passado, ou seja, McLUHAN, assim, de um jeito ou de outro, faz-se necess\u00e1rio estar sem CONEX\u00c3O com a QUALIFICA\u00c7\u00c3O, tendo em vista as NOVAS EXIG\u00caNCIAS na \u00e1rea ORGANIZACIONAL&#8230;<\/p>\n<p>Os meios midi\u00e1ticos que s\u00e3o acessados sem muitos CRIT\u00c9RIOS pelos\/as INTERNAUTAS, ainda, patrocinados e mediados pelas denominadas PLATAFORMAS DIGITAIS, continuam MANIPULANDO tudo e todos\/as em nome do PODER ECON\u00d4MICO\/COMERCIAL&#8230;<\/p>\n<p>Tais atividades MIDI\u00c1TICAS, proporcionam milhares de possibilidades para o atual CEN\u00c1RIO nos quatro cantos do PLANETA M\u00cdDIA, por\u00e9m, sempre existe a REFLEX\u00c3O CR\u00cdTICA para fazer frente ao SENSO COMUM neste TEMPO NOVO TEMPO&#8230;<\/p>\n<p>Assim, torna-se fundamental para TODOS\/AS uma tomada de POSI\u00c7\u00c3O, haja vista o JOGO VICIADO patrocinado pelo PODER das ORGANIZA\u00c7\u00d5ES que desenvolvem atividades na \u00e1rea da M\u00cdDIA DIGITAL&#8230;<\/p>\n<p>Afirmou o pensador do outro tempo que NAVEGAR \u00c9 PRECISO, todavia, apenas quem est\u00e1 neste CONTEXTO PLURAL pode saber qual a melhor OP\u00c7\u00c3O, considerando que existem MILH\u00d5ES DE OFERTAS neste MERCADO DIGITAL&#8230;<\/p>\n<p>Entendo que estamos na ERA DA P\u00d3S-GLOBALIZA\u00c7\u00c3O MIDI\u00c1TICA, entretanto, pode ser at\u00e9 uma METAGLOBALIZA\u00c7\u00c3O MIDI\u00c1TICA, por\u00e9m, n\u00e3o tem mais volta e tudo est\u00e1 acima de TODOS\/AS, bem como, sempre prevalecendo os interesses do MERCADO em tempo de P\u00d3S-GLOBALIZA\u00c7\u00c3O ECON\u00d4MICA&#8230;<\/p>\n<p>O denominado PLANETA M\u00cdDIA como denominou o pesquisador D\u00caNIS MORAES na d\u00e9cada de 90, continua mais atual do que nunca nestes meios MIDI\u00c1TICOS para muitos DESENCONTROS, desta vez, patrocinados e determinados pela IA- INTELIG\u00caNCIA ARTIFICIAL&#8230;<\/p>\n<p>QUEM SOBREVIVER VAI SABER&#8230;<\/p>\n<p>&nbsp;<\/p>\n<p>___________________________________<\/p>\n<p><strong><em>(*) jornalista diplomado e pesquisador da c\u00e1tedra unesco\/umesp de comunica\u00e7\u00e3o para o desenvolvimento regional.<\/em><\/strong><\/p>\n<p><strong><em>e-mail: <a href=\"mailto:barbosa.sebar@gmail.com\">barbosa.sebar@gmail.com<\/a><\/em><\/strong><\/p>\n<p><strong><em>\u00a0<\/em><\/strong><\/p>\n<p>&nbsp;<\/p>\n","protected":false},"excerpt":{"rendered":"<p>\u00a0 \u201cAcredito que o desenvolvimento pleno da intelig\u00eancia artificial poderia significar o fim da ra\u00e7a humana.\u201d (Stephen Hawking) \u00a0 \u201cA nova onda de intelig\u00eancia artificial n\u00e3o nos traz propriamente a intelig\u00eancia, mas um componente cr\u00edtico dela: a previs\u00e3o.\u201d (Ajay Agrawal) \u00a0 \u00a0 S\u00e9rgio Barbosa (*) &nbsp; N\u00e3o se pode deixar de registrar que o PLANETA [&hellip;]<\/p>\n","protected":false},"author":13,"featured_media":51988,"comment_status":"closed","ping_status":"open","sticky":false,"template":"","format":"standard","meta":{"_acf_changed":false,"_exactmetrics_skip_tracking":false,"_exactmetrics_sitenote_active":false,"_exactmetrics_sitenote_note":"","_exactmetrics_sitenote_category":0,"footnotes":""},"categories":[59],"tags":[],"class_list":["post-69413","post","type-post","status-publish","format-standard","has-post-thumbnail","hentry","category-opiniao"],"acf":[],"yoast_head":"<!-- This site is optimized with the Yoast SEO plugin v27.2 - https:\/\/yoast.com\/product\/yoast-seo-wordpress\/ -->\n<title>M\u00cdDIA DIGITAL E P\u00d3S-GLOBALIZA\u00c7\u00c3O EM N\u00cdVEL \u201cGLOCAL\u201d... - R\u00e1dio Life FM<\/title>\n<meta name=\"robots\" content=\"index, follow, max-snippet:-1, max-image-preview:large, max-video-preview:-1\" \/>\n<link rel=\"canonical\" href=\"https:\/\/radiolifefm.com.br\/noticias\/midia-digital-e-pos-globalizacao-em-nivel-glocal\/\" \/>\n<meta property=\"og:locale\" content=\"pt_BR\" \/>\n<meta property=\"og:type\" content=\"article\" \/>\n<meta property=\"og:title\" content=\"M\u00cdDIA DIGITAL E P\u00d3S-GLOBALIZA\u00c7\u00c3O EM N\u00cdVEL \u201cGLOCAL\u201d... - R\u00e1dio Life FM\" \/>\n<meta property=\"og:description\" content=\"\u00a0 \u201cAcredito que o desenvolvimento pleno da intelig\u00eancia artificial poderia significar o fim da ra\u00e7a humana.\u201d (Stephen Hawking) \u00a0 \u201cA nova onda de intelig\u00eancia artificial n\u00e3o nos traz propriamente a intelig\u00eancia, mas um componente cr\u00edtico dela: a previs\u00e3o.\u201d (Ajay Agrawal) \u00a0 \u00a0 S\u00e9rgio Barbosa (*) &nbsp; N\u00e3o se pode deixar de registrar que o PLANETA [&hellip;]\" \/>\n<meta property=\"og:url\" content=\"https:\/\/radiolifefm.com.br\/noticias\/midia-digital-e-pos-globalizacao-em-nivel-glocal\/\" \/>\n<meta property=\"og:site_name\" content=\"R\u00e1dio Life FM\" \/>\n<meta property=\"article:publisher\" content=\"https:\/\/www.facebook.com\/radiolifefm\/\" \/>\n<meta property=\"article:published_time\" content=\"2023-05-03T11:04:16+00:00\" \/>\n<meta property=\"article:modified_time\" content=\"2026-04-19T01:47:54+00:00\" \/>\n<meta property=\"og:image\" content=\"https:\/\/radiolifefm.com.br\/noticias\/wp-content\/uploads\/2022\/04\/WhatsApp-Image-2022-04-10-at-18.43.02.jpeg\" \/>\n\t<meta property=\"og:image:width\" content=\"972\" \/>\n\t<meta property=\"og:image:height\" content=\"1296\" \/>\n\t<meta property=\"og:image:type\" content=\"image\/jpeg\" \/>\n<meta name=\"author\" content=\"ritanery\" \/>\n<meta name=\"twitter:card\" content=\"summary_large_image\" \/>\n<meta name=\"twitter:label1\" content=\"Escrito por\" \/>\n\t<meta name=\"twitter:data1\" content=\"ritanery\" \/>\n\t<meta name=\"twitter:label2\" content=\"Est. tempo de leitura\" \/>\n\t<meta name=\"twitter:data2\" content=\"3 minutos\" \/>\n<script type=\"application\/ld+json\" class=\"yoast-schema-graph\">{\"@context\":\"https:\/\/schema.org\",\"@graph\":[{\"@type\":\"Article\",\"@id\":\"https:\/\/radiolifefm.com.br\/noticias\/midia-digital-e-pos-globalizacao-em-nivel-glocal\/#article\",\"isPartOf\":{\"@id\":\"https:\/\/radiolifefm.com.br\/noticias\/midia-digital-e-pos-globalizacao-em-nivel-glocal\/\"},\"author\":{\"name\":\"ritanery\",\"@id\":\"https:\/\/radiolifefm.com.br\/noticias\/#\/schema\/person\/6339b9fac59d12b071dec680d7375d87\"},\"headline\":\"M\u00cdDIA DIGITAL E P\u00d3S-GLOBALIZA\u00c7\u00c3O EM N\u00cdVEL \u201cGLOCAL\u201d&#8230;\",\"datePublished\":\"2023-05-03T11:04:16+00:00\",\"dateModified\":\"2026-04-19T01:47:54+00:00\",\"mainEntityOfPage\":{\"@id\":\"https:\/\/radiolifefm.com.br\/noticias\/midia-digital-e-pos-globalizacao-em-nivel-glocal\/\"},\"wordCount\":489,\"publisher\":{\"@id\":\"https:\/\/radiolifefm.com.br\/noticias\/#organization\"},\"image\":{\"@id\":\"https:\/\/radiolifefm.com.br\/noticias\/midia-digital-e-pos-globalizacao-em-nivel-glocal\/#primaryimage\"},\"thumbnailUrl\":\"https:\/\/radiolifefm.com.br\/noticias\/wp-content\/uploads\/2022\/04\/WhatsApp-Image-2022-04-10-at-18.43.02.jpeg\",\"articleSection\":[\"Opini\u00e3o\"],\"inLanguage\":\"pt-BR\"},{\"@type\":\"WebPage\",\"@id\":\"https:\/\/radiolifefm.com.br\/noticias\/midia-digital-e-pos-globalizacao-em-nivel-glocal\/\",\"url\":\"https:\/\/radiolifefm.com.br\/noticias\/midia-digital-e-pos-globalizacao-em-nivel-glocal\/\",\"name\":\"M\u00cdDIA DIGITAL E P\u00d3S-GLOBALIZA\u00c7\u00c3O EM N\u00cdVEL \u201cGLOCAL\u201d... - R\u00e1dio Life FM\",\"isPartOf\":{\"@id\":\"https:\/\/radiolifefm.com.br\/noticias\/#website\"},\"primaryImageOfPage\":{\"@id\":\"https:\/\/radiolifefm.com.br\/noticias\/midia-digital-e-pos-globalizacao-em-nivel-glocal\/#primaryimage\"},\"image\":{\"@id\":\"https:\/\/radiolifefm.com.br\/noticias\/midia-digital-e-pos-globalizacao-em-nivel-glocal\/#primaryimage\"},\"thumbnailUrl\":\"https:\/\/radiolifefm.com.br\/noticias\/wp-content\/uploads\/2022\/04\/WhatsApp-Image-2022-04-10-at-18.43.02.jpeg\",\"datePublished\":\"2023-05-03T11:04:16+00:00\",\"dateModified\":\"2026-04-19T01:47:54+00:00\",\"breadcrumb\":{\"@id\":\"https:\/\/radiolifefm.com.br\/noticias\/midia-digital-e-pos-globalizacao-em-nivel-glocal\/#breadcrumb\"},\"inLanguage\":\"pt-BR\",\"potentialAction\":[{\"@type\":\"ReadAction\",\"target\":[\"https:\/\/radiolifefm.com.br\/noticias\/midia-digital-e-pos-globalizacao-em-nivel-glocal\/\"]}]},{\"@type\":\"ImageObject\",\"inLanguage\":\"pt-BR\",\"@id\":\"https:\/\/radiolifefm.com.br\/noticias\/midia-digital-e-pos-globalizacao-em-nivel-glocal\/#primaryimage\",\"url\":\"https:\/\/radiolifefm.com.br\/noticias\/wp-content\/uploads\/2022\/04\/WhatsApp-Image-2022-04-10-at-18.43.02.jpeg\",\"contentUrl\":\"https:\/\/radiolifefm.com.br\/noticias\/wp-content\/uploads\/2022\/04\/WhatsApp-Image-2022-04-10-at-18.43.02.jpeg\",\"width\":972,\"height\":1296,\"caption\":\"S\u00e9rgio Barbosa\"},{\"@type\":\"BreadcrumbList\",\"@id\":\"https:\/\/radiolifefm.com.br\/noticias\/midia-digital-e-pos-globalizacao-em-nivel-glocal\/#breadcrumb\",\"itemListElement\":[{\"@type\":\"ListItem\",\"position\":1,\"name\":\"In\u00edcio\",\"item\":\"https:\/\/radiolifefm.com.br\/noticias\/\"},{\"@type\":\"ListItem\",\"position\":2,\"name\":\"M\u00cdDIA DIGITAL E P\u00d3S-GLOBALIZA\u00c7\u00c3O EM N\u00cdVEL \u201cGLOCAL\u201d&#8230;\"}]},{\"@type\":\"WebSite\",\"@id\":\"https:\/\/radiolifefm.com.br\/noticias\/#website\",\"url\":\"https:\/\/radiolifefm.com.br\/noticias\/\",\"name\":\"R\u00e1dio Life FM\",\"description\":\"O Portal de Not\u00edcias de Adamantina\",\"publisher\":{\"@id\":\"https:\/\/radiolifefm.com.br\/noticias\/#organization\"},\"alternateName\":\"Life FM\",\"potentialAction\":[{\"@type\":\"SearchAction\",\"target\":{\"@type\":\"EntryPoint\",\"urlTemplate\":\"https:\/\/radiolifefm.com.br\/noticias\/?s={search_term_string}\"},\"query-input\":{\"@type\":\"PropertyValueSpecification\",\"valueRequired\":true,\"valueName\":\"search_term_string\"}}],\"inLanguage\":\"pt-BR\"},{\"@type\":\"Organization\",\"@id\":\"https:\/\/radiolifefm.com.br\/noticias\/#organization\",\"name\":\"R\u00e1dio Life FM\",\"alternateName\":\"Life FM\",\"url\":\"https:\/\/radiolifefm.com.br\/noticias\/\",\"logo\":{\"@type\":\"ImageObject\",\"inLanguage\":\"pt-BR\",\"@id\":\"https:\/\/radiolifefm.com.br\/noticias\/#\/schema\/logo\/image\/\",\"url\":\"https:\/\/static.radiolifefm.com.br\/noticias\/wp-content\/uploads\/2019\/10\/logo-lifefm.png\",\"contentUrl\":\"https:\/\/static.radiolifefm.com.br\/noticias\/wp-content\/uploads\/2019\/10\/logo-lifefm.png\",\"width\":196,\"height\":47,\"caption\":\"R\u00e1dio Life FM\"},\"image\":{\"@id\":\"https:\/\/radiolifefm.com.br\/noticias\/#\/schema\/logo\/image\/\"},\"sameAs\":[\"https:\/\/www.facebook.com\/radiolifefm\/\",\"https:\/\/www.instagram.com\/life1079fm\/\"]},{\"@type\":\"Person\",\"@id\":\"https:\/\/radiolifefm.com.br\/noticias\/#\/schema\/person\/6339b9fac59d12b071dec680d7375d87\",\"name\":\"ritanery\",\"image\":{\"@type\":\"ImageObject\",\"inLanguage\":\"pt-BR\",\"@id\":\"https:\/\/secure.gravatar.com\/avatar\/0e37bb19071f47c0b8a23f62a903df117c5a0e75f65a0c2901562f97cd41cf86?s=96&d=mm&r=g\",\"url\":\"https:\/\/secure.gravatar.com\/avatar\/0e37bb19071f47c0b8a23f62a903df117c5a0e75f65a0c2901562f97cd41cf86?s=96&d=mm&r=g\",\"contentUrl\":\"https:\/\/secure.gravatar.com\/avatar\/0e37bb19071f47c0b8a23f62a903df117c5a0e75f65a0c2901562f97cd41cf86?s=96&d=mm&r=g\",\"caption\":\"ritanery\"}}]}<\/script>\n<!-- \/ Yoast SEO plugin. -->","yoast_head_json":{"title":"M\u00cdDIA DIGITAL E P\u00d3S-GLOBALIZA\u00c7\u00c3O EM N\u00cdVEL \u201cGLOCAL\u201d... - R\u00e1dio Life FM","robots":{"index":"index","follow":"follow","max-snippet":"max-snippet:-1","max-image-preview":"max-image-preview:large","max-video-preview":"max-video-preview:-1"},"canonical":"https:\/\/radiolifefm.com.br\/noticias\/midia-digital-e-pos-globalizacao-em-nivel-glocal\/","og_locale":"pt_BR","og_type":"article","og_title":"M\u00cdDIA DIGITAL E P\u00d3S-GLOBALIZA\u00c7\u00c3O EM N\u00cdVEL \u201cGLOCAL\u201d... - R\u00e1dio Life FM","og_description":"\u00a0 \u201cAcredito que o desenvolvimento pleno da intelig\u00eancia artificial poderia significar o fim da ra\u00e7a humana.\u201d (Stephen Hawking) \u00a0 \u201cA nova onda de intelig\u00eancia artificial n\u00e3o nos traz propriamente a intelig\u00eancia, mas um componente cr\u00edtico dela: a previs\u00e3o.\u201d (Ajay Agrawal) \u00a0 \u00a0 S\u00e9rgio Barbosa (*) &nbsp; N\u00e3o se pode deixar de registrar que o PLANETA [&hellip;]","og_url":"https:\/\/radiolifefm.com.br\/noticias\/midia-digital-e-pos-globalizacao-em-nivel-glocal\/","og_site_name":"R\u00e1dio Life FM","article_publisher":"https:\/\/www.facebook.com\/radiolifefm\/","article_published_time":"2023-05-03T11:04:16+00:00","article_modified_time":"2026-04-19T01:47:54+00:00","og_image":[{"width":972,"height":1296,"url":"https:\/\/radiolifefm.com.br\/noticias\/wp-content\/uploads\/2022\/04\/WhatsApp-Image-2022-04-10-at-18.43.02.jpeg","type":"image\/jpeg"}],"author":"ritanery","twitter_card":"summary_large_image","twitter_misc":{"Escrito por":"ritanery","Est. tempo de leitura":"3 minutos"},"schema":{"@context":"https:\/\/schema.org","@graph":[{"@type":"Article","@id":"https:\/\/radiolifefm.com.br\/noticias\/midia-digital-e-pos-globalizacao-em-nivel-glocal\/#article","isPartOf":{"@id":"https:\/\/radiolifefm.com.br\/noticias\/midia-digital-e-pos-globalizacao-em-nivel-glocal\/"},"author":{"name":"ritanery","@id":"https:\/\/radiolifefm.com.br\/noticias\/#\/schema\/person\/6339b9fac59d12b071dec680d7375d87"},"headline":"M\u00cdDIA DIGITAL E P\u00d3S-GLOBALIZA\u00c7\u00c3O EM N\u00cdVEL \u201cGLOCAL\u201d&#8230;","datePublished":"2023-05-03T11:04:16+00:00","dateModified":"2026-04-19T01:47:54+00:00","mainEntityOfPage":{"@id":"https:\/\/radiolifefm.com.br\/noticias\/midia-digital-e-pos-globalizacao-em-nivel-glocal\/"},"wordCount":489,"publisher":{"@id":"https:\/\/radiolifefm.com.br\/noticias\/#organization"},"image":{"@id":"https:\/\/radiolifefm.com.br\/noticias\/midia-digital-e-pos-globalizacao-em-nivel-glocal\/#primaryimage"},"thumbnailUrl":"https:\/\/radiolifefm.com.br\/noticias\/wp-content\/uploads\/2022\/04\/WhatsApp-Image-2022-04-10-at-18.43.02.jpeg","articleSection":["Opini\u00e3o"],"inLanguage":"pt-BR"},{"@type":"WebPage","@id":"https:\/\/radiolifefm.com.br\/noticias\/midia-digital-e-pos-globalizacao-em-nivel-glocal\/","url":"https:\/\/radiolifefm.com.br\/noticias\/midia-digital-e-pos-globalizacao-em-nivel-glocal\/","name":"M\u00cdDIA DIGITAL E P\u00d3S-GLOBALIZA\u00c7\u00c3O EM N\u00cdVEL \u201cGLOCAL\u201d... - R\u00e1dio Life FM","isPartOf":{"@id":"https:\/\/radiolifefm.com.br\/noticias\/#website"},"primaryImageOfPage":{"@id":"https:\/\/radiolifefm.com.br\/noticias\/midia-digital-e-pos-globalizacao-em-nivel-glocal\/#primaryimage"},"image":{"@id":"https:\/\/radiolifefm.com.br\/noticias\/midia-digital-e-pos-globalizacao-em-nivel-glocal\/#primaryimage"},"thumbnailUrl":"https:\/\/radiolifefm.com.br\/noticias\/wp-content\/uploads\/2022\/04\/WhatsApp-Image-2022-04-10-at-18.43.02.jpeg","datePublished":"2023-05-03T11:04:16+00:00","dateModified":"2026-04-19T01:47:54+00:00","breadcrumb":{"@id":"https:\/\/radiolifefm.com.br\/noticias\/midia-digital-e-pos-globalizacao-em-nivel-glocal\/#breadcrumb"},"inLanguage":"pt-BR","potentialAction":[{"@type":"ReadAction","target":["https:\/\/radiolifefm.com.br\/noticias\/midia-digital-e-pos-globalizacao-em-nivel-glocal\/"]}]},{"@type":"ImageObject","inLanguage":"pt-BR","@id":"https:\/\/radiolifefm.com.br\/noticias\/midia-digital-e-pos-globalizacao-em-nivel-glocal\/#primaryimage","url":"https:\/\/radiolifefm.com.br\/noticias\/wp-content\/uploads\/2022\/04\/WhatsApp-Image-2022-04-10-at-18.43.02.jpeg","contentUrl":"https:\/\/radiolifefm.com.br\/noticias\/wp-content\/uploads\/2022\/04\/WhatsApp-Image-2022-04-10-at-18.43.02.jpeg","width":972,"height":1296,"caption":"S\u00e9rgio Barbosa"},{"@type":"BreadcrumbList","@id":"https:\/\/radiolifefm.com.br\/noticias\/midia-digital-e-pos-globalizacao-em-nivel-glocal\/#breadcrumb","itemListElement":[{"@type":"ListItem","position":1,"name":"In\u00edcio","item":"https:\/\/radiolifefm.com.br\/noticias\/"},{"@type":"ListItem","position":2,"name":"M\u00cdDIA DIGITAL E P\u00d3S-GLOBALIZA\u00c7\u00c3O EM N\u00cdVEL \u201cGLOCAL\u201d&#8230;"}]},{"@type":"WebSite","@id":"https:\/\/radiolifefm.com.br\/noticias\/#website","url":"https:\/\/radiolifefm.com.br\/noticias\/","name":"R\u00e1dio Life FM","description":"O Portal de Not\u00edcias de Adamantina","publisher":{"@id":"https:\/\/radiolifefm.com.br\/noticias\/#organization"},"alternateName":"Life FM","potentialAction":[{"@type":"SearchAction","target":{"@type":"EntryPoint","urlTemplate":"https:\/\/radiolifefm.com.br\/noticias\/?s={search_term_string}"},"query-input":{"@type":"PropertyValueSpecification","valueRequired":true,"valueName":"search_term_string"}}],"inLanguage":"pt-BR"},{"@type":"Organization","@id":"https:\/\/radiolifefm.com.br\/noticias\/#organization","name":"R\u00e1dio Life FM","alternateName":"Life FM","url":"https:\/\/radiolifefm.com.br\/noticias\/","logo":{"@type":"ImageObject","inLanguage":"pt-BR","@id":"https:\/\/radiolifefm.com.br\/noticias\/#\/schema\/logo\/image\/","url":"https:\/\/static.radiolifefm.com.br\/noticias\/wp-content\/uploads\/2019\/10\/logo-lifefm.png","contentUrl":"https:\/\/static.radiolifefm.com.br\/noticias\/wp-content\/uploads\/2019\/10\/logo-lifefm.png","width":196,"height":47,"caption":"R\u00e1dio Life FM"},"image":{"@id":"https:\/\/radiolifefm.com.br\/noticias\/#\/schema\/logo\/image\/"},"sameAs":["https:\/\/www.facebook.com\/radiolifefm\/","https:\/\/www.instagram.com\/life1079fm\/"]},{"@type":"Person","@id":"https:\/\/radiolifefm.com.br\/noticias\/#\/schema\/person\/6339b9fac59d12b071dec680d7375d87","name":"ritanery","image":{"@type":"ImageObject","inLanguage":"pt-BR","@id":"https:\/\/secure.gravatar.com\/avatar\/0e37bb19071f47c0b8a23f62a903df117c5a0e75f65a0c2901562f97cd41cf86?s=96&d=mm&r=g","url":"https:\/\/secure.gravatar.com\/avatar\/0e37bb19071f47c0b8a23f62a903df117c5a0e75f65a0c2901562f97cd41cf86?s=96&d=mm&r=g","contentUrl":"https:\/\/secure.gravatar.com\/avatar\/0e37bb19071f47c0b8a23f62a903df117c5a0e75f65a0c2901562f97cd41cf86?s=96&d=mm&r=g","caption":"ritanery"}}]}},"amp_enabled":true,"_links":{"self":[{"href":"https:\/\/radiolifefm.com.br\/noticias\/wp-json\/wp\/v2\/posts\/69413","targetHints":{"allow":["GET"]}}],"collection":[{"href":"https:\/\/radiolifefm.com.br\/noticias\/wp-json\/wp\/v2\/posts"}],"about":[{"href":"https:\/\/radiolifefm.com.br\/noticias\/wp-json\/wp\/v2\/types\/post"}],"author":[{"embeddable":true,"href":"https:\/\/radiolifefm.com.br\/noticias\/wp-json\/wp\/v2\/users\/13"}],"replies":[{"embeddable":true,"href":"https:\/\/radiolifefm.com.br\/noticias\/wp-json\/wp\/v2\/comments?post=69413"}],"version-history":[{"count":1,"href":"https:\/\/radiolifefm.com.br\/noticias\/wp-json\/wp\/v2\/posts\/69413\/revisions"}],"predecessor-version":[{"id":69414,"href":"https:\/\/radiolifefm.com.br\/noticias\/wp-json\/wp\/v2\/posts\/69413\/revisions\/69414"}],"wp:featuredmedia":[{"embeddable":true,"href":"https:\/\/radiolifefm.com.br\/noticias\/wp-json\/wp\/v2\/media\/51988"}],"wp:attachment":[{"href":"https:\/\/radiolifefm.com.br\/noticias\/wp-json\/wp\/v2\/media?parent=69413"}],"wp:term":[{"taxonomy":"category","embeddable":true,"href":"https:\/\/radiolifefm.com.br\/noticias\/wp-json\/wp\/v2\/categories?post=69413"},{"taxonomy":"post_tag","embeddable":true,"href":"https:\/\/radiolifefm.com.br\/noticias\/wp-json\/wp\/v2\/tags?post=69413"}],"curies":[{"name":"wp","href":"https:\/\/api.w.org\/{rel}","templated":true}]}}