{"id":69062,"date":"2023-04-28T08:12:47","date_gmt":"2023-04-28T11:12:47","guid":{"rendered":"https:\/\/radiolifefm.com.br\/noticias\/?p=69062"},"modified":"2026-04-04T04:29:02","modified_gmt":"2026-04-04T07:29:02","slug":"fui-mas-quem-nao-vai","status":"publish","type":"post","link":"https:\/\/radiolifefm.com.br\/noticias\/fui-mas-quem-nao-vai\/","title":{"rendered":"\u201cFUI! MAS, QUEM N\u00c3O VAI?\u201d"},"content":{"rendered":"<div id=\"fb-root\"><\/div>\n<p><em>\u00a0\u201cA vida \u00e9 um baile de m\u00e1scara; uns v\u00e3o saindo depois dos outros\u201d. (Machado de Assis)<\/em><\/p>\n<p>&nbsp;<\/p>\n<p><strong><em>S\u00e9rgio Barbosa (*)<\/em><\/strong><\/p>\n<p>&nbsp;<\/p>\n<p>Dizem que a morte n\u00e3o pede carona, isso \u00e9, simplesmente chega e leva esta ou aquela pessoa para o outro mundo, claro, n\u00e3o se sabe qual dos mundos em foco, por\u00e9m, pode-se esperar pelo pior ou melhor, caso fique evidente o posicionamento religioso do mortal que embarcou para o outro lado do universo&#8230;<\/p>\n<p>Com a morte n\u00e3o se brinca, afirma outro dito mais do que popular, portanto, pra viver neste novo tempo, deve-se pensar na morte de um jeito ou de outro, al\u00e9m do mais, at\u00e9 cons\u00f3rcio para tal of\u00edcio hoje tem pra escolher no mercado da oferta e da procura, aqui, procurando deixar os vivos da melhor forma poss\u00edvel com as despesas que ficou pra quem se mandou deste mundo&#8230;<\/p>\n<p>Todas as tentativas s\u00e3o v\u00e1lidas para escapar da morte, por\u00e9m, nem sempre a mesma manda aviso com anteced\u00eancia para o escolhido ou a escolhida, todavia, sempre se pode escapar deste sinal da cruz, nem sempre santa para o indicado para uma viagem sem volta ao andar debaixo&#8230;<\/p>\n<p>A maioria das pessoas visita a \u201cmorada eterna\u201d apenas no dia santo, ou seja, \u201cde todos os santos\u201d, mas, existem outros mortais que gostam de andar pelos corredores ou vielas deste lugar denominado de \u201ccampo sagrado\u201d&#8230;<\/p>\n<p>As tumbas, bem como, as catacumbas s\u00e3o as mesmas em qualquer lugar, mudam alguns aspectos relacionados com a proposta do lugar e nada mais, quando muito, apenas placas com um nome e datas, de nascimento e morte para um registro a mais para os que ficaram em terra nem tanto segura para os \u201cvivos\u201d&#8230;<\/p>\n<p>A morte ronda a todos e todas neste cen\u00e1rio apocal\u00edptico, tamb\u00e9m, do jeito que anda as coisas para o lado do chamado ser humano em tempo de p\u00f3s-globaliza\u00e7\u00e3o tudo pode acontecer de uma hora para outra&#8230;<\/p>\n<p>O homem continua buscando saber coisas do outro tempo, talvez, para um desencontro a mais com o outro homem, portanto, de acordo com a nova proposta antropol\u00f3gica, n\u00e3o se deve perguntar mais de onde viemos e sim, para onde vamos?<\/p>\n<p>Na fronteira do universo, a vida segue o seu caminho sem perder de vistas as estrelas do infinito, portanto, pode-se deixar levar pelo brilho de um cometa que aparece para um homem com muitas utopias em seu interior, mediada pela eterna procura da morte em meio \u00e0 vida terrena&#8230;<\/p>\n<p>As denominadas grandes religi\u00f5es do homem, entre as quais, o cristianismo, bem como, o islamismo, o budismo, o juda\u00edsmo e o hinduismo, cada qual, apresenta as suas op\u00e7\u00f5es para enfrentar a morte de uma maneira original, ou seja, com \u201cf\u00e9\u201d e levando-se em conta, as respectivas \u201cpromessas\u201d, neste caso, respeitando as normas de conduta das religi\u00f5es em pauta&#8230;<\/p>\n<p>Ah! Tem o t\u00edtulo deste artigo, estava esquecendo de incluir tais palavras no texto, assim, vamos de encontro ao desencontro da morte para com a vida, ou seria o contr\u00e1rio?<\/p>\n<p>J\u00e1 avisei meus familiares e amigos, quando partir desta para a outra, pode ser pra melhor ou pra pior, isso eu n\u00e3o sei ao certo, muito menos pelo lado errado da sabedoria ou da mediocridade do ser humano&#8230;<\/p>\n<p>Por\u00e9m, sei que um dia a morte vir\u00e1 me pegar, seja onde e com quem estiver, talvez, sem ningu\u00e9m por perto, tal fato pode acontecer, mas, estarei embarcando com a certeza de que voc\u00ea, mais dia, menos dia, tamb\u00e9m, seguir\u00e1 o mesmo caminho e ponto quase final!<\/p>\n<p><em>______________________________________<\/em><\/p>\n<p><em>(*) Jornalista diplomado.<\/em><\/p>\n<p><em>e-mail: <a href=\"mailto:barbosa.sebar@gmail.com\">barbosa.sebar@gmail.com<\/a><\/em><\/p>\n","protected":false},"excerpt":{"rendered":"<p>\u00a0\u201cA vida \u00e9 um baile de m\u00e1scara; uns v\u00e3o saindo depois dos outros\u201d. (Machado de Assis) &nbsp; S\u00e9rgio Barbosa (*) &nbsp; Dizem que a morte n\u00e3o pede carona, isso \u00e9, simplesmente chega e leva esta ou aquela pessoa para o outro mundo, claro, n\u00e3o se sabe qual dos mundos em foco, por\u00e9m, pode-se esperar pelo [&hellip;]<\/p>\n","protected":false},"author":13,"featured_media":51988,"comment_status":"closed","ping_status":"open","sticky":false,"template":"","format":"standard","meta":{"_acf_changed":false,"_exactmetrics_skip_tracking":false,"_exactmetrics_sitenote_active":false,"_exactmetrics_sitenote_note":"","_exactmetrics_sitenote_category":0,"footnotes":""},"categories":[59],"tags":[],"class_list":["post-69062","post","type-post","status-publish","format-standard","has-post-thumbnail","hentry","category-opiniao"],"acf":[],"yoast_head":"<!-- This site is optimized with the Yoast SEO plugin v27.2 - https:\/\/yoast.com\/product\/yoast-seo-wordpress\/ -->\n<title>\u201cFUI! MAS, QUEM N\u00c3O VAI?\u201d - R\u00e1dio Life FM<\/title>\n<meta name=\"robots\" content=\"index, follow, max-snippet:-1, max-image-preview:large, max-video-preview:-1\" \/>\n<link rel=\"canonical\" href=\"https:\/\/radiolifefm.com.br\/noticias\/fui-mas-quem-nao-vai\/\" \/>\n<meta property=\"og:locale\" content=\"pt_BR\" \/>\n<meta property=\"og:type\" content=\"article\" \/>\n<meta property=\"og:title\" content=\"\u201cFUI! MAS, QUEM N\u00c3O VAI?\u201d - R\u00e1dio Life FM\" \/>\n<meta property=\"og:description\" content=\"\u00a0\u201cA vida \u00e9 um baile de m\u00e1scara; uns v\u00e3o saindo depois dos outros\u201d. (Machado de Assis) &nbsp; S\u00e9rgio Barbosa (*) &nbsp; Dizem que a morte n\u00e3o pede carona, isso \u00e9, simplesmente chega e leva esta ou aquela pessoa para o outro mundo, claro, n\u00e3o se sabe qual dos mundos em foco, por\u00e9m, pode-se esperar pelo [&hellip;]\" \/>\n<meta property=\"og:url\" content=\"https:\/\/radiolifefm.com.br\/noticias\/fui-mas-quem-nao-vai\/\" \/>\n<meta property=\"og:site_name\" content=\"R\u00e1dio Life FM\" \/>\n<meta property=\"article:publisher\" content=\"https:\/\/www.facebook.com\/radiolifefm\/\" \/>\n<meta property=\"article:published_time\" content=\"2023-04-28T11:12:47+00:00\" \/>\n<meta property=\"article:modified_time\" content=\"2026-04-04T07:29:02+00:00\" \/>\n<meta property=\"og:image\" content=\"https:\/\/radiolifefm.com.br\/noticias\/wp-content\/uploads\/2022\/04\/WhatsApp-Image-2022-04-10-at-18.43.02.jpeg\" \/>\n\t<meta property=\"og:image:width\" content=\"972\" \/>\n\t<meta property=\"og:image:height\" content=\"1296\" \/>\n\t<meta property=\"og:image:type\" content=\"image\/jpeg\" \/>\n<meta name=\"author\" content=\"ritanery\" \/>\n<meta name=\"twitter:card\" content=\"summary_large_image\" \/>\n<meta name=\"twitter:label1\" content=\"Escrito por\" \/>\n\t<meta name=\"twitter:data1\" content=\"ritanery\" \/>\n\t<meta name=\"twitter:label2\" content=\"Est. tempo de leitura\" \/>\n\t<meta name=\"twitter:data2\" content=\"4 minutos\" \/>\n<script type=\"application\/ld+json\" class=\"yoast-schema-graph\">{\"@context\":\"https:\/\/schema.org\",\"@graph\":[{\"@type\":\"Article\",\"@id\":\"https:\/\/radiolifefm.com.br\/noticias\/fui-mas-quem-nao-vai\/#article\",\"isPartOf\":{\"@id\":\"https:\/\/radiolifefm.com.br\/noticias\/fui-mas-quem-nao-vai\/\"},\"author\":{\"name\":\"ritanery\",\"@id\":\"https:\/\/radiolifefm.com.br\/noticias\/#\/schema\/person\/6339b9fac59d12b071dec680d7375d87\"},\"headline\":\"\u201cFUI! MAS, QUEM N\u00c3O VAI?\u201d\",\"datePublished\":\"2023-04-28T11:12:47+00:00\",\"dateModified\":\"2026-04-04T07:29:02+00:00\",\"mainEntityOfPage\":{\"@id\":\"https:\/\/radiolifefm.com.br\/noticias\/fui-mas-quem-nao-vai\/\"},\"wordCount\":619,\"publisher\":{\"@id\":\"https:\/\/radiolifefm.com.br\/noticias\/#organization\"},\"image\":{\"@id\":\"https:\/\/radiolifefm.com.br\/noticias\/fui-mas-quem-nao-vai\/#primaryimage\"},\"thumbnailUrl\":\"https:\/\/radiolifefm.com.br\/noticias\/wp-content\/uploads\/2022\/04\/WhatsApp-Image-2022-04-10-at-18.43.02.jpeg\",\"articleSection\":[\"Opini\u00e3o\"],\"inLanguage\":\"pt-BR\"},{\"@type\":\"WebPage\",\"@id\":\"https:\/\/radiolifefm.com.br\/noticias\/fui-mas-quem-nao-vai\/\",\"url\":\"https:\/\/radiolifefm.com.br\/noticias\/fui-mas-quem-nao-vai\/\",\"name\":\"\u201cFUI! MAS, QUEM N\u00c3O VAI?\u201d - R\u00e1dio Life FM\",\"isPartOf\":{\"@id\":\"https:\/\/radiolifefm.com.br\/noticias\/#website\"},\"primaryImageOfPage\":{\"@id\":\"https:\/\/radiolifefm.com.br\/noticias\/fui-mas-quem-nao-vai\/#primaryimage\"},\"image\":{\"@id\":\"https:\/\/radiolifefm.com.br\/noticias\/fui-mas-quem-nao-vai\/#primaryimage\"},\"thumbnailUrl\":\"https:\/\/radiolifefm.com.br\/noticias\/wp-content\/uploads\/2022\/04\/WhatsApp-Image-2022-04-10-at-18.43.02.jpeg\",\"datePublished\":\"2023-04-28T11:12:47+00:00\",\"dateModified\":\"2026-04-04T07:29:02+00:00\",\"breadcrumb\":{\"@id\":\"https:\/\/radiolifefm.com.br\/noticias\/fui-mas-quem-nao-vai\/#breadcrumb\"},\"inLanguage\":\"pt-BR\",\"potentialAction\":[{\"@type\":\"ReadAction\",\"target\":[\"https:\/\/radiolifefm.com.br\/noticias\/fui-mas-quem-nao-vai\/\"]}]},{\"@type\":\"ImageObject\",\"inLanguage\":\"pt-BR\",\"@id\":\"https:\/\/radiolifefm.com.br\/noticias\/fui-mas-quem-nao-vai\/#primaryimage\",\"url\":\"https:\/\/radiolifefm.com.br\/noticias\/wp-content\/uploads\/2022\/04\/WhatsApp-Image-2022-04-10-at-18.43.02.jpeg\",\"contentUrl\":\"https:\/\/radiolifefm.com.br\/noticias\/wp-content\/uploads\/2022\/04\/WhatsApp-Image-2022-04-10-at-18.43.02.jpeg\",\"width\":972,\"height\":1296,\"caption\":\"S\u00e9rgio Barbosa\"},{\"@type\":\"BreadcrumbList\",\"@id\":\"https:\/\/radiolifefm.com.br\/noticias\/fui-mas-quem-nao-vai\/#breadcrumb\",\"itemListElement\":[{\"@type\":\"ListItem\",\"position\":1,\"name\":\"In\u00edcio\",\"item\":\"https:\/\/radiolifefm.com.br\/noticias\/\"},{\"@type\":\"ListItem\",\"position\":2,\"name\":\"\u201cFUI! MAS, QUEM N\u00c3O VAI?\u201d\"}]},{\"@type\":\"WebSite\",\"@id\":\"https:\/\/radiolifefm.com.br\/noticias\/#website\",\"url\":\"https:\/\/radiolifefm.com.br\/noticias\/\",\"name\":\"R\u00e1dio Life FM\",\"description\":\"O Portal de Not\u00edcias de Adamantina\",\"publisher\":{\"@id\":\"https:\/\/radiolifefm.com.br\/noticias\/#organization\"},\"alternateName\":\"Life FM\",\"potentialAction\":[{\"@type\":\"SearchAction\",\"target\":{\"@type\":\"EntryPoint\",\"urlTemplate\":\"https:\/\/radiolifefm.com.br\/noticias\/?s={search_term_string}\"},\"query-input\":{\"@type\":\"PropertyValueSpecification\",\"valueRequired\":true,\"valueName\":\"search_term_string\"}}],\"inLanguage\":\"pt-BR\"},{\"@type\":\"Organization\",\"@id\":\"https:\/\/radiolifefm.com.br\/noticias\/#organization\",\"name\":\"R\u00e1dio Life FM\",\"alternateName\":\"Life FM\",\"url\":\"https:\/\/radiolifefm.com.br\/noticias\/\",\"logo\":{\"@type\":\"ImageObject\",\"inLanguage\":\"pt-BR\",\"@id\":\"https:\/\/radiolifefm.com.br\/noticias\/#\/schema\/logo\/image\/\",\"url\":\"https:\/\/static.radiolifefm.com.br\/noticias\/wp-content\/uploads\/2019\/10\/logo-lifefm.png\",\"contentUrl\":\"https:\/\/static.radiolifefm.com.br\/noticias\/wp-content\/uploads\/2019\/10\/logo-lifefm.png\",\"width\":196,\"height\":47,\"caption\":\"R\u00e1dio Life FM\"},\"image\":{\"@id\":\"https:\/\/radiolifefm.com.br\/noticias\/#\/schema\/logo\/image\/\"},\"sameAs\":[\"https:\/\/www.facebook.com\/radiolifefm\/\",\"https:\/\/www.instagram.com\/life1079fm\/\"]},{\"@type\":\"Person\",\"@id\":\"https:\/\/radiolifefm.com.br\/noticias\/#\/schema\/person\/6339b9fac59d12b071dec680d7375d87\",\"name\":\"ritanery\",\"image\":{\"@type\":\"ImageObject\",\"inLanguage\":\"pt-BR\",\"@id\":\"https:\/\/secure.gravatar.com\/avatar\/0e37bb19071f47c0b8a23f62a903df117c5a0e75f65a0c2901562f97cd41cf86?s=96&d=mm&r=g\",\"url\":\"https:\/\/secure.gravatar.com\/avatar\/0e37bb19071f47c0b8a23f62a903df117c5a0e75f65a0c2901562f97cd41cf86?s=96&d=mm&r=g\",\"contentUrl\":\"https:\/\/secure.gravatar.com\/avatar\/0e37bb19071f47c0b8a23f62a903df117c5a0e75f65a0c2901562f97cd41cf86?s=96&d=mm&r=g\",\"caption\":\"ritanery\"}}]}<\/script>\n<!-- \/ Yoast SEO plugin. -->","yoast_head_json":{"title":"\u201cFUI! MAS, QUEM N\u00c3O VAI?\u201d - R\u00e1dio Life FM","robots":{"index":"index","follow":"follow","max-snippet":"max-snippet:-1","max-image-preview":"max-image-preview:large","max-video-preview":"max-video-preview:-1"},"canonical":"https:\/\/radiolifefm.com.br\/noticias\/fui-mas-quem-nao-vai\/","og_locale":"pt_BR","og_type":"article","og_title":"\u201cFUI! MAS, QUEM N\u00c3O VAI?\u201d - R\u00e1dio Life FM","og_description":"\u00a0\u201cA vida \u00e9 um baile de m\u00e1scara; uns v\u00e3o saindo depois dos outros\u201d. (Machado de Assis) &nbsp; S\u00e9rgio Barbosa (*) &nbsp; Dizem que a morte n\u00e3o pede carona, isso \u00e9, simplesmente chega e leva esta ou aquela pessoa para o outro mundo, claro, n\u00e3o se sabe qual dos mundos em foco, por\u00e9m, pode-se esperar pelo [&hellip;]","og_url":"https:\/\/radiolifefm.com.br\/noticias\/fui-mas-quem-nao-vai\/","og_site_name":"R\u00e1dio Life FM","article_publisher":"https:\/\/www.facebook.com\/radiolifefm\/","article_published_time":"2023-04-28T11:12:47+00:00","article_modified_time":"2026-04-04T07:29:02+00:00","og_image":[{"width":972,"height":1296,"url":"https:\/\/radiolifefm.com.br\/noticias\/wp-content\/uploads\/2022\/04\/WhatsApp-Image-2022-04-10-at-18.43.02.jpeg","type":"image\/jpeg"}],"author":"ritanery","twitter_card":"summary_large_image","twitter_misc":{"Escrito por":"ritanery","Est. tempo de leitura":"4 minutos"},"schema":{"@context":"https:\/\/schema.org","@graph":[{"@type":"Article","@id":"https:\/\/radiolifefm.com.br\/noticias\/fui-mas-quem-nao-vai\/#article","isPartOf":{"@id":"https:\/\/radiolifefm.com.br\/noticias\/fui-mas-quem-nao-vai\/"},"author":{"name":"ritanery","@id":"https:\/\/radiolifefm.com.br\/noticias\/#\/schema\/person\/6339b9fac59d12b071dec680d7375d87"},"headline":"\u201cFUI! MAS, QUEM N\u00c3O VAI?\u201d","datePublished":"2023-04-28T11:12:47+00:00","dateModified":"2026-04-04T07:29:02+00:00","mainEntityOfPage":{"@id":"https:\/\/radiolifefm.com.br\/noticias\/fui-mas-quem-nao-vai\/"},"wordCount":619,"publisher":{"@id":"https:\/\/radiolifefm.com.br\/noticias\/#organization"},"image":{"@id":"https:\/\/radiolifefm.com.br\/noticias\/fui-mas-quem-nao-vai\/#primaryimage"},"thumbnailUrl":"https:\/\/radiolifefm.com.br\/noticias\/wp-content\/uploads\/2022\/04\/WhatsApp-Image-2022-04-10-at-18.43.02.jpeg","articleSection":["Opini\u00e3o"],"inLanguage":"pt-BR"},{"@type":"WebPage","@id":"https:\/\/radiolifefm.com.br\/noticias\/fui-mas-quem-nao-vai\/","url":"https:\/\/radiolifefm.com.br\/noticias\/fui-mas-quem-nao-vai\/","name":"\u201cFUI! MAS, QUEM N\u00c3O VAI?\u201d - R\u00e1dio Life FM","isPartOf":{"@id":"https:\/\/radiolifefm.com.br\/noticias\/#website"},"primaryImageOfPage":{"@id":"https:\/\/radiolifefm.com.br\/noticias\/fui-mas-quem-nao-vai\/#primaryimage"},"image":{"@id":"https:\/\/radiolifefm.com.br\/noticias\/fui-mas-quem-nao-vai\/#primaryimage"},"thumbnailUrl":"https:\/\/radiolifefm.com.br\/noticias\/wp-content\/uploads\/2022\/04\/WhatsApp-Image-2022-04-10-at-18.43.02.jpeg","datePublished":"2023-04-28T11:12:47+00:00","dateModified":"2026-04-04T07:29:02+00:00","breadcrumb":{"@id":"https:\/\/radiolifefm.com.br\/noticias\/fui-mas-quem-nao-vai\/#breadcrumb"},"inLanguage":"pt-BR","potentialAction":[{"@type":"ReadAction","target":["https:\/\/radiolifefm.com.br\/noticias\/fui-mas-quem-nao-vai\/"]}]},{"@type":"ImageObject","inLanguage":"pt-BR","@id":"https:\/\/radiolifefm.com.br\/noticias\/fui-mas-quem-nao-vai\/#primaryimage","url":"https:\/\/radiolifefm.com.br\/noticias\/wp-content\/uploads\/2022\/04\/WhatsApp-Image-2022-04-10-at-18.43.02.jpeg","contentUrl":"https:\/\/radiolifefm.com.br\/noticias\/wp-content\/uploads\/2022\/04\/WhatsApp-Image-2022-04-10-at-18.43.02.jpeg","width":972,"height":1296,"caption":"S\u00e9rgio Barbosa"},{"@type":"BreadcrumbList","@id":"https:\/\/radiolifefm.com.br\/noticias\/fui-mas-quem-nao-vai\/#breadcrumb","itemListElement":[{"@type":"ListItem","position":1,"name":"In\u00edcio","item":"https:\/\/radiolifefm.com.br\/noticias\/"},{"@type":"ListItem","position":2,"name":"\u201cFUI! MAS, QUEM N\u00c3O VAI?\u201d"}]},{"@type":"WebSite","@id":"https:\/\/radiolifefm.com.br\/noticias\/#website","url":"https:\/\/radiolifefm.com.br\/noticias\/","name":"R\u00e1dio Life FM","description":"O Portal de Not\u00edcias de Adamantina","publisher":{"@id":"https:\/\/radiolifefm.com.br\/noticias\/#organization"},"alternateName":"Life FM","potentialAction":[{"@type":"SearchAction","target":{"@type":"EntryPoint","urlTemplate":"https:\/\/radiolifefm.com.br\/noticias\/?s={search_term_string}"},"query-input":{"@type":"PropertyValueSpecification","valueRequired":true,"valueName":"search_term_string"}}],"inLanguage":"pt-BR"},{"@type":"Organization","@id":"https:\/\/radiolifefm.com.br\/noticias\/#organization","name":"R\u00e1dio Life FM","alternateName":"Life FM","url":"https:\/\/radiolifefm.com.br\/noticias\/","logo":{"@type":"ImageObject","inLanguage":"pt-BR","@id":"https:\/\/radiolifefm.com.br\/noticias\/#\/schema\/logo\/image\/","url":"https:\/\/static.radiolifefm.com.br\/noticias\/wp-content\/uploads\/2019\/10\/logo-lifefm.png","contentUrl":"https:\/\/static.radiolifefm.com.br\/noticias\/wp-content\/uploads\/2019\/10\/logo-lifefm.png","width":196,"height":47,"caption":"R\u00e1dio Life FM"},"image":{"@id":"https:\/\/radiolifefm.com.br\/noticias\/#\/schema\/logo\/image\/"},"sameAs":["https:\/\/www.facebook.com\/radiolifefm\/","https:\/\/www.instagram.com\/life1079fm\/"]},{"@type":"Person","@id":"https:\/\/radiolifefm.com.br\/noticias\/#\/schema\/person\/6339b9fac59d12b071dec680d7375d87","name":"ritanery","image":{"@type":"ImageObject","inLanguage":"pt-BR","@id":"https:\/\/secure.gravatar.com\/avatar\/0e37bb19071f47c0b8a23f62a903df117c5a0e75f65a0c2901562f97cd41cf86?s=96&d=mm&r=g","url":"https:\/\/secure.gravatar.com\/avatar\/0e37bb19071f47c0b8a23f62a903df117c5a0e75f65a0c2901562f97cd41cf86?s=96&d=mm&r=g","contentUrl":"https:\/\/secure.gravatar.com\/avatar\/0e37bb19071f47c0b8a23f62a903df117c5a0e75f65a0c2901562f97cd41cf86?s=96&d=mm&r=g","caption":"ritanery"}}]}},"amp_enabled":true,"_links":{"self":[{"href":"https:\/\/radiolifefm.com.br\/noticias\/wp-json\/wp\/v2\/posts\/69062","targetHints":{"allow":["GET"]}}],"collection":[{"href":"https:\/\/radiolifefm.com.br\/noticias\/wp-json\/wp\/v2\/posts"}],"about":[{"href":"https:\/\/radiolifefm.com.br\/noticias\/wp-json\/wp\/v2\/types\/post"}],"author":[{"embeddable":true,"href":"https:\/\/radiolifefm.com.br\/noticias\/wp-json\/wp\/v2\/users\/13"}],"replies":[{"embeddable":true,"href":"https:\/\/radiolifefm.com.br\/noticias\/wp-json\/wp\/v2\/comments?post=69062"}],"version-history":[{"count":1,"href":"https:\/\/radiolifefm.com.br\/noticias\/wp-json\/wp\/v2\/posts\/69062\/revisions"}],"predecessor-version":[{"id":69063,"href":"https:\/\/radiolifefm.com.br\/noticias\/wp-json\/wp\/v2\/posts\/69062\/revisions\/69063"}],"wp:featuredmedia":[{"embeddable":true,"href":"https:\/\/radiolifefm.com.br\/noticias\/wp-json\/wp\/v2\/media\/51988"}],"wp:attachment":[{"href":"https:\/\/radiolifefm.com.br\/noticias\/wp-json\/wp\/v2\/media?parent=69062"}],"wp:term":[{"taxonomy":"category","embeddable":true,"href":"https:\/\/radiolifefm.com.br\/noticias\/wp-json\/wp\/v2\/categories?post=69062"},{"taxonomy":"post_tag","embeddable":true,"href":"https:\/\/radiolifefm.com.br\/noticias\/wp-json\/wp\/v2\/tags?post=69062"}],"curies":[{"name":"wp","href":"https:\/\/api.w.org\/{rel}","templated":true}]}}