{"id":68797,"date":"2023-04-24T07:00:07","date_gmt":"2023-04-24T10:00:07","guid":{"rendered":"https:\/\/radiolifefm.com.br\/noticias\/?p=68797"},"modified":"2025-10-22T10:27:53","modified_gmt":"2025-10-22T13:27:53","slug":"provincia-tiradentes-e-mentes-mediocres","status":"publish","type":"post","link":"https:\/\/radiolifefm.com.br\/noticias\/provincia-tiradentes-e-mentes-mediocres\/","title":{"rendered":"Prov\u00edncia, \u201cTiradentes\u201d e Mentes Med\u00edocres&#8230;"},"content":{"rendered":"<div id=\"fb-root\"><\/div>\n<p><strong><em>\u201cPois seja feita a vontade de Deus. Mil vidas eu tivesse, mil vidas eu daria pela liberta\u00e7\u00e3o da minha p\u00e1tria!\u201d (<\/em><\/strong><a href=\"https:\/\/www.pensador.com\/autor\/joaquim_jose_da_silva_xavier_tiradentes\/\"><strong><em>Joaquim Jos\u00e9 da Silva Xavier\/Tiradentes)<\/em><\/strong><\/a><\/p>\n<p><strong><em>\u00a0<\/em><\/strong><\/p>\n<p><strong>S\u00e9rgio Barbosa (*)<\/strong><\/p>\n<p>Nada mais interessante do que uma DATA, ainda, denominada de C\u00cdVICA, para isto e mais aquilo, ainda mais em terras PROVINCIANAS com suas MENTES MED\u00cdOCRES&#8230;<\/p>\n<p>Na realidade, os fatos relacionados com este tal de 21 de abril, apesar dos pesares, bem como, pode ser que sim, pode ser que n\u00e3o, ainda muito pelo contr\u00e1rio, vem de encontro com aquela turma da DIREITA VOLVER&#8230;<\/p>\n<p>Tamb\u00e9m, nesta PROV\u00cdNCIA DO FAZ DE CONTA, tudo \u00e9 poss\u00edvel, at\u00e9 mesmo o IMPOSS\u00cdVEL, tendo em vista que existe um verdadeiro JARDIM ZOOL\u00d3GICO e ponto quase final&#8230;<\/p>\n<p>O lament\u00e1vel \u00e9 que por aqui, os\/as DITOS\/AS CUJOS\/AS est\u00e3o circulando de um lado para o outro, todavia, ainda bem que existe aquela MINORIA que est\u00e1 sempre em ESTADO DE ALERTA para muitos DESENCONTROS com tais MENTES MED\u00cdOCRES&#8230;<\/p>\n<p>Mesmo assim, cada qual deve saber por onde sair ou entrar, tendo em vista que tudo pode ser o que nunca foi, haja vista o resultado das \u00faltimas elei\u00e7\u00f5es, quando os resultados demonstraram que MILH\u00d5ES de VOTOS atestaram o APOIO ao GENOCIDA que perdeu, entretanto, os\/as PROVINCIANOS\/AS refor\u00e7aram tal APOIO com quase 80% dos votos ao BOZZONARO com seus COISOS com COISAS&#8230;<\/p>\n<p>Mas, voltando ao 21 de ABRIL, isso mesmo, diz a HIST\u00d3RIA OFICIAL que era um LIBERTADOR em nome disto e daquilo, por\u00e9m, TODO CUIDADO \u00c9 POUCO com tais registros hist\u00f3ricos mediados pelos eternos VENCEDORES em todas as \u00e1reas do conhecimento humano&#8230;<\/p>\n<p>De um jeito ou de outro, como escrevi acima, CADA QUAL deve saber sobre isto e mais aquilo, por\u00e9m, como sempre, TODO CUIDADO \u00c9 POUCO em terras PROVINCIANAS&#8230;<\/p>\n<p>No pr\u00f3ximo ano, estar\u00e3o ocorrendo ELEI\u00c7\u00d5ES nos quatro cantos deste PA\u00cdS DO FAZ DE CONTA para PREFEITOS\/AS e VEREADORES\/AS, por isso, talvez, mais aquilo, tudo pode acontecer e o pior, sem mais e com muito menos para todos os lados de um mesmo lado, ou seja, do eterno SENSO COMUM&#8230;<\/p>\n<p>O interessante que acaba sendo at\u00e9 mesmo FORA DE QUEST\u00c3O neste CEN\u00c1RIO PROVINCIANO, pode estar de acordo sendo um DESACORDO e considerando sempre aquele outro dito mais do que popular, a saber: MUDAM AS MOSCAS, MAS A M&#8230; \u00c9 SEMPRE A MESMA&#8230;<\/p>\n<p>Que as denominadas MENTES MED\u00cdOCRES, tamb\u00e9m, venerados\/as como PATRIOT\u00c1RIOS\/AS com sintomas de IDIOT\u00c1RIOS\/AS, possam buscar o outro lado da HIST\u00d3RIA para muitas aproxima\u00e7\u00f5es com a REFLEX\u00c3O CR\u00cdTICA neste TEMPO NOVO TEMPO que se chama hoje&#8230;<\/p>\n<p>QUEM SOBREVIVER VAI SABER&#8230;<\/p>\n<p><strong><em>____________________________<\/em><\/strong><\/p>\n<p><strong><em>(*) jornalista diplomado.<\/em><\/strong><\/p>\n<p><strong><em>e-mail: <\/em><\/strong><a href=\"mailto:barbosa.sebar@gmail.com\"><strong><em>barbosa.sebar@gmail.com<\/em><\/strong><\/a><\/p>\n<p>&nbsp;<\/p>\n","protected":false},"excerpt":{"rendered":"<p>\u201cPois seja feita a vontade de Deus. Mil vidas eu tivesse, mil vidas eu daria pela liberta\u00e7\u00e3o da minha p\u00e1tria!\u201d (Joaquim Jos\u00e9 da Silva Xavier\/Tiradentes) \u00a0 S\u00e9rgio Barbosa (*) Nada mais interessante do que uma DATA, ainda, denominada de C\u00cdVICA, para isto e mais aquilo, ainda mais em terras PROVINCIANAS com suas MENTES MED\u00cdOCRES&#8230; Na [&hellip;]<\/p>\n","protected":false},"author":13,"featured_media":51988,"comment_status":"closed","ping_status":"open","sticky":false,"template":"","format":"standard","meta":{"_acf_changed":false,"_exactmetrics_skip_tracking":false,"_exactmetrics_sitenote_active":false,"_exactmetrics_sitenote_note":"","_exactmetrics_sitenote_category":0,"footnotes":""},"categories":[59],"tags":[],"class_list":["post-68797","post","type-post","status-publish","format-standard","has-post-thumbnail","hentry","category-opiniao"],"acf":[],"yoast_head":"<!-- This site is optimized with the Yoast SEO plugin v27.2 - https:\/\/yoast.com\/product\/yoast-seo-wordpress\/ -->\n<title>Prov\u00edncia, \u201cTiradentes\u201d e Mentes Med\u00edocres... - R\u00e1dio Life FM<\/title>\n<meta name=\"robots\" content=\"index, follow, max-snippet:-1, max-image-preview:large, max-video-preview:-1\" \/>\n<link rel=\"canonical\" href=\"https:\/\/radiolifefm.com.br\/noticias\/provincia-tiradentes-e-mentes-mediocres\/\" \/>\n<meta property=\"og:locale\" content=\"pt_BR\" \/>\n<meta property=\"og:type\" content=\"article\" \/>\n<meta property=\"og:title\" content=\"Prov\u00edncia, \u201cTiradentes\u201d e Mentes Med\u00edocres... - R\u00e1dio Life FM\" \/>\n<meta property=\"og:description\" content=\"\u201cPois seja feita a vontade de Deus. Mil vidas eu tivesse, mil vidas eu daria pela liberta\u00e7\u00e3o da minha p\u00e1tria!\u201d (Joaquim Jos\u00e9 da Silva Xavier\/Tiradentes) \u00a0 S\u00e9rgio Barbosa (*) Nada mais interessante do que uma DATA, ainda, denominada de C\u00cdVICA, para isto e mais aquilo, ainda mais em terras PROVINCIANAS com suas MENTES MED\u00cdOCRES&#8230; Na [&hellip;]\" \/>\n<meta property=\"og:url\" content=\"https:\/\/radiolifefm.com.br\/noticias\/provincia-tiradentes-e-mentes-mediocres\/\" \/>\n<meta property=\"og:site_name\" content=\"R\u00e1dio Life FM\" \/>\n<meta property=\"article:publisher\" content=\"https:\/\/www.facebook.com\/radiolifefm\/\" \/>\n<meta property=\"article:published_time\" content=\"2023-04-24T10:00:07+00:00\" \/>\n<meta property=\"article:modified_time\" content=\"2025-10-22T13:27:53+00:00\" \/>\n<meta property=\"og:image\" content=\"https:\/\/static.radiolifefm.com.br\/noticias\/wp-content\/uploads\/2022\/04\/WhatsApp-Image-2022-04-10-at-18.43.02.jpeg\" \/>\n\t<meta property=\"og:image:width\" content=\"972\" \/>\n\t<meta property=\"og:image:height\" content=\"1296\" \/>\n\t<meta property=\"og:image:type\" content=\"image\/jpeg\" \/>\n<meta name=\"author\" content=\"ritanery\" \/>\n<meta name=\"twitter:card\" content=\"summary_large_image\" \/>\n<meta name=\"twitter:label1\" content=\"Escrito por\" \/>\n\t<meta name=\"twitter:data1\" content=\"ritanery\" \/>\n\t<meta name=\"twitter:label2\" content=\"Est. tempo de leitura\" \/>\n\t<meta name=\"twitter:data2\" content=\"3 minutos\" \/>\n<script type=\"application\/ld+json\" class=\"yoast-schema-graph\">{\"@context\":\"https:\/\/schema.org\",\"@graph\":[{\"@type\":\"Article\",\"@id\":\"https:\/\/radiolifefm.com.br\/noticias\/provincia-tiradentes-e-mentes-mediocres\/#article\",\"isPartOf\":{\"@id\":\"https:\/\/radiolifefm.com.br\/noticias\/provincia-tiradentes-e-mentes-mediocres\/\"},\"author\":{\"name\":\"ritanery\",\"@id\":\"https:\/\/radiolifefm.com.br\/noticias\/#\/schema\/person\/6339b9fac59d12b071dec680d7375d87\"},\"headline\":\"Prov\u00edncia, \u201cTiradentes\u201d e Mentes Med\u00edocres&#8230;\",\"datePublished\":\"2023-04-24T10:00:07+00:00\",\"dateModified\":\"2025-10-22T13:27:53+00:00\",\"mainEntityOfPage\":{\"@id\":\"https:\/\/radiolifefm.com.br\/noticias\/provincia-tiradentes-e-mentes-mediocres\/\"},\"wordCount\":471,\"publisher\":{\"@id\":\"https:\/\/radiolifefm.com.br\/noticias\/#organization\"},\"image\":{\"@id\":\"https:\/\/radiolifefm.com.br\/noticias\/provincia-tiradentes-e-mentes-mediocres\/#primaryimage\"},\"thumbnailUrl\":\"https:\/\/radiolifefm.com.br\/noticias\/wp-content\/uploads\/2022\/04\/WhatsApp-Image-2022-04-10-at-18.43.02.jpeg\",\"articleSection\":[\"Opini\u00e3o\"],\"inLanguage\":\"pt-BR\"},{\"@type\":\"WebPage\",\"@id\":\"https:\/\/radiolifefm.com.br\/noticias\/provincia-tiradentes-e-mentes-mediocres\/\",\"url\":\"https:\/\/radiolifefm.com.br\/noticias\/provincia-tiradentes-e-mentes-mediocres\/\",\"name\":\"Prov\u00edncia, \u201cTiradentes\u201d e Mentes Med\u00edocres... - R\u00e1dio Life FM\",\"isPartOf\":{\"@id\":\"https:\/\/radiolifefm.com.br\/noticias\/#website\"},\"primaryImageOfPage\":{\"@id\":\"https:\/\/radiolifefm.com.br\/noticias\/provincia-tiradentes-e-mentes-mediocres\/#primaryimage\"},\"image\":{\"@id\":\"https:\/\/radiolifefm.com.br\/noticias\/provincia-tiradentes-e-mentes-mediocres\/#primaryimage\"},\"thumbnailUrl\":\"https:\/\/radiolifefm.com.br\/noticias\/wp-content\/uploads\/2022\/04\/WhatsApp-Image-2022-04-10-at-18.43.02.jpeg\",\"datePublished\":\"2023-04-24T10:00:07+00:00\",\"dateModified\":\"2025-10-22T13:27:53+00:00\",\"breadcrumb\":{\"@id\":\"https:\/\/radiolifefm.com.br\/noticias\/provincia-tiradentes-e-mentes-mediocres\/#breadcrumb\"},\"inLanguage\":\"pt-BR\",\"potentialAction\":[{\"@type\":\"ReadAction\",\"target\":[\"https:\/\/radiolifefm.com.br\/noticias\/provincia-tiradentes-e-mentes-mediocres\/\"]}]},{\"@type\":\"ImageObject\",\"inLanguage\":\"pt-BR\",\"@id\":\"https:\/\/radiolifefm.com.br\/noticias\/provincia-tiradentes-e-mentes-mediocres\/#primaryimage\",\"url\":\"https:\/\/radiolifefm.com.br\/noticias\/wp-content\/uploads\/2022\/04\/WhatsApp-Image-2022-04-10-at-18.43.02.jpeg\",\"contentUrl\":\"https:\/\/radiolifefm.com.br\/noticias\/wp-content\/uploads\/2022\/04\/WhatsApp-Image-2022-04-10-at-18.43.02.jpeg\",\"width\":972,\"height\":1296,\"caption\":\"S\u00e9rgio Barbosa\"},{\"@type\":\"BreadcrumbList\",\"@id\":\"https:\/\/radiolifefm.com.br\/noticias\/provincia-tiradentes-e-mentes-mediocres\/#breadcrumb\",\"itemListElement\":[{\"@type\":\"ListItem\",\"position\":1,\"name\":\"In\u00edcio\",\"item\":\"https:\/\/radiolifefm.com.br\/noticias\/\"},{\"@type\":\"ListItem\",\"position\":2,\"name\":\"Prov\u00edncia, \u201cTiradentes\u201d e Mentes Med\u00edocres&#8230;\"}]},{\"@type\":\"WebSite\",\"@id\":\"https:\/\/radiolifefm.com.br\/noticias\/#website\",\"url\":\"https:\/\/radiolifefm.com.br\/noticias\/\",\"name\":\"R\u00e1dio Life FM\",\"description\":\"O Portal de Not\u00edcias de Adamantina\",\"publisher\":{\"@id\":\"https:\/\/radiolifefm.com.br\/noticias\/#organization\"},\"alternateName\":\"Life FM\",\"potentialAction\":[{\"@type\":\"SearchAction\",\"target\":{\"@type\":\"EntryPoint\",\"urlTemplate\":\"https:\/\/radiolifefm.com.br\/noticias\/?s={search_term_string}\"},\"query-input\":{\"@type\":\"PropertyValueSpecification\",\"valueRequired\":true,\"valueName\":\"search_term_string\"}}],\"inLanguage\":\"pt-BR\"},{\"@type\":\"Organization\",\"@id\":\"https:\/\/radiolifefm.com.br\/noticias\/#organization\",\"name\":\"R\u00e1dio Life FM\",\"alternateName\":\"Life FM\",\"url\":\"https:\/\/radiolifefm.com.br\/noticias\/\",\"logo\":{\"@type\":\"ImageObject\",\"inLanguage\":\"pt-BR\",\"@id\":\"https:\/\/radiolifefm.com.br\/noticias\/#\/schema\/logo\/image\/\",\"url\":\"https:\/\/static.radiolifefm.com.br\/noticias\/wp-content\/uploads\/2019\/10\/logo-lifefm.png\",\"contentUrl\":\"https:\/\/static.radiolifefm.com.br\/noticias\/wp-content\/uploads\/2019\/10\/logo-lifefm.png\",\"width\":196,\"height\":47,\"caption\":\"R\u00e1dio Life FM\"},\"image\":{\"@id\":\"https:\/\/radiolifefm.com.br\/noticias\/#\/schema\/logo\/image\/\"},\"sameAs\":[\"https:\/\/www.facebook.com\/radiolifefm\/\",\"https:\/\/www.instagram.com\/life1079fm\/\"]},{\"@type\":\"Person\",\"@id\":\"https:\/\/radiolifefm.com.br\/noticias\/#\/schema\/person\/6339b9fac59d12b071dec680d7375d87\",\"name\":\"ritanery\",\"image\":{\"@type\":\"ImageObject\",\"inLanguage\":\"pt-BR\",\"@id\":\"https:\/\/secure.gravatar.com\/avatar\/0e37bb19071f47c0b8a23f62a903df117c5a0e75f65a0c2901562f97cd41cf86?s=96&d=mm&r=g\",\"url\":\"https:\/\/secure.gravatar.com\/avatar\/0e37bb19071f47c0b8a23f62a903df117c5a0e75f65a0c2901562f97cd41cf86?s=96&d=mm&r=g\",\"contentUrl\":\"https:\/\/secure.gravatar.com\/avatar\/0e37bb19071f47c0b8a23f62a903df117c5a0e75f65a0c2901562f97cd41cf86?s=96&d=mm&r=g\",\"caption\":\"ritanery\"}}]}<\/script>\n<!-- \/ Yoast SEO plugin. -->","yoast_head_json":{"title":"Prov\u00edncia, \u201cTiradentes\u201d e Mentes Med\u00edocres... - R\u00e1dio Life FM","robots":{"index":"index","follow":"follow","max-snippet":"max-snippet:-1","max-image-preview":"max-image-preview:large","max-video-preview":"max-video-preview:-1"},"canonical":"https:\/\/radiolifefm.com.br\/noticias\/provincia-tiradentes-e-mentes-mediocres\/","og_locale":"pt_BR","og_type":"article","og_title":"Prov\u00edncia, \u201cTiradentes\u201d e Mentes Med\u00edocres... - R\u00e1dio Life FM","og_description":"\u201cPois seja feita a vontade de Deus. Mil vidas eu tivesse, mil vidas eu daria pela liberta\u00e7\u00e3o da minha p\u00e1tria!\u201d (Joaquim Jos\u00e9 da Silva Xavier\/Tiradentes) \u00a0 S\u00e9rgio Barbosa (*) Nada mais interessante do que uma DATA, ainda, denominada de C\u00cdVICA, para isto e mais aquilo, ainda mais em terras PROVINCIANAS com suas MENTES MED\u00cdOCRES&#8230; Na [&hellip;]","og_url":"https:\/\/radiolifefm.com.br\/noticias\/provincia-tiradentes-e-mentes-mediocres\/","og_site_name":"R\u00e1dio Life FM","article_publisher":"https:\/\/www.facebook.com\/radiolifefm\/","article_published_time":"2023-04-24T10:00:07+00:00","article_modified_time":"2025-10-22T13:27:53+00:00","og_image":[{"width":972,"height":1296,"url":"https:\/\/static.radiolifefm.com.br\/noticias\/wp-content\/uploads\/2022\/04\/WhatsApp-Image-2022-04-10-at-18.43.02.jpeg","type":"image\/jpeg"}],"author":"ritanery","twitter_card":"summary_large_image","twitter_misc":{"Escrito por":"ritanery","Est. tempo de leitura":"3 minutos"},"schema":{"@context":"https:\/\/schema.org","@graph":[{"@type":"Article","@id":"https:\/\/radiolifefm.com.br\/noticias\/provincia-tiradentes-e-mentes-mediocres\/#article","isPartOf":{"@id":"https:\/\/radiolifefm.com.br\/noticias\/provincia-tiradentes-e-mentes-mediocres\/"},"author":{"name":"ritanery","@id":"https:\/\/radiolifefm.com.br\/noticias\/#\/schema\/person\/6339b9fac59d12b071dec680d7375d87"},"headline":"Prov\u00edncia, \u201cTiradentes\u201d e Mentes Med\u00edocres&#8230;","datePublished":"2023-04-24T10:00:07+00:00","dateModified":"2025-10-22T13:27:53+00:00","mainEntityOfPage":{"@id":"https:\/\/radiolifefm.com.br\/noticias\/provincia-tiradentes-e-mentes-mediocres\/"},"wordCount":471,"publisher":{"@id":"https:\/\/radiolifefm.com.br\/noticias\/#organization"},"image":{"@id":"https:\/\/radiolifefm.com.br\/noticias\/provincia-tiradentes-e-mentes-mediocres\/#primaryimage"},"thumbnailUrl":"https:\/\/radiolifefm.com.br\/noticias\/wp-content\/uploads\/2022\/04\/WhatsApp-Image-2022-04-10-at-18.43.02.jpeg","articleSection":["Opini\u00e3o"],"inLanguage":"pt-BR"},{"@type":"WebPage","@id":"https:\/\/radiolifefm.com.br\/noticias\/provincia-tiradentes-e-mentes-mediocres\/","url":"https:\/\/radiolifefm.com.br\/noticias\/provincia-tiradentes-e-mentes-mediocres\/","name":"Prov\u00edncia, \u201cTiradentes\u201d e Mentes Med\u00edocres... - R\u00e1dio Life FM","isPartOf":{"@id":"https:\/\/radiolifefm.com.br\/noticias\/#website"},"primaryImageOfPage":{"@id":"https:\/\/radiolifefm.com.br\/noticias\/provincia-tiradentes-e-mentes-mediocres\/#primaryimage"},"image":{"@id":"https:\/\/radiolifefm.com.br\/noticias\/provincia-tiradentes-e-mentes-mediocres\/#primaryimage"},"thumbnailUrl":"https:\/\/radiolifefm.com.br\/noticias\/wp-content\/uploads\/2022\/04\/WhatsApp-Image-2022-04-10-at-18.43.02.jpeg","datePublished":"2023-04-24T10:00:07+00:00","dateModified":"2025-10-22T13:27:53+00:00","breadcrumb":{"@id":"https:\/\/radiolifefm.com.br\/noticias\/provincia-tiradentes-e-mentes-mediocres\/#breadcrumb"},"inLanguage":"pt-BR","potentialAction":[{"@type":"ReadAction","target":["https:\/\/radiolifefm.com.br\/noticias\/provincia-tiradentes-e-mentes-mediocres\/"]}]},{"@type":"ImageObject","inLanguage":"pt-BR","@id":"https:\/\/radiolifefm.com.br\/noticias\/provincia-tiradentes-e-mentes-mediocres\/#primaryimage","url":"https:\/\/radiolifefm.com.br\/noticias\/wp-content\/uploads\/2022\/04\/WhatsApp-Image-2022-04-10-at-18.43.02.jpeg","contentUrl":"https:\/\/radiolifefm.com.br\/noticias\/wp-content\/uploads\/2022\/04\/WhatsApp-Image-2022-04-10-at-18.43.02.jpeg","width":972,"height":1296,"caption":"S\u00e9rgio Barbosa"},{"@type":"BreadcrumbList","@id":"https:\/\/radiolifefm.com.br\/noticias\/provincia-tiradentes-e-mentes-mediocres\/#breadcrumb","itemListElement":[{"@type":"ListItem","position":1,"name":"In\u00edcio","item":"https:\/\/radiolifefm.com.br\/noticias\/"},{"@type":"ListItem","position":2,"name":"Prov\u00edncia, \u201cTiradentes\u201d e Mentes Med\u00edocres&#8230;"}]},{"@type":"WebSite","@id":"https:\/\/radiolifefm.com.br\/noticias\/#website","url":"https:\/\/radiolifefm.com.br\/noticias\/","name":"R\u00e1dio Life FM","description":"O Portal de Not\u00edcias de Adamantina","publisher":{"@id":"https:\/\/radiolifefm.com.br\/noticias\/#organization"},"alternateName":"Life FM","potentialAction":[{"@type":"SearchAction","target":{"@type":"EntryPoint","urlTemplate":"https:\/\/radiolifefm.com.br\/noticias\/?s={search_term_string}"},"query-input":{"@type":"PropertyValueSpecification","valueRequired":true,"valueName":"search_term_string"}}],"inLanguage":"pt-BR"},{"@type":"Organization","@id":"https:\/\/radiolifefm.com.br\/noticias\/#organization","name":"R\u00e1dio Life FM","alternateName":"Life FM","url":"https:\/\/radiolifefm.com.br\/noticias\/","logo":{"@type":"ImageObject","inLanguage":"pt-BR","@id":"https:\/\/radiolifefm.com.br\/noticias\/#\/schema\/logo\/image\/","url":"https:\/\/static.radiolifefm.com.br\/noticias\/wp-content\/uploads\/2019\/10\/logo-lifefm.png","contentUrl":"https:\/\/static.radiolifefm.com.br\/noticias\/wp-content\/uploads\/2019\/10\/logo-lifefm.png","width":196,"height":47,"caption":"R\u00e1dio Life FM"},"image":{"@id":"https:\/\/radiolifefm.com.br\/noticias\/#\/schema\/logo\/image\/"},"sameAs":["https:\/\/www.facebook.com\/radiolifefm\/","https:\/\/www.instagram.com\/life1079fm\/"]},{"@type":"Person","@id":"https:\/\/radiolifefm.com.br\/noticias\/#\/schema\/person\/6339b9fac59d12b071dec680d7375d87","name":"ritanery","image":{"@type":"ImageObject","inLanguage":"pt-BR","@id":"https:\/\/secure.gravatar.com\/avatar\/0e37bb19071f47c0b8a23f62a903df117c5a0e75f65a0c2901562f97cd41cf86?s=96&d=mm&r=g","url":"https:\/\/secure.gravatar.com\/avatar\/0e37bb19071f47c0b8a23f62a903df117c5a0e75f65a0c2901562f97cd41cf86?s=96&d=mm&r=g","contentUrl":"https:\/\/secure.gravatar.com\/avatar\/0e37bb19071f47c0b8a23f62a903df117c5a0e75f65a0c2901562f97cd41cf86?s=96&d=mm&r=g","caption":"ritanery"}}]}},"amp_enabled":true,"_links":{"self":[{"href":"https:\/\/radiolifefm.com.br\/noticias\/wp-json\/wp\/v2\/posts\/68797","targetHints":{"allow":["GET"]}}],"collection":[{"href":"https:\/\/radiolifefm.com.br\/noticias\/wp-json\/wp\/v2\/posts"}],"about":[{"href":"https:\/\/radiolifefm.com.br\/noticias\/wp-json\/wp\/v2\/types\/post"}],"author":[{"embeddable":true,"href":"https:\/\/radiolifefm.com.br\/noticias\/wp-json\/wp\/v2\/users\/13"}],"replies":[{"embeddable":true,"href":"https:\/\/radiolifefm.com.br\/noticias\/wp-json\/wp\/v2\/comments?post=68797"}],"version-history":[{"count":1,"href":"https:\/\/radiolifefm.com.br\/noticias\/wp-json\/wp\/v2\/posts\/68797\/revisions"}],"predecessor-version":[{"id":68798,"href":"https:\/\/radiolifefm.com.br\/noticias\/wp-json\/wp\/v2\/posts\/68797\/revisions\/68798"}],"wp:featuredmedia":[{"embeddable":true,"href":"https:\/\/radiolifefm.com.br\/noticias\/wp-json\/wp\/v2\/media\/51988"}],"wp:attachment":[{"href":"https:\/\/radiolifefm.com.br\/noticias\/wp-json\/wp\/v2\/media?parent=68797"}],"wp:term":[{"taxonomy":"category","embeddable":true,"href":"https:\/\/radiolifefm.com.br\/noticias\/wp-json\/wp\/v2\/categories?post=68797"},{"taxonomy":"post_tag","embeddable":true,"href":"https:\/\/radiolifefm.com.br\/noticias\/wp-json\/wp\/v2\/tags?post=68797"}],"curies":[{"name":"wp","href":"https:\/\/api.w.org\/{rel}","templated":true}]}}