{"id":68723,"date":"2023-04-21T19:26:26","date_gmt":"2023-04-21T22:26:26","guid":{"rendered":"https:\/\/radiolifefm.com.br\/noticias\/?p=68723"},"modified":"2025-11-27T20:37:31","modified_gmt":"2025-11-27T23:37:31","slug":"provincia-aspones-e-senso-comum","status":"publish","type":"post","link":"https:\/\/radiolifefm.com.br\/noticias\/provincia-aspones-e-senso-comum\/","title":{"rendered":"PROV\u00cdNCIA, \u201cASPONES\u201d E SENSO COMUM&#8230;"},"content":{"rendered":"<div id=\"fb-root\"><\/div>\n<p>&nbsp;<\/p>\n<p><em>\u201cE o fumo do seu tormento sobe para todo o sempre; e n\u00e3o tem repouso nem de dia nem de noite os que adoram a besta e a sua imagem, e aquele que receber o sinal do seu nome\u201d (Apocalipse).<\/em><\/p>\n<p>&nbsp;<\/p>\n<p><strong><em>\u00a0<\/em><\/strong><\/p>\n<p><strong><em>S\u00e9rgio Barbosa (*)<\/em><\/strong><\/p>\n<p>&nbsp;<\/p>\n<p>&nbsp;<\/p>\n<p>Como sempre, as esquinas provincianas com suas MENTES BOVINAS continuam com as MESMICES DE SEMPRE deste ou do outro lado, ainda, mesmo em tempo de PANDEMIA e tudo se resolve de um jeito ou de outro, ainda, quase sempre por meio das tais TROCAS NADA SIMB\u00d3LICAS&#8230;<\/p>\n<p>Tudo \u00e9 poss\u00edvel neste cen\u00e1rio em meio aos DESENCONTROS em nome deste ou do outro PARTIDO POL\u00cdTICO ou GRUPO DE APOIO, portanto, todas as moedas est\u00e3o em cima da mesma MESA de sempre e ponto quase final&#8230;<\/p>\n<p>Neste cen\u00e1rio pr\u00e9-eleitoral das ELEI\u00c7\u00d5ES do pr\u00f3ximo ano, os PARASITAS continuam com suas conversas sobre o mundo do alheio, ou seja, falam coisas sobre aquilo que desconhecem neste contexto, bem como, s\u00e3o falastr\u00f5es provincianos querendo se aparecer de um jeito ou de outro para uma aproxima\u00e7\u00e3o com o outro lado que representa um \u00fanico lado&#8230;<\/p>\n<p>Perde-se um tempo enorme com o famoso \u201cdisse-me-disse\u201d e nestas condi\u00e7\u00f5es \u201cnada de novo no front\u201d como afirmou o escritor do outro tempo, claro, o mesmo desconhecia as amarra\u00e7\u00f5es provincianas para a conquista do PODER PELO PODER EM BUSCA DO PODER&#8230;<\/p>\n<p>A reflex\u00e3o cr\u00edtica deve ser o PONTO DE PARTIDA para o debate de todos os TEMAS e TEM\u00c1TICAS que envolvem a PROV\u00cdNCIA DO FAZ DE CONTA neste PA\u00cdS DO FAZ DE CONTA em tempo de p\u00f3s-globaliza\u00e7\u00e3o Organizacional&#8230;<\/p>\n<p>Ainda, os tais PARASITAS est\u00e3o nas quatro ou mais frentes de atua\u00e7\u00e3o que existem na PROV\u00cdNCIA, desta forma, as CR\u00cdTICAS s\u00e3o mais do que necess\u00e1rias neste cen\u00e1rio um tanto quanto MANIPULADO pelas FOR\u00c7AS NADA OCULTAS&#8230;<\/p>\n<p>A comunidade PROVINCIANA continua se debatendo entre os PROBLEMAS decorrentes da PANDEMIA dos \u00faltimos anos, bem como, da EPIDEMIA DE DENGUE \u00a0nestes \u00faltimos meses, ainda, tudo indica que tais desencontros devem continuar por mais um tempo em n\u00edvel GLOCAL, ou seja, do GLOBAL para o LOCAL&#8230;<\/p>\n<p>Os denominados ASPONES com apoio dos PARASITAS PROVINCIANAS est\u00e3o sempre atuando em todas as frentes do MERCADO ORGANIZACIONAL por meio de PARCERIAS efetivas e afetivas&#8230;<\/p>\n<p>Dizem que os tais ASPONES travestidos de ASSESSORES\/AS podem fazer a diferen\u00e7a em tempo de GOVERNO BOZZONARO com seus COISOS com COISAS, ainda, neste contexto plural para as institui\u00e7\u00f5es democr\u00e1ticas, todavia, n\u00e3o se podem deixar de lado os FALSOS PROFETAS do poder em busca do poder com o poder&#8230;<\/p>\n<p>O JOGO DO PODER nesta PROV\u00cdNCIA DO FAZ DE CONTA, como sempre, \u00e9 o mesmo do outro tempo velho tempo que se chama hoje em tempo de PANDEMIA, haja vista as idas e vindas em nome dos interesses do mesmo GRUPO&#8230;<\/p>\n<p>Outros continuam por a\u00ed, quem sabe, buscando um se transformar em um mais um ASPONE PROVINCIANO com a BEN\u00c7\u00c3O DO PIN\u00d3QUIO, \u00a0por\u00e9m, a maioria continua vagando sem rumo neste contexto mediado pela p\u00f3s-PANDEMIA neste per\u00edodo patrocinado pelas idas e vindas das DESINFORMA\u00c7\u00d5ES sobre tudo e todos\/as em todas as PROV\u00cdNCIAS deste PA\u00cdS DO FAZ DE CONTA&#8230;<\/p>\n<p>Afirmou o poeta contempor\u00e2neo, \u201cos c\u00e3es ladram, mas a caravana passa\u201d, tal questionamento serve como ponto de partida neste meio termo provinciano, todavia, resta saber como ser\u00e1 o fim disto tudo, mas, ressalta-se o compromisso do desafio em nome da CONSOLIDA\u00c7\u00c3O SUSTENT\u00c1VEL da institui\u00e7\u00e3o maior da PROV\u00cdNCIA&#8230;<\/p>\n<p>Ainda, QUEM SOBREVIVER VAI SABER&#8230;<\/p>\n<p><em>__________________________________<\/em><\/p>\n<p><em>(*) Jornalista diplomado.<\/em><\/p>\n<p><em>e-mail: <\/em><a href=\"mailto:barbosa.sebar@gmail.com\"><em>barbosa.sebar@gmail.com<\/em><\/a><\/p>\n","protected":false},"excerpt":{"rendered":"<p>&nbsp; \u201cE o fumo do seu tormento sobe para todo o sempre; e n\u00e3o tem repouso nem de dia nem de noite os que adoram a besta e a sua imagem, e aquele que receber o sinal do seu nome\u201d (Apocalipse). &nbsp; \u00a0 S\u00e9rgio Barbosa (*) &nbsp; &nbsp; Como sempre, as esquinas provincianas com suas [&hellip;]<\/p>\n","protected":false},"author":13,"featured_media":51988,"comment_status":"closed","ping_status":"open","sticky":false,"template":"","format":"standard","meta":{"_acf_changed":false,"_exactmetrics_skip_tracking":false,"_exactmetrics_sitenote_active":false,"_exactmetrics_sitenote_note":"","_exactmetrics_sitenote_category":0,"footnotes":""},"categories":[59],"tags":[],"class_list":["post-68723","post","type-post","status-publish","format-standard","has-post-thumbnail","hentry","category-opiniao"],"acf":[],"yoast_head":"<!-- This site is optimized with the Yoast SEO plugin v27.2 - https:\/\/yoast.com\/product\/yoast-seo-wordpress\/ -->\n<title>PROV\u00cdNCIA, \u201cASPONES\u201d E SENSO COMUM... - R\u00e1dio Life FM<\/title>\n<meta name=\"robots\" content=\"index, follow, max-snippet:-1, max-image-preview:large, max-video-preview:-1\" \/>\n<link rel=\"canonical\" href=\"https:\/\/radiolifefm.com.br\/noticias\/provincia-aspones-e-senso-comum\/\" \/>\n<meta property=\"og:locale\" content=\"pt_BR\" \/>\n<meta property=\"og:type\" content=\"article\" \/>\n<meta property=\"og:title\" content=\"PROV\u00cdNCIA, \u201cASPONES\u201d E SENSO COMUM... - R\u00e1dio Life FM\" \/>\n<meta property=\"og:description\" content=\"&nbsp; \u201cE o fumo do seu tormento sobe para todo o sempre; e n\u00e3o tem repouso nem de dia nem de noite os que adoram a besta e a sua imagem, e aquele que receber o sinal do seu nome\u201d (Apocalipse). &nbsp; \u00a0 S\u00e9rgio Barbosa (*) &nbsp; &nbsp; Como sempre, as esquinas provincianas com suas [&hellip;]\" \/>\n<meta property=\"og:url\" content=\"https:\/\/radiolifefm.com.br\/noticias\/provincia-aspones-e-senso-comum\/\" \/>\n<meta property=\"og:site_name\" content=\"R\u00e1dio Life FM\" \/>\n<meta property=\"article:publisher\" content=\"https:\/\/www.facebook.com\/radiolifefm\/\" \/>\n<meta property=\"article:published_time\" content=\"2023-04-21T22:26:26+00:00\" \/>\n<meta property=\"article:modified_time\" content=\"2025-11-27T23:37:31+00:00\" \/>\n<meta property=\"og:image\" content=\"https:\/\/radiolifefm.com.br\/noticias\/wp-content\/uploads\/2022\/04\/WhatsApp-Image-2022-04-10-at-18.43.02.jpeg\" \/>\n\t<meta property=\"og:image:width\" content=\"972\" \/>\n\t<meta property=\"og:image:height\" content=\"1296\" \/>\n\t<meta property=\"og:image:type\" content=\"image\/jpeg\" \/>\n<meta name=\"author\" content=\"ritanery\" \/>\n<meta name=\"twitter:card\" content=\"summary_large_image\" \/>\n<meta name=\"twitter:label1\" content=\"Escrito por\" \/>\n\t<meta name=\"twitter:data1\" content=\"ritanery\" \/>\n\t<meta name=\"twitter:label2\" content=\"Est. tempo de leitura\" \/>\n\t<meta name=\"twitter:data2\" content=\"4 minutos\" \/>\n<script type=\"application\/ld+json\" class=\"yoast-schema-graph\">{\"@context\":\"https:\/\/schema.org\",\"@graph\":[{\"@type\":\"Article\",\"@id\":\"https:\/\/radiolifefm.com.br\/noticias\/provincia-aspones-e-senso-comum\/#article\",\"isPartOf\":{\"@id\":\"https:\/\/radiolifefm.com.br\/noticias\/provincia-aspones-e-senso-comum\/\"},\"author\":{\"name\":\"ritanery\",\"@id\":\"https:\/\/radiolifefm.com.br\/noticias\/#\/schema\/person\/6339b9fac59d12b071dec680d7375d87\"},\"headline\":\"PROV\u00cdNCIA, \u201cASPONES\u201d E SENSO COMUM&#8230;\",\"datePublished\":\"2023-04-21T22:26:26+00:00\",\"dateModified\":\"2025-11-27T23:37:31+00:00\",\"mainEntityOfPage\":{\"@id\":\"https:\/\/radiolifefm.com.br\/noticias\/provincia-aspones-e-senso-comum\/\"},\"wordCount\":631,\"publisher\":{\"@id\":\"https:\/\/radiolifefm.com.br\/noticias\/#organization\"},\"image\":{\"@id\":\"https:\/\/radiolifefm.com.br\/noticias\/provincia-aspones-e-senso-comum\/#primaryimage\"},\"thumbnailUrl\":\"https:\/\/radiolifefm.com.br\/noticias\/wp-content\/uploads\/2022\/04\/WhatsApp-Image-2022-04-10-at-18.43.02.jpeg\",\"articleSection\":[\"Opini\u00e3o\"],\"inLanguage\":\"pt-BR\"},{\"@type\":\"WebPage\",\"@id\":\"https:\/\/radiolifefm.com.br\/noticias\/provincia-aspones-e-senso-comum\/\",\"url\":\"https:\/\/radiolifefm.com.br\/noticias\/provincia-aspones-e-senso-comum\/\",\"name\":\"PROV\u00cdNCIA, \u201cASPONES\u201d E SENSO COMUM... - R\u00e1dio Life FM\",\"isPartOf\":{\"@id\":\"https:\/\/radiolifefm.com.br\/noticias\/#website\"},\"primaryImageOfPage\":{\"@id\":\"https:\/\/radiolifefm.com.br\/noticias\/provincia-aspones-e-senso-comum\/#primaryimage\"},\"image\":{\"@id\":\"https:\/\/radiolifefm.com.br\/noticias\/provincia-aspones-e-senso-comum\/#primaryimage\"},\"thumbnailUrl\":\"https:\/\/radiolifefm.com.br\/noticias\/wp-content\/uploads\/2022\/04\/WhatsApp-Image-2022-04-10-at-18.43.02.jpeg\",\"datePublished\":\"2023-04-21T22:26:26+00:00\",\"dateModified\":\"2025-11-27T23:37:31+00:00\",\"breadcrumb\":{\"@id\":\"https:\/\/radiolifefm.com.br\/noticias\/provincia-aspones-e-senso-comum\/#breadcrumb\"},\"inLanguage\":\"pt-BR\",\"potentialAction\":[{\"@type\":\"ReadAction\",\"target\":[\"https:\/\/radiolifefm.com.br\/noticias\/provincia-aspones-e-senso-comum\/\"]}]},{\"@type\":\"ImageObject\",\"inLanguage\":\"pt-BR\",\"@id\":\"https:\/\/radiolifefm.com.br\/noticias\/provincia-aspones-e-senso-comum\/#primaryimage\",\"url\":\"https:\/\/radiolifefm.com.br\/noticias\/wp-content\/uploads\/2022\/04\/WhatsApp-Image-2022-04-10-at-18.43.02.jpeg\",\"contentUrl\":\"https:\/\/radiolifefm.com.br\/noticias\/wp-content\/uploads\/2022\/04\/WhatsApp-Image-2022-04-10-at-18.43.02.jpeg\",\"width\":972,\"height\":1296,\"caption\":\"S\u00e9rgio Barbosa\"},{\"@type\":\"BreadcrumbList\",\"@id\":\"https:\/\/radiolifefm.com.br\/noticias\/provincia-aspones-e-senso-comum\/#breadcrumb\",\"itemListElement\":[{\"@type\":\"ListItem\",\"position\":1,\"name\":\"In\u00edcio\",\"item\":\"https:\/\/radiolifefm.com.br\/noticias\/\"},{\"@type\":\"ListItem\",\"position\":2,\"name\":\"PROV\u00cdNCIA, \u201cASPONES\u201d E SENSO COMUM&#8230;\"}]},{\"@type\":\"WebSite\",\"@id\":\"https:\/\/radiolifefm.com.br\/noticias\/#website\",\"url\":\"https:\/\/radiolifefm.com.br\/noticias\/\",\"name\":\"R\u00e1dio Life FM\",\"description\":\"O Portal de Not\u00edcias de Adamantina\",\"publisher\":{\"@id\":\"https:\/\/radiolifefm.com.br\/noticias\/#organization\"},\"alternateName\":\"Life FM\",\"potentialAction\":[{\"@type\":\"SearchAction\",\"target\":{\"@type\":\"EntryPoint\",\"urlTemplate\":\"https:\/\/radiolifefm.com.br\/noticias\/?s={search_term_string}\"},\"query-input\":{\"@type\":\"PropertyValueSpecification\",\"valueRequired\":true,\"valueName\":\"search_term_string\"}}],\"inLanguage\":\"pt-BR\"},{\"@type\":\"Organization\",\"@id\":\"https:\/\/radiolifefm.com.br\/noticias\/#organization\",\"name\":\"R\u00e1dio Life FM\",\"alternateName\":\"Life FM\",\"url\":\"https:\/\/radiolifefm.com.br\/noticias\/\",\"logo\":{\"@type\":\"ImageObject\",\"inLanguage\":\"pt-BR\",\"@id\":\"https:\/\/radiolifefm.com.br\/noticias\/#\/schema\/logo\/image\/\",\"url\":\"https:\/\/static.radiolifefm.com.br\/noticias\/wp-content\/uploads\/2019\/10\/logo-lifefm.png\",\"contentUrl\":\"https:\/\/static.radiolifefm.com.br\/noticias\/wp-content\/uploads\/2019\/10\/logo-lifefm.png\",\"width\":196,\"height\":47,\"caption\":\"R\u00e1dio Life FM\"},\"image\":{\"@id\":\"https:\/\/radiolifefm.com.br\/noticias\/#\/schema\/logo\/image\/\"},\"sameAs\":[\"https:\/\/www.facebook.com\/radiolifefm\/\",\"https:\/\/www.instagram.com\/life1079fm\/\"]},{\"@type\":\"Person\",\"@id\":\"https:\/\/radiolifefm.com.br\/noticias\/#\/schema\/person\/6339b9fac59d12b071dec680d7375d87\",\"name\":\"ritanery\",\"image\":{\"@type\":\"ImageObject\",\"inLanguage\":\"pt-BR\",\"@id\":\"https:\/\/secure.gravatar.com\/avatar\/0e37bb19071f47c0b8a23f62a903df117c5a0e75f65a0c2901562f97cd41cf86?s=96&d=mm&r=g\",\"url\":\"https:\/\/secure.gravatar.com\/avatar\/0e37bb19071f47c0b8a23f62a903df117c5a0e75f65a0c2901562f97cd41cf86?s=96&d=mm&r=g\",\"contentUrl\":\"https:\/\/secure.gravatar.com\/avatar\/0e37bb19071f47c0b8a23f62a903df117c5a0e75f65a0c2901562f97cd41cf86?s=96&d=mm&r=g\",\"caption\":\"ritanery\"}}]}<\/script>\n<!-- \/ Yoast SEO plugin. -->","yoast_head_json":{"title":"PROV\u00cdNCIA, \u201cASPONES\u201d E SENSO COMUM... - R\u00e1dio Life FM","robots":{"index":"index","follow":"follow","max-snippet":"max-snippet:-1","max-image-preview":"max-image-preview:large","max-video-preview":"max-video-preview:-1"},"canonical":"https:\/\/radiolifefm.com.br\/noticias\/provincia-aspones-e-senso-comum\/","og_locale":"pt_BR","og_type":"article","og_title":"PROV\u00cdNCIA, \u201cASPONES\u201d E SENSO COMUM... - R\u00e1dio Life FM","og_description":"&nbsp; \u201cE o fumo do seu tormento sobe para todo o sempre; e n\u00e3o tem repouso nem de dia nem de noite os que adoram a besta e a sua imagem, e aquele que receber o sinal do seu nome\u201d (Apocalipse). &nbsp; \u00a0 S\u00e9rgio Barbosa (*) &nbsp; &nbsp; Como sempre, as esquinas provincianas com suas [&hellip;]","og_url":"https:\/\/radiolifefm.com.br\/noticias\/provincia-aspones-e-senso-comum\/","og_site_name":"R\u00e1dio Life FM","article_publisher":"https:\/\/www.facebook.com\/radiolifefm\/","article_published_time":"2023-04-21T22:26:26+00:00","article_modified_time":"2025-11-27T23:37:31+00:00","og_image":[{"width":972,"height":1296,"url":"https:\/\/radiolifefm.com.br\/noticias\/wp-content\/uploads\/2022\/04\/WhatsApp-Image-2022-04-10-at-18.43.02.jpeg","type":"image\/jpeg"}],"author":"ritanery","twitter_card":"summary_large_image","twitter_misc":{"Escrito por":"ritanery","Est. tempo de leitura":"4 minutos"},"schema":{"@context":"https:\/\/schema.org","@graph":[{"@type":"Article","@id":"https:\/\/radiolifefm.com.br\/noticias\/provincia-aspones-e-senso-comum\/#article","isPartOf":{"@id":"https:\/\/radiolifefm.com.br\/noticias\/provincia-aspones-e-senso-comum\/"},"author":{"name":"ritanery","@id":"https:\/\/radiolifefm.com.br\/noticias\/#\/schema\/person\/6339b9fac59d12b071dec680d7375d87"},"headline":"PROV\u00cdNCIA, \u201cASPONES\u201d E SENSO COMUM&#8230;","datePublished":"2023-04-21T22:26:26+00:00","dateModified":"2025-11-27T23:37:31+00:00","mainEntityOfPage":{"@id":"https:\/\/radiolifefm.com.br\/noticias\/provincia-aspones-e-senso-comum\/"},"wordCount":631,"publisher":{"@id":"https:\/\/radiolifefm.com.br\/noticias\/#organization"},"image":{"@id":"https:\/\/radiolifefm.com.br\/noticias\/provincia-aspones-e-senso-comum\/#primaryimage"},"thumbnailUrl":"https:\/\/radiolifefm.com.br\/noticias\/wp-content\/uploads\/2022\/04\/WhatsApp-Image-2022-04-10-at-18.43.02.jpeg","articleSection":["Opini\u00e3o"],"inLanguage":"pt-BR"},{"@type":"WebPage","@id":"https:\/\/radiolifefm.com.br\/noticias\/provincia-aspones-e-senso-comum\/","url":"https:\/\/radiolifefm.com.br\/noticias\/provincia-aspones-e-senso-comum\/","name":"PROV\u00cdNCIA, \u201cASPONES\u201d E SENSO COMUM... - R\u00e1dio Life FM","isPartOf":{"@id":"https:\/\/radiolifefm.com.br\/noticias\/#website"},"primaryImageOfPage":{"@id":"https:\/\/radiolifefm.com.br\/noticias\/provincia-aspones-e-senso-comum\/#primaryimage"},"image":{"@id":"https:\/\/radiolifefm.com.br\/noticias\/provincia-aspones-e-senso-comum\/#primaryimage"},"thumbnailUrl":"https:\/\/radiolifefm.com.br\/noticias\/wp-content\/uploads\/2022\/04\/WhatsApp-Image-2022-04-10-at-18.43.02.jpeg","datePublished":"2023-04-21T22:26:26+00:00","dateModified":"2025-11-27T23:37:31+00:00","breadcrumb":{"@id":"https:\/\/radiolifefm.com.br\/noticias\/provincia-aspones-e-senso-comum\/#breadcrumb"},"inLanguage":"pt-BR","potentialAction":[{"@type":"ReadAction","target":["https:\/\/radiolifefm.com.br\/noticias\/provincia-aspones-e-senso-comum\/"]}]},{"@type":"ImageObject","inLanguage":"pt-BR","@id":"https:\/\/radiolifefm.com.br\/noticias\/provincia-aspones-e-senso-comum\/#primaryimage","url":"https:\/\/radiolifefm.com.br\/noticias\/wp-content\/uploads\/2022\/04\/WhatsApp-Image-2022-04-10-at-18.43.02.jpeg","contentUrl":"https:\/\/radiolifefm.com.br\/noticias\/wp-content\/uploads\/2022\/04\/WhatsApp-Image-2022-04-10-at-18.43.02.jpeg","width":972,"height":1296,"caption":"S\u00e9rgio Barbosa"},{"@type":"BreadcrumbList","@id":"https:\/\/radiolifefm.com.br\/noticias\/provincia-aspones-e-senso-comum\/#breadcrumb","itemListElement":[{"@type":"ListItem","position":1,"name":"In\u00edcio","item":"https:\/\/radiolifefm.com.br\/noticias\/"},{"@type":"ListItem","position":2,"name":"PROV\u00cdNCIA, \u201cASPONES\u201d E SENSO COMUM&#8230;"}]},{"@type":"WebSite","@id":"https:\/\/radiolifefm.com.br\/noticias\/#website","url":"https:\/\/radiolifefm.com.br\/noticias\/","name":"R\u00e1dio Life FM","description":"O Portal de Not\u00edcias de Adamantina","publisher":{"@id":"https:\/\/radiolifefm.com.br\/noticias\/#organization"},"alternateName":"Life FM","potentialAction":[{"@type":"SearchAction","target":{"@type":"EntryPoint","urlTemplate":"https:\/\/radiolifefm.com.br\/noticias\/?s={search_term_string}"},"query-input":{"@type":"PropertyValueSpecification","valueRequired":true,"valueName":"search_term_string"}}],"inLanguage":"pt-BR"},{"@type":"Organization","@id":"https:\/\/radiolifefm.com.br\/noticias\/#organization","name":"R\u00e1dio Life FM","alternateName":"Life FM","url":"https:\/\/radiolifefm.com.br\/noticias\/","logo":{"@type":"ImageObject","inLanguage":"pt-BR","@id":"https:\/\/radiolifefm.com.br\/noticias\/#\/schema\/logo\/image\/","url":"https:\/\/static.radiolifefm.com.br\/noticias\/wp-content\/uploads\/2019\/10\/logo-lifefm.png","contentUrl":"https:\/\/static.radiolifefm.com.br\/noticias\/wp-content\/uploads\/2019\/10\/logo-lifefm.png","width":196,"height":47,"caption":"R\u00e1dio Life FM"},"image":{"@id":"https:\/\/radiolifefm.com.br\/noticias\/#\/schema\/logo\/image\/"},"sameAs":["https:\/\/www.facebook.com\/radiolifefm\/","https:\/\/www.instagram.com\/life1079fm\/"]},{"@type":"Person","@id":"https:\/\/radiolifefm.com.br\/noticias\/#\/schema\/person\/6339b9fac59d12b071dec680d7375d87","name":"ritanery","image":{"@type":"ImageObject","inLanguage":"pt-BR","@id":"https:\/\/secure.gravatar.com\/avatar\/0e37bb19071f47c0b8a23f62a903df117c5a0e75f65a0c2901562f97cd41cf86?s=96&d=mm&r=g","url":"https:\/\/secure.gravatar.com\/avatar\/0e37bb19071f47c0b8a23f62a903df117c5a0e75f65a0c2901562f97cd41cf86?s=96&d=mm&r=g","contentUrl":"https:\/\/secure.gravatar.com\/avatar\/0e37bb19071f47c0b8a23f62a903df117c5a0e75f65a0c2901562f97cd41cf86?s=96&d=mm&r=g","caption":"ritanery"}}]}},"amp_enabled":true,"_links":{"self":[{"href":"https:\/\/radiolifefm.com.br\/noticias\/wp-json\/wp\/v2\/posts\/68723","targetHints":{"allow":["GET"]}}],"collection":[{"href":"https:\/\/radiolifefm.com.br\/noticias\/wp-json\/wp\/v2\/posts"}],"about":[{"href":"https:\/\/radiolifefm.com.br\/noticias\/wp-json\/wp\/v2\/types\/post"}],"author":[{"embeddable":true,"href":"https:\/\/radiolifefm.com.br\/noticias\/wp-json\/wp\/v2\/users\/13"}],"replies":[{"embeddable":true,"href":"https:\/\/radiolifefm.com.br\/noticias\/wp-json\/wp\/v2\/comments?post=68723"}],"version-history":[{"count":1,"href":"https:\/\/radiolifefm.com.br\/noticias\/wp-json\/wp\/v2\/posts\/68723\/revisions"}],"predecessor-version":[{"id":68724,"href":"https:\/\/radiolifefm.com.br\/noticias\/wp-json\/wp\/v2\/posts\/68723\/revisions\/68724"}],"wp:featuredmedia":[{"embeddable":true,"href":"https:\/\/radiolifefm.com.br\/noticias\/wp-json\/wp\/v2\/media\/51988"}],"wp:attachment":[{"href":"https:\/\/radiolifefm.com.br\/noticias\/wp-json\/wp\/v2\/media?parent=68723"}],"wp:term":[{"taxonomy":"category","embeddable":true,"href":"https:\/\/radiolifefm.com.br\/noticias\/wp-json\/wp\/v2\/categories?post=68723"},{"taxonomy":"post_tag","embeddable":true,"href":"https:\/\/radiolifefm.com.br\/noticias\/wp-json\/wp\/v2\/tags?post=68723"}],"curies":[{"name":"wp","href":"https:\/\/api.w.org\/{rel}","templated":true}]}}