{"id":68208,"date":"2023-04-12T08:37:32","date_gmt":"2023-04-12T11:37:32","guid":{"rendered":"https:\/\/radiolifefm.com.br\/noticias\/?p=68208"},"modified":"2026-04-04T09:52:07","modified_gmt":"2026-04-04T12:52:07","slug":"johnny-rivers-esteve-em-ourinhos-no-inicio-da-decada-de-70","status":"publish","type":"post","link":"https:\/\/radiolifefm.com.br\/noticias\/johnny-rivers-esteve-em-ourinhos-no-inicio-da-decada-de-70\/","title":{"rendered":"&#8220;Johnny Rivers&#8221; esteve em Ourinhos no in\u00edcio da d\u00e9cada de 70&#8230;"},"content":{"rendered":"<div id=\"fb-root\"><\/div>\n<p><strong><em>&#8220;Eu era feliz e n\u00e3o sabia&#8230;&#8221;<\/em><\/strong><\/p>\n<p><strong><em>\u201csomos todos \u00e1gua, de diferentes rios, por isso, \u00e9 t\u00e3o f\u00e1cil se encontrar&#8230;\u201d (John ono lennon)<\/em><\/strong><\/p>\n<p><strong><em>Ao Celso,dedico!<\/em><\/strong><\/p>\n<p><strong>S\u00e9rgio Barbosa (*)<\/strong><\/p>\n<p>Quando era adolescente em Ourinhos, isso na d\u00e9cada de 70, n\u00e3o sei ao certo, por\u00e9m, at\u00e9 onde estou lembrando aqui e ali, quem me apresentou o cantor pop norte-americano, JOHNNY RIVERS foi um amigo daquele velho tempo, o &#8220;Celso&#8221;, mais conhecido nas bocas como &#8220;Gordo&#8221;&#8230;<\/p>\n<p>Nesta tarde de domingo, ouvindo o som de Rivers, me vejo, ou melhor, vou em busca das minhas lembran\u00e7as daquele outro tempo e a imagina\u00e7\u00e3o traz de volta momentos que n\u00e3o v\u00e3o voltar nunca mais&#8230;<\/p>\n<p>Aquela &#8220;sonata&#8221; simples e que pra n\u00f3s trazia um som sensacional com as melodias de Johnny Rivers para muitas fantasias em um mundo adolescente e simples como era a vida da turma no in\u00edcio da d\u00e9cada de 70 em minha cidade natal, Ourinhos&#8230;<\/p>\n<p>Disse o pensador &#8220;que o tempo \u00e9 o senhor da raz\u00e3o&#8221;, portanto, vamos que vamos nos desencontrando com as recorda\u00e7\u00f5es deste velho tempo para que o passado possa ser mais de acordo com a realidade&#8230;<\/p>\n<p>Tamb\u00e9m, pode-se afirmar que as can\u00e7\u00f5es de Johnny Rivers era uma transi\u00e7\u00e3o entre o &#8220;blues&#8221; e o &#8220;pop&#8221;, por\u00e9m, prefiro ficar com a sensa\u00e7\u00e3o neste momento que deve prevalecer o &#8220;blues&#8221; para muitos desencontros entre o passado e o presente em busca do futuro que \u00e9 mediado pela incerteza deste novo tempo novo&#8230;<\/p>\n<p>N\u00e3o sei porque, mas, nestes \u00faltimos dias, ando pensando sobre o outro tempo sem deixar de estar neste novo tempo novo, mesmo assim, como disse o &#8220;analista de plant\u00e3o&#8221;, pode ser um sintoma da velhice que se aproxima, afinal de contas, estou para completar &#8220;58 anos&#8221;&#8230;<\/p>\n<p>Al\u00e9m do mais em meio ao tudo de menos deste novo tempo novo, as lembran\u00e7as fazem parte destes momentos vividos da melhor forma poss\u00edvel na d\u00e9cada de 70 em Ourinhos, quando, segundo este meu amigo, o &#8220;Celso\/Gordo&#8221;, tudo era poss\u00edvel para aqueles adolescentes&#8230;<\/p>\n<p>Mas, de um jeito ou de outro, aquele s\u00e9culo ficou para tr\u00e1s, alias, estamos em outro s\u00e9culo para que este olhar fique apenas restrito em lembran\u00e7as de um tempo que n\u00e3o existe mais&#8230;<\/p>\n<p>N\u00e3o sei quem disse, mas, como jornalista, posso deixar a &#8220;fonte&#8221; escondida nestes ocasos de muitos casos, ou seja, &#8220;o tempo \u00e9 cruel&#8221;, mesmo assim, cada qual pode aproveitar do seu jeito de ser e estar&#8230;<\/p>\n<p>As melodias de &#8220;Johnny Rivers&#8221; continuam aqui para trazer quase todas as lembran\u00e7as daquele velho tempo em Ourinhos, por\u00e9m, tais recorda\u00e7\u00f5es s\u00e3o mais do que necess\u00e1rias neste momento&#8230;<\/p>\n<p>Outra coisa, um outro amigo, deste novo tempo novo, disse em uma outra oportunidade &#8220;que o vinho \u00e9 o elixir da verdade&#8221;, como resolvi abrir uma garrafa neste domingo mais ou menos nublado, talvez, a\u00ed possa estar a resposta quanto as lembran\u00e7as de &#8220;Johnny Rivers, Celso\/Gordo, Ourinhos&#8230;&#8221;<\/p>\n<p><strong>___________________________________<\/strong><\/p>\n<p><strong>(*) Jornalista diplomado.<\/strong><\/p>\n<p><strong>e-mail: <\/strong><a href=\"mailto:barbosa.sebar@gmail.com\"><strong>barbosa.sebar@gmail.com<\/strong><\/a><\/p>\n<p><strong>. <\/strong><\/p>\n","protected":false},"excerpt":{"rendered":"<p>&#8220;Eu era feliz e n\u00e3o sabia&#8230;&#8221; \u201csomos todos \u00e1gua, de diferentes rios, por isso, \u00e9 t\u00e3o f\u00e1cil se encontrar&#8230;\u201d (John ono lennon) Ao Celso,dedico! S\u00e9rgio Barbosa (*) Quando era adolescente em Ourinhos, isso na d\u00e9cada de 70, n\u00e3o sei ao certo, por\u00e9m, at\u00e9 onde estou lembrando aqui e ali, quem me apresentou o cantor pop [&hellip;]<\/p>\n","protected":false},"author":13,"featured_media":51988,"comment_status":"closed","ping_status":"open","sticky":false,"template":"","format":"standard","meta":{"_acf_changed":false,"_exactmetrics_skip_tracking":false,"_exactmetrics_sitenote_active":false,"_exactmetrics_sitenote_note":"","_exactmetrics_sitenote_category":0,"footnotes":""},"categories":[59],"tags":[],"class_list":["post-68208","post","type-post","status-publish","format-standard","has-post-thumbnail","hentry","category-opiniao"],"acf":[],"yoast_head":"<!-- This site is optimized with the Yoast SEO plugin v27.2 - https:\/\/yoast.com\/product\/yoast-seo-wordpress\/ -->\n<title>&quot;Johnny Rivers&quot; esteve em Ourinhos no in\u00edcio da d\u00e9cada de 70... - R\u00e1dio Life FM<\/title>\n<meta name=\"robots\" content=\"index, follow, max-snippet:-1, max-image-preview:large, max-video-preview:-1\" \/>\n<link rel=\"canonical\" href=\"https:\/\/radiolifefm.com.br\/noticias\/johnny-rivers-esteve-em-ourinhos-no-inicio-da-decada-de-70\/\" \/>\n<meta property=\"og:locale\" content=\"pt_BR\" \/>\n<meta property=\"og:type\" content=\"article\" \/>\n<meta property=\"og:title\" content=\"&quot;Johnny Rivers&quot; esteve em Ourinhos no in\u00edcio da d\u00e9cada de 70... - R\u00e1dio Life FM\" \/>\n<meta property=\"og:description\" content=\"&#8220;Eu era feliz e n\u00e3o sabia&#8230;&#8221; \u201csomos todos \u00e1gua, de diferentes rios, por isso, \u00e9 t\u00e3o f\u00e1cil se encontrar&#8230;\u201d (John ono lennon) Ao Celso,dedico! S\u00e9rgio Barbosa (*) Quando era adolescente em Ourinhos, isso na d\u00e9cada de 70, n\u00e3o sei ao certo, por\u00e9m, at\u00e9 onde estou lembrando aqui e ali, quem me apresentou o cantor pop [&hellip;]\" \/>\n<meta property=\"og:url\" content=\"https:\/\/radiolifefm.com.br\/noticias\/johnny-rivers-esteve-em-ourinhos-no-inicio-da-decada-de-70\/\" \/>\n<meta property=\"og:site_name\" content=\"R\u00e1dio Life FM\" \/>\n<meta property=\"article:publisher\" content=\"https:\/\/www.facebook.com\/radiolifefm\/\" \/>\n<meta property=\"article:published_time\" content=\"2023-04-12T11:37:32+00:00\" \/>\n<meta property=\"article:modified_time\" content=\"2026-04-04T12:52:07+00:00\" \/>\n<meta property=\"og:image\" content=\"https:\/\/radiolifefm.com.br\/noticias\/wp-content\/uploads\/2022\/04\/WhatsApp-Image-2022-04-10-at-18.43.02.jpeg\" \/>\n\t<meta property=\"og:image:width\" content=\"972\" \/>\n\t<meta property=\"og:image:height\" content=\"1296\" \/>\n\t<meta property=\"og:image:type\" content=\"image\/jpeg\" \/>\n<meta name=\"author\" content=\"ritanery\" \/>\n<meta name=\"twitter:card\" content=\"summary_large_image\" \/>\n<meta name=\"twitter:label1\" content=\"Escrito por\" \/>\n\t<meta name=\"twitter:data1\" content=\"ritanery\" \/>\n\t<meta name=\"twitter:label2\" content=\"Est. tempo de leitura\" \/>\n\t<meta name=\"twitter:data2\" content=\"3 minutos\" \/>\n<script type=\"application\/ld+json\" class=\"yoast-schema-graph\">{\"@context\":\"https:\/\/schema.org\",\"@graph\":[{\"@type\":\"Article\",\"@id\":\"https:\/\/radiolifefm.com.br\/noticias\/johnny-rivers-esteve-em-ourinhos-no-inicio-da-decada-de-70\/#article\",\"isPartOf\":{\"@id\":\"https:\/\/radiolifefm.com.br\/noticias\/johnny-rivers-esteve-em-ourinhos-no-inicio-da-decada-de-70\/\"},\"author\":{\"name\":\"ritanery\",\"@id\":\"https:\/\/radiolifefm.com.br\/noticias\/#\/schema\/person\/6339b9fac59d12b071dec680d7375d87\"},\"headline\":\"&#8220;Johnny Rivers&#8221; esteve em Ourinhos no in\u00edcio da d\u00e9cada de 70&#8230;\",\"datePublished\":\"2023-04-12T11:37:32+00:00\",\"dateModified\":\"2026-04-04T12:52:07+00:00\",\"mainEntityOfPage\":{\"@id\":\"https:\/\/radiolifefm.com.br\/noticias\/johnny-rivers-esteve-em-ourinhos-no-inicio-da-decada-de-70\/\"},\"wordCount\":523,\"publisher\":{\"@id\":\"https:\/\/radiolifefm.com.br\/noticias\/#organization\"},\"image\":{\"@id\":\"https:\/\/radiolifefm.com.br\/noticias\/johnny-rivers-esteve-em-ourinhos-no-inicio-da-decada-de-70\/#primaryimage\"},\"thumbnailUrl\":\"https:\/\/radiolifefm.com.br\/noticias\/wp-content\/uploads\/2022\/04\/WhatsApp-Image-2022-04-10-at-18.43.02.jpeg\",\"articleSection\":[\"Opini\u00e3o\"],\"inLanguage\":\"pt-BR\"},{\"@type\":\"WebPage\",\"@id\":\"https:\/\/radiolifefm.com.br\/noticias\/johnny-rivers-esteve-em-ourinhos-no-inicio-da-decada-de-70\/\",\"url\":\"https:\/\/radiolifefm.com.br\/noticias\/johnny-rivers-esteve-em-ourinhos-no-inicio-da-decada-de-70\/\",\"name\":\"\\\"Johnny Rivers\\\" esteve em Ourinhos no in\u00edcio da d\u00e9cada de 70... - R\u00e1dio Life FM\",\"isPartOf\":{\"@id\":\"https:\/\/radiolifefm.com.br\/noticias\/#website\"},\"primaryImageOfPage\":{\"@id\":\"https:\/\/radiolifefm.com.br\/noticias\/johnny-rivers-esteve-em-ourinhos-no-inicio-da-decada-de-70\/#primaryimage\"},\"image\":{\"@id\":\"https:\/\/radiolifefm.com.br\/noticias\/johnny-rivers-esteve-em-ourinhos-no-inicio-da-decada-de-70\/#primaryimage\"},\"thumbnailUrl\":\"https:\/\/radiolifefm.com.br\/noticias\/wp-content\/uploads\/2022\/04\/WhatsApp-Image-2022-04-10-at-18.43.02.jpeg\",\"datePublished\":\"2023-04-12T11:37:32+00:00\",\"dateModified\":\"2026-04-04T12:52:07+00:00\",\"breadcrumb\":{\"@id\":\"https:\/\/radiolifefm.com.br\/noticias\/johnny-rivers-esteve-em-ourinhos-no-inicio-da-decada-de-70\/#breadcrumb\"},\"inLanguage\":\"pt-BR\",\"potentialAction\":[{\"@type\":\"ReadAction\",\"target\":[\"https:\/\/radiolifefm.com.br\/noticias\/johnny-rivers-esteve-em-ourinhos-no-inicio-da-decada-de-70\/\"]}]},{\"@type\":\"ImageObject\",\"inLanguage\":\"pt-BR\",\"@id\":\"https:\/\/radiolifefm.com.br\/noticias\/johnny-rivers-esteve-em-ourinhos-no-inicio-da-decada-de-70\/#primaryimage\",\"url\":\"https:\/\/radiolifefm.com.br\/noticias\/wp-content\/uploads\/2022\/04\/WhatsApp-Image-2022-04-10-at-18.43.02.jpeg\",\"contentUrl\":\"https:\/\/radiolifefm.com.br\/noticias\/wp-content\/uploads\/2022\/04\/WhatsApp-Image-2022-04-10-at-18.43.02.jpeg\",\"width\":972,\"height\":1296,\"caption\":\"S\u00e9rgio Barbosa\"},{\"@type\":\"BreadcrumbList\",\"@id\":\"https:\/\/radiolifefm.com.br\/noticias\/johnny-rivers-esteve-em-ourinhos-no-inicio-da-decada-de-70\/#breadcrumb\",\"itemListElement\":[{\"@type\":\"ListItem\",\"position\":1,\"name\":\"In\u00edcio\",\"item\":\"https:\/\/radiolifefm.com.br\/noticias\/\"},{\"@type\":\"ListItem\",\"position\":2,\"name\":\"&#8220;Johnny Rivers&#8221; esteve em Ourinhos no in\u00edcio da d\u00e9cada de 70&#8230;\"}]},{\"@type\":\"WebSite\",\"@id\":\"https:\/\/radiolifefm.com.br\/noticias\/#website\",\"url\":\"https:\/\/radiolifefm.com.br\/noticias\/\",\"name\":\"R\u00e1dio Life FM\",\"description\":\"O Portal de Not\u00edcias de Adamantina\",\"publisher\":{\"@id\":\"https:\/\/radiolifefm.com.br\/noticias\/#organization\"},\"alternateName\":\"Life FM\",\"potentialAction\":[{\"@type\":\"SearchAction\",\"target\":{\"@type\":\"EntryPoint\",\"urlTemplate\":\"https:\/\/radiolifefm.com.br\/noticias\/?s={search_term_string}\"},\"query-input\":{\"@type\":\"PropertyValueSpecification\",\"valueRequired\":true,\"valueName\":\"search_term_string\"}}],\"inLanguage\":\"pt-BR\"},{\"@type\":\"Organization\",\"@id\":\"https:\/\/radiolifefm.com.br\/noticias\/#organization\",\"name\":\"R\u00e1dio Life FM\",\"alternateName\":\"Life FM\",\"url\":\"https:\/\/radiolifefm.com.br\/noticias\/\",\"logo\":{\"@type\":\"ImageObject\",\"inLanguage\":\"pt-BR\",\"@id\":\"https:\/\/radiolifefm.com.br\/noticias\/#\/schema\/logo\/image\/\",\"url\":\"https:\/\/static.radiolifefm.com.br\/noticias\/wp-content\/uploads\/2019\/10\/logo-lifefm.png\",\"contentUrl\":\"https:\/\/static.radiolifefm.com.br\/noticias\/wp-content\/uploads\/2019\/10\/logo-lifefm.png\",\"width\":196,\"height\":47,\"caption\":\"R\u00e1dio Life FM\"},\"image\":{\"@id\":\"https:\/\/radiolifefm.com.br\/noticias\/#\/schema\/logo\/image\/\"},\"sameAs\":[\"https:\/\/www.facebook.com\/radiolifefm\/\",\"https:\/\/www.instagram.com\/life1079fm\/\"]},{\"@type\":\"Person\",\"@id\":\"https:\/\/radiolifefm.com.br\/noticias\/#\/schema\/person\/6339b9fac59d12b071dec680d7375d87\",\"name\":\"ritanery\",\"image\":{\"@type\":\"ImageObject\",\"inLanguage\":\"pt-BR\",\"@id\":\"https:\/\/secure.gravatar.com\/avatar\/0e37bb19071f47c0b8a23f62a903df117c5a0e75f65a0c2901562f97cd41cf86?s=96&d=mm&r=g\",\"url\":\"https:\/\/secure.gravatar.com\/avatar\/0e37bb19071f47c0b8a23f62a903df117c5a0e75f65a0c2901562f97cd41cf86?s=96&d=mm&r=g\",\"contentUrl\":\"https:\/\/secure.gravatar.com\/avatar\/0e37bb19071f47c0b8a23f62a903df117c5a0e75f65a0c2901562f97cd41cf86?s=96&d=mm&r=g\",\"caption\":\"ritanery\"}}]}<\/script>\n<!-- \/ Yoast SEO plugin. -->","yoast_head_json":{"title":"\"Johnny Rivers\" esteve em Ourinhos no in\u00edcio da d\u00e9cada de 70... - R\u00e1dio Life FM","robots":{"index":"index","follow":"follow","max-snippet":"max-snippet:-1","max-image-preview":"max-image-preview:large","max-video-preview":"max-video-preview:-1"},"canonical":"https:\/\/radiolifefm.com.br\/noticias\/johnny-rivers-esteve-em-ourinhos-no-inicio-da-decada-de-70\/","og_locale":"pt_BR","og_type":"article","og_title":"\"Johnny Rivers\" esteve em Ourinhos no in\u00edcio da d\u00e9cada de 70... - R\u00e1dio Life FM","og_description":"&#8220;Eu era feliz e n\u00e3o sabia&#8230;&#8221; \u201csomos todos \u00e1gua, de diferentes rios, por isso, \u00e9 t\u00e3o f\u00e1cil se encontrar&#8230;\u201d (John ono lennon) Ao Celso,dedico! S\u00e9rgio Barbosa (*) Quando era adolescente em Ourinhos, isso na d\u00e9cada de 70, n\u00e3o sei ao certo, por\u00e9m, at\u00e9 onde estou lembrando aqui e ali, quem me apresentou o cantor pop [&hellip;]","og_url":"https:\/\/radiolifefm.com.br\/noticias\/johnny-rivers-esteve-em-ourinhos-no-inicio-da-decada-de-70\/","og_site_name":"R\u00e1dio Life FM","article_publisher":"https:\/\/www.facebook.com\/radiolifefm\/","article_published_time":"2023-04-12T11:37:32+00:00","article_modified_time":"2026-04-04T12:52:07+00:00","og_image":[{"width":972,"height":1296,"url":"https:\/\/radiolifefm.com.br\/noticias\/wp-content\/uploads\/2022\/04\/WhatsApp-Image-2022-04-10-at-18.43.02.jpeg","type":"image\/jpeg"}],"author":"ritanery","twitter_card":"summary_large_image","twitter_misc":{"Escrito por":"ritanery","Est. tempo de leitura":"3 minutos"},"schema":{"@context":"https:\/\/schema.org","@graph":[{"@type":"Article","@id":"https:\/\/radiolifefm.com.br\/noticias\/johnny-rivers-esteve-em-ourinhos-no-inicio-da-decada-de-70\/#article","isPartOf":{"@id":"https:\/\/radiolifefm.com.br\/noticias\/johnny-rivers-esteve-em-ourinhos-no-inicio-da-decada-de-70\/"},"author":{"name":"ritanery","@id":"https:\/\/radiolifefm.com.br\/noticias\/#\/schema\/person\/6339b9fac59d12b071dec680d7375d87"},"headline":"&#8220;Johnny Rivers&#8221; esteve em Ourinhos no in\u00edcio da d\u00e9cada de 70&#8230;","datePublished":"2023-04-12T11:37:32+00:00","dateModified":"2026-04-04T12:52:07+00:00","mainEntityOfPage":{"@id":"https:\/\/radiolifefm.com.br\/noticias\/johnny-rivers-esteve-em-ourinhos-no-inicio-da-decada-de-70\/"},"wordCount":523,"publisher":{"@id":"https:\/\/radiolifefm.com.br\/noticias\/#organization"},"image":{"@id":"https:\/\/radiolifefm.com.br\/noticias\/johnny-rivers-esteve-em-ourinhos-no-inicio-da-decada-de-70\/#primaryimage"},"thumbnailUrl":"https:\/\/radiolifefm.com.br\/noticias\/wp-content\/uploads\/2022\/04\/WhatsApp-Image-2022-04-10-at-18.43.02.jpeg","articleSection":["Opini\u00e3o"],"inLanguage":"pt-BR"},{"@type":"WebPage","@id":"https:\/\/radiolifefm.com.br\/noticias\/johnny-rivers-esteve-em-ourinhos-no-inicio-da-decada-de-70\/","url":"https:\/\/radiolifefm.com.br\/noticias\/johnny-rivers-esteve-em-ourinhos-no-inicio-da-decada-de-70\/","name":"\"Johnny Rivers\" esteve em Ourinhos no in\u00edcio da d\u00e9cada de 70... - R\u00e1dio Life FM","isPartOf":{"@id":"https:\/\/radiolifefm.com.br\/noticias\/#website"},"primaryImageOfPage":{"@id":"https:\/\/radiolifefm.com.br\/noticias\/johnny-rivers-esteve-em-ourinhos-no-inicio-da-decada-de-70\/#primaryimage"},"image":{"@id":"https:\/\/radiolifefm.com.br\/noticias\/johnny-rivers-esteve-em-ourinhos-no-inicio-da-decada-de-70\/#primaryimage"},"thumbnailUrl":"https:\/\/radiolifefm.com.br\/noticias\/wp-content\/uploads\/2022\/04\/WhatsApp-Image-2022-04-10-at-18.43.02.jpeg","datePublished":"2023-04-12T11:37:32+00:00","dateModified":"2026-04-04T12:52:07+00:00","breadcrumb":{"@id":"https:\/\/radiolifefm.com.br\/noticias\/johnny-rivers-esteve-em-ourinhos-no-inicio-da-decada-de-70\/#breadcrumb"},"inLanguage":"pt-BR","potentialAction":[{"@type":"ReadAction","target":["https:\/\/radiolifefm.com.br\/noticias\/johnny-rivers-esteve-em-ourinhos-no-inicio-da-decada-de-70\/"]}]},{"@type":"ImageObject","inLanguage":"pt-BR","@id":"https:\/\/radiolifefm.com.br\/noticias\/johnny-rivers-esteve-em-ourinhos-no-inicio-da-decada-de-70\/#primaryimage","url":"https:\/\/radiolifefm.com.br\/noticias\/wp-content\/uploads\/2022\/04\/WhatsApp-Image-2022-04-10-at-18.43.02.jpeg","contentUrl":"https:\/\/radiolifefm.com.br\/noticias\/wp-content\/uploads\/2022\/04\/WhatsApp-Image-2022-04-10-at-18.43.02.jpeg","width":972,"height":1296,"caption":"S\u00e9rgio Barbosa"},{"@type":"BreadcrumbList","@id":"https:\/\/radiolifefm.com.br\/noticias\/johnny-rivers-esteve-em-ourinhos-no-inicio-da-decada-de-70\/#breadcrumb","itemListElement":[{"@type":"ListItem","position":1,"name":"In\u00edcio","item":"https:\/\/radiolifefm.com.br\/noticias\/"},{"@type":"ListItem","position":2,"name":"&#8220;Johnny Rivers&#8221; esteve em Ourinhos no in\u00edcio da d\u00e9cada de 70&#8230;"}]},{"@type":"WebSite","@id":"https:\/\/radiolifefm.com.br\/noticias\/#website","url":"https:\/\/radiolifefm.com.br\/noticias\/","name":"R\u00e1dio Life FM","description":"O Portal de Not\u00edcias de Adamantina","publisher":{"@id":"https:\/\/radiolifefm.com.br\/noticias\/#organization"},"alternateName":"Life FM","potentialAction":[{"@type":"SearchAction","target":{"@type":"EntryPoint","urlTemplate":"https:\/\/radiolifefm.com.br\/noticias\/?s={search_term_string}"},"query-input":{"@type":"PropertyValueSpecification","valueRequired":true,"valueName":"search_term_string"}}],"inLanguage":"pt-BR"},{"@type":"Organization","@id":"https:\/\/radiolifefm.com.br\/noticias\/#organization","name":"R\u00e1dio Life FM","alternateName":"Life FM","url":"https:\/\/radiolifefm.com.br\/noticias\/","logo":{"@type":"ImageObject","inLanguage":"pt-BR","@id":"https:\/\/radiolifefm.com.br\/noticias\/#\/schema\/logo\/image\/","url":"https:\/\/static.radiolifefm.com.br\/noticias\/wp-content\/uploads\/2019\/10\/logo-lifefm.png","contentUrl":"https:\/\/static.radiolifefm.com.br\/noticias\/wp-content\/uploads\/2019\/10\/logo-lifefm.png","width":196,"height":47,"caption":"R\u00e1dio Life FM"},"image":{"@id":"https:\/\/radiolifefm.com.br\/noticias\/#\/schema\/logo\/image\/"},"sameAs":["https:\/\/www.facebook.com\/radiolifefm\/","https:\/\/www.instagram.com\/life1079fm\/"]},{"@type":"Person","@id":"https:\/\/radiolifefm.com.br\/noticias\/#\/schema\/person\/6339b9fac59d12b071dec680d7375d87","name":"ritanery","image":{"@type":"ImageObject","inLanguage":"pt-BR","@id":"https:\/\/secure.gravatar.com\/avatar\/0e37bb19071f47c0b8a23f62a903df117c5a0e75f65a0c2901562f97cd41cf86?s=96&d=mm&r=g","url":"https:\/\/secure.gravatar.com\/avatar\/0e37bb19071f47c0b8a23f62a903df117c5a0e75f65a0c2901562f97cd41cf86?s=96&d=mm&r=g","contentUrl":"https:\/\/secure.gravatar.com\/avatar\/0e37bb19071f47c0b8a23f62a903df117c5a0e75f65a0c2901562f97cd41cf86?s=96&d=mm&r=g","caption":"ritanery"}}]}},"amp_enabled":true,"_links":{"self":[{"href":"https:\/\/radiolifefm.com.br\/noticias\/wp-json\/wp\/v2\/posts\/68208","targetHints":{"allow":["GET"]}}],"collection":[{"href":"https:\/\/radiolifefm.com.br\/noticias\/wp-json\/wp\/v2\/posts"}],"about":[{"href":"https:\/\/radiolifefm.com.br\/noticias\/wp-json\/wp\/v2\/types\/post"}],"author":[{"embeddable":true,"href":"https:\/\/radiolifefm.com.br\/noticias\/wp-json\/wp\/v2\/users\/13"}],"replies":[{"embeddable":true,"href":"https:\/\/radiolifefm.com.br\/noticias\/wp-json\/wp\/v2\/comments?post=68208"}],"version-history":[{"count":1,"href":"https:\/\/radiolifefm.com.br\/noticias\/wp-json\/wp\/v2\/posts\/68208\/revisions"}],"predecessor-version":[{"id":68209,"href":"https:\/\/radiolifefm.com.br\/noticias\/wp-json\/wp\/v2\/posts\/68208\/revisions\/68209"}],"wp:featuredmedia":[{"embeddable":true,"href":"https:\/\/radiolifefm.com.br\/noticias\/wp-json\/wp\/v2\/media\/51988"}],"wp:attachment":[{"href":"https:\/\/radiolifefm.com.br\/noticias\/wp-json\/wp\/v2\/media?parent=68208"}],"wp:term":[{"taxonomy":"category","embeddable":true,"href":"https:\/\/radiolifefm.com.br\/noticias\/wp-json\/wp\/v2\/categories?post=68208"},{"taxonomy":"post_tag","embeddable":true,"href":"https:\/\/radiolifefm.com.br\/noticias\/wp-json\/wp\/v2\/tags?post=68208"}],"curies":[{"name":"wp","href":"https:\/\/api.w.org\/{rel}","templated":true}]}}