{"id":67875,"date":"2023-04-04T21:58:05","date_gmt":"2023-04-05T00:58:05","guid":{"rendered":"https:\/\/radiolifefm.com.br\/noticias\/?p=67875"},"modified":"2025-10-05T08:16:26","modified_gmt":"2025-10-05T11:16:26","slug":"secretaria-de-cultura-e-turismo-de-adamantina-divulga-agenda-cultural-do-mes-de-abril-2","status":"publish","type":"post","link":"https:\/\/radiolifefm.com.br\/noticias\/secretaria-de-cultura-e-turismo-de-adamantina-divulga-agenda-cultural-do-mes-de-abril-2\/","title":{"rendered":"Secretaria de Cultura e Turismo de Adamantina divulga agenda cultural do m\u00eas de Abril"},"content":{"rendered":"<div id=\"fb-root\"><\/div>\n<p style=\"font-weight: 400\">A Secretaria de Cultura e Turismo de Adamantina preparou uma agenda cultural ecl\u00e9tica para o m\u00eas de abril. A programa\u00e7\u00e3o traz apresenta\u00e7\u00f5es de rock, pe\u00e7a teatral, caravana cultural, feira e o domingo no parque.<\/p>\n<p style=\"font-weight: 400\">Abrindo a programa\u00e7\u00e3o cultural, ser\u00e1 realizada na sexta-feira, 14 de abril, na Pra\u00e7a \u00c9lio Micheloni, o Rock na Pra\u00e7a com Special Queen, banda que vem da capital paulista para fazer uma apresenta\u00e7\u00e3o e mais as bandas 8 ou 80 e Drop the Bomb da cidade.<\/p>\n<p style=\"font-weight: 400\">J\u00e1 no dia 20, a Caravana Cultural ser\u00e1 realizada na Cl\u00ednica Pai Nosso Lar a partir das 13h30. A iniciativa consiste em mensalmente percorrer escolas e entidades do munic\u00edpio com o intuito de levar arte, cultura e cidadania, al\u00e9m de divulgar os projetos e as escolinhas culturais.<\/p>\n<p style=\"font-weight: 400\">Pelo terceiro m\u00eas consecutivo, o munic\u00edpio receber\u00e1 uma pe\u00e7a de teatro. \u201cCabo de Guerra\u201d com C\u00e9sar Ricco ser\u00e1 apresentada no dia 22 de abril a partir das 20h no Anfiteatro Fernando Paloni. Os convites ser\u00e3o disponibilizados de forma gratuita durante a semana na Biblioteca Municipal.<\/p>\n<p style=\"font-weight: 400\">No dia 28 de abril, a partir das 20h, a programa\u00e7\u00e3o foi pensada para aqueles que gostam da m\u00fasica sertaneja. Os convidados Carlinhos &amp; Dami\u00e3o far\u00e3o uma apresenta\u00e7\u00e3o em parceria com a Orquestra de Viola Caipira na Pra\u00e7a \u00c9lio Micheloni.<\/p>\n<p style=\"font-weight: 400\">No s\u00e1bado, 29 de abril, das 15h \u00e0s 21h, ser\u00e1 realizada a Feira Afro \u2013Tributo aos 40 anos da morte da cantora Clara Nunes na Casa Afro.<\/p>\n<p style=\"font-weight: 400\">Para encerrar o m\u00eas, ser\u00e1 realizada a 2\u00aa edi\u00e7\u00e3o do Domingo no Parque das 16h30 \u00e0s 21h com a\u00e7\u00f5es culturais, esportivas, sociais e de sa\u00fade e, ainda, shows com Todinho Circo Show, Big Band Adamantina e Beto Munhoz e M\u00fasicos.<\/p>\n<p>&nbsp;<\/p>\n<p>Fonte: Assessoria de Imprensa<\/p>\n","protected":false},"excerpt":{"rendered":"<p>A Secretaria de Cultura e Turismo de Adamantina preparou uma agenda cultural ecl\u00e9tica para o m\u00eas de abril. A programa\u00e7\u00e3o traz apresenta\u00e7\u00f5es de rock, pe\u00e7a teatral, caravana cultural, feira e o domingo no parque. Abrindo a programa\u00e7\u00e3o cultural, ser\u00e1 realizada na sexta-feira, 14 de abril, na Pra\u00e7a \u00c9lio Micheloni, o Rock na Pra\u00e7a com Special [&hellip;]<\/p>\n","protected":false},"author":13,"featured_media":67876,"comment_status":"closed","ping_status":"open","sticky":false,"template":"","format":"standard","meta":{"_acf_changed":false,"_exactmetrics_skip_tracking":false,"_exactmetrics_sitenote_active":false,"_exactmetrics_sitenote_note":"","_exactmetrics_sitenote_category":0,"footnotes":""},"categories":[21],"tags":[],"class_list":["post-67875","post","type-post","status-publish","format-standard","has-post-thumbnail","hentry","category-adamantina"],"acf":[],"yoast_head":"<!-- This site is optimized with the Yoast SEO plugin v27.2 - https:\/\/yoast.com\/product\/yoast-seo-wordpress\/ -->\n<title>Secretaria de Cultura e Turismo de Adamantina divulga agenda cultural do m\u00eas de Abril - R\u00e1dio Life FM<\/title>\n<meta name=\"robots\" content=\"index, follow, max-snippet:-1, max-image-preview:large, max-video-preview:-1\" \/>\n<link rel=\"canonical\" href=\"https:\/\/radiolifefm.com.br\/noticias\/secretaria-de-cultura-e-turismo-de-adamantina-divulga-agenda-cultural-do-mes-de-abril-2\/\" \/>\n<meta property=\"og:locale\" content=\"pt_BR\" \/>\n<meta property=\"og:type\" content=\"article\" \/>\n<meta property=\"og:title\" content=\"Secretaria de Cultura e Turismo de Adamantina divulga agenda cultural do m\u00eas de Abril - R\u00e1dio Life FM\" \/>\n<meta property=\"og:description\" content=\"A Secretaria de Cultura e Turismo de Adamantina preparou uma agenda cultural ecl\u00e9tica para o m\u00eas de abril. A programa\u00e7\u00e3o traz apresenta\u00e7\u00f5es de rock, pe\u00e7a teatral, caravana cultural, feira e o domingo no parque. Abrindo a programa\u00e7\u00e3o cultural, ser\u00e1 realizada na sexta-feira, 14 de abril, na Pra\u00e7a \u00c9lio Micheloni, o Rock na Pra\u00e7a com Special [&hellip;]\" \/>\n<meta property=\"og:url\" content=\"https:\/\/radiolifefm.com.br\/noticias\/secretaria-de-cultura-e-turismo-de-adamantina-divulga-agenda-cultural-do-mes-de-abril-2\/\" \/>\n<meta property=\"og:site_name\" content=\"R\u00e1dio Life FM\" \/>\n<meta property=\"article:publisher\" content=\"https:\/\/www.facebook.com\/radiolifefm\/\" \/>\n<meta property=\"article:published_time\" content=\"2023-04-05T00:58:05+00:00\" \/>\n<meta property=\"article:modified_time\" content=\"2025-10-05T11:16:26+00:00\" \/>\n<meta property=\"og:image\" content=\"https:\/\/static.radiolifefm.com.br\/noticias\/wp-content\/uploads\/2023\/04\/00951e3fc22ad739e720e781607cd431.jpg\" \/>\n\t<meta property=\"og:image:width\" content=\"800\" \/>\n\t<meta property=\"og:image:height\" content=\"800\" \/>\n\t<meta property=\"og:image:type\" content=\"image\/jpeg\" \/>\n<meta name=\"author\" content=\"ritanery\" \/>\n<meta name=\"twitter:card\" content=\"summary_large_image\" \/>\n<meta name=\"twitter:label1\" content=\"Escrito por\" \/>\n\t<meta name=\"twitter:data1\" content=\"ritanery\" \/>\n\t<meta name=\"twitter:label2\" content=\"Est. tempo de leitura\" \/>\n\t<meta name=\"twitter:data2\" content=\"2 minutos\" \/>\n<script type=\"application\/ld+json\" class=\"yoast-schema-graph\">{\"@context\":\"https:\/\/schema.org\",\"@graph\":[{\"@type\":\"Article\",\"@id\":\"https:\/\/radiolifefm.com.br\/noticias\/secretaria-de-cultura-e-turismo-de-adamantina-divulga-agenda-cultural-do-mes-de-abril-2\/#article\",\"isPartOf\":{\"@id\":\"https:\/\/radiolifefm.com.br\/noticias\/secretaria-de-cultura-e-turismo-de-adamantina-divulga-agenda-cultural-do-mes-de-abril-2\/\"},\"author\":{\"name\":\"ritanery\",\"@id\":\"https:\/\/radiolifefm.com.br\/noticias\/#\/schema\/person\/6339b9fac59d12b071dec680d7375d87\"},\"headline\":\"Secretaria de Cultura e Turismo de Adamantina divulga agenda cultural do m\u00eas de Abril\",\"datePublished\":\"2023-04-05T00:58:05+00:00\",\"dateModified\":\"2025-10-05T11:16:26+00:00\",\"mainEntityOfPage\":{\"@id\":\"https:\/\/radiolifefm.com.br\/noticias\/secretaria-de-cultura-e-turismo-de-adamantina-divulga-agenda-cultural-do-mes-de-abril-2\/\"},\"wordCount\":318,\"publisher\":{\"@id\":\"https:\/\/radiolifefm.com.br\/noticias\/#organization\"},\"image\":{\"@id\":\"https:\/\/radiolifefm.com.br\/noticias\/secretaria-de-cultura-e-turismo-de-adamantina-divulga-agenda-cultural-do-mes-de-abril-2\/#primaryimage\"},\"thumbnailUrl\":\"https:\/\/radiolifefm.com.br\/noticias\/wp-content\/uploads\/2023\/04\/00951e3fc22ad739e720e781607cd431.jpg\",\"articleSection\":[\"Adamantina\"],\"inLanguage\":\"pt-BR\"},{\"@type\":\"WebPage\",\"@id\":\"https:\/\/radiolifefm.com.br\/noticias\/secretaria-de-cultura-e-turismo-de-adamantina-divulga-agenda-cultural-do-mes-de-abril-2\/\",\"url\":\"https:\/\/radiolifefm.com.br\/noticias\/secretaria-de-cultura-e-turismo-de-adamantina-divulga-agenda-cultural-do-mes-de-abril-2\/\",\"name\":\"Secretaria de Cultura e Turismo de Adamantina divulga agenda cultural do m\u00eas de Abril - R\u00e1dio Life FM\",\"isPartOf\":{\"@id\":\"https:\/\/radiolifefm.com.br\/noticias\/#website\"},\"primaryImageOfPage\":{\"@id\":\"https:\/\/radiolifefm.com.br\/noticias\/secretaria-de-cultura-e-turismo-de-adamantina-divulga-agenda-cultural-do-mes-de-abril-2\/#primaryimage\"},\"image\":{\"@id\":\"https:\/\/radiolifefm.com.br\/noticias\/secretaria-de-cultura-e-turismo-de-adamantina-divulga-agenda-cultural-do-mes-de-abril-2\/#primaryimage\"},\"thumbnailUrl\":\"https:\/\/radiolifefm.com.br\/noticias\/wp-content\/uploads\/2023\/04\/00951e3fc22ad739e720e781607cd431.jpg\",\"datePublished\":\"2023-04-05T00:58:05+00:00\",\"dateModified\":\"2025-10-05T11:16:26+00:00\",\"breadcrumb\":{\"@id\":\"https:\/\/radiolifefm.com.br\/noticias\/secretaria-de-cultura-e-turismo-de-adamantina-divulga-agenda-cultural-do-mes-de-abril-2\/#breadcrumb\"},\"inLanguage\":\"pt-BR\",\"potentialAction\":[{\"@type\":\"ReadAction\",\"target\":[\"https:\/\/radiolifefm.com.br\/noticias\/secretaria-de-cultura-e-turismo-de-adamantina-divulga-agenda-cultural-do-mes-de-abril-2\/\"]}]},{\"@type\":\"ImageObject\",\"inLanguage\":\"pt-BR\",\"@id\":\"https:\/\/radiolifefm.com.br\/noticias\/secretaria-de-cultura-e-turismo-de-adamantina-divulga-agenda-cultural-do-mes-de-abril-2\/#primaryimage\",\"url\":\"https:\/\/radiolifefm.com.br\/noticias\/wp-content\/uploads\/2023\/04\/00951e3fc22ad739e720e781607cd431.jpg\",\"contentUrl\":\"https:\/\/radiolifefm.com.br\/noticias\/wp-content\/uploads\/2023\/04\/00951e3fc22ad739e720e781607cd431.jpg\",\"width\":800,\"height\":800,\"caption\":\"Programa\u00e7\u00e3o tem in\u00edcio no dia 14 de abril com Rock na Pra\u00e7a com a Special Queen\"},{\"@type\":\"BreadcrumbList\",\"@id\":\"https:\/\/radiolifefm.com.br\/noticias\/secretaria-de-cultura-e-turismo-de-adamantina-divulga-agenda-cultural-do-mes-de-abril-2\/#breadcrumb\",\"itemListElement\":[{\"@type\":\"ListItem\",\"position\":1,\"name\":\"In\u00edcio\",\"item\":\"https:\/\/radiolifefm.com.br\/noticias\/\"},{\"@type\":\"ListItem\",\"position\":2,\"name\":\"Secretaria de Cultura e Turismo de Adamantina divulga agenda cultural do m\u00eas de Abril\"}]},{\"@type\":\"WebSite\",\"@id\":\"https:\/\/radiolifefm.com.br\/noticias\/#website\",\"url\":\"https:\/\/radiolifefm.com.br\/noticias\/\",\"name\":\"R\u00e1dio Life FM\",\"description\":\"O Portal de Not\u00edcias de Adamantina\",\"publisher\":{\"@id\":\"https:\/\/radiolifefm.com.br\/noticias\/#organization\"},\"alternateName\":\"Life FM\",\"potentialAction\":[{\"@type\":\"SearchAction\",\"target\":{\"@type\":\"EntryPoint\",\"urlTemplate\":\"https:\/\/radiolifefm.com.br\/noticias\/?s={search_term_string}\"},\"query-input\":{\"@type\":\"PropertyValueSpecification\",\"valueRequired\":true,\"valueName\":\"search_term_string\"}}],\"inLanguage\":\"pt-BR\"},{\"@type\":\"Organization\",\"@id\":\"https:\/\/radiolifefm.com.br\/noticias\/#organization\",\"name\":\"R\u00e1dio Life FM\",\"alternateName\":\"Life FM\",\"url\":\"https:\/\/radiolifefm.com.br\/noticias\/\",\"logo\":{\"@type\":\"ImageObject\",\"inLanguage\":\"pt-BR\",\"@id\":\"https:\/\/radiolifefm.com.br\/noticias\/#\/schema\/logo\/image\/\",\"url\":\"https:\/\/static.radiolifefm.com.br\/noticias\/wp-content\/uploads\/2019\/10\/logo-lifefm.png\",\"contentUrl\":\"https:\/\/static.radiolifefm.com.br\/noticias\/wp-content\/uploads\/2019\/10\/logo-lifefm.png\",\"width\":196,\"height\":47,\"caption\":\"R\u00e1dio Life FM\"},\"image\":{\"@id\":\"https:\/\/radiolifefm.com.br\/noticias\/#\/schema\/logo\/image\/\"},\"sameAs\":[\"https:\/\/www.facebook.com\/radiolifefm\/\",\"https:\/\/www.instagram.com\/life1079fm\/\"]},{\"@type\":\"Person\",\"@id\":\"https:\/\/radiolifefm.com.br\/noticias\/#\/schema\/person\/6339b9fac59d12b071dec680d7375d87\",\"name\":\"ritanery\",\"image\":{\"@type\":\"ImageObject\",\"inLanguage\":\"pt-BR\",\"@id\":\"https:\/\/secure.gravatar.com\/avatar\/0e37bb19071f47c0b8a23f62a903df117c5a0e75f65a0c2901562f97cd41cf86?s=96&d=mm&r=g\",\"url\":\"https:\/\/secure.gravatar.com\/avatar\/0e37bb19071f47c0b8a23f62a903df117c5a0e75f65a0c2901562f97cd41cf86?s=96&d=mm&r=g\",\"contentUrl\":\"https:\/\/secure.gravatar.com\/avatar\/0e37bb19071f47c0b8a23f62a903df117c5a0e75f65a0c2901562f97cd41cf86?s=96&d=mm&r=g\",\"caption\":\"ritanery\"}}]}<\/script>\n<!-- \/ Yoast SEO plugin. -->","yoast_head_json":{"title":"Secretaria de Cultura e Turismo de Adamantina divulga agenda cultural do m\u00eas de Abril - R\u00e1dio Life FM","robots":{"index":"index","follow":"follow","max-snippet":"max-snippet:-1","max-image-preview":"max-image-preview:large","max-video-preview":"max-video-preview:-1"},"canonical":"https:\/\/radiolifefm.com.br\/noticias\/secretaria-de-cultura-e-turismo-de-adamantina-divulga-agenda-cultural-do-mes-de-abril-2\/","og_locale":"pt_BR","og_type":"article","og_title":"Secretaria de Cultura e Turismo de Adamantina divulga agenda cultural do m\u00eas de Abril - R\u00e1dio Life FM","og_description":"A Secretaria de Cultura e Turismo de Adamantina preparou uma agenda cultural ecl\u00e9tica para o m\u00eas de abril. A programa\u00e7\u00e3o traz apresenta\u00e7\u00f5es de rock, pe\u00e7a teatral, caravana cultural, feira e o domingo no parque. Abrindo a programa\u00e7\u00e3o cultural, ser\u00e1 realizada na sexta-feira, 14 de abril, na Pra\u00e7a \u00c9lio Micheloni, o Rock na Pra\u00e7a com Special [&hellip;]","og_url":"https:\/\/radiolifefm.com.br\/noticias\/secretaria-de-cultura-e-turismo-de-adamantina-divulga-agenda-cultural-do-mes-de-abril-2\/","og_site_name":"R\u00e1dio Life FM","article_publisher":"https:\/\/www.facebook.com\/radiolifefm\/","article_published_time":"2023-04-05T00:58:05+00:00","article_modified_time":"2025-10-05T11:16:26+00:00","og_image":[{"width":800,"height":800,"url":"https:\/\/static.radiolifefm.com.br\/noticias\/wp-content\/uploads\/2023\/04\/00951e3fc22ad739e720e781607cd431.jpg","type":"image\/jpeg"}],"author":"ritanery","twitter_card":"summary_large_image","twitter_misc":{"Escrito por":"ritanery","Est. tempo de leitura":"2 minutos"},"schema":{"@context":"https:\/\/schema.org","@graph":[{"@type":"Article","@id":"https:\/\/radiolifefm.com.br\/noticias\/secretaria-de-cultura-e-turismo-de-adamantina-divulga-agenda-cultural-do-mes-de-abril-2\/#article","isPartOf":{"@id":"https:\/\/radiolifefm.com.br\/noticias\/secretaria-de-cultura-e-turismo-de-adamantina-divulga-agenda-cultural-do-mes-de-abril-2\/"},"author":{"name":"ritanery","@id":"https:\/\/radiolifefm.com.br\/noticias\/#\/schema\/person\/6339b9fac59d12b071dec680d7375d87"},"headline":"Secretaria de Cultura e Turismo de Adamantina divulga agenda cultural do m\u00eas de Abril","datePublished":"2023-04-05T00:58:05+00:00","dateModified":"2025-10-05T11:16:26+00:00","mainEntityOfPage":{"@id":"https:\/\/radiolifefm.com.br\/noticias\/secretaria-de-cultura-e-turismo-de-adamantina-divulga-agenda-cultural-do-mes-de-abril-2\/"},"wordCount":318,"publisher":{"@id":"https:\/\/radiolifefm.com.br\/noticias\/#organization"},"image":{"@id":"https:\/\/radiolifefm.com.br\/noticias\/secretaria-de-cultura-e-turismo-de-adamantina-divulga-agenda-cultural-do-mes-de-abril-2\/#primaryimage"},"thumbnailUrl":"https:\/\/radiolifefm.com.br\/noticias\/wp-content\/uploads\/2023\/04\/00951e3fc22ad739e720e781607cd431.jpg","articleSection":["Adamantina"],"inLanguage":"pt-BR"},{"@type":"WebPage","@id":"https:\/\/radiolifefm.com.br\/noticias\/secretaria-de-cultura-e-turismo-de-adamantina-divulga-agenda-cultural-do-mes-de-abril-2\/","url":"https:\/\/radiolifefm.com.br\/noticias\/secretaria-de-cultura-e-turismo-de-adamantina-divulga-agenda-cultural-do-mes-de-abril-2\/","name":"Secretaria de Cultura e Turismo de Adamantina divulga agenda cultural do m\u00eas de Abril - R\u00e1dio Life FM","isPartOf":{"@id":"https:\/\/radiolifefm.com.br\/noticias\/#website"},"primaryImageOfPage":{"@id":"https:\/\/radiolifefm.com.br\/noticias\/secretaria-de-cultura-e-turismo-de-adamantina-divulga-agenda-cultural-do-mes-de-abril-2\/#primaryimage"},"image":{"@id":"https:\/\/radiolifefm.com.br\/noticias\/secretaria-de-cultura-e-turismo-de-adamantina-divulga-agenda-cultural-do-mes-de-abril-2\/#primaryimage"},"thumbnailUrl":"https:\/\/radiolifefm.com.br\/noticias\/wp-content\/uploads\/2023\/04\/00951e3fc22ad739e720e781607cd431.jpg","datePublished":"2023-04-05T00:58:05+00:00","dateModified":"2025-10-05T11:16:26+00:00","breadcrumb":{"@id":"https:\/\/radiolifefm.com.br\/noticias\/secretaria-de-cultura-e-turismo-de-adamantina-divulga-agenda-cultural-do-mes-de-abril-2\/#breadcrumb"},"inLanguage":"pt-BR","potentialAction":[{"@type":"ReadAction","target":["https:\/\/radiolifefm.com.br\/noticias\/secretaria-de-cultura-e-turismo-de-adamantina-divulga-agenda-cultural-do-mes-de-abril-2\/"]}]},{"@type":"ImageObject","inLanguage":"pt-BR","@id":"https:\/\/radiolifefm.com.br\/noticias\/secretaria-de-cultura-e-turismo-de-adamantina-divulga-agenda-cultural-do-mes-de-abril-2\/#primaryimage","url":"https:\/\/radiolifefm.com.br\/noticias\/wp-content\/uploads\/2023\/04\/00951e3fc22ad739e720e781607cd431.jpg","contentUrl":"https:\/\/radiolifefm.com.br\/noticias\/wp-content\/uploads\/2023\/04\/00951e3fc22ad739e720e781607cd431.jpg","width":800,"height":800,"caption":"Programa\u00e7\u00e3o tem in\u00edcio no dia 14 de abril com Rock na Pra\u00e7a com a Special Queen"},{"@type":"BreadcrumbList","@id":"https:\/\/radiolifefm.com.br\/noticias\/secretaria-de-cultura-e-turismo-de-adamantina-divulga-agenda-cultural-do-mes-de-abril-2\/#breadcrumb","itemListElement":[{"@type":"ListItem","position":1,"name":"In\u00edcio","item":"https:\/\/radiolifefm.com.br\/noticias\/"},{"@type":"ListItem","position":2,"name":"Secretaria de Cultura e Turismo de Adamantina divulga agenda cultural do m\u00eas de Abril"}]},{"@type":"WebSite","@id":"https:\/\/radiolifefm.com.br\/noticias\/#website","url":"https:\/\/radiolifefm.com.br\/noticias\/","name":"R\u00e1dio Life FM","description":"O Portal de Not\u00edcias de Adamantina","publisher":{"@id":"https:\/\/radiolifefm.com.br\/noticias\/#organization"},"alternateName":"Life FM","potentialAction":[{"@type":"SearchAction","target":{"@type":"EntryPoint","urlTemplate":"https:\/\/radiolifefm.com.br\/noticias\/?s={search_term_string}"},"query-input":{"@type":"PropertyValueSpecification","valueRequired":true,"valueName":"search_term_string"}}],"inLanguage":"pt-BR"},{"@type":"Organization","@id":"https:\/\/radiolifefm.com.br\/noticias\/#organization","name":"R\u00e1dio Life FM","alternateName":"Life FM","url":"https:\/\/radiolifefm.com.br\/noticias\/","logo":{"@type":"ImageObject","inLanguage":"pt-BR","@id":"https:\/\/radiolifefm.com.br\/noticias\/#\/schema\/logo\/image\/","url":"https:\/\/static.radiolifefm.com.br\/noticias\/wp-content\/uploads\/2019\/10\/logo-lifefm.png","contentUrl":"https:\/\/static.radiolifefm.com.br\/noticias\/wp-content\/uploads\/2019\/10\/logo-lifefm.png","width":196,"height":47,"caption":"R\u00e1dio Life FM"},"image":{"@id":"https:\/\/radiolifefm.com.br\/noticias\/#\/schema\/logo\/image\/"},"sameAs":["https:\/\/www.facebook.com\/radiolifefm\/","https:\/\/www.instagram.com\/life1079fm\/"]},{"@type":"Person","@id":"https:\/\/radiolifefm.com.br\/noticias\/#\/schema\/person\/6339b9fac59d12b071dec680d7375d87","name":"ritanery","image":{"@type":"ImageObject","inLanguage":"pt-BR","@id":"https:\/\/secure.gravatar.com\/avatar\/0e37bb19071f47c0b8a23f62a903df117c5a0e75f65a0c2901562f97cd41cf86?s=96&d=mm&r=g","url":"https:\/\/secure.gravatar.com\/avatar\/0e37bb19071f47c0b8a23f62a903df117c5a0e75f65a0c2901562f97cd41cf86?s=96&d=mm&r=g","contentUrl":"https:\/\/secure.gravatar.com\/avatar\/0e37bb19071f47c0b8a23f62a903df117c5a0e75f65a0c2901562f97cd41cf86?s=96&d=mm&r=g","caption":"ritanery"}}]}},"amp_enabled":true,"_links":{"self":[{"href":"https:\/\/radiolifefm.com.br\/noticias\/wp-json\/wp\/v2\/posts\/67875","targetHints":{"allow":["GET"]}}],"collection":[{"href":"https:\/\/radiolifefm.com.br\/noticias\/wp-json\/wp\/v2\/posts"}],"about":[{"href":"https:\/\/radiolifefm.com.br\/noticias\/wp-json\/wp\/v2\/types\/post"}],"author":[{"embeddable":true,"href":"https:\/\/radiolifefm.com.br\/noticias\/wp-json\/wp\/v2\/users\/13"}],"replies":[{"embeddable":true,"href":"https:\/\/radiolifefm.com.br\/noticias\/wp-json\/wp\/v2\/comments?post=67875"}],"version-history":[{"count":4,"href":"https:\/\/radiolifefm.com.br\/noticias\/wp-json\/wp\/v2\/posts\/67875\/revisions"}],"predecessor-version":[{"id":67880,"href":"https:\/\/radiolifefm.com.br\/noticias\/wp-json\/wp\/v2\/posts\/67875\/revisions\/67880"}],"wp:featuredmedia":[{"embeddable":true,"href":"https:\/\/radiolifefm.com.br\/noticias\/wp-json\/wp\/v2\/media\/67876"}],"wp:attachment":[{"href":"https:\/\/radiolifefm.com.br\/noticias\/wp-json\/wp\/v2\/media?parent=67875"}],"wp:term":[{"taxonomy":"category","embeddable":true,"href":"https:\/\/radiolifefm.com.br\/noticias\/wp-json\/wp\/v2\/categories?post=67875"},{"taxonomy":"post_tag","embeddable":true,"href":"https:\/\/radiolifefm.com.br\/noticias\/wp-json\/wp\/v2\/tags?post=67875"}],"curies":[{"name":"wp","href":"https:\/\/api.w.org\/{rel}","templated":true}]}}